{"id":128204,"date":"2026-05-01T16:44:53","date_gmt":"2026-05-01T19:44:53","guid":{"rendered":"https:\/\/regiaonews.net.br\/2022\/?p=128204"},"modified":"2026-05-01T16:44:53","modified_gmt":"2026-05-01T19:44:53","slug":"instituto-o-amor-abre-vaga-para-fonoaudiologo","status":"publish","type":"post","link":"https:\/\/regiaonews.net.br\/2022\/2026\/05\/01\/instituto-o-amor-abre-vaga-para-fonoaudiologo\/","title":{"rendered":"Instituto O Amor abre vaga para fonoaudi\u00f3logo"},"content":{"rendered":"<p>&nbsp;<\/p>\n<p>O Instituto O Amor, refer\u00eancia no atendimento e acolhimento de pessoas com necessidades especiais no munic\u00edpio de Barretos, anuncia a abertura de processo seletivo para contrata\u00e7\u00e3o de profissional da \u00e1rea de Fonoaudiologia.<\/p>\n<p>A oportunidade \u00e9 destinada ao cargo de fonoaudi\u00f3logo(a), com carga hor\u00e1ria de 20 horas semanais e remunera\u00e7\u00e3o mensal de R$ 5.000,00. A iniciativa refor\u00e7a o compromisso da institui\u00e7\u00e3o em ampliar e qualificar os servi\u00e7os oferecidos \u00e0 comunidade.<\/p>\n<p>Os interessados dever\u00e3o apresentar a documenta\u00e7\u00e3o exigida conforme as normas do edital, dispon\u00edvel nas redes sociais oficiais do Instituto O Amor, pelo perfil @ioamorbarretos. Todos os documentos necess\u00e1rios para participa\u00e7\u00e3o est\u00e3o descritos no edital.<\/p>\n<p>As entregas devem ser realizadas presencialmente em envelope pardo lacrado, respeitando prazos e condi\u00e7\u00f5es estabelecidos, no endere\u00e7o: Rua Ant\u00f4nio Francisco Serradela, n\u00ba 25, Bairro Nova Barretos, em Barretos\/SP, nos dias 28, 29 e 30 de abril, e 04 e 05 de maio de 2026, nos hor\u00e1rios das 07h30 \u00e0s 11h30 e das 13h00 \u00e0s 17h00.<\/p>\n<p>A dire\u00e7\u00e3o do Instituto O Amor destaca que o processo seletivo segue crit\u00e9rios t\u00e9cnicos e transparentes, buscando profissionais qualificados e comprometidos com o atendimento humanizado.<\/p>\n<p>Mais informa\u00e7\u00f5es podem ser obtidas diretamente na sede da institui\u00e7\u00e3o ou por meio das redes sociais oficiais.<\/p>\n<p>&nbsp;<\/p>\n<p>Assessoria &#8211; Janio Munhoz<\/p>\n<p>fotos- Janio Munhoz<\/p>\n","protected":false},"excerpt":{"rendered":"<p>&nbsp; O Instituto O Amor, refer\u00eancia no atendimento e acolhimento<\/p>\n","protected":false},"author":2,"featured_media":71543,"comment_status":"open","ping_status":"open","sticky":false,"template":"","format":"standard","meta":{"footnotes":""},"categories":[14,25,111],"tags":[],"class_list":["post-128204","post","type-post","status-publish","format-standard","has-post-thumbnail","hentry","category-barretos","category-cidades","category-cotidiano"],"yoast_head":"<!-- This site is optimized with the Yoast SEO plugin v27.5 - https:\/\/yoast.com\/product\/yoast-seo-wordpress\/ -->\n<title>Instituto O Amor abre vaga para fonoaudi\u00f3logo - Regi\u00e3o News<\/title>\n<meta name=\"robots\" content=\"index, follow, max-snippet:-1, max-image-preview:large, max-video-preview:-1\" \/>\n<link rel=\"canonical\" href=\"https:\/\/regiaonews.net.br\/2022\/2026\/05\/01\/instituto-o-amor-abre-vaga-para-fonoaudiologo\/\" \/>\n<meta property=\"og:locale\" content=\"pt_BR\" \/>\n<meta property=\"og:type\" content=\"article\" \/>\n<meta property=\"og:title\" content=\"Instituto O Amor abre vaga para fonoaudi\u00f3logo - Regi\u00e3o News\" \/>\n<meta property=\"og:description\" content=\"&nbsp; O Instituto O Amor, refer\u00eancia no atendimento e acolhimento\" \/>\n<meta property=\"og:url\" content=\"https:\/\/regiaonews.net.br\/2022\/2026\/05\/01\/instituto-o-amor-abre-vaga-para-fonoaudiologo\/\" \/>\n<meta property=\"og:site_name\" content=\"Regi\u00e3o News\" \/>\n<meta property=\"article:published_time\" content=\"2026-05-01T19:44:53+00:00\" \/>\n<meta property=\"og:image\" content=\"https:\/\/regiaonews.net.br\/2022\/wp-content\/uploads\/2022\/05\/151023570_915134302557645_358682935954878993_n.jpg\" \/>\n\t<meta property=\"og:image:width\" content=\"2046\" \/>\n\t<meta property=\"og:image:height\" content=\"2046\" \/>\n\t<meta property=\"og:image:type\" content=\"image\/jpeg\" \/>\n<meta name=\"author\" content=\"Roberto\" \/>\n<meta name=\"twitter:card\" content=\"summary_large_image\" \/>\n<meta name=\"twitter:label1\" content=\"Escrito por\" \/>\n\t<meta name=\"twitter:data1\" content=\"Roberto\" \/>\n\t<meta name=\"twitter:label2\" content=\"Est. tempo de leitura\" \/>\n\t<meta name=\"twitter:data2\" content=\"2 minutos\" \/>\n<script type=\"application\/ld+json\" class=\"yoast-schema-graph\">{\"@context\":\"https:\\\/\\\/schema.org\",\"@graph\":[{\"@type\":\"Article\",\"@id\":\"https:\\\/\\\/regiaonews.net.br\\\/2022\\\/2026\\\/05\\\/01\\\/instituto-o-amor-abre-vaga-para-fonoaudiologo\\\/#article\",\"isPartOf\":{\"@id\":\"https:\\\/\\\/regiaonews.net.br\\\/2022\\\/2026\\\/05\\\/01\\\/instituto-o-amor-abre-vaga-para-fonoaudiologo\\\/\"},\"author\":{\"name\":\"Roberto\",\"@id\":\"https:\\\/\\\/regiaonews.net.br\\\/2022\\\/#\\\/schema\\\/person\\\/2d205a608a5aa97ac279d7a5e6d89ad8\"},\"headline\":\"Instituto O Amor abre vaga para fonoaudi\u00f3logo\",\"datePublished\":\"2026-05-01T19:44:53+00:00\",\"mainEntityOfPage\":{\"@id\":\"https:\\\/\\\/regiaonews.net.br\\\/2022\\\/2026\\\/05\\\/01\\\/instituto-o-amor-abre-vaga-para-fonoaudiologo\\\/\"},\"wordCount\":232,\"commentCount\":0,\"publisher\":{\"@id\":\"https:\\\/\\\/regiaonews.net.br\\\/2022\\\/#organization\"},\"image\":{\"@id\":\"https:\\\/\\\/regiaonews.net.br\\\/2022\\\/2026\\\/05\\\/01\\\/instituto-o-amor-abre-vaga-para-fonoaudiologo\\\/#primaryimage\"},\"thumbnailUrl\":\"https:\\\/\\\/regiaonews.net.br\\\/2022\\\/wp-content\\\/uploads\\\/2022\\\/05\\\/151023570_915134302557645_358682935954878993_n.jpg\",\"articleSection\":[\"Barretos\",\"Cidades\",\"Cotidiano\"],\"inLanguage\":\"pt-BR\",\"potentialAction\":[{\"@type\":\"CommentAction\",\"name\":\"Comment\",\"target\":[\"https:\\\/\\\/regiaonews.net.br\\\/2022\\\/2026\\\/05\\\/01\\\/instituto-o-amor-abre-vaga-para-fonoaudiologo\\\/#respond\"]}]},{\"@type\":\"WebPage\",\"@id\":\"https:\\\/\\\/regiaonews.net.br\\\/2022\\\/2026\\\/05\\\/01\\\/instituto-o-amor-abre-vaga-para-fonoaudiologo\\\/\",\"url\":\"https:\\\/\\\/regiaonews.net.br\\\/2022\\\/2026\\\/05\\\/01\\\/instituto-o-amor-abre-vaga-para-fonoaudiologo\\\/\",\"name\":\"Instituto O Amor abre vaga para fonoaudi\u00f3logo - Regi\u00e3o News\",\"isPartOf\":{\"@id\":\"https:\\\/\\\/regiaonews.net.br\\\/2022\\\/#website\"},\"primaryImageOfPage\":{\"@id\":\"https:\\\/\\\/regiaonews.net.br\\\/2022\\\/2026\\\/05\\\/01\\\/instituto-o-amor-abre-vaga-para-fonoaudiologo\\\/#primaryimage\"},\"image\":{\"@id\":\"https:\\\/\\\/regiaonews.net.br\\\/2022\\\/2026\\\/05\\\/01\\\/instituto-o-amor-abre-vaga-para-fonoaudiologo\\\/#primaryimage\"},\"thumbnailUrl\":\"https:\\\/\\\/regiaonews.net.br\\\/2022\\\/wp-content\\\/uploads\\\/2022\\\/05\\\/151023570_915134302557645_358682935954878993_n.jpg\",\"datePublished\":\"2026-05-01T19:44:53+00:00\",\"breadcrumb\":{\"@id\":\"https:\\\/\\\/regiaonews.net.br\\\/2022\\\/2026\\\/05\\\/01\\\/instituto-o-amor-abre-vaga-para-fonoaudiologo\\\/#breadcrumb\"},\"inLanguage\":\"pt-BR\",\"potentialAction\":[{\"@type\":\"ReadAction\",\"target\":[\"https:\\\/\\\/regiaonews.net.br\\\/2022\\\/2026\\\/05\\\/01\\\/instituto-o-amor-abre-vaga-para-fonoaudiologo\\\/\"]}]},{\"@type\":\"ImageObject\",\"inLanguage\":\"pt-BR\",\"@id\":\"https:\\\/\\\/regiaonews.net.br\\\/2022\\\/2026\\\/05\\\/01\\\/instituto-o-amor-abre-vaga-para-fonoaudiologo\\\/#primaryimage\",\"url\":\"https:\\\/\\\/regiaonews.net.br\\\/2022\\\/wp-content\\\/uploads\\\/2022\\\/05\\\/151023570_915134302557645_358682935954878993_n.jpg\",\"contentUrl\":\"https:\\\/\\\/regiaonews.net.br\\\/2022\\\/wp-content\\\/uploads\\\/2022\\\/05\\\/151023570_915134302557645_358682935954878993_n.jpg\",\"width\":2046,\"height\":2046},{\"@type\":\"BreadcrumbList\",\"@id\":\"https:\\\/\\\/regiaonews.net.br\\\/2022\\\/2026\\\/05\\\/01\\\/instituto-o-amor-abre-vaga-para-fonoaudiologo\\\/#breadcrumb\",\"itemListElement\":[{\"@type\":\"ListItem\",\"position\":1,\"name\":\"In\u00edcio\",\"item\":\"https:\\\/\\\/regiaonews.net.br\\\/2022\\\/\"},{\"@type\":\"ListItem\",\"position\":2,\"name\":\"Instituto O Amor abre vaga para fonoaudi\u00f3logo\"}]},{\"@type\":\"WebSite\",\"@id\":\"https:\\\/\\\/regiaonews.net.br\\\/2022\\\/#website\",\"url\":\"https:\\\/\\\/regiaonews.net.br\\\/2022\\\/\",\"name\":\"Regi\u00e3o News\",\"description\":\"Site de Not\u00edcias de Barretos e regi\u00e3o\",\"publisher\":{\"@id\":\"https:\\\/\\\/regiaonews.net.br\\\/2022\\\/#organization\"},\"potentialAction\":[{\"@type\":\"SearchAction\",\"target\":{\"@type\":\"EntryPoint\",\"urlTemplate\":\"https:\\\/\\\/regiaonews.net.br\\\/2022\\\/?s={search_term_string}\"},\"query-input\":{\"@type\":\"PropertyValueSpecification\",\"valueRequired\":true,\"valueName\":\"search_term_string\"}}],\"inLanguage\":\"pt-BR\"},{\"@type\":\"Organization\",\"@id\":\"https:\\\/\\\/regiaonews.net.br\\\/2022\\\/#organization\",\"name\":\"Regi\u00e3o News\",\"url\":\"https:\\\/\\\/regiaonews.net.br\\\/2022\\\/\",\"logo\":{\"@type\":\"ImageObject\",\"inLanguage\":\"pt-BR\",\"@id\":\"https:\\\/\\\/regiaonews.net.br\\\/2022\\\/#\\\/schema\\\/logo\\\/image\\\/\",\"url\":\"https:\\\/\\\/regiaonews.net.br\\\/2022\\\/wp-content\\\/uploads\\\/2026\\\/03\\\/regiao-13-anos-scaled.jpg\",\"contentUrl\":\"https:\\\/\\\/regiaonews.net.br\\\/2022\\\/wp-content\\\/uploads\\\/2026\\\/03\\\/regiao-13-anos-scaled.jpg\",\"width\":2560,\"height\":635,\"caption\":\"Regi\u00e3o News\"},\"image\":{\"@id\":\"https:\\\/\\\/regiaonews.net.br\\\/2022\\\/#\\\/schema\\\/logo\\\/image\\\/\"}},{\"@type\":\"Person\",\"@id\":\"https:\\\/\\\/regiaonews.net.br\\\/2022\\\/#\\\/schema\\\/person\\\/2d205a608a5aa97ac279d7a5e6d89ad8\",\"name\":\"Roberto\",\"image\":{\"@type\":\"ImageObject\",\"inLanguage\":\"pt-BR\",\"@id\":\"https:\\\/\\\/secure.gravatar.com\\\/avatar\\\/42749d8b712ff9d59ca93dc150494e5b55a44134482993f5baeb97e61b7ecc89?s=96&d=mm&r=g\",\"url\":\"https:\\\/\\\/secure.gravatar.com\\\/avatar\\\/42749d8b712ff9d59ca93dc150494e5b55a44134482993f5baeb97e61b7ecc89?s=96&d=mm&r=g\",\"contentUrl\":\"https:\\\/\\\/secure.gravatar.com\\\/avatar\\\/42749d8b712ff9d59ca93dc150494e5b55a44134482993f5baeb97e61b7ecc89?s=96&d=mm&r=g\",\"caption\":\"Roberto\"},\"url\":\"https:\\\/\\\/regiaonews.net.br\\\/2022\\\/author\\\/roberto\\\/\"}]}<\/script>\n<!-- \/ Yoast SEO plugin. -->","yoast_head_json":{"title":"Instituto O Amor abre vaga para fonoaudi\u00f3logo - Regi\u00e3o News","robots":{"index":"index","follow":"follow","max-snippet":"max-snippet:-1","max-image-preview":"max-image-preview:large","max-video-preview":"max-video-preview:-1"},"canonical":"https:\/\/regiaonews.net.br\/2022\/2026\/05\/01\/instituto-o-amor-abre-vaga-para-fonoaudiologo\/","og_locale":"pt_BR","og_type":"article","og_title":"Instituto O Amor abre vaga para fonoaudi\u00f3logo - Regi\u00e3o News","og_description":"&nbsp; O Instituto O Amor, refer\u00eancia no atendimento e acolhimento","og_url":"https:\/\/regiaonews.net.br\/2022\/2026\/05\/01\/instituto-o-amor-abre-vaga-para-fonoaudiologo\/","og_site_name":"Regi\u00e3o News","article_published_time":"2026-05-01T19:44:53+00:00","og_image":[{"width":2046,"height":2046,"url":"https:\/\/regiaonews.net.br\/2022\/wp-content\/uploads\/2022\/05\/151023570_915134302557645_358682935954878993_n.jpg","type":"image\/jpeg"}],"author":"Roberto","twitter_card":"summary_large_image","twitter_misc":{"Escrito por":"Roberto","Est. tempo de leitura":"2 minutos"},"schema":{"@context":"https:\/\/schema.org","@graph":[{"@type":"Article","@id":"https:\/\/regiaonews.net.br\/2022\/2026\/05\/01\/instituto-o-amor-abre-vaga-para-fonoaudiologo\/#article","isPartOf":{"@id":"https:\/\/regiaonews.net.br\/2022\/2026\/05\/01\/instituto-o-amor-abre-vaga-para-fonoaudiologo\/"},"author":{"name":"Roberto","@id":"https:\/\/regiaonews.net.br\/2022\/#\/schema\/person\/2d205a608a5aa97ac279d7a5e6d89ad8"},"headline":"Instituto O Amor abre vaga para fonoaudi\u00f3logo","datePublished":"2026-05-01T19:44:53+00:00","mainEntityOfPage":{"@id":"https:\/\/regiaonews.net.br\/2022\/2026\/05\/01\/instituto-o-amor-abre-vaga-para-fonoaudiologo\/"},"wordCount":232,"commentCount":0,"publisher":{"@id":"https:\/\/regiaonews.net.br\/2022\/#organization"},"image":{"@id":"https:\/\/regiaonews.net.br\/2022\/2026\/05\/01\/instituto-o-amor-abre-vaga-para-fonoaudiologo\/#primaryimage"},"thumbnailUrl":"https:\/\/regiaonews.net.br\/2022\/wp-content\/uploads\/2022\/05\/151023570_915134302557645_358682935954878993_n.jpg","articleSection":["Barretos","Cidades","Cotidiano"],"inLanguage":"pt-BR","potentialAction":[{"@type":"CommentAction","name":"Comment","target":["https:\/\/regiaonews.net.br\/2022\/2026\/05\/01\/instituto-o-amor-abre-vaga-para-fonoaudiologo\/#respond"]}]},{"@type":"WebPage","@id":"https:\/\/regiaonews.net.br\/2022\/2026\/05\/01\/instituto-o-amor-abre-vaga-para-fonoaudiologo\/","url":"https:\/\/regiaonews.net.br\/2022\/2026\/05\/01\/instituto-o-amor-abre-vaga-para-fonoaudiologo\/","name":"Instituto O Amor abre vaga para fonoaudi\u00f3logo - Regi\u00e3o News","isPartOf":{"@id":"https:\/\/regiaonews.net.br\/2022\/#website"},"primaryImageOfPage":{"@id":"https:\/\/regiaonews.net.br\/2022\/2026\/05\/01\/instituto-o-amor-abre-vaga-para-fonoaudiologo\/#primaryimage"},"image":{"@id":"https:\/\/regiaonews.net.br\/2022\/2026\/05\/01\/instituto-o-amor-abre-vaga-para-fonoaudiologo\/#primaryimage"},"thumbnailUrl":"https:\/\/regiaonews.net.br\/2022\/wp-content\/uploads\/2022\/05\/151023570_915134302557645_358682935954878993_n.jpg","datePublished":"2026-05-01T19:44:53+00:00","breadcrumb":{"@id":"https:\/\/regiaonews.net.br\/2022\/2026\/05\/01\/instituto-o-amor-abre-vaga-para-fonoaudiologo\/#breadcrumb"},"inLanguage":"pt-BR","potentialAction":[{"@type":"ReadAction","target":["https:\/\/regiaonews.net.br\/2022\/2026\/05\/01\/instituto-o-amor-abre-vaga-para-fonoaudiologo\/"]}]},{"@type":"ImageObject","inLanguage":"pt-BR","@id":"https:\/\/regiaonews.net.br\/2022\/2026\/05\/01\/instituto-o-amor-abre-vaga-para-fonoaudiologo\/#primaryimage","url":"https:\/\/regiaonews.net.br\/2022\/wp-content\/uploads\/2022\/05\/151023570_915134302557645_358682935954878993_n.jpg","contentUrl":"https:\/\/regiaonews.net.br\/2022\/wp-content\/uploads\/2022\/05\/151023570_915134302557645_358682935954878993_n.jpg","width":2046,"height":2046},{"@type":"BreadcrumbList","@id":"https:\/\/regiaonews.net.br\/2022\/2026\/05\/01\/instituto-o-amor-abre-vaga-para-fonoaudiologo\/#breadcrumb","itemListElement":[{"@type":"ListItem","position":1,"name":"In\u00edcio","item":"https:\/\/regiaonews.net.br\/2022\/"},{"@type":"ListItem","position":2,"name":"Instituto O Amor abre vaga para fonoaudi\u00f3logo"}]},{"@type":"WebSite","@id":"https:\/\/regiaonews.net.br\/2022\/#website","url":"https:\/\/regiaonews.net.br\/2022\/","name":"Regi\u00e3o News","description":"Site de Not\u00edcias de Barretos e regi\u00e3o","publisher":{"@id":"https:\/\/regiaonews.net.br\/2022\/#organization"},"potentialAction":[{"@type":"SearchAction","target":{"@type":"EntryPoint","urlTemplate":"https:\/\/regiaonews.net.br\/2022\/?s={search_term_string}"},"query-input":{"@type":"PropertyValueSpecification","valueRequired":true,"valueName":"search_term_string"}}],"inLanguage":"pt-BR"},{"@type":"Organization","@id":"https:\/\/regiaonews.net.br\/2022\/#organization","name":"Regi\u00e3o News","url":"https:\/\/regiaonews.net.br\/2022\/","logo":{"@type":"ImageObject","inLanguage":"pt-BR","@id":"https:\/\/regiaonews.net.br\/2022\/#\/schema\/logo\/image\/","url":"https:\/\/regiaonews.net.br\/2022\/wp-content\/uploads\/2026\/03\/regiao-13-anos-scaled.jpg","contentUrl":"https:\/\/regiaonews.net.br\/2022\/wp-content\/uploads\/2026\/03\/regiao-13-anos-scaled.jpg","width":2560,"height":635,"caption":"Regi\u00e3o News"},"image":{"@id":"https:\/\/regiaonews.net.br\/2022\/#\/schema\/logo\/image\/"}},{"@type":"Person","@id":"https:\/\/regiaonews.net.br\/2022\/#\/schema\/person\/2d205a608a5aa97ac279d7a5e6d89ad8","name":"Roberto","image":{"@type":"ImageObject","inLanguage":"pt-BR","@id":"https:\/\/secure.gravatar.com\/avatar\/42749d8b712ff9d59ca93dc150494e5b55a44134482993f5baeb97e61b7ecc89?s=96&d=mm&r=g","url":"https:\/\/secure.gravatar.com\/avatar\/42749d8b712ff9d59ca93dc150494e5b55a44134482993f5baeb97e61b7ecc89?s=96&d=mm&r=g","contentUrl":"https:\/\/secure.gravatar.com\/avatar\/42749d8b712ff9d59ca93dc150494e5b55a44134482993f5baeb97e61b7ecc89?s=96&d=mm&r=g","caption":"Roberto"},"url":"https:\/\/regiaonews.net.br\/2022\/author\/roberto\/"}]}},"publishpress_future_action":{"enabled":false,"date":"2026-05-08 19:19:09","action":"change-status","newStatus":"draft","terms":[],"taxonomy":"category","extraData":[]},"publishpress_future_workflow_manual_trigger":{"enabledWorkflows":[]},"_links":{"self":[{"href":"https:\/\/regiaonews.net.br\/2022\/wp-json\/wp\/v2\/posts\/128204","targetHints":{"allow":["GET"]}}],"collection":[{"href":"https:\/\/regiaonews.net.br\/2022\/wp-json\/wp\/v2\/posts"}],"about":[{"href":"https:\/\/regiaonews.net.br\/2022\/wp-json\/wp\/v2\/types\/post"}],"author":[{"embeddable":true,"href":"https:\/\/regiaonews.net.br\/2022\/wp-json\/wp\/v2\/users\/2"}],"replies":[{"embeddable":true,"href":"https:\/\/regiaonews.net.br\/2022\/wp-json\/wp\/v2\/comments?post=128204"}],"version-history":[{"count":2,"href":"https:\/\/regiaonews.net.br\/2022\/wp-json\/wp\/v2\/posts\/128204\/revisions"}],"predecessor-version":[{"id":128206,"href":"https:\/\/regiaonews.net.br\/2022\/wp-json\/wp\/v2\/posts\/128204\/revisions\/128206"}],"wp:featuredmedia":[{"embeddable":true,"href":"https:\/\/regiaonews.net.br\/2022\/wp-json\/wp\/v2\/media\/71543"}],"wp:attachment":[{"href":"https:\/\/regiaonews.net.br\/2022\/wp-json\/wp\/v2\/media?parent=128204"}],"wp:term":[{"taxonomy":"category","embeddable":true,"href":"https:\/\/regiaonews.net.br\/2022\/wp-json\/wp\/v2\/categories?post=128204"},{"taxonomy":"post_tag","embeddable":true,"href":"https:\/\/regiaonews.net.br\/2022\/wp-json\/wp\/v2\/tags?post=128204"}],"curies":[{"name":"wp","href":"https:\/\/api.w.org\/{rel}","templated":true}]}}