{"id":128201,"date":"2026-05-01T14:26:19","date_gmt":"2026-05-01T17:26:19","guid":{"rendered":"https:\/\/regiaonews.net.br\/2022\/?p=128201"},"modified":"2026-05-01T14:26:19","modified_gmt":"2026-05-01T17:26:19","slug":"paroquia-santo-antonio-celebra-missa-no-dia-do-trabalhador","status":"publish","type":"post","link":"https:\/\/regiaonews.net.br\/2022\/2026\/05\/01\/paroquia-santo-antonio-celebra-missa-no-dia-do-trabalhador\/","title":{"rendered":"Par\u00f3quia Santo Ant\u00f4nio celebra missa no Dia do Trabalhador \u00a0"},"content":{"rendered":"<p>&nbsp;<\/p>\n<p>Foto \u2013 Padre Deon\u00edsio Helko com fam\u00edlias do bairro Mais Parque<\/p>\n<p>Foto \u2013 Divulga\u00e7\u00e3o<\/p>\n<p>&nbsp;<\/p>\n<p>O Dia do Trabalho \u00e9 celebrado hoje em todo o pa\u00eds com feriado nacional, conforme a Lei 662 de 1949 e atualizado pela Lei 10.607 de 2002. Para celebrar a data, as igrejas da Diocese de Barretos ter\u00e3o missas em homenagens aos trabalhadores, neste dia 1\u00ba de maio, marcando a luta dos trabalhadores por melhores sal\u00e1rios.<\/p>\n<p>O padre Deon\u00edsio Helko, p\u00e1roco da Par\u00f3quia Santo Ant\u00f4nio de P\u00e1dua, afirmou que neste dia 1\u00ba de maio, ser\u00e1 celebrada missa \u00e0s 19h30, para celebrar o Dia do Trabalho. De acordo com o religioso, a data deve ser celebrada para enaltecer quantas pessoas se dedicam aos seus servi\u00e7os. \u201cQuantos homens dedicados e quantas mulheres que d\u00e3o realmente a sua vida pelo trabalho para ter justi\u00e7a, paz, alegria junto aos seus filhos e familiares. Quando lembramos do Dia do Trabalho, lembramos do homem e da mulher no trabalho, que s\u00e3o as pessoas que se baseiam nas gra\u00e7as de Deus. Vamos sempre celebrar a vida do homem, da mulher e do trabalhador que ganha o p\u00e3o seu do dia-a-dia. Quando lembramos do dia 1\u00ba de maio, lembramos de S\u00e3o Jos\u00e9 \u00e9 o alicerce de nossa vida \u201d, afirmou padre Deon\u00edsio.<\/p>\n","protected":false},"excerpt":{"rendered":"<p>&nbsp; Foto \u2013 Padre Deon\u00edsio Helko com fam\u00edlias do bairro<\/p>\n","protected":false},"author":2,"featured_media":128202,"comment_status":"open","ping_status":"open","sticky":false,"template":"","format":"standard","meta":{"footnotes":""},"categories":[14,25,111],"tags":[],"class_list":["post-128201","post","type-post","status-publish","format-standard","has-post-thumbnail","hentry","category-barretos","category-cidades","category-cotidiano"],"yoast_head":"<!-- This site is optimized with the Yoast SEO plugin v27.5 - https:\/\/yoast.com\/product\/yoast-seo-wordpress\/ -->\n<title>Par\u00f3quia Santo Ant\u00f4nio celebra missa no Dia do Trabalhador \u00a0 - Regi\u00e3o News<\/title>\n<meta name=\"robots\" content=\"index, follow, max-snippet:-1, max-image-preview:large, max-video-preview:-1\" \/>\n<link rel=\"canonical\" href=\"https:\/\/regiaonews.net.br\/2022\/2026\/05\/01\/paroquia-santo-antonio-celebra-missa-no-dia-do-trabalhador\/\" \/>\n<meta property=\"og:locale\" content=\"pt_BR\" \/>\n<meta property=\"og:type\" content=\"article\" \/>\n<meta property=\"og:title\" content=\"Par\u00f3quia Santo Ant\u00f4nio celebra missa no Dia do Trabalhador \u00a0 - Regi\u00e3o News\" \/>\n<meta property=\"og:description\" content=\"&nbsp; Foto \u2013 Padre Deon\u00edsio Helko com fam\u00edlias do bairro\" \/>\n<meta property=\"og:url\" content=\"https:\/\/regiaonews.net.br\/2022\/2026\/05\/01\/paroquia-santo-antonio-celebra-missa-no-dia-do-trabalhador\/\" \/>\n<meta property=\"og:site_name\" content=\"Regi\u00e3o News\" \/>\n<meta property=\"article:published_time\" content=\"2026-05-01T17:26:19+00:00\" \/>\n<meta property=\"og:image\" content=\"https:\/\/regiaonews.net.br\/2022\/wp-content\/uploads\/2026\/05\/IMG-20260427-WA0878.jpg\" \/>\n\t<meta property=\"og:image:width\" content=\"959\" \/>\n\t<meta property=\"og:image:height\" content=\"525\" \/>\n\t<meta property=\"og:image:type\" content=\"image\/jpeg\" \/>\n<meta name=\"author\" content=\"Roberto\" \/>\n<meta name=\"twitter:card\" content=\"summary_large_image\" \/>\n<meta name=\"twitter:label1\" content=\"Escrito por\" \/>\n\t<meta name=\"twitter:data1\" content=\"Roberto\" \/>\n\t<meta name=\"twitter:label2\" content=\"Est. tempo de leitura\" \/>\n\t<meta name=\"twitter:data2\" content=\"2 minutos\" \/>\n<script type=\"application\/ld+json\" class=\"yoast-schema-graph\">{\"@context\":\"https:\\\/\\\/schema.org\",\"@graph\":[{\"@type\":\"Article\",\"@id\":\"https:\\\/\\\/regiaonews.net.br\\\/2022\\\/2026\\\/05\\\/01\\\/paroquia-santo-antonio-celebra-missa-no-dia-do-trabalhador\\\/#article\",\"isPartOf\":{\"@id\":\"https:\\\/\\\/regiaonews.net.br\\\/2022\\\/2026\\\/05\\\/01\\\/paroquia-santo-antonio-celebra-missa-no-dia-do-trabalhador\\\/\"},\"author\":{\"name\":\"Roberto\",\"@id\":\"https:\\\/\\\/regiaonews.net.br\\\/2022\\\/#\\\/schema\\\/person\\\/2d205a608a5aa97ac279d7a5e6d89ad8\"},\"headline\":\"Par\u00f3quia Santo Ant\u00f4nio celebra missa no Dia do Trabalhador \u00a0\",\"datePublished\":\"2026-05-01T17:26:19+00:00\",\"mainEntityOfPage\":{\"@id\":\"https:\\\/\\\/regiaonews.net.br\\\/2022\\\/2026\\\/05\\\/01\\\/paroquia-santo-antonio-celebra-missa-no-dia-do-trabalhador\\\/\"},\"wordCount\":228,\"commentCount\":0,\"publisher\":{\"@id\":\"https:\\\/\\\/regiaonews.net.br\\\/2022\\\/#organization\"},\"image\":{\"@id\":\"https:\\\/\\\/regiaonews.net.br\\\/2022\\\/2026\\\/05\\\/01\\\/paroquia-santo-antonio-celebra-missa-no-dia-do-trabalhador\\\/#primaryimage\"},\"thumbnailUrl\":\"https:\\\/\\\/regiaonews.net.br\\\/2022\\\/wp-content\\\/uploads\\\/2026\\\/05\\\/IMG-20260427-WA0878.jpg\",\"articleSection\":[\"Barretos\",\"Cidades\",\"Cotidiano\"],\"inLanguage\":\"pt-BR\",\"potentialAction\":[{\"@type\":\"CommentAction\",\"name\":\"Comment\",\"target\":[\"https:\\\/\\\/regiaonews.net.br\\\/2022\\\/2026\\\/05\\\/01\\\/paroquia-santo-antonio-celebra-missa-no-dia-do-trabalhador\\\/#respond\"]}]},{\"@type\":\"WebPage\",\"@id\":\"https:\\\/\\\/regiaonews.net.br\\\/2022\\\/2026\\\/05\\\/01\\\/paroquia-santo-antonio-celebra-missa-no-dia-do-trabalhador\\\/\",\"url\":\"https:\\\/\\\/regiaonews.net.br\\\/2022\\\/2026\\\/05\\\/01\\\/paroquia-santo-antonio-celebra-missa-no-dia-do-trabalhador\\\/\",\"name\":\"Par\u00f3quia Santo Ant\u00f4nio celebra missa no Dia do Trabalhador \u00a0 - Regi\u00e3o News\",\"isPartOf\":{\"@id\":\"https:\\\/\\\/regiaonews.net.br\\\/2022\\\/#website\"},\"primaryImageOfPage\":{\"@id\":\"https:\\\/\\\/regiaonews.net.br\\\/2022\\\/2026\\\/05\\\/01\\\/paroquia-santo-antonio-celebra-missa-no-dia-do-trabalhador\\\/#primaryimage\"},\"image\":{\"@id\":\"https:\\\/\\\/regiaonews.net.br\\\/2022\\\/2026\\\/05\\\/01\\\/paroquia-santo-antonio-celebra-missa-no-dia-do-trabalhador\\\/#primaryimage\"},\"thumbnailUrl\":\"https:\\\/\\\/regiaonews.net.br\\\/2022\\\/wp-content\\\/uploads\\\/2026\\\/05\\\/IMG-20260427-WA0878.jpg\",\"datePublished\":\"2026-05-01T17:26:19+00:00\",\"breadcrumb\":{\"@id\":\"https:\\\/\\\/regiaonews.net.br\\\/2022\\\/2026\\\/05\\\/01\\\/paroquia-santo-antonio-celebra-missa-no-dia-do-trabalhador\\\/#breadcrumb\"},\"inLanguage\":\"pt-BR\",\"potentialAction\":[{\"@type\":\"ReadAction\",\"target\":[\"https:\\\/\\\/regiaonews.net.br\\\/2022\\\/2026\\\/05\\\/01\\\/paroquia-santo-antonio-celebra-missa-no-dia-do-trabalhador\\\/\"]}]},{\"@type\":\"ImageObject\",\"inLanguage\":\"pt-BR\",\"@id\":\"https:\\\/\\\/regiaonews.net.br\\\/2022\\\/2026\\\/05\\\/01\\\/paroquia-santo-antonio-celebra-missa-no-dia-do-trabalhador\\\/#primaryimage\",\"url\":\"https:\\\/\\\/regiaonews.net.br\\\/2022\\\/wp-content\\\/uploads\\\/2026\\\/05\\\/IMG-20260427-WA0878.jpg\",\"contentUrl\":\"https:\\\/\\\/regiaonews.net.br\\\/2022\\\/wp-content\\\/uploads\\\/2026\\\/05\\\/IMG-20260427-WA0878.jpg\",\"width\":959,\"height\":525},{\"@type\":\"BreadcrumbList\",\"@id\":\"https:\\\/\\\/regiaonews.net.br\\\/2022\\\/2026\\\/05\\\/01\\\/paroquia-santo-antonio-celebra-missa-no-dia-do-trabalhador\\\/#breadcrumb\",\"itemListElement\":[{\"@type\":\"ListItem\",\"position\":1,\"name\":\"In\u00edcio\",\"item\":\"https:\\\/\\\/regiaonews.net.br\\\/2022\\\/\"},{\"@type\":\"ListItem\",\"position\":2,\"name\":\"Par\u00f3quia Santo Ant\u00f4nio celebra missa no Dia do Trabalhador \u00a0\"}]},{\"@type\":\"WebSite\",\"@id\":\"https:\\\/\\\/regiaonews.net.br\\\/2022\\\/#website\",\"url\":\"https:\\\/\\\/regiaonews.net.br\\\/2022\\\/\",\"name\":\"Regi\u00e3o News\",\"description\":\"Site de Not\u00edcias de Barretos e regi\u00e3o\",\"publisher\":{\"@id\":\"https:\\\/\\\/regiaonews.net.br\\\/2022\\\/#organization\"},\"potentialAction\":[{\"@type\":\"SearchAction\",\"target\":{\"@type\":\"EntryPoint\",\"urlTemplate\":\"https:\\\/\\\/regiaonews.net.br\\\/2022\\\/?s={search_term_string}\"},\"query-input\":{\"@type\":\"PropertyValueSpecification\",\"valueRequired\":true,\"valueName\":\"search_term_string\"}}],\"inLanguage\":\"pt-BR\"},{\"@type\":\"Organization\",\"@id\":\"https:\\\/\\\/regiaonews.net.br\\\/2022\\\/#organization\",\"name\":\"Regi\u00e3o News\",\"url\":\"https:\\\/\\\/regiaonews.net.br\\\/2022\\\/\",\"logo\":{\"@type\":\"ImageObject\",\"inLanguage\":\"pt-BR\",\"@id\":\"https:\\\/\\\/regiaonews.net.br\\\/2022\\\/#\\\/schema\\\/logo\\\/image\\\/\",\"url\":\"https:\\\/\\\/regiaonews.net.br\\\/2022\\\/wp-content\\\/uploads\\\/2026\\\/03\\\/regiao-13-anos-scaled.jpg\",\"contentUrl\":\"https:\\\/\\\/regiaonews.net.br\\\/2022\\\/wp-content\\\/uploads\\\/2026\\\/03\\\/regiao-13-anos-scaled.jpg\",\"width\":2560,\"height\":635,\"caption\":\"Regi\u00e3o News\"},\"image\":{\"@id\":\"https:\\\/\\\/regiaonews.net.br\\\/2022\\\/#\\\/schema\\\/logo\\\/image\\\/\"}},{\"@type\":\"Person\",\"@id\":\"https:\\\/\\\/regiaonews.net.br\\\/2022\\\/#\\\/schema\\\/person\\\/2d205a608a5aa97ac279d7a5e6d89ad8\",\"name\":\"Roberto\",\"image\":{\"@type\":\"ImageObject\",\"inLanguage\":\"pt-BR\",\"@id\":\"https:\\\/\\\/secure.gravatar.com\\\/avatar\\\/42749d8b712ff9d59ca93dc150494e5b55a44134482993f5baeb97e61b7ecc89?s=96&d=mm&r=g\",\"url\":\"https:\\\/\\\/secure.gravatar.com\\\/avatar\\\/42749d8b712ff9d59ca93dc150494e5b55a44134482993f5baeb97e61b7ecc89?s=96&d=mm&r=g\",\"contentUrl\":\"https:\\\/\\\/secure.gravatar.com\\\/avatar\\\/42749d8b712ff9d59ca93dc150494e5b55a44134482993f5baeb97e61b7ecc89?s=96&d=mm&r=g\",\"caption\":\"Roberto\"},\"url\":\"https:\\\/\\\/regiaonews.net.br\\\/2022\\\/author\\\/roberto\\\/\"}]}<\/script>\n<!-- \/ Yoast SEO plugin. -->","yoast_head_json":{"title":"Par\u00f3quia Santo Ant\u00f4nio celebra missa no Dia do Trabalhador \u00a0 - Regi\u00e3o News","robots":{"index":"index","follow":"follow","max-snippet":"max-snippet:-1","max-image-preview":"max-image-preview:large","max-video-preview":"max-video-preview:-1"},"canonical":"https:\/\/regiaonews.net.br\/2022\/2026\/05\/01\/paroquia-santo-antonio-celebra-missa-no-dia-do-trabalhador\/","og_locale":"pt_BR","og_type":"article","og_title":"Par\u00f3quia Santo Ant\u00f4nio celebra missa no Dia do Trabalhador \u00a0 - Regi\u00e3o News","og_description":"&nbsp; Foto \u2013 Padre Deon\u00edsio Helko com fam\u00edlias do bairro","og_url":"https:\/\/regiaonews.net.br\/2022\/2026\/05\/01\/paroquia-santo-antonio-celebra-missa-no-dia-do-trabalhador\/","og_site_name":"Regi\u00e3o News","article_published_time":"2026-05-01T17:26:19+00:00","og_image":[{"width":959,"height":525,"url":"https:\/\/regiaonews.net.br\/2022\/wp-content\/uploads\/2026\/05\/IMG-20260427-WA0878.jpg","type":"image\/jpeg"}],"author":"Roberto","twitter_card":"summary_large_image","twitter_misc":{"Escrito por":"Roberto","Est. tempo de leitura":"2 minutos"},"schema":{"@context":"https:\/\/schema.org","@graph":[{"@type":"Article","@id":"https:\/\/regiaonews.net.br\/2022\/2026\/05\/01\/paroquia-santo-antonio-celebra-missa-no-dia-do-trabalhador\/#article","isPartOf":{"@id":"https:\/\/regiaonews.net.br\/2022\/2026\/05\/01\/paroquia-santo-antonio-celebra-missa-no-dia-do-trabalhador\/"},"author":{"name":"Roberto","@id":"https:\/\/regiaonews.net.br\/2022\/#\/schema\/person\/2d205a608a5aa97ac279d7a5e6d89ad8"},"headline":"Par\u00f3quia Santo Ant\u00f4nio celebra missa no Dia do Trabalhador \u00a0","datePublished":"2026-05-01T17:26:19+00:00","mainEntityOfPage":{"@id":"https:\/\/regiaonews.net.br\/2022\/2026\/05\/01\/paroquia-santo-antonio-celebra-missa-no-dia-do-trabalhador\/"},"wordCount":228,"commentCount":0,"publisher":{"@id":"https:\/\/regiaonews.net.br\/2022\/#organization"},"image":{"@id":"https:\/\/regiaonews.net.br\/2022\/2026\/05\/01\/paroquia-santo-antonio-celebra-missa-no-dia-do-trabalhador\/#primaryimage"},"thumbnailUrl":"https:\/\/regiaonews.net.br\/2022\/wp-content\/uploads\/2026\/05\/IMG-20260427-WA0878.jpg","articleSection":["Barretos","Cidades","Cotidiano"],"inLanguage":"pt-BR","potentialAction":[{"@type":"CommentAction","name":"Comment","target":["https:\/\/regiaonews.net.br\/2022\/2026\/05\/01\/paroquia-santo-antonio-celebra-missa-no-dia-do-trabalhador\/#respond"]}]},{"@type":"WebPage","@id":"https:\/\/regiaonews.net.br\/2022\/2026\/05\/01\/paroquia-santo-antonio-celebra-missa-no-dia-do-trabalhador\/","url":"https:\/\/regiaonews.net.br\/2022\/2026\/05\/01\/paroquia-santo-antonio-celebra-missa-no-dia-do-trabalhador\/","name":"Par\u00f3quia Santo Ant\u00f4nio celebra missa no Dia do Trabalhador \u00a0 - Regi\u00e3o News","isPartOf":{"@id":"https:\/\/regiaonews.net.br\/2022\/#website"},"primaryImageOfPage":{"@id":"https:\/\/regiaonews.net.br\/2022\/2026\/05\/01\/paroquia-santo-antonio-celebra-missa-no-dia-do-trabalhador\/#primaryimage"},"image":{"@id":"https:\/\/regiaonews.net.br\/2022\/2026\/05\/01\/paroquia-santo-antonio-celebra-missa-no-dia-do-trabalhador\/#primaryimage"},"thumbnailUrl":"https:\/\/regiaonews.net.br\/2022\/wp-content\/uploads\/2026\/05\/IMG-20260427-WA0878.jpg","datePublished":"2026-05-01T17:26:19+00:00","breadcrumb":{"@id":"https:\/\/regiaonews.net.br\/2022\/2026\/05\/01\/paroquia-santo-antonio-celebra-missa-no-dia-do-trabalhador\/#breadcrumb"},"inLanguage":"pt-BR","potentialAction":[{"@type":"ReadAction","target":["https:\/\/regiaonews.net.br\/2022\/2026\/05\/01\/paroquia-santo-antonio-celebra-missa-no-dia-do-trabalhador\/"]}]},{"@type":"ImageObject","inLanguage":"pt-BR","@id":"https:\/\/regiaonews.net.br\/2022\/2026\/05\/01\/paroquia-santo-antonio-celebra-missa-no-dia-do-trabalhador\/#primaryimage","url":"https:\/\/regiaonews.net.br\/2022\/wp-content\/uploads\/2026\/05\/IMG-20260427-WA0878.jpg","contentUrl":"https:\/\/regiaonews.net.br\/2022\/wp-content\/uploads\/2026\/05\/IMG-20260427-WA0878.jpg","width":959,"height":525},{"@type":"BreadcrumbList","@id":"https:\/\/regiaonews.net.br\/2022\/2026\/05\/01\/paroquia-santo-antonio-celebra-missa-no-dia-do-trabalhador\/#breadcrumb","itemListElement":[{"@type":"ListItem","position":1,"name":"In\u00edcio","item":"https:\/\/regiaonews.net.br\/2022\/"},{"@type":"ListItem","position":2,"name":"Par\u00f3quia Santo Ant\u00f4nio celebra missa no Dia do Trabalhador \u00a0"}]},{"@type":"WebSite","@id":"https:\/\/regiaonews.net.br\/2022\/#website","url":"https:\/\/regiaonews.net.br\/2022\/","name":"Regi\u00e3o News","description":"Site de Not\u00edcias de Barretos e regi\u00e3o","publisher":{"@id":"https:\/\/regiaonews.net.br\/2022\/#organization"},"potentialAction":[{"@type":"SearchAction","target":{"@type":"EntryPoint","urlTemplate":"https:\/\/regiaonews.net.br\/2022\/?s={search_term_string}"},"query-input":{"@type":"PropertyValueSpecification","valueRequired":true,"valueName":"search_term_string"}}],"inLanguage":"pt-BR"},{"@type":"Organization","@id":"https:\/\/regiaonews.net.br\/2022\/#organization","name":"Regi\u00e3o News","url":"https:\/\/regiaonews.net.br\/2022\/","logo":{"@type":"ImageObject","inLanguage":"pt-BR","@id":"https:\/\/regiaonews.net.br\/2022\/#\/schema\/logo\/image\/","url":"https:\/\/regiaonews.net.br\/2022\/wp-content\/uploads\/2026\/03\/regiao-13-anos-scaled.jpg","contentUrl":"https:\/\/regiaonews.net.br\/2022\/wp-content\/uploads\/2026\/03\/regiao-13-anos-scaled.jpg","width":2560,"height":635,"caption":"Regi\u00e3o News"},"image":{"@id":"https:\/\/regiaonews.net.br\/2022\/#\/schema\/logo\/image\/"}},{"@type":"Person","@id":"https:\/\/regiaonews.net.br\/2022\/#\/schema\/person\/2d205a608a5aa97ac279d7a5e6d89ad8","name":"Roberto","image":{"@type":"ImageObject","inLanguage":"pt-BR","@id":"https:\/\/secure.gravatar.com\/avatar\/42749d8b712ff9d59ca93dc150494e5b55a44134482993f5baeb97e61b7ecc89?s=96&d=mm&r=g","url":"https:\/\/secure.gravatar.com\/avatar\/42749d8b712ff9d59ca93dc150494e5b55a44134482993f5baeb97e61b7ecc89?s=96&d=mm&r=g","contentUrl":"https:\/\/secure.gravatar.com\/avatar\/42749d8b712ff9d59ca93dc150494e5b55a44134482993f5baeb97e61b7ecc89?s=96&d=mm&r=g","caption":"Roberto"},"url":"https:\/\/regiaonews.net.br\/2022\/author\/roberto\/"}]}},"publishpress_future_action":{"enabled":false,"date":"2026-05-08 17:01:05","action":"change-status","newStatus":"draft","terms":[],"taxonomy":"category","extraData":[]},"publishpress_future_workflow_manual_trigger":{"enabledWorkflows":[]},"_links":{"self":[{"href":"https:\/\/regiaonews.net.br\/2022\/wp-json\/wp\/v2\/posts\/128201","targetHints":{"allow":["GET"]}}],"collection":[{"href":"https:\/\/regiaonews.net.br\/2022\/wp-json\/wp\/v2\/posts"}],"about":[{"href":"https:\/\/regiaonews.net.br\/2022\/wp-json\/wp\/v2\/types\/post"}],"author":[{"embeddable":true,"href":"https:\/\/regiaonews.net.br\/2022\/wp-json\/wp\/v2\/users\/2"}],"replies":[{"embeddable":true,"href":"https:\/\/regiaonews.net.br\/2022\/wp-json\/wp\/v2\/comments?post=128201"}],"version-history":[{"count":1,"href":"https:\/\/regiaonews.net.br\/2022\/wp-json\/wp\/v2\/posts\/128201\/revisions"}],"predecessor-version":[{"id":128203,"href":"https:\/\/regiaonews.net.br\/2022\/wp-json\/wp\/v2\/posts\/128201\/revisions\/128203"}],"wp:featuredmedia":[{"embeddable":true,"href":"https:\/\/regiaonews.net.br\/2022\/wp-json\/wp\/v2\/media\/128202"}],"wp:attachment":[{"href":"https:\/\/regiaonews.net.br\/2022\/wp-json\/wp\/v2\/media?parent=128201"}],"wp:term":[{"taxonomy":"category","embeddable":true,"href":"https:\/\/regiaonews.net.br\/2022\/wp-json\/wp\/v2\/categories?post=128201"},{"taxonomy":"post_tag","embeddable":true,"href":"https:\/\/regiaonews.net.br\/2022\/wp-json\/wp\/v2\/tags?post=128201"}],"curies":[{"name":"wp","href":"https:\/\/api.w.org\/{rel}","templated":true}]}}