{"id":128189,"date":"2026-05-01T12:00:41","date_gmt":"2026-05-01T15:00:41","guid":{"rendered":"https:\/\/regiaonews.net.br\/2022\/?p=128189"},"modified":"2026-05-01T12:00:41","modified_gmt":"2026-05-01T15:00:41","slug":"barretos-motorcycles-segue-nesta-sexta-com-shows-acrobacias-e-programacao-para-todos-os-publicos","status":"publish","type":"post","link":"https:\/\/regiaonews.net.br\/2022\/2026\/05\/01\/barretos-motorcycles-segue-nesta-sexta-com-shows-acrobacias-e-programacao-para-todos-os-publicos\/","title":{"rendered":"Barretos Motorcycles segue nesta sexta com shows, acrobacias e programa\u00e7\u00e3o para todos os p\u00fablicos"},"content":{"rendered":"<p>&nbsp;<\/p>\n<p>Di Ferrero \u00e9 destaque da noite; evento conta ainda com freestyle, Tenda Motor a partir das 13h e concurso Garota Motorcycles \u00e0s 22h30<\/p>\n<p>&nbsp;<\/p>\n<p>A 22\u00aa edi\u00e7\u00e3o do Barretos Motorcycles continua nesta sexta-feira, 1\u00ba de maio, no Parque do Pe\u00e3o, com uma programa\u00e7\u00e3o que re\u00fane m\u00fasica, atra\u00e7\u00f5es radicais e op\u00e7\u00f5es de entretenimento ao longo de todo o dia.<\/p>\n<p>&nbsp;<\/p>\n<p>No palco principal, o destaque da noite \u00e9 o cantor Di Ferrero, que apresenta um show repleto de sucessos, revisitando momentos marcantes de sua trajet\u00f3ria, incluindo hits consagrados da \u00e9poca do NX Zero. Tamb\u00e9m sobe ao palco Humberto Braz\u00e3o, com um formato ac\u00fastico trazendo cl\u00e1ssicos do rock e do pop rock dos anos 90 e 2000.<\/p>\n<p>&nbsp;<\/p>\n<p>A programa\u00e7\u00e3o de acrobacias e freestyle movimenta o p\u00fablico no per\u00edodo da tarde. \u00c0s 17h, o Cachorr\u00e3o MotoShow realiza suas apresenta\u00e7\u00f5es com manobras radicais, seguido, \u00e0s 18h30, pelo espet\u00e1culo de motocross freestyle com Jorge Negretti, que promete adrenalina e intera\u00e7\u00e3o com o p\u00fablico.<\/p>\n<p>&nbsp;<\/p>\n<p>Outro destaque da noite \u00e9 o concurso Garota Motorcycles, que acontece \u00e0s 22h30, movimentando o p\u00fablico e valorizando a intera\u00e7\u00e3o com os participantes do evento.<\/p>\n<p>A Tenda Motor inicia sua programa\u00e7\u00e3o a partir das 13h, reunindo bandas covers, artistas independentes e grupos regionais ao longo do dia.<\/p>\n<p>&nbsp;<\/p>\n<p>Al\u00e9m disso, o p\u00fablico pode aproveitar a feira comercial com produtos do segmento, o Motor Rock Bar, espa\u00e7o tem\u00e1tico com apresenta\u00e7\u00f5es musicais, pra\u00e7a de alimenta\u00e7\u00e3o e \u00e1rea de camping.<\/p>\n<p>&nbsp;<\/p>\n<p>*Ingressos*<\/p>\n<p>Os ingressos est\u00e3o dispon\u00edveis online pelo site Os Independentes (independentes.com.br\/motorcycles) e tamb\u00e9m em ponto f\u00edsico para pedestres na loja Sant\u2019Vi Cal\u00e7ados e Acess\u00f3rios.<\/p>\n","protected":false},"excerpt":{"rendered":"<p>&nbsp; Di Ferrero \u00e9 destaque da noite; evento conta ainda<\/p>\n","protected":false},"author":2,"featured_media":128190,"comment_status":"open","ping_status":"open","sticky":false,"template":"","format":"standard","meta":{"footnotes":""},"categories":[14,25,111],"tags":[],"class_list":["post-128189","post","type-post","status-publish","format-standard","has-post-thumbnail","hentry","category-barretos","category-cidades","category-cotidiano"],"yoast_head":"<!-- This site is optimized with the Yoast SEO plugin v27.5 - https:\/\/yoast.com\/product\/yoast-seo-wordpress\/ -->\n<title>Barretos Motorcycles segue nesta sexta com shows, acrobacias e programa\u00e7\u00e3o para todos os p\u00fablicos - Regi\u00e3o News<\/title>\n<meta name=\"robots\" content=\"index, follow, max-snippet:-1, max-image-preview:large, max-video-preview:-1\" \/>\n<link rel=\"canonical\" href=\"https:\/\/regiaonews.net.br\/2022\/2026\/05\/01\/barretos-motorcycles-segue-nesta-sexta-com-shows-acrobacias-e-programacao-para-todos-os-publicos\/\" \/>\n<meta property=\"og:locale\" content=\"pt_BR\" \/>\n<meta property=\"og:type\" content=\"article\" \/>\n<meta property=\"og:title\" content=\"Barretos Motorcycles segue nesta sexta com shows, acrobacias e programa\u00e7\u00e3o para todos os p\u00fablicos - Regi\u00e3o News\" \/>\n<meta property=\"og:description\" content=\"&nbsp; Di Ferrero \u00e9 destaque da noite; evento conta ainda\" \/>\n<meta property=\"og:url\" content=\"https:\/\/regiaonews.net.br\/2022\/2026\/05\/01\/barretos-motorcycles-segue-nesta-sexta-com-shows-acrobacias-e-programacao-para-todos-os-publicos\/\" \/>\n<meta property=\"og:site_name\" content=\"Regi\u00e3o News\" \/>\n<meta property=\"article:published_time\" content=\"2026-05-01T15:00:41+00:00\" \/>\n<meta property=\"og:image\" content=\"https:\/\/regiaonews.net.br\/2022\/wp-content\/uploads\/2026\/05\/IMG-20260501-WA0215.jpg\" \/>\n\t<meta property=\"og:image:width\" content=\"1600\" \/>\n\t<meta property=\"og:image:height\" content=\"1199\" \/>\n\t<meta property=\"og:image:type\" content=\"image\/jpeg\" \/>\n<meta name=\"author\" content=\"Roberto\" \/>\n<meta name=\"twitter:card\" content=\"summary_large_image\" \/>\n<meta name=\"twitter:label1\" content=\"Escrito por\" \/>\n\t<meta name=\"twitter:data1\" content=\"Roberto\" \/>\n\t<meta name=\"twitter:label2\" content=\"Est. tempo de leitura\" \/>\n\t<meta name=\"twitter:data2\" content=\"2 minutos\" \/>\n<script type=\"application\/ld+json\" class=\"yoast-schema-graph\">{\"@context\":\"https:\\\/\\\/schema.org\",\"@graph\":[{\"@type\":\"Article\",\"@id\":\"https:\\\/\\\/regiaonews.net.br\\\/2022\\\/2026\\\/05\\\/01\\\/barretos-motorcycles-segue-nesta-sexta-com-shows-acrobacias-e-programacao-para-todos-os-publicos\\\/#article\",\"isPartOf\":{\"@id\":\"https:\\\/\\\/regiaonews.net.br\\\/2022\\\/2026\\\/05\\\/01\\\/barretos-motorcycles-segue-nesta-sexta-com-shows-acrobacias-e-programacao-para-todos-os-publicos\\\/\"},\"author\":{\"name\":\"Roberto\",\"@id\":\"https:\\\/\\\/regiaonews.net.br\\\/2022\\\/#\\\/schema\\\/person\\\/2d205a608a5aa97ac279d7a5e6d89ad8\"},\"headline\":\"Barretos Motorcycles segue nesta sexta com shows, acrobacias e programa\u00e7\u00e3o para todos os p\u00fablicos\",\"datePublished\":\"2026-05-01T15:00:41+00:00\",\"mainEntityOfPage\":{\"@id\":\"https:\\\/\\\/regiaonews.net.br\\\/2022\\\/2026\\\/05\\\/01\\\/barretos-motorcycles-segue-nesta-sexta-com-shows-acrobacias-e-programacao-para-todos-os-publicos\\\/\"},\"wordCount\":312,\"commentCount\":0,\"publisher\":{\"@id\":\"https:\\\/\\\/regiaonews.net.br\\\/2022\\\/#organization\"},\"image\":{\"@id\":\"https:\\\/\\\/regiaonews.net.br\\\/2022\\\/2026\\\/05\\\/01\\\/barretos-motorcycles-segue-nesta-sexta-com-shows-acrobacias-e-programacao-para-todos-os-publicos\\\/#primaryimage\"},\"thumbnailUrl\":\"https:\\\/\\\/regiaonews.net.br\\\/2022\\\/wp-content\\\/uploads\\\/2026\\\/05\\\/IMG-20260501-WA0215.jpg\",\"articleSection\":[\"Barretos\",\"Cidades\",\"Cotidiano\"],\"inLanguage\":\"pt-BR\",\"potentialAction\":[{\"@type\":\"CommentAction\",\"name\":\"Comment\",\"target\":[\"https:\\\/\\\/regiaonews.net.br\\\/2022\\\/2026\\\/05\\\/01\\\/barretos-motorcycles-segue-nesta-sexta-com-shows-acrobacias-e-programacao-para-todos-os-publicos\\\/#respond\"]}]},{\"@type\":\"WebPage\",\"@id\":\"https:\\\/\\\/regiaonews.net.br\\\/2022\\\/2026\\\/05\\\/01\\\/barretos-motorcycles-segue-nesta-sexta-com-shows-acrobacias-e-programacao-para-todos-os-publicos\\\/\",\"url\":\"https:\\\/\\\/regiaonews.net.br\\\/2022\\\/2026\\\/05\\\/01\\\/barretos-motorcycles-segue-nesta-sexta-com-shows-acrobacias-e-programacao-para-todos-os-publicos\\\/\",\"name\":\"Barretos Motorcycles segue nesta sexta com shows, acrobacias e programa\u00e7\u00e3o para todos os p\u00fablicos - Regi\u00e3o News\",\"isPartOf\":{\"@id\":\"https:\\\/\\\/regiaonews.net.br\\\/2022\\\/#website\"},\"primaryImageOfPage\":{\"@id\":\"https:\\\/\\\/regiaonews.net.br\\\/2022\\\/2026\\\/05\\\/01\\\/barretos-motorcycles-segue-nesta-sexta-com-shows-acrobacias-e-programacao-para-todos-os-publicos\\\/#primaryimage\"},\"image\":{\"@id\":\"https:\\\/\\\/regiaonews.net.br\\\/2022\\\/2026\\\/05\\\/01\\\/barretos-motorcycles-segue-nesta-sexta-com-shows-acrobacias-e-programacao-para-todos-os-publicos\\\/#primaryimage\"},\"thumbnailUrl\":\"https:\\\/\\\/regiaonews.net.br\\\/2022\\\/wp-content\\\/uploads\\\/2026\\\/05\\\/IMG-20260501-WA0215.jpg\",\"datePublished\":\"2026-05-01T15:00:41+00:00\",\"breadcrumb\":{\"@id\":\"https:\\\/\\\/regiaonews.net.br\\\/2022\\\/2026\\\/05\\\/01\\\/barretos-motorcycles-segue-nesta-sexta-com-shows-acrobacias-e-programacao-para-todos-os-publicos\\\/#breadcrumb\"},\"inLanguage\":\"pt-BR\",\"potentialAction\":[{\"@type\":\"ReadAction\",\"target\":[\"https:\\\/\\\/regiaonews.net.br\\\/2022\\\/2026\\\/05\\\/01\\\/barretos-motorcycles-segue-nesta-sexta-com-shows-acrobacias-e-programacao-para-todos-os-publicos\\\/\"]}]},{\"@type\":\"ImageObject\",\"inLanguage\":\"pt-BR\",\"@id\":\"https:\\\/\\\/regiaonews.net.br\\\/2022\\\/2026\\\/05\\\/01\\\/barretos-motorcycles-segue-nesta-sexta-com-shows-acrobacias-e-programacao-para-todos-os-publicos\\\/#primaryimage\",\"url\":\"https:\\\/\\\/regiaonews.net.br\\\/2022\\\/wp-content\\\/uploads\\\/2026\\\/05\\\/IMG-20260501-WA0215.jpg\",\"contentUrl\":\"https:\\\/\\\/regiaonews.net.br\\\/2022\\\/wp-content\\\/uploads\\\/2026\\\/05\\\/IMG-20260501-WA0215.jpg\",\"width\":1600,\"height\":1199},{\"@type\":\"BreadcrumbList\",\"@id\":\"https:\\\/\\\/regiaonews.net.br\\\/2022\\\/2026\\\/05\\\/01\\\/barretos-motorcycles-segue-nesta-sexta-com-shows-acrobacias-e-programacao-para-todos-os-publicos\\\/#breadcrumb\",\"itemListElement\":[{\"@type\":\"ListItem\",\"position\":1,\"name\":\"In\u00edcio\",\"item\":\"https:\\\/\\\/regiaonews.net.br\\\/2022\\\/\"},{\"@type\":\"ListItem\",\"position\":2,\"name\":\"Barretos Motorcycles segue nesta sexta com shows, acrobacias e programa\u00e7\u00e3o para todos os p\u00fablicos\"}]},{\"@type\":\"WebSite\",\"@id\":\"https:\\\/\\\/regiaonews.net.br\\\/2022\\\/#website\",\"url\":\"https:\\\/\\\/regiaonews.net.br\\\/2022\\\/\",\"name\":\"Regi\u00e3o News\",\"description\":\"Site de Not\u00edcias de Barretos e regi\u00e3o\",\"publisher\":{\"@id\":\"https:\\\/\\\/regiaonews.net.br\\\/2022\\\/#organization\"},\"potentialAction\":[{\"@type\":\"SearchAction\",\"target\":{\"@type\":\"EntryPoint\",\"urlTemplate\":\"https:\\\/\\\/regiaonews.net.br\\\/2022\\\/?s={search_term_string}\"},\"query-input\":{\"@type\":\"PropertyValueSpecification\",\"valueRequired\":true,\"valueName\":\"search_term_string\"}}],\"inLanguage\":\"pt-BR\"},{\"@type\":\"Organization\",\"@id\":\"https:\\\/\\\/regiaonews.net.br\\\/2022\\\/#organization\",\"name\":\"Regi\u00e3o News\",\"url\":\"https:\\\/\\\/regiaonews.net.br\\\/2022\\\/\",\"logo\":{\"@type\":\"ImageObject\",\"inLanguage\":\"pt-BR\",\"@id\":\"https:\\\/\\\/regiaonews.net.br\\\/2022\\\/#\\\/schema\\\/logo\\\/image\\\/\",\"url\":\"https:\\\/\\\/regiaonews.net.br\\\/2022\\\/wp-content\\\/uploads\\\/2026\\\/03\\\/regiao-13-anos-scaled.jpg\",\"contentUrl\":\"https:\\\/\\\/regiaonews.net.br\\\/2022\\\/wp-content\\\/uploads\\\/2026\\\/03\\\/regiao-13-anos-scaled.jpg\",\"width\":2560,\"height\":635,\"caption\":\"Regi\u00e3o News\"},\"image\":{\"@id\":\"https:\\\/\\\/regiaonews.net.br\\\/2022\\\/#\\\/schema\\\/logo\\\/image\\\/\"}},{\"@type\":\"Person\",\"@id\":\"https:\\\/\\\/regiaonews.net.br\\\/2022\\\/#\\\/schema\\\/person\\\/2d205a608a5aa97ac279d7a5e6d89ad8\",\"name\":\"Roberto\",\"image\":{\"@type\":\"ImageObject\",\"inLanguage\":\"pt-BR\",\"@id\":\"https:\\\/\\\/secure.gravatar.com\\\/avatar\\\/42749d8b712ff9d59ca93dc150494e5b55a44134482993f5baeb97e61b7ecc89?s=96&d=mm&r=g\",\"url\":\"https:\\\/\\\/secure.gravatar.com\\\/avatar\\\/42749d8b712ff9d59ca93dc150494e5b55a44134482993f5baeb97e61b7ecc89?s=96&d=mm&r=g\",\"contentUrl\":\"https:\\\/\\\/secure.gravatar.com\\\/avatar\\\/42749d8b712ff9d59ca93dc150494e5b55a44134482993f5baeb97e61b7ecc89?s=96&d=mm&r=g\",\"caption\":\"Roberto\"},\"url\":\"https:\\\/\\\/regiaonews.net.br\\\/2022\\\/author\\\/roberto\\\/\"}]}<\/script>\n<!-- \/ Yoast SEO plugin. -->","yoast_head_json":{"title":"Barretos Motorcycles segue nesta sexta com shows, acrobacias e programa\u00e7\u00e3o para todos os p\u00fablicos - Regi\u00e3o News","robots":{"index":"index","follow":"follow","max-snippet":"max-snippet:-1","max-image-preview":"max-image-preview:large","max-video-preview":"max-video-preview:-1"},"canonical":"https:\/\/regiaonews.net.br\/2022\/2026\/05\/01\/barretos-motorcycles-segue-nesta-sexta-com-shows-acrobacias-e-programacao-para-todos-os-publicos\/","og_locale":"pt_BR","og_type":"article","og_title":"Barretos Motorcycles segue nesta sexta com shows, acrobacias e programa\u00e7\u00e3o para todos os p\u00fablicos - Regi\u00e3o News","og_description":"&nbsp; Di Ferrero \u00e9 destaque da noite; evento conta ainda","og_url":"https:\/\/regiaonews.net.br\/2022\/2026\/05\/01\/barretos-motorcycles-segue-nesta-sexta-com-shows-acrobacias-e-programacao-para-todos-os-publicos\/","og_site_name":"Regi\u00e3o News","article_published_time":"2026-05-01T15:00:41+00:00","og_image":[{"width":1600,"height":1199,"url":"https:\/\/regiaonews.net.br\/2022\/wp-content\/uploads\/2026\/05\/IMG-20260501-WA0215.jpg","type":"image\/jpeg"}],"author":"Roberto","twitter_card":"summary_large_image","twitter_misc":{"Escrito por":"Roberto","Est. tempo de leitura":"2 minutos"},"schema":{"@context":"https:\/\/schema.org","@graph":[{"@type":"Article","@id":"https:\/\/regiaonews.net.br\/2022\/2026\/05\/01\/barretos-motorcycles-segue-nesta-sexta-com-shows-acrobacias-e-programacao-para-todos-os-publicos\/#article","isPartOf":{"@id":"https:\/\/regiaonews.net.br\/2022\/2026\/05\/01\/barretos-motorcycles-segue-nesta-sexta-com-shows-acrobacias-e-programacao-para-todos-os-publicos\/"},"author":{"name":"Roberto","@id":"https:\/\/regiaonews.net.br\/2022\/#\/schema\/person\/2d205a608a5aa97ac279d7a5e6d89ad8"},"headline":"Barretos Motorcycles segue nesta sexta com shows, acrobacias e programa\u00e7\u00e3o para todos os p\u00fablicos","datePublished":"2026-05-01T15:00:41+00:00","mainEntityOfPage":{"@id":"https:\/\/regiaonews.net.br\/2022\/2026\/05\/01\/barretos-motorcycles-segue-nesta-sexta-com-shows-acrobacias-e-programacao-para-todos-os-publicos\/"},"wordCount":312,"commentCount":0,"publisher":{"@id":"https:\/\/regiaonews.net.br\/2022\/#organization"},"image":{"@id":"https:\/\/regiaonews.net.br\/2022\/2026\/05\/01\/barretos-motorcycles-segue-nesta-sexta-com-shows-acrobacias-e-programacao-para-todos-os-publicos\/#primaryimage"},"thumbnailUrl":"https:\/\/regiaonews.net.br\/2022\/wp-content\/uploads\/2026\/05\/IMG-20260501-WA0215.jpg","articleSection":["Barretos","Cidades","Cotidiano"],"inLanguage":"pt-BR","potentialAction":[{"@type":"CommentAction","name":"Comment","target":["https:\/\/regiaonews.net.br\/2022\/2026\/05\/01\/barretos-motorcycles-segue-nesta-sexta-com-shows-acrobacias-e-programacao-para-todos-os-publicos\/#respond"]}]},{"@type":"WebPage","@id":"https:\/\/regiaonews.net.br\/2022\/2026\/05\/01\/barretos-motorcycles-segue-nesta-sexta-com-shows-acrobacias-e-programacao-para-todos-os-publicos\/","url":"https:\/\/regiaonews.net.br\/2022\/2026\/05\/01\/barretos-motorcycles-segue-nesta-sexta-com-shows-acrobacias-e-programacao-para-todos-os-publicos\/","name":"Barretos Motorcycles segue nesta sexta com shows, acrobacias e programa\u00e7\u00e3o para todos os p\u00fablicos - Regi\u00e3o News","isPartOf":{"@id":"https:\/\/regiaonews.net.br\/2022\/#website"},"primaryImageOfPage":{"@id":"https:\/\/regiaonews.net.br\/2022\/2026\/05\/01\/barretos-motorcycles-segue-nesta-sexta-com-shows-acrobacias-e-programacao-para-todos-os-publicos\/#primaryimage"},"image":{"@id":"https:\/\/regiaonews.net.br\/2022\/2026\/05\/01\/barretos-motorcycles-segue-nesta-sexta-com-shows-acrobacias-e-programacao-para-todos-os-publicos\/#primaryimage"},"thumbnailUrl":"https:\/\/regiaonews.net.br\/2022\/wp-content\/uploads\/2026\/05\/IMG-20260501-WA0215.jpg","datePublished":"2026-05-01T15:00:41+00:00","breadcrumb":{"@id":"https:\/\/regiaonews.net.br\/2022\/2026\/05\/01\/barretos-motorcycles-segue-nesta-sexta-com-shows-acrobacias-e-programacao-para-todos-os-publicos\/#breadcrumb"},"inLanguage":"pt-BR","potentialAction":[{"@type":"ReadAction","target":["https:\/\/regiaonews.net.br\/2022\/2026\/05\/01\/barretos-motorcycles-segue-nesta-sexta-com-shows-acrobacias-e-programacao-para-todos-os-publicos\/"]}]},{"@type":"ImageObject","inLanguage":"pt-BR","@id":"https:\/\/regiaonews.net.br\/2022\/2026\/05\/01\/barretos-motorcycles-segue-nesta-sexta-com-shows-acrobacias-e-programacao-para-todos-os-publicos\/#primaryimage","url":"https:\/\/regiaonews.net.br\/2022\/wp-content\/uploads\/2026\/05\/IMG-20260501-WA0215.jpg","contentUrl":"https:\/\/regiaonews.net.br\/2022\/wp-content\/uploads\/2026\/05\/IMG-20260501-WA0215.jpg","width":1600,"height":1199},{"@type":"BreadcrumbList","@id":"https:\/\/regiaonews.net.br\/2022\/2026\/05\/01\/barretos-motorcycles-segue-nesta-sexta-com-shows-acrobacias-e-programacao-para-todos-os-publicos\/#breadcrumb","itemListElement":[{"@type":"ListItem","position":1,"name":"In\u00edcio","item":"https:\/\/regiaonews.net.br\/2022\/"},{"@type":"ListItem","position":2,"name":"Barretos Motorcycles segue nesta sexta com shows, acrobacias e programa\u00e7\u00e3o para todos os p\u00fablicos"}]},{"@type":"WebSite","@id":"https:\/\/regiaonews.net.br\/2022\/#website","url":"https:\/\/regiaonews.net.br\/2022\/","name":"Regi\u00e3o News","description":"Site de Not\u00edcias de Barretos e regi\u00e3o","publisher":{"@id":"https:\/\/regiaonews.net.br\/2022\/#organization"},"potentialAction":[{"@type":"SearchAction","target":{"@type":"EntryPoint","urlTemplate":"https:\/\/regiaonews.net.br\/2022\/?s={search_term_string}"},"query-input":{"@type":"PropertyValueSpecification","valueRequired":true,"valueName":"search_term_string"}}],"inLanguage":"pt-BR"},{"@type":"Organization","@id":"https:\/\/regiaonews.net.br\/2022\/#organization","name":"Regi\u00e3o News","url":"https:\/\/regiaonews.net.br\/2022\/","logo":{"@type":"ImageObject","inLanguage":"pt-BR","@id":"https:\/\/regiaonews.net.br\/2022\/#\/schema\/logo\/image\/","url":"https:\/\/regiaonews.net.br\/2022\/wp-content\/uploads\/2026\/03\/regiao-13-anos-scaled.jpg","contentUrl":"https:\/\/regiaonews.net.br\/2022\/wp-content\/uploads\/2026\/03\/regiao-13-anos-scaled.jpg","width":2560,"height":635,"caption":"Regi\u00e3o News"},"image":{"@id":"https:\/\/regiaonews.net.br\/2022\/#\/schema\/logo\/image\/"}},{"@type":"Person","@id":"https:\/\/regiaonews.net.br\/2022\/#\/schema\/person\/2d205a608a5aa97ac279d7a5e6d89ad8","name":"Roberto","image":{"@type":"ImageObject","inLanguage":"pt-BR","@id":"https:\/\/secure.gravatar.com\/avatar\/42749d8b712ff9d59ca93dc150494e5b55a44134482993f5baeb97e61b7ecc89?s=96&d=mm&r=g","url":"https:\/\/secure.gravatar.com\/avatar\/42749d8b712ff9d59ca93dc150494e5b55a44134482993f5baeb97e61b7ecc89?s=96&d=mm&r=g","contentUrl":"https:\/\/secure.gravatar.com\/avatar\/42749d8b712ff9d59ca93dc150494e5b55a44134482993f5baeb97e61b7ecc89?s=96&d=mm&r=g","caption":"Roberto"},"url":"https:\/\/regiaonews.net.br\/2022\/author\/roberto\/"}]}},"publishpress_future_action":{"enabled":false,"date":"2026-05-08 14:47:10","action":"change-status","newStatus":"draft","terms":[],"taxonomy":"category","extraData":[]},"publishpress_future_workflow_manual_trigger":{"enabledWorkflows":[]},"_links":{"self":[{"href":"https:\/\/regiaonews.net.br\/2022\/wp-json\/wp\/v2\/posts\/128189","targetHints":{"allow":["GET"]}}],"collection":[{"href":"https:\/\/regiaonews.net.br\/2022\/wp-json\/wp\/v2\/posts"}],"about":[{"href":"https:\/\/regiaonews.net.br\/2022\/wp-json\/wp\/v2\/types\/post"}],"author":[{"embeddable":true,"href":"https:\/\/regiaonews.net.br\/2022\/wp-json\/wp\/v2\/users\/2"}],"replies":[{"embeddable":true,"href":"https:\/\/regiaonews.net.br\/2022\/wp-json\/wp\/v2\/comments?post=128189"}],"version-history":[{"count":1,"href":"https:\/\/regiaonews.net.br\/2022\/wp-json\/wp\/v2\/posts\/128189\/revisions"}],"predecessor-version":[{"id":128191,"href":"https:\/\/regiaonews.net.br\/2022\/wp-json\/wp\/v2\/posts\/128189\/revisions\/128191"}],"wp:featuredmedia":[{"embeddable":true,"href":"https:\/\/regiaonews.net.br\/2022\/wp-json\/wp\/v2\/media\/128190"}],"wp:attachment":[{"href":"https:\/\/regiaonews.net.br\/2022\/wp-json\/wp\/v2\/media?parent=128189"}],"wp:term":[{"taxonomy":"category","embeddable":true,"href":"https:\/\/regiaonews.net.br\/2022\/wp-json\/wp\/v2\/categories?post=128189"},{"taxonomy":"post_tag","embeddable":true,"href":"https:\/\/regiaonews.net.br\/2022\/wp-json\/wp\/v2\/tags?post=128189"}],"curies":[{"name":"wp","href":"https:\/\/api.w.org\/{rel}","templated":true}]}}