{"id":128182,"date":"2026-04-30T19:59:02","date_gmt":"2026-04-30T22:59:02","guid":{"rendered":"https:\/\/regiaonews.net.br\/2022\/?p=128182"},"modified":"2026-04-30T19:59:57","modified_gmt":"2026-04-30T22:59:57","slug":"artigo-1o-de-maio-o-eclipse-do-trabalhador-na-era-da-eficiencia-algoritmica","status":"publish","type":"post","link":"https:\/\/regiaonews.net.br\/2022\/2026\/04\/30\/artigo-1o-de-maio-o-eclipse-do-trabalhador-na-era-da-eficiencia-algoritmica\/","title":{"rendered":"Artigo: 1\u00ba de Maio: O Eclipse do Trabalhador na Era da Efici\u00eancia Algor\u00edtmica"},"content":{"rendered":"<p>&nbsp;<\/p>\n<p>O Dia do Trabalhador nasceu do sangue e da resist\u00eancia contra a desumaniza\u00e7\u00e3o nas f\u00e1bricas do s\u00e9culo XIX. Em 2026, a ironia \u00e9 amarga: enquanto celebramos a data, enfrentamos uma desumaniza\u00e7\u00e3o de nova esp\u00e9cie. A Intelig\u00eancia Artificial (IA) n\u00e3o est\u00e1 apenas automatizando tarefas; ela est\u00e1 redefinindo o valor da exist\u00eancia humana em termos estritamente produtivos, muitas vezes ignorando a prote\u00e7\u00e3o \u00e0 vida e \u00e0 dignidade.<\/p>\n<p>A Ilus\u00e3o da Colabora\u00e7\u00e3o e a Realidade da Substitui\u00e7\u00e3o<\/p>\n<p>O discurso corporativo costuma suavizar a transi\u00e7\u00e3o com termos como &#8220;coexist\u00eancia&#8221; ou &#8220;aumento de capacidades&#8221;. No entanto, a pr\u00e1tica revela uma face mais cruel: a busca incessante pela redu\u00e7\u00e3o de custos operacionais atrav\u00e9s da substitui\u00e7\u00e3o do capital humano por algoritmos.<\/p>\n<p>O Abismo da Des-prote\u00e7\u00e3o<\/p>\n<p>Diferente das revolu\u00e7\u00f5es industriais anteriores, a velocidade da era da IA n\u00e3o permite o tempo necess\u00e1rio para o remanejamento da for\u00e7a de trabalho. \u00c9 o momento de aplicarmos as teses de Dom\u00eanico De Masi e o \u00f3cio criativo, onde vamos ter que recriar o trabalho para que todos possam estar integrado ao sistema de produ\u00e7\u00e3o e consumo.<\/p>\n<p>Obsolesc\u00eancia Programada do Trabalhador: Profiss\u00f5es inteiras desaparecem em meses, enquanto sistemas de seguridade social permanecem ancorados em modelos do s\u00e9culo passado.<\/p>\n<p>O &#8220;Trabalhador Fantasma&#8221;: Milhares de pessoas em pa\u00edses em desenvolvimento s\u00e3o submetidas a jornadas exaustivas para treinar IAs (rotulagem de dados) por sal\u00e1rios \u00ednfimos, sem qualquer direito trabalhista ou reconhecimento, operando como as engrenagens invis\u00edveis do &#8220;progresso&#8221;.<\/p>\n<p>A Eros\u00e3o da Classe M\u00e9dia Intelectual: O impacto agora atinge o setor de servi\u00e7os e \u00e1reas criativas, criando uma massa de profissionais qualificados sem mercado, sem rede de prote\u00e7\u00e3o e sem perspectiva de requalifica\u00e7\u00e3o.<\/p>\n<p>Efici\u00eancia Log\u00edstica x Dignidade Humana<\/p>\n<p>A l\u00f3gica da robotiza\u00e7\u00e3o \u00e9 mais produ\u00e7\u00e3o. O problema reside em que a &#8220;vida humana&#8221; \u00e9 irrelevante sob o olhar do capital: precisamos de descanso, temos limita\u00e7\u00f5es biol\u00f3gicas e exigimos direitos.<\/p>\n<p>O Perigo do V\u00e1cuo Pol\u00edtico: A tecnologia avan\u00e7ou na velocidade da luz, enquanto as pol\u00edticas de prote\u00e7\u00e3o &#8211; como a Renda B\u00e1sica Universal ou a taxa\u00e7\u00e3o sobre grandes empresas de tecnologia &#8211; rastejam em debates legislativos intermin\u00e1veis. O resultado \u00e9 um cen\u00e1rio onde a inova\u00e7\u00e3o gera riqueza para poucos e precariedade para muitos.<\/p>\n<p>O 1\u00ba de Maio como Grito de Resist\u00eancia<\/p>\n<p>N\u00e3o basta celebrar o trabalho se o trabalhador est\u00e1 sendo descartado como um componente de hardware obsoleto. Este 1\u00ba de Maio deve ser um chamado \u00e0 soberania humana.<\/p>\n<p>Pautas Urgentes para a Era da IA:<\/p>\n<p>Soberania dos Dados: O trabalhador deve ser dono dos dados que gerou e que treinaram a IA que agora tenta substitu\u00ed-lo.<\/p>\n<p>Redu\u00e7\u00e3o da Jornada sem Redu\u00e7\u00e3o de Sal\u00e1rio: Se a produtividade aumentou exponencialmente com a IA, esse ganho deve ser revertido em tempo de vida para o humano, n\u00e3o apenas em lucro para o acionista.<\/p>\n<p>Responsabilidade Algor\u00edtmica: Empresas devem ser legalmente respons\u00e1veis pelos impactos sociais do deslocamento provocado por suas tecnologias.<\/p>\n<p>Jos\u00e9 Geraldo Resende \u2013 Cursou a Faculdade de Teatro no Centro Universit\u00e1rio Bar\u00e3o de Mau\u00e1\/Ribeir\u00e3o Preto\/SP; \u00e9 Bacharel em Direito pelo Centro Universit\u00e1rio da Funda\u00e7\u00e3o Educacional de Barretos\/SP; e, estudou P\u00f3s-gradua\u00e7\u00e3o em Especializa\u00e7\u00e3o em Educa\u00e7\u00e3o e Patrim\u00f4nio Cultural e Art\u00edstico, lato sensu pelo Inst.Art.\/UnB. &#8211; Cursando MBA em Gest\u00e3o e Transforma\u00e7\u00e3o Digital &#8211; ECA\/USP, e &#8211; P\u00f3s-Gradua\u00e7\u00e3o em Teoria Cr\u00edtica da Sociedade- ICL\/FESPSP.<\/p>\n<p>&nbsp;<\/p>\n<p>&nbsp;<\/p>\n<p>&nbsp;<\/p>\n","protected":false},"excerpt":{"rendered":"<p>&nbsp; O Dia do Trabalhador nasceu do sangue e da<\/p>\n","protected":false},"author":2,"featured_media":128184,"comment_status":"open","ping_status":"open","sticky":false,"template":"","format":"standard","meta":{"footnotes":""},"categories":[79,25,111],"tags":[],"class_list":["post-128182","post","type-post","status-publish","format-standard","has-post-thumbnail","hentry","category-artigo","category-cidades","category-cotidiano"],"yoast_head":"<!-- This site is optimized with the Yoast SEO plugin v27.5 - https:\/\/yoast.com\/product\/yoast-seo-wordpress\/ -->\n<title>Artigo: 1\u00ba de Maio: O Eclipse do Trabalhador na Era da Efici\u00eancia Algor\u00edtmica - Regi\u00e3o News<\/title>\n<meta name=\"robots\" content=\"index, follow, max-snippet:-1, max-image-preview:large, max-video-preview:-1\" \/>\n<link rel=\"canonical\" href=\"https:\/\/regiaonews.net.br\/2022\/2026\/04\/30\/artigo-1o-de-maio-o-eclipse-do-trabalhador-na-era-da-eficiencia-algoritmica\/\" \/>\n<meta property=\"og:locale\" content=\"pt_BR\" \/>\n<meta property=\"og:type\" content=\"article\" \/>\n<meta property=\"og:title\" content=\"Artigo: 1\u00ba de Maio: O Eclipse do Trabalhador na Era da Efici\u00eancia Algor\u00edtmica - Regi\u00e3o News\" \/>\n<meta property=\"og:description\" content=\"&nbsp; O Dia do Trabalhador nasceu do sangue e da\" \/>\n<meta property=\"og:url\" content=\"https:\/\/regiaonews.net.br\/2022\/2026\/04\/30\/artigo-1o-de-maio-o-eclipse-do-trabalhador-na-era-da-eficiencia-algoritmica\/\" \/>\n<meta property=\"og:site_name\" content=\"Regi\u00e3o News\" \/>\n<meta property=\"article:published_time\" content=\"2026-04-30T22:59:02+00:00\" \/>\n<meta property=\"article:modified_time\" content=\"2026-04-30T22:59:57+00:00\" \/>\n<meta property=\"og:image\" content=\"https:\/\/regiaonews.net.br\/2022\/wp-content\/uploads\/2026\/04\/IMG-20260213-WA0612.jpg\" \/>\n\t<meta property=\"og:image:width\" content=\"460\" \/>\n\t<meta property=\"og:image:height\" content=\"530\" \/>\n\t<meta property=\"og:image:type\" content=\"image\/jpeg\" \/>\n<meta name=\"author\" content=\"Roberto\" \/>\n<meta name=\"twitter:card\" content=\"summary_large_image\" \/>\n<meta name=\"twitter:label1\" content=\"Escrito por\" \/>\n\t<meta name=\"twitter:data1\" content=\"Roberto\" \/>\n\t<meta name=\"twitter:label2\" content=\"Est. tempo de leitura\" \/>\n\t<meta name=\"twitter:data2\" content=\"4 minutos\" \/>\n<script type=\"application\/ld+json\" class=\"yoast-schema-graph\">{\"@context\":\"https:\\\/\\\/schema.org\",\"@graph\":[{\"@type\":\"Article\",\"@id\":\"https:\\\/\\\/regiaonews.net.br\\\/2022\\\/2026\\\/04\\\/30\\\/artigo-1o-de-maio-o-eclipse-do-trabalhador-na-era-da-eficiencia-algoritmica\\\/#article\",\"isPartOf\":{\"@id\":\"https:\\\/\\\/regiaonews.net.br\\\/2022\\\/2026\\\/04\\\/30\\\/artigo-1o-de-maio-o-eclipse-do-trabalhador-na-era-da-eficiencia-algoritmica\\\/\"},\"author\":{\"name\":\"Roberto\",\"@id\":\"https:\\\/\\\/regiaonews.net.br\\\/2022\\\/#\\\/schema\\\/person\\\/2d205a608a5aa97ac279d7a5e6d89ad8\"},\"headline\":\"Artigo: 1\u00ba de Maio: O Eclipse do Trabalhador na Era da Efici\u00eancia Algor\u00edtmica\",\"datePublished\":\"2026-04-30T22:59:02+00:00\",\"dateModified\":\"2026-04-30T22:59:57+00:00\",\"mainEntityOfPage\":{\"@id\":\"https:\\\/\\\/regiaonews.net.br\\\/2022\\\/2026\\\/04\\\/30\\\/artigo-1o-de-maio-o-eclipse-do-trabalhador-na-era-da-eficiencia-algoritmica\\\/\"},\"wordCount\":625,\"commentCount\":0,\"publisher\":{\"@id\":\"https:\\\/\\\/regiaonews.net.br\\\/2022\\\/#organization\"},\"image\":{\"@id\":\"https:\\\/\\\/regiaonews.net.br\\\/2022\\\/2026\\\/04\\\/30\\\/artigo-1o-de-maio-o-eclipse-do-trabalhador-na-era-da-eficiencia-algoritmica\\\/#primaryimage\"},\"thumbnailUrl\":\"https:\\\/\\\/regiaonews.net.br\\\/2022\\\/wp-content\\\/uploads\\\/2026\\\/04\\\/IMG-20260213-WA0612.jpg\",\"articleSection\":[\"Artigo\",\"Cidades\",\"Cotidiano\"],\"inLanguage\":\"pt-BR\",\"potentialAction\":[{\"@type\":\"CommentAction\",\"name\":\"Comment\",\"target\":[\"https:\\\/\\\/regiaonews.net.br\\\/2022\\\/2026\\\/04\\\/30\\\/artigo-1o-de-maio-o-eclipse-do-trabalhador-na-era-da-eficiencia-algoritmica\\\/#respond\"]}]},{\"@type\":\"WebPage\",\"@id\":\"https:\\\/\\\/regiaonews.net.br\\\/2022\\\/2026\\\/04\\\/30\\\/artigo-1o-de-maio-o-eclipse-do-trabalhador-na-era-da-eficiencia-algoritmica\\\/\",\"url\":\"https:\\\/\\\/regiaonews.net.br\\\/2022\\\/2026\\\/04\\\/30\\\/artigo-1o-de-maio-o-eclipse-do-trabalhador-na-era-da-eficiencia-algoritmica\\\/\",\"name\":\"Artigo: 1\u00ba de Maio: O Eclipse do Trabalhador na Era da Efici\u00eancia Algor\u00edtmica - Regi\u00e3o News\",\"isPartOf\":{\"@id\":\"https:\\\/\\\/regiaonews.net.br\\\/2022\\\/#website\"},\"primaryImageOfPage\":{\"@id\":\"https:\\\/\\\/regiaonews.net.br\\\/2022\\\/2026\\\/04\\\/30\\\/artigo-1o-de-maio-o-eclipse-do-trabalhador-na-era-da-eficiencia-algoritmica\\\/#primaryimage\"},\"image\":{\"@id\":\"https:\\\/\\\/regiaonews.net.br\\\/2022\\\/2026\\\/04\\\/30\\\/artigo-1o-de-maio-o-eclipse-do-trabalhador-na-era-da-eficiencia-algoritmica\\\/#primaryimage\"},\"thumbnailUrl\":\"https:\\\/\\\/regiaonews.net.br\\\/2022\\\/wp-content\\\/uploads\\\/2026\\\/04\\\/IMG-20260213-WA0612.jpg\",\"datePublished\":\"2026-04-30T22:59:02+00:00\",\"dateModified\":\"2026-04-30T22:59:57+00:00\",\"breadcrumb\":{\"@id\":\"https:\\\/\\\/regiaonews.net.br\\\/2022\\\/2026\\\/04\\\/30\\\/artigo-1o-de-maio-o-eclipse-do-trabalhador-na-era-da-eficiencia-algoritmica\\\/#breadcrumb\"},\"inLanguage\":\"pt-BR\",\"potentialAction\":[{\"@type\":\"ReadAction\",\"target\":[\"https:\\\/\\\/regiaonews.net.br\\\/2022\\\/2026\\\/04\\\/30\\\/artigo-1o-de-maio-o-eclipse-do-trabalhador-na-era-da-eficiencia-algoritmica\\\/\"]}]},{\"@type\":\"ImageObject\",\"inLanguage\":\"pt-BR\",\"@id\":\"https:\\\/\\\/regiaonews.net.br\\\/2022\\\/2026\\\/04\\\/30\\\/artigo-1o-de-maio-o-eclipse-do-trabalhador-na-era-da-eficiencia-algoritmica\\\/#primaryimage\",\"url\":\"https:\\\/\\\/regiaonews.net.br\\\/2022\\\/wp-content\\\/uploads\\\/2026\\\/04\\\/IMG-20260213-WA0612.jpg\",\"contentUrl\":\"https:\\\/\\\/regiaonews.net.br\\\/2022\\\/wp-content\\\/uploads\\\/2026\\\/04\\\/IMG-20260213-WA0612.jpg\",\"width\":460,\"height\":530},{\"@type\":\"BreadcrumbList\",\"@id\":\"https:\\\/\\\/regiaonews.net.br\\\/2022\\\/2026\\\/04\\\/30\\\/artigo-1o-de-maio-o-eclipse-do-trabalhador-na-era-da-eficiencia-algoritmica\\\/#breadcrumb\",\"itemListElement\":[{\"@type\":\"ListItem\",\"position\":1,\"name\":\"In\u00edcio\",\"item\":\"https:\\\/\\\/regiaonews.net.br\\\/2022\\\/\"},{\"@type\":\"ListItem\",\"position\":2,\"name\":\"Artigo: 1\u00ba de Maio: O Eclipse do Trabalhador na Era da Efici\u00eancia Algor\u00edtmica\"}]},{\"@type\":\"WebSite\",\"@id\":\"https:\\\/\\\/regiaonews.net.br\\\/2022\\\/#website\",\"url\":\"https:\\\/\\\/regiaonews.net.br\\\/2022\\\/\",\"name\":\"Regi\u00e3o News\",\"description\":\"Site de Not\u00edcias de Barretos e regi\u00e3o\",\"publisher\":{\"@id\":\"https:\\\/\\\/regiaonews.net.br\\\/2022\\\/#organization\"},\"potentialAction\":[{\"@type\":\"SearchAction\",\"target\":{\"@type\":\"EntryPoint\",\"urlTemplate\":\"https:\\\/\\\/regiaonews.net.br\\\/2022\\\/?s={search_term_string}\"},\"query-input\":{\"@type\":\"PropertyValueSpecification\",\"valueRequired\":true,\"valueName\":\"search_term_string\"}}],\"inLanguage\":\"pt-BR\"},{\"@type\":\"Organization\",\"@id\":\"https:\\\/\\\/regiaonews.net.br\\\/2022\\\/#organization\",\"name\":\"Regi\u00e3o News\",\"url\":\"https:\\\/\\\/regiaonews.net.br\\\/2022\\\/\",\"logo\":{\"@type\":\"ImageObject\",\"inLanguage\":\"pt-BR\",\"@id\":\"https:\\\/\\\/regiaonews.net.br\\\/2022\\\/#\\\/schema\\\/logo\\\/image\\\/\",\"url\":\"https:\\\/\\\/regiaonews.net.br\\\/2022\\\/wp-content\\\/uploads\\\/2026\\\/03\\\/regiao-13-anos-scaled.jpg\",\"contentUrl\":\"https:\\\/\\\/regiaonews.net.br\\\/2022\\\/wp-content\\\/uploads\\\/2026\\\/03\\\/regiao-13-anos-scaled.jpg\",\"width\":2560,\"height\":635,\"caption\":\"Regi\u00e3o News\"},\"image\":{\"@id\":\"https:\\\/\\\/regiaonews.net.br\\\/2022\\\/#\\\/schema\\\/logo\\\/image\\\/\"}},{\"@type\":\"Person\",\"@id\":\"https:\\\/\\\/regiaonews.net.br\\\/2022\\\/#\\\/schema\\\/person\\\/2d205a608a5aa97ac279d7a5e6d89ad8\",\"name\":\"Roberto\",\"image\":{\"@type\":\"ImageObject\",\"inLanguage\":\"pt-BR\",\"@id\":\"https:\\\/\\\/secure.gravatar.com\\\/avatar\\\/42749d8b712ff9d59ca93dc150494e5b55a44134482993f5baeb97e61b7ecc89?s=96&d=mm&r=g\",\"url\":\"https:\\\/\\\/secure.gravatar.com\\\/avatar\\\/42749d8b712ff9d59ca93dc150494e5b55a44134482993f5baeb97e61b7ecc89?s=96&d=mm&r=g\",\"contentUrl\":\"https:\\\/\\\/secure.gravatar.com\\\/avatar\\\/42749d8b712ff9d59ca93dc150494e5b55a44134482993f5baeb97e61b7ecc89?s=96&d=mm&r=g\",\"caption\":\"Roberto\"},\"url\":\"https:\\\/\\\/regiaonews.net.br\\\/2022\\\/author\\\/roberto\\\/\"}]}<\/script>\n<!-- \/ Yoast SEO plugin. -->","yoast_head_json":{"title":"Artigo: 1\u00ba de Maio: O Eclipse do Trabalhador na Era da Efici\u00eancia Algor\u00edtmica - Regi\u00e3o News","robots":{"index":"index","follow":"follow","max-snippet":"max-snippet:-1","max-image-preview":"max-image-preview:large","max-video-preview":"max-video-preview:-1"},"canonical":"https:\/\/regiaonews.net.br\/2022\/2026\/04\/30\/artigo-1o-de-maio-o-eclipse-do-trabalhador-na-era-da-eficiencia-algoritmica\/","og_locale":"pt_BR","og_type":"article","og_title":"Artigo: 1\u00ba de Maio: O Eclipse do Trabalhador na Era da Efici\u00eancia Algor\u00edtmica - Regi\u00e3o News","og_description":"&nbsp; O Dia do Trabalhador nasceu do sangue e da","og_url":"https:\/\/regiaonews.net.br\/2022\/2026\/04\/30\/artigo-1o-de-maio-o-eclipse-do-trabalhador-na-era-da-eficiencia-algoritmica\/","og_site_name":"Regi\u00e3o News","article_published_time":"2026-04-30T22:59:02+00:00","article_modified_time":"2026-04-30T22:59:57+00:00","og_image":[{"width":460,"height":530,"url":"https:\/\/regiaonews.net.br\/2022\/wp-content\/uploads\/2026\/04\/IMG-20260213-WA0612.jpg","type":"image\/jpeg"}],"author":"Roberto","twitter_card":"summary_large_image","twitter_misc":{"Escrito por":"Roberto","Est. tempo de leitura":"4 minutos"},"schema":{"@context":"https:\/\/schema.org","@graph":[{"@type":"Article","@id":"https:\/\/regiaonews.net.br\/2022\/2026\/04\/30\/artigo-1o-de-maio-o-eclipse-do-trabalhador-na-era-da-eficiencia-algoritmica\/#article","isPartOf":{"@id":"https:\/\/regiaonews.net.br\/2022\/2026\/04\/30\/artigo-1o-de-maio-o-eclipse-do-trabalhador-na-era-da-eficiencia-algoritmica\/"},"author":{"name":"Roberto","@id":"https:\/\/regiaonews.net.br\/2022\/#\/schema\/person\/2d205a608a5aa97ac279d7a5e6d89ad8"},"headline":"Artigo: 1\u00ba de Maio: O Eclipse do Trabalhador na Era da Efici\u00eancia Algor\u00edtmica","datePublished":"2026-04-30T22:59:02+00:00","dateModified":"2026-04-30T22:59:57+00:00","mainEntityOfPage":{"@id":"https:\/\/regiaonews.net.br\/2022\/2026\/04\/30\/artigo-1o-de-maio-o-eclipse-do-trabalhador-na-era-da-eficiencia-algoritmica\/"},"wordCount":625,"commentCount":0,"publisher":{"@id":"https:\/\/regiaonews.net.br\/2022\/#organization"},"image":{"@id":"https:\/\/regiaonews.net.br\/2022\/2026\/04\/30\/artigo-1o-de-maio-o-eclipse-do-trabalhador-na-era-da-eficiencia-algoritmica\/#primaryimage"},"thumbnailUrl":"https:\/\/regiaonews.net.br\/2022\/wp-content\/uploads\/2026\/04\/IMG-20260213-WA0612.jpg","articleSection":["Artigo","Cidades","Cotidiano"],"inLanguage":"pt-BR","potentialAction":[{"@type":"CommentAction","name":"Comment","target":["https:\/\/regiaonews.net.br\/2022\/2026\/04\/30\/artigo-1o-de-maio-o-eclipse-do-trabalhador-na-era-da-eficiencia-algoritmica\/#respond"]}]},{"@type":"WebPage","@id":"https:\/\/regiaonews.net.br\/2022\/2026\/04\/30\/artigo-1o-de-maio-o-eclipse-do-trabalhador-na-era-da-eficiencia-algoritmica\/","url":"https:\/\/regiaonews.net.br\/2022\/2026\/04\/30\/artigo-1o-de-maio-o-eclipse-do-trabalhador-na-era-da-eficiencia-algoritmica\/","name":"Artigo: 1\u00ba de Maio: O Eclipse do Trabalhador na Era da Efici\u00eancia Algor\u00edtmica - Regi\u00e3o News","isPartOf":{"@id":"https:\/\/regiaonews.net.br\/2022\/#website"},"primaryImageOfPage":{"@id":"https:\/\/regiaonews.net.br\/2022\/2026\/04\/30\/artigo-1o-de-maio-o-eclipse-do-trabalhador-na-era-da-eficiencia-algoritmica\/#primaryimage"},"image":{"@id":"https:\/\/regiaonews.net.br\/2022\/2026\/04\/30\/artigo-1o-de-maio-o-eclipse-do-trabalhador-na-era-da-eficiencia-algoritmica\/#primaryimage"},"thumbnailUrl":"https:\/\/regiaonews.net.br\/2022\/wp-content\/uploads\/2026\/04\/IMG-20260213-WA0612.jpg","datePublished":"2026-04-30T22:59:02+00:00","dateModified":"2026-04-30T22:59:57+00:00","breadcrumb":{"@id":"https:\/\/regiaonews.net.br\/2022\/2026\/04\/30\/artigo-1o-de-maio-o-eclipse-do-trabalhador-na-era-da-eficiencia-algoritmica\/#breadcrumb"},"inLanguage":"pt-BR","potentialAction":[{"@type":"ReadAction","target":["https:\/\/regiaonews.net.br\/2022\/2026\/04\/30\/artigo-1o-de-maio-o-eclipse-do-trabalhador-na-era-da-eficiencia-algoritmica\/"]}]},{"@type":"ImageObject","inLanguage":"pt-BR","@id":"https:\/\/regiaonews.net.br\/2022\/2026\/04\/30\/artigo-1o-de-maio-o-eclipse-do-trabalhador-na-era-da-eficiencia-algoritmica\/#primaryimage","url":"https:\/\/regiaonews.net.br\/2022\/wp-content\/uploads\/2026\/04\/IMG-20260213-WA0612.jpg","contentUrl":"https:\/\/regiaonews.net.br\/2022\/wp-content\/uploads\/2026\/04\/IMG-20260213-WA0612.jpg","width":460,"height":530},{"@type":"BreadcrumbList","@id":"https:\/\/regiaonews.net.br\/2022\/2026\/04\/30\/artigo-1o-de-maio-o-eclipse-do-trabalhador-na-era-da-eficiencia-algoritmica\/#breadcrumb","itemListElement":[{"@type":"ListItem","position":1,"name":"In\u00edcio","item":"https:\/\/regiaonews.net.br\/2022\/"},{"@type":"ListItem","position":2,"name":"Artigo: 1\u00ba de Maio: O Eclipse do Trabalhador na Era da Efici\u00eancia Algor\u00edtmica"}]},{"@type":"WebSite","@id":"https:\/\/regiaonews.net.br\/2022\/#website","url":"https:\/\/regiaonews.net.br\/2022\/","name":"Regi\u00e3o News","description":"Site de Not\u00edcias de Barretos e regi\u00e3o","publisher":{"@id":"https:\/\/regiaonews.net.br\/2022\/#organization"},"potentialAction":[{"@type":"SearchAction","target":{"@type":"EntryPoint","urlTemplate":"https:\/\/regiaonews.net.br\/2022\/?s={search_term_string}"},"query-input":{"@type":"PropertyValueSpecification","valueRequired":true,"valueName":"search_term_string"}}],"inLanguage":"pt-BR"},{"@type":"Organization","@id":"https:\/\/regiaonews.net.br\/2022\/#organization","name":"Regi\u00e3o News","url":"https:\/\/regiaonews.net.br\/2022\/","logo":{"@type":"ImageObject","inLanguage":"pt-BR","@id":"https:\/\/regiaonews.net.br\/2022\/#\/schema\/logo\/image\/","url":"https:\/\/regiaonews.net.br\/2022\/wp-content\/uploads\/2026\/03\/regiao-13-anos-scaled.jpg","contentUrl":"https:\/\/regiaonews.net.br\/2022\/wp-content\/uploads\/2026\/03\/regiao-13-anos-scaled.jpg","width":2560,"height":635,"caption":"Regi\u00e3o News"},"image":{"@id":"https:\/\/regiaonews.net.br\/2022\/#\/schema\/logo\/image\/"}},{"@type":"Person","@id":"https:\/\/regiaonews.net.br\/2022\/#\/schema\/person\/2d205a608a5aa97ac279d7a5e6d89ad8","name":"Roberto","image":{"@type":"ImageObject","inLanguage":"pt-BR","@id":"https:\/\/secure.gravatar.com\/avatar\/42749d8b712ff9d59ca93dc150494e5b55a44134482993f5baeb97e61b7ecc89?s=96&d=mm&r=g","url":"https:\/\/secure.gravatar.com\/avatar\/42749d8b712ff9d59ca93dc150494e5b55a44134482993f5baeb97e61b7ecc89?s=96&d=mm&r=g","contentUrl":"https:\/\/secure.gravatar.com\/avatar\/42749d8b712ff9d59ca93dc150494e5b55a44134482993f5baeb97e61b7ecc89?s=96&d=mm&r=g","caption":"Roberto"},"url":"https:\/\/regiaonews.net.br\/2022\/author\/roberto\/"}]}},"publishpress_future_action":{"enabled":false,"date":"2026-05-08 08:33:17","action":"change-status","newStatus":"draft","terms":[],"taxonomy":"category","extraData":[]},"publishpress_future_workflow_manual_trigger":{"enabledWorkflows":[]},"_links":{"self":[{"href":"https:\/\/regiaonews.net.br\/2022\/wp-json\/wp\/v2\/posts\/128182","targetHints":{"allow":["GET"]}}],"collection":[{"href":"https:\/\/regiaonews.net.br\/2022\/wp-json\/wp\/v2\/posts"}],"about":[{"href":"https:\/\/regiaonews.net.br\/2022\/wp-json\/wp\/v2\/types\/post"}],"author":[{"embeddable":true,"href":"https:\/\/regiaonews.net.br\/2022\/wp-json\/wp\/v2\/users\/2"}],"replies":[{"embeddable":true,"href":"https:\/\/regiaonews.net.br\/2022\/wp-json\/wp\/v2\/comments?post=128182"}],"version-history":[{"count":1,"href":"https:\/\/regiaonews.net.br\/2022\/wp-json\/wp\/v2\/posts\/128182\/revisions"}],"predecessor-version":[{"id":128183,"href":"https:\/\/regiaonews.net.br\/2022\/wp-json\/wp\/v2\/posts\/128182\/revisions\/128183"}],"wp:featuredmedia":[{"embeddable":true,"href":"https:\/\/regiaonews.net.br\/2022\/wp-json\/wp\/v2\/media\/128184"}],"wp:attachment":[{"href":"https:\/\/regiaonews.net.br\/2022\/wp-json\/wp\/v2\/media?parent=128182"}],"wp:term":[{"taxonomy":"category","embeddable":true,"href":"https:\/\/regiaonews.net.br\/2022\/wp-json\/wp\/v2\/categories?post=128182"},{"taxonomy":"post_tag","embeddable":true,"href":"https:\/\/regiaonews.net.br\/2022\/wp-json\/wp\/v2\/tags?post=128182"}],"curies":[{"name":"wp","href":"https:\/\/api.w.org\/{rel}","templated":true}]}}