{"id":128177,"date":"2026-04-30T19:32:35","date_gmt":"2026-04-30T22:32:35","guid":{"rendered":"https:\/\/regiaonews.net.br\/2022\/?p=128177"},"modified":"2026-04-30T19:32:35","modified_gmt":"2026-04-30T22:32:35","slug":"policia-civil-de-guaira-deu-cumpre-mandatos-de-busca-e-prisao-temporaria-em-investigacao-por-trafico-de-drogas","status":"publish","type":"post","link":"https:\/\/regiaonews.net.br\/2022\/2026\/04\/30\/policia-civil-de-guaira-deu-cumpre-mandatos-de-busca-e-prisao-temporaria-em-investigacao-por-trafico-de-drogas\/","title":{"rendered":"Pol\u00edcia Civil de Guaira deu cumpre mandatos de busca e pris\u00e3o tempor\u00e1ria em investiga\u00e7\u00e3o por tr\u00e1fico de drogas"},"content":{"rendered":"<p>A Pol\u00edcia Civil do Estado de S\u00e3o Paulo, por interm\u00e9dio da Delegacia de Pol\u00edcia de Gua\u00edra, unidade vinculada \u00e0 Delegacia Seccional de Pol\u00edcia de Barretos e ao DEINTER 3, deu cumprimento a medidas cautelares judiciais no \u00e2mbito de investiga\u00e7\u00e3o que apura a pr\u00e1tica do crime de tr\u00e1fico de drogas no munic\u00edpio.<\/p>\n<p>Ap\u00f3s o recebimento de den\u00fancias e a realiza\u00e7\u00e3o de dilig\u00eancias investigativas preliminares, a Autoridade Policial representou perante o Poder Judici\u00e1rio pela expedi\u00e7\u00e3o de mandado de busca e apreens\u00e3o domiciliar, bem como por medidas cautelares voltadas \u00e0 persecu\u00e7\u00e3o penal, pleitos que foram apreciados e deferidos pelo Ju\u00edzo das Garantias da 8\u00aa Regi\u00e3o Administrativa Judici\u00e1ria, sediado em S\u00e3o Jos\u00e9 do Rio Preto.<\/p>\n<p>No dia 17 de abril de 2026, equipes da Pol\u00edcia Civil deram cumprimento ao mandado de busca e apreens\u00e3o em resid\u00eancia localizada no bairro Residencial Ta\u00eds, nesta cidade de Gua\u00edra. Durante a dilig\u00eancia foram apreendidos entorpecentes, aparelhos telef\u00f4nicos e outros objetos relacionados \u00e0 pr\u00e1tica delitiva, os quais foram devidamente lacrados e encaminhados para an\u00e1lise pericial. Naquela ocasi\u00e3o, o investigado n\u00e3o foi localizado.<\/p>\n<p>Diante do conjunto probat\u00f3rio colhido e do avan\u00e7o das investiga\u00e7\u00f5es, foi instaurado inqu\u00e9rito policial e, posteriormente, representou-se pela decreta\u00e7\u00e3o da pris\u00e3o tempor\u00e1ria do investigado, de 45 anos, pelos fundamentos previstos na Lei n\u00ba 7.960\/1989, medida que contou com manifesta\u00e7\u00e3o favor\u00e1vel do Minist\u00e9rio P\u00fablico e foi decretada pelo Poder Judici\u00e1rio, pelo prazo de 30 dias.<\/p>\n<p>Na manh\u00e3 de hoje, em opera\u00e7\u00e3o deflagrada para cumprimento da ordem judicial, Policiais Civis dirigiram-se novamente ao bairro Residencial Ta\u00eds, onde lograram \u00eaxito em localizar o investigado em sua resid\u00eancia, dando cumprimento ao mandado de pris\u00e3o tempor\u00e1ria, sem que houvesse qualquer resist\u00eancia ou intercorr\u00eancia. A genitora do preso, que se encontrava no local, foi devidamente cientificada acerca do teor da decis\u00e3o judicial.<\/p>\n<p>Ap\u00f3s a pris\u00e3o, o capturado foi conduzido ao Pronto Atendimento da Santa Casa local, onde foi submetido a exame m\u00e9dico de praxe, n\u00e3o sendo constatadas les\u00f5es aparentes ao exame f\u00edsico. Em seguida, foi apresentado na Delegacia de Pol\u00edcia para a ado\u00e7\u00e3o das formalidades legais.<\/p>\n<p>Conclu\u00eddos os procedimentos de Pol\u00edcia Judici\u00e1ria, o preso foi encaminhado sob escolta \u00e0 Cadeia P\u00fablica de Colina\/SP, onde permanecer\u00e1 recolhido \u00e0 disposi\u00e7\u00e3o da Justi\u00e7a. As investiga\u00e7\u00f5es prosseguem, com o objetivo de aprofundar a apura\u00e7\u00e3o dos fatos e identificar eventuais outros envolvidos na pr\u00e1tica criminosa.<\/p>\n","protected":false},"excerpt":{"rendered":"<p>A Pol\u00edcia Civil do Estado de S\u00e3o Paulo, por interm\u00e9dio<\/p>\n","protected":false},"author":2,"featured_media":87970,"comment_status":"open","ping_status":"open","sticky":false,"template":"","format":"standard","meta":{"footnotes":""},"categories":[8,23],"tags":[],"class_list":["post-128177","post","type-post","status-publish","format-standard","has-post-thumbnail","hentry","category-guaira","category-policia"],"yoast_head":"<!-- This site is optimized with the Yoast SEO plugin v27.5 - https:\/\/yoast.com\/product\/yoast-seo-wordpress\/ -->\n<title>Pol\u00edcia Civil de Guaira deu cumpre mandatos de busca e pris\u00e3o tempor\u00e1ria em investiga\u00e7\u00e3o por tr\u00e1fico de drogas - Regi\u00e3o News<\/title>\n<meta name=\"robots\" content=\"index, follow, max-snippet:-1, max-image-preview:large, max-video-preview:-1\" \/>\n<link rel=\"canonical\" href=\"https:\/\/regiaonews.net.br\/2022\/2026\/04\/30\/policia-civil-de-guaira-deu-cumpre-mandatos-de-busca-e-prisao-temporaria-em-investigacao-por-trafico-de-drogas\/\" \/>\n<meta property=\"og:locale\" content=\"pt_BR\" \/>\n<meta property=\"og:type\" content=\"article\" \/>\n<meta property=\"og:title\" content=\"Pol\u00edcia Civil de Guaira deu cumpre mandatos de busca e pris\u00e3o tempor\u00e1ria em investiga\u00e7\u00e3o por tr\u00e1fico de drogas - Regi\u00e3o News\" \/>\n<meta property=\"og:description\" content=\"A Pol\u00edcia Civil do Estado de S\u00e3o Paulo, por interm\u00e9dio\" \/>\n<meta property=\"og:url\" content=\"https:\/\/regiaonews.net.br\/2022\/2026\/04\/30\/policia-civil-de-guaira-deu-cumpre-mandatos-de-busca-e-prisao-temporaria-em-investigacao-por-trafico-de-drogas\/\" \/>\n<meta property=\"og:site_name\" content=\"Regi\u00e3o News\" \/>\n<meta property=\"article:published_time\" content=\"2026-04-30T22:32:35+00:00\" \/>\n<meta property=\"og:image\" content=\"https:\/\/regiaonews.net.br\/2022\/wp-content\/uploads\/2023\/05\/Policia-Civil-Guaira.jpeg\" \/>\n\t<meta property=\"og:image:width\" content=\"1600\" \/>\n\t<meta property=\"og:image:height\" content=\"1201\" \/>\n\t<meta property=\"og:image:type\" content=\"image\/jpeg\" \/>\n<meta name=\"author\" content=\"Roberto\" \/>\n<meta name=\"twitter:card\" content=\"summary_large_image\" \/>\n<meta name=\"twitter:label1\" content=\"Escrito por\" \/>\n\t<meta name=\"twitter:data1\" content=\"Roberto\" \/>\n\t<meta name=\"twitter:label2\" content=\"Est. tempo de leitura\" \/>\n\t<meta name=\"twitter:data2\" content=\"3 minutos\" \/>\n<script type=\"application\/ld+json\" class=\"yoast-schema-graph\">{\"@context\":\"https:\\\/\\\/schema.org\",\"@graph\":[{\"@type\":\"Article\",\"@id\":\"https:\\\/\\\/regiaonews.net.br\\\/2022\\\/2026\\\/04\\\/30\\\/policia-civil-de-guaira-deu-cumpre-mandatos-de-busca-e-prisao-temporaria-em-investigacao-por-trafico-de-drogas\\\/#article\",\"isPartOf\":{\"@id\":\"https:\\\/\\\/regiaonews.net.br\\\/2022\\\/2026\\\/04\\\/30\\\/policia-civil-de-guaira-deu-cumpre-mandatos-de-busca-e-prisao-temporaria-em-investigacao-por-trafico-de-drogas\\\/\"},\"author\":{\"name\":\"Roberto\",\"@id\":\"https:\\\/\\\/regiaonews.net.br\\\/2022\\\/#\\\/schema\\\/person\\\/2d205a608a5aa97ac279d7a5e6d89ad8\"},\"headline\":\"Pol\u00edcia Civil de Guaira deu cumpre mandatos de busca e pris\u00e3o tempor\u00e1ria em investiga\u00e7\u00e3o por tr\u00e1fico de drogas\",\"datePublished\":\"2026-04-30T22:32:35+00:00\",\"mainEntityOfPage\":{\"@id\":\"https:\\\/\\\/regiaonews.net.br\\\/2022\\\/2026\\\/04\\\/30\\\/policia-civil-de-guaira-deu-cumpre-mandatos-de-busca-e-prisao-temporaria-em-investigacao-por-trafico-de-drogas\\\/\"},\"wordCount\":459,\"commentCount\":0,\"publisher\":{\"@id\":\"https:\\\/\\\/regiaonews.net.br\\\/2022\\\/#organization\"},\"image\":{\"@id\":\"https:\\\/\\\/regiaonews.net.br\\\/2022\\\/2026\\\/04\\\/30\\\/policia-civil-de-guaira-deu-cumpre-mandatos-de-busca-e-prisao-temporaria-em-investigacao-por-trafico-de-drogas\\\/#primaryimage\"},\"thumbnailUrl\":\"https:\\\/\\\/regiaonews.net.br\\\/2022\\\/wp-content\\\/uploads\\\/2023\\\/05\\\/Policia-Civil-Guaira.jpeg\",\"articleSection\":[\"Gua\u00edra\",\"Policia\"],\"inLanguage\":\"pt-BR\",\"potentialAction\":[{\"@type\":\"CommentAction\",\"name\":\"Comment\",\"target\":[\"https:\\\/\\\/regiaonews.net.br\\\/2022\\\/2026\\\/04\\\/30\\\/policia-civil-de-guaira-deu-cumpre-mandatos-de-busca-e-prisao-temporaria-em-investigacao-por-trafico-de-drogas\\\/#respond\"]}]},{\"@type\":\"WebPage\",\"@id\":\"https:\\\/\\\/regiaonews.net.br\\\/2022\\\/2026\\\/04\\\/30\\\/policia-civil-de-guaira-deu-cumpre-mandatos-de-busca-e-prisao-temporaria-em-investigacao-por-trafico-de-drogas\\\/\",\"url\":\"https:\\\/\\\/regiaonews.net.br\\\/2022\\\/2026\\\/04\\\/30\\\/policia-civil-de-guaira-deu-cumpre-mandatos-de-busca-e-prisao-temporaria-em-investigacao-por-trafico-de-drogas\\\/\",\"name\":\"Pol\u00edcia Civil de Guaira deu cumpre mandatos de busca e pris\u00e3o tempor\u00e1ria em investiga\u00e7\u00e3o por tr\u00e1fico de drogas - Regi\u00e3o News\",\"isPartOf\":{\"@id\":\"https:\\\/\\\/regiaonews.net.br\\\/2022\\\/#website\"},\"primaryImageOfPage\":{\"@id\":\"https:\\\/\\\/regiaonews.net.br\\\/2022\\\/2026\\\/04\\\/30\\\/policia-civil-de-guaira-deu-cumpre-mandatos-de-busca-e-prisao-temporaria-em-investigacao-por-trafico-de-drogas\\\/#primaryimage\"},\"image\":{\"@id\":\"https:\\\/\\\/regiaonews.net.br\\\/2022\\\/2026\\\/04\\\/30\\\/policia-civil-de-guaira-deu-cumpre-mandatos-de-busca-e-prisao-temporaria-em-investigacao-por-trafico-de-drogas\\\/#primaryimage\"},\"thumbnailUrl\":\"https:\\\/\\\/regiaonews.net.br\\\/2022\\\/wp-content\\\/uploads\\\/2023\\\/05\\\/Policia-Civil-Guaira.jpeg\",\"datePublished\":\"2026-04-30T22:32:35+00:00\",\"breadcrumb\":{\"@id\":\"https:\\\/\\\/regiaonews.net.br\\\/2022\\\/2026\\\/04\\\/30\\\/policia-civil-de-guaira-deu-cumpre-mandatos-de-busca-e-prisao-temporaria-em-investigacao-por-trafico-de-drogas\\\/#breadcrumb\"},\"inLanguage\":\"pt-BR\",\"potentialAction\":[{\"@type\":\"ReadAction\",\"target\":[\"https:\\\/\\\/regiaonews.net.br\\\/2022\\\/2026\\\/04\\\/30\\\/policia-civil-de-guaira-deu-cumpre-mandatos-de-busca-e-prisao-temporaria-em-investigacao-por-trafico-de-drogas\\\/\"]}]},{\"@type\":\"ImageObject\",\"inLanguage\":\"pt-BR\",\"@id\":\"https:\\\/\\\/regiaonews.net.br\\\/2022\\\/2026\\\/04\\\/30\\\/policia-civil-de-guaira-deu-cumpre-mandatos-de-busca-e-prisao-temporaria-em-investigacao-por-trafico-de-drogas\\\/#primaryimage\",\"url\":\"https:\\\/\\\/regiaonews.net.br\\\/2022\\\/wp-content\\\/uploads\\\/2023\\\/05\\\/Policia-Civil-Guaira.jpeg\",\"contentUrl\":\"https:\\\/\\\/regiaonews.net.br\\\/2022\\\/wp-content\\\/uploads\\\/2023\\\/05\\\/Policia-Civil-Guaira.jpeg\",\"width\":1600,\"height\":1201},{\"@type\":\"BreadcrumbList\",\"@id\":\"https:\\\/\\\/regiaonews.net.br\\\/2022\\\/2026\\\/04\\\/30\\\/policia-civil-de-guaira-deu-cumpre-mandatos-de-busca-e-prisao-temporaria-em-investigacao-por-trafico-de-drogas\\\/#breadcrumb\",\"itemListElement\":[{\"@type\":\"ListItem\",\"position\":1,\"name\":\"In\u00edcio\",\"item\":\"https:\\\/\\\/regiaonews.net.br\\\/2022\\\/\"},{\"@type\":\"ListItem\",\"position\":2,\"name\":\"Pol\u00edcia Civil de Guaira deu cumpre mandatos de busca e pris\u00e3o tempor\u00e1ria em investiga\u00e7\u00e3o por tr\u00e1fico de drogas\"}]},{\"@type\":\"WebSite\",\"@id\":\"https:\\\/\\\/regiaonews.net.br\\\/2022\\\/#website\",\"url\":\"https:\\\/\\\/regiaonews.net.br\\\/2022\\\/\",\"name\":\"Regi\u00e3o News\",\"description\":\"Site de Not\u00edcias de Barretos e regi\u00e3o\",\"publisher\":{\"@id\":\"https:\\\/\\\/regiaonews.net.br\\\/2022\\\/#organization\"},\"potentialAction\":[{\"@type\":\"SearchAction\",\"target\":{\"@type\":\"EntryPoint\",\"urlTemplate\":\"https:\\\/\\\/regiaonews.net.br\\\/2022\\\/?s={search_term_string}\"},\"query-input\":{\"@type\":\"PropertyValueSpecification\",\"valueRequired\":true,\"valueName\":\"search_term_string\"}}],\"inLanguage\":\"pt-BR\"},{\"@type\":\"Organization\",\"@id\":\"https:\\\/\\\/regiaonews.net.br\\\/2022\\\/#organization\",\"name\":\"Regi\u00e3o News\",\"url\":\"https:\\\/\\\/regiaonews.net.br\\\/2022\\\/\",\"logo\":{\"@type\":\"ImageObject\",\"inLanguage\":\"pt-BR\",\"@id\":\"https:\\\/\\\/regiaonews.net.br\\\/2022\\\/#\\\/schema\\\/logo\\\/image\\\/\",\"url\":\"https:\\\/\\\/regiaonews.net.br\\\/2022\\\/wp-content\\\/uploads\\\/2026\\\/03\\\/regiao-13-anos-scaled.jpg\",\"contentUrl\":\"https:\\\/\\\/regiaonews.net.br\\\/2022\\\/wp-content\\\/uploads\\\/2026\\\/03\\\/regiao-13-anos-scaled.jpg\",\"width\":2560,\"height\":635,\"caption\":\"Regi\u00e3o News\"},\"image\":{\"@id\":\"https:\\\/\\\/regiaonews.net.br\\\/2022\\\/#\\\/schema\\\/logo\\\/image\\\/\"}},{\"@type\":\"Person\",\"@id\":\"https:\\\/\\\/regiaonews.net.br\\\/2022\\\/#\\\/schema\\\/person\\\/2d205a608a5aa97ac279d7a5e6d89ad8\",\"name\":\"Roberto\",\"image\":{\"@type\":\"ImageObject\",\"inLanguage\":\"pt-BR\",\"@id\":\"https:\\\/\\\/secure.gravatar.com\\\/avatar\\\/42749d8b712ff9d59ca93dc150494e5b55a44134482993f5baeb97e61b7ecc89?s=96&d=mm&r=g\",\"url\":\"https:\\\/\\\/secure.gravatar.com\\\/avatar\\\/42749d8b712ff9d59ca93dc150494e5b55a44134482993f5baeb97e61b7ecc89?s=96&d=mm&r=g\",\"contentUrl\":\"https:\\\/\\\/secure.gravatar.com\\\/avatar\\\/42749d8b712ff9d59ca93dc150494e5b55a44134482993f5baeb97e61b7ecc89?s=96&d=mm&r=g\",\"caption\":\"Roberto\"},\"url\":\"https:\\\/\\\/regiaonews.net.br\\\/2022\\\/author\\\/roberto\\\/\"}]}<\/script>\n<!-- \/ Yoast SEO plugin. -->","yoast_head_json":{"title":"Pol\u00edcia Civil de Guaira deu cumpre mandatos de busca e pris\u00e3o tempor\u00e1ria em investiga\u00e7\u00e3o por tr\u00e1fico de drogas - Regi\u00e3o News","robots":{"index":"index","follow":"follow","max-snippet":"max-snippet:-1","max-image-preview":"max-image-preview:large","max-video-preview":"max-video-preview:-1"},"canonical":"https:\/\/regiaonews.net.br\/2022\/2026\/04\/30\/policia-civil-de-guaira-deu-cumpre-mandatos-de-busca-e-prisao-temporaria-em-investigacao-por-trafico-de-drogas\/","og_locale":"pt_BR","og_type":"article","og_title":"Pol\u00edcia Civil de Guaira deu cumpre mandatos de busca e pris\u00e3o tempor\u00e1ria em investiga\u00e7\u00e3o por tr\u00e1fico de drogas - Regi\u00e3o News","og_description":"A Pol\u00edcia Civil do Estado de S\u00e3o Paulo, por interm\u00e9dio","og_url":"https:\/\/regiaonews.net.br\/2022\/2026\/04\/30\/policia-civil-de-guaira-deu-cumpre-mandatos-de-busca-e-prisao-temporaria-em-investigacao-por-trafico-de-drogas\/","og_site_name":"Regi\u00e3o News","article_published_time":"2026-04-30T22:32:35+00:00","og_image":[{"width":1600,"height":1201,"url":"https:\/\/regiaonews.net.br\/2022\/wp-content\/uploads\/2023\/05\/Policia-Civil-Guaira.jpeg","type":"image\/jpeg"}],"author":"Roberto","twitter_card":"summary_large_image","twitter_misc":{"Escrito por":"Roberto","Est. tempo de leitura":"3 minutos"},"schema":{"@context":"https:\/\/schema.org","@graph":[{"@type":"Article","@id":"https:\/\/regiaonews.net.br\/2022\/2026\/04\/30\/policia-civil-de-guaira-deu-cumpre-mandatos-de-busca-e-prisao-temporaria-em-investigacao-por-trafico-de-drogas\/#article","isPartOf":{"@id":"https:\/\/regiaonews.net.br\/2022\/2026\/04\/30\/policia-civil-de-guaira-deu-cumpre-mandatos-de-busca-e-prisao-temporaria-em-investigacao-por-trafico-de-drogas\/"},"author":{"name":"Roberto","@id":"https:\/\/regiaonews.net.br\/2022\/#\/schema\/person\/2d205a608a5aa97ac279d7a5e6d89ad8"},"headline":"Pol\u00edcia Civil de Guaira deu cumpre mandatos de busca e pris\u00e3o tempor\u00e1ria em investiga\u00e7\u00e3o por tr\u00e1fico de drogas","datePublished":"2026-04-30T22:32:35+00:00","mainEntityOfPage":{"@id":"https:\/\/regiaonews.net.br\/2022\/2026\/04\/30\/policia-civil-de-guaira-deu-cumpre-mandatos-de-busca-e-prisao-temporaria-em-investigacao-por-trafico-de-drogas\/"},"wordCount":459,"commentCount":0,"publisher":{"@id":"https:\/\/regiaonews.net.br\/2022\/#organization"},"image":{"@id":"https:\/\/regiaonews.net.br\/2022\/2026\/04\/30\/policia-civil-de-guaira-deu-cumpre-mandatos-de-busca-e-prisao-temporaria-em-investigacao-por-trafico-de-drogas\/#primaryimage"},"thumbnailUrl":"https:\/\/regiaonews.net.br\/2022\/wp-content\/uploads\/2023\/05\/Policia-Civil-Guaira.jpeg","articleSection":["Gua\u00edra","Policia"],"inLanguage":"pt-BR","potentialAction":[{"@type":"CommentAction","name":"Comment","target":["https:\/\/regiaonews.net.br\/2022\/2026\/04\/30\/policia-civil-de-guaira-deu-cumpre-mandatos-de-busca-e-prisao-temporaria-em-investigacao-por-trafico-de-drogas\/#respond"]}]},{"@type":"WebPage","@id":"https:\/\/regiaonews.net.br\/2022\/2026\/04\/30\/policia-civil-de-guaira-deu-cumpre-mandatos-de-busca-e-prisao-temporaria-em-investigacao-por-trafico-de-drogas\/","url":"https:\/\/regiaonews.net.br\/2022\/2026\/04\/30\/policia-civil-de-guaira-deu-cumpre-mandatos-de-busca-e-prisao-temporaria-em-investigacao-por-trafico-de-drogas\/","name":"Pol\u00edcia Civil de Guaira deu cumpre mandatos de busca e pris\u00e3o tempor\u00e1ria em investiga\u00e7\u00e3o por tr\u00e1fico de drogas - Regi\u00e3o News","isPartOf":{"@id":"https:\/\/regiaonews.net.br\/2022\/#website"},"primaryImageOfPage":{"@id":"https:\/\/regiaonews.net.br\/2022\/2026\/04\/30\/policia-civil-de-guaira-deu-cumpre-mandatos-de-busca-e-prisao-temporaria-em-investigacao-por-trafico-de-drogas\/#primaryimage"},"image":{"@id":"https:\/\/regiaonews.net.br\/2022\/2026\/04\/30\/policia-civil-de-guaira-deu-cumpre-mandatos-de-busca-e-prisao-temporaria-em-investigacao-por-trafico-de-drogas\/#primaryimage"},"thumbnailUrl":"https:\/\/regiaonews.net.br\/2022\/wp-content\/uploads\/2023\/05\/Policia-Civil-Guaira.jpeg","datePublished":"2026-04-30T22:32:35+00:00","breadcrumb":{"@id":"https:\/\/regiaonews.net.br\/2022\/2026\/04\/30\/policia-civil-de-guaira-deu-cumpre-mandatos-de-busca-e-prisao-temporaria-em-investigacao-por-trafico-de-drogas\/#breadcrumb"},"inLanguage":"pt-BR","potentialAction":[{"@type":"ReadAction","target":["https:\/\/regiaonews.net.br\/2022\/2026\/04\/30\/policia-civil-de-guaira-deu-cumpre-mandatos-de-busca-e-prisao-temporaria-em-investigacao-por-trafico-de-drogas\/"]}]},{"@type":"ImageObject","inLanguage":"pt-BR","@id":"https:\/\/regiaonews.net.br\/2022\/2026\/04\/30\/policia-civil-de-guaira-deu-cumpre-mandatos-de-busca-e-prisao-temporaria-em-investigacao-por-trafico-de-drogas\/#primaryimage","url":"https:\/\/regiaonews.net.br\/2022\/wp-content\/uploads\/2023\/05\/Policia-Civil-Guaira.jpeg","contentUrl":"https:\/\/regiaonews.net.br\/2022\/wp-content\/uploads\/2023\/05\/Policia-Civil-Guaira.jpeg","width":1600,"height":1201},{"@type":"BreadcrumbList","@id":"https:\/\/regiaonews.net.br\/2022\/2026\/04\/30\/policia-civil-de-guaira-deu-cumpre-mandatos-de-busca-e-prisao-temporaria-em-investigacao-por-trafico-de-drogas\/#breadcrumb","itemListElement":[{"@type":"ListItem","position":1,"name":"In\u00edcio","item":"https:\/\/regiaonews.net.br\/2022\/"},{"@type":"ListItem","position":2,"name":"Pol\u00edcia Civil de Guaira deu cumpre mandatos de busca e pris\u00e3o tempor\u00e1ria em investiga\u00e7\u00e3o por tr\u00e1fico de drogas"}]},{"@type":"WebSite","@id":"https:\/\/regiaonews.net.br\/2022\/#website","url":"https:\/\/regiaonews.net.br\/2022\/","name":"Regi\u00e3o News","description":"Site de Not\u00edcias de Barretos e regi\u00e3o","publisher":{"@id":"https:\/\/regiaonews.net.br\/2022\/#organization"},"potentialAction":[{"@type":"SearchAction","target":{"@type":"EntryPoint","urlTemplate":"https:\/\/regiaonews.net.br\/2022\/?s={search_term_string}"},"query-input":{"@type":"PropertyValueSpecification","valueRequired":true,"valueName":"search_term_string"}}],"inLanguage":"pt-BR"},{"@type":"Organization","@id":"https:\/\/regiaonews.net.br\/2022\/#organization","name":"Regi\u00e3o News","url":"https:\/\/regiaonews.net.br\/2022\/","logo":{"@type":"ImageObject","inLanguage":"pt-BR","@id":"https:\/\/regiaonews.net.br\/2022\/#\/schema\/logo\/image\/","url":"https:\/\/regiaonews.net.br\/2022\/wp-content\/uploads\/2026\/03\/regiao-13-anos-scaled.jpg","contentUrl":"https:\/\/regiaonews.net.br\/2022\/wp-content\/uploads\/2026\/03\/regiao-13-anos-scaled.jpg","width":2560,"height":635,"caption":"Regi\u00e3o News"},"image":{"@id":"https:\/\/regiaonews.net.br\/2022\/#\/schema\/logo\/image\/"}},{"@type":"Person","@id":"https:\/\/regiaonews.net.br\/2022\/#\/schema\/person\/2d205a608a5aa97ac279d7a5e6d89ad8","name":"Roberto","image":{"@type":"ImageObject","inLanguage":"pt-BR","@id":"https:\/\/secure.gravatar.com\/avatar\/42749d8b712ff9d59ca93dc150494e5b55a44134482993f5baeb97e61b7ecc89?s=96&d=mm&r=g","url":"https:\/\/secure.gravatar.com\/avatar\/42749d8b712ff9d59ca93dc150494e5b55a44134482993f5baeb97e61b7ecc89?s=96&d=mm&r=g","contentUrl":"https:\/\/secure.gravatar.com\/avatar\/42749d8b712ff9d59ca93dc150494e5b55a44134482993f5baeb97e61b7ecc89?s=96&d=mm&r=g","caption":"Roberto"},"url":"https:\/\/regiaonews.net.br\/2022\/author\/roberto\/"}]}},"publishpress_future_action":{"enabled":false,"date":"2026-05-08 08:45:24","action":"change-status","newStatus":"draft","terms":[],"taxonomy":"category","extraData":[]},"publishpress_future_workflow_manual_trigger":{"enabledWorkflows":[]},"_links":{"self":[{"href":"https:\/\/regiaonews.net.br\/2022\/wp-json\/wp\/v2\/posts\/128177","targetHints":{"allow":["GET"]}}],"collection":[{"href":"https:\/\/regiaonews.net.br\/2022\/wp-json\/wp\/v2\/posts"}],"about":[{"href":"https:\/\/regiaonews.net.br\/2022\/wp-json\/wp\/v2\/types\/post"}],"author":[{"embeddable":true,"href":"https:\/\/regiaonews.net.br\/2022\/wp-json\/wp\/v2\/users\/2"}],"replies":[{"embeddable":true,"href":"https:\/\/regiaonews.net.br\/2022\/wp-json\/wp\/v2\/comments?post=128177"}],"version-history":[{"count":1,"href":"https:\/\/regiaonews.net.br\/2022\/wp-json\/wp\/v2\/posts\/128177\/revisions"}],"predecessor-version":[{"id":128181,"href":"https:\/\/regiaonews.net.br\/2022\/wp-json\/wp\/v2\/posts\/128177\/revisions\/128181"}],"wp:featuredmedia":[{"embeddable":true,"href":"https:\/\/regiaonews.net.br\/2022\/wp-json\/wp\/v2\/media\/87970"}],"wp:attachment":[{"href":"https:\/\/regiaonews.net.br\/2022\/wp-json\/wp\/v2\/media?parent=128177"}],"wp:term":[{"taxonomy":"category","embeddable":true,"href":"https:\/\/regiaonews.net.br\/2022\/wp-json\/wp\/v2\/categories?post=128177"},{"taxonomy":"post_tag","embeddable":true,"href":"https:\/\/regiaonews.net.br\/2022\/wp-json\/wp\/v2\/tags?post=128177"}],"curies":[{"name":"wp","href":"https:\/\/api.w.org\/{rel}","templated":true}]}}