{"id":128165,"date":"2026-04-30T19:17:01","date_gmt":"2026-04-30T22:17:01","guid":{"rendered":"https:\/\/regiaonews.net.br\/2022\/?p=128165"},"modified":"2026-04-30T19:17:01","modified_gmt":"2026-04-30T22:17:01","slug":"inscricoes-para-curso-caminhos-profissionais-para-o-setor-cultural-e-criativo-seguem-abertas-ate-4-de-maio","status":"publish","type":"post","link":"https:\/\/regiaonews.net.br\/2022\/2026\/04\/30\/inscricoes-para-curso-caminhos-profissionais-para-o-setor-cultural-e-criativo-seguem-abertas-ate-4-de-maio\/","title":{"rendered":"Inscri\u00e7\u00f5es para curso &#8216;Caminhos profissionais para o setor cultural e criativo&#8217; seguem abertas at\u00e9 4 de maio"},"content":{"rendered":"<p>Vagas para o Curso B\u00e1sico de Libras foram totalmente preenchidas<\/p>\n<p>A Est\u00e2ncia Tur\u00edstica de Barretos informa que ainda h\u00e1 vagas dispon\u00edveis para o curso \u201cCaminhos profissionais para o setor cultural e criativo\u201d, voltado \u00e0 qualifica\u00e7\u00e3o de agentes culturais e ao fortalecimento do setor no munic\u00edpio<br \/>\nMinistrado pelo mestre em antropologia pela PUC\/SP, Marcelo Manzatti, o curso \u00e9 oferecido pelo programa CULTSP PRO e aborda temas como organiza\u00e7\u00e3o jur\u00eddica e de CNPJ, cria\u00e7\u00e3o de portf\u00f3lio, acesso a editais, forma\u00e7\u00e3o de redes e parcerias e ferramentas de gest\u00e3o. As aulas ser\u00e3o realizadas de 26 de maio a 8 de julho, \u00e0s ter\u00e7as e quartas-feiras, das 19h \u00e0s 22h, na Casa da Juventude (Rua Maria Dulce Constan\u00e7a, 370 \u2013 Parque do J\u00f3quei). Ao todo, s\u00e3o oferecidas 20 vagas.<br \/>\nPromovido pela Secretaria da Cultura, Economia e Ind\u00fastria Criativas do Estado de S\u00e3o Paulo, o CULTSP PRO tem como objetivo oferecer forma\u00e7\u00e3o, inova\u00e7\u00e3o e sustentabilidade para profissionais da cultura. \u201cO curso \u00e9 uma chance importante para quem quer se estruturar, crescer e se posicionar melhor neste mercado\u201d, destacou o secret\u00e1rio municipal de Cultura e Economia Criativa, Bruno Bernar.<br \/>\nOs interessados devem se inscrever at\u00e9 4 de maio pelo site: cultsppro.org.br. As vagas para o Curso B\u00e1sico de Libras, j\u00e1 foram totalmente preenchidas.<\/p>\n","protected":false},"excerpt":{"rendered":"<p>Vagas para o Curso B\u00e1sico de Libras foram totalmente preenchidas<\/p>\n","protected":false},"author":2,"featured_media":128166,"comment_status":"open","ping_status":"open","sticky":false,"template":"","format":"standard","meta":{"footnotes":""},"categories":[14,25],"tags":[],"class_list":["post-128165","post","type-post","status-publish","format-standard","has-post-thumbnail","hentry","category-barretos","category-cidades"],"yoast_head":"<!-- This site is optimized with the Yoast SEO plugin v27.5 - https:\/\/yoast.com\/product\/yoast-seo-wordpress\/ -->\n<title>Inscri\u00e7\u00f5es para curso &#039;Caminhos profissionais para o setor cultural e criativo&#039; seguem abertas at\u00e9 4 de maio - Regi\u00e3o News<\/title>\n<meta name=\"robots\" content=\"index, follow, max-snippet:-1, max-image-preview:large, max-video-preview:-1\" \/>\n<link rel=\"canonical\" href=\"https:\/\/regiaonews.net.br\/2022\/2026\/04\/30\/inscricoes-para-curso-caminhos-profissionais-para-o-setor-cultural-e-criativo-seguem-abertas-ate-4-de-maio\/\" \/>\n<meta property=\"og:locale\" content=\"pt_BR\" \/>\n<meta property=\"og:type\" content=\"article\" \/>\n<meta property=\"og:title\" content=\"Inscri\u00e7\u00f5es para curso &#039;Caminhos profissionais para o setor cultural e criativo&#039; seguem abertas at\u00e9 4 de maio - Regi\u00e3o News\" \/>\n<meta property=\"og:description\" content=\"Vagas para o Curso B\u00e1sico de Libras foram totalmente preenchidas\" \/>\n<meta property=\"og:url\" content=\"https:\/\/regiaonews.net.br\/2022\/2026\/04\/30\/inscricoes-para-curso-caminhos-profissionais-para-o-setor-cultural-e-criativo-seguem-abertas-ate-4-de-maio\/\" \/>\n<meta property=\"og:site_name\" content=\"Regi\u00e3o News\" \/>\n<meta property=\"article:published_time\" content=\"2026-04-30T22:17:01+00:00\" \/>\n<meta property=\"og:image\" content=\"https:\/\/regiaonews.net.br\/2022\/wp-content\/uploads\/2026\/04\/WhatsApp-Image-2026-04-30-at-17.22.01.jpeg\" \/>\n\t<meta property=\"og:image:width\" content=\"720\" \/>\n\t<meta property=\"og:image:height\" content=\"920\" \/>\n\t<meta property=\"og:image:type\" content=\"image\/jpeg\" \/>\n<meta name=\"author\" content=\"Roberto\" \/>\n<meta name=\"twitter:card\" content=\"summary_large_image\" \/>\n<meta name=\"twitter:label1\" content=\"Escrito por\" \/>\n\t<meta name=\"twitter:data1\" content=\"Roberto\" \/>\n\t<meta name=\"twitter:label2\" content=\"Est. tempo de leitura\" \/>\n\t<meta name=\"twitter:data2\" content=\"2 minutos\" \/>\n<script type=\"application\/ld+json\" class=\"yoast-schema-graph\">{\"@context\":\"https:\\\/\\\/schema.org\",\"@graph\":[{\"@type\":\"Article\",\"@id\":\"https:\\\/\\\/regiaonews.net.br\\\/2022\\\/2026\\\/04\\\/30\\\/inscricoes-para-curso-caminhos-profissionais-para-o-setor-cultural-e-criativo-seguem-abertas-ate-4-de-maio\\\/#article\",\"isPartOf\":{\"@id\":\"https:\\\/\\\/regiaonews.net.br\\\/2022\\\/2026\\\/04\\\/30\\\/inscricoes-para-curso-caminhos-profissionais-para-o-setor-cultural-e-criativo-seguem-abertas-ate-4-de-maio\\\/\"},\"author\":{\"name\":\"Roberto\",\"@id\":\"https:\\\/\\\/regiaonews.net.br\\\/2022\\\/#\\\/schema\\\/person\\\/2d205a608a5aa97ac279d7a5e6d89ad8\"},\"headline\":\"Inscri\u00e7\u00f5es para curso &#8216;Caminhos profissionais para o setor cultural e criativo&#8217; seguem abertas at\u00e9 4 de maio\",\"datePublished\":\"2026-04-30T22:17:01+00:00\",\"mainEntityOfPage\":{\"@id\":\"https:\\\/\\\/regiaonews.net.br\\\/2022\\\/2026\\\/04\\\/30\\\/inscricoes-para-curso-caminhos-profissionais-para-o-setor-cultural-e-criativo-seguem-abertas-ate-4-de-maio\\\/\"},\"wordCount\":241,\"commentCount\":0,\"publisher\":{\"@id\":\"https:\\\/\\\/regiaonews.net.br\\\/2022\\\/#organization\"},\"image\":{\"@id\":\"https:\\\/\\\/regiaonews.net.br\\\/2022\\\/2026\\\/04\\\/30\\\/inscricoes-para-curso-caminhos-profissionais-para-o-setor-cultural-e-criativo-seguem-abertas-ate-4-de-maio\\\/#primaryimage\"},\"thumbnailUrl\":\"https:\\\/\\\/regiaonews.net.br\\\/2022\\\/wp-content\\\/uploads\\\/2026\\\/04\\\/WhatsApp-Image-2026-04-30-at-17.22.01.jpeg\",\"articleSection\":[\"Barretos\",\"Cidades\"],\"inLanguage\":\"pt-BR\",\"potentialAction\":[{\"@type\":\"CommentAction\",\"name\":\"Comment\",\"target\":[\"https:\\\/\\\/regiaonews.net.br\\\/2022\\\/2026\\\/04\\\/30\\\/inscricoes-para-curso-caminhos-profissionais-para-o-setor-cultural-e-criativo-seguem-abertas-ate-4-de-maio\\\/#respond\"]}]},{\"@type\":\"WebPage\",\"@id\":\"https:\\\/\\\/regiaonews.net.br\\\/2022\\\/2026\\\/04\\\/30\\\/inscricoes-para-curso-caminhos-profissionais-para-o-setor-cultural-e-criativo-seguem-abertas-ate-4-de-maio\\\/\",\"url\":\"https:\\\/\\\/regiaonews.net.br\\\/2022\\\/2026\\\/04\\\/30\\\/inscricoes-para-curso-caminhos-profissionais-para-o-setor-cultural-e-criativo-seguem-abertas-ate-4-de-maio\\\/\",\"name\":\"Inscri\u00e7\u00f5es para curso 'Caminhos profissionais para o setor cultural e criativo' seguem abertas at\u00e9 4 de maio - Regi\u00e3o News\",\"isPartOf\":{\"@id\":\"https:\\\/\\\/regiaonews.net.br\\\/2022\\\/#website\"},\"primaryImageOfPage\":{\"@id\":\"https:\\\/\\\/regiaonews.net.br\\\/2022\\\/2026\\\/04\\\/30\\\/inscricoes-para-curso-caminhos-profissionais-para-o-setor-cultural-e-criativo-seguem-abertas-ate-4-de-maio\\\/#primaryimage\"},\"image\":{\"@id\":\"https:\\\/\\\/regiaonews.net.br\\\/2022\\\/2026\\\/04\\\/30\\\/inscricoes-para-curso-caminhos-profissionais-para-o-setor-cultural-e-criativo-seguem-abertas-ate-4-de-maio\\\/#primaryimage\"},\"thumbnailUrl\":\"https:\\\/\\\/regiaonews.net.br\\\/2022\\\/wp-content\\\/uploads\\\/2026\\\/04\\\/WhatsApp-Image-2026-04-30-at-17.22.01.jpeg\",\"datePublished\":\"2026-04-30T22:17:01+00:00\",\"breadcrumb\":{\"@id\":\"https:\\\/\\\/regiaonews.net.br\\\/2022\\\/2026\\\/04\\\/30\\\/inscricoes-para-curso-caminhos-profissionais-para-o-setor-cultural-e-criativo-seguem-abertas-ate-4-de-maio\\\/#breadcrumb\"},\"inLanguage\":\"pt-BR\",\"potentialAction\":[{\"@type\":\"ReadAction\",\"target\":[\"https:\\\/\\\/regiaonews.net.br\\\/2022\\\/2026\\\/04\\\/30\\\/inscricoes-para-curso-caminhos-profissionais-para-o-setor-cultural-e-criativo-seguem-abertas-ate-4-de-maio\\\/\"]}]},{\"@type\":\"ImageObject\",\"inLanguage\":\"pt-BR\",\"@id\":\"https:\\\/\\\/regiaonews.net.br\\\/2022\\\/2026\\\/04\\\/30\\\/inscricoes-para-curso-caminhos-profissionais-para-o-setor-cultural-e-criativo-seguem-abertas-ate-4-de-maio\\\/#primaryimage\",\"url\":\"https:\\\/\\\/regiaonews.net.br\\\/2022\\\/wp-content\\\/uploads\\\/2026\\\/04\\\/WhatsApp-Image-2026-04-30-at-17.22.01.jpeg\",\"contentUrl\":\"https:\\\/\\\/regiaonews.net.br\\\/2022\\\/wp-content\\\/uploads\\\/2026\\\/04\\\/WhatsApp-Image-2026-04-30-at-17.22.01.jpeg\",\"width\":720,\"height\":920},{\"@type\":\"BreadcrumbList\",\"@id\":\"https:\\\/\\\/regiaonews.net.br\\\/2022\\\/2026\\\/04\\\/30\\\/inscricoes-para-curso-caminhos-profissionais-para-o-setor-cultural-e-criativo-seguem-abertas-ate-4-de-maio\\\/#breadcrumb\",\"itemListElement\":[{\"@type\":\"ListItem\",\"position\":1,\"name\":\"In\u00edcio\",\"item\":\"https:\\\/\\\/regiaonews.net.br\\\/2022\\\/\"},{\"@type\":\"ListItem\",\"position\":2,\"name\":\"Inscri\u00e7\u00f5es para curso &#8216;Caminhos profissionais para o setor cultural e criativo&#8217; seguem abertas at\u00e9 4 de maio\"}]},{\"@type\":\"WebSite\",\"@id\":\"https:\\\/\\\/regiaonews.net.br\\\/2022\\\/#website\",\"url\":\"https:\\\/\\\/regiaonews.net.br\\\/2022\\\/\",\"name\":\"Regi\u00e3o News\",\"description\":\"Site de Not\u00edcias de Barretos e regi\u00e3o\",\"publisher\":{\"@id\":\"https:\\\/\\\/regiaonews.net.br\\\/2022\\\/#organization\"},\"potentialAction\":[{\"@type\":\"SearchAction\",\"target\":{\"@type\":\"EntryPoint\",\"urlTemplate\":\"https:\\\/\\\/regiaonews.net.br\\\/2022\\\/?s={search_term_string}\"},\"query-input\":{\"@type\":\"PropertyValueSpecification\",\"valueRequired\":true,\"valueName\":\"search_term_string\"}}],\"inLanguage\":\"pt-BR\"},{\"@type\":\"Organization\",\"@id\":\"https:\\\/\\\/regiaonews.net.br\\\/2022\\\/#organization\",\"name\":\"Regi\u00e3o News\",\"url\":\"https:\\\/\\\/regiaonews.net.br\\\/2022\\\/\",\"logo\":{\"@type\":\"ImageObject\",\"inLanguage\":\"pt-BR\",\"@id\":\"https:\\\/\\\/regiaonews.net.br\\\/2022\\\/#\\\/schema\\\/logo\\\/image\\\/\",\"url\":\"https:\\\/\\\/regiaonews.net.br\\\/2022\\\/wp-content\\\/uploads\\\/2026\\\/03\\\/regiao-13-anos-scaled.jpg\",\"contentUrl\":\"https:\\\/\\\/regiaonews.net.br\\\/2022\\\/wp-content\\\/uploads\\\/2026\\\/03\\\/regiao-13-anos-scaled.jpg\",\"width\":2560,\"height\":635,\"caption\":\"Regi\u00e3o News\"},\"image\":{\"@id\":\"https:\\\/\\\/regiaonews.net.br\\\/2022\\\/#\\\/schema\\\/logo\\\/image\\\/\"}},{\"@type\":\"Person\",\"@id\":\"https:\\\/\\\/regiaonews.net.br\\\/2022\\\/#\\\/schema\\\/person\\\/2d205a608a5aa97ac279d7a5e6d89ad8\",\"name\":\"Roberto\",\"image\":{\"@type\":\"ImageObject\",\"inLanguage\":\"pt-BR\",\"@id\":\"https:\\\/\\\/secure.gravatar.com\\\/avatar\\\/42749d8b712ff9d59ca93dc150494e5b55a44134482993f5baeb97e61b7ecc89?s=96&d=mm&r=g\",\"url\":\"https:\\\/\\\/secure.gravatar.com\\\/avatar\\\/42749d8b712ff9d59ca93dc150494e5b55a44134482993f5baeb97e61b7ecc89?s=96&d=mm&r=g\",\"contentUrl\":\"https:\\\/\\\/secure.gravatar.com\\\/avatar\\\/42749d8b712ff9d59ca93dc150494e5b55a44134482993f5baeb97e61b7ecc89?s=96&d=mm&r=g\",\"caption\":\"Roberto\"},\"url\":\"https:\\\/\\\/regiaonews.net.br\\\/2022\\\/author\\\/roberto\\\/\"}]}<\/script>\n<!-- \/ Yoast SEO plugin. -->","yoast_head_json":{"title":"Inscri\u00e7\u00f5es para curso 'Caminhos profissionais para o setor cultural e criativo' seguem abertas at\u00e9 4 de maio - Regi\u00e3o News","robots":{"index":"index","follow":"follow","max-snippet":"max-snippet:-1","max-image-preview":"max-image-preview:large","max-video-preview":"max-video-preview:-1"},"canonical":"https:\/\/regiaonews.net.br\/2022\/2026\/04\/30\/inscricoes-para-curso-caminhos-profissionais-para-o-setor-cultural-e-criativo-seguem-abertas-ate-4-de-maio\/","og_locale":"pt_BR","og_type":"article","og_title":"Inscri\u00e7\u00f5es para curso 'Caminhos profissionais para o setor cultural e criativo' seguem abertas at\u00e9 4 de maio - Regi\u00e3o News","og_description":"Vagas para o Curso B\u00e1sico de Libras foram totalmente preenchidas","og_url":"https:\/\/regiaonews.net.br\/2022\/2026\/04\/30\/inscricoes-para-curso-caminhos-profissionais-para-o-setor-cultural-e-criativo-seguem-abertas-ate-4-de-maio\/","og_site_name":"Regi\u00e3o News","article_published_time":"2026-04-30T22:17:01+00:00","og_image":[{"width":720,"height":920,"url":"https:\/\/regiaonews.net.br\/2022\/wp-content\/uploads\/2026\/04\/WhatsApp-Image-2026-04-30-at-17.22.01.jpeg","type":"image\/jpeg"}],"author":"Roberto","twitter_card":"summary_large_image","twitter_misc":{"Escrito por":"Roberto","Est. tempo de leitura":"2 minutos"},"schema":{"@context":"https:\/\/schema.org","@graph":[{"@type":"Article","@id":"https:\/\/regiaonews.net.br\/2022\/2026\/04\/30\/inscricoes-para-curso-caminhos-profissionais-para-o-setor-cultural-e-criativo-seguem-abertas-ate-4-de-maio\/#article","isPartOf":{"@id":"https:\/\/regiaonews.net.br\/2022\/2026\/04\/30\/inscricoes-para-curso-caminhos-profissionais-para-o-setor-cultural-e-criativo-seguem-abertas-ate-4-de-maio\/"},"author":{"name":"Roberto","@id":"https:\/\/regiaonews.net.br\/2022\/#\/schema\/person\/2d205a608a5aa97ac279d7a5e6d89ad8"},"headline":"Inscri\u00e7\u00f5es para curso &#8216;Caminhos profissionais para o setor cultural e criativo&#8217; seguem abertas at\u00e9 4 de maio","datePublished":"2026-04-30T22:17:01+00:00","mainEntityOfPage":{"@id":"https:\/\/regiaonews.net.br\/2022\/2026\/04\/30\/inscricoes-para-curso-caminhos-profissionais-para-o-setor-cultural-e-criativo-seguem-abertas-ate-4-de-maio\/"},"wordCount":241,"commentCount":0,"publisher":{"@id":"https:\/\/regiaonews.net.br\/2022\/#organization"},"image":{"@id":"https:\/\/regiaonews.net.br\/2022\/2026\/04\/30\/inscricoes-para-curso-caminhos-profissionais-para-o-setor-cultural-e-criativo-seguem-abertas-ate-4-de-maio\/#primaryimage"},"thumbnailUrl":"https:\/\/regiaonews.net.br\/2022\/wp-content\/uploads\/2026\/04\/WhatsApp-Image-2026-04-30-at-17.22.01.jpeg","articleSection":["Barretos","Cidades"],"inLanguage":"pt-BR","potentialAction":[{"@type":"CommentAction","name":"Comment","target":["https:\/\/regiaonews.net.br\/2022\/2026\/04\/30\/inscricoes-para-curso-caminhos-profissionais-para-o-setor-cultural-e-criativo-seguem-abertas-ate-4-de-maio\/#respond"]}]},{"@type":"WebPage","@id":"https:\/\/regiaonews.net.br\/2022\/2026\/04\/30\/inscricoes-para-curso-caminhos-profissionais-para-o-setor-cultural-e-criativo-seguem-abertas-ate-4-de-maio\/","url":"https:\/\/regiaonews.net.br\/2022\/2026\/04\/30\/inscricoes-para-curso-caminhos-profissionais-para-o-setor-cultural-e-criativo-seguem-abertas-ate-4-de-maio\/","name":"Inscri\u00e7\u00f5es para curso 'Caminhos profissionais para o setor cultural e criativo' seguem abertas at\u00e9 4 de maio - Regi\u00e3o News","isPartOf":{"@id":"https:\/\/regiaonews.net.br\/2022\/#website"},"primaryImageOfPage":{"@id":"https:\/\/regiaonews.net.br\/2022\/2026\/04\/30\/inscricoes-para-curso-caminhos-profissionais-para-o-setor-cultural-e-criativo-seguem-abertas-ate-4-de-maio\/#primaryimage"},"image":{"@id":"https:\/\/regiaonews.net.br\/2022\/2026\/04\/30\/inscricoes-para-curso-caminhos-profissionais-para-o-setor-cultural-e-criativo-seguem-abertas-ate-4-de-maio\/#primaryimage"},"thumbnailUrl":"https:\/\/regiaonews.net.br\/2022\/wp-content\/uploads\/2026\/04\/WhatsApp-Image-2026-04-30-at-17.22.01.jpeg","datePublished":"2026-04-30T22:17:01+00:00","breadcrumb":{"@id":"https:\/\/regiaonews.net.br\/2022\/2026\/04\/30\/inscricoes-para-curso-caminhos-profissionais-para-o-setor-cultural-e-criativo-seguem-abertas-ate-4-de-maio\/#breadcrumb"},"inLanguage":"pt-BR","potentialAction":[{"@type":"ReadAction","target":["https:\/\/regiaonews.net.br\/2022\/2026\/04\/30\/inscricoes-para-curso-caminhos-profissionais-para-o-setor-cultural-e-criativo-seguem-abertas-ate-4-de-maio\/"]}]},{"@type":"ImageObject","inLanguage":"pt-BR","@id":"https:\/\/regiaonews.net.br\/2022\/2026\/04\/30\/inscricoes-para-curso-caminhos-profissionais-para-o-setor-cultural-e-criativo-seguem-abertas-ate-4-de-maio\/#primaryimage","url":"https:\/\/regiaonews.net.br\/2022\/wp-content\/uploads\/2026\/04\/WhatsApp-Image-2026-04-30-at-17.22.01.jpeg","contentUrl":"https:\/\/regiaonews.net.br\/2022\/wp-content\/uploads\/2026\/04\/WhatsApp-Image-2026-04-30-at-17.22.01.jpeg","width":720,"height":920},{"@type":"BreadcrumbList","@id":"https:\/\/regiaonews.net.br\/2022\/2026\/04\/30\/inscricoes-para-curso-caminhos-profissionais-para-o-setor-cultural-e-criativo-seguem-abertas-ate-4-de-maio\/#breadcrumb","itemListElement":[{"@type":"ListItem","position":1,"name":"In\u00edcio","item":"https:\/\/regiaonews.net.br\/2022\/"},{"@type":"ListItem","position":2,"name":"Inscri\u00e7\u00f5es para curso &#8216;Caminhos profissionais para o setor cultural e criativo&#8217; seguem abertas at\u00e9 4 de maio"}]},{"@type":"WebSite","@id":"https:\/\/regiaonews.net.br\/2022\/#website","url":"https:\/\/regiaonews.net.br\/2022\/","name":"Regi\u00e3o News","description":"Site de Not\u00edcias de Barretos e regi\u00e3o","publisher":{"@id":"https:\/\/regiaonews.net.br\/2022\/#organization"},"potentialAction":[{"@type":"SearchAction","target":{"@type":"EntryPoint","urlTemplate":"https:\/\/regiaonews.net.br\/2022\/?s={search_term_string}"},"query-input":{"@type":"PropertyValueSpecification","valueRequired":true,"valueName":"search_term_string"}}],"inLanguage":"pt-BR"},{"@type":"Organization","@id":"https:\/\/regiaonews.net.br\/2022\/#organization","name":"Regi\u00e3o News","url":"https:\/\/regiaonews.net.br\/2022\/","logo":{"@type":"ImageObject","inLanguage":"pt-BR","@id":"https:\/\/regiaonews.net.br\/2022\/#\/schema\/logo\/image\/","url":"https:\/\/regiaonews.net.br\/2022\/wp-content\/uploads\/2026\/03\/regiao-13-anos-scaled.jpg","contentUrl":"https:\/\/regiaonews.net.br\/2022\/wp-content\/uploads\/2026\/03\/regiao-13-anos-scaled.jpg","width":2560,"height":635,"caption":"Regi\u00e3o News"},"image":{"@id":"https:\/\/regiaonews.net.br\/2022\/#\/schema\/logo\/image\/"}},{"@type":"Person","@id":"https:\/\/regiaonews.net.br\/2022\/#\/schema\/person\/2d205a608a5aa97ac279d7a5e6d89ad8","name":"Roberto","image":{"@type":"ImageObject","inLanguage":"pt-BR","@id":"https:\/\/secure.gravatar.com\/avatar\/42749d8b712ff9d59ca93dc150494e5b55a44134482993f5baeb97e61b7ecc89?s=96&d=mm&r=g","url":"https:\/\/secure.gravatar.com\/avatar\/42749d8b712ff9d59ca93dc150494e5b55a44134482993f5baeb97e61b7ecc89?s=96&d=mm&r=g","contentUrl":"https:\/\/secure.gravatar.com\/avatar\/42749d8b712ff9d59ca93dc150494e5b55a44134482993f5baeb97e61b7ecc89?s=96&d=mm&r=g","caption":"Roberto"},"url":"https:\/\/regiaonews.net.br\/2022\/author\/roberto\/"}]}},"publishpress_future_action":{"enabled":false,"date":"2026-05-08 08:54:41","action":"change-status","newStatus":"draft","terms":[],"taxonomy":"category","extraData":[]},"publishpress_future_workflow_manual_trigger":{"enabledWorkflows":[]},"_links":{"self":[{"href":"https:\/\/regiaonews.net.br\/2022\/wp-json\/wp\/v2\/posts\/128165","targetHints":{"allow":["GET"]}}],"collection":[{"href":"https:\/\/regiaonews.net.br\/2022\/wp-json\/wp\/v2\/posts"}],"about":[{"href":"https:\/\/regiaonews.net.br\/2022\/wp-json\/wp\/v2\/types\/post"}],"author":[{"embeddable":true,"href":"https:\/\/regiaonews.net.br\/2022\/wp-json\/wp\/v2\/users\/2"}],"replies":[{"embeddable":true,"href":"https:\/\/regiaonews.net.br\/2022\/wp-json\/wp\/v2\/comments?post=128165"}],"version-history":[{"count":1,"href":"https:\/\/regiaonews.net.br\/2022\/wp-json\/wp\/v2\/posts\/128165\/revisions"}],"predecessor-version":[{"id":128167,"href":"https:\/\/regiaonews.net.br\/2022\/wp-json\/wp\/v2\/posts\/128165\/revisions\/128167"}],"wp:featuredmedia":[{"embeddable":true,"href":"https:\/\/regiaonews.net.br\/2022\/wp-json\/wp\/v2\/media\/128166"}],"wp:attachment":[{"href":"https:\/\/regiaonews.net.br\/2022\/wp-json\/wp\/v2\/media?parent=128165"}],"wp:term":[{"taxonomy":"category","embeddable":true,"href":"https:\/\/regiaonews.net.br\/2022\/wp-json\/wp\/v2\/categories?post=128165"},{"taxonomy":"post_tag","embeddable":true,"href":"https:\/\/regiaonews.net.br\/2022\/wp-json\/wp\/v2\/tags?post=128165"}],"curies":[{"name":"wp","href":"https:\/\/api.w.org\/{rel}","templated":true}]}}