{"id":128153,"date":"2026-04-30T11:45:56","date_gmt":"2026-04-30T14:45:56","guid":{"rendered":"https:\/\/regiaonews.net.br\/2022\/?p=128153"},"modified":"2026-04-30T11:46:55","modified_gmt":"2026-04-30T14:46:55","slug":"novas-tarifas-de-pedagio-entram-em-vigor-em-1o-de-maio-nas-rodovias-da-ecovias-noroeste-paulista","status":"publish","type":"post","link":"https:\/\/regiaonews.net.br\/2022\/2026\/04\/30\/novas-tarifas-de-pedagio-entram-em-vigor-em-1o-de-maio-nas-rodovias-da-ecovias-noroeste-paulista\/","title":{"rendered":"Novas tarifas de ped\u00e1gio entram em vigor em 1\u00ba de maio nas rodovias da Ecovias Noroeste Paulista"},"content":{"rendered":"<p>&nbsp;<\/p>\n<p>A partir da zero hora do dia 1\u00ba de maio de 2026, os ped\u00e1gios das rodovias administradas pela Ecovias Noroeste Paulista passar\u00e3o a operar com novas tarifas. O reajuste, previsto no contrato de concess\u00e3o com o Governo do Estado de S\u00e3o Paulo, foi calculado com base no \u00cdndice Nacional de Pre\u00e7os ao Consumidor Amplo (IPCA), de responsabilidade do Instituto Brasileiro de Geografia e Estat\u00edstica (IBGE), acumulado entre maio de 2025 e abril de 2026, representando uma corre\u00e7\u00e3o de 4,11%.<\/p>\n<p>&nbsp;<\/p>\n<p>Os valores foram homologados pela Artesp (Ag\u00eancia de Transportes do Estado de S\u00e3o Paulo) e publicados no Di\u00e1rio Oficial do Estado. Confira as novas tarifas para ve\u00edculos de passeio:<\/p>\n<p>&nbsp;<\/p>\n<ul>\n<li><strong>ARARAQUARA<\/strong> (Rodovia Washington Lu\u00eds \u2013 SP-310): <strong>R$ 22,80<\/strong>.<\/li>\n<li><strong>AGULHA<\/strong> (Rodovia Washington Lu\u00eds \u2013 SP-310): <strong>R$ 13,80<\/strong>.<\/li>\n<li><strong>CATIGU\u00c1<\/strong> (Rodovia Washington Lu\u00eds \u2013 SP-310): <strong>R$ 19,80<\/strong>.<\/li>\n<li><strong>DOBRADA<\/strong> (Rodovia Brigadeiro Faria Lima \u2013 SP-326): <strong>R$ 11,20<\/strong>.<\/li>\n<li><strong>TAI\u00daVA<\/strong> (Rodovia Brigadeiro Faria Lima \u2013 SP-326): <strong>R$ 10,20<\/strong>.<\/li>\n<li><strong>JABOTICABAL<\/strong> (Rodovia Carlos Tonanni \u2013 SP-333): <strong>R$ 17,60<\/strong>.<\/li>\n<li><strong>IT\u00c1POLIS<\/strong> (Rodovia Laurentino Mascari \u2013 SP-333): <strong>R$ 9,70<\/strong>.<\/li>\n<li><strong>COLINA<\/strong> (Rodovia Brigadeiro Faria Lima \u2013 SP-326): <strong>R$ 11,70<\/strong>.<\/li>\n<li><strong>MONTE ALTO<\/strong> (Rodovia Orlando Chesini Ometto \u2013 SP-323): <strong>R$ 7,80<\/strong>.<\/li>\n<li><strong>PIRANGI<\/strong> (Rodovia Comendador Pedro Monteleone \u2013 SP-351): <strong>R$ 12,80<\/strong>.<\/li>\n<\/ul>\n<p>&nbsp;<\/p>\n<p><strong>TAG com desconto<\/strong><\/p>\n<p>Os usu\u00e1rios que utilizam TAGs para pagamento e libera\u00e7\u00e3o autom\u00e1ticos t\u00eam 5% de desconto em cada passagem pelo ped\u00e1gio (convencional e <em>Free Flow<\/em>). Eles pagar\u00e3o:<\/p>\n<ul>\n<li><strong>R$ 21,66<\/strong> em Araraquara.<\/li>\n<li><strong>R$ 13,11<\/strong> em Agulha.<\/li>\n<li><strong>R$ 18,81<\/strong> em Catigu\u00e1.<\/li>\n<li><strong>R$ 10,64<\/strong> em Dobrada.<\/li>\n<li><strong>R$ 9,69<\/strong> em Tai\u00fava.<\/li>\n<li><strong>R$ 16,72<\/strong> em Jaboticabal.<\/li>\n<li><strong>R$ 9,21<\/strong> em It\u00e1polis.<\/li>\n<li><strong>R$ 11,11<\/strong> em Colina.<\/li>\n<li><strong>R$ 7,41<\/strong> em Monte Alto.<\/li>\n<li><strong>R$ 12,16<\/strong> em Pirangi.<\/li>\n<\/ul>\n<p>&nbsp;<\/p>\n<p><strong>Free Flow<\/strong><\/p>\n<p>As pra\u00e7as de Dobrada, Tai\u00fava, Jaboticabal e It\u00e1polis operam no sistema <em>Free Flow<\/em>, sem cabines f\u00edsicas de cobran\u00e7a. O usu\u00e1rio passa sem reduzir a velocidade e o valor \u00e9 cobrado eletronicamente. Motoristas com TAG ativa t\u00eam a cobran\u00e7a feita automaticamente. Quem n\u00e3o possui TAG pode pagar, em at\u00e9 30 dias, pelos canais oficiais: site <a href=\"http:\/\/pedagiodigital.com\">pedagiodigital.com<\/a>, aplicativo Ecovias Noroeste Paulista, WhatsApp 0800-326-3663 ou, presencialmente, em totens dispon\u00edveis na SP-326, em Santa Ernestina, Jaboticabal, Pitangueiras, Bebedouro e Colina, e na SP-333, em Barrinha, Taquaritinga e Borborema.<\/p>\n<p>&nbsp;<\/p>\n<p><strong>Desconto Usu\u00e1rio Frequente (DUF)<\/strong><\/p>\n<p>Quem passa com frequ\u00eancia pelas pra\u00e7as de ped\u00e1gio da Ecovias Noroeste Paulista tem ainda mais um motivo para usar TAG: o programa Desconto Usu\u00e1rio Frequente (DUF), que oferece redu\u00e7\u00f5es progressivas e autom\u00e1ticas para ve\u00edculos de passeio. Os descontos s\u00e3o aplicados a partir da segunda passagem pelo mesmo ped\u00e1gio, no mesmo sentido e dentro do mesmo m\u00eas. Quanto mais vezes o usu\u00e1rio passar, maior o desconto &#8211; at\u00e9 a 30\u00aa passagem, quando o valor m\u00ednimo \u00e9 atingido e se mant\u00e9m fixo at\u00e9 o \u00faltimo dia do m\u00eas.<\/p>\n<p>&nbsp;<\/p>\n<p>Para se ter uma ideia da economia: em Araraquara, por exemplo, na 10\u00aa passagem o valor cai para R$ 8,96; na 20\u00aa, para R$ 3,36; e a partir da 30\u00aa, o usu\u00e1rio paga apenas R$ 1,26, uma economia de mais de 94% em rela\u00e7\u00e3o \u00e0 tarifa cheia.<\/p>\n<p><strong>Motociclistas<\/strong><\/p>\n<p>Os motociclistas tamb\u00e9m contam com tarifa diferenciada nas pra\u00e7as da Ecovias Noroeste Paulista. As motos pagam, exatamente, metade do valor cobrado para ve\u00edculos de passeio em todos os ped\u00e1gios da concess\u00e3o. Os novos valores para motos s\u00e3o:<\/p>\n<ul>\n<li><strong>R$ 11,40<\/strong> em Araraquara.<\/li>\n<li><strong>R$ 6,90<\/strong> em Agulha.<\/li>\n<li><strong>R$ 9,90<\/strong> em Catigu\u00e1.<\/li>\n<li><strong>R$ 5,60<\/strong> em Dobrada.<\/li>\n<li><strong>R$ 5,10<\/strong> em Tai\u00fava.<\/li>\n<li><strong>R$ 8,80<\/strong> em Jaboticabal.<\/li>\n<li><strong>R$ 4,90<\/strong> em It\u00e1polis.<\/li>\n<li><strong>R$ 5,80<\/strong> em Colina.<\/li>\n<li><strong>R$ 3,90<\/strong> em Monte Alto.<\/li>\n<li><strong>R$ 6,40<\/strong> em Pirangi.<\/li>\n<\/ul>\n","protected":false},"excerpt":{"rendered":"<p>&nbsp; A partir da zero hora do dia 1\u00ba de<\/p>\n","protected":false},"author":2,"featured_media":69575,"comment_status":"open","ping_status":"open","sticky":false,"template":"","format":"standard","meta":{"footnotes":""},"categories":[25,111,30],"tags":[],"class_list":["post-128153","post","type-post","status-publish","format-standard","has-post-thumbnail","hentry","category-cidades","category-cotidiano","category-regiao"],"yoast_head":"<!-- This site is optimized with the Yoast SEO plugin v27.5 - https:\/\/yoast.com\/product\/yoast-seo-wordpress\/ -->\n<title>Novas tarifas de ped\u00e1gio entram em vigor em 1\u00ba de maio nas rodovias da Ecovias Noroeste Paulista - Regi\u00e3o News<\/title>\n<meta name=\"robots\" content=\"index, follow, max-snippet:-1, max-image-preview:large, max-video-preview:-1\" \/>\n<link rel=\"canonical\" href=\"https:\/\/regiaonews.net.br\/2022\/2026\/04\/30\/novas-tarifas-de-pedagio-entram-em-vigor-em-1o-de-maio-nas-rodovias-da-ecovias-noroeste-paulista\/\" \/>\n<meta property=\"og:locale\" content=\"pt_BR\" \/>\n<meta property=\"og:type\" content=\"article\" \/>\n<meta property=\"og:title\" content=\"Novas tarifas de ped\u00e1gio entram em vigor em 1\u00ba de maio nas rodovias da Ecovias Noroeste Paulista - Regi\u00e3o News\" \/>\n<meta property=\"og:description\" content=\"&nbsp; A partir da zero hora do dia 1\u00ba de\" \/>\n<meta property=\"og:url\" content=\"https:\/\/regiaonews.net.br\/2022\/2026\/04\/30\/novas-tarifas-de-pedagio-entram-em-vigor-em-1o-de-maio-nas-rodovias-da-ecovias-noroeste-paulista\/\" \/>\n<meta property=\"og:site_name\" content=\"Regi\u00e3o News\" \/>\n<meta property=\"article:published_time\" content=\"2026-04-30T14:45:56+00:00\" \/>\n<meta property=\"article:modified_time\" content=\"2026-04-30T14:46:55+00:00\" \/>\n<meta property=\"og:image\" content=\"https:\/\/regiaonews.net.br\/2022\/wp-content\/uploads\/2022\/04\/pedagio-Colina.jpg\" \/>\n\t<meta property=\"og:image:width\" content=\"600\" \/>\n\t<meta property=\"og:image:height\" content=\"307\" \/>\n\t<meta property=\"og:image:type\" content=\"image\/jpeg\" \/>\n<meta name=\"author\" content=\"Roberto\" \/>\n<meta name=\"twitter:card\" content=\"summary_large_image\" \/>\n<meta name=\"twitter:label1\" content=\"Escrito por\" \/>\n\t<meta name=\"twitter:data1\" content=\"Roberto\" \/>\n\t<meta name=\"twitter:label2\" content=\"Est. tempo de leitura\" \/>\n\t<meta name=\"twitter:data2\" content=\"4 minutos\" \/>\n<script type=\"application\/ld+json\" class=\"yoast-schema-graph\">{\"@context\":\"https:\\\/\\\/schema.org\",\"@graph\":[{\"@type\":\"Article\",\"@id\":\"https:\\\/\\\/regiaonews.net.br\\\/2022\\\/2026\\\/04\\\/30\\\/novas-tarifas-de-pedagio-entram-em-vigor-em-1o-de-maio-nas-rodovias-da-ecovias-noroeste-paulista\\\/#article\",\"isPartOf\":{\"@id\":\"https:\\\/\\\/regiaonews.net.br\\\/2022\\\/2026\\\/04\\\/30\\\/novas-tarifas-de-pedagio-entram-em-vigor-em-1o-de-maio-nas-rodovias-da-ecovias-noroeste-paulista\\\/\"},\"author\":{\"name\":\"Roberto\",\"@id\":\"https:\\\/\\\/regiaonews.net.br\\\/2022\\\/#\\\/schema\\\/person\\\/2d205a608a5aa97ac279d7a5e6d89ad8\"},\"headline\":\"Novas tarifas de ped\u00e1gio entram em vigor em 1\u00ba de maio nas rodovias da Ecovias Noroeste Paulista\",\"datePublished\":\"2026-04-30T14:45:56+00:00\",\"dateModified\":\"2026-04-30T14:46:55+00:00\",\"mainEntityOfPage\":{\"@id\":\"https:\\\/\\\/regiaonews.net.br\\\/2022\\\/2026\\\/04\\\/30\\\/novas-tarifas-de-pedagio-entram-em-vigor-em-1o-de-maio-nas-rodovias-da-ecovias-noroeste-paulista\\\/\"},\"wordCount\":592,\"commentCount\":0,\"publisher\":{\"@id\":\"https:\\\/\\\/regiaonews.net.br\\\/2022\\\/#organization\"},\"image\":{\"@id\":\"https:\\\/\\\/regiaonews.net.br\\\/2022\\\/2026\\\/04\\\/30\\\/novas-tarifas-de-pedagio-entram-em-vigor-em-1o-de-maio-nas-rodovias-da-ecovias-noroeste-paulista\\\/#primaryimage\"},\"thumbnailUrl\":\"https:\\\/\\\/regiaonews.net.br\\\/2022\\\/wp-content\\\/uploads\\\/2022\\\/04\\\/pedagio-Colina.jpg\",\"articleSection\":[\"Cidades\",\"Cotidiano\",\"Regi\u00e3o\"],\"inLanguage\":\"pt-BR\",\"potentialAction\":[{\"@type\":\"CommentAction\",\"name\":\"Comment\",\"target\":[\"https:\\\/\\\/regiaonews.net.br\\\/2022\\\/2026\\\/04\\\/30\\\/novas-tarifas-de-pedagio-entram-em-vigor-em-1o-de-maio-nas-rodovias-da-ecovias-noroeste-paulista\\\/#respond\"]}]},{\"@type\":\"WebPage\",\"@id\":\"https:\\\/\\\/regiaonews.net.br\\\/2022\\\/2026\\\/04\\\/30\\\/novas-tarifas-de-pedagio-entram-em-vigor-em-1o-de-maio-nas-rodovias-da-ecovias-noroeste-paulista\\\/\",\"url\":\"https:\\\/\\\/regiaonews.net.br\\\/2022\\\/2026\\\/04\\\/30\\\/novas-tarifas-de-pedagio-entram-em-vigor-em-1o-de-maio-nas-rodovias-da-ecovias-noroeste-paulista\\\/\",\"name\":\"Novas tarifas de ped\u00e1gio entram em vigor em 1\u00ba de maio nas rodovias da Ecovias Noroeste Paulista - Regi\u00e3o News\",\"isPartOf\":{\"@id\":\"https:\\\/\\\/regiaonews.net.br\\\/2022\\\/#website\"},\"primaryImageOfPage\":{\"@id\":\"https:\\\/\\\/regiaonews.net.br\\\/2022\\\/2026\\\/04\\\/30\\\/novas-tarifas-de-pedagio-entram-em-vigor-em-1o-de-maio-nas-rodovias-da-ecovias-noroeste-paulista\\\/#primaryimage\"},\"image\":{\"@id\":\"https:\\\/\\\/regiaonews.net.br\\\/2022\\\/2026\\\/04\\\/30\\\/novas-tarifas-de-pedagio-entram-em-vigor-em-1o-de-maio-nas-rodovias-da-ecovias-noroeste-paulista\\\/#primaryimage\"},\"thumbnailUrl\":\"https:\\\/\\\/regiaonews.net.br\\\/2022\\\/wp-content\\\/uploads\\\/2022\\\/04\\\/pedagio-Colina.jpg\",\"datePublished\":\"2026-04-30T14:45:56+00:00\",\"dateModified\":\"2026-04-30T14:46:55+00:00\",\"breadcrumb\":{\"@id\":\"https:\\\/\\\/regiaonews.net.br\\\/2022\\\/2026\\\/04\\\/30\\\/novas-tarifas-de-pedagio-entram-em-vigor-em-1o-de-maio-nas-rodovias-da-ecovias-noroeste-paulista\\\/#breadcrumb\"},\"inLanguage\":\"pt-BR\",\"potentialAction\":[{\"@type\":\"ReadAction\",\"target\":[\"https:\\\/\\\/regiaonews.net.br\\\/2022\\\/2026\\\/04\\\/30\\\/novas-tarifas-de-pedagio-entram-em-vigor-em-1o-de-maio-nas-rodovias-da-ecovias-noroeste-paulista\\\/\"]}]},{\"@type\":\"ImageObject\",\"inLanguage\":\"pt-BR\",\"@id\":\"https:\\\/\\\/regiaonews.net.br\\\/2022\\\/2026\\\/04\\\/30\\\/novas-tarifas-de-pedagio-entram-em-vigor-em-1o-de-maio-nas-rodovias-da-ecovias-noroeste-paulista\\\/#primaryimage\",\"url\":\"https:\\\/\\\/regiaonews.net.br\\\/2022\\\/wp-content\\\/uploads\\\/2022\\\/04\\\/pedagio-Colina.jpg\",\"contentUrl\":\"https:\\\/\\\/regiaonews.net.br\\\/2022\\\/wp-content\\\/uploads\\\/2022\\\/04\\\/pedagio-Colina.jpg\",\"width\":600,\"height\":307},{\"@type\":\"BreadcrumbList\",\"@id\":\"https:\\\/\\\/regiaonews.net.br\\\/2022\\\/2026\\\/04\\\/30\\\/novas-tarifas-de-pedagio-entram-em-vigor-em-1o-de-maio-nas-rodovias-da-ecovias-noroeste-paulista\\\/#breadcrumb\",\"itemListElement\":[{\"@type\":\"ListItem\",\"position\":1,\"name\":\"In\u00edcio\",\"item\":\"https:\\\/\\\/regiaonews.net.br\\\/2022\\\/\"},{\"@type\":\"ListItem\",\"position\":2,\"name\":\"Novas tarifas de ped\u00e1gio entram em vigor em 1\u00ba de maio nas rodovias da Ecovias Noroeste Paulista\"}]},{\"@type\":\"WebSite\",\"@id\":\"https:\\\/\\\/regiaonews.net.br\\\/2022\\\/#website\",\"url\":\"https:\\\/\\\/regiaonews.net.br\\\/2022\\\/\",\"name\":\"Regi\u00e3o News\",\"description\":\"Site de Not\u00edcias de Barretos e regi\u00e3o\",\"publisher\":{\"@id\":\"https:\\\/\\\/regiaonews.net.br\\\/2022\\\/#organization\"},\"potentialAction\":[{\"@type\":\"SearchAction\",\"target\":{\"@type\":\"EntryPoint\",\"urlTemplate\":\"https:\\\/\\\/regiaonews.net.br\\\/2022\\\/?s={search_term_string}\"},\"query-input\":{\"@type\":\"PropertyValueSpecification\",\"valueRequired\":true,\"valueName\":\"search_term_string\"}}],\"inLanguage\":\"pt-BR\"},{\"@type\":\"Organization\",\"@id\":\"https:\\\/\\\/regiaonews.net.br\\\/2022\\\/#organization\",\"name\":\"Regi\u00e3o News\",\"url\":\"https:\\\/\\\/regiaonews.net.br\\\/2022\\\/\",\"logo\":{\"@type\":\"ImageObject\",\"inLanguage\":\"pt-BR\",\"@id\":\"https:\\\/\\\/regiaonews.net.br\\\/2022\\\/#\\\/schema\\\/logo\\\/image\\\/\",\"url\":\"https:\\\/\\\/regiaonews.net.br\\\/2022\\\/wp-content\\\/uploads\\\/2026\\\/03\\\/regiao-13-anos-scaled.jpg\",\"contentUrl\":\"https:\\\/\\\/regiaonews.net.br\\\/2022\\\/wp-content\\\/uploads\\\/2026\\\/03\\\/regiao-13-anos-scaled.jpg\",\"width\":2560,\"height\":635,\"caption\":\"Regi\u00e3o News\"},\"image\":{\"@id\":\"https:\\\/\\\/regiaonews.net.br\\\/2022\\\/#\\\/schema\\\/logo\\\/image\\\/\"}},{\"@type\":\"Person\",\"@id\":\"https:\\\/\\\/regiaonews.net.br\\\/2022\\\/#\\\/schema\\\/person\\\/2d205a608a5aa97ac279d7a5e6d89ad8\",\"name\":\"Roberto\",\"image\":{\"@type\":\"ImageObject\",\"inLanguage\":\"pt-BR\",\"@id\":\"https:\\\/\\\/secure.gravatar.com\\\/avatar\\\/42749d8b712ff9d59ca93dc150494e5b55a44134482993f5baeb97e61b7ecc89?s=96&d=mm&r=g\",\"url\":\"https:\\\/\\\/secure.gravatar.com\\\/avatar\\\/42749d8b712ff9d59ca93dc150494e5b55a44134482993f5baeb97e61b7ecc89?s=96&d=mm&r=g\",\"contentUrl\":\"https:\\\/\\\/secure.gravatar.com\\\/avatar\\\/42749d8b712ff9d59ca93dc150494e5b55a44134482993f5baeb97e61b7ecc89?s=96&d=mm&r=g\",\"caption\":\"Roberto\"},\"url\":\"https:\\\/\\\/regiaonews.net.br\\\/2022\\\/author\\\/roberto\\\/\"}]}<\/script>\n<!-- \/ Yoast SEO plugin. -->","yoast_head_json":{"title":"Novas tarifas de ped\u00e1gio entram em vigor em 1\u00ba de maio nas rodovias da Ecovias Noroeste Paulista - Regi\u00e3o News","robots":{"index":"index","follow":"follow","max-snippet":"max-snippet:-1","max-image-preview":"max-image-preview:large","max-video-preview":"max-video-preview:-1"},"canonical":"https:\/\/regiaonews.net.br\/2022\/2026\/04\/30\/novas-tarifas-de-pedagio-entram-em-vigor-em-1o-de-maio-nas-rodovias-da-ecovias-noroeste-paulista\/","og_locale":"pt_BR","og_type":"article","og_title":"Novas tarifas de ped\u00e1gio entram em vigor em 1\u00ba de maio nas rodovias da Ecovias Noroeste Paulista - Regi\u00e3o News","og_description":"&nbsp; A partir da zero hora do dia 1\u00ba de","og_url":"https:\/\/regiaonews.net.br\/2022\/2026\/04\/30\/novas-tarifas-de-pedagio-entram-em-vigor-em-1o-de-maio-nas-rodovias-da-ecovias-noroeste-paulista\/","og_site_name":"Regi\u00e3o News","article_published_time":"2026-04-30T14:45:56+00:00","article_modified_time":"2026-04-30T14:46:55+00:00","og_image":[{"width":600,"height":307,"url":"https:\/\/regiaonews.net.br\/2022\/wp-content\/uploads\/2022\/04\/pedagio-Colina.jpg","type":"image\/jpeg"}],"author":"Roberto","twitter_card":"summary_large_image","twitter_misc":{"Escrito por":"Roberto","Est. tempo de leitura":"4 minutos"},"schema":{"@context":"https:\/\/schema.org","@graph":[{"@type":"Article","@id":"https:\/\/regiaonews.net.br\/2022\/2026\/04\/30\/novas-tarifas-de-pedagio-entram-em-vigor-em-1o-de-maio-nas-rodovias-da-ecovias-noroeste-paulista\/#article","isPartOf":{"@id":"https:\/\/regiaonews.net.br\/2022\/2026\/04\/30\/novas-tarifas-de-pedagio-entram-em-vigor-em-1o-de-maio-nas-rodovias-da-ecovias-noroeste-paulista\/"},"author":{"name":"Roberto","@id":"https:\/\/regiaonews.net.br\/2022\/#\/schema\/person\/2d205a608a5aa97ac279d7a5e6d89ad8"},"headline":"Novas tarifas de ped\u00e1gio entram em vigor em 1\u00ba de maio nas rodovias da Ecovias Noroeste Paulista","datePublished":"2026-04-30T14:45:56+00:00","dateModified":"2026-04-30T14:46:55+00:00","mainEntityOfPage":{"@id":"https:\/\/regiaonews.net.br\/2022\/2026\/04\/30\/novas-tarifas-de-pedagio-entram-em-vigor-em-1o-de-maio-nas-rodovias-da-ecovias-noroeste-paulista\/"},"wordCount":592,"commentCount":0,"publisher":{"@id":"https:\/\/regiaonews.net.br\/2022\/#organization"},"image":{"@id":"https:\/\/regiaonews.net.br\/2022\/2026\/04\/30\/novas-tarifas-de-pedagio-entram-em-vigor-em-1o-de-maio-nas-rodovias-da-ecovias-noroeste-paulista\/#primaryimage"},"thumbnailUrl":"https:\/\/regiaonews.net.br\/2022\/wp-content\/uploads\/2022\/04\/pedagio-Colina.jpg","articleSection":["Cidades","Cotidiano","Regi\u00e3o"],"inLanguage":"pt-BR","potentialAction":[{"@type":"CommentAction","name":"Comment","target":["https:\/\/regiaonews.net.br\/2022\/2026\/04\/30\/novas-tarifas-de-pedagio-entram-em-vigor-em-1o-de-maio-nas-rodovias-da-ecovias-noroeste-paulista\/#respond"]}]},{"@type":"WebPage","@id":"https:\/\/regiaonews.net.br\/2022\/2026\/04\/30\/novas-tarifas-de-pedagio-entram-em-vigor-em-1o-de-maio-nas-rodovias-da-ecovias-noroeste-paulista\/","url":"https:\/\/regiaonews.net.br\/2022\/2026\/04\/30\/novas-tarifas-de-pedagio-entram-em-vigor-em-1o-de-maio-nas-rodovias-da-ecovias-noroeste-paulista\/","name":"Novas tarifas de ped\u00e1gio entram em vigor em 1\u00ba de maio nas rodovias da Ecovias Noroeste Paulista - Regi\u00e3o News","isPartOf":{"@id":"https:\/\/regiaonews.net.br\/2022\/#website"},"primaryImageOfPage":{"@id":"https:\/\/regiaonews.net.br\/2022\/2026\/04\/30\/novas-tarifas-de-pedagio-entram-em-vigor-em-1o-de-maio-nas-rodovias-da-ecovias-noroeste-paulista\/#primaryimage"},"image":{"@id":"https:\/\/regiaonews.net.br\/2022\/2026\/04\/30\/novas-tarifas-de-pedagio-entram-em-vigor-em-1o-de-maio-nas-rodovias-da-ecovias-noroeste-paulista\/#primaryimage"},"thumbnailUrl":"https:\/\/regiaonews.net.br\/2022\/wp-content\/uploads\/2022\/04\/pedagio-Colina.jpg","datePublished":"2026-04-30T14:45:56+00:00","dateModified":"2026-04-30T14:46:55+00:00","breadcrumb":{"@id":"https:\/\/regiaonews.net.br\/2022\/2026\/04\/30\/novas-tarifas-de-pedagio-entram-em-vigor-em-1o-de-maio-nas-rodovias-da-ecovias-noroeste-paulista\/#breadcrumb"},"inLanguage":"pt-BR","potentialAction":[{"@type":"ReadAction","target":["https:\/\/regiaonews.net.br\/2022\/2026\/04\/30\/novas-tarifas-de-pedagio-entram-em-vigor-em-1o-de-maio-nas-rodovias-da-ecovias-noroeste-paulista\/"]}]},{"@type":"ImageObject","inLanguage":"pt-BR","@id":"https:\/\/regiaonews.net.br\/2022\/2026\/04\/30\/novas-tarifas-de-pedagio-entram-em-vigor-em-1o-de-maio-nas-rodovias-da-ecovias-noroeste-paulista\/#primaryimage","url":"https:\/\/regiaonews.net.br\/2022\/wp-content\/uploads\/2022\/04\/pedagio-Colina.jpg","contentUrl":"https:\/\/regiaonews.net.br\/2022\/wp-content\/uploads\/2022\/04\/pedagio-Colina.jpg","width":600,"height":307},{"@type":"BreadcrumbList","@id":"https:\/\/regiaonews.net.br\/2022\/2026\/04\/30\/novas-tarifas-de-pedagio-entram-em-vigor-em-1o-de-maio-nas-rodovias-da-ecovias-noroeste-paulista\/#breadcrumb","itemListElement":[{"@type":"ListItem","position":1,"name":"In\u00edcio","item":"https:\/\/regiaonews.net.br\/2022\/"},{"@type":"ListItem","position":2,"name":"Novas tarifas de ped\u00e1gio entram em vigor em 1\u00ba de maio nas rodovias da Ecovias Noroeste Paulista"}]},{"@type":"WebSite","@id":"https:\/\/regiaonews.net.br\/2022\/#website","url":"https:\/\/regiaonews.net.br\/2022\/","name":"Regi\u00e3o News","description":"Site de Not\u00edcias de Barretos e regi\u00e3o","publisher":{"@id":"https:\/\/regiaonews.net.br\/2022\/#organization"},"potentialAction":[{"@type":"SearchAction","target":{"@type":"EntryPoint","urlTemplate":"https:\/\/regiaonews.net.br\/2022\/?s={search_term_string}"},"query-input":{"@type":"PropertyValueSpecification","valueRequired":true,"valueName":"search_term_string"}}],"inLanguage":"pt-BR"},{"@type":"Organization","@id":"https:\/\/regiaonews.net.br\/2022\/#organization","name":"Regi\u00e3o News","url":"https:\/\/regiaonews.net.br\/2022\/","logo":{"@type":"ImageObject","inLanguage":"pt-BR","@id":"https:\/\/regiaonews.net.br\/2022\/#\/schema\/logo\/image\/","url":"https:\/\/regiaonews.net.br\/2022\/wp-content\/uploads\/2026\/03\/regiao-13-anos-scaled.jpg","contentUrl":"https:\/\/regiaonews.net.br\/2022\/wp-content\/uploads\/2026\/03\/regiao-13-anos-scaled.jpg","width":2560,"height":635,"caption":"Regi\u00e3o News"},"image":{"@id":"https:\/\/regiaonews.net.br\/2022\/#\/schema\/logo\/image\/"}},{"@type":"Person","@id":"https:\/\/regiaonews.net.br\/2022\/#\/schema\/person\/2d205a608a5aa97ac279d7a5e6d89ad8","name":"Roberto","image":{"@type":"ImageObject","inLanguage":"pt-BR","@id":"https:\/\/secure.gravatar.com\/avatar\/42749d8b712ff9d59ca93dc150494e5b55a44134482993f5baeb97e61b7ecc89?s=96&d=mm&r=g","url":"https:\/\/secure.gravatar.com\/avatar\/42749d8b712ff9d59ca93dc150494e5b55a44134482993f5baeb97e61b7ecc89?s=96&d=mm&r=g","contentUrl":"https:\/\/secure.gravatar.com\/avatar\/42749d8b712ff9d59ca93dc150494e5b55a44134482993f5baeb97e61b7ecc89?s=96&d=mm&r=g","caption":"Roberto"},"url":"https:\/\/regiaonews.net.br\/2022\/author\/roberto\/"}]}},"publishpress_future_action":{"enabled":false,"date":"2026-05-07 14:45:13","action":"change-status","newStatus":"draft","terms":[],"taxonomy":"category","extraData":[]},"publishpress_future_workflow_manual_trigger":{"enabledWorkflows":[]},"_links":{"self":[{"href":"https:\/\/regiaonews.net.br\/2022\/wp-json\/wp\/v2\/posts\/128153","targetHints":{"allow":["GET"]}}],"collection":[{"href":"https:\/\/regiaonews.net.br\/2022\/wp-json\/wp\/v2\/posts"}],"about":[{"href":"https:\/\/regiaonews.net.br\/2022\/wp-json\/wp\/v2\/types\/post"}],"author":[{"embeddable":true,"href":"https:\/\/regiaonews.net.br\/2022\/wp-json\/wp\/v2\/users\/2"}],"replies":[{"embeddable":true,"href":"https:\/\/regiaonews.net.br\/2022\/wp-json\/wp\/v2\/comments?post=128153"}],"version-history":[{"count":2,"href":"https:\/\/regiaonews.net.br\/2022\/wp-json\/wp\/v2\/posts\/128153\/revisions"}],"predecessor-version":[{"id":128155,"href":"https:\/\/regiaonews.net.br\/2022\/wp-json\/wp\/v2\/posts\/128153\/revisions\/128155"}],"wp:featuredmedia":[{"embeddable":true,"href":"https:\/\/regiaonews.net.br\/2022\/wp-json\/wp\/v2\/media\/69575"}],"wp:attachment":[{"href":"https:\/\/regiaonews.net.br\/2022\/wp-json\/wp\/v2\/media?parent=128153"}],"wp:term":[{"taxonomy":"category","embeddable":true,"href":"https:\/\/regiaonews.net.br\/2022\/wp-json\/wp\/v2\/categories?post=128153"},{"taxonomy":"post_tag","embeddable":true,"href":"https:\/\/regiaonews.net.br\/2022\/wp-json\/wp\/v2\/tags?post=128153"}],"curies":[{"name":"wp","href":"https:\/\/api.w.org\/{rel}","templated":true}]}}