{"id":128142,"date":"2026-04-30T10:53:00","date_gmt":"2026-04-30T13:53:00","guid":{"rendered":"https:\/\/regiaonews.net.br\/2022\/?p=128142"},"modified":"2026-04-30T10:53:45","modified_gmt":"2026-04-30T13:53:45","slug":"sebrae-sp-celebra-28-anos-em-barretos-com-evento-sobre-inteligencia-artificial-e-desenvolvimento-regional","status":"publish","type":"post","link":"https:\/\/regiaonews.net.br\/2022\/2026\/04\/30\/sebrae-sp-celebra-28-anos-em-barretos-com-evento-sobre-inteligencia-artificial-e-desenvolvimento-regional\/","title":{"rendered":"Sebrae-SP celebra 28 anos em Barretos com evento sobre Intelig\u00eancia Artificial e desenvolvimento regional"},"content":{"rendered":"<p>Programa\u00e7\u00e3o reuniu empres\u00e1rios, autoridades e lideran\u00e7as, com apresenta\u00e7\u00e3o de resultados do Programa Barretos 4.0 e do Fature Mais<br \/>\nO Escrit\u00f3rio Regional do Sebrae-SP em Barretos comemorou seus 28 anos de atua\u00e7\u00e3o na \u00faltima ter\u00e7a-feira, 28 de abril, com um evento especial voltado ao empreendedorismo, \u00e0 inova\u00e7\u00e3o e ao desenvolvimento econ\u00f4mico regional. A celebra\u00e7\u00e3o ocorreu no Teatro Cine Barretos Os\u00f3rio Falleiros da Rocha e reuniu empres\u00e1rios, autoridades e lideran\u00e7as locais.<br \/>\nA programa\u00e7\u00e3o contou com palestra sobre Intelig\u00eancia Artificial aplicada aos neg\u00f3cios, apresenta\u00e7\u00e3o da nova fase da jornada empreendedora \u201cFature Mais\u201d e divulga\u00e7\u00e3o dos avan\u00e7os do Programa Barretos 4.0, iniciativa realizada em parceria com a Prefeitura de Barretos.<br \/>\nDurante a abertura, o gerente regional do Sebrae-SP Rafael Matos do Carmo destacou a parceria com ACIB (Associa\u00e7\u00e3o Comercial e Industrial de Barretos), o Sincomercio (Sindicato do Com\u00e9rcio Varejista), Sicredi e o trabalho desenvolvido pela equipe de analistas e consultores de neg\u00f3cios no atendimento \u00e0s micro e pequenas empresas dos 23 munic\u00edpios que integram a \u00e1rea de abrang\u00eancia da regional.<br \/>\n\u201cCelebrar esses 28 anos \u00e9 reconhecer o compromisso di\u00e1rio da nossa equipe com o fortalecimento do empreendedorismo e com o crescimento sustent\u00e1vel dos pequenos neg\u00f3cios em toda a regi\u00e3o\u201d, afirmou.<br \/>\nRafael tamb\u00e9m apresentou resultados do Programa Barretos 4.0, que j\u00e1 soma mais de 15 mil atendimentos a micro e pequenas empresas, mais de dois mil alunos capacitados em empreendedorismo, gera\u00e7\u00e3o de mais de 1,5 mil vagas de emprego, atendimento a 105 mulheres pelo Empreenda Mulher, capacita\u00e7\u00e3o de mais de 100 servidores p\u00fablicos e participa\u00e7\u00e3o de seis empresas no programa Pr\u00f3 Barretos.<br \/>\nAinda de acordo com Rafael, neste ano o programa prev\u00ea o lan\u00e7amento de uma plataforma online de capacita\u00e7\u00e3o e o avan\u00e7o do projeto do Parque Tecnol\u00f3gico de Barretos.<br \/>\nA palestra foi ministrada por Ricardo Souza, empreendedor e estrategista em transforma\u00e7\u00e3o empresarial com Intelig\u00eancia Artificial. Durante a apresenta\u00e7\u00e3o, ele abordou o impacto da tecnologia no mercado e a import\u00e2ncia da adapta\u00e7\u00e3o das empresas.<br \/>\n\u201cA Intelig\u00eancia Artificial chegou para transformar a forma como trabalhamos e fazemos neg\u00f3cios. Quem souber utilizar as ferramentas certas ter\u00e1 mais competitividade e produtividade\u201d, ressaltou Souza.<br \/>\nEstiveram presentes no evento o vice-prefeito de Barretos, Mussa Calil Neto, o presidente da C\u00e2mara Municipal, Lu\u00eds Paulo Vieira, o Lupa, e o secret\u00e1rio municipal de Desenvolvimento Econ\u00f4mico e Inova\u00e7\u00e3o, Thyago Abra\u00e3o.<\/p>\n","protected":false},"excerpt":{"rendered":"<p>Programa\u00e7\u00e3o reuniu empres\u00e1rios, autoridades e lideran\u00e7as, com apresenta\u00e7\u00e3o de resultados<\/p>\n","protected":false},"author":2,"featured_media":128143,"comment_status":"open","ping_status":"open","sticky":false,"template":"","format":"standard","meta":{"footnotes":""},"categories":[14,25,111],"tags":[],"class_list":["post-128142","post","type-post","status-publish","format-standard","has-post-thumbnail","hentry","category-barretos","category-cidades","category-cotidiano"],"yoast_head":"<!-- This site is optimized with the Yoast SEO plugin v27.5 - https:\/\/yoast.com\/product\/yoast-seo-wordpress\/ -->\n<title>Sebrae-SP celebra 28 anos em Barretos com evento sobre Intelig\u00eancia Artificial e desenvolvimento regional - Regi\u00e3o News<\/title>\n<meta name=\"robots\" content=\"index, follow, max-snippet:-1, max-image-preview:large, max-video-preview:-1\" \/>\n<link rel=\"canonical\" href=\"https:\/\/regiaonews.net.br\/2022\/2026\/04\/30\/sebrae-sp-celebra-28-anos-em-barretos-com-evento-sobre-inteligencia-artificial-e-desenvolvimento-regional\/\" \/>\n<meta property=\"og:locale\" content=\"pt_BR\" \/>\n<meta property=\"og:type\" content=\"article\" \/>\n<meta property=\"og:title\" content=\"Sebrae-SP celebra 28 anos em Barretos com evento sobre Intelig\u00eancia Artificial e desenvolvimento regional - Regi\u00e3o News\" \/>\n<meta property=\"og:description\" content=\"Programa\u00e7\u00e3o reuniu empres\u00e1rios, autoridades e lideran\u00e7as, com apresenta\u00e7\u00e3o de resultados\" \/>\n<meta property=\"og:url\" content=\"https:\/\/regiaonews.net.br\/2022\/2026\/04\/30\/sebrae-sp-celebra-28-anos-em-barretos-com-evento-sobre-inteligencia-artificial-e-desenvolvimento-regional\/\" \/>\n<meta property=\"og:site_name\" content=\"Regi\u00e3o News\" \/>\n<meta property=\"article:published_time\" content=\"2026-04-30T13:53:00+00:00\" \/>\n<meta property=\"article:modified_time\" content=\"2026-04-30T13:53:45+00:00\" \/>\n<meta property=\"og:image\" content=\"https:\/\/regiaonews.net.br\/2022\/wp-content\/uploads\/2026\/04\/WhatsApp-Image-2026-04-29-at-14.50.41.jpeg\" \/>\n\t<meta property=\"og:image:width\" content=\"1280\" \/>\n\t<meta property=\"og:image:height\" content=\"853\" \/>\n\t<meta property=\"og:image:type\" content=\"image\/jpeg\" \/>\n<meta name=\"author\" content=\"Roberto\" \/>\n<meta name=\"twitter:card\" content=\"summary_large_image\" \/>\n<meta name=\"twitter:label1\" content=\"Escrito por\" \/>\n\t<meta name=\"twitter:data1\" content=\"Roberto\" \/>\n\t<meta name=\"twitter:label2\" content=\"Est. tempo de leitura\" \/>\n\t<meta name=\"twitter:data2\" content=\"3 minutos\" \/>\n<script type=\"application\/ld+json\" class=\"yoast-schema-graph\">{\"@context\":\"https:\\\/\\\/schema.org\",\"@graph\":[{\"@type\":\"Article\",\"@id\":\"https:\\\/\\\/regiaonews.net.br\\\/2022\\\/2026\\\/04\\\/30\\\/sebrae-sp-celebra-28-anos-em-barretos-com-evento-sobre-inteligencia-artificial-e-desenvolvimento-regional\\\/#article\",\"isPartOf\":{\"@id\":\"https:\\\/\\\/regiaonews.net.br\\\/2022\\\/2026\\\/04\\\/30\\\/sebrae-sp-celebra-28-anos-em-barretos-com-evento-sobre-inteligencia-artificial-e-desenvolvimento-regional\\\/\"},\"author\":{\"name\":\"Roberto\",\"@id\":\"https:\\\/\\\/regiaonews.net.br\\\/2022\\\/#\\\/schema\\\/person\\\/2d205a608a5aa97ac279d7a5e6d89ad8\"},\"headline\":\"Sebrae-SP celebra 28 anos em Barretos com evento sobre Intelig\u00eancia Artificial e desenvolvimento regional\",\"datePublished\":\"2026-04-30T13:53:00+00:00\",\"dateModified\":\"2026-04-30T13:53:45+00:00\",\"mainEntityOfPage\":{\"@id\":\"https:\\\/\\\/regiaonews.net.br\\\/2022\\\/2026\\\/04\\\/30\\\/sebrae-sp-celebra-28-anos-em-barretos-com-evento-sobre-inteligencia-artificial-e-desenvolvimento-regional\\\/\"},\"wordCount\":428,\"commentCount\":0,\"publisher\":{\"@id\":\"https:\\\/\\\/regiaonews.net.br\\\/2022\\\/#organization\"},\"image\":{\"@id\":\"https:\\\/\\\/regiaonews.net.br\\\/2022\\\/2026\\\/04\\\/30\\\/sebrae-sp-celebra-28-anos-em-barretos-com-evento-sobre-inteligencia-artificial-e-desenvolvimento-regional\\\/#primaryimage\"},\"thumbnailUrl\":\"https:\\\/\\\/regiaonews.net.br\\\/2022\\\/wp-content\\\/uploads\\\/2026\\\/04\\\/WhatsApp-Image-2026-04-29-at-14.50.41.jpeg\",\"articleSection\":[\"Barretos\",\"Cidades\",\"Cotidiano\"],\"inLanguage\":\"pt-BR\",\"potentialAction\":[{\"@type\":\"CommentAction\",\"name\":\"Comment\",\"target\":[\"https:\\\/\\\/regiaonews.net.br\\\/2022\\\/2026\\\/04\\\/30\\\/sebrae-sp-celebra-28-anos-em-barretos-com-evento-sobre-inteligencia-artificial-e-desenvolvimento-regional\\\/#respond\"]}]},{\"@type\":\"WebPage\",\"@id\":\"https:\\\/\\\/regiaonews.net.br\\\/2022\\\/2026\\\/04\\\/30\\\/sebrae-sp-celebra-28-anos-em-barretos-com-evento-sobre-inteligencia-artificial-e-desenvolvimento-regional\\\/\",\"url\":\"https:\\\/\\\/regiaonews.net.br\\\/2022\\\/2026\\\/04\\\/30\\\/sebrae-sp-celebra-28-anos-em-barretos-com-evento-sobre-inteligencia-artificial-e-desenvolvimento-regional\\\/\",\"name\":\"Sebrae-SP celebra 28 anos em Barretos com evento sobre Intelig\u00eancia Artificial e desenvolvimento regional - Regi\u00e3o News\",\"isPartOf\":{\"@id\":\"https:\\\/\\\/regiaonews.net.br\\\/2022\\\/#website\"},\"primaryImageOfPage\":{\"@id\":\"https:\\\/\\\/regiaonews.net.br\\\/2022\\\/2026\\\/04\\\/30\\\/sebrae-sp-celebra-28-anos-em-barretos-com-evento-sobre-inteligencia-artificial-e-desenvolvimento-regional\\\/#primaryimage\"},\"image\":{\"@id\":\"https:\\\/\\\/regiaonews.net.br\\\/2022\\\/2026\\\/04\\\/30\\\/sebrae-sp-celebra-28-anos-em-barretos-com-evento-sobre-inteligencia-artificial-e-desenvolvimento-regional\\\/#primaryimage\"},\"thumbnailUrl\":\"https:\\\/\\\/regiaonews.net.br\\\/2022\\\/wp-content\\\/uploads\\\/2026\\\/04\\\/WhatsApp-Image-2026-04-29-at-14.50.41.jpeg\",\"datePublished\":\"2026-04-30T13:53:00+00:00\",\"dateModified\":\"2026-04-30T13:53:45+00:00\",\"breadcrumb\":{\"@id\":\"https:\\\/\\\/regiaonews.net.br\\\/2022\\\/2026\\\/04\\\/30\\\/sebrae-sp-celebra-28-anos-em-barretos-com-evento-sobre-inteligencia-artificial-e-desenvolvimento-regional\\\/#breadcrumb\"},\"inLanguage\":\"pt-BR\",\"potentialAction\":[{\"@type\":\"ReadAction\",\"target\":[\"https:\\\/\\\/regiaonews.net.br\\\/2022\\\/2026\\\/04\\\/30\\\/sebrae-sp-celebra-28-anos-em-barretos-com-evento-sobre-inteligencia-artificial-e-desenvolvimento-regional\\\/\"]}]},{\"@type\":\"ImageObject\",\"inLanguage\":\"pt-BR\",\"@id\":\"https:\\\/\\\/regiaonews.net.br\\\/2022\\\/2026\\\/04\\\/30\\\/sebrae-sp-celebra-28-anos-em-barretos-com-evento-sobre-inteligencia-artificial-e-desenvolvimento-regional\\\/#primaryimage\",\"url\":\"https:\\\/\\\/regiaonews.net.br\\\/2022\\\/wp-content\\\/uploads\\\/2026\\\/04\\\/WhatsApp-Image-2026-04-29-at-14.50.41.jpeg\",\"contentUrl\":\"https:\\\/\\\/regiaonews.net.br\\\/2022\\\/wp-content\\\/uploads\\\/2026\\\/04\\\/WhatsApp-Image-2026-04-29-at-14.50.41.jpeg\",\"width\":1280,\"height\":853},{\"@type\":\"BreadcrumbList\",\"@id\":\"https:\\\/\\\/regiaonews.net.br\\\/2022\\\/2026\\\/04\\\/30\\\/sebrae-sp-celebra-28-anos-em-barretos-com-evento-sobre-inteligencia-artificial-e-desenvolvimento-regional\\\/#breadcrumb\",\"itemListElement\":[{\"@type\":\"ListItem\",\"position\":1,\"name\":\"In\u00edcio\",\"item\":\"https:\\\/\\\/regiaonews.net.br\\\/2022\\\/\"},{\"@type\":\"ListItem\",\"position\":2,\"name\":\"Sebrae-SP celebra 28 anos em Barretos com evento sobre Intelig\u00eancia Artificial e desenvolvimento regional\"}]},{\"@type\":\"WebSite\",\"@id\":\"https:\\\/\\\/regiaonews.net.br\\\/2022\\\/#website\",\"url\":\"https:\\\/\\\/regiaonews.net.br\\\/2022\\\/\",\"name\":\"Regi\u00e3o News\",\"description\":\"Site de Not\u00edcias de Barretos e regi\u00e3o\",\"publisher\":{\"@id\":\"https:\\\/\\\/regiaonews.net.br\\\/2022\\\/#organization\"},\"potentialAction\":[{\"@type\":\"SearchAction\",\"target\":{\"@type\":\"EntryPoint\",\"urlTemplate\":\"https:\\\/\\\/regiaonews.net.br\\\/2022\\\/?s={search_term_string}\"},\"query-input\":{\"@type\":\"PropertyValueSpecification\",\"valueRequired\":true,\"valueName\":\"search_term_string\"}}],\"inLanguage\":\"pt-BR\"},{\"@type\":\"Organization\",\"@id\":\"https:\\\/\\\/regiaonews.net.br\\\/2022\\\/#organization\",\"name\":\"Regi\u00e3o News\",\"url\":\"https:\\\/\\\/regiaonews.net.br\\\/2022\\\/\",\"logo\":{\"@type\":\"ImageObject\",\"inLanguage\":\"pt-BR\",\"@id\":\"https:\\\/\\\/regiaonews.net.br\\\/2022\\\/#\\\/schema\\\/logo\\\/image\\\/\",\"url\":\"https:\\\/\\\/regiaonews.net.br\\\/2022\\\/wp-content\\\/uploads\\\/2026\\\/03\\\/regiao-13-anos-scaled.jpg\",\"contentUrl\":\"https:\\\/\\\/regiaonews.net.br\\\/2022\\\/wp-content\\\/uploads\\\/2026\\\/03\\\/regiao-13-anos-scaled.jpg\",\"width\":2560,\"height\":635,\"caption\":\"Regi\u00e3o News\"},\"image\":{\"@id\":\"https:\\\/\\\/regiaonews.net.br\\\/2022\\\/#\\\/schema\\\/logo\\\/image\\\/\"}},{\"@type\":\"Person\",\"@id\":\"https:\\\/\\\/regiaonews.net.br\\\/2022\\\/#\\\/schema\\\/person\\\/2d205a608a5aa97ac279d7a5e6d89ad8\",\"name\":\"Roberto\",\"image\":{\"@type\":\"ImageObject\",\"inLanguage\":\"pt-BR\",\"@id\":\"https:\\\/\\\/secure.gravatar.com\\\/avatar\\\/42749d8b712ff9d59ca93dc150494e5b55a44134482993f5baeb97e61b7ecc89?s=96&d=mm&r=g\",\"url\":\"https:\\\/\\\/secure.gravatar.com\\\/avatar\\\/42749d8b712ff9d59ca93dc150494e5b55a44134482993f5baeb97e61b7ecc89?s=96&d=mm&r=g\",\"contentUrl\":\"https:\\\/\\\/secure.gravatar.com\\\/avatar\\\/42749d8b712ff9d59ca93dc150494e5b55a44134482993f5baeb97e61b7ecc89?s=96&d=mm&r=g\",\"caption\":\"Roberto\"},\"url\":\"https:\\\/\\\/regiaonews.net.br\\\/2022\\\/author\\\/roberto\\\/\"}]}<\/script>\n<!-- \/ Yoast SEO plugin. -->","yoast_head_json":{"title":"Sebrae-SP celebra 28 anos em Barretos com evento sobre Intelig\u00eancia Artificial e desenvolvimento regional - Regi\u00e3o News","robots":{"index":"index","follow":"follow","max-snippet":"max-snippet:-1","max-image-preview":"max-image-preview:large","max-video-preview":"max-video-preview:-1"},"canonical":"https:\/\/regiaonews.net.br\/2022\/2026\/04\/30\/sebrae-sp-celebra-28-anos-em-barretos-com-evento-sobre-inteligencia-artificial-e-desenvolvimento-regional\/","og_locale":"pt_BR","og_type":"article","og_title":"Sebrae-SP celebra 28 anos em Barretos com evento sobre Intelig\u00eancia Artificial e desenvolvimento regional - Regi\u00e3o News","og_description":"Programa\u00e7\u00e3o reuniu empres\u00e1rios, autoridades e lideran\u00e7as, com apresenta\u00e7\u00e3o de resultados","og_url":"https:\/\/regiaonews.net.br\/2022\/2026\/04\/30\/sebrae-sp-celebra-28-anos-em-barretos-com-evento-sobre-inteligencia-artificial-e-desenvolvimento-regional\/","og_site_name":"Regi\u00e3o News","article_published_time":"2026-04-30T13:53:00+00:00","article_modified_time":"2026-04-30T13:53:45+00:00","og_image":[{"width":1280,"height":853,"url":"https:\/\/regiaonews.net.br\/2022\/wp-content\/uploads\/2026\/04\/WhatsApp-Image-2026-04-29-at-14.50.41.jpeg","type":"image\/jpeg"}],"author":"Roberto","twitter_card":"summary_large_image","twitter_misc":{"Escrito por":"Roberto","Est. tempo de leitura":"3 minutos"},"schema":{"@context":"https:\/\/schema.org","@graph":[{"@type":"Article","@id":"https:\/\/regiaonews.net.br\/2022\/2026\/04\/30\/sebrae-sp-celebra-28-anos-em-barretos-com-evento-sobre-inteligencia-artificial-e-desenvolvimento-regional\/#article","isPartOf":{"@id":"https:\/\/regiaonews.net.br\/2022\/2026\/04\/30\/sebrae-sp-celebra-28-anos-em-barretos-com-evento-sobre-inteligencia-artificial-e-desenvolvimento-regional\/"},"author":{"name":"Roberto","@id":"https:\/\/regiaonews.net.br\/2022\/#\/schema\/person\/2d205a608a5aa97ac279d7a5e6d89ad8"},"headline":"Sebrae-SP celebra 28 anos em Barretos com evento sobre Intelig\u00eancia Artificial e desenvolvimento regional","datePublished":"2026-04-30T13:53:00+00:00","dateModified":"2026-04-30T13:53:45+00:00","mainEntityOfPage":{"@id":"https:\/\/regiaonews.net.br\/2022\/2026\/04\/30\/sebrae-sp-celebra-28-anos-em-barretos-com-evento-sobre-inteligencia-artificial-e-desenvolvimento-regional\/"},"wordCount":428,"commentCount":0,"publisher":{"@id":"https:\/\/regiaonews.net.br\/2022\/#organization"},"image":{"@id":"https:\/\/regiaonews.net.br\/2022\/2026\/04\/30\/sebrae-sp-celebra-28-anos-em-barretos-com-evento-sobre-inteligencia-artificial-e-desenvolvimento-regional\/#primaryimage"},"thumbnailUrl":"https:\/\/regiaonews.net.br\/2022\/wp-content\/uploads\/2026\/04\/WhatsApp-Image-2026-04-29-at-14.50.41.jpeg","articleSection":["Barretos","Cidades","Cotidiano"],"inLanguage":"pt-BR","potentialAction":[{"@type":"CommentAction","name":"Comment","target":["https:\/\/regiaonews.net.br\/2022\/2026\/04\/30\/sebrae-sp-celebra-28-anos-em-barretos-com-evento-sobre-inteligencia-artificial-e-desenvolvimento-regional\/#respond"]}]},{"@type":"WebPage","@id":"https:\/\/regiaonews.net.br\/2022\/2026\/04\/30\/sebrae-sp-celebra-28-anos-em-barretos-com-evento-sobre-inteligencia-artificial-e-desenvolvimento-regional\/","url":"https:\/\/regiaonews.net.br\/2022\/2026\/04\/30\/sebrae-sp-celebra-28-anos-em-barretos-com-evento-sobre-inteligencia-artificial-e-desenvolvimento-regional\/","name":"Sebrae-SP celebra 28 anos em Barretos com evento sobre Intelig\u00eancia Artificial e desenvolvimento regional - Regi\u00e3o News","isPartOf":{"@id":"https:\/\/regiaonews.net.br\/2022\/#website"},"primaryImageOfPage":{"@id":"https:\/\/regiaonews.net.br\/2022\/2026\/04\/30\/sebrae-sp-celebra-28-anos-em-barretos-com-evento-sobre-inteligencia-artificial-e-desenvolvimento-regional\/#primaryimage"},"image":{"@id":"https:\/\/regiaonews.net.br\/2022\/2026\/04\/30\/sebrae-sp-celebra-28-anos-em-barretos-com-evento-sobre-inteligencia-artificial-e-desenvolvimento-regional\/#primaryimage"},"thumbnailUrl":"https:\/\/regiaonews.net.br\/2022\/wp-content\/uploads\/2026\/04\/WhatsApp-Image-2026-04-29-at-14.50.41.jpeg","datePublished":"2026-04-30T13:53:00+00:00","dateModified":"2026-04-30T13:53:45+00:00","breadcrumb":{"@id":"https:\/\/regiaonews.net.br\/2022\/2026\/04\/30\/sebrae-sp-celebra-28-anos-em-barretos-com-evento-sobre-inteligencia-artificial-e-desenvolvimento-regional\/#breadcrumb"},"inLanguage":"pt-BR","potentialAction":[{"@type":"ReadAction","target":["https:\/\/regiaonews.net.br\/2022\/2026\/04\/30\/sebrae-sp-celebra-28-anos-em-barretos-com-evento-sobre-inteligencia-artificial-e-desenvolvimento-regional\/"]}]},{"@type":"ImageObject","inLanguage":"pt-BR","@id":"https:\/\/regiaonews.net.br\/2022\/2026\/04\/30\/sebrae-sp-celebra-28-anos-em-barretos-com-evento-sobre-inteligencia-artificial-e-desenvolvimento-regional\/#primaryimage","url":"https:\/\/regiaonews.net.br\/2022\/wp-content\/uploads\/2026\/04\/WhatsApp-Image-2026-04-29-at-14.50.41.jpeg","contentUrl":"https:\/\/regiaonews.net.br\/2022\/wp-content\/uploads\/2026\/04\/WhatsApp-Image-2026-04-29-at-14.50.41.jpeg","width":1280,"height":853},{"@type":"BreadcrumbList","@id":"https:\/\/regiaonews.net.br\/2022\/2026\/04\/30\/sebrae-sp-celebra-28-anos-em-barretos-com-evento-sobre-inteligencia-artificial-e-desenvolvimento-regional\/#breadcrumb","itemListElement":[{"@type":"ListItem","position":1,"name":"In\u00edcio","item":"https:\/\/regiaonews.net.br\/2022\/"},{"@type":"ListItem","position":2,"name":"Sebrae-SP celebra 28 anos em Barretos com evento sobre Intelig\u00eancia Artificial e desenvolvimento regional"}]},{"@type":"WebSite","@id":"https:\/\/regiaonews.net.br\/2022\/#website","url":"https:\/\/regiaonews.net.br\/2022\/","name":"Regi\u00e3o News","description":"Site de Not\u00edcias de Barretos e regi\u00e3o","publisher":{"@id":"https:\/\/regiaonews.net.br\/2022\/#organization"},"potentialAction":[{"@type":"SearchAction","target":{"@type":"EntryPoint","urlTemplate":"https:\/\/regiaonews.net.br\/2022\/?s={search_term_string}"},"query-input":{"@type":"PropertyValueSpecification","valueRequired":true,"valueName":"search_term_string"}}],"inLanguage":"pt-BR"},{"@type":"Organization","@id":"https:\/\/regiaonews.net.br\/2022\/#organization","name":"Regi\u00e3o News","url":"https:\/\/regiaonews.net.br\/2022\/","logo":{"@type":"ImageObject","inLanguage":"pt-BR","@id":"https:\/\/regiaonews.net.br\/2022\/#\/schema\/logo\/image\/","url":"https:\/\/regiaonews.net.br\/2022\/wp-content\/uploads\/2026\/03\/regiao-13-anos-scaled.jpg","contentUrl":"https:\/\/regiaonews.net.br\/2022\/wp-content\/uploads\/2026\/03\/regiao-13-anos-scaled.jpg","width":2560,"height":635,"caption":"Regi\u00e3o News"},"image":{"@id":"https:\/\/regiaonews.net.br\/2022\/#\/schema\/logo\/image\/"}},{"@type":"Person","@id":"https:\/\/regiaonews.net.br\/2022\/#\/schema\/person\/2d205a608a5aa97ac279d7a5e6d89ad8","name":"Roberto","image":{"@type":"ImageObject","inLanguage":"pt-BR","@id":"https:\/\/secure.gravatar.com\/avatar\/42749d8b712ff9d59ca93dc150494e5b55a44134482993f5baeb97e61b7ecc89?s=96&d=mm&r=g","url":"https:\/\/secure.gravatar.com\/avatar\/42749d8b712ff9d59ca93dc150494e5b55a44134482993f5baeb97e61b7ecc89?s=96&d=mm&r=g","contentUrl":"https:\/\/secure.gravatar.com\/avatar\/42749d8b712ff9d59ca93dc150494e5b55a44134482993f5baeb97e61b7ecc89?s=96&d=mm&r=g","caption":"Roberto"},"url":"https:\/\/regiaonews.net.br\/2022\/author\/roberto\/"}]}},"publishpress_future_action":{"enabled":false,"date":"2026-05-07 17:32:38","action":"change-status","newStatus":"draft","terms":[],"taxonomy":"category","extraData":[]},"publishpress_future_workflow_manual_trigger":{"enabledWorkflows":[]},"_links":{"self":[{"href":"https:\/\/regiaonews.net.br\/2022\/wp-json\/wp\/v2\/posts\/128142","targetHints":{"allow":["GET"]}}],"collection":[{"href":"https:\/\/regiaonews.net.br\/2022\/wp-json\/wp\/v2\/posts"}],"about":[{"href":"https:\/\/regiaonews.net.br\/2022\/wp-json\/wp\/v2\/types\/post"}],"author":[{"embeddable":true,"href":"https:\/\/regiaonews.net.br\/2022\/wp-json\/wp\/v2\/users\/2"}],"replies":[{"embeddable":true,"href":"https:\/\/regiaonews.net.br\/2022\/wp-json\/wp\/v2\/comments?post=128142"}],"version-history":[{"count":1,"href":"https:\/\/regiaonews.net.br\/2022\/wp-json\/wp\/v2\/posts\/128142\/revisions"}],"predecessor-version":[{"id":128144,"href":"https:\/\/regiaonews.net.br\/2022\/wp-json\/wp\/v2\/posts\/128142\/revisions\/128144"}],"wp:featuredmedia":[{"embeddable":true,"href":"https:\/\/regiaonews.net.br\/2022\/wp-json\/wp\/v2\/media\/128143"}],"wp:attachment":[{"href":"https:\/\/regiaonews.net.br\/2022\/wp-json\/wp\/v2\/media?parent=128142"}],"wp:term":[{"taxonomy":"category","embeddable":true,"href":"https:\/\/regiaonews.net.br\/2022\/wp-json\/wp\/v2\/categories?post=128142"},{"taxonomy":"post_tag","embeddable":true,"href":"https:\/\/regiaonews.net.br\/2022\/wp-json\/wp\/v2\/tags?post=128142"}],"curies":[{"name":"wp","href":"https:\/\/api.w.org\/{rel}","templated":true}]}}