{"id":128139,"date":"2026-04-30T06:38:56","date_gmt":"2026-04-30T09:38:56","guid":{"rendered":"https:\/\/regiaonews.net.br\/2022\/?p=128139"},"modified":"2026-04-30T06:38:56","modified_gmt":"2026-04-30T09:38:56","slug":"festa-do-peao-de-barretos-chitaozinho-xororo-e-zeze-di-camargo-luciano-estao-entre-as-atracoes-de-28-de-agosto","status":"publish","type":"post","link":"https:\/\/regiaonews.net.br\/2022\/2026\/04\/30\/festa-do-peao-de-barretos-chitaozinho-xororo-e-zeze-di-camargo-luciano-estao-entre-as-atracoes-de-28-de-agosto\/","title":{"rendered":"Festa do Pe\u00e3o de Barretos: Chit\u00e3ozinho &#038; Xoror\u00f3 e Zez\u00e9 Di Camargo &#038; Luciano est\u00e3o entre as atra\u00e7\u00f5es de 28 de agosto"},"content":{"rendered":"<p>Hugo &amp; Guilherme, Eduardo Costa, Paula Fernandes, Maria Cec\u00edlia &amp; Rodolfo, Kaique &amp; Felipe e Jiraya Uai tamb\u00e9m est\u00e3o entre os grandes nomes anunciados<\/p>\n<p>A 71\u00aa Festa do Pe\u00e3o de Barretos avan\u00e7a na divulga\u00e7\u00e3o de sua programa\u00e7\u00e3o. No dia 28 de agosto, o Parque do Pe\u00e3o ser\u00e1 palco de uma combina\u00e7\u00e3o de gera\u00e7\u00f5es da m\u00fasica sertaneja com nomes consagrados nos palcos Est\u00e1dio e Amanhecer.<\/p>\n<p>No Palco Est\u00e1dio, tr\u00eas momentos distintos do sertanejo ganham destaque. Chit\u00e3ozinho &amp; Xoror\u00f3 retornam como uma das duplas mais emblem\u00e1ticas da hist\u00f3ria do evento, com dezenas de apresenta\u00e7\u00f5es ao longo de mais de 56 anos de carreira.<\/p>\n<p>A dupla Zez\u00e9 Di Camargo &amp; Luciano tamb\u00e9m sobe \u00e0 arena como veteranos. A dupla j\u00e1 ultrapassou 20 apresenta\u00e7\u00f5es na Festa do Pe\u00e3o, consolidando uma trajet\u00f3ria marcada por sucessos e forte identifica\u00e7\u00e3o com o p\u00fablico.Representando a nova gera\u00e7\u00e3o, Hugo &amp; Guilherme chegam para o quinto ano consecutivo no Palco Est\u00e1dio, mantendo destaque entre os artistas mais ouvidos do pa\u00eds e presen\u00e7a frequente nas principais playlists.<\/p>\n<p>No Palco Amanhecer, a proposta de atravessar a madrugada com grandes shows ganha ainda mais for\u00e7a. \u201cPreparamos uma grade com grandes nomes. A ideia \u00e9 proporcionar uma experi\u00eancia completa e manter o p\u00fablico com a gente at\u00e9 o amanhecer\u201d, destaca Pedro Muzeti, o diretor cultural de Os Independentes.<\/p>\n<p>Entre as atra\u00e7\u00f5es, Eduardo Costa leva ao palco seu repert\u00f3rio rom\u00e2ntico e grandes sucessos. Paula Fernandes apresenta um show marcado por sua identidade, que mistura sertanejo e influ\u00eancias da m\u00fasica country.<\/p>\n<p>A dupla Maria Cec\u00edlia &amp; Rodolfo traz sucessos que marcaram o sertanejo universit\u00e1rio, enquanto Kaique &amp; Felipe, em plena ascens\u00e3o musical, chegam ao palco com hits recentes que j\u00e1 est\u00e3o na boca do p\u00fablico. Fechando a noite, Jiraya Uai aposta em uma performance irreverente e energ\u00e9tica, conectada \u00e0s novas tend\u00eancias e ao p\u00fablico mais jovem, refor\u00e7ando o clima festivo at\u00e9 os primeiros raios de sol.<\/p>\n<p>Programa\u00e7\u00e3o j\u00e1 divulgada<\/p>\n<p>20 de agosto (quinta-feira)<br \/>\nA abertura contar\u00e1 com Panda e Matheus &amp; Kauan, no Palco Est\u00e1dio.<\/p>\n<p>21 de agosto (sexta-feira)<br \/>\nNo Est\u00e1dio: Ana Castela, Country Beat, Wesley Safad\u00e3o e Natanzinho Lima.<br \/>\nNo Amanhecer: Belo, Henrique &amp; Diego, Lorena, Bruno &amp; Denner e Jo\u00e3o Neto &amp; Frederico.<\/p>\n<p>22 de agosto (s\u00e1bado)<br \/>\nEst\u00e1dio: Alok, Nattan e Gusttavo Lima.<br \/>\nAmanhecer: Fernando &amp; Sorocaba, Bruno Rosa, Bruno &amp; Barretto e Israel &amp; Rodolffo.<\/p>\n<p>23 de agosto (domingo)<br \/>\nNo Est\u00e1dio: Edson &amp; Hudson e Matogrosso &amp; Mathias.<\/p>\n<p>24 e 25 de agosto (segunda e ter\u00e7a-feira)<br \/>\nPrograma\u00e7\u00e3o concentrada no Palco Amanhecer. No dia 24, se apresentam Jads &amp; Jadson, Felipe &amp; Rodrigo e Turma do Pagode. J\u00e1 no dia 25, sobem ao palco Trio Parada Dura, Louren\u00e7o &amp; Lourival, Guilherme &amp; Benuto e Pixote.<\/p>\n<p>26 de agosto (quarta-feira)<br \/>\nEst\u00e1dio: C\u00e9sar Menotti &amp; Fabiano, Simone Mendes e Alexandre Pires.<br \/>\nAmanhecer: Loubet, Jean &amp; J\u00falio, Z\u00e9 Ricardo &amp; Thiago e Open Farra.<\/p>\n<p>27 de agosto (quinta-feira)<br \/>\nEst\u00e1dio: Bruno &amp; Marrone, Gustavo Mioto e Rionegro &amp; Solim\u00f5es.<br \/>\nAmanhecer: Ralf, Serest\u00e3o do Z\u00e9, Bruninho &amp; Davi e Diego &amp; Victor Hugo.<\/p>\n<p>29 de agosto (s\u00e1bado)<br \/>\nGusttavo Lima retorna ao Palco Est\u00e1dio com apresenta\u00e7\u00e3o especial.<\/p>\n<p>A 71\u00aa Festa do Pe\u00e3o de Barretos acontece de 20 a 30 de agosto, no Parque do Pe\u00e3o, reunindo shows, competi\u00e7\u00f5es esportivas e experi\u00eancias culturais ao longo de 11 dias.<\/p>\n","protected":false},"excerpt":{"rendered":"<p>Hugo &amp; Guilherme, Eduardo Costa, Paula Fernandes, Maria Cec\u00edlia &amp;<\/p>\n","protected":false},"author":2,"featured_media":128140,"comment_status":"open","ping_status":"open","sticky":false,"template":"","format":"standard","meta":{"footnotes":""},"categories":[14,45],"tags":[],"class_list":["post-128139","post","type-post","status-publish","format-standard","has-post-thumbnail","hentry","category-barretos","category-festa-do-peao"],"yoast_head":"<!-- This site is optimized with the Yoast SEO plugin v27.5 - https:\/\/yoast.com\/product\/yoast-seo-wordpress\/ -->\n<title>Festa do Pe\u00e3o de Barretos: Chit\u00e3ozinho &amp; Xoror\u00f3 e Zez\u00e9 Di Camargo &amp; Luciano est\u00e3o entre as atra\u00e7\u00f5es de 28 de agosto - Regi\u00e3o News<\/title>\n<meta name=\"robots\" content=\"index, follow, max-snippet:-1, max-image-preview:large, max-video-preview:-1\" \/>\n<link rel=\"canonical\" href=\"https:\/\/regiaonews.net.br\/2022\/2026\/04\/30\/festa-do-peao-de-barretos-chitaozinho-xororo-e-zeze-di-camargo-luciano-estao-entre-as-atracoes-de-28-de-agosto\/\" \/>\n<meta property=\"og:locale\" content=\"pt_BR\" \/>\n<meta property=\"og:type\" content=\"article\" \/>\n<meta property=\"og:title\" content=\"Festa do Pe\u00e3o de Barretos: Chit\u00e3ozinho &amp; Xoror\u00f3 e Zez\u00e9 Di Camargo &amp; Luciano est\u00e3o entre as atra\u00e7\u00f5es de 28 de agosto - Regi\u00e3o News\" \/>\n<meta property=\"og:description\" content=\"Hugo &amp; Guilherme, Eduardo Costa, Paula Fernandes, Maria Cec\u00edlia &amp;\" \/>\n<meta property=\"og:url\" content=\"https:\/\/regiaonews.net.br\/2022\/2026\/04\/30\/festa-do-peao-de-barretos-chitaozinho-xororo-e-zeze-di-camargo-luciano-estao-entre-as-atracoes-de-28-de-agosto\/\" \/>\n<meta property=\"og:site_name\" content=\"Regi\u00e3o News\" \/>\n<meta property=\"article:published_time\" content=\"2026-04-30T09:38:56+00:00\" \/>\n<meta property=\"og:image\" content=\"https:\/\/regiaonews.net.br\/2022\/wp-content\/uploads\/2026\/04\/WhatsApp-Image-2026-04-29-at-20.05.25.jpeg\" \/>\n\t<meta property=\"og:image:width\" content=\"1600\" \/>\n\t<meta property=\"og:image:height\" content=\"1066\" \/>\n\t<meta property=\"og:image:type\" content=\"image\/jpeg\" \/>\n<meta name=\"author\" content=\"Roberto\" \/>\n<meta name=\"twitter:card\" content=\"summary_large_image\" \/>\n<meta name=\"twitter:label1\" content=\"Escrito por\" \/>\n\t<meta name=\"twitter:data1\" content=\"Roberto\" \/>\n\t<meta name=\"twitter:label2\" content=\"Est. tempo de leitura\" \/>\n\t<meta name=\"twitter:data2\" content=\"4 minutos\" \/>\n<script type=\"application\/ld+json\" class=\"yoast-schema-graph\">{\"@context\":\"https:\\\/\\\/schema.org\",\"@graph\":[{\"@type\":\"Article\",\"@id\":\"https:\\\/\\\/regiaonews.net.br\\\/2022\\\/2026\\\/04\\\/30\\\/festa-do-peao-de-barretos-chitaozinho-xororo-e-zeze-di-camargo-luciano-estao-entre-as-atracoes-de-28-de-agosto\\\/#article\",\"isPartOf\":{\"@id\":\"https:\\\/\\\/regiaonews.net.br\\\/2022\\\/2026\\\/04\\\/30\\\/festa-do-peao-de-barretos-chitaozinho-xororo-e-zeze-di-camargo-luciano-estao-entre-as-atracoes-de-28-de-agosto\\\/\"},\"author\":{\"name\":\"Roberto\",\"@id\":\"https:\\\/\\\/regiaonews.net.br\\\/2022\\\/#\\\/schema\\\/person\\\/2d205a608a5aa97ac279d7a5e6d89ad8\"},\"headline\":\"Festa do Pe\u00e3o de Barretos: Chit\u00e3ozinho &#038; Xoror\u00f3 e Zez\u00e9 Di Camargo &#038; Luciano est\u00e3o entre as atra\u00e7\u00f5es de 28 de agosto\",\"datePublished\":\"2026-04-30T09:38:56+00:00\",\"mainEntityOfPage\":{\"@id\":\"https:\\\/\\\/regiaonews.net.br\\\/2022\\\/2026\\\/04\\\/30\\\/festa-do-peao-de-barretos-chitaozinho-xororo-e-zeze-di-camargo-luciano-estao-entre-as-atracoes-de-28-de-agosto\\\/\"},\"wordCount\":609,\"commentCount\":0,\"publisher\":{\"@id\":\"https:\\\/\\\/regiaonews.net.br\\\/2022\\\/#organization\"},\"image\":{\"@id\":\"https:\\\/\\\/regiaonews.net.br\\\/2022\\\/2026\\\/04\\\/30\\\/festa-do-peao-de-barretos-chitaozinho-xororo-e-zeze-di-camargo-luciano-estao-entre-as-atracoes-de-28-de-agosto\\\/#primaryimage\"},\"thumbnailUrl\":\"https:\\\/\\\/regiaonews.net.br\\\/2022\\\/wp-content\\\/uploads\\\/2026\\\/04\\\/WhatsApp-Image-2026-04-29-at-20.05.25.jpeg\",\"articleSection\":[\"Barretos\",\"Festa do Pe\u00e3o\"],\"inLanguage\":\"pt-BR\",\"potentialAction\":[{\"@type\":\"CommentAction\",\"name\":\"Comment\",\"target\":[\"https:\\\/\\\/regiaonews.net.br\\\/2022\\\/2026\\\/04\\\/30\\\/festa-do-peao-de-barretos-chitaozinho-xororo-e-zeze-di-camargo-luciano-estao-entre-as-atracoes-de-28-de-agosto\\\/#respond\"]}]},{\"@type\":\"WebPage\",\"@id\":\"https:\\\/\\\/regiaonews.net.br\\\/2022\\\/2026\\\/04\\\/30\\\/festa-do-peao-de-barretos-chitaozinho-xororo-e-zeze-di-camargo-luciano-estao-entre-as-atracoes-de-28-de-agosto\\\/\",\"url\":\"https:\\\/\\\/regiaonews.net.br\\\/2022\\\/2026\\\/04\\\/30\\\/festa-do-peao-de-barretos-chitaozinho-xororo-e-zeze-di-camargo-luciano-estao-entre-as-atracoes-de-28-de-agosto\\\/\",\"name\":\"Festa do Pe\u00e3o de Barretos: Chit\u00e3ozinho & Xoror\u00f3 e Zez\u00e9 Di Camargo & Luciano est\u00e3o entre as atra\u00e7\u00f5es de 28 de agosto - Regi\u00e3o News\",\"isPartOf\":{\"@id\":\"https:\\\/\\\/regiaonews.net.br\\\/2022\\\/#website\"},\"primaryImageOfPage\":{\"@id\":\"https:\\\/\\\/regiaonews.net.br\\\/2022\\\/2026\\\/04\\\/30\\\/festa-do-peao-de-barretos-chitaozinho-xororo-e-zeze-di-camargo-luciano-estao-entre-as-atracoes-de-28-de-agosto\\\/#primaryimage\"},\"image\":{\"@id\":\"https:\\\/\\\/regiaonews.net.br\\\/2022\\\/2026\\\/04\\\/30\\\/festa-do-peao-de-barretos-chitaozinho-xororo-e-zeze-di-camargo-luciano-estao-entre-as-atracoes-de-28-de-agosto\\\/#primaryimage\"},\"thumbnailUrl\":\"https:\\\/\\\/regiaonews.net.br\\\/2022\\\/wp-content\\\/uploads\\\/2026\\\/04\\\/WhatsApp-Image-2026-04-29-at-20.05.25.jpeg\",\"datePublished\":\"2026-04-30T09:38:56+00:00\",\"breadcrumb\":{\"@id\":\"https:\\\/\\\/regiaonews.net.br\\\/2022\\\/2026\\\/04\\\/30\\\/festa-do-peao-de-barretos-chitaozinho-xororo-e-zeze-di-camargo-luciano-estao-entre-as-atracoes-de-28-de-agosto\\\/#breadcrumb\"},\"inLanguage\":\"pt-BR\",\"potentialAction\":[{\"@type\":\"ReadAction\",\"target\":[\"https:\\\/\\\/regiaonews.net.br\\\/2022\\\/2026\\\/04\\\/30\\\/festa-do-peao-de-barretos-chitaozinho-xororo-e-zeze-di-camargo-luciano-estao-entre-as-atracoes-de-28-de-agosto\\\/\"]}]},{\"@type\":\"ImageObject\",\"inLanguage\":\"pt-BR\",\"@id\":\"https:\\\/\\\/regiaonews.net.br\\\/2022\\\/2026\\\/04\\\/30\\\/festa-do-peao-de-barretos-chitaozinho-xororo-e-zeze-di-camargo-luciano-estao-entre-as-atracoes-de-28-de-agosto\\\/#primaryimage\",\"url\":\"https:\\\/\\\/regiaonews.net.br\\\/2022\\\/wp-content\\\/uploads\\\/2026\\\/04\\\/WhatsApp-Image-2026-04-29-at-20.05.25.jpeg\",\"contentUrl\":\"https:\\\/\\\/regiaonews.net.br\\\/2022\\\/wp-content\\\/uploads\\\/2026\\\/04\\\/WhatsApp-Image-2026-04-29-at-20.05.25.jpeg\",\"width\":1600,\"height\":1066},{\"@type\":\"BreadcrumbList\",\"@id\":\"https:\\\/\\\/regiaonews.net.br\\\/2022\\\/2026\\\/04\\\/30\\\/festa-do-peao-de-barretos-chitaozinho-xororo-e-zeze-di-camargo-luciano-estao-entre-as-atracoes-de-28-de-agosto\\\/#breadcrumb\",\"itemListElement\":[{\"@type\":\"ListItem\",\"position\":1,\"name\":\"In\u00edcio\",\"item\":\"https:\\\/\\\/regiaonews.net.br\\\/2022\\\/\"},{\"@type\":\"ListItem\",\"position\":2,\"name\":\"Festa do Pe\u00e3o de Barretos: Chit\u00e3ozinho &#038; Xoror\u00f3 e Zez\u00e9 Di Camargo &#038; Luciano est\u00e3o entre as atra\u00e7\u00f5es de 28 de agosto\"}]},{\"@type\":\"WebSite\",\"@id\":\"https:\\\/\\\/regiaonews.net.br\\\/2022\\\/#website\",\"url\":\"https:\\\/\\\/regiaonews.net.br\\\/2022\\\/\",\"name\":\"Regi\u00e3o News\",\"description\":\"Site de Not\u00edcias de Barretos e regi\u00e3o\",\"publisher\":{\"@id\":\"https:\\\/\\\/regiaonews.net.br\\\/2022\\\/#organization\"},\"potentialAction\":[{\"@type\":\"SearchAction\",\"target\":{\"@type\":\"EntryPoint\",\"urlTemplate\":\"https:\\\/\\\/regiaonews.net.br\\\/2022\\\/?s={search_term_string}\"},\"query-input\":{\"@type\":\"PropertyValueSpecification\",\"valueRequired\":true,\"valueName\":\"search_term_string\"}}],\"inLanguage\":\"pt-BR\"},{\"@type\":\"Organization\",\"@id\":\"https:\\\/\\\/regiaonews.net.br\\\/2022\\\/#organization\",\"name\":\"Regi\u00e3o News\",\"url\":\"https:\\\/\\\/regiaonews.net.br\\\/2022\\\/\",\"logo\":{\"@type\":\"ImageObject\",\"inLanguage\":\"pt-BR\",\"@id\":\"https:\\\/\\\/regiaonews.net.br\\\/2022\\\/#\\\/schema\\\/logo\\\/image\\\/\",\"url\":\"https:\\\/\\\/regiaonews.net.br\\\/2022\\\/wp-content\\\/uploads\\\/2026\\\/03\\\/regiao-13-anos-scaled.jpg\",\"contentUrl\":\"https:\\\/\\\/regiaonews.net.br\\\/2022\\\/wp-content\\\/uploads\\\/2026\\\/03\\\/regiao-13-anos-scaled.jpg\",\"width\":2560,\"height\":635,\"caption\":\"Regi\u00e3o News\"},\"image\":{\"@id\":\"https:\\\/\\\/regiaonews.net.br\\\/2022\\\/#\\\/schema\\\/logo\\\/image\\\/\"}},{\"@type\":\"Person\",\"@id\":\"https:\\\/\\\/regiaonews.net.br\\\/2022\\\/#\\\/schema\\\/person\\\/2d205a608a5aa97ac279d7a5e6d89ad8\",\"name\":\"Roberto\",\"image\":{\"@type\":\"ImageObject\",\"inLanguage\":\"pt-BR\",\"@id\":\"https:\\\/\\\/secure.gravatar.com\\\/avatar\\\/42749d8b712ff9d59ca93dc150494e5b55a44134482993f5baeb97e61b7ecc89?s=96&d=mm&r=g\",\"url\":\"https:\\\/\\\/secure.gravatar.com\\\/avatar\\\/42749d8b712ff9d59ca93dc150494e5b55a44134482993f5baeb97e61b7ecc89?s=96&d=mm&r=g\",\"contentUrl\":\"https:\\\/\\\/secure.gravatar.com\\\/avatar\\\/42749d8b712ff9d59ca93dc150494e5b55a44134482993f5baeb97e61b7ecc89?s=96&d=mm&r=g\",\"caption\":\"Roberto\"},\"url\":\"https:\\\/\\\/regiaonews.net.br\\\/2022\\\/author\\\/roberto\\\/\"}]}<\/script>\n<!-- \/ Yoast SEO plugin. -->","yoast_head_json":{"title":"Festa do Pe\u00e3o de Barretos: Chit\u00e3ozinho & Xoror\u00f3 e Zez\u00e9 Di Camargo & Luciano est\u00e3o entre as atra\u00e7\u00f5es de 28 de agosto - Regi\u00e3o News","robots":{"index":"index","follow":"follow","max-snippet":"max-snippet:-1","max-image-preview":"max-image-preview:large","max-video-preview":"max-video-preview:-1"},"canonical":"https:\/\/regiaonews.net.br\/2022\/2026\/04\/30\/festa-do-peao-de-barretos-chitaozinho-xororo-e-zeze-di-camargo-luciano-estao-entre-as-atracoes-de-28-de-agosto\/","og_locale":"pt_BR","og_type":"article","og_title":"Festa do Pe\u00e3o de Barretos: Chit\u00e3ozinho & Xoror\u00f3 e Zez\u00e9 Di Camargo & Luciano est\u00e3o entre as atra\u00e7\u00f5es de 28 de agosto - Regi\u00e3o News","og_description":"Hugo &amp; Guilherme, Eduardo Costa, Paula Fernandes, Maria Cec\u00edlia &amp;","og_url":"https:\/\/regiaonews.net.br\/2022\/2026\/04\/30\/festa-do-peao-de-barretos-chitaozinho-xororo-e-zeze-di-camargo-luciano-estao-entre-as-atracoes-de-28-de-agosto\/","og_site_name":"Regi\u00e3o News","article_published_time":"2026-04-30T09:38:56+00:00","og_image":[{"width":1600,"height":1066,"url":"https:\/\/regiaonews.net.br\/2022\/wp-content\/uploads\/2026\/04\/WhatsApp-Image-2026-04-29-at-20.05.25.jpeg","type":"image\/jpeg"}],"author":"Roberto","twitter_card":"summary_large_image","twitter_misc":{"Escrito por":"Roberto","Est. tempo de leitura":"4 minutos"},"schema":{"@context":"https:\/\/schema.org","@graph":[{"@type":"Article","@id":"https:\/\/regiaonews.net.br\/2022\/2026\/04\/30\/festa-do-peao-de-barretos-chitaozinho-xororo-e-zeze-di-camargo-luciano-estao-entre-as-atracoes-de-28-de-agosto\/#article","isPartOf":{"@id":"https:\/\/regiaonews.net.br\/2022\/2026\/04\/30\/festa-do-peao-de-barretos-chitaozinho-xororo-e-zeze-di-camargo-luciano-estao-entre-as-atracoes-de-28-de-agosto\/"},"author":{"name":"Roberto","@id":"https:\/\/regiaonews.net.br\/2022\/#\/schema\/person\/2d205a608a5aa97ac279d7a5e6d89ad8"},"headline":"Festa do Pe\u00e3o de Barretos: Chit\u00e3ozinho &#038; Xoror\u00f3 e Zez\u00e9 Di Camargo &#038; Luciano est\u00e3o entre as atra\u00e7\u00f5es de 28 de agosto","datePublished":"2026-04-30T09:38:56+00:00","mainEntityOfPage":{"@id":"https:\/\/regiaonews.net.br\/2022\/2026\/04\/30\/festa-do-peao-de-barretos-chitaozinho-xororo-e-zeze-di-camargo-luciano-estao-entre-as-atracoes-de-28-de-agosto\/"},"wordCount":609,"commentCount":0,"publisher":{"@id":"https:\/\/regiaonews.net.br\/2022\/#organization"},"image":{"@id":"https:\/\/regiaonews.net.br\/2022\/2026\/04\/30\/festa-do-peao-de-barretos-chitaozinho-xororo-e-zeze-di-camargo-luciano-estao-entre-as-atracoes-de-28-de-agosto\/#primaryimage"},"thumbnailUrl":"https:\/\/regiaonews.net.br\/2022\/wp-content\/uploads\/2026\/04\/WhatsApp-Image-2026-04-29-at-20.05.25.jpeg","articleSection":["Barretos","Festa do Pe\u00e3o"],"inLanguage":"pt-BR","potentialAction":[{"@type":"CommentAction","name":"Comment","target":["https:\/\/regiaonews.net.br\/2022\/2026\/04\/30\/festa-do-peao-de-barretos-chitaozinho-xororo-e-zeze-di-camargo-luciano-estao-entre-as-atracoes-de-28-de-agosto\/#respond"]}]},{"@type":"WebPage","@id":"https:\/\/regiaonews.net.br\/2022\/2026\/04\/30\/festa-do-peao-de-barretos-chitaozinho-xororo-e-zeze-di-camargo-luciano-estao-entre-as-atracoes-de-28-de-agosto\/","url":"https:\/\/regiaonews.net.br\/2022\/2026\/04\/30\/festa-do-peao-de-barretos-chitaozinho-xororo-e-zeze-di-camargo-luciano-estao-entre-as-atracoes-de-28-de-agosto\/","name":"Festa do Pe\u00e3o de Barretos: Chit\u00e3ozinho & Xoror\u00f3 e Zez\u00e9 Di Camargo & Luciano est\u00e3o entre as atra\u00e7\u00f5es de 28 de agosto - Regi\u00e3o News","isPartOf":{"@id":"https:\/\/regiaonews.net.br\/2022\/#website"},"primaryImageOfPage":{"@id":"https:\/\/regiaonews.net.br\/2022\/2026\/04\/30\/festa-do-peao-de-barretos-chitaozinho-xororo-e-zeze-di-camargo-luciano-estao-entre-as-atracoes-de-28-de-agosto\/#primaryimage"},"image":{"@id":"https:\/\/regiaonews.net.br\/2022\/2026\/04\/30\/festa-do-peao-de-barretos-chitaozinho-xororo-e-zeze-di-camargo-luciano-estao-entre-as-atracoes-de-28-de-agosto\/#primaryimage"},"thumbnailUrl":"https:\/\/regiaonews.net.br\/2022\/wp-content\/uploads\/2026\/04\/WhatsApp-Image-2026-04-29-at-20.05.25.jpeg","datePublished":"2026-04-30T09:38:56+00:00","breadcrumb":{"@id":"https:\/\/regiaonews.net.br\/2022\/2026\/04\/30\/festa-do-peao-de-barretos-chitaozinho-xororo-e-zeze-di-camargo-luciano-estao-entre-as-atracoes-de-28-de-agosto\/#breadcrumb"},"inLanguage":"pt-BR","potentialAction":[{"@type":"ReadAction","target":["https:\/\/regiaonews.net.br\/2022\/2026\/04\/30\/festa-do-peao-de-barretos-chitaozinho-xororo-e-zeze-di-camargo-luciano-estao-entre-as-atracoes-de-28-de-agosto\/"]}]},{"@type":"ImageObject","inLanguage":"pt-BR","@id":"https:\/\/regiaonews.net.br\/2022\/2026\/04\/30\/festa-do-peao-de-barretos-chitaozinho-xororo-e-zeze-di-camargo-luciano-estao-entre-as-atracoes-de-28-de-agosto\/#primaryimage","url":"https:\/\/regiaonews.net.br\/2022\/wp-content\/uploads\/2026\/04\/WhatsApp-Image-2026-04-29-at-20.05.25.jpeg","contentUrl":"https:\/\/regiaonews.net.br\/2022\/wp-content\/uploads\/2026\/04\/WhatsApp-Image-2026-04-29-at-20.05.25.jpeg","width":1600,"height":1066},{"@type":"BreadcrumbList","@id":"https:\/\/regiaonews.net.br\/2022\/2026\/04\/30\/festa-do-peao-de-barretos-chitaozinho-xororo-e-zeze-di-camargo-luciano-estao-entre-as-atracoes-de-28-de-agosto\/#breadcrumb","itemListElement":[{"@type":"ListItem","position":1,"name":"In\u00edcio","item":"https:\/\/regiaonews.net.br\/2022\/"},{"@type":"ListItem","position":2,"name":"Festa do Pe\u00e3o de Barretos: Chit\u00e3ozinho &#038; Xoror\u00f3 e Zez\u00e9 Di Camargo &#038; Luciano est\u00e3o entre as atra\u00e7\u00f5es de 28 de agosto"}]},{"@type":"WebSite","@id":"https:\/\/regiaonews.net.br\/2022\/#website","url":"https:\/\/regiaonews.net.br\/2022\/","name":"Regi\u00e3o News","description":"Site de Not\u00edcias de Barretos e regi\u00e3o","publisher":{"@id":"https:\/\/regiaonews.net.br\/2022\/#organization"},"potentialAction":[{"@type":"SearchAction","target":{"@type":"EntryPoint","urlTemplate":"https:\/\/regiaonews.net.br\/2022\/?s={search_term_string}"},"query-input":{"@type":"PropertyValueSpecification","valueRequired":true,"valueName":"search_term_string"}}],"inLanguage":"pt-BR"},{"@type":"Organization","@id":"https:\/\/regiaonews.net.br\/2022\/#organization","name":"Regi\u00e3o News","url":"https:\/\/regiaonews.net.br\/2022\/","logo":{"@type":"ImageObject","inLanguage":"pt-BR","@id":"https:\/\/regiaonews.net.br\/2022\/#\/schema\/logo\/image\/","url":"https:\/\/regiaonews.net.br\/2022\/wp-content\/uploads\/2026\/03\/regiao-13-anos-scaled.jpg","contentUrl":"https:\/\/regiaonews.net.br\/2022\/wp-content\/uploads\/2026\/03\/regiao-13-anos-scaled.jpg","width":2560,"height":635,"caption":"Regi\u00e3o News"},"image":{"@id":"https:\/\/regiaonews.net.br\/2022\/#\/schema\/logo\/image\/"}},{"@type":"Person","@id":"https:\/\/regiaonews.net.br\/2022\/#\/schema\/person\/2d205a608a5aa97ac279d7a5e6d89ad8","name":"Roberto","image":{"@type":"ImageObject","inLanguage":"pt-BR","@id":"https:\/\/secure.gravatar.com\/avatar\/42749d8b712ff9d59ca93dc150494e5b55a44134482993f5baeb97e61b7ecc89?s=96&d=mm&r=g","url":"https:\/\/secure.gravatar.com\/avatar\/42749d8b712ff9d59ca93dc150494e5b55a44134482993f5baeb97e61b7ecc89?s=96&d=mm&r=g","contentUrl":"https:\/\/secure.gravatar.com\/avatar\/42749d8b712ff9d59ca93dc150494e5b55a44134482993f5baeb97e61b7ecc89?s=96&d=mm&r=g","caption":"Roberto"},"url":"https:\/\/regiaonews.net.br\/2022\/author\/roberto\/"}]}},"publishpress_future_action":{"enabled":false,"date":"2026-05-07 10:43:43","action":"change-status","newStatus":"draft","terms":[],"taxonomy":"category","extraData":[]},"publishpress_future_workflow_manual_trigger":{"enabledWorkflows":[]},"_links":{"self":[{"href":"https:\/\/regiaonews.net.br\/2022\/wp-json\/wp\/v2\/posts\/128139","targetHints":{"allow":["GET"]}}],"collection":[{"href":"https:\/\/regiaonews.net.br\/2022\/wp-json\/wp\/v2\/posts"}],"about":[{"href":"https:\/\/regiaonews.net.br\/2022\/wp-json\/wp\/v2\/types\/post"}],"author":[{"embeddable":true,"href":"https:\/\/regiaonews.net.br\/2022\/wp-json\/wp\/v2\/users\/2"}],"replies":[{"embeddable":true,"href":"https:\/\/regiaonews.net.br\/2022\/wp-json\/wp\/v2\/comments?post=128139"}],"version-history":[{"count":1,"href":"https:\/\/regiaonews.net.br\/2022\/wp-json\/wp\/v2\/posts\/128139\/revisions"}],"predecessor-version":[{"id":128141,"href":"https:\/\/regiaonews.net.br\/2022\/wp-json\/wp\/v2\/posts\/128139\/revisions\/128141"}],"wp:featuredmedia":[{"embeddable":true,"href":"https:\/\/regiaonews.net.br\/2022\/wp-json\/wp\/v2\/media\/128140"}],"wp:attachment":[{"href":"https:\/\/regiaonews.net.br\/2022\/wp-json\/wp\/v2\/media?parent=128139"}],"wp:term":[{"taxonomy":"category","embeddable":true,"href":"https:\/\/regiaonews.net.br\/2022\/wp-json\/wp\/v2\/categories?post=128139"},{"taxonomy":"post_tag","embeddable":true,"href":"https:\/\/regiaonews.net.br\/2022\/wp-json\/wp\/v2\/tags?post=128139"}],"curies":[{"name":"wp","href":"https:\/\/api.w.org\/{rel}","templated":true}]}}