{"id":128116,"date":"2026-04-28T21:28:49","date_gmt":"2026-04-29T00:28:49","guid":{"rendered":"https:\/\/regiaonews.net.br\/2022\/?p=128116"},"modified":"2026-04-28T21:29:19","modified_gmt":"2026-04-29T00:29:19","slug":"almir-sater-e-uma-das-atracoes-do-revelando-sp","status":"publish","type":"post","link":"https:\/\/regiaonews.net.br\/2022\/2026\/04\/28\/almir-sater-e-uma-das-atracoes-do-revelando-sp\/","title":{"rendered":"Almir Sater \u00e9 uma das atra\u00e7\u00f5es do Revelando SP"},"content":{"rendered":"<p>De 15 a 17 de maio, a Est\u00e2ncia Tur\u00edstica de Barretos torna-se a capital da cultura raiz ao sediar a abertura da temporada 2026 do Revelando SP. O evento, que celebra a identidade do povo paulista, reunir\u00e1 artesanato, culin\u00e1ria t\u00edpica e grandes nomes da m\u00fasica sertaneja no Recinto Paulo de Lima Correa, com entrada gratuita.<\/p>\n<p>O prefeito Odair Silva destaca o impacto do festival para o munic\u00edpio e para a preserva\u00e7\u00e3o da hist\u00f3ria paulista. &#8220;Receber o Revelando SP novamente \u00e9 motivo de imenso orgulho para Barretos. Em 2025, batemos a marca de mais de 35 mil visitantes e, este ano, temos a honra de abrir a temporada estadual outra vez. \u00c9 um evento que movimenta nossa economia, valoriza nossos artistas locais e mant\u00e9m vivas as tradi\u00e7\u00f5es que formam o DNA de S\u00e3o Paulo. Convidamos todas as fam\u00edlias para celebrar essa festa no Recinto Paulo de Lima Correa&#8221;, disse.<\/p>\n<p>A programa\u00e7\u00e3o musical deste ano traz o renomado cantor Almir Sater para a noite de abertura, na sexta-feira (15). No s\u00e1bado, o palco recebe a energia da dupla Luiz Gustavo &amp; Guilherme e o talento da cantora Fernanda Costa, enquanto o domingo fica reservado aos sertanejos Durval &amp; Alladin. O talento local tamb\u00e9m brilha com a Orquestra Sinf\u00f4nica Municipal de Barretos e o tradicional Encontro de Folias.<\/p>\n<p>Al\u00e9m da boa m\u00fasica, os visitantes tamb\u00e9m poder\u00e3o desfrutar de uma feira gastron\u00f4mica e de artesanato regional, al\u00e9m de acompanhar manifesta\u00e7\u00f5es culturais diversas, como moda de viola, catira, congada, dan\u00e7a cigana, samba de bumbo, jongo, fandango e folia de reis.<\/p>\n<p>Em 2026 o festival tamb\u00e9m passar\u00e1 pelas cidades de Iguape, S\u00e3o Jos\u00e9 dos Campos, Americana, Presidente Prudente e pela capital paulista.<\/p>\n<p>O Revelando SP \u00e9 uma iniciativa do Governo do Estado, por meio da Secretaria da Cultura, Economia e Ind\u00fastria Criativas, com correaliza\u00e7\u00e3o da Prefeitura da Est\u00e2ncia Tur\u00edstica de Barretos e gest\u00e3o da Associa\u00e7\u00e3o Paulista dos Amigos da Arte.<\/p>\n<p><strong>\u00a0<\/strong><\/p>\n","protected":false},"excerpt":{"rendered":"<p>De 15 a 17 de maio, a Est\u00e2ncia Tur\u00edstica de<\/p>\n","protected":false},"author":2,"featured_media":128117,"comment_status":"open","ping_status":"open","sticky":false,"template":"","format":"standard","meta":{"footnotes":""},"categories":[14,25,111],"tags":[],"class_list":["post-128116","post","type-post","status-publish","format-standard","has-post-thumbnail","hentry","category-barretos","category-cidades","category-cotidiano"],"yoast_head":"<!-- This site is optimized with the Yoast SEO plugin v27.5 - https:\/\/yoast.com\/product\/yoast-seo-wordpress\/ -->\n<title>Almir Sater \u00e9 uma das atra\u00e7\u00f5es do Revelando SP - Regi\u00e3o News<\/title>\n<meta name=\"robots\" content=\"index, follow, max-snippet:-1, max-image-preview:large, max-video-preview:-1\" \/>\n<link rel=\"canonical\" href=\"https:\/\/regiaonews.net.br\/2022\/2026\/04\/28\/almir-sater-e-uma-das-atracoes-do-revelando-sp\/\" \/>\n<meta property=\"og:locale\" content=\"pt_BR\" \/>\n<meta property=\"og:type\" content=\"article\" \/>\n<meta property=\"og:title\" content=\"Almir Sater \u00e9 uma das atra\u00e7\u00f5es do Revelando SP - Regi\u00e3o News\" \/>\n<meta property=\"og:description\" content=\"De 15 a 17 de maio, a Est\u00e2ncia Tur\u00edstica de\" \/>\n<meta property=\"og:url\" content=\"https:\/\/regiaonews.net.br\/2022\/2026\/04\/28\/almir-sater-e-uma-das-atracoes-do-revelando-sp\/\" \/>\n<meta property=\"og:site_name\" content=\"Regi\u00e3o News\" \/>\n<meta property=\"article:published_time\" content=\"2026-04-29T00:28:49+00:00\" \/>\n<meta property=\"article:modified_time\" content=\"2026-04-29T00:29:19+00:00\" \/>\n<meta property=\"og:image\" content=\"https:\/\/regiaonews.net.br\/2022\/wp-content\/uploads\/2026\/04\/Almir-Sater.jpg\" \/>\n\t<meta property=\"og:image:width\" content=\"600\" \/>\n\t<meta property=\"og:image:height\" content=\"400\" \/>\n\t<meta property=\"og:image:type\" content=\"image\/jpeg\" \/>\n<meta name=\"author\" content=\"Roberto\" \/>\n<meta name=\"twitter:card\" content=\"summary_large_image\" \/>\n<meta name=\"twitter:label1\" content=\"Escrito por\" \/>\n\t<meta name=\"twitter:data1\" content=\"Roberto\" \/>\n\t<meta name=\"twitter:label2\" content=\"Est. tempo de leitura\" \/>\n\t<meta name=\"twitter:data2\" content=\"2 minutos\" \/>\n<script type=\"application\/ld+json\" class=\"yoast-schema-graph\">{\"@context\":\"https:\\\/\\\/schema.org\",\"@graph\":[{\"@type\":\"Article\",\"@id\":\"https:\\\/\\\/regiaonews.net.br\\\/2022\\\/2026\\\/04\\\/28\\\/almir-sater-e-uma-das-atracoes-do-revelando-sp\\\/#article\",\"isPartOf\":{\"@id\":\"https:\\\/\\\/regiaonews.net.br\\\/2022\\\/2026\\\/04\\\/28\\\/almir-sater-e-uma-das-atracoes-do-revelando-sp\\\/\"},\"author\":{\"name\":\"Roberto\",\"@id\":\"https:\\\/\\\/regiaonews.net.br\\\/2022\\\/#\\\/schema\\\/person\\\/2d205a608a5aa97ac279d7a5e6d89ad8\"},\"headline\":\"Almir Sater \u00e9 uma das atra\u00e7\u00f5es do Revelando SP\",\"datePublished\":\"2026-04-29T00:28:49+00:00\",\"dateModified\":\"2026-04-29T00:29:19+00:00\",\"mainEntityOfPage\":{\"@id\":\"https:\\\/\\\/regiaonews.net.br\\\/2022\\\/2026\\\/04\\\/28\\\/almir-sater-e-uma-das-atracoes-do-revelando-sp\\\/\"},\"wordCount\":345,\"commentCount\":0,\"publisher\":{\"@id\":\"https:\\\/\\\/regiaonews.net.br\\\/2022\\\/#organization\"},\"image\":{\"@id\":\"https:\\\/\\\/regiaonews.net.br\\\/2022\\\/2026\\\/04\\\/28\\\/almir-sater-e-uma-das-atracoes-do-revelando-sp\\\/#primaryimage\"},\"thumbnailUrl\":\"https:\\\/\\\/regiaonews.net.br\\\/2022\\\/wp-content\\\/uploads\\\/2026\\\/04\\\/Almir-Sater.jpg\",\"articleSection\":[\"Barretos\",\"Cidades\",\"Cotidiano\"],\"inLanguage\":\"pt-BR\",\"potentialAction\":[{\"@type\":\"CommentAction\",\"name\":\"Comment\",\"target\":[\"https:\\\/\\\/regiaonews.net.br\\\/2022\\\/2026\\\/04\\\/28\\\/almir-sater-e-uma-das-atracoes-do-revelando-sp\\\/#respond\"]}]},{\"@type\":\"WebPage\",\"@id\":\"https:\\\/\\\/regiaonews.net.br\\\/2022\\\/2026\\\/04\\\/28\\\/almir-sater-e-uma-das-atracoes-do-revelando-sp\\\/\",\"url\":\"https:\\\/\\\/regiaonews.net.br\\\/2022\\\/2026\\\/04\\\/28\\\/almir-sater-e-uma-das-atracoes-do-revelando-sp\\\/\",\"name\":\"Almir Sater \u00e9 uma das atra\u00e7\u00f5es do Revelando SP - Regi\u00e3o News\",\"isPartOf\":{\"@id\":\"https:\\\/\\\/regiaonews.net.br\\\/2022\\\/#website\"},\"primaryImageOfPage\":{\"@id\":\"https:\\\/\\\/regiaonews.net.br\\\/2022\\\/2026\\\/04\\\/28\\\/almir-sater-e-uma-das-atracoes-do-revelando-sp\\\/#primaryimage\"},\"image\":{\"@id\":\"https:\\\/\\\/regiaonews.net.br\\\/2022\\\/2026\\\/04\\\/28\\\/almir-sater-e-uma-das-atracoes-do-revelando-sp\\\/#primaryimage\"},\"thumbnailUrl\":\"https:\\\/\\\/regiaonews.net.br\\\/2022\\\/wp-content\\\/uploads\\\/2026\\\/04\\\/Almir-Sater.jpg\",\"datePublished\":\"2026-04-29T00:28:49+00:00\",\"dateModified\":\"2026-04-29T00:29:19+00:00\",\"breadcrumb\":{\"@id\":\"https:\\\/\\\/regiaonews.net.br\\\/2022\\\/2026\\\/04\\\/28\\\/almir-sater-e-uma-das-atracoes-do-revelando-sp\\\/#breadcrumb\"},\"inLanguage\":\"pt-BR\",\"potentialAction\":[{\"@type\":\"ReadAction\",\"target\":[\"https:\\\/\\\/regiaonews.net.br\\\/2022\\\/2026\\\/04\\\/28\\\/almir-sater-e-uma-das-atracoes-do-revelando-sp\\\/\"]}]},{\"@type\":\"ImageObject\",\"inLanguage\":\"pt-BR\",\"@id\":\"https:\\\/\\\/regiaonews.net.br\\\/2022\\\/2026\\\/04\\\/28\\\/almir-sater-e-uma-das-atracoes-do-revelando-sp\\\/#primaryimage\",\"url\":\"https:\\\/\\\/regiaonews.net.br\\\/2022\\\/wp-content\\\/uploads\\\/2026\\\/04\\\/Almir-Sater.jpg\",\"contentUrl\":\"https:\\\/\\\/regiaonews.net.br\\\/2022\\\/wp-content\\\/uploads\\\/2026\\\/04\\\/Almir-Sater.jpg\",\"width\":600,\"height\":400},{\"@type\":\"BreadcrumbList\",\"@id\":\"https:\\\/\\\/regiaonews.net.br\\\/2022\\\/2026\\\/04\\\/28\\\/almir-sater-e-uma-das-atracoes-do-revelando-sp\\\/#breadcrumb\",\"itemListElement\":[{\"@type\":\"ListItem\",\"position\":1,\"name\":\"In\u00edcio\",\"item\":\"https:\\\/\\\/regiaonews.net.br\\\/2022\\\/\"},{\"@type\":\"ListItem\",\"position\":2,\"name\":\"Almir Sater \u00e9 uma das atra\u00e7\u00f5es do Revelando SP\"}]},{\"@type\":\"WebSite\",\"@id\":\"https:\\\/\\\/regiaonews.net.br\\\/2022\\\/#website\",\"url\":\"https:\\\/\\\/regiaonews.net.br\\\/2022\\\/\",\"name\":\"Regi\u00e3o News\",\"description\":\"Site de Not\u00edcias de Barretos e regi\u00e3o\",\"publisher\":{\"@id\":\"https:\\\/\\\/regiaonews.net.br\\\/2022\\\/#organization\"},\"potentialAction\":[{\"@type\":\"SearchAction\",\"target\":{\"@type\":\"EntryPoint\",\"urlTemplate\":\"https:\\\/\\\/regiaonews.net.br\\\/2022\\\/?s={search_term_string}\"},\"query-input\":{\"@type\":\"PropertyValueSpecification\",\"valueRequired\":true,\"valueName\":\"search_term_string\"}}],\"inLanguage\":\"pt-BR\"},{\"@type\":\"Organization\",\"@id\":\"https:\\\/\\\/regiaonews.net.br\\\/2022\\\/#organization\",\"name\":\"Regi\u00e3o News\",\"url\":\"https:\\\/\\\/regiaonews.net.br\\\/2022\\\/\",\"logo\":{\"@type\":\"ImageObject\",\"inLanguage\":\"pt-BR\",\"@id\":\"https:\\\/\\\/regiaonews.net.br\\\/2022\\\/#\\\/schema\\\/logo\\\/image\\\/\",\"url\":\"https:\\\/\\\/regiaonews.net.br\\\/2022\\\/wp-content\\\/uploads\\\/2026\\\/03\\\/regiao-13-anos-scaled.jpg\",\"contentUrl\":\"https:\\\/\\\/regiaonews.net.br\\\/2022\\\/wp-content\\\/uploads\\\/2026\\\/03\\\/regiao-13-anos-scaled.jpg\",\"width\":2560,\"height\":635,\"caption\":\"Regi\u00e3o News\"},\"image\":{\"@id\":\"https:\\\/\\\/regiaonews.net.br\\\/2022\\\/#\\\/schema\\\/logo\\\/image\\\/\"}},{\"@type\":\"Person\",\"@id\":\"https:\\\/\\\/regiaonews.net.br\\\/2022\\\/#\\\/schema\\\/person\\\/2d205a608a5aa97ac279d7a5e6d89ad8\",\"name\":\"Roberto\",\"image\":{\"@type\":\"ImageObject\",\"inLanguage\":\"pt-BR\",\"@id\":\"https:\\\/\\\/secure.gravatar.com\\\/avatar\\\/42749d8b712ff9d59ca93dc150494e5b55a44134482993f5baeb97e61b7ecc89?s=96&d=mm&r=g\",\"url\":\"https:\\\/\\\/secure.gravatar.com\\\/avatar\\\/42749d8b712ff9d59ca93dc150494e5b55a44134482993f5baeb97e61b7ecc89?s=96&d=mm&r=g\",\"contentUrl\":\"https:\\\/\\\/secure.gravatar.com\\\/avatar\\\/42749d8b712ff9d59ca93dc150494e5b55a44134482993f5baeb97e61b7ecc89?s=96&d=mm&r=g\",\"caption\":\"Roberto\"},\"url\":\"https:\\\/\\\/regiaonews.net.br\\\/2022\\\/author\\\/roberto\\\/\"}]}<\/script>\n<!-- \/ Yoast SEO plugin. -->","yoast_head_json":{"title":"Almir Sater \u00e9 uma das atra\u00e7\u00f5es do Revelando SP - Regi\u00e3o News","robots":{"index":"index","follow":"follow","max-snippet":"max-snippet:-1","max-image-preview":"max-image-preview:large","max-video-preview":"max-video-preview:-1"},"canonical":"https:\/\/regiaonews.net.br\/2022\/2026\/04\/28\/almir-sater-e-uma-das-atracoes-do-revelando-sp\/","og_locale":"pt_BR","og_type":"article","og_title":"Almir Sater \u00e9 uma das atra\u00e7\u00f5es do Revelando SP - Regi\u00e3o News","og_description":"De 15 a 17 de maio, a Est\u00e2ncia Tur\u00edstica de","og_url":"https:\/\/regiaonews.net.br\/2022\/2026\/04\/28\/almir-sater-e-uma-das-atracoes-do-revelando-sp\/","og_site_name":"Regi\u00e3o News","article_published_time":"2026-04-29T00:28:49+00:00","article_modified_time":"2026-04-29T00:29:19+00:00","og_image":[{"width":600,"height":400,"url":"https:\/\/regiaonews.net.br\/2022\/wp-content\/uploads\/2026\/04\/Almir-Sater.jpg","type":"image\/jpeg"}],"author":"Roberto","twitter_card":"summary_large_image","twitter_misc":{"Escrito por":"Roberto","Est. tempo de leitura":"2 minutos"},"schema":{"@context":"https:\/\/schema.org","@graph":[{"@type":"Article","@id":"https:\/\/regiaonews.net.br\/2022\/2026\/04\/28\/almir-sater-e-uma-das-atracoes-do-revelando-sp\/#article","isPartOf":{"@id":"https:\/\/regiaonews.net.br\/2022\/2026\/04\/28\/almir-sater-e-uma-das-atracoes-do-revelando-sp\/"},"author":{"name":"Roberto","@id":"https:\/\/regiaonews.net.br\/2022\/#\/schema\/person\/2d205a608a5aa97ac279d7a5e6d89ad8"},"headline":"Almir Sater \u00e9 uma das atra\u00e7\u00f5es do Revelando SP","datePublished":"2026-04-29T00:28:49+00:00","dateModified":"2026-04-29T00:29:19+00:00","mainEntityOfPage":{"@id":"https:\/\/regiaonews.net.br\/2022\/2026\/04\/28\/almir-sater-e-uma-das-atracoes-do-revelando-sp\/"},"wordCount":345,"commentCount":0,"publisher":{"@id":"https:\/\/regiaonews.net.br\/2022\/#organization"},"image":{"@id":"https:\/\/regiaonews.net.br\/2022\/2026\/04\/28\/almir-sater-e-uma-das-atracoes-do-revelando-sp\/#primaryimage"},"thumbnailUrl":"https:\/\/regiaonews.net.br\/2022\/wp-content\/uploads\/2026\/04\/Almir-Sater.jpg","articleSection":["Barretos","Cidades","Cotidiano"],"inLanguage":"pt-BR","potentialAction":[{"@type":"CommentAction","name":"Comment","target":["https:\/\/regiaonews.net.br\/2022\/2026\/04\/28\/almir-sater-e-uma-das-atracoes-do-revelando-sp\/#respond"]}]},{"@type":"WebPage","@id":"https:\/\/regiaonews.net.br\/2022\/2026\/04\/28\/almir-sater-e-uma-das-atracoes-do-revelando-sp\/","url":"https:\/\/regiaonews.net.br\/2022\/2026\/04\/28\/almir-sater-e-uma-das-atracoes-do-revelando-sp\/","name":"Almir Sater \u00e9 uma das atra\u00e7\u00f5es do Revelando SP - Regi\u00e3o News","isPartOf":{"@id":"https:\/\/regiaonews.net.br\/2022\/#website"},"primaryImageOfPage":{"@id":"https:\/\/regiaonews.net.br\/2022\/2026\/04\/28\/almir-sater-e-uma-das-atracoes-do-revelando-sp\/#primaryimage"},"image":{"@id":"https:\/\/regiaonews.net.br\/2022\/2026\/04\/28\/almir-sater-e-uma-das-atracoes-do-revelando-sp\/#primaryimage"},"thumbnailUrl":"https:\/\/regiaonews.net.br\/2022\/wp-content\/uploads\/2026\/04\/Almir-Sater.jpg","datePublished":"2026-04-29T00:28:49+00:00","dateModified":"2026-04-29T00:29:19+00:00","breadcrumb":{"@id":"https:\/\/regiaonews.net.br\/2022\/2026\/04\/28\/almir-sater-e-uma-das-atracoes-do-revelando-sp\/#breadcrumb"},"inLanguage":"pt-BR","potentialAction":[{"@type":"ReadAction","target":["https:\/\/regiaonews.net.br\/2022\/2026\/04\/28\/almir-sater-e-uma-das-atracoes-do-revelando-sp\/"]}]},{"@type":"ImageObject","inLanguage":"pt-BR","@id":"https:\/\/regiaonews.net.br\/2022\/2026\/04\/28\/almir-sater-e-uma-das-atracoes-do-revelando-sp\/#primaryimage","url":"https:\/\/regiaonews.net.br\/2022\/wp-content\/uploads\/2026\/04\/Almir-Sater.jpg","contentUrl":"https:\/\/regiaonews.net.br\/2022\/wp-content\/uploads\/2026\/04\/Almir-Sater.jpg","width":600,"height":400},{"@type":"BreadcrumbList","@id":"https:\/\/regiaonews.net.br\/2022\/2026\/04\/28\/almir-sater-e-uma-das-atracoes-do-revelando-sp\/#breadcrumb","itemListElement":[{"@type":"ListItem","position":1,"name":"In\u00edcio","item":"https:\/\/regiaonews.net.br\/2022\/"},{"@type":"ListItem","position":2,"name":"Almir Sater \u00e9 uma das atra\u00e7\u00f5es do Revelando SP"}]},{"@type":"WebSite","@id":"https:\/\/regiaonews.net.br\/2022\/#website","url":"https:\/\/regiaonews.net.br\/2022\/","name":"Regi\u00e3o News","description":"Site de Not\u00edcias de Barretos e regi\u00e3o","publisher":{"@id":"https:\/\/regiaonews.net.br\/2022\/#organization"},"potentialAction":[{"@type":"SearchAction","target":{"@type":"EntryPoint","urlTemplate":"https:\/\/regiaonews.net.br\/2022\/?s={search_term_string}"},"query-input":{"@type":"PropertyValueSpecification","valueRequired":true,"valueName":"search_term_string"}}],"inLanguage":"pt-BR"},{"@type":"Organization","@id":"https:\/\/regiaonews.net.br\/2022\/#organization","name":"Regi\u00e3o News","url":"https:\/\/regiaonews.net.br\/2022\/","logo":{"@type":"ImageObject","inLanguage":"pt-BR","@id":"https:\/\/regiaonews.net.br\/2022\/#\/schema\/logo\/image\/","url":"https:\/\/regiaonews.net.br\/2022\/wp-content\/uploads\/2026\/03\/regiao-13-anos-scaled.jpg","contentUrl":"https:\/\/regiaonews.net.br\/2022\/wp-content\/uploads\/2026\/03\/regiao-13-anos-scaled.jpg","width":2560,"height":635,"caption":"Regi\u00e3o News"},"image":{"@id":"https:\/\/regiaonews.net.br\/2022\/#\/schema\/logo\/image\/"}},{"@type":"Person","@id":"https:\/\/regiaonews.net.br\/2022\/#\/schema\/person\/2d205a608a5aa97ac279d7a5e6d89ad8","name":"Roberto","image":{"@type":"ImageObject","inLanguage":"pt-BR","@id":"https:\/\/secure.gravatar.com\/avatar\/42749d8b712ff9d59ca93dc150494e5b55a44134482993f5baeb97e61b7ecc89?s=96&d=mm&r=g","url":"https:\/\/secure.gravatar.com\/avatar\/42749d8b712ff9d59ca93dc150494e5b55a44134482993f5baeb97e61b7ecc89?s=96&d=mm&r=g","contentUrl":"https:\/\/secure.gravatar.com\/avatar\/42749d8b712ff9d59ca93dc150494e5b55a44134482993f5baeb97e61b7ecc89?s=96&d=mm&r=g","caption":"Roberto"},"url":"https:\/\/regiaonews.net.br\/2022\/author\/roberto\/"}]}},"publishpress_future_action":{"enabled":false,"date":"2026-05-10 05:46:46","action":"change-status","newStatus":"draft","terms":[],"taxonomy":"category","extraData":[]},"publishpress_future_workflow_manual_trigger":{"enabledWorkflows":[]},"_links":{"self":[{"href":"https:\/\/regiaonews.net.br\/2022\/wp-json\/wp\/v2\/posts\/128116","targetHints":{"allow":["GET"]}}],"collection":[{"href":"https:\/\/regiaonews.net.br\/2022\/wp-json\/wp\/v2\/posts"}],"about":[{"href":"https:\/\/regiaonews.net.br\/2022\/wp-json\/wp\/v2\/types\/post"}],"author":[{"embeddable":true,"href":"https:\/\/regiaonews.net.br\/2022\/wp-json\/wp\/v2\/users\/2"}],"replies":[{"embeddable":true,"href":"https:\/\/regiaonews.net.br\/2022\/wp-json\/wp\/v2\/comments?post=128116"}],"version-history":[{"count":1,"href":"https:\/\/regiaonews.net.br\/2022\/wp-json\/wp\/v2\/posts\/128116\/revisions"}],"predecessor-version":[{"id":128118,"href":"https:\/\/regiaonews.net.br\/2022\/wp-json\/wp\/v2\/posts\/128116\/revisions\/128118"}],"wp:featuredmedia":[{"embeddable":true,"href":"https:\/\/regiaonews.net.br\/2022\/wp-json\/wp\/v2\/media\/128117"}],"wp:attachment":[{"href":"https:\/\/regiaonews.net.br\/2022\/wp-json\/wp\/v2\/media?parent=128116"}],"wp:term":[{"taxonomy":"category","embeddable":true,"href":"https:\/\/regiaonews.net.br\/2022\/wp-json\/wp\/v2\/categories?post=128116"},{"taxonomy":"post_tag","embeddable":true,"href":"https:\/\/regiaonews.net.br\/2022\/wp-json\/wp\/v2\/tags?post=128116"}],"curies":[{"name":"wp","href":"https:\/\/api.w.org\/{rel}","templated":true}]}}