{"id":128112,"date":"2026-04-28T21:23:21","date_gmt":"2026-04-29T00:23:21","guid":{"rendered":"https:\/\/regiaonews.net.br\/2022\/?p=128112"},"modified":"2026-04-28T21:24:15","modified_gmt":"2026-04-29T00:24:15","slug":"12a-volta-ciclistica-internacional-do-estado-de-sao-paulo-reune-forcas-da-america-do-sul","status":"publish","type":"post","link":"https:\/\/regiaonews.net.br\/2022\/2026\/04\/28\/12a-volta-ciclistica-internacional-do-estado-de-sao-paulo-reune-forcas-da-america-do-sul\/","title":{"rendered":"12\u00aa Volta Cicl\u00edstica Internacional do Estado de S\u00e3o Paulo passa por Barretos"},"content":{"rendered":"<p>A 12\u00aa Volta Cicl\u00edstica Internacional do Estado de S\u00e3o Paulo divulgou a rela\u00e7\u00e3o de equipes que estar\u00e3o na disputa deste ano, programada para o per\u00edodo de 3 a 10 de maio. A apresenta\u00e7\u00e3o oficial ocorreu na noite desta quinta-feira, em S\u00e3o Paulo, na concession\u00e1ria Original Alta GWM, em um cen\u00e1rio promissor e altamente competitivo. Reunindo equipes nacionais e estrangeiras, a prova se consolida como uma das principais do calend\u00e1rio, impulsionada tanto pelo n\u00edvel t\u00e9cnico dos participantes quanto pela import\u00e2ncia estrat\u00e9gica no ciclo ol\u00edmpico rumo aos Jogos de Los Angeles 2028.<\/p>\n<p>O pelot\u00e3o contar\u00e1 com representantes de diferentes regi\u00f5es do Brasil, como AD Facex (SP), ACRS Cycling Team (SC), Andbank Cycling Team (SP), EOS Pro Cycling Scott (SP), Imuni Brasil UCI Iracem\u00e1polis (SP) e a tradicional Santos Cycling Team (SP). Tamb\u00e9m integram a lista Soul Extreme Team (SC), Clube Maringaense de Ciclismo (PR) e Swift Pro Cycling (MG), al\u00e9m de equipes como S\u00e3o Jos\u00e9 Ciclismo e Fundesport Araraquara. As sele\u00e7\u00f5es estaduais tamb\u00e9m marcam presen\u00e7a, com destaque para a Sele\u00e7\u00e3o Paulista, Sele\u00e7\u00e3o Ga\u00facha e Sele\u00e7\u00e3o Paraense.<\/p>\n<p>O cen\u00e1rio internacional refor\u00e7a ainda mais o n\u00edvel da disputa, com a participa\u00e7\u00e3o de equipes como Allcyclin Team e Plus Performance, ambas do Chile, NU Col\u00f4mbia e Team Medell\u00edn, da Col\u00f4mbia, al\u00e9m da Team FAC PYR, da Argentina.<\/p>\n<p>Integrante do calend\u00e1rio internacional da Uni\u00e3o Cicl\u00edstica Internacional (UCI), na classe 2.2, a 12\u00aa Volta Cicl\u00edstica Internacional do Estado de S\u00e3o Paulo se consolida como uma das principais provas do ciclismo de estrada no continente. A etapa final ser\u00e1 disputada na capital paulista, em um circuito plano que tamb\u00e9m incluir\u00e1 o Desafio das Am\u00e9ricas, refor\u00e7ando o car\u00e1ter internacional da competi\u00e7\u00e3o.<\/p>\n<p>No aspecto esportivo, a expectativa \u00e9 de uma disputa equilibrada. A chamada \u201cetapa rainha\u201d deve ligar Franca a Ribeir\u00e3o Preto, em um percurso de aproximadamente 120 quil\u00f4metros, com trechos de subida que podem influenciar na classifica\u00e7\u00e3o geral. Outra etapa considerada decisiva ser\u00e1 entre Barretos e Franca, com chegada em subida.<\/p>\n<p>Apesar desses pontos, o tra\u00e7ado geral favorece ciclistas com caracter\u00edsticas de velocidade em terreno plano, j\u00e1 que n\u00e3o apresenta longas montanhas. A tend\u00eancia \u00e9 de uma competi\u00e7\u00e3o bastante estrat\u00e9gica, com forte influ\u00eancia do trabalho em equipe, especialmente em etapas longas como a de abertura, com cerca de 164 quil\u00f4metros, onde fatores como vento e calor podem ser determinantes.<\/p>\n<p>A edi\u00e7\u00e3o 2026 tamb\u00e9m amplia sua visibilidade com transmiss\u00e3o ao vivo pelas plataformas digitais da federa\u00e7\u00e3o, incluindo cobertura nas redes sociais e presen\u00e7a de equipe de reportagem.<\/p>\n<p>Outro fator que eleva a import\u00e2ncia da prova \u00e9 a distribui\u00e7\u00e3o de pontos v\u00e1lidos para o ranking mundial, fundamentais no processo de classifica\u00e7\u00e3o para os Jogos Ol\u00edmpicos de Los Angeles 2028. Dessa forma, al\u00e9m da disputa pelo t\u00edtulo, a Volta ganha peso decisivo na briga por vagas ol\u00edmpicas, tornando cada etapa ainda mais estrat\u00e9gica para atletas e equipes.<\/p>\n<p>A 12\u00aa Volta Cicl\u00edstica do Estado de S\u00e3o Paulo tem o apoio do Detran, que elaborar\u00e1 uma a\u00e7\u00e3o especial em cada etapa em alus\u00e3o ao \u201cMaio Amarelo\u201d, da Secretaria de Esporte do Estado de S\u00e3o Paulo,\u00a0Secretaria de Desenvolvimento Econ\u00f4mico, do Estado de S\u00e3o Paulo, Prefeitura de S\u00e3o Paulo, por meio da Secretaria Municipal de Esporte e Lazer (SEME), Prefeitura de Tr\u00eas Fronteiras, Prefeitura de B\u00e1lsamo, Prefeitura de S\u00e3o Jos\u00e9 do Rio Preto, Prefeitura de Barretos, Prefeitura de Franca, Prefeitura de Ribeir\u00e3o Preto, Prefeitura de Araraquara, CET, Concession\u00e1ria Original Alta GWM e Arrival Sports.<\/p>\n<p>&nbsp;<\/p>\n<p><strong>Equipes participantes:<\/strong><br \/>\nAD Facex (SP)<br \/>\nACRS Cycling Team (Rio do Sul &#8211; SC)<br \/>\nAndbank Cycling Team (Pindamonhangaba &#8211; SP)<br \/>\nEOS Pro Cycling Scott (SP)<br \/>\nSele\u00e7\u00e3o Paraense (PA)<br \/>\nImuni Brasil UCI Iracem\u00e1polis (SP)<br \/>\nSantos Cycling Team (SP)<br \/>\nSele\u00e7\u00e3o Ga\u00facha (RS)<br \/>\nSele\u00e7\u00e3o Paulista (SP)<br \/>\nSoul Extreme Team (SC)<br \/>\nSwift Pro Cycling (Nova Lima\/MG)<br \/>\nS\u00e3o Jos\u00e9 Ciclismo (SP)<br \/>\nClube Maringaense de Ciclismo (PR)<br \/>\nFundesport Araraquara (SP)<br \/>\nAllcyclin Team (Chile)<br \/>\nNU (Col\u00f4mbia)<br \/>\nPlus Performance (Chile)<br \/>\nTeam FAC PYR (Argentina)<br \/>\nTeam Medell\u00edn (Col\u00f4mbia)<\/p>\n<p>&nbsp;<\/p>\n<p><strong>Percurso:<\/strong><br \/>\n1\u00aa \u2013 4\/5 \u2013\u00a0 Tr\u00eas Fronteiras\/B\u00e1lsamo \u2013 164,2 km<\/p>\n<p>Largada: 10h &#8211; Avenida Vicinal Doutor Rodolfo Abdo<\/p>\n<p>Chegada: 13h35 &#8211;\u00a0 Rua Rio de Janeiro ao lado da Igreja Matriz<\/p>\n<p>&nbsp;<\/p>\n<p>2\u00aa \u2013 5\/5 \u2013 S\u00e3o Jos\u00e9 do Rio Preto\/Barretos \u2013 121,8 km<\/p>\n<p>Largada: 10h &#8211; \u00a0Ponte Estaiada em frente ao Condom\u00ednio Dama\/ KM 183 da Rodovia Assis<\/p>\n<p>Chateaubriand<\/p>\n<p>&nbsp;<\/p>\n<p>Chegada: 12h38 &#8211; \u00a0Parque do Pe\u00e3o<\/p>\n<p>&nbsp;<\/p>\n<p>3\u00aa \u2013 6\/5 \u2013 Barretos\/Franca \u2013 139,4 km<\/p>\n<p>Largada: 10h &#8211;\u00a0 Rodovia Brigadeiro Faria Lima<\/p>\n<p>Chegada: 13h04 &#8211; Franca Shopping &#8211; Avenida Rio Amazonas<\/p>\n<p>(chegada ao alto)<\/p>\n<p>&nbsp;<\/p>\n<p>4\u00aa \u2013 7\/5 \u2013 Franca\/Ribeir\u00e3o Preto \u2013 115,8 km<\/p>\n<p>Largada: 10h &#8211; Acesso a Rodovia sentido Ribeir\u00e3o Preto<\/p>\n<p>Chegada: 12h35 &#8211; Placa de 60KM\/h fiscaliza\u00e7\u00e3o eletr\u00f4nica<\/p>\n<p>&nbsp;<\/p>\n<p>5\u00aa \u2013 8\/5 \u2013 Ribeir\u00e3o Preto\/Araraquara \u2013 112,5 km<\/p>\n<p>Largada: 11h &#8211; \u00a0Rodovia Atilio Balbo SPA 325\/322<\/p>\n<p>Chegada: 13h30 &#8211; Rua Mauro Pinheiro em a Pra\u00e7a de Esportes Scalamandr\u00e9 Sobrinho &#8211; Museu do Futebol e dos Esportes de Araraquara (Chegada ao alto)<\/p>\n<p>&nbsp;<\/p>\n<p>6\u00aa \u2013 10\/5 \u2013 7h \u2013 S\u00e3o Paulo \u2013 Desafio das Am\u00e9ricas \u2013 91,6 km<\/p>\n<p>Largada: 7h &#8211; Parque Raul Seixas\/Acesso \u00e0 Avenida Jacu-Pess\u00eago<\/p>\n<p>Chegada: 8h &#8211; Avenida Escola Polit\u00e9cnica<\/p>\n<p>&nbsp;<\/p>\n<p><strong>Total:<\/strong>\u00a0745,3 km<\/p>\n","protected":false},"excerpt":{"rendered":"<p>A 12\u00aa Volta Cicl\u00edstica Internacional do Estado de S\u00e3o Paulo<\/p>\n","protected":false},"author":2,"featured_media":128113,"comment_status":"open","ping_status":"open","sticky":false,"template":"","format":"standard","meta":{"footnotes":""},"categories":[21,7],"tags":[],"class_list":["post-128112","post","type-post","status-publish","format-standard","has-post-thumbnail","hentry","category-esporte","category-estado-de-sao-paulo"],"yoast_head":"<!-- This site is optimized with the Yoast SEO plugin v27.5 - https:\/\/yoast.com\/product\/yoast-seo-wordpress\/ -->\n<title>12\u00aa Volta Cicl\u00edstica Internacional do Estado de S\u00e3o Paulo passa por Barretos - Regi\u00e3o News<\/title>\n<meta name=\"robots\" content=\"index, follow, max-snippet:-1, max-image-preview:large, max-video-preview:-1\" \/>\n<link rel=\"canonical\" href=\"https:\/\/regiaonews.net.br\/2022\/2026\/04\/28\/12a-volta-ciclistica-internacional-do-estado-de-sao-paulo-reune-forcas-da-america-do-sul\/\" \/>\n<meta property=\"og:locale\" content=\"pt_BR\" \/>\n<meta property=\"og:type\" content=\"article\" \/>\n<meta property=\"og:title\" content=\"12\u00aa Volta Cicl\u00edstica Internacional do Estado de S\u00e3o Paulo passa por Barretos - Regi\u00e3o News\" \/>\n<meta property=\"og:description\" content=\"A 12\u00aa Volta Cicl\u00edstica Internacional do Estado de S\u00e3o Paulo\" \/>\n<meta property=\"og:url\" content=\"https:\/\/regiaonews.net.br\/2022\/2026\/04\/28\/12a-volta-ciclistica-internacional-do-estado-de-sao-paulo-reune-forcas-da-america-do-sul\/\" \/>\n<meta property=\"og:site_name\" content=\"Regi\u00e3o News\" \/>\n<meta property=\"article:published_time\" content=\"2026-04-29T00:23:21+00:00\" \/>\n<meta property=\"article:modified_time\" content=\"2026-04-29T00:24:15+00:00\" \/>\n<meta property=\"og:image\" content=\"https:\/\/regiaonews.net.br\/2022\/wp-content\/uploads\/2026\/04\/ciclista.jpg\" \/>\n\t<meta property=\"og:image:width\" content=\"600\" \/>\n\t<meta property=\"og:image:height\" content=\"400\" \/>\n\t<meta property=\"og:image:type\" content=\"image\/jpeg\" \/>\n<meta name=\"author\" content=\"Roberto\" \/>\n<meta name=\"twitter:card\" content=\"summary_large_image\" \/>\n<meta name=\"twitter:label1\" content=\"Escrito por\" \/>\n\t<meta name=\"twitter:data1\" content=\"Roberto\" \/>\n\t<meta name=\"twitter:label2\" content=\"Est. tempo de leitura\" \/>\n\t<meta name=\"twitter:data2\" content=\"5 minutos\" \/>\n<script type=\"application\/ld+json\" class=\"yoast-schema-graph\">{\"@context\":\"https:\\\/\\\/schema.org\",\"@graph\":[{\"@type\":\"Article\",\"@id\":\"https:\\\/\\\/regiaonews.net.br\\\/2022\\\/2026\\\/04\\\/28\\\/12a-volta-ciclistica-internacional-do-estado-de-sao-paulo-reune-forcas-da-america-do-sul\\\/#article\",\"isPartOf\":{\"@id\":\"https:\\\/\\\/regiaonews.net.br\\\/2022\\\/2026\\\/04\\\/28\\\/12a-volta-ciclistica-internacional-do-estado-de-sao-paulo-reune-forcas-da-america-do-sul\\\/\"},\"author\":{\"name\":\"Roberto\",\"@id\":\"https:\\\/\\\/regiaonews.net.br\\\/2022\\\/#\\\/schema\\\/person\\\/2d205a608a5aa97ac279d7a5e6d89ad8\"},\"headline\":\"12\u00aa Volta Cicl\u00edstica Internacional do Estado de S\u00e3o Paulo passa por Barretos\",\"datePublished\":\"2026-04-29T00:23:21+00:00\",\"dateModified\":\"2026-04-29T00:24:15+00:00\",\"mainEntityOfPage\":{\"@id\":\"https:\\\/\\\/regiaonews.net.br\\\/2022\\\/2026\\\/04\\\/28\\\/12a-volta-ciclistica-internacional-do-estado-de-sao-paulo-reune-forcas-da-america-do-sul\\\/\"},\"wordCount\":911,\"commentCount\":0,\"publisher\":{\"@id\":\"https:\\\/\\\/regiaonews.net.br\\\/2022\\\/#organization\"},\"image\":{\"@id\":\"https:\\\/\\\/regiaonews.net.br\\\/2022\\\/2026\\\/04\\\/28\\\/12a-volta-ciclistica-internacional-do-estado-de-sao-paulo-reune-forcas-da-america-do-sul\\\/#primaryimage\"},\"thumbnailUrl\":\"https:\\\/\\\/regiaonews.net.br\\\/2022\\\/wp-content\\\/uploads\\\/2026\\\/04\\\/ciclista.jpg\",\"articleSection\":[\"Esporte\",\"Estado de S\u00e3o Paulo\"],\"inLanguage\":\"pt-BR\",\"potentialAction\":[{\"@type\":\"CommentAction\",\"name\":\"Comment\",\"target\":[\"https:\\\/\\\/regiaonews.net.br\\\/2022\\\/2026\\\/04\\\/28\\\/12a-volta-ciclistica-internacional-do-estado-de-sao-paulo-reune-forcas-da-america-do-sul\\\/#respond\"]}]},{\"@type\":\"WebPage\",\"@id\":\"https:\\\/\\\/regiaonews.net.br\\\/2022\\\/2026\\\/04\\\/28\\\/12a-volta-ciclistica-internacional-do-estado-de-sao-paulo-reune-forcas-da-america-do-sul\\\/\",\"url\":\"https:\\\/\\\/regiaonews.net.br\\\/2022\\\/2026\\\/04\\\/28\\\/12a-volta-ciclistica-internacional-do-estado-de-sao-paulo-reune-forcas-da-america-do-sul\\\/\",\"name\":\"12\u00aa Volta Cicl\u00edstica Internacional do Estado de S\u00e3o Paulo passa por Barretos - Regi\u00e3o News\",\"isPartOf\":{\"@id\":\"https:\\\/\\\/regiaonews.net.br\\\/2022\\\/#website\"},\"primaryImageOfPage\":{\"@id\":\"https:\\\/\\\/regiaonews.net.br\\\/2022\\\/2026\\\/04\\\/28\\\/12a-volta-ciclistica-internacional-do-estado-de-sao-paulo-reune-forcas-da-america-do-sul\\\/#primaryimage\"},\"image\":{\"@id\":\"https:\\\/\\\/regiaonews.net.br\\\/2022\\\/2026\\\/04\\\/28\\\/12a-volta-ciclistica-internacional-do-estado-de-sao-paulo-reune-forcas-da-america-do-sul\\\/#primaryimage\"},\"thumbnailUrl\":\"https:\\\/\\\/regiaonews.net.br\\\/2022\\\/wp-content\\\/uploads\\\/2026\\\/04\\\/ciclista.jpg\",\"datePublished\":\"2026-04-29T00:23:21+00:00\",\"dateModified\":\"2026-04-29T00:24:15+00:00\",\"breadcrumb\":{\"@id\":\"https:\\\/\\\/regiaonews.net.br\\\/2022\\\/2026\\\/04\\\/28\\\/12a-volta-ciclistica-internacional-do-estado-de-sao-paulo-reune-forcas-da-america-do-sul\\\/#breadcrumb\"},\"inLanguage\":\"pt-BR\",\"potentialAction\":[{\"@type\":\"ReadAction\",\"target\":[\"https:\\\/\\\/regiaonews.net.br\\\/2022\\\/2026\\\/04\\\/28\\\/12a-volta-ciclistica-internacional-do-estado-de-sao-paulo-reune-forcas-da-america-do-sul\\\/\"]}]},{\"@type\":\"ImageObject\",\"inLanguage\":\"pt-BR\",\"@id\":\"https:\\\/\\\/regiaonews.net.br\\\/2022\\\/2026\\\/04\\\/28\\\/12a-volta-ciclistica-internacional-do-estado-de-sao-paulo-reune-forcas-da-america-do-sul\\\/#primaryimage\",\"url\":\"https:\\\/\\\/regiaonews.net.br\\\/2022\\\/wp-content\\\/uploads\\\/2026\\\/04\\\/ciclista.jpg\",\"contentUrl\":\"https:\\\/\\\/regiaonews.net.br\\\/2022\\\/wp-content\\\/uploads\\\/2026\\\/04\\\/ciclista.jpg\",\"width\":600,\"height\":400},{\"@type\":\"BreadcrumbList\",\"@id\":\"https:\\\/\\\/regiaonews.net.br\\\/2022\\\/2026\\\/04\\\/28\\\/12a-volta-ciclistica-internacional-do-estado-de-sao-paulo-reune-forcas-da-america-do-sul\\\/#breadcrumb\",\"itemListElement\":[{\"@type\":\"ListItem\",\"position\":1,\"name\":\"In\u00edcio\",\"item\":\"https:\\\/\\\/regiaonews.net.br\\\/2022\\\/\"},{\"@type\":\"ListItem\",\"position\":2,\"name\":\"12\u00aa Volta Cicl\u00edstica Internacional do Estado de S\u00e3o Paulo passa por Barretos\"}]},{\"@type\":\"WebSite\",\"@id\":\"https:\\\/\\\/regiaonews.net.br\\\/2022\\\/#website\",\"url\":\"https:\\\/\\\/regiaonews.net.br\\\/2022\\\/\",\"name\":\"Regi\u00e3o News\",\"description\":\"Site de Not\u00edcias de Barretos e regi\u00e3o\",\"publisher\":{\"@id\":\"https:\\\/\\\/regiaonews.net.br\\\/2022\\\/#organization\"},\"potentialAction\":[{\"@type\":\"SearchAction\",\"target\":{\"@type\":\"EntryPoint\",\"urlTemplate\":\"https:\\\/\\\/regiaonews.net.br\\\/2022\\\/?s={search_term_string}\"},\"query-input\":{\"@type\":\"PropertyValueSpecification\",\"valueRequired\":true,\"valueName\":\"search_term_string\"}}],\"inLanguage\":\"pt-BR\"},{\"@type\":\"Organization\",\"@id\":\"https:\\\/\\\/regiaonews.net.br\\\/2022\\\/#organization\",\"name\":\"Regi\u00e3o News\",\"url\":\"https:\\\/\\\/regiaonews.net.br\\\/2022\\\/\",\"logo\":{\"@type\":\"ImageObject\",\"inLanguage\":\"pt-BR\",\"@id\":\"https:\\\/\\\/regiaonews.net.br\\\/2022\\\/#\\\/schema\\\/logo\\\/image\\\/\",\"url\":\"https:\\\/\\\/regiaonews.net.br\\\/2022\\\/wp-content\\\/uploads\\\/2026\\\/03\\\/regiao-13-anos-scaled.jpg\",\"contentUrl\":\"https:\\\/\\\/regiaonews.net.br\\\/2022\\\/wp-content\\\/uploads\\\/2026\\\/03\\\/regiao-13-anos-scaled.jpg\",\"width\":2560,\"height\":635,\"caption\":\"Regi\u00e3o News\"},\"image\":{\"@id\":\"https:\\\/\\\/regiaonews.net.br\\\/2022\\\/#\\\/schema\\\/logo\\\/image\\\/\"}},{\"@type\":\"Person\",\"@id\":\"https:\\\/\\\/regiaonews.net.br\\\/2022\\\/#\\\/schema\\\/person\\\/2d205a608a5aa97ac279d7a5e6d89ad8\",\"name\":\"Roberto\",\"image\":{\"@type\":\"ImageObject\",\"inLanguage\":\"pt-BR\",\"@id\":\"https:\\\/\\\/secure.gravatar.com\\\/avatar\\\/42749d8b712ff9d59ca93dc150494e5b55a44134482993f5baeb97e61b7ecc89?s=96&d=mm&r=g\",\"url\":\"https:\\\/\\\/secure.gravatar.com\\\/avatar\\\/42749d8b712ff9d59ca93dc150494e5b55a44134482993f5baeb97e61b7ecc89?s=96&d=mm&r=g\",\"contentUrl\":\"https:\\\/\\\/secure.gravatar.com\\\/avatar\\\/42749d8b712ff9d59ca93dc150494e5b55a44134482993f5baeb97e61b7ecc89?s=96&d=mm&r=g\",\"caption\":\"Roberto\"},\"url\":\"https:\\\/\\\/regiaonews.net.br\\\/2022\\\/author\\\/roberto\\\/\"}]}<\/script>\n<!-- \/ Yoast SEO plugin. -->","yoast_head_json":{"title":"12\u00aa Volta Cicl\u00edstica Internacional do Estado de S\u00e3o Paulo passa por Barretos - Regi\u00e3o News","robots":{"index":"index","follow":"follow","max-snippet":"max-snippet:-1","max-image-preview":"max-image-preview:large","max-video-preview":"max-video-preview:-1"},"canonical":"https:\/\/regiaonews.net.br\/2022\/2026\/04\/28\/12a-volta-ciclistica-internacional-do-estado-de-sao-paulo-reune-forcas-da-america-do-sul\/","og_locale":"pt_BR","og_type":"article","og_title":"12\u00aa Volta Cicl\u00edstica Internacional do Estado de S\u00e3o Paulo passa por Barretos - Regi\u00e3o News","og_description":"A 12\u00aa Volta Cicl\u00edstica Internacional do Estado de S\u00e3o Paulo","og_url":"https:\/\/regiaonews.net.br\/2022\/2026\/04\/28\/12a-volta-ciclistica-internacional-do-estado-de-sao-paulo-reune-forcas-da-america-do-sul\/","og_site_name":"Regi\u00e3o News","article_published_time":"2026-04-29T00:23:21+00:00","article_modified_time":"2026-04-29T00:24:15+00:00","og_image":[{"width":600,"height":400,"url":"https:\/\/regiaonews.net.br\/2022\/wp-content\/uploads\/2026\/04\/ciclista.jpg","type":"image\/jpeg"}],"author":"Roberto","twitter_card":"summary_large_image","twitter_misc":{"Escrito por":"Roberto","Est. tempo de leitura":"5 minutos"},"schema":{"@context":"https:\/\/schema.org","@graph":[{"@type":"Article","@id":"https:\/\/regiaonews.net.br\/2022\/2026\/04\/28\/12a-volta-ciclistica-internacional-do-estado-de-sao-paulo-reune-forcas-da-america-do-sul\/#article","isPartOf":{"@id":"https:\/\/regiaonews.net.br\/2022\/2026\/04\/28\/12a-volta-ciclistica-internacional-do-estado-de-sao-paulo-reune-forcas-da-america-do-sul\/"},"author":{"name":"Roberto","@id":"https:\/\/regiaonews.net.br\/2022\/#\/schema\/person\/2d205a608a5aa97ac279d7a5e6d89ad8"},"headline":"12\u00aa Volta Cicl\u00edstica Internacional do Estado de S\u00e3o Paulo passa por Barretos","datePublished":"2026-04-29T00:23:21+00:00","dateModified":"2026-04-29T00:24:15+00:00","mainEntityOfPage":{"@id":"https:\/\/regiaonews.net.br\/2022\/2026\/04\/28\/12a-volta-ciclistica-internacional-do-estado-de-sao-paulo-reune-forcas-da-america-do-sul\/"},"wordCount":911,"commentCount":0,"publisher":{"@id":"https:\/\/regiaonews.net.br\/2022\/#organization"},"image":{"@id":"https:\/\/regiaonews.net.br\/2022\/2026\/04\/28\/12a-volta-ciclistica-internacional-do-estado-de-sao-paulo-reune-forcas-da-america-do-sul\/#primaryimage"},"thumbnailUrl":"https:\/\/regiaonews.net.br\/2022\/wp-content\/uploads\/2026\/04\/ciclista.jpg","articleSection":["Esporte","Estado de S\u00e3o Paulo"],"inLanguage":"pt-BR","potentialAction":[{"@type":"CommentAction","name":"Comment","target":["https:\/\/regiaonews.net.br\/2022\/2026\/04\/28\/12a-volta-ciclistica-internacional-do-estado-de-sao-paulo-reune-forcas-da-america-do-sul\/#respond"]}]},{"@type":"WebPage","@id":"https:\/\/regiaonews.net.br\/2022\/2026\/04\/28\/12a-volta-ciclistica-internacional-do-estado-de-sao-paulo-reune-forcas-da-america-do-sul\/","url":"https:\/\/regiaonews.net.br\/2022\/2026\/04\/28\/12a-volta-ciclistica-internacional-do-estado-de-sao-paulo-reune-forcas-da-america-do-sul\/","name":"12\u00aa Volta Cicl\u00edstica Internacional do Estado de S\u00e3o Paulo passa por Barretos - Regi\u00e3o News","isPartOf":{"@id":"https:\/\/regiaonews.net.br\/2022\/#website"},"primaryImageOfPage":{"@id":"https:\/\/regiaonews.net.br\/2022\/2026\/04\/28\/12a-volta-ciclistica-internacional-do-estado-de-sao-paulo-reune-forcas-da-america-do-sul\/#primaryimage"},"image":{"@id":"https:\/\/regiaonews.net.br\/2022\/2026\/04\/28\/12a-volta-ciclistica-internacional-do-estado-de-sao-paulo-reune-forcas-da-america-do-sul\/#primaryimage"},"thumbnailUrl":"https:\/\/regiaonews.net.br\/2022\/wp-content\/uploads\/2026\/04\/ciclista.jpg","datePublished":"2026-04-29T00:23:21+00:00","dateModified":"2026-04-29T00:24:15+00:00","breadcrumb":{"@id":"https:\/\/regiaonews.net.br\/2022\/2026\/04\/28\/12a-volta-ciclistica-internacional-do-estado-de-sao-paulo-reune-forcas-da-america-do-sul\/#breadcrumb"},"inLanguage":"pt-BR","potentialAction":[{"@type":"ReadAction","target":["https:\/\/regiaonews.net.br\/2022\/2026\/04\/28\/12a-volta-ciclistica-internacional-do-estado-de-sao-paulo-reune-forcas-da-america-do-sul\/"]}]},{"@type":"ImageObject","inLanguage":"pt-BR","@id":"https:\/\/regiaonews.net.br\/2022\/2026\/04\/28\/12a-volta-ciclistica-internacional-do-estado-de-sao-paulo-reune-forcas-da-america-do-sul\/#primaryimage","url":"https:\/\/regiaonews.net.br\/2022\/wp-content\/uploads\/2026\/04\/ciclista.jpg","contentUrl":"https:\/\/regiaonews.net.br\/2022\/wp-content\/uploads\/2026\/04\/ciclista.jpg","width":600,"height":400},{"@type":"BreadcrumbList","@id":"https:\/\/regiaonews.net.br\/2022\/2026\/04\/28\/12a-volta-ciclistica-internacional-do-estado-de-sao-paulo-reune-forcas-da-america-do-sul\/#breadcrumb","itemListElement":[{"@type":"ListItem","position":1,"name":"In\u00edcio","item":"https:\/\/regiaonews.net.br\/2022\/"},{"@type":"ListItem","position":2,"name":"12\u00aa Volta Cicl\u00edstica Internacional do Estado de S\u00e3o Paulo passa por Barretos"}]},{"@type":"WebSite","@id":"https:\/\/regiaonews.net.br\/2022\/#website","url":"https:\/\/regiaonews.net.br\/2022\/","name":"Regi\u00e3o News","description":"Site de Not\u00edcias de Barretos e regi\u00e3o","publisher":{"@id":"https:\/\/regiaonews.net.br\/2022\/#organization"},"potentialAction":[{"@type":"SearchAction","target":{"@type":"EntryPoint","urlTemplate":"https:\/\/regiaonews.net.br\/2022\/?s={search_term_string}"},"query-input":{"@type":"PropertyValueSpecification","valueRequired":true,"valueName":"search_term_string"}}],"inLanguage":"pt-BR"},{"@type":"Organization","@id":"https:\/\/regiaonews.net.br\/2022\/#organization","name":"Regi\u00e3o News","url":"https:\/\/regiaonews.net.br\/2022\/","logo":{"@type":"ImageObject","inLanguage":"pt-BR","@id":"https:\/\/regiaonews.net.br\/2022\/#\/schema\/logo\/image\/","url":"https:\/\/regiaonews.net.br\/2022\/wp-content\/uploads\/2026\/03\/regiao-13-anos-scaled.jpg","contentUrl":"https:\/\/regiaonews.net.br\/2022\/wp-content\/uploads\/2026\/03\/regiao-13-anos-scaled.jpg","width":2560,"height":635,"caption":"Regi\u00e3o News"},"image":{"@id":"https:\/\/regiaonews.net.br\/2022\/#\/schema\/logo\/image\/"}},{"@type":"Person","@id":"https:\/\/regiaonews.net.br\/2022\/#\/schema\/person\/2d205a608a5aa97ac279d7a5e6d89ad8","name":"Roberto","image":{"@type":"ImageObject","inLanguage":"pt-BR","@id":"https:\/\/secure.gravatar.com\/avatar\/42749d8b712ff9d59ca93dc150494e5b55a44134482993f5baeb97e61b7ecc89?s=96&d=mm&r=g","url":"https:\/\/secure.gravatar.com\/avatar\/42749d8b712ff9d59ca93dc150494e5b55a44134482993f5baeb97e61b7ecc89?s=96&d=mm&r=g","contentUrl":"https:\/\/secure.gravatar.com\/avatar\/42749d8b712ff9d59ca93dc150494e5b55a44134482993f5baeb97e61b7ecc89?s=96&d=mm&r=g","caption":"Roberto"},"url":"https:\/\/regiaonews.net.br\/2022\/author\/roberto\/"}]}},"publishpress_future_action":{"enabled":false,"date":"2026-05-06 00:38:08","action":"change-status","newStatus":"draft","terms":[],"taxonomy":"category","extraData":[]},"publishpress_future_workflow_manual_trigger":{"enabledWorkflows":[]},"_links":{"self":[{"href":"https:\/\/regiaonews.net.br\/2022\/wp-json\/wp\/v2\/posts\/128112","targetHints":{"allow":["GET"]}}],"collection":[{"href":"https:\/\/regiaonews.net.br\/2022\/wp-json\/wp\/v2\/posts"}],"about":[{"href":"https:\/\/regiaonews.net.br\/2022\/wp-json\/wp\/v2\/types\/post"}],"author":[{"embeddable":true,"href":"https:\/\/regiaonews.net.br\/2022\/wp-json\/wp\/v2\/users\/2"}],"replies":[{"embeddable":true,"href":"https:\/\/regiaonews.net.br\/2022\/wp-json\/wp\/v2\/comments?post=128112"}],"version-history":[{"count":2,"href":"https:\/\/regiaonews.net.br\/2022\/wp-json\/wp\/v2\/posts\/128112\/revisions"}],"predecessor-version":[{"id":128115,"href":"https:\/\/regiaonews.net.br\/2022\/wp-json\/wp\/v2\/posts\/128112\/revisions\/128115"}],"wp:featuredmedia":[{"embeddable":true,"href":"https:\/\/regiaonews.net.br\/2022\/wp-json\/wp\/v2\/media\/128113"}],"wp:attachment":[{"href":"https:\/\/regiaonews.net.br\/2022\/wp-json\/wp\/v2\/media?parent=128112"}],"wp:term":[{"taxonomy":"category","embeddable":true,"href":"https:\/\/regiaonews.net.br\/2022\/wp-json\/wp\/v2\/categories?post=128112"},{"taxonomy":"post_tag","embeddable":true,"href":"https:\/\/regiaonews.net.br\/2022\/wp-json\/wp\/v2\/tags?post=128112"}],"curies":[{"name":"wp","href":"https:\/\/api.w.org\/{rel}","templated":true}]}}