{"id":128106,"date":"2026-04-28T15:55:28","date_gmt":"2026-04-28T18:55:28","guid":{"rendered":"https:\/\/regiaonews.net.br\/2022\/?p=128106"},"modified":"2026-04-28T15:55:28","modified_gmt":"2026-04-28T18:55:28","slug":"barretao-2026-confirma-bruno-marrone-gustavo-mioto-rionegro-solimoes-e-mais-sertanejos-na-programacao-de-27-de-agosto","status":"publish","type":"post","link":"https:\/\/regiaonews.net.br\/2022\/2026\/04\/28\/barretao-2026-confirma-bruno-marrone-gustavo-mioto-rionegro-solimoes-e-mais-sertanejos-na-programacao-de-27-de-agosto\/","title":{"rendered":"Barret\u00e3o 2026 confirma Bruno &#038; Marrone, Gustavo Mioto, Rionegro &#038; Solim\u00f5es e mais sertanejos na programa\u00e7\u00e3o de 27 de agosto"},"content":{"rendered":"<p>Palco Amanhecer ter\u00e1 Ralf, Serest\u00e3o do Z\u00e9, Bruninho &amp; Davi e Diego &amp; Victor Hugo. Evento acontece de 20 a 30 de agosto no Parque do Pe\u00e3o<\/p>\n<p>Festa do Pe\u00e3o de Barretos segue com a divulga\u00e7\u00e3o de sua grade musical e anuncia grandes nomes para a quinta-feira, 27 de agosto nos palcos Est\u00e1dio e Amanhecer. O evento j\u00e1 confirmou mais de 35 shows e ainda ter\u00e1 novos nomes revelados.<\/p>\n<p>No Palco Est\u00e1dio, a noite ser\u00e1 marcada por nomes consagrados do sertanejo. Bruno &amp; Marrone retornam ao evento como uma das duplas mais emblem\u00e1ticas da hist\u00f3ria da festa, com mais de 20 apresenta\u00e7\u00f5es no Barret\u00e3o. Gustavo Mioto, representante da nova gera\u00e7\u00e3o, chega para sua quarta participa\u00e7\u00e3o em Barretos, impulsionado por forte presen\u00e7a nas plataformas digitais. J\u00e1 Rionegro &amp; Solim\u00f5es refor\u00e7am o car\u00e1ter tradicional do evento, com mais de tr\u00eas d\u00e9cadas de carreira e participa\u00e7\u00f5es recorrentes no evento, al\u00e9m de terem participado de um dos mais tradicionais concursos de moda de viola promovidos pela Festa.<\/p>\n<p>A programa\u00e7\u00e3o do Palco Amanhecer amplia o espectro musical da noite. O cantor Ralf apresenta seu trabalho solo, marcado pela pot\u00eancia vocal e releituras de cl\u00e1ssicos. O projeto Serest\u00e3o do Z\u00e9, liderado pelo m\u00fasico Z\u00e9 Elias, aposta no romantismo da seresta e do arrocha, reunindo repert\u00f3rio popular e autoral em um formato de forte apelo junto ao p\u00fablico. A dupla Bruninho &amp; Davi leva ao palco sucessos do sertanejo universit\u00e1rio, enquanto Diego &amp; Victor Hugo encerra a noite com hits de grande alcance nas plataformas de streaming.<\/p>\n<p>Programa\u00e7\u00e3o j\u00e1 divulgada<br \/>\n20 de agosto (quinta-feira)<br \/>\nA abertura contar\u00e1 com Panda e Matheus &amp; Kauan, no Palco Est\u00e1dio.<\/p>\n<p>21 de agosto (sexta-feira)<br \/>\nNo Est\u00e1dio: Ana Castela, Country Beat, Wesley Safad\u00e3o e Natanzinho Lima.<\/p>\n<p>No Amanhecer: Belo, Henrique &amp; Diego, Lorena, Bruno &amp; Denner e Jo\u00e3o Neto &amp; Frederico.<br \/>\n22 de agosto (s\u00e1bado)<\/p>\n<p>Est\u00e1dio: Alok, Nattan e Gusttavo Lima.<br \/>\nAmanhecer: Fernando &amp; Sorocaba, Bruno Rosa, Bruno &amp; Barretto e Israel &amp; Rodolffo.<\/p>\n<p>23 de agosto (domingo)<br \/>\nNo Est\u00e1dio: Edson &amp; Hudson e Matogrosso &amp; Mathias.<br \/>\n24 e 25 de agosto (segunda e ter\u00e7a-feira)<br \/>\nPrograma\u00e7\u00e3o concentrada no Palco Amanhecer. No dia 24, se apresentam Jads &amp; Jadson, Felipe &amp; Rodrigo e Turma do Pagode. J\u00e1 no dia 25, sobem ao palco Trio Parada Dura, Louren\u00e7o &amp; Lourival, Guilherme &amp; Benuto e Pixote.<\/p>\n<p>26 de agosto (quarta-feira)<br \/>\nEst\u00e1dio: C\u00e9sar Menotti &amp; Fabiano, Simone Mendes e Alexandre Pires.<br \/>\nAmanhecer: Loubet, Jean &amp; J\u00falio, Z\u00e9 Ricardo &amp; Thiago e Open Farra.<\/p>\n<p>29 de agosto (s\u00e1bado)<br \/>\nGusttavo Lima retorna ao Palco Est\u00e1dio com apresenta\u00e7\u00e3o especial.<br \/>\nA 71\u00aa Festa do Pe\u00e3o de Barretos acontece de 20 a 30 de agosto, no Parque do Pe\u00e3o, reunindo shows, competi\u00e7\u00f5es esportivas e experi\u00eancias culturais ao longo de 11 dias.<\/p>\n","protected":false},"excerpt":{"rendered":"<p>Palco Amanhecer ter\u00e1 Ralf, Serest\u00e3o do Z\u00e9, Bruninho &amp; Davi<\/p>\n","protected":false},"author":2,"featured_media":128107,"comment_status":"open","ping_status":"open","sticky":false,"template":"","format":"standard","meta":{"footnotes":""},"categories":[14,45],"tags":[],"class_list":["post-128106","post","type-post","status-publish","format-standard","has-post-thumbnail","hentry","category-barretos","category-festa-do-peao"],"yoast_head":"<!-- This site is optimized with the Yoast SEO plugin v27.5 - https:\/\/yoast.com\/product\/yoast-seo-wordpress\/ -->\n<title>Barret\u00e3o 2026 confirma Bruno &amp; Marrone, Gustavo Mioto, Rionegro &amp; Solim\u00f5es e mais sertanejos na programa\u00e7\u00e3o de 27 de agosto - Regi\u00e3o News<\/title>\n<meta name=\"robots\" content=\"index, follow, max-snippet:-1, max-image-preview:large, max-video-preview:-1\" \/>\n<link rel=\"canonical\" href=\"https:\/\/regiaonews.net.br\/2022\/2026\/04\/28\/barretao-2026-confirma-bruno-marrone-gustavo-mioto-rionegro-solimoes-e-mais-sertanejos-na-programacao-de-27-de-agosto\/\" \/>\n<meta property=\"og:locale\" content=\"pt_BR\" \/>\n<meta property=\"og:type\" content=\"article\" \/>\n<meta property=\"og:title\" content=\"Barret\u00e3o 2026 confirma Bruno &amp; Marrone, Gustavo Mioto, Rionegro &amp; Solim\u00f5es e mais sertanejos na programa\u00e7\u00e3o de 27 de agosto - Regi\u00e3o News\" \/>\n<meta property=\"og:description\" content=\"Palco Amanhecer ter\u00e1 Ralf, Serest\u00e3o do Z\u00e9, Bruninho &amp; Davi\" \/>\n<meta property=\"og:url\" content=\"https:\/\/regiaonews.net.br\/2022\/2026\/04\/28\/barretao-2026-confirma-bruno-marrone-gustavo-mioto-rionegro-solimoes-e-mais-sertanejos-na-programacao-de-27-de-agosto\/\" \/>\n<meta property=\"og:site_name\" content=\"Regi\u00e3o News\" \/>\n<meta property=\"article:published_time\" content=\"2026-04-28T18:55:28+00:00\" \/>\n<meta property=\"og:image\" content=\"https:\/\/regiaonews.net.br\/2022\/wp-content\/uploads\/2026\/04\/WhatsApp-Image-2026-04-28-at-15.10.04.jpeg\" \/>\n\t<meta property=\"og:image:width\" content=\"1600\" \/>\n\t<meta property=\"og:image:height\" content=\"1067\" \/>\n\t<meta property=\"og:image:type\" content=\"image\/jpeg\" \/>\n<meta name=\"author\" content=\"Roberto\" \/>\n<meta name=\"twitter:card\" content=\"summary_large_image\" \/>\n<meta name=\"twitter:label1\" content=\"Escrito por\" \/>\n\t<meta name=\"twitter:data1\" content=\"Roberto\" \/>\n\t<meta name=\"twitter:label2\" content=\"Est. tempo de leitura\" \/>\n\t<meta name=\"twitter:data2\" content=\"3 minutos\" \/>\n<script type=\"application\/ld+json\" class=\"yoast-schema-graph\">{\"@context\":\"https:\\\/\\\/schema.org\",\"@graph\":[{\"@type\":\"Article\",\"@id\":\"https:\\\/\\\/regiaonews.net.br\\\/2022\\\/2026\\\/04\\\/28\\\/barretao-2026-confirma-bruno-marrone-gustavo-mioto-rionegro-solimoes-e-mais-sertanejos-na-programacao-de-27-de-agosto\\\/#article\",\"isPartOf\":{\"@id\":\"https:\\\/\\\/regiaonews.net.br\\\/2022\\\/2026\\\/04\\\/28\\\/barretao-2026-confirma-bruno-marrone-gustavo-mioto-rionegro-solimoes-e-mais-sertanejos-na-programacao-de-27-de-agosto\\\/\"},\"author\":{\"name\":\"Roberto\",\"@id\":\"https:\\\/\\\/regiaonews.net.br\\\/2022\\\/#\\\/schema\\\/person\\\/2d205a608a5aa97ac279d7a5e6d89ad8\"},\"headline\":\"Barret\u00e3o 2026 confirma Bruno &#038; Marrone, Gustavo Mioto, Rionegro &#038; Solim\u00f5es e mais sertanejos na programa\u00e7\u00e3o de 27 de agosto\",\"datePublished\":\"2026-04-28T18:55:28+00:00\",\"mainEntityOfPage\":{\"@id\":\"https:\\\/\\\/regiaonews.net.br\\\/2022\\\/2026\\\/04\\\/28\\\/barretao-2026-confirma-bruno-marrone-gustavo-mioto-rionegro-solimoes-e-mais-sertanejos-na-programacao-de-27-de-agosto\\\/\"},\"wordCount\":499,\"commentCount\":0,\"publisher\":{\"@id\":\"https:\\\/\\\/regiaonews.net.br\\\/2022\\\/#organization\"},\"image\":{\"@id\":\"https:\\\/\\\/regiaonews.net.br\\\/2022\\\/2026\\\/04\\\/28\\\/barretao-2026-confirma-bruno-marrone-gustavo-mioto-rionegro-solimoes-e-mais-sertanejos-na-programacao-de-27-de-agosto\\\/#primaryimage\"},\"thumbnailUrl\":\"https:\\\/\\\/regiaonews.net.br\\\/2022\\\/wp-content\\\/uploads\\\/2026\\\/04\\\/WhatsApp-Image-2026-04-28-at-15.10.04.jpeg\",\"articleSection\":[\"Barretos\",\"Festa do Pe\u00e3o\"],\"inLanguage\":\"pt-BR\",\"potentialAction\":[{\"@type\":\"CommentAction\",\"name\":\"Comment\",\"target\":[\"https:\\\/\\\/regiaonews.net.br\\\/2022\\\/2026\\\/04\\\/28\\\/barretao-2026-confirma-bruno-marrone-gustavo-mioto-rionegro-solimoes-e-mais-sertanejos-na-programacao-de-27-de-agosto\\\/#respond\"]}]},{\"@type\":\"WebPage\",\"@id\":\"https:\\\/\\\/regiaonews.net.br\\\/2022\\\/2026\\\/04\\\/28\\\/barretao-2026-confirma-bruno-marrone-gustavo-mioto-rionegro-solimoes-e-mais-sertanejos-na-programacao-de-27-de-agosto\\\/\",\"url\":\"https:\\\/\\\/regiaonews.net.br\\\/2022\\\/2026\\\/04\\\/28\\\/barretao-2026-confirma-bruno-marrone-gustavo-mioto-rionegro-solimoes-e-mais-sertanejos-na-programacao-de-27-de-agosto\\\/\",\"name\":\"Barret\u00e3o 2026 confirma Bruno & Marrone, Gustavo Mioto, Rionegro & Solim\u00f5es e mais sertanejos na programa\u00e7\u00e3o de 27 de agosto - Regi\u00e3o News\",\"isPartOf\":{\"@id\":\"https:\\\/\\\/regiaonews.net.br\\\/2022\\\/#website\"},\"primaryImageOfPage\":{\"@id\":\"https:\\\/\\\/regiaonews.net.br\\\/2022\\\/2026\\\/04\\\/28\\\/barretao-2026-confirma-bruno-marrone-gustavo-mioto-rionegro-solimoes-e-mais-sertanejos-na-programacao-de-27-de-agosto\\\/#primaryimage\"},\"image\":{\"@id\":\"https:\\\/\\\/regiaonews.net.br\\\/2022\\\/2026\\\/04\\\/28\\\/barretao-2026-confirma-bruno-marrone-gustavo-mioto-rionegro-solimoes-e-mais-sertanejos-na-programacao-de-27-de-agosto\\\/#primaryimage\"},\"thumbnailUrl\":\"https:\\\/\\\/regiaonews.net.br\\\/2022\\\/wp-content\\\/uploads\\\/2026\\\/04\\\/WhatsApp-Image-2026-04-28-at-15.10.04.jpeg\",\"datePublished\":\"2026-04-28T18:55:28+00:00\",\"breadcrumb\":{\"@id\":\"https:\\\/\\\/regiaonews.net.br\\\/2022\\\/2026\\\/04\\\/28\\\/barretao-2026-confirma-bruno-marrone-gustavo-mioto-rionegro-solimoes-e-mais-sertanejos-na-programacao-de-27-de-agosto\\\/#breadcrumb\"},\"inLanguage\":\"pt-BR\",\"potentialAction\":[{\"@type\":\"ReadAction\",\"target\":[\"https:\\\/\\\/regiaonews.net.br\\\/2022\\\/2026\\\/04\\\/28\\\/barretao-2026-confirma-bruno-marrone-gustavo-mioto-rionegro-solimoes-e-mais-sertanejos-na-programacao-de-27-de-agosto\\\/\"]}]},{\"@type\":\"ImageObject\",\"inLanguage\":\"pt-BR\",\"@id\":\"https:\\\/\\\/regiaonews.net.br\\\/2022\\\/2026\\\/04\\\/28\\\/barretao-2026-confirma-bruno-marrone-gustavo-mioto-rionegro-solimoes-e-mais-sertanejos-na-programacao-de-27-de-agosto\\\/#primaryimage\",\"url\":\"https:\\\/\\\/regiaonews.net.br\\\/2022\\\/wp-content\\\/uploads\\\/2026\\\/04\\\/WhatsApp-Image-2026-04-28-at-15.10.04.jpeg\",\"contentUrl\":\"https:\\\/\\\/regiaonews.net.br\\\/2022\\\/wp-content\\\/uploads\\\/2026\\\/04\\\/WhatsApp-Image-2026-04-28-at-15.10.04.jpeg\",\"width\":1600,\"height\":1067},{\"@type\":\"BreadcrumbList\",\"@id\":\"https:\\\/\\\/regiaonews.net.br\\\/2022\\\/2026\\\/04\\\/28\\\/barretao-2026-confirma-bruno-marrone-gustavo-mioto-rionegro-solimoes-e-mais-sertanejos-na-programacao-de-27-de-agosto\\\/#breadcrumb\",\"itemListElement\":[{\"@type\":\"ListItem\",\"position\":1,\"name\":\"In\u00edcio\",\"item\":\"https:\\\/\\\/regiaonews.net.br\\\/2022\\\/\"},{\"@type\":\"ListItem\",\"position\":2,\"name\":\"Barret\u00e3o 2026 confirma Bruno &#038; Marrone, Gustavo Mioto, Rionegro &#038; Solim\u00f5es e mais sertanejos na programa\u00e7\u00e3o de 27 de agosto\"}]},{\"@type\":\"WebSite\",\"@id\":\"https:\\\/\\\/regiaonews.net.br\\\/2022\\\/#website\",\"url\":\"https:\\\/\\\/regiaonews.net.br\\\/2022\\\/\",\"name\":\"Regi\u00e3o News\",\"description\":\"Site de Not\u00edcias de Barretos e regi\u00e3o\",\"publisher\":{\"@id\":\"https:\\\/\\\/regiaonews.net.br\\\/2022\\\/#organization\"},\"potentialAction\":[{\"@type\":\"SearchAction\",\"target\":{\"@type\":\"EntryPoint\",\"urlTemplate\":\"https:\\\/\\\/regiaonews.net.br\\\/2022\\\/?s={search_term_string}\"},\"query-input\":{\"@type\":\"PropertyValueSpecification\",\"valueRequired\":true,\"valueName\":\"search_term_string\"}}],\"inLanguage\":\"pt-BR\"},{\"@type\":\"Organization\",\"@id\":\"https:\\\/\\\/regiaonews.net.br\\\/2022\\\/#organization\",\"name\":\"Regi\u00e3o News\",\"url\":\"https:\\\/\\\/regiaonews.net.br\\\/2022\\\/\",\"logo\":{\"@type\":\"ImageObject\",\"inLanguage\":\"pt-BR\",\"@id\":\"https:\\\/\\\/regiaonews.net.br\\\/2022\\\/#\\\/schema\\\/logo\\\/image\\\/\",\"url\":\"https:\\\/\\\/regiaonews.net.br\\\/2022\\\/wp-content\\\/uploads\\\/2026\\\/03\\\/regiao-13-anos-scaled.jpg\",\"contentUrl\":\"https:\\\/\\\/regiaonews.net.br\\\/2022\\\/wp-content\\\/uploads\\\/2026\\\/03\\\/regiao-13-anos-scaled.jpg\",\"width\":2560,\"height\":635,\"caption\":\"Regi\u00e3o News\"},\"image\":{\"@id\":\"https:\\\/\\\/regiaonews.net.br\\\/2022\\\/#\\\/schema\\\/logo\\\/image\\\/\"}},{\"@type\":\"Person\",\"@id\":\"https:\\\/\\\/regiaonews.net.br\\\/2022\\\/#\\\/schema\\\/person\\\/2d205a608a5aa97ac279d7a5e6d89ad8\",\"name\":\"Roberto\",\"image\":{\"@type\":\"ImageObject\",\"inLanguage\":\"pt-BR\",\"@id\":\"https:\\\/\\\/secure.gravatar.com\\\/avatar\\\/42749d8b712ff9d59ca93dc150494e5b55a44134482993f5baeb97e61b7ecc89?s=96&d=mm&r=g\",\"url\":\"https:\\\/\\\/secure.gravatar.com\\\/avatar\\\/42749d8b712ff9d59ca93dc150494e5b55a44134482993f5baeb97e61b7ecc89?s=96&d=mm&r=g\",\"contentUrl\":\"https:\\\/\\\/secure.gravatar.com\\\/avatar\\\/42749d8b712ff9d59ca93dc150494e5b55a44134482993f5baeb97e61b7ecc89?s=96&d=mm&r=g\",\"caption\":\"Roberto\"},\"url\":\"https:\\\/\\\/regiaonews.net.br\\\/2022\\\/author\\\/roberto\\\/\"}]}<\/script>\n<!-- \/ Yoast SEO plugin. -->","yoast_head_json":{"title":"Barret\u00e3o 2026 confirma Bruno & Marrone, Gustavo Mioto, Rionegro & Solim\u00f5es e mais sertanejos na programa\u00e7\u00e3o de 27 de agosto - Regi\u00e3o News","robots":{"index":"index","follow":"follow","max-snippet":"max-snippet:-1","max-image-preview":"max-image-preview:large","max-video-preview":"max-video-preview:-1"},"canonical":"https:\/\/regiaonews.net.br\/2022\/2026\/04\/28\/barretao-2026-confirma-bruno-marrone-gustavo-mioto-rionegro-solimoes-e-mais-sertanejos-na-programacao-de-27-de-agosto\/","og_locale":"pt_BR","og_type":"article","og_title":"Barret\u00e3o 2026 confirma Bruno & Marrone, Gustavo Mioto, Rionegro & Solim\u00f5es e mais sertanejos na programa\u00e7\u00e3o de 27 de agosto - Regi\u00e3o News","og_description":"Palco Amanhecer ter\u00e1 Ralf, Serest\u00e3o do Z\u00e9, Bruninho &amp; Davi","og_url":"https:\/\/regiaonews.net.br\/2022\/2026\/04\/28\/barretao-2026-confirma-bruno-marrone-gustavo-mioto-rionegro-solimoes-e-mais-sertanejos-na-programacao-de-27-de-agosto\/","og_site_name":"Regi\u00e3o News","article_published_time":"2026-04-28T18:55:28+00:00","og_image":[{"width":1600,"height":1067,"url":"https:\/\/regiaonews.net.br\/2022\/wp-content\/uploads\/2026\/04\/WhatsApp-Image-2026-04-28-at-15.10.04.jpeg","type":"image\/jpeg"}],"author":"Roberto","twitter_card":"summary_large_image","twitter_misc":{"Escrito por":"Roberto","Est. tempo de leitura":"3 minutos"},"schema":{"@context":"https:\/\/schema.org","@graph":[{"@type":"Article","@id":"https:\/\/regiaonews.net.br\/2022\/2026\/04\/28\/barretao-2026-confirma-bruno-marrone-gustavo-mioto-rionegro-solimoes-e-mais-sertanejos-na-programacao-de-27-de-agosto\/#article","isPartOf":{"@id":"https:\/\/regiaonews.net.br\/2022\/2026\/04\/28\/barretao-2026-confirma-bruno-marrone-gustavo-mioto-rionegro-solimoes-e-mais-sertanejos-na-programacao-de-27-de-agosto\/"},"author":{"name":"Roberto","@id":"https:\/\/regiaonews.net.br\/2022\/#\/schema\/person\/2d205a608a5aa97ac279d7a5e6d89ad8"},"headline":"Barret\u00e3o 2026 confirma Bruno &#038; Marrone, Gustavo Mioto, Rionegro &#038; Solim\u00f5es e mais sertanejos na programa\u00e7\u00e3o de 27 de agosto","datePublished":"2026-04-28T18:55:28+00:00","mainEntityOfPage":{"@id":"https:\/\/regiaonews.net.br\/2022\/2026\/04\/28\/barretao-2026-confirma-bruno-marrone-gustavo-mioto-rionegro-solimoes-e-mais-sertanejos-na-programacao-de-27-de-agosto\/"},"wordCount":499,"commentCount":0,"publisher":{"@id":"https:\/\/regiaonews.net.br\/2022\/#organization"},"image":{"@id":"https:\/\/regiaonews.net.br\/2022\/2026\/04\/28\/barretao-2026-confirma-bruno-marrone-gustavo-mioto-rionegro-solimoes-e-mais-sertanejos-na-programacao-de-27-de-agosto\/#primaryimage"},"thumbnailUrl":"https:\/\/regiaonews.net.br\/2022\/wp-content\/uploads\/2026\/04\/WhatsApp-Image-2026-04-28-at-15.10.04.jpeg","articleSection":["Barretos","Festa do Pe\u00e3o"],"inLanguage":"pt-BR","potentialAction":[{"@type":"CommentAction","name":"Comment","target":["https:\/\/regiaonews.net.br\/2022\/2026\/04\/28\/barretao-2026-confirma-bruno-marrone-gustavo-mioto-rionegro-solimoes-e-mais-sertanejos-na-programacao-de-27-de-agosto\/#respond"]}]},{"@type":"WebPage","@id":"https:\/\/regiaonews.net.br\/2022\/2026\/04\/28\/barretao-2026-confirma-bruno-marrone-gustavo-mioto-rionegro-solimoes-e-mais-sertanejos-na-programacao-de-27-de-agosto\/","url":"https:\/\/regiaonews.net.br\/2022\/2026\/04\/28\/barretao-2026-confirma-bruno-marrone-gustavo-mioto-rionegro-solimoes-e-mais-sertanejos-na-programacao-de-27-de-agosto\/","name":"Barret\u00e3o 2026 confirma Bruno & Marrone, Gustavo Mioto, Rionegro & Solim\u00f5es e mais sertanejos na programa\u00e7\u00e3o de 27 de agosto - Regi\u00e3o News","isPartOf":{"@id":"https:\/\/regiaonews.net.br\/2022\/#website"},"primaryImageOfPage":{"@id":"https:\/\/regiaonews.net.br\/2022\/2026\/04\/28\/barretao-2026-confirma-bruno-marrone-gustavo-mioto-rionegro-solimoes-e-mais-sertanejos-na-programacao-de-27-de-agosto\/#primaryimage"},"image":{"@id":"https:\/\/regiaonews.net.br\/2022\/2026\/04\/28\/barretao-2026-confirma-bruno-marrone-gustavo-mioto-rionegro-solimoes-e-mais-sertanejos-na-programacao-de-27-de-agosto\/#primaryimage"},"thumbnailUrl":"https:\/\/regiaonews.net.br\/2022\/wp-content\/uploads\/2026\/04\/WhatsApp-Image-2026-04-28-at-15.10.04.jpeg","datePublished":"2026-04-28T18:55:28+00:00","breadcrumb":{"@id":"https:\/\/regiaonews.net.br\/2022\/2026\/04\/28\/barretao-2026-confirma-bruno-marrone-gustavo-mioto-rionegro-solimoes-e-mais-sertanejos-na-programacao-de-27-de-agosto\/#breadcrumb"},"inLanguage":"pt-BR","potentialAction":[{"@type":"ReadAction","target":["https:\/\/regiaonews.net.br\/2022\/2026\/04\/28\/barretao-2026-confirma-bruno-marrone-gustavo-mioto-rionegro-solimoes-e-mais-sertanejos-na-programacao-de-27-de-agosto\/"]}]},{"@type":"ImageObject","inLanguage":"pt-BR","@id":"https:\/\/regiaonews.net.br\/2022\/2026\/04\/28\/barretao-2026-confirma-bruno-marrone-gustavo-mioto-rionegro-solimoes-e-mais-sertanejos-na-programacao-de-27-de-agosto\/#primaryimage","url":"https:\/\/regiaonews.net.br\/2022\/wp-content\/uploads\/2026\/04\/WhatsApp-Image-2026-04-28-at-15.10.04.jpeg","contentUrl":"https:\/\/regiaonews.net.br\/2022\/wp-content\/uploads\/2026\/04\/WhatsApp-Image-2026-04-28-at-15.10.04.jpeg","width":1600,"height":1067},{"@type":"BreadcrumbList","@id":"https:\/\/regiaonews.net.br\/2022\/2026\/04\/28\/barretao-2026-confirma-bruno-marrone-gustavo-mioto-rionegro-solimoes-e-mais-sertanejos-na-programacao-de-27-de-agosto\/#breadcrumb","itemListElement":[{"@type":"ListItem","position":1,"name":"In\u00edcio","item":"https:\/\/regiaonews.net.br\/2022\/"},{"@type":"ListItem","position":2,"name":"Barret\u00e3o 2026 confirma Bruno &#038; Marrone, Gustavo Mioto, Rionegro &#038; Solim\u00f5es e mais sertanejos na programa\u00e7\u00e3o de 27 de agosto"}]},{"@type":"WebSite","@id":"https:\/\/regiaonews.net.br\/2022\/#website","url":"https:\/\/regiaonews.net.br\/2022\/","name":"Regi\u00e3o News","description":"Site de Not\u00edcias de Barretos e regi\u00e3o","publisher":{"@id":"https:\/\/regiaonews.net.br\/2022\/#organization"},"potentialAction":[{"@type":"SearchAction","target":{"@type":"EntryPoint","urlTemplate":"https:\/\/regiaonews.net.br\/2022\/?s={search_term_string}"},"query-input":{"@type":"PropertyValueSpecification","valueRequired":true,"valueName":"search_term_string"}}],"inLanguage":"pt-BR"},{"@type":"Organization","@id":"https:\/\/regiaonews.net.br\/2022\/#organization","name":"Regi\u00e3o News","url":"https:\/\/regiaonews.net.br\/2022\/","logo":{"@type":"ImageObject","inLanguage":"pt-BR","@id":"https:\/\/regiaonews.net.br\/2022\/#\/schema\/logo\/image\/","url":"https:\/\/regiaonews.net.br\/2022\/wp-content\/uploads\/2026\/03\/regiao-13-anos-scaled.jpg","contentUrl":"https:\/\/regiaonews.net.br\/2022\/wp-content\/uploads\/2026\/03\/regiao-13-anos-scaled.jpg","width":2560,"height":635,"caption":"Regi\u00e3o News"},"image":{"@id":"https:\/\/regiaonews.net.br\/2022\/#\/schema\/logo\/image\/"}},{"@type":"Person","@id":"https:\/\/regiaonews.net.br\/2022\/#\/schema\/person\/2d205a608a5aa97ac279d7a5e6d89ad8","name":"Roberto","image":{"@type":"ImageObject","inLanguage":"pt-BR","@id":"https:\/\/secure.gravatar.com\/avatar\/42749d8b712ff9d59ca93dc150494e5b55a44134482993f5baeb97e61b7ecc89?s=96&d=mm&r=g","url":"https:\/\/secure.gravatar.com\/avatar\/42749d8b712ff9d59ca93dc150494e5b55a44134482993f5baeb97e61b7ecc89?s=96&d=mm&r=g","contentUrl":"https:\/\/secure.gravatar.com\/avatar\/42749d8b712ff9d59ca93dc150494e5b55a44134482993f5baeb97e61b7ecc89?s=96&d=mm&r=g","caption":"Roberto"},"url":"https:\/\/regiaonews.net.br\/2022\/author\/roberto\/"}]}},"publishpress_future_action":{"enabled":false,"date":"2026-05-05 19:06:51","action":"change-status","newStatus":"draft","terms":[],"taxonomy":"category","extraData":[]},"publishpress_future_workflow_manual_trigger":{"enabledWorkflows":[]},"_links":{"self":[{"href":"https:\/\/regiaonews.net.br\/2022\/wp-json\/wp\/v2\/posts\/128106","targetHints":{"allow":["GET"]}}],"collection":[{"href":"https:\/\/regiaonews.net.br\/2022\/wp-json\/wp\/v2\/posts"}],"about":[{"href":"https:\/\/regiaonews.net.br\/2022\/wp-json\/wp\/v2\/types\/post"}],"author":[{"embeddable":true,"href":"https:\/\/regiaonews.net.br\/2022\/wp-json\/wp\/v2\/users\/2"}],"replies":[{"embeddable":true,"href":"https:\/\/regiaonews.net.br\/2022\/wp-json\/wp\/v2\/comments?post=128106"}],"version-history":[{"count":1,"href":"https:\/\/regiaonews.net.br\/2022\/wp-json\/wp\/v2\/posts\/128106\/revisions"}],"predecessor-version":[{"id":128108,"href":"https:\/\/regiaonews.net.br\/2022\/wp-json\/wp\/v2\/posts\/128106\/revisions\/128108"}],"wp:featuredmedia":[{"embeddable":true,"href":"https:\/\/regiaonews.net.br\/2022\/wp-json\/wp\/v2\/media\/128107"}],"wp:attachment":[{"href":"https:\/\/regiaonews.net.br\/2022\/wp-json\/wp\/v2\/media?parent=128106"}],"wp:term":[{"taxonomy":"category","embeddable":true,"href":"https:\/\/regiaonews.net.br\/2022\/wp-json\/wp\/v2\/categories?post=128106"},{"taxonomy":"post_tag","embeddable":true,"href":"https:\/\/regiaonews.net.br\/2022\/wp-json\/wp\/v2\/tags?post=128106"}],"curies":[{"name":"wp","href":"https:\/\/api.w.org\/{rel}","templated":true}]}}