{"id":128100,"date":"2026-04-28T15:53:27","date_gmt":"2026-04-28T18:53:27","guid":{"rendered":"https:\/\/regiaonews.net.br\/2022\/?p=128100"},"modified":"2026-04-28T15:53:27","modified_gmt":"2026-04-28T18:53:27","slug":"desfile-da-cultura-tropeira-valoriza-tradicoes-no-centro-de-barretos","status":"publish","type":"post","link":"https:\/\/regiaonews.net.br\/2022\/2026\/04\/28\/desfile-da-cultura-tropeira-valoriza-tradicoes-no-centro-de-barretos\/","title":{"rendered":"Desfile da Cultura Tropeira valoriza tradi\u00e7\u00f5es no centro de Barretos"},"content":{"rendered":"<p>O evento contou com carros de bois, cavaleiros, fanfarra e representantes de entidades<br \/>\nA cultura tropeira movimentou a regi\u00e3o central de Barretos na manh\u00e3 do \u00faltimo s\u00e1bado, 25 de abril, com a realiza\u00e7\u00e3o do Desfile da Cultura Tropeira. O evento reuniu 10 carros aleg\u00f3ricos que retratam a cultura tropeira, cavaleiros, carros de boi, fanfarra e representantes de entidades.<br \/>\nA concentra\u00e7\u00e3o e a sa\u00edda aconteceram em frente ao Recinto Paulo de Lima Corr\u00eaa, com a participa\u00e7\u00e3o de cavaleiros, carros de boi, atiradores do Tiro de Guerra, integrantes da Secretaria Municipal de Turismo, colaboradores e pacientes do Hospital de Amor, al\u00e9m da fanfarra do munic\u00edpio de Promiss\u00e3o-SP.<br \/>\nO desfile foi realizado pelo Instituto Sociocultural do Hospital de Amor, por meio da Lei de Incentivo \u00e0 Cultura do Minist\u00e9rio da Cultura, com apoio da Prefeitura de Barretos. A programa\u00e7\u00e3o contou com a coordena\u00e7\u00e3o do turism\u00f3logo e locutor Paulo C\u00e9sar Lopes, o Paulinho 1001.<br \/>\nA segunda edi\u00e7\u00e3o do evento destacou tradi\u00e7\u00f5es sertanejas e costumes ligados ao per\u00edodo em que os carros de boi eram importantes meios de transporte no interior do pa\u00eds.<br \/>\nO prefeito Odair Silva participou montado a cavalo, conduzindo a bandeira do munic\u00edpio. Ao lado dele, Renato Junqueira levou a bandeira do Instituto Sociocultural do Hospital de Amor.<br \/>\nEntre os destaques do desfile, um dos carros apresentou a Rainha, a Princesa e a Madrinha do Rodeio Pela Vida, respectivamente Anthonella Mercado Bustillo, Maria Clara Backsmann Gouveia e Ana Luysa, al\u00e9m de representantes de Os Independentes. O Rodeio Pela Vida ser\u00e1 realizado de 3 a 6 de junho de 2026, no Recinto Paulo de Lima Corr\u00eaa.<br \/>\nAp\u00f3s o desfile, a cavalgada seguiu at\u00e9 o Centro de Eventos Dr. Paulo Prata, onde foi realizada a tradicional Queima do Alho.<\/p>\n","protected":false},"excerpt":{"rendered":"<p>O evento contou com carros de bois, cavaleiros, fanfarra e<\/p>\n","protected":false},"author":2,"featured_media":128101,"comment_status":"open","ping_status":"open","sticky":false,"template":"","format":"standard","meta":{"footnotes":""},"categories":[14,25],"tags":[],"class_list":["post-128100","post","type-post","status-publish","format-standard","has-post-thumbnail","hentry","category-barretos","category-cidades"],"yoast_head":"<!-- This site is optimized with the Yoast SEO plugin v27.5 - https:\/\/yoast.com\/product\/yoast-seo-wordpress\/ -->\n<title>Desfile da Cultura Tropeira valoriza tradi\u00e7\u00f5es no centro de Barretos - Regi\u00e3o News<\/title>\n<meta name=\"robots\" content=\"index, follow, max-snippet:-1, max-image-preview:large, max-video-preview:-1\" \/>\n<link rel=\"canonical\" href=\"https:\/\/regiaonews.net.br\/2022\/2026\/04\/28\/desfile-da-cultura-tropeira-valoriza-tradicoes-no-centro-de-barretos\/\" \/>\n<meta property=\"og:locale\" content=\"pt_BR\" \/>\n<meta property=\"og:type\" content=\"article\" \/>\n<meta property=\"og:title\" content=\"Desfile da Cultura Tropeira valoriza tradi\u00e7\u00f5es no centro de Barretos - Regi\u00e3o News\" \/>\n<meta property=\"og:description\" content=\"O evento contou com carros de bois, cavaleiros, fanfarra e\" \/>\n<meta property=\"og:url\" content=\"https:\/\/regiaonews.net.br\/2022\/2026\/04\/28\/desfile-da-cultura-tropeira-valoriza-tradicoes-no-centro-de-barretos\/\" \/>\n<meta property=\"og:site_name\" content=\"Regi\u00e3o News\" \/>\n<meta property=\"article:published_time\" content=\"2026-04-28T18:53:27+00:00\" \/>\n<meta property=\"og:image\" content=\"https:\/\/regiaonews.net.br\/2022\/wp-content\/uploads\/2026\/04\/WhatsApp-Image-2026-04-28-at-10.52.40.jpeg\" \/>\n\t<meta property=\"og:image:width\" content=\"1280\" \/>\n\t<meta property=\"og:image:height\" content=\"720\" \/>\n\t<meta property=\"og:image:type\" content=\"image\/jpeg\" \/>\n<meta name=\"author\" content=\"Roberto\" \/>\n<meta name=\"twitter:card\" content=\"summary_large_image\" \/>\n<meta name=\"twitter:label1\" content=\"Escrito por\" \/>\n\t<meta name=\"twitter:data1\" content=\"Roberto\" \/>\n\t<meta name=\"twitter:label2\" content=\"Est. tempo de leitura\" \/>\n\t<meta name=\"twitter:data2\" content=\"2 minutos\" \/>\n<script type=\"application\/ld+json\" class=\"yoast-schema-graph\">{\"@context\":\"https:\\\/\\\/schema.org\",\"@graph\":[{\"@type\":\"Article\",\"@id\":\"https:\\\/\\\/regiaonews.net.br\\\/2022\\\/2026\\\/04\\\/28\\\/desfile-da-cultura-tropeira-valoriza-tradicoes-no-centro-de-barretos\\\/#article\",\"isPartOf\":{\"@id\":\"https:\\\/\\\/regiaonews.net.br\\\/2022\\\/2026\\\/04\\\/28\\\/desfile-da-cultura-tropeira-valoriza-tradicoes-no-centro-de-barretos\\\/\"},\"author\":{\"name\":\"Roberto\",\"@id\":\"https:\\\/\\\/regiaonews.net.br\\\/2022\\\/#\\\/schema\\\/person\\\/2d205a608a5aa97ac279d7a5e6d89ad8\"},\"headline\":\"Desfile da Cultura Tropeira valoriza tradi\u00e7\u00f5es no centro de Barretos\",\"datePublished\":\"2026-04-28T18:53:27+00:00\",\"mainEntityOfPage\":{\"@id\":\"https:\\\/\\\/regiaonews.net.br\\\/2022\\\/2026\\\/04\\\/28\\\/desfile-da-cultura-tropeira-valoriza-tradicoes-no-centro-de-barretos\\\/\"},\"wordCount\":313,\"commentCount\":0,\"publisher\":{\"@id\":\"https:\\\/\\\/regiaonews.net.br\\\/2022\\\/#organization\"},\"image\":{\"@id\":\"https:\\\/\\\/regiaonews.net.br\\\/2022\\\/2026\\\/04\\\/28\\\/desfile-da-cultura-tropeira-valoriza-tradicoes-no-centro-de-barretos\\\/#primaryimage\"},\"thumbnailUrl\":\"https:\\\/\\\/regiaonews.net.br\\\/2022\\\/wp-content\\\/uploads\\\/2026\\\/04\\\/WhatsApp-Image-2026-04-28-at-10.52.40.jpeg\",\"articleSection\":[\"Barretos\",\"Cidades\"],\"inLanguage\":\"pt-BR\",\"potentialAction\":[{\"@type\":\"CommentAction\",\"name\":\"Comment\",\"target\":[\"https:\\\/\\\/regiaonews.net.br\\\/2022\\\/2026\\\/04\\\/28\\\/desfile-da-cultura-tropeira-valoriza-tradicoes-no-centro-de-barretos\\\/#respond\"]}]},{\"@type\":\"WebPage\",\"@id\":\"https:\\\/\\\/regiaonews.net.br\\\/2022\\\/2026\\\/04\\\/28\\\/desfile-da-cultura-tropeira-valoriza-tradicoes-no-centro-de-barretos\\\/\",\"url\":\"https:\\\/\\\/regiaonews.net.br\\\/2022\\\/2026\\\/04\\\/28\\\/desfile-da-cultura-tropeira-valoriza-tradicoes-no-centro-de-barretos\\\/\",\"name\":\"Desfile da Cultura Tropeira valoriza tradi\u00e7\u00f5es no centro de Barretos - Regi\u00e3o News\",\"isPartOf\":{\"@id\":\"https:\\\/\\\/regiaonews.net.br\\\/2022\\\/#website\"},\"primaryImageOfPage\":{\"@id\":\"https:\\\/\\\/regiaonews.net.br\\\/2022\\\/2026\\\/04\\\/28\\\/desfile-da-cultura-tropeira-valoriza-tradicoes-no-centro-de-barretos\\\/#primaryimage\"},\"image\":{\"@id\":\"https:\\\/\\\/regiaonews.net.br\\\/2022\\\/2026\\\/04\\\/28\\\/desfile-da-cultura-tropeira-valoriza-tradicoes-no-centro-de-barretos\\\/#primaryimage\"},\"thumbnailUrl\":\"https:\\\/\\\/regiaonews.net.br\\\/2022\\\/wp-content\\\/uploads\\\/2026\\\/04\\\/WhatsApp-Image-2026-04-28-at-10.52.40.jpeg\",\"datePublished\":\"2026-04-28T18:53:27+00:00\",\"breadcrumb\":{\"@id\":\"https:\\\/\\\/regiaonews.net.br\\\/2022\\\/2026\\\/04\\\/28\\\/desfile-da-cultura-tropeira-valoriza-tradicoes-no-centro-de-barretos\\\/#breadcrumb\"},\"inLanguage\":\"pt-BR\",\"potentialAction\":[{\"@type\":\"ReadAction\",\"target\":[\"https:\\\/\\\/regiaonews.net.br\\\/2022\\\/2026\\\/04\\\/28\\\/desfile-da-cultura-tropeira-valoriza-tradicoes-no-centro-de-barretos\\\/\"]}]},{\"@type\":\"ImageObject\",\"inLanguage\":\"pt-BR\",\"@id\":\"https:\\\/\\\/regiaonews.net.br\\\/2022\\\/2026\\\/04\\\/28\\\/desfile-da-cultura-tropeira-valoriza-tradicoes-no-centro-de-barretos\\\/#primaryimage\",\"url\":\"https:\\\/\\\/regiaonews.net.br\\\/2022\\\/wp-content\\\/uploads\\\/2026\\\/04\\\/WhatsApp-Image-2026-04-28-at-10.52.40.jpeg\",\"contentUrl\":\"https:\\\/\\\/regiaonews.net.br\\\/2022\\\/wp-content\\\/uploads\\\/2026\\\/04\\\/WhatsApp-Image-2026-04-28-at-10.52.40.jpeg\",\"width\":1280,\"height\":720},{\"@type\":\"BreadcrumbList\",\"@id\":\"https:\\\/\\\/regiaonews.net.br\\\/2022\\\/2026\\\/04\\\/28\\\/desfile-da-cultura-tropeira-valoriza-tradicoes-no-centro-de-barretos\\\/#breadcrumb\",\"itemListElement\":[{\"@type\":\"ListItem\",\"position\":1,\"name\":\"In\u00edcio\",\"item\":\"https:\\\/\\\/regiaonews.net.br\\\/2022\\\/\"},{\"@type\":\"ListItem\",\"position\":2,\"name\":\"Desfile da Cultura Tropeira valoriza tradi\u00e7\u00f5es no centro de Barretos\"}]},{\"@type\":\"WebSite\",\"@id\":\"https:\\\/\\\/regiaonews.net.br\\\/2022\\\/#website\",\"url\":\"https:\\\/\\\/regiaonews.net.br\\\/2022\\\/\",\"name\":\"Regi\u00e3o News\",\"description\":\"Site de Not\u00edcias de Barretos e regi\u00e3o\",\"publisher\":{\"@id\":\"https:\\\/\\\/regiaonews.net.br\\\/2022\\\/#organization\"},\"potentialAction\":[{\"@type\":\"SearchAction\",\"target\":{\"@type\":\"EntryPoint\",\"urlTemplate\":\"https:\\\/\\\/regiaonews.net.br\\\/2022\\\/?s={search_term_string}\"},\"query-input\":{\"@type\":\"PropertyValueSpecification\",\"valueRequired\":true,\"valueName\":\"search_term_string\"}}],\"inLanguage\":\"pt-BR\"},{\"@type\":\"Organization\",\"@id\":\"https:\\\/\\\/regiaonews.net.br\\\/2022\\\/#organization\",\"name\":\"Regi\u00e3o News\",\"url\":\"https:\\\/\\\/regiaonews.net.br\\\/2022\\\/\",\"logo\":{\"@type\":\"ImageObject\",\"inLanguage\":\"pt-BR\",\"@id\":\"https:\\\/\\\/regiaonews.net.br\\\/2022\\\/#\\\/schema\\\/logo\\\/image\\\/\",\"url\":\"https:\\\/\\\/regiaonews.net.br\\\/2022\\\/wp-content\\\/uploads\\\/2026\\\/03\\\/regiao-13-anos-scaled.jpg\",\"contentUrl\":\"https:\\\/\\\/regiaonews.net.br\\\/2022\\\/wp-content\\\/uploads\\\/2026\\\/03\\\/regiao-13-anos-scaled.jpg\",\"width\":2560,\"height\":635,\"caption\":\"Regi\u00e3o News\"},\"image\":{\"@id\":\"https:\\\/\\\/regiaonews.net.br\\\/2022\\\/#\\\/schema\\\/logo\\\/image\\\/\"}},{\"@type\":\"Person\",\"@id\":\"https:\\\/\\\/regiaonews.net.br\\\/2022\\\/#\\\/schema\\\/person\\\/2d205a608a5aa97ac279d7a5e6d89ad8\",\"name\":\"Roberto\",\"image\":{\"@type\":\"ImageObject\",\"inLanguage\":\"pt-BR\",\"@id\":\"https:\\\/\\\/secure.gravatar.com\\\/avatar\\\/42749d8b712ff9d59ca93dc150494e5b55a44134482993f5baeb97e61b7ecc89?s=96&d=mm&r=g\",\"url\":\"https:\\\/\\\/secure.gravatar.com\\\/avatar\\\/42749d8b712ff9d59ca93dc150494e5b55a44134482993f5baeb97e61b7ecc89?s=96&d=mm&r=g\",\"contentUrl\":\"https:\\\/\\\/secure.gravatar.com\\\/avatar\\\/42749d8b712ff9d59ca93dc150494e5b55a44134482993f5baeb97e61b7ecc89?s=96&d=mm&r=g\",\"caption\":\"Roberto\"},\"url\":\"https:\\\/\\\/regiaonews.net.br\\\/2022\\\/author\\\/roberto\\\/\"}]}<\/script>\n<!-- \/ Yoast SEO plugin. -->","yoast_head_json":{"title":"Desfile da Cultura Tropeira valoriza tradi\u00e7\u00f5es no centro de Barretos - Regi\u00e3o News","robots":{"index":"index","follow":"follow","max-snippet":"max-snippet:-1","max-image-preview":"max-image-preview:large","max-video-preview":"max-video-preview:-1"},"canonical":"https:\/\/regiaonews.net.br\/2022\/2026\/04\/28\/desfile-da-cultura-tropeira-valoriza-tradicoes-no-centro-de-barretos\/","og_locale":"pt_BR","og_type":"article","og_title":"Desfile da Cultura Tropeira valoriza tradi\u00e7\u00f5es no centro de Barretos - Regi\u00e3o News","og_description":"O evento contou com carros de bois, cavaleiros, fanfarra e","og_url":"https:\/\/regiaonews.net.br\/2022\/2026\/04\/28\/desfile-da-cultura-tropeira-valoriza-tradicoes-no-centro-de-barretos\/","og_site_name":"Regi\u00e3o News","article_published_time":"2026-04-28T18:53:27+00:00","og_image":[{"width":1280,"height":720,"url":"https:\/\/regiaonews.net.br\/2022\/wp-content\/uploads\/2026\/04\/WhatsApp-Image-2026-04-28-at-10.52.40.jpeg","type":"image\/jpeg"}],"author":"Roberto","twitter_card":"summary_large_image","twitter_misc":{"Escrito por":"Roberto","Est. tempo de leitura":"2 minutos"},"schema":{"@context":"https:\/\/schema.org","@graph":[{"@type":"Article","@id":"https:\/\/regiaonews.net.br\/2022\/2026\/04\/28\/desfile-da-cultura-tropeira-valoriza-tradicoes-no-centro-de-barretos\/#article","isPartOf":{"@id":"https:\/\/regiaonews.net.br\/2022\/2026\/04\/28\/desfile-da-cultura-tropeira-valoriza-tradicoes-no-centro-de-barretos\/"},"author":{"name":"Roberto","@id":"https:\/\/regiaonews.net.br\/2022\/#\/schema\/person\/2d205a608a5aa97ac279d7a5e6d89ad8"},"headline":"Desfile da Cultura Tropeira valoriza tradi\u00e7\u00f5es no centro de Barretos","datePublished":"2026-04-28T18:53:27+00:00","mainEntityOfPage":{"@id":"https:\/\/regiaonews.net.br\/2022\/2026\/04\/28\/desfile-da-cultura-tropeira-valoriza-tradicoes-no-centro-de-barretos\/"},"wordCount":313,"commentCount":0,"publisher":{"@id":"https:\/\/regiaonews.net.br\/2022\/#organization"},"image":{"@id":"https:\/\/regiaonews.net.br\/2022\/2026\/04\/28\/desfile-da-cultura-tropeira-valoriza-tradicoes-no-centro-de-barretos\/#primaryimage"},"thumbnailUrl":"https:\/\/regiaonews.net.br\/2022\/wp-content\/uploads\/2026\/04\/WhatsApp-Image-2026-04-28-at-10.52.40.jpeg","articleSection":["Barretos","Cidades"],"inLanguage":"pt-BR","potentialAction":[{"@type":"CommentAction","name":"Comment","target":["https:\/\/regiaonews.net.br\/2022\/2026\/04\/28\/desfile-da-cultura-tropeira-valoriza-tradicoes-no-centro-de-barretos\/#respond"]}]},{"@type":"WebPage","@id":"https:\/\/regiaonews.net.br\/2022\/2026\/04\/28\/desfile-da-cultura-tropeira-valoriza-tradicoes-no-centro-de-barretos\/","url":"https:\/\/regiaonews.net.br\/2022\/2026\/04\/28\/desfile-da-cultura-tropeira-valoriza-tradicoes-no-centro-de-barretos\/","name":"Desfile da Cultura Tropeira valoriza tradi\u00e7\u00f5es no centro de Barretos - Regi\u00e3o News","isPartOf":{"@id":"https:\/\/regiaonews.net.br\/2022\/#website"},"primaryImageOfPage":{"@id":"https:\/\/regiaonews.net.br\/2022\/2026\/04\/28\/desfile-da-cultura-tropeira-valoriza-tradicoes-no-centro-de-barretos\/#primaryimage"},"image":{"@id":"https:\/\/regiaonews.net.br\/2022\/2026\/04\/28\/desfile-da-cultura-tropeira-valoriza-tradicoes-no-centro-de-barretos\/#primaryimage"},"thumbnailUrl":"https:\/\/regiaonews.net.br\/2022\/wp-content\/uploads\/2026\/04\/WhatsApp-Image-2026-04-28-at-10.52.40.jpeg","datePublished":"2026-04-28T18:53:27+00:00","breadcrumb":{"@id":"https:\/\/regiaonews.net.br\/2022\/2026\/04\/28\/desfile-da-cultura-tropeira-valoriza-tradicoes-no-centro-de-barretos\/#breadcrumb"},"inLanguage":"pt-BR","potentialAction":[{"@type":"ReadAction","target":["https:\/\/regiaonews.net.br\/2022\/2026\/04\/28\/desfile-da-cultura-tropeira-valoriza-tradicoes-no-centro-de-barretos\/"]}]},{"@type":"ImageObject","inLanguage":"pt-BR","@id":"https:\/\/regiaonews.net.br\/2022\/2026\/04\/28\/desfile-da-cultura-tropeira-valoriza-tradicoes-no-centro-de-barretos\/#primaryimage","url":"https:\/\/regiaonews.net.br\/2022\/wp-content\/uploads\/2026\/04\/WhatsApp-Image-2026-04-28-at-10.52.40.jpeg","contentUrl":"https:\/\/regiaonews.net.br\/2022\/wp-content\/uploads\/2026\/04\/WhatsApp-Image-2026-04-28-at-10.52.40.jpeg","width":1280,"height":720},{"@type":"BreadcrumbList","@id":"https:\/\/regiaonews.net.br\/2022\/2026\/04\/28\/desfile-da-cultura-tropeira-valoriza-tradicoes-no-centro-de-barretos\/#breadcrumb","itemListElement":[{"@type":"ListItem","position":1,"name":"In\u00edcio","item":"https:\/\/regiaonews.net.br\/2022\/"},{"@type":"ListItem","position":2,"name":"Desfile da Cultura Tropeira valoriza tradi\u00e7\u00f5es no centro de Barretos"}]},{"@type":"WebSite","@id":"https:\/\/regiaonews.net.br\/2022\/#website","url":"https:\/\/regiaonews.net.br\/2022\/","name":"Regi\u00e3o News","description":"Site de Not\u00edcias de Barretos e regi\u00e3o","publisher":{"@id":"https:\/\/regiaonews.net.br\/2022\/#organization"},"potentialAction":[{"@type":"SearchAction","target":{"@type":"EntryPoint","urlTemplate":"https:\/\/regiaonews.net.br\/2022\/?s={search_term_string}"},"query-input":{"@type":"PropertyValueSpecification","valueRequired":true,"valueName":"search_term_string"}}],"inLanguage":"pt-BR"},{"@type":"Organization","@id":"https:\/\/regiaonews.net.br\/2022\/#organization","name":"Regi\u00e3o News","url":"https:\/\/regiaonews.net.br\/2022\/","logo":{"@type":"ImageObject","inLanguage":"pt-BR","@id":"https:\/\/regiaonews.net.br\/2022\/#\/schema\/logo\/image\/","url":"https:\/\/regiaonews.net.br\/2022\/wp-content\/uploads\/2026\/03\/regiao-13-anos-scaled.jpg","contentUrl":"https:\/\/regiaonews.net.br\/2022\/wp-content\/uploads\/2026\/03\/regiao-13-anos-scaled.jpg","width":2560,"height":635,"caption":"Regi\u00e3o News"},"image":{"@id":"https:\/\/regiaonews.net.br\/2022\/#\/schema\/logo\/image\/"}},{"@type":"Person","@id":"https:\/\/regiaonews.net.br\/2022\/#\/schema\/person\/2d205a608a5aa97ac279d7a5e6d89ad8","name":"Roberto","image":{"@type":"ImageObject","inLanguage":"pt-BR","@id":"https:\/\/secure.gravatar.com\/avatar\/42749d8b712ff9d59ca93dc150494e5b55a44134482993f5baeb97e61b7ecc89?s=96&d=mm&r=g","url":"https:\/\/secure.gravatar.com\/avatar\/42749d8b712ff9d59ca93dc150494e5b55a44134482993f5baeb97e61b7ecc89?s=96&d=mm&r=g","contentUrl":"https:\/\/secure.gravatar.com\/avatar\/42749d8b712ff9d59ca93dc150494e5b55a44134482993f5baeb97e61b7ecc89?s=96&d=mm&r=g","caption":"Roberto"},"url":"https:\/\/regiaonews.net.br\/2022\/author\/roberto\/"}]}},"publishpress_future_action":{"enabled":false,"date":"2026-05-05 19:06:41","action":"change-status","newStatus":"draft","terms":[],"taxonomy":"category","extraData":[]},"publishpress_future_workflow_manual_trigger":{"enabledWorkflows":[]},"_links":{"self":[{"href":"https:\/\/regiaonews.net.br\/2022\/wp-json\/wp\/v2\/posts\/128100","targetHints":{"allow":["GET"]}}],"collection":[{"href":"https:\/\/regiaonews.net.br\/2022\/wp-json\/wp\/v2\/posts"}],"about":[{"href":"https:\/\/regiaonews.net.br\/2022\/wp-json\/wp\/v2\/types\/post"}],"author":[{"embeddable":true,"href":"https:\/\/regiaonews.net.br\/2022\/wp-json\/wp\/v2\/users\/2"}],"replies":[{"embeddable":true,"href":"https:\/\/regiaonews.net.br\/2022\/wp-json\/wp\/v2\/comments?post=128100"}],"version-history":[{"count":1,"href":"https:\/\/regiaonews.net.br\/2022\/wp-json\/wp\/v2\/posts\/128100\/revisions"}],"predecessor-version":[{"id":128102,"href":"https:\/\/regiaonews.net.br\/2022\/wp-json\/wp\/v2\/posts\/128100\/revisions\/128102"}],"wp:featuredmedia":[{"embeddable":true,"href":"https:\/\/regiaonews.net.br\/2022\/wp-json\/wp\/v2\/media\/128101"}],"wp:attachment":[{"href":"https:\/\/regiaonews.net.br\/2022\/wp-json\/wp\/v2\/media?parent=128100"}],"wp:term":[{"taxonomy":"category","embeddable":true,"href":"https:\/\/regiaonews.net.br\/2022\/wp-json\/wp\/v2\/categories?post=128100"},{"taxonomy":"post_tag","embeddable":true,"href":"https:\/\/regiaonews.net.br\/2022\/wp-json\/wp\/v2\/tags?post=128100"}],"curies":[{"name":"wp","href":"https:\/\/api.w.org\/{rel}","templated":true}]}}