{"id":128091,"date":"2026-04-27T20:30:07","date_gmt":"2026-04-27T23:30:07","guid":{"rendered":"https:\/\/regiaonews.net.br\/2022\/?p=128091"},"modified":"2026-04-27T20:30:40","modified_gmt":"2026-04-27T23:30:40","slug":"procurado-por-trafico-de-drogas-e-preso-em-monte-azul","status":"publish","type":"post","link":"https:\/\/regiaonews.net.br\/2022\/2026\/04\/27\/procurado-por-trafico-de-drogas-e-preso-em-monte-azul\/","title":{"rendered":"Procurado por tr\u00e1fico de drogas \u00e9 preso em Monte Azul"},"content":{"rendered":"<p>&nbsp;<\/p>\n<p>A Pol\u00edcia Civil do Estado de S\u00e3o Paulo, por meio da Delegacia do munic\u00edpio de Monte Azul Paulista, informa que foi cumprido, na data de hoje, mandado de pris\u00e3o preventiva em desfavor do investigado C.H.S., no \u00e2mbito de inqu\u00e9rito policial em andamento.<\/p>\n<p>Inicialmente, a equipe policial realizou dilig\u00eancias na \u00faltima segunda-feira, visando \u00e0 localiza\u00e7\u00e3o do investigado, n\u00e3o sendo poss\u00edvel o cumprimento da ordem judicial naquele momento. Contudo, com a continuidade das investiga\u00e7\u00f5es e a colheita de informa\u00e7\u00f5es adicionais, apurou-se que o indiv\u00edduo encontrava-se no munic\u00edpio de Barretos.<\/p>\n<p>Diante dessa nova informa\u00e7\u00e3o, foi solicitado apoio operacional \u00e0 Central de Pol\u00edcia Judici\u00e1ria (CPJ) de Barretos, a qual logrou \u00eaxito no cumprimento do mandado na data de hoje.<\/p>\n<p>&nbsp;<\/p>\n<p>Importante destacar que o investigado j\u00e1 havia sido colocado em liberdade em momento anterior, durante audi\u00eancia de cust\u00f3dia. Entretanto, a Pol\u00edcia Civil prosseguiu com as investiga\u00e7\u00f5es, realizando dilig\u00eancias complementares e reunindo novos elementos probat\u00f3rios.<\/p>\n<p>&nbsp;<\/p>\n<p>As novas provas colhidas evidenciaram o envolvimento do investigado em atividade criminosa, demonstrando sua reitera\u00e7\u00e3o delitiva no tr\u00e1fico de drogas, o que fundamentou a representa\u00e7\u00e3o pela pris\u00e3o preventiva pelo delegado titular, posteriormente deferida pelo Poder Judici\u00e1rio.<\/p>\n<p>&nbsp;<\/p>\n<p>A Pol\u00edcia Civil reafirma seu compromisso com a investiga\u00e7\u00e3o qualificada e a responsabiliza\u00e7\u00e3o de autores de crimes, atuando de forma t\u00e9cnica e persistente na defesa da sociedade.<\/p>\n","protected":false},"excerpt":{"rendered":"<p>&nbsp; A Pol\u00edcia Civil do Estado de S\u00e3o Paulo, por<\/p>\n","protected":false},"author":2,"featured_media":128092,"comment_status":"open","ping_status":"open","sticky":false,"template":"","format":"standard","meta":{"footnotes":""},"categories":[40,23],"tags":[],"class_list":["post-128091","post","type-post","status-publish","format-standard","has-post-thumbnail","hentry","category-monte-azul-paulista","category-policia"],"yoast_head":"<!-- This site is optimized with the Yoast SEO plugin v27.4 - https:\/\/yoast.com\/product\/yoast-seo-wordpress\/ -->\n<title>Procurado por tr\u00e1fico de drogas \u00e9 preso em Monte Azul - Regi\u00e3o News<\/title>\n<meta name=\"robots\" content=\"index, follow, max-snippet:-1, max-image-preview:large, max-video-preview:-1\" \/>\n<link rel=\"canonical\" href=\"https:\/\/regiaonews.net.br\/2022\/2026\/04\/27\/procurado-por-trafico-de-drogas-e-preso-em-monte-azul\/\" \/>\n<meta property=\"og:locale\" content=\"pt_BR\" \/>\n<meta property=\"og:type\" content=\"article\" \/>\n<meta property=\"og:title\" content=\"Procurado por tr\u00e1fico de drogas \u00e9 preso em Monte Azul - Regi\u00e3o News\" \/>\n<meta property=\"og:description\" content=\"&nbsp; A Pol\u00edcia Civil do Estado de S\u00e3o Paulo, por\" \/>\n<meta property=\"og:url\" content=\"https:\/\/regiaonews.net.br\/2022\/2026\/04\/27\/procurado-por-trafico-de-drogas-e-preso-em-monte-azul\/\" \/>\n<meta property=\"og:site_name\" content=\"Regi\u00e3o News\" \/>\n<meta property=\"article:published_time\" content=\"2026-04-27T23:30:07+00:00\" \/>\n<meta property=\"article:modified_time\" content=\"2026-04-27T23:30:40+00:00\" \/>\n<meta property=\"og:image\" content=\"https:\/\/regiaonews.net.br\/2022\/wp-content\/uploads\/2026\/04\/Screenshot_20260427_202605_WhatsApp.jpg\" \/>\n\t<meta property=\"og:image:width\" content=\"1080\" \/>\n\t<meta property=\"og:image:height\" content=\"901\" \/>\n\t<meta property=\"og:image:type\" content=\"image\/jpeg\" \/>\n<meta name=\"author\" content=\"Roberto\" \/>\n<meta name=\"twitter:card\" content=\"summary_large_image\" \/>\n<meta name=\"twitter:label1\" content=\"Escrito por\" \/>\n\t<meta name=\"twitter:data1\" content=\"Roberto\" \/>\n\t<meta name=\"twitter:label2\" content=\"Est. tempo de leitura\" \/>\n\t<meta name=\"twitter:data2\" content=\"2 minutos\" \/>\n<script type=\"application\/ld+json\" class=\"yoast-schema-graph\">{\"@context\":\"https:\\\/\\\/schema.org\",\"@graph\":[{\"@type\":\"Article\",\"@id\":\"https:\\\/\\\/regiaonews.net.br\\\/2022\\\/2026\\\/04\\\/27\\\/procurado-por-trafico-de-drogas-e-preso-em-monte-azul\\\/#article\",\"isPartOf\":{\"@id\":\"https:\\\/\\\/regiaonews.net.br\\\/2022\\\/2026\\\/04\\\/27\\\/procurado-por-trafico-de-drogas-e-preso-em-monte-azul\\\/\"},\"author\":{\"name\":\"Roberto\",\"@id\":\"https:\\\/\\\/regiaonews.net.br\\\/2022\\\/#\\\/schema\\\/person\\\/2d205a608a5aa97ac279d7a5e6d89ad8\"},\"headline\":\"Procurado por tr\u00e1fico de drogas \u00e9 preso em Monte Azul\",\"datePublished\":\"2026-04-27T23:30:07+00:00\",\"dateModified\":\"2026-04-27T23:30:40+00:00\",\"mainEntityOfPage\":{\"@id\":\"https:\\\/\\\/regiaonews.net.br\\\/2022\\\/2026\\\/04\\\/27\\\/procurado-por-trafico-de-drogas-e-preso-em-monte-azul\\\/\"},\"wordCount\":257,\"commentCount\":0,\"publisher\":{\"@id\":\"https:\\\/\\\/regiaonews.net.br\\\/2022\\\/#organization\"},\"image\":{\"@id\":\"https:\\\/\\\/regiaonews.net.br\\\/2022\\\/2026\\\/04\\\/27\\\/procurado-por-trafico-de-drogas-e-preso-em-monte-azul\\\/#primaryimage\"},\"thumbnailUrl\":\"https:\\\/\\\/regiaonews.net.br\\\/2022\\\/wp-content\\\/uploads\\\/2026\\\/04\\\/Screenshot_20260427_202605_WhatsApp.jpg\",\"articleSection\":[\"Monte Azul Paulista\",\"Policia\"],\"inLanguage\":\"pt-BR\",\"potentialAction\":[{\"@type\":\"CommentAction\",\"name\":\"Comment\",\"target\":[\"https:\\\/\\\/regiaonews.net.br\\\/2022\\\/2026\\\/04\\\/27\\\/procurado-por-trafico-de-drogas-e-preso-em-monte-azul\\\/#respond\"]}]},{\"@type\":\"WebPage\",\"@id\":\"https:\\\/\\\/regiaonews.net.br\\\/2022\\\/2026\\\/04\\\/27\\\/procurado-por-trafico-de-drogas-e-preso-em-monte-azul\\\/\",\"url\":\"https:\\\/\\\/regiaonews.net.br\\\/2022\\\/2026\\\/04\\\/27\\\/procurado-por-trafico-de-drogas-e-preso-em-monte-azul\\\/\",\"name\":\"Procurado por tr\u00e1fico de drogas \u00e9 preso em Monte Azul - Regi\u00e3o News\",\"isPartOf\":{\"@id\":\"https:\\\/\\\/regiaonews.net.br\\\/2022\\\/#website\"},\"primaryImageOfPage\":{\"@id\":\"https:\\\/\\\/regiaonews.net.br\\\/2022\\\/2026\\\/04\\\/27\\\/procurado-por-trafico-de-drogas-e-preso-em-monte-azul\\\/#primaryimage\"},\"image\":{\"@id\":\"https:\\\/\\\/regiaonews.net.br\\\/2022\\\/2026\\\/04\\\/27\\\/procurado-por-trafico-de-drogas-e-preso-em-monte-azul\\\/#primaryimage\"},\"thumbnailUrl\":\"https:\\\/\\\/regiaonews.net.br\\\/2022\\\/wp-content\\\/uploads\\\/2026\\\/04\\\/Screenshot_20260427_202605_WhatsApp.jpg\",\"datePublished\":\"2026-04-27T23:30:07+00:00\",\"dateModified\":\"2026-04-27T23:30:40+00:00\",\"breadcrumb\":{\"@id\":\"https:\\\/\\\/regiaonews.net.br\\\/2022\\\/2026\\\/04\\\/27\\\/procurado-por-trafico-de-drogas-e-preso-em-monte-azul\\\/#breadcrumb\"},\"inLanguage\":\"pt-BR\",\"potentialAction\":[{\"@type\":\"ReadAction\",\"target\":[\"https:\\\/\\\/regiaonews.net.br\\\/2022\\\/2026\\\/04\\\/27\\\/procurado-por-trafico-de-drogas-e-preso-em-monte-azul\\\/\"]}]},{\"@type\":\"ImageObject\",\"inLanguage\":\"pt-BR\",\"@id\":\"https:\\\/\\\/regiaonews.net.br\\\/2022\\\/2026\\\/04\\\/27\\\/procurado-por-trafico-de-drogas-e-preso-em-monte-azul\\\/#primaryimage\",\"url\":\"https:\\\/\\\/regiaonews.net.br\\\/2022\\\/wp-content\\\/uploads\\\/2026\\\/04\\\/Screenshot_20260427_202605_WhatsApp.jpg\",\"contentUrl\":\"https:\\\/\\\/regiaonews.net.br\\\/2022\\\/wp-content\\\/uploads\\\/2026\\\/04\\\/Screenshot_20260427_202605_WhatsApp.jpg\",\"width\":1080,\"height\":901},{\"@type\":\"BreadcrumbList\",\"@id\":\"https:\\\/\\\/regiaonews.net.br\\\/2022\\\/2026\\\/04\\\/27\\\/procurado-por-trafico-de-drogas-e-preso-em-monte-azul\\\/#breadcrumb\",\"itemListElement\":[{\"@type\":\"ListItem\",\"position\":1,\"name\":\"In\u00edcio\",\"item\":\"https:\\\/\\\/regiaonews.net.br\\\/2022\\\/\"},{\"@type\":\"ListItem\",\"position\":2,\"name\":\"Procurado por tr\u00e1fico de drogas \u00e9 preso em Monte Azul\"}]},{\"@type\":\"WebSite\",\"@id\":\"https:\\\/\\\/regiaonews.net.br\\\/2022\\\/#website\",\"url\":\"https:\\\/\\\/regiaonews.net.br\\\/2022\\\/\",\"name\":\"Regi\u00e3o News\",\"description\":\"Site de Not\u00edcias de Barretos e regi\u00e3o\",\"publisher\":{\"@id\":\"https:\\\/\\\/regiaonews.net.br\\\/2022\\\/#organization\"},\"potentialAction\":[{\"@type\":\"SearchAction\",\"target\":{\"@type\":\"EntryPoint\",\"urlTemplate\":\"https:\\\/\\\/regiaonews.net.br\\\/2022\\\/?s={search_term_string}\"},\"query-input\":{\"@type\":\"PropertyValueSpecification\",\"valueRequired\":true,\"valueName\":\"search_term_string\"}}],\"inLanguage\":\"pt-BR\"},{\"@type\":\"Organization\",\"@id\":\"https:\\\/\\\/regiaonews.net.br\\\/2022\\\/#organization\",\"name\":\"Regi\u00e3o News\",\"url\":\"https:\\\/\\\/regiaonews.net.br\\\/2022\\\/\",\"logo\":{\"@type\":\"ImageObject\",\"inLanguage\":\"pt-BR\",\"@id\":\"https:\\\/\\\/regiaonews.net.br\\\/2022\\\/#\\\/schema\\\/logo\\\/image\\\/\",\"url\":\"https:\\\/\\\/regiaonews.net.br\\\/2022\\\/wp-content\\\/uploads\\\/2026\\\/03\\\/regiao-13-anos-scaled.jpg\",\"contentUrl\":\"https:\\\/\\\/regiaonews.net.br\\\/2022\\\/wp-content\\\/uploads\\\/2026\\\/03\\\/regiao-13-anos-scaled.jpg\",\"width\":2560,\"height\":635,\"caption\":\"Regi\u00e3o News\"},\"image\":{\"@id\":\"https:\\\/\\\/regiaonews.net.br\\\/2022\\\/#\\\/schema\\\/logo\\\/image\\\/\"}},{\"@type\":\"Person\",\"@id\":\"https:\\\/\\\/regiaonews.net.br\\\/2022\\\/#\\\/schema\\\/person\\\/2d205a608a5aa97ac279d7a5e6d89ad8\",\"name\":\"Roberto\",\"image\":{\"@type\":\"ImageObject\",\"inLanguage\":\"pt-BR\",\"@id\":\"https:\\\/\\\/secure.gravatar.com\\\/avatar\\\/42749d8b712ff9d59ca93dc150494e5b55a44134482993f5baeb97e61b7ecc89?s=96&d=mm&r=g\",\"url\":\"https:\\\/\\\/secure.gravatar.com\\\/avatar\\\/42749d8b712ff9d59ca93dc150494e5b55a44134482993f5baeb97e61b7ecc89?s=96&d=mm&r=g\",\"contentUrl\":\"https:\\\/\\\/secure.gravatar.com\\\/avatar\\\/42749d8b712ff9d59ca93dc150494e5b55a44134482993f5baeb97e61b7ecc89?s=96&d=mm&r=g\",\"caption\":\"Roberto\"},\"url\":\"https:\\\/\\\/regiaonews.net.br\\\/2022\\\/author\\\/roberto\\\/\"}]}<\/script>\n<!-- \/ Yoast SEO plugin. -->","yoast_head_json":{"title":"Procurado por tr\u00e1fico de drogas \u00e9 preso em Monte Azul - Regi\u00e3o News","robots":{"index":"index","follow":"follow","max-snippet":"max-snippet:-1","max-image-preview":"max-image-preview:large","max-video-preview":"max-video-preview:-1"},"canonical":"https:\/\/regiaonews.net.br\/2022\/2026\/04\/27\/procurado-por-trafico-de-drogas-e-preso-em-monte-azul\/","og_locale":"pt_BR","og_type":"article","og_title":"Procurado por tr\u00e1fico de drogas \u00e9 preso em Monte Azul - Regi\u00e3o News","og_description":"&nbsp; A Pol\u00edcia Civil do Estado de S\u00e3o Paulo, por","og_url":"https:\/\/regiaonews.net.br\/2022\/2026\/04\/27\/procurado-por-trafico-de-drogas-e-preso-em-monte-azul\/","og_site_name":"Regi\u00e3o News","article_published_time":"2026-04-27T23:30:07+00:00","article_modified_time":"2026-04-27T23:30:40+00:00","og_image":[{"width":1080,"height":901,"url":"https:\/\/regiaonews.net.br\/2022\/wp-content\/uploads\/2026\/04\/Screenshot_20260427_202605_WhatsApp.jpg","type":"image\/jpeg"}],"author":"Roberto","twitter_card":"summary_large_image","twitter_misc":{"Escrito por":"Roberto","Est. tempo de leitura":"2 minutos"},"schema":{"@context":"https:\/\/schema.org","@graph":[{"@type":"Article","@id":"https:\/\/regiaonews.net.br\/2022\/2026\/04\/27\/procurado-por-trafico-de-drogas-e-preso-em-monte-azul\/#article","isPartOf":{"@id":"https:\/\/regiaonews.net.br\/2022\/2026\/04\/27\/procurado-por-trafico-de-drogas-e-preso-em-monte-azul\/"},"author":{"name":"Roberto","@id":"https:\/\/regiaonews.net.br\/2022\/#\/schema\/person\/2d205a608a5aa97ac279d7a5e6d89ad8"},"headline":"Procurado por tr\u00e1fico de drogas \u00e9 preso em Monte Azul","datePublished":"2026-04-27T23:30:07+00:00","dateModified":"2026-04-27T23:30:40+00:00","mainEntityOfPage":{"@id":"https:\/\/regiaonews.net.br\/2022\/2026\/04\/27\/procurado-por-trafico-de-drogas-e-preso-em-monte-azul\/"},"wordCount":257,"commentCount":0,"publisher":{"@id":"https:\/\/regiaonews.net.br\/2022\/#organization"},"image":{"@id":"https:\/\/regiaonews.net.br\/2022\/2026\/04\/27\/procurado-por-trafico-de-drogas-e-preso-em-monte-azul\/#primaryimage"},"thumbnailUrl":"https:\/\/regiaonews.net.br\/2022\/wp-content\/uploads\/2026\/04\/Screenshot_20260427_202605_WhatsApp.jpg","articleSection":["Monte Azul Paulista","Policia"],"inLanguage":"pt-BR","potentialAction":[{"@type":"CommentAction","name":"Comment","target":["https:\/\/regiaonews.net.br\/2022\/2026\/04\/27\/procurado-por-trafico-de-drogas-e-preso-em-monte-azul\/#respond"]}]},{"@type":"WebPage","@id":"https:\/\/regiaonews.net.br\/2022\/2026\/04\/27\/procurado-por-trafico-de-drogas-e-preso-em-monte-azul\/","url":"https:\/\/regiaonews.net.br\/2022\/2026\/04\/27\/procurado-por-trafico-de-drogas-e-preso-em-monte-azul\/","name":"Procurado por tr\u00e1fico de drogas \u00e9 preso em Monte Azul - Regi\u00e3o News","isPartOf":{"@id":"https:\/\/regiaonews.net.br\/2022\/#website"},"primaryImageOfPage":{"@id":"https:\/\/regiaonews.net.br\/2022\/2026\/04\/27\/procurado-por-trafico-de-drogas-e-preso-em-monte-azul\/#primaryimage"},"image":{"@id":"https:\/\/regiaonews.net.br\/2022\/2026\/04\/27\/procurado-por-trafico-de-drogas-e-preso-em-monte-azul\/#primaryimage"},"thumbnailUrl":"https:\/\/regiaonews.net.br\/2022\/wp-content\/uploads\/2026\/04\/Screenshot_20260427_202605_WhatsApp.jpg","datePublished":"2026-04-27T23:30:07+00:00","dateModified":"2026-04-27T23:30:40+00:00","breadcrumb":{"@id":"https:\/\/regiaonews.net.br\/2022\/2026\/04\/27\/procurado-por-trafico-de-drogas-e-preso-em-monte-azul\/#breadcrumb"},"inLanguage":"pt-BR","potentialAction":[{"@type":"ReadAction","target":["https:\/\/regiaonews.net.br\/2022\/2026\/04\/27\/procurado-por-trafico-de-drogas-e-preso-em-monte-azul\/"]}]},{"@type":"ImageObject","inLanguage":"pt-BR","@id":"https:\/\/regiaonews.net.br\/2022\/2026\/04\/27\/procurado-por-trafico-de-drogas-e-preso-em-monte-azul\/#primaryimage","url":"https:\/\/regiaonews.net.br\/2022\/wp-content\/uploads\/2026\/04\/Screenshot_20260427_202605_WhatsApp.jpg","contentUrl":"https:\/\/regiaonews.net.br\/2022\/wp-content\/uploads\/2026\/04\/Screenshot_20260427_202605_WhatsApp.jpg","width":1080,"height":901},{"@type":"BreadcrumbList","@id":"https:\/\/regiaonews.net.br\/2022\/2026\/04\/27\/procurado-por-trafico-de-drogas-e-preso-em-monte-azul\/#breadcrumb","itemListElement":[{"@type":"ListItem","position":1,"name":"In\u00edcio","item":"https:\/\/regiaonews.net.br\/2022\/"},{"@type":"ListItem","position":2,"name":"Procurado por tr\u00e1fico de drogas \u00e9 preso em Monte Azul"}]},{"@type":"WebSite","@id":"https:\/\/regiaonews.net.br\/2022\/#website","url":"https:\/\/regiaonews.net.br\/2022\/","name":"Regi\u00e3o News","description":"Site de Not\u00edcias de Barretos e regi\u00e3o","publisher":{"@id":"https:\/\/regiaonews.net.br\/2022\/#organization"},"potentialAction":[{"@type":"SearchAction","target":{"@type":"EntryPoint","urlTemplate":"https:\/\/regiaonews.net.br\/2022\/?s={search_term_string}"},"query-input":{"@type":"PropertyValueSpecification","valueRequired":true,"valueName":"search_term_string"}}],"inLanguage":"pt-BR"},{"@type":"Organization","@id":"https:\/\/regiaonews.net.br\/2022\/#organization","name":"Regi\u00e3o News","url":"https:\/\/regiaonews.net.br\/2022\/","logo":{"@type":"ImageObject","inLanguage":"pt-BR","@id":"https:\/\/regiaonews.net.br\/2022\/#\/schema\/logo\/image\/","url":"https:\/\/regiaonews.net.br\/2022\/wp-content\/uploads\/2026\/03\/regiao-13-anos-scaled.jpg","contentUrl":"https:\/\/regiaonews.net.br\/2022\/wp-content\/uploads\/2026\/03\/regiao-13-anos-scaled.jpg","width":2560,"height":635,"caption":"Regi\u00e3o News"},"image":{"@id":"https:\/\/regiaonews.net.br\/2022\/#\/schema\/logo\/image\/"}},{"@type":"Person","@id":"https:\/\/regiaonews.net.br\/2022\/#\/schema\/person\/2d205a608a5aa97ac279d7a5e6d89ad8","name":"Roberto","image":{"@type":"ImageObject","inLanguage":"pt-BR","@id":"https:\/\/secure.gravatar.com\/avatar\/42749d8b712ff9d59ca93dc150494e5b55a44134482993f5baeb97e61b7ecc89?s=96&d=mm&r=g","url":"https:\/\/secure.gravatar.com\/avatar\/42749d8b712ff9d59ca93dc150494e5b55a44134482993f5baeb97e61b7ecc89?s=96&d=mm&r=g","contentUrl":"https:\/\/secure.gravatar.com\/avatar\/42749d8b712ff9d59ca93dc150494e5b55a44134482993f5baeb97e61b7ecc89?s=96&d=mm&r=g","caption":"Roberto"},"url":"https:\/\/regiaonews.net.br\/2022\/author\/roberto\/"}]}},"publishpress_future_action":{"enabled":false,"date":"2026-05-04 23:30:30","action":"change-status","newStatus":"draft","terms":[],"taxonomy":"category","extraData":[]},"publishpress_future_workflow_manual_trigger":{"enabledWorkflows":[]},"_links":{"self":[{"href":"https:\/\/regiaonews.net.br\/2022\/wp-json\/wp\/v2\/posts\/128091","targetHints":{"allow":["GET"]}}],"collection":[{"href":"https:\/\/regiaonews.net.br\/2022\/wp-json\/wp\/v2\/posts"}],"about":[{"href":"https:\/\/regiaonews.net.br\/2022\/wp-json\/wp\/v2\/types\/post"}],"author":[{"embeddable":true,"href":"https:\/\/regiaonews.net.br\/2022\/wp-json\/wp\/v2\/users\/2"}],"replies":[{"embeddable":true,"href":"https:\/\/regiaonews.net.br\/2022\/wp-json\/wp\/v2\/comments?post=128091"}],"version-history":[{"count":1,"href":"https:\/\/regiaonews.net.br\/2022\/wp-json\/wp\/v2\/posts\/128091\/revisions"}],"predecessor-version":[{"id":128093,"href":"https:\/\/regiaonews.net.br\/2022\/wp-json\/wp\/v2\/posts\/128091\/revisions\/128093"}],"wp:featuredmedia":[{"embeddable":true,"href":"https:\/\/regiaonews.net.br\/2022\/wp-json\/wp\/v2\/media\/128092"}],"wp:attachment":[{"href":"https:\/\/regiaonews.net.br\/2022\/wp-json\/wp\/v2\/media?parent=128091"}],"wp:term":[{"taxonomy":"category","embeddable":true,"href":"https:\/\/regiaonews.net.br\/2022\/wp-json\/wp\/v2\/categories?post=128091"},{"taxonomy":"post_tag","embeddable":true,"href":"https:\/\/regiaonews.net.br\/2022\/wp-json\/wp\/v2\/tags?post=128091"}],"curies":[{"name":"wp","href":"https:\/\/api.w.org\/{rel}","templated":true}]}}