{"id":128088,"date":"2026-04-27T19:50:45","date_gmt":"2026-04-27T22:50:45","guid":{"rendered":"https:\/\/regiaonews.net.br\/2022\/?p=128088"},"modified":"2026-04-27T20:37:56","modified_gmt":"2026-04-27T23:37:56","slug":"populacao-e-autoridades-participam-de-ato-de-repudio-contra-o-feminicidio","status":"publish","type":"post","link":"https:\/\/regiaonews.net.br\/2022\/2026\/04\/27\/populacao-e-autoridades-participam-de-ato-de-repudio-contra-o-feminicidio\/","title":{"rendered":"Popula\u00e7\u00e3o e autoridades participam de ato de rep\u00fadio contra o feminic\u00eddio"},"content":{"rendered":"<p>&nbsp;<\/p>\n<p>A popula\u00e7\u00e3o barretense e autoridades do setor policial, dos poderes p\u00fablicos, Ordem dos Adogados do Brasil estiveram no ato contra o feminic\u00eddio, ap\u00f3s a morte da barretense Deise Batista, 33 anos, neste m\u00eas de abril. O vereador Itamar Alves, destacou que participou do ato na Pra\u00e7a Primavera ao lado da popula\u00e7\u00e3o. &#8220;Unidos por uma causa que n\u00e3o pode mais ser ignorada: o combate \u00e0 viol\u00eancia contra a mulher. Os n\u00fameros s\u00e3o alarmantes. Somente nos tr\u00eas primeiros meses deste ano, foram concedidas 173 medidas protetivas em Barretos. Uma realidade dura, que precisa ser enfrentada com seriedade e urg\u00eancia&#8221;, afirmou.<\/p>\n<p>De acordo com ele, essa dor se torna ainda mais profunda diante da trag\u00e9dia recente que chocou nossa cidade, um crime brutal que nos lembra o quanto ainda precisamos avan\u00e7ar. &#8220;Esse momento vai al\u00e9m de um ato simb\u00f3lico. \u00c9 um chamado \u00e0 consci\u00eancia de toda a sociedade.<\/p>\n<p>Feminic\u00eddio n\u00e3o \u00e9 um crime passional \u2014 \u00e9 consequ\u00eancia da viol\u00eancia de g\u00eanero, do machismo e da desigualdade que ainda persistem. A luta \u00e9 por respeito, prote\u00e7\u00e3o e, acima de tudo, pela vida das mulheres. E para que esse momento t\u00e3o importante fique registrado, compartilhamos essas imagens, para que todos possam refletir e manter viva essa mensagem&#8221;, afirmou Itamar.<\/p>\n<p><a href=\"https:\/\/regiaonews.net.br\/2022\/wp-content\/uploads\/2026\/04\/IMG-20260427-WA0655.jpg\"><img loading=\"lazy\" decoding=\"async\" class=\"alignnone size-medium wp-image-128096\" src=\"https:\/\/regiaonews.net.br\/2022\/wp-content\/uploads\/2026\/04\/IMG-20260427-WA0655-300x197.jpg\" alt=\"\" width=\"300\" height=\"197\" srcset=\"https:\/\/regiaonews.net.br\/2022\/wp-content\/uploads\/2026\/04\/IMG-20260427-WA0655-300x197.jpg 300w, https:\/\/regiaonews.net.br\/2022\/wp-content\/uploads\/2026\/04\/IMG-20260427-WA0655-1024x672.jpg 1024w, https:\/\/regiaonews.net.br\/2022\/wp-content\/uploads\/2026\/04\/IMG-20260427-WA0655-768x504.jpg 768w, https:\/\/regiaonews.net.br\/2022\/wp-content\/uploads\/2026\/04\/IMG-20260427-WA0655-250x164.jpg 250w, https:\/\/regiaonews.net.br\/2022\/wp-content\/uploads\/2026\/04\/IMG-20260427-WA0655.jpg 1280w\" sizes=\"auto, (max-width: 300px) 100vw, 300px\" \/><\/a> <a href=\"https:\/\/regiaonews.net.br\/2022\/wp-content\/uploads\/2026\/04\/IMG-20260427-WA0653.jpg\"><img loading=\"lazy\" decoding=\"async\" class=\"alignnone size-medium wp-image-128097\" src=\"https:\/\/regiaonews.net.br\/2022\/wp-content\/uploads\/2026\/04\/IMG-20260427-WA0653-300x199.jpg\" alt=\"\" width=\"300\" height=\"199\" srcset=\"https:\/\/regiaonews.net.br\/2022\/wp-content\/uploads\/2026\/04\/IMG-20260427-WA0653-300x199.jpg 300w, https:\/\/regiaonews.net.br\/2022\/wp-content\/uploads\/2026\/04\/IMG-20260427-WA0653-1024x681.jpg 1024w, https:\/\/regiaonews.net.br\/2022\/wp-content\/uploads\/2026\/04\/IMG-20260427-WA0653-768x511.jpg 768w, https:\/\/regiaonews.net.br\/2022\/wp-content\/uploads\/2026\/04\/IMG-20260427-WA0653-250x166.jpg 250w, https:\/\/regiaonews.net.br\/2022\/wp-content\/uploads\/2026\/04\/IMG-20260427-WA0653-900x600.jpg 900w, https:\/\/regiaonews.net.br\/2022\/wp-content\/uploads\/2026\/04\/IMG-20260427-WA0653.jpg 1280w\" sizes=\"auto, (max-width: 300px) 100vw, 300px\" \/><\/a><\/p>\n<p>Fotos &#8211; Vinicius Borges<\/p>\n","protected":false},"excerpt":{"rendered":"<p>&nbsp; A popula\u00e7\u00e3o barretense e autoridades do setor policial, dos<\/p>\n","protected":false},"author":2,"featured_media":128089,"comment_status":"open","ping_status":"open","sticky":false,"template":"","format":"standard","meta":{"footnotes":""},"categories":[14,25],"tags":[],"class_list":["post-128088","post","type-post","status-publish","format-standard","has-post-thumbnail","hentry","category-barretos","category-cidades"],"yoast_head":"<!-- This site is optimized with the Yoast SEO plugin v27.4 - https:\/\/yoast.com\/product\/yoast-seo-wordpress\/ -->\n<title>Popula\u00e7\u00e3o e autoridades participam de ato de rep\u00fadio contra o feminic\u00eddio - Regi\u00e3o News<\/title>\n<meta name=\"robots\" content=\"index, follow, max-snippet:-1, max-image-preview:large, max-video-preview:-1\" \/>\n<link rel=\"canonical\" href=\"https:\/\/regiaonews.net.br\/2022\/2026\/04\/27\/populacao-e-autoridades-participam-de-ato-de-repudio-contra-o-feminicidio\/\" \/>\n<meta property=\"og:locale\" content=\"pt_BR\" \/>\n<meta property=\"og:type\" content=\"article\" \/>\n<meta property=\"og:title\" content=\"Popula\u00e7\u00e3o e autoridades participam de ato de rep\u00fadio contra o feminic\u00eddio - Regi\u00e3o News\" \/>\n<meta property=\"og:description\" content=\"&nbsp; A popula\u00e7\u00e3o barretense e autoridades do setor policial, dos\" \/>\n<meta property=\"og:url\" content=\"https:\/\/regiaonews.net.br\/2022\/2026\/04\/27\/populacao-e-autoridades-participam-de-ato-de-repudio-contra-o-feminicidio\/\" \/>\n<meta property=\"og:site_name\" content=\"Regi\u00e3o News\" \/>\n<meta property=\"article:published_time\" content=\"2026-04-27T22:50:45+00:00\" \/>\n<meta property=\"article:modified_time\" content=\"2026-04-27T23:37:56+00:00\" \/>\n<meta property=\"og:image\" content=\"https:\/\/regiaonews.net.br\/2022\/wp-content\/uploads\/2026\/04\/WhatsApp-Image-2026-04-27-at-16.26.36.jpeg\" \/>\n\t<meta property=\"og:image:width\" content=\"1280\" \/>\n\t<meta property=\"og:image:height\" content=\"853\" \/>\n\t<meta property=\"og:image:type\" content=\"image\/jpeg\" \/>\n<meta name=\"author\" content=\"Roberto\" \/>\n<meta name=\"twitter:card\" content=\"summary_large_image\" \/>\n<meta name=\"twitter:label1\" content=\"Escrito por\" \/>\n\t<meta name=\"twitter:data1\" content=\"Roberto\" \/>\n\t<meta name=\"twitter:label2\" content=\"Est. tempo de leitura\" \/>\n\t<meta name=\"twitter:data2\" content=\"2 minutos\" \/>\n<script type=\"application\/ld+json\" class=\"yoast-schema-graph\">{\"@context\":\"https:\\\/\\\/schema.org\",\"@graph\":[{\"@type\":\"Article\",\"@id\":\"https:\\\/\\\/regiaonews.net.br\\\/2022\\\/2026\\\/04\\\/27\\\/populacao-e-autoridades-participam-de-ato-de-repudio-contra-o-feminicidio\\\/#article\",\"isPartOf\":{\"@id\":\"https:\\\/\\\/regiaonews.net.br\\\/2022\\\/2026\\\/04\\\/27\\\/populacao-e-autoridades-participam-de-ato-de-repudio-contra-o-feminicidio\\\/\"},\"author\":{\"name\":\"Roberto\",\"@id\":\"https:\\\/\\\/regiaonews.net.br\\\/2022\\\/#\\\/schema\\\/person\\\/2d205a608a5aa97ac279d7a5e6d89ad8\"},\"headline\":\"Popula\u00e7\u00e3o e autoridades participam de ato de rep\u00fadio contra o feminic\u00eddio\",\"datePublished\":\"2026-04-27T22:50:45+00:00\",\"dateModified\":\"2026-04-27T23:37:56+00:00\",\"mainEntityOfPage\":{\"@id\":\"https:\\\/\\\/regiaonews.net.br\\\/2022\\\/2026\\\/04\\\/27\\\/populacao-e-autoridades-participam-de-ato-de-repudio-contra-o-feminicidio\\\/\"},\"wordCount\":239,\"commentCount\":0,\"publisher\":{\"@id\":\"https:\\\/\\\/regiaonews.net.br\\\/2022\\\/#organization\"},\"image\":{\"@id\":\"https:\\\/\\\/regiaonews.net.br\\\/2022\\\/2026\\\/04\\\/27\\\/populacao-e-autoridades-participam-de-ato-de-repudio-contra-o-feminicidio\\\/#primaryimage\"},\"thumbnailUrl\":\"https:\\\/\\\/regiaonews.net.br\\\/2022\\\/wp-content\\\/uploads\\\/2026\\\/04\\\/WhatsApp-Image-2026-04-27-at-16.26.36.jpeg\",\"articleSection\":[\"Barretos\",\"Cidades\"],\"inLanguage\":\"pt-BR\",\"potentialAction\":[{\"@type\":\"CommentAction\",\"name\":\"Comment\",\"target\":[\"https:\\\/\\\/regiaonews.net.br\\\/2022\\\/2026\\\/04\\\/27\\\/populacao-e-autoridades-participam-de-ato-de-repudio-contra-o-feminicidio\\\/#respond\"]}]},{\"@type\":\"WebPage\",\"@id\":\"https:\\\/\\\/regiaonews.net.br\\\/2022\\\/2026\\\/04\\\/27\\\/populacao-e-autoridades-participam-de-ato-de-repudio-contra-o-feminicidio\\\/\",\"url\":\"https:\\\/\\\/regiaonews.net.br\\\/2022\\\/2026\\\/04\\\/27\\\/populacao-e-autoridades-participam-de-ato-de-repudio-contra-o-feminicidio\\\/\",\"name\":\"Popula\u00e7\u00e3o e autoridades participam de ato de rep\u00fadio contra o feminic\u00eddio - Regi\u00e3o News\",\"isPartOf\":{\"@id\":\"https:\\\/\\\/regiaonews.net.br\\\/2022\\\/#website\"},\"primaryImageOfPage\":{\"@id\":\"https:\\\/\\\/regiaonews.net.br\\\/2022\\\/2026\\\/04\\\/27\\\/populacao-e-autoridades-participam-de-ato-de-repudio-contra-o-feminicidio\\\/#primaryimage\"},\"image\":{\"@id\":\"https:\\\/\\\/regiaonews.net.br\\\/2022\\\/2026\\\/04\\\/27\\\/populacao-e-autoridades-participam-de-ato-de-repudio-contra-o-feminicidio\\\/#primaryimage\"},\"thumbnailUrl\":\"https:\\\/\\\/regiaonews.net.br\\\/2022\\\/wp-content\\\/uploads\\\/2026\\\/04\\\/WhatsApp-Image-2026-04-27-at-16.26.36.jpeg\",\"datePublished\":\"2026-04-27T22:50:45+00:00\",\"dateModified\":\"2026-04-27T23:37:56+00:00\",\"breadcrumb\":{\"@id\":\"https:\\\/\\\/regiaonews.net.br\\\/2022\\\/2026\\\/04\\\/27\\\/populacao-e-autoridades-participam-de-ato-de-repudio-contra-o-feminicidio\\\/#breadcrumb\"},\"inLanguage\":\"pt-BR\",\"potentialAction\":[{\"@type\":\"ReadAction\",\"target\":[\"https:\\\/\\\/regiaonews.net.br\\\/2022\\\/2026\\\/04\\\/27\\\/populacao-e-autoridades-participam-de-ato-de-repudio-contra-o-feminicidio\\\/\"]}]},{\"@type\":\"ImageObject\",\"inLanguage\":\"pt-BR\",\"@id\":\"https:\\\/\\\/regiaonews.net.br\\\/2022\\\/2026\\\/04\\\/27\\\/populacao-e-autoridades-participam-de-ato-de-repudio-contra-o-feminicidio\\\/#primaryimage\",\"url\":\"https:\\\/\\\/regiaonews.net.br\\\/2022\\\/wp-content\\\/uploads\\\/2026\\\/04\\\/WhatsApp-Image-2026-04-27-at-16.26.36.jpeg\",\"contentUrl\":\"https:\\\/\\\/regiaonews.net.br\\\/2022\\\/wp-content\\\/uploads\\\/2026\\\/04\\\/WhatsApp-Image-2026-04-27-at-16.26.36.jpeg\",\"width\":1280,\"height\":853},{\"@type\":\"BreadcrumbList\",\"@id\":\"https:\\\/\\\/regiaonews.net.br\\\/2022\\\/2026\\\/04\\\/27\\\/populacao-e-autoridades-participam-de-ato-de-repudio-contra-o-feminicidio\\\/#breadcrumb\",\"itemListElement\":[{\"@type\":\"ListItem\",\"position\":1,\"name\":\"In\u00edcio\",\"item\":\"https:\\\/\\\/regiaonews.net.br\\\/2022\\\/\"},{\"@type\":\"ListItem\",\"position\":2,\"name\":\"Popula\u00e7\u00e3o e autoridades participam de ato de rep\u00fadio contra o feminic\u00eddio\"}]},{\"@type\":\"WebSite\",\"@id\":\"https:\\\/\\\/regiaonews.net.br\\\/2022\\\/#website\",\"url\":\"https:\\\/\\\/regiaonews.net.br\\\/2022\\\/\",\"name\":\"Regi\u00e3o News\",\"description\":\"Site de Not\u00edcias de Barretos e regi\u00e3o\",\"publisher\":{\"@id\":\"https:\\\/\\\/regiaonews.net.br\\\/2022\\\/#organization\"},\"potentialAction\":[{\"@type\":\"SearchAction\",\"target\":{\"@type\":\"EntryPoint\",\"urlTemplate\":\"https:\\\/\\\/regiaonews.net.br\\\/2022\\\/?s={search_term_string}\"},\"query-input\":{\"@type\":\"PropertyValueSpecification\",\"valueRequired\":true,\"valueName\":\"search_term_string\"}}],\"inLanguage\":\"pt-BR\"},{\"@type\":\"Organization\",\"@id\":\"https:\\\/\\\/regiaonews.net.br\\\/2022\\\/#organization\",\"name\":\"Regi\u00e3o News\",\"url\":\"https:\\\/\\\/regiaonews.net.br\\\/2022\\\/\",\"logo\":{\"@type\":\"ImageObject\",\"inLanguage\":\"pt-BR\",\"@id\":\"https:\\\/\\\/regiaonews.net.br\\\/2022\\\/#\\\/schema\\\/logo\\\/image\\\/\",\"url\":\"https:\\\/\\\/regiaonews.net.br\\\/2022\\\/wp-content\\\/uploads\\\/2026\\\/03\\\/regiao-13-anos-scaled.jpg\",\"contentUrl\":\"https:\\\/\\\/regiaonews.net.br\\\/2022\\\/wp-content\\\/uploads\\\/2026\\\/03\\\/regiao-13-anos-scaled.jpg\",\"width\":2560,\"height\":635,\"caption\":\"Regi\u00e3o News\"},\"image\":{\"@id\":\"https:\\\/\\\/regiaonews.net.br\\\/2022\\\/#\\\/schema\\\/logo\\\/image\\\/\"}},{\"@type\":\"Person\",\"@id\":\"https:\\\/\\\/regiaonews.net.br\\\/2022\\\/#\\\/schema\\\/person\\\/2d205a608a5aa97ac279d7a5e6d89ad8\",\"name\":\"Roberto\",\"image\":{\"@type\":\"ImageObject\",\"inLanguage\":\"pt-BR\",\"@id\":\"https:\\\/\\\/secure.gravatar.com\\\/avatar\\\/42749d8b712ff9d59ca93dc150494e5b55a44134482993f5baeb97e61b7ecc89?s=96&d=mm&r=g\",\"url\":\"https:\\\/\\\/secure.gravatar.com\\\/avatar\\\/42749d8b712ff9d59ca93dc150494e5b55a44134482993f5baeb97e61b7ecc89?s=96&d=mm&r=g\",\"contentUrl\":\"https:\\\/\\\/secure.gravatar.com\\\/avatar\\\/42749d8b712ff9d59ca93dc150494e5b55a44134482993f5baeb97e61b7ecc89?s=96&d=mm&r=g\",\"caption\":\"Roberto\"},\"url\":\"https:\\\/\\\/regiaonews.net.br\\\/2022\\\/author\\\/roberto\\\/\"}]}<\/script>\n<!-- \/ Yoast SEO plugin. -->","yoast_head_json":{"title":"Popula\u00e7\u00e3o e autoridades participam de ato de rep\u00fadio contra o feminic\u00eddio - Regi\u00e3o News","robots":{"index":"index","follow":"follow","max-snippet":"max-snippet:-1","max-image-preview":"max-image-preview:large","max-video-preview":"max-video-preview:-1"},"canonical":"https:\/\/regiaonews.net.br\/2022\/2026\/04\/27\/populacao-e-autoridades-participam-de-ato-de-repudio-contra-o-feminicidio\/","og_locale":"pt_BR","og_type":"article","og_title":"Popula\u00e7\u00e3o e autoridades participam de ato de rep\u00fadio contra o feminic\u00eddio - Regi\u00e3o News","og_description":"&nbsp; A popula\u00e7\u00e3o barretense e autoridades do setor policial, dos","og_url":"https:\/\/regiaonews.net.br\/2022\/2026\/04\/27\/populacao-e-autoridades-participam-de-ato-de-repudio-contra-o-feminicidio\/","og_site_name":"Regi\u00e3o News","article_published_time":"2026-04-27T22:50:45+00:00","article_modified_time":"2026-04-27T23:37:56+00:00","og_image":[{"width":1280,"height":853,"url":"https:\/\/regiaonews.net.br\/2022\/wp-content\/uploads\/2026\/04\/WhatsApp-Image-2026-04-27-at-16.26.36.jpeg","type":"image\/jpeg"}],"author":"Roberto","twitter_card":"summary_large_image","twitter_misc":{"Escrito por":"Roberto","Est. tempo de leitura":"2 minutos"},"schema":{"@context":"https:\/\/schema.org","@graph":[{"@type":"Article","@id":"https:\/\/regiaonews.net.br\/2022\/2026\/04\/27\/populacao-e-autoridades-participam-de-ato-de-repudio-contra-o-feminicidio\/#article","isPartOf":{"@id":"https:\/\/regiaonews.net.br\/2022\/2026\/04\/27\/populacao-e-autoridades-participam-de-ato-de-repudio-contra-o-feminicidio\/"},"author":{"name":"Roberto","@id":"https:\/\/regiaonews.net.br\/2022\/#\/schema\/person\/2d205a608a5aa97ac279d7a5e6d89ad8"},"headline":"Popula\u00e7\u00e3o e autoridades participam de ato de rep\u00fadio contra o feminic\u00eddio","datePublished":"2026-04-27T22:50:45+00:00","dateModified":"2026-04-27T23:37:56+00:00","mainEntityOfPage":{"@id":"https:\/\/regiaonews.net.br\/2022\/2026\/04\/27\/populacao-e-autoridades-participam-de-ato-de-repudio-contra-o-feminicidio\/"},"wordCount":239,"commentCount":0,"publisher":{"@id":"https:\/\/regiaonews.net.br\/2022\/#organization"},"image":{"@id":"https:\/\/regiaonews.net.br\/2022\/2026\/04\/27\/populacao-e-autoridades-participam-de-ato-de-repudio-contra-o-feminicidio\/#primaryimage"},"thumbnailUrl":"https:\/\/regiaonews.net.br\/2022\/wp-content\/uploads\/2026\/04\/WhatsApp-Image-2026-04-27-at-16.26.36.jpeg","articleSection":["Barretos","Cidades"],"inLanguage":"pt-BR","potentialAction":[{"@type":"CommentAction","name":"Comment","target":["https:\/\/regiaonews.net.br\/2022\/2026\/04\/27\/populacao-e-autoridades-participam-de-ato-de-repudio-contra-o-feminicidio\/#respond"]}]},{"@type":"WebPage","@id":"https:\/\/regiaonews.net.br\/2022\/2026\/04\/27\/populacao-e-autoridades-participam-de-ato-de-repudio-contra-o-feminicidio\/","url":"https:\/\/regiaonews.net.br\/2022\/2026\/04\/27\/populacao-e-autoridades-participam-de-ato-de-repudio-contra-o-feminicidio\/","name":"Popula\u00e7\u00e3o e autoridades participam de ato de rep\u00fadio contra o feminic\u00eddio - Regi\u00e3o News","isPartOf":{"@id":"https:\/\/regiaonews.net.br\/2022\/#website"},"primaryImageOfPage":{"@id":"https:\/\/regiaonews.net.br\/2022\/2026\/04\/27\/populacao-e-autoridades-participam-de-ato-de-repudio-contra-o-feminicidio\/#primaryimage"},"image":{"@id":"https:\/\/regiaonews.net.br\/2022\/2026\/04\/27\/populacao-e-autoridades-participam-de-ato-de-repudio-contra-o-feminicidio\/#primaryimage"},"thumbnailUrl":"https:\/\/regiaonews.net.br\/2022\/wp-content\/uploads\/2026\/04\/WhatsApp-Image-2026-04-27-at-16.26.36.jpeg","datePublished":"2026-04-27T22:50:45+00:00","dateModified":"2026-04-27T23:37:56+00:00","breadcrumb":{"@id":"https:\/\/regiaonews.net.br\/2022\/2026\/04\/27\/populacao-e-autoridades-participam-de-ato-de-repudio-contra-o-feminicidio\/#breadcrumb"},"inLanguage":"pt-BR","potentialAction":[{"@type":"ReadAction","target":["https:\/\/regiaonews.net.br\/2022\/2026\/04\/27\/populacao-e-autoridades-participam-de-ato-de-repudio-contra-o-feminicidio\/"]}]},{"@type":"ImageObject","inLanguage":"pt-BR","@id":"https:\/\/regiaonews.net.br\/2022\/2026\/04\/27\/populacao-e-autoridades-participam-de-ato-de-repudio-contra-o-feminicidio\/#primaryimage","url":"https:\/\/regiaonews.net.br\/2022\/wp-content\/uploads\/2026\/04\/WhatsApp-Image-2026-04-27-at-16.26.36.jpeg","contentUrl":"https:\/\/regiaonews.net.br\/2022\/wp-content\/uploads\/2026\/04\/WhatsApp-Image-2026-04-27-at-16.26.36.jpeg","width":1280,"height":853},{"@type":"BreadcrumbList","@id":"https:\/\/regiaonews.net.br\/2022\/2026\/04\/27\/populacao-e-autoridades-participam-de-ato-de-repudio-contra-o-feminicidio\/#breadcrumb","itemListElement":[{"@type":"ListItem","position":1,"name":"In\u00edcio","item":"https:\/\/regiaonews.net.br\/2022\/"},{"@type":"ListItem","position":2,"name":"Popula\u00e7\u00e3o e autoridades participam de ato de rep\u00fadio contra o feminic\u00eddio"}]},{"@type":"WebSite","@id":"https:\/\/regiaonews.net.br\/2022\/#website","url":"https:\/\/regiaonews.net.br\/2022\/","name":"Regi\u00e3o News","description":"Site de Not\u00edcias de Barretos e regi\u00e3o","publisher":{"@id":"https:\/\/regiaonews.net.br\/2022\/#organization"},"potentialAction":[{"@type":"SearchAction","target":{"@type":"EntryPoint","urlTemplate":"https:\/\/regiaonews.net.br\/2022\/?s={search_term_string}"},"query-input":{"@type":"PropertyValueSpecification","valueRequired":true,"valueName":"search_term_string"}}],"inLanguage":"pt-BR"},{"@type":"Organization","@id":"https:\/\/regiaonews.net.br\/2022\/#organization","name":"Regi\u00e3o News","url":"https:\/\/regiaonews.net.br\/2022\/","logo":{"@type":"ImageObject","inLanguage":"pt-BR","@id":"https:\/\/regiaonews.net.br\/2022\/#\/schema\/logo\/image\/","url":"https:\/\/regiaonews.net.br\/2022\/wp-content\/uploads\/2026\/03\/regiao-13-anos-scaled.jpg","contentUrl":"https:\/\/regiaonews.net.br\/2022\/wp-content\/uploads\/2026\/03\/regiao-13-anos-scaled.jpg","width":2560,"height":635,"caption":"Regi\u00e3o News"},"image":{"@id":"https:\/\/regiaonews.net.br\/2022\/#\/schema\/logo\/image\/"}},{"@type":"Person","@id":"https:\/\/regiaonews.net.br\/2022\/#\/schema\/person\/2d205a608a5aa97ac279d7a5e6d89ad8","name":"Roberto","image":{"@type":"ImageObject","inLanguage":"pt-BR","@id":"https:\/\/secure.gravatar.com\/avatar\/42749d8b712ff9d59ca93dc150494e5b55a44134482993f5baeb97e61b7ecc89?s=96&d=mm&r=g","url":"https:\/\/secure.gravatar.com\/avatar\/42749d8b712ff9d59ca93dc150494e5b55a44134482993f5baeb97e61b7ecc89?s=96&d=mm&r=g","contentUrl":"https:\/\/secure.gravatar.com\/avatar\/42749d8b712ff9d59ca93dc150494e5b55a44134482993f5baeb97e61b7ecc89?s=96&d=mm&r=g","caption":"Roberto"},"url":"https:\/\/regiaonews.net.br\/2022\/author\/roberto\/"}]}},"publishpress_future_action":{"enabled":false,"date":"2026-05-04 23:07:11","action":"change-status","newStatus":"draft","terms":[],"taxonomy":"category","extraData":[]},"publishpress_future_workflow_manual_trigger":{"enabledWorkflows":[]},"_links":{"self":[{"href":"https:\/\/regiaonews.net.br\/2022\/wp-json\/wp\/v2\/posts\/128088","targetHints":{"allow":["GET"]}}],"collection":[{"href":"https:\/\/regiaonews.net.br\/2022\/wp-json\/wp\/v2\/posts"}],"about":[{"href":"https:\/\/regiaonews.net.br\/2022\/wp-json\/wp\/v2\/types\/post"}],"author":[{"embeddable":true,"href":"https:\/\/regiaonews.net.br\/2022\/wp-json\/wp\/v2\/users\/2"}],"replies":[{"embeddable":true,"href":"https:\/\/regiaonews.net.br\/2022\/wp-json\/wp\/v2\/comments?post=128088"}],"version-history":[{"count":3,"href":"https:\/\/regiaonews.net.br\/2022\/wp-json\/wp\/v2\/posts\/128088\/revisions"}],"predecessor-version":[{"id":128098,"href":"https:\/\/regiaonews.net.br\/2022\/wp-json\/wp\/v2\/posts\/128088\/revisions\/128098"}],"wp:featuredmedia":[{"embeddable":true,"href":"https:\/\/regiaonews.net.br\/2022\/wp-json\/wp\/v2\/media\/128089"}],"wp:attachment":[{"href":"https:\/\/regiaonews.net.br\/2022\/wp-json\/wp\/v2\/media?parent=128088"}],"wp:term":[{"taxonomy":"category","embeddable":true,"href":"https:\/\/regiaonews.net.br\/2022\/wp-json\/wp\/v2\/categories?post=128088"},{"taxonomy":"post_tag","embeddable":true,"href":"https:\/\/regiaonews.net.br\/2022\/wp-json\/wp\/v2\/tags?post=128088"}],"curies":[{"name":"wp","href":"https:\/\/api.w.org\/{rel}","templated":true}]}}