{"id":128073,"date":"2026-04-27T11:17:17","date_gmt":"2026-04-27T14:17:17","guid":{"rendered":"https:\/\/regiaonews.net.br\/2022\/?p=128073"},"modified":"2026-04-27T11:18:23","modified_gmt":"2026-04-27T14:18:23","slug":"festa-do-peao-de-barretos-divulga-shows-do-dia-26-de-agosto","status":"publish","type":"post","link":"https:\/\/regiaonews.net.br\/2022\/2026\/04\/27\/festa-do-peao-de-barretos-divulga-shows-do-dia-26-de-agosto\/","title":{"rendered":"Festa do Pe\u00e3o de Barretos divulga shows do dia 26 de agosto"},"content":{"rendered":"<p>Programa\u00e7\u00e3o traz C\u00e9sar Menotti &amp; Fabiano, Simone Mendes e Alexandre Pires no Palco Est\u00e1dio, e Loubet, Jeann &amp; J\u00falio, Z\u00e9 Ricardo &amp; Thiago e Open Farra no Palco Amanhecer. Evento acontece de 20 a 30 de agosto<\/p>\n<p>Mais sete grandes shows est\u00e3o confirmados na 71\u00aa edi\u00e7\u00e3o da Festa do Pe\u00e3o de Barretos. Dando continuidade \u00e0 divulga\u00e7\u00e3o da extensa grade musical do evento, a organiza\u00e7\u00e3o anunciou para o dia 26 de agosto, quarta-feira, a aclamada e tradicional dupla Cesar Menotti &amp; Fabiano, a cantora Simone Mendes, que tem uma forte hist\u00f3ria com a Festa, e ainda o cantor Alexandre Pires, com a tour Pagonejo B\u00e3o, no Palco Est\u00e1dio.<\/p>\n<p>J\u00e1 o Palco Amanhecer, que promete ser um dos pontos altos do evento este ano, entrando madrugada a dentro com programa\u00e7\u00e3o musical, receber\u00e1 neste dia Loubet, Jeann &amp; J\u00falio, Z\u00e9 Ricardo &amp; Thiago e Open Farra.<\/p>\n<p>&#8220;Estamos com uma programa\u00e7\u00e3o bem alinhada ao que est\u00e1 em destaque e que nosso p\u00fablico, nossos f\u00e3s, buscam. Temos tanto o mais tradicional sertanejo como novos projetos que est\u00e3o despontando&#8221;, declarou Pedro Muzeti, diretor cultural da Festa.<\/p>\n<p>Programa\u00e7\u00e3o j\u00e1 divulgada<\/p>\n<p>20 de agosto (quinta-feira)<br \/>\nA abertura da festa contar\u00e1 com shows de Panda e da dupla Matheus &amp; Kauan, no Palco Est\u00e1dio.<\/p>\n<p>21 de agosto (sexta-feira)<br \/>\nNo Palco Est\u00e1dio, est\u00e3o confirmados Ana Castela, Country Beat, Wesley Safad\u00e3o e Natanzinho Lima. J\u00e1 o Palco Amanhecer recebe Belo, Henrique &amp; Diego, Lorena, Bruno &amp; Denner e Jo\u00e3o Neto &amp; Frederico.<\/p>\n<p>22 de agosto (s\u00e1bado)<br \/>\nO primeiro s\u00e1bado re\u00fane, no Palco Est\u00e1dio, Alok, Nattan e o embaixador Gusttavo Lima. No Palco Amanhecer, se apresentam Fernando &amp; Sorocaba, Bruno Rosa, Bruno &amp; Barretto e Israel &amp; Rodolffo.<\/p>\n<p>23 de agosto (domingo)<br \/>\nO Palco Est\u00e1dio recebe Edson &amp; Hudson e Matogrosso &amp; Mathias.<\/p>\n<p>24 e 25 de agosto (segunda e ter\u00e7a-feira)<br \/>\nA programa\u00e7\u00e3o fica concentrada no Palco Amanhecer, com nomes como Jads &amp; Jadson, Felipe &amp; Rodrigo, Turma do Pagode, Trio Parada Dura, Louren\u00e7o &amp; Lourival, Guilherme &amp; Benuto e Pixote.<\/p>\n<p>29 de agosto (s\u00e1bado)<br \/>\nGusttavo Lima retorna ao Palco Est\u00e1dio para mais uma apresenta\u00e7\u00e3o especial.<\/p>\n<p>A 71\u00aa Festa do Pe\u00e3o de Barretos acontece de 20 a 30 de agosto, no Parque do Pe\u00e3o, reunindo grandes atra\u00e7\u00f5es musicais, competi\u00e7\u00f5es esportivas e experi\u00eancias culturais ao longo dos 11 dias.<\/p>\n<p>SERVI\u00c7O<br \/>\n71\u00aa Festa do Pe\u00e3o de Barretos<br \/>\nData: 20 a 30 de agosto<br \/>\nLocal: Parque do Pe\u00e3o | Rod. Brigadeiro Faria Lima, km 428 \u2013 Barretos\/SP<br \/>\nIngressos: barretos.totalacesso.com<\/p>\n<p><a href=\"https:\/\/regiaonews.net.br\/2022\/wp-content\/uploads\/2026\/04\/WhatsApp-Image-2026-04-24-at-12.41.11.jpeg\"><img loading=\"lazy\" decoding=\"async\" class=\"alignnone size-medium wp-image-128075\" src=\"https:\/\/regiaonews.net.br\/2022\/wp-content\/uploads\/2026\/04\/WhatsApp-Image-2026-04-24-at-12.41.11-200x300.jpeg\" alt=\"\" width=\"200\" height=\"300\" srcset=\"https:\/\/regiaonews.net.br\/2022\/wp-content\/uploads\/2026\/04\/WhatsApp-Image-2026-04-24-at-12.41.11-200x300.jpeg 200w, https:\/\/regiaonews.net.br\/2022\/wp-content\/uploads\/2026\/04\/WhatsApp-Image-2026-04-24-at-12.41.11-682x1024.jpeg 682w, https:\/\/regiaonews.net.br\/2022\/wp-content\/uploads\/2026\/04\/WhatsApp-Image-2026-04-24-at-12.41.11-768x1153.jpeg 768w, https:\/\/regiaonews.net.br\/2022\/wp-content\/uploads\/2026\/04\/WhatsApp-Image-2026-04-24-at-12.41.11-1023x1536.jpeg 1023w, https:\/\/regiaonews.net.br\/2022\/wp-content\/uploads\/2026\/04\/WhatsApp-Image-2026-04-24-at-12.41.11-250x375.jpeg 250w, https:\/\/regiaonews.net.br\/2022\/wp-content\/uploads\/2026\/04\/WhatsApp-Image-2026-04-24-at-12.41.11.jpeg 1066w\" sizes=\"auto, (max-width: 200px) 100vw, 200px\" \/><\/a><\/p>\n","protected":false},"excerpt":{"rendered":"<p>Programa\u00e7\u00e3o traz C\u00e9sar Menotti &amp; Fabiano, Simone Mendes e Alexandre<\/p>\n","protected":false},"author":2,"featured_media":128074,"comment_status":"open","ping_status":"open","sticky":false,"template":"","format":"standard","meta":{"footnotes":""},"categories":[1],"tags":[],"class_list":["post-128073","post","type-post","status-publish","format-standard","has-post-thumbnail","hentry","category-indefinido"],"yoast_head":"<!-- This site is optimized with the Yoast SEO plugin v27.4 - https:\/\/yoast.com\/product\/yoast-seo-wordpress\/ -->\n<title>Festa do Pe\u00e3o de Barretos divulga shows do dia 26 de agosto - Regi\u00e3o News<\/title>\n<meta name=\"robots\" content=\"index, follow, max-snippet:-1, max-image-preview:large, max-video-preview:-1\" \/>\n<link rel=\"canonical\" href=\"https:\/\/regiaonews.net.br\/2022\/2026\/04\/27\/festa-do-peao-de-barretos-divulga-shows-do-dia-26-de-agosto\/\" \/>\n<meta property=\"og:locale\" content=\"pt_BR\" \/>\n<meta property=\"og:type\" content=\"article\" \/>\n<meta property=\"og:title\" content=\"Festa do Pe\u00e3o de Barretos divulga shows do dia 26 de agosto - Regi\u00e3o News\" \/>\n<meta property=\"og:description\" content=\"Programa\u00e7\u00e3o traz C\u00e9sar Menotti &amp; Fabiano, Simone Mendes e Alexandre\" \/>\n<meta property=\"og:url\" content=\"https:\/\/regiaonews.net.br\/2022\/2026\/04\/27\/festa-do-peao-de-barretos-divulga-shows-do-dia-26-de-agosto\/\" \/>\n<meta property=\"og:site_name\" content=\"Regi\u00e3o News\" \/>\n<meta property=\"article:published_time\" content=\"2026-04-27T14:17:17+00:00\" \/>\n<meta property=\"article:modified_time\" content=\"2026-04-27T14:18:23+00:00\" \/>\n<meta property=\"og:image\" content=\"https:\/\/regiaonews.net.br\/2022\/wp-content\/uploads\/2026\/04\/WhatsApp-Image-2026-04-24-at-12.40.49.jpeg\" \/>\n\t<meta property=\"og:image:width\" content=\"1600\" \/>\n\t<meta property=\"og:image:height\" content=\"1600\" \/>\n\t<meta property=\"og:image:type\" content=\"image\/jpeg\" \/>\n<meta name=\"author\" content=\"Roberto\" \/>\n<meta name=\"twitter:card\" content=\"summary_large_image\" \/>\n<meta name=\"twitter:label1\" content=\"Escrito por\" \/>\n\t<meta name=\"twitter:data1\" content=\"Roberto\" \/>\n\t<meta name=\"twitter:label2\" content=\"Est. tempo de leitura\" \/>\n\t<meta name=\"twitter:data2\" content=\"3 minutos\" \/>\n<script type=\"application\/ld+json\" class=\"yoast-schema-graph\">{\"@context\":\"https:\\\/\\\/schema.org\",\"@graph\":[{\"@type\":\"Article\",\"@id\":\"https:\\\/\\\/regiaonews.net.br\\\/2022\\\/2026\\\/04\\\/27\\\/festa-do-peao-de-barretos-divulga-shows-do-dia-26-de-agosto\\\/#article\",\"isPartOf\":{\"@id\":\"https:\\\/\\\/regiaonews.net.br\\\/2022\\\/2026\\\/04\\\/27\\\/festa-do-peao-de-barretos-divulga-shows-do-dia-26-de-agosto\\\/\"},\"author\":{\"name\":\"Roberto\",\"@id\":\"https:\\\/\\\/regiaonews.net.br\\\/2022\\\/#\\\/schema\\\/person\\\/2d205a608a5aa97ac279d7a5e6d89ad8\"},\"headline\":\"Festa do Pe\u00e3o de Barretos divulga shows do dia 26 de agosto\",\"datePublished\":\"2026-04-27T14:17:17+00:00\",\"dateModified\":\"2026-04-27T14:18:23+00:00\",\"mainEntityOfPage\":{\"@id\":\"https:\\\/\\\/regiaonews.net.br\\\/2022\\\/2026\\\/04\\\/27\\\/festa-do-peao-de-barretos-divulga-shows-do-dia-26-de-agosto\\\/\"},\"wordCount\":440,\"commentCount\":0,\"publisher\":{\"@id\":\"https:\\\/\\\/regiaonews.net.br\\\/2022\\\/#organization\"},\"image\":{\"@id\":\"https:\\\/\\\/regiaonews.net.br\\\/2022\\\/2026\\\/04\\\/27\\\/festa-do-peao-de-barretos-divulga-shows-do-dia-26-de-agosto\\\/#primaryimage\"},\"thumbnailUrl\":\"https:\\\/\\\/regiaonews.net.br\\\/2022\\\/wp-content\\\/uploads\\\/2026\\\/04\\\/WhatsApp-Image-2026-04-24-at-12.40.49.jpeg\",\"articleSection\":[\"Indefinido\"],\"inLanguage\":\"pt-BR\",\"potentialAction\":[{\"@type\":\"CommentAction\",\"name\":\"Comment\",\"target\":[\"https:\\\/\\\/regiaonews.net.br\\\/2022\\\/2026\\\/04\\\/27\\\/festa-do-peao-de-barretos-divulga-shows-do-dia-26-de-agosto\\\/#respond\"]}]},{\"@type\":\"WebPage\",\"@id\":\"https:\\\/\\\/regiaonews.net.br\\\/2022\\\/2026\\\/04\\\/27\\\/festa-do-peao-de-barretos-divulga-shows-do-dia-26-de-agosto\\\/\",\"url\":\"https:\\\/\\\/regiaonews.net.br\\\/2022\\\/2026\\\/04\\\/27\\\/festa-do-peao-de-barretos-divulga-shows-do-dia-26-de-agosto\\\/\",\"name\":\"Festa do Pe\u00e3o de Barretos divulga shows do dia 26 de agosto - Regi\u00e3o News\",\"isPartOf\":{\"@id\":\"https:\\\/\\\/regiaonews.net.br\\\/2022\\\/#website\"},\"primaryImageOfPage\":{\"@id\":\"https:\\\/\\\/regiaonews.net.br\\\/2022\\\/2026\\\/04\\\/27\\\/festa-do-peao-de-barretos-divulga-shows-do-dia-26-de-agosto\\\/#primaryimage\"},\"image\":{\"@id\":\"https:\\\/\\\/regiaonews.net.br\\\/2022\\\/2026\\\/04\\\/27\\\/festa-do-peao-de-barretos-divulga-shows-do-dia-26-de-agosto\\\/#primaryimage\"},\"thumbnailUrl\":\"https:\\\/\\\/regiaonews.net.br\\\/2022\\\/wp-content\\\/uploads\\\/2026\\\/04\\\/WhatsApp-Image-2026-04-24-at-12.40.49.jpeg\",\"datePublished\":\"2026-04-27T14:17:17+00:00\",\"dateModified\":\"2026-04-27T14:18:23+00:00\",\"breadcrumb\":{\"@id\":\"https:\\\/\\\/regiaonews.net.br\\\/2022\\\/2026\\\/04\\\/27\\\/festa-do-peao-de-barretos-divulga-shows-do-dia-26-de-agosto\\\/#breadcrumb\"},\"inLanguage\":\"pt-BR\",\"potentialAction\":[{\"@type\":\"ReadAction\",\"target\":[\"https:\\\/\\\/regiaonews.net.br\\\/2022\\\/2026\\\/04\\\/27\\\/festa-do-peao-de-barretos-divulga-shows-do-dia-26-de-agosto\\\/\"]}]},{\"@type\":\"ImageObject\",\"inLanguage\":\"pt-BR\",\"@id\":\"https:\\\/\\\/regiaonews.net.br\\\/2022\\\/2026\\\/04\\\/27\\\/festa-do-peao-de-barretos-divulga-shows-do-dia-26-de-agosto\\\/#primaryimage\",\"url\":\"https:\\\/\\\/regiaonews.net.br\\\/2022\\\/wp-content\\\/uploads\\\/2026\\\/04\\\/WhatsApp-Image-2026-04-24-at-12.40.49.jpeg\",\"contentUrl\":\"https:\\\/\\\/regiaonews.net.br\\\/2022\\\/wp-content\\\/uploads\\\/2026\\\/04\\\/WhatsApp-Image-2026-04-24-at-12.40.49.jpeg\",\"width\":1600,\"height\":1600},{\"@type\":\"BreadcrumbList\",\"@id\":\"https:\\\/\\\/regiaonews.net.br\\\/2022\\\/2026\\\/04\\\/27\\\/festa-do-peao-de-barretos-divulga-shows-do-dia-26-de-agosto\\\/#breadcrumb\",\"itemListElement\":[{\"@type\":\"ListItem\",\"position\":1,\"name\":\"In\u00edcio\",\"item\":\"https:\\\/\\\/regiaonews.net.br\\\/2022\\\/\"},{\"@type\":\"ListItem\",\"position\":2,\"name\":\"Festa do Pe\u00e3o de Barretos divulga shows do dia 26 de agosto\"}]},{\"@type\":\"WebSite\",\"@id\":\"https:\\\/\\\/regiaonews.net.br\\\/2022\\\/#website\",\"url\":\"https:\\\/\\\/regiaonews.net.br\\\/2022\\\/\",\"name\":\"Regi\u00e3o News\",\"description\":\"Site de Not\u00edcias de Barretos e regi\u00e3o\",\"publisher\":{\"@id\":\"https:\\\/\\\/regiaonews.net.br\\\/2022\\\/#organization\"},\"potentialAction\":[{\"@type\":\"SearchAction\",\"target\":{\"@type\":\"EntryPoint\",\"urlTemplate\":\"https:\\\/\\\/regiaonews.net.br\\\/2022\\\/?s={search_term_string}\"},\"query-input\":{\"@type\":\"PropertyValueSpecification\",\"valueRequired\":true,\"valueName\":\"search_term_string\"}}],\"inLanguage\":\"pt-BR\"},{\"@type\":\"Organization\",\"@id\":\"https:\\\/\\\/regiaonews.net.br\\\/2022\\\/#organization\",\"name\":\"Regi\u00e3o News\",\"url\":\"https:\\\/\\\/regiaonews.net.br\\\/2022\\\/\",\"logo\":{\"@type\":\"ImageObject\",\"inLanguage\":\"pt-BR\",\"@id\":\"https:\\\/\\\/regiaonews.net.br\\\/2022\\\/#\\\/schema\\\/logo\\\/image\\\/\",\"url\":\"https:\\\/\\\/regiaonews.net.br\\\/2022\\\/wp-content\\\/uploads\\\/2026\\\/03\\\/regiao-13-anos-scaled.jpg\",\"contentUrl\":\"https:\\\/\\\/regiaonews.net.br\\\/2022\\\/wp-content\\\/uploads\\\/2026\\\/03\\\/regiao-13-anos-scaled.jpg\",\"width\":2560,\"height\":635,\"caption\":\"Regi\u00e3o News\"},\"image\":{\"@id\":\"https:\\\/\\\/regiaonews.net.br\\\/2022\\\/#\\\/schema\\\/logo\\\/image\\\/\"}},{\"@type\":\"Person\",\"@id\":\"https:\\\/\\\/regiaonews.net.br\\\/2022\\\/#\\\/schema\\\/person\\\/2d205a608a5aa97ac279d7a5e6d89ad8\",\"name\":\"Roberto\",\"image\":{\"@type\":\"ImageObject\",\"inLanguage\":\"pt-BR\",\"@id\":\"https:\\\/\\\/secure.gravatar.com\\\/avatar\\\/42749d8b712ff9d59ca93dc150494e5b55a44134482993f5baeb97e61b7ecc89?s=96&d=mm&r=g\",\"url\":\"https:\\\/\\\/secure.gravatar.com\\\/avatar\\\/42749d8b712ff9d59ca93dc150494e5b55a44134482993f5baeb97e61b7ecc89?s=96&d=mm&r=g\",\"contentUrl\":\"https:\\\/\\\/secure.gravatar.com\\\/avatar\\\/42749d8b712ff9d59ca93dc150494e5b55a44134482993f5baeb97e61b7ecc89?s=96&d=mm&r=g\",\"caption\":\"Roberto\"},\"url\":\"https:\\\/\\\/regiaonews.net.br\\\/2022\\\/author\\\/roberto\\\/\"}]}<\/script>\n<!-- \/ Yoast SEO plugin. -->","yoast_head_json":{"title":"Festa do Pe\u00e3o de Barretos divulga shows do dia 26 de agosto - Regi\u00e3o News","robots":{"index":"index","follow":"follow","max-snippet":"max-snippet:-1","max-image-preview":"max-image-preview:large","max-video-preview":"max-video-preview:-1"},"canonical":"https:\/\/regiaonews.net.br\/2022\/2026\/04\/27\/festa-do-peao-de-barretos-divulga-shows-do-dia-26-de-agosto\/","og_locale":"pt_BR","og_type":"article","og_title":"Festa do Pe\u00e3o de Barretos divulga shows do dia 26 de agosto - Regi\u00e3o News","og_description":"Programa\u00e7\u00e3o traz C\u00e9sar Menotti &amp; Fabiano, Simone Mendes e Alexandre","og_url":"https:\/\/regiaonews.net.br\/2022\/2026\/04\/27\/festa-do-peao-de-barretos-divulga-shows-do-dia-26-de-agosto\/","og_site_name":"Regi\u00e3o News","article_published_time":"2026-04-27T14:17:17+00:00","article_modified_time":"2026-04-27T14:18:23+00:00","og_image":[{"width":1600,"height":1600,"url":"https:\/\/regiaonews.net.br\/2022\/wp-content\/uploads\/2026\/04\/WhatsApp-Image-2026-04-24-at-12.40.49.jpeg","type":"image\/jpeg"}],"author":"Roberto","twitter_card":"summary_large_image","twitter_misc":{"Escrito por":"Roberto","Est. tempo de leitura":"3 minutos"},"schema":{"@context":"https:\/\/schema.org","@graph":[{"@type":"Article","@id":"https:\/\/regiaonews.net.br\/2022\/2026\/04\/27\/festa-do-peao-de-barretos-divulga-shows-do-dia-26-de-agosto\/#article","isPartOf":{"@id":"https:\/\/regiaonews.net.br\/2022\/2026\/04\/27\/festa-do-peao-de-barretos-divulga-shows-do-dia-26-de-agosto\/"},"author":{"name":"Roberto","@id":"https:\/\/regiaonews.net.br\/2022\/#\/schema\/person\/2d205a608a5aa97ac279d7a5e6d89ad8"},"headline":"Festa do Pe\u00e3o de Barretos divulga shows do dia 26 de agosto","datePublished":"2026-04-27T14:17:17+00:00","dateModified":"2026-04-27T14:18:23+00:00","mainEntityOfPage":{"@id":"https:\/\/regiaonews.net.br\/2022\/2026\/04\/27\/festa-do-peao-de-barretos-divulga-shows-do-dia-26-de-agosto\/"},"wordCount":440,"commentCount":0,"publisher":{"@id":"https:\/\/regiaonews.net.br\/2022\/#organization"},"image":{"@id":"https:\/\/regiaonews.net.br\/2022\/2026\/04\/27\/festa-do-peao-de-barretos-divulga-shows-do-dia-26-de-agosto\/#primaryimage"},"thumbnailUrl":"https:\/\/regiaonews.net.br\/2022\/wp-content\/uploads\/2026\/04\/WhatsApp-Image-2026-04-24-at-12.40.49.jpeg","articleSection":["Indefinido"],"inLanguage":"pt-BR","potentialAction":[{"@type":"CommentAction","name":"Comment","target":["https:\/\/regiaonews.net.br\/2022\/2026\/04\/27\/festa-do-peao-de-barretos-divulga-shows-do-dia-26-de-agosto\/#respond"]}]},{"@type":"WebPage","@id":"https:\/\/regiaonews.net.br\/2022\/2026\/04\/27\/festa-do-peao-de-barretos-divulga-shows-do-dia-26-de-agosto\/","url":"https:\/\/regiaonews.net.br\/2022\/2026\/04\/27\/festa-do-peao-de-barretos-divulga-shows-do-dia-26-de-agosto\/","name":"Festa do Pe\u00e3o de Barretos divulga shows do dia 26 de agosto - Regi\u00e3o News","isPartOf":{"@id":"https:\/\/regiaonews.net.br\/2022\/#website"},"primaryImageOfPage":{"@id":"https:\/\/regiaonews.net.br\/2022\/2026\/04\/27\/festa-do-peao-de-barretos-divulga-shows-do-dia-26-de-agosto\/#primaryimage"},"image":{"@id":"https:\/\/regiaonews.net.br\/2022\/2026\/04\/27\/festa-do-peao-de-barretos-divulga-shows-do-dia-26-de-agosto\/#primaryimage"},"thumbnailUrl":"https:\/\/regiaonews.net.br\/2022\/wp-content\/uploads\/2026\/04\/WhatsApp-Image-2026-04-24-at-12.40.49.jpeg","datePublished":"2026-04-27T14:17:17+00:00","dateModified":"2026-04-27T14:18:23+00:00","breadcrumb":{"@id":"https:\/\/regiaonews.net.br\/2022\/2026\/04\/27\/festa-do-peao-de-barretos-divulga-shows-do-dia-26-de-agosto\/#breadcrumb"},"inLanguage":"pt-BR","potentialAction":[{"@type":"ReadAction","target":["https:\/\/regiaonews.net.br\/2022\/2026\/04\/27\/festa-do-peao-de-barretos-divulga-shows-do-dia-26-de-agosto\/"]}]},{"@type":"ImageObject","inLanguage":"pt-BR","@id":"https:\/\/regiaonews.net.br\/2022\/2026\/04\/27\/festa-do-peao-de-barretos-divulga-shows-do-dia-26-de-agosto\/#primaryimage","url":"https:\/\/regiaonews.net.br\/2022\/wp-content\/uploads\/2026\/04\/WhatsApp-Image-2026-04-24-at-12.40.49.jpeg","contentUrl":"https:\/\/regiaonews.net.br\/2022\/wp-content\/uploads\/2026\/04\/WhatsApp-Image-2026-04-24-at-12.40.49.jpeg","width":1600,"height":1600},{"@type":"BreadcrumbList","@id":"https:\/\/regiaonews.net.br\/2022\/2026\/04\/27\/festa-do-peao-de-barretos-divulga-shows-do-dia-26-de-agosto\/#breadcrumb","itemListElement":[{"@type":"ListItem","position":1,"name":"In\u00edcio","item":"https:\/\/regiaonews.net.br\/2022\/"},{"@type":"ListItem","position":2,"name":"Festa do Pe\u00e3o de Barretos divulga shows do dia 26 de agosto"}]},{"@type":"WebSite","@id":"https:\/\/regiaonews.net.br\/2022\/#website","url":"https:\/\/regiaonews.net.br\/2022\/","name":"Regi\u00e3o News","description":"Site de Not\u00edcias de Barretos e regi\u00e3o","publisher":{"@id":"https:\/\/regiaonews.net.br\/2022\/#organization"},"potentialAction":[{"@type":"SearchAction","target":{"@type":"EntryPoint","urlTemplate":"https:\/\/regiaonews.net.br\/2022\/?s={search_term_string}"},"query-input":{"@type":"PropertyValueSpecification","valueRequired":true,"valueName":"search_term_string"}}],"inLanguage":"pt-BR"},{"@type":"Organization","@id":"https:\/\/regiaonews.net.br\/2022\/#organization","name":"Regi\u00e3o News","url":"https:\/\/regiaonews.net.br\/2022\/","logo":{"@type":"ImageObject","inLanguage":"pt-BR","@id":"https:\/\/regiaonews.net.br\/2022\/#\/schema\/logo\/image\/","url":"https:\/\/regiaonews.net.br\/2022\/wp-content\/uploads\/2026\/03\/regiao-13-anos-scaled.jpg","contentUrl":"https:\/\/regiaonews.net.br\/2022\/wp-content\/uploads\/2026\/03\/regiao-13-anos-scaled.jpg","width":2560,"height":635,"caption":"Regi\u00e3o News"},"image":{"@id":"https:\/\/regiaonews.net.br\/2022\/#\/schema\/logo\/image\/"}},{"@type":"Person","@id":"https:\/\/regiaonews.net.br\/2022\/#\/schema\/person\/2d205a608a5aa97ac279d7a5e6d89ad8","name":"Roberto","image":{"@type":"ImageObject","inLanguage":"pt-BR","@id":"https:\/\/secure.gravatar.com\/avatar\/42749d8b712ff9d59ca93dc150494e5b55a44134482993f5baeb97e61b7ecc89?s=96&d=mm&r=g","url":"https:\/\/secure.gravatar.com\/avatar\/42749d8b712ff9d59ca93dc150494e5b55a44134482993f5baeb97e61b7ecc89?s=96&d=mm&r=g","contentUrl":"https:\/\/secure.gravatar.com\/avatar\/42749d8b712ff9d59ca93dc150494e5b55a44134482993f5baeb97e61b7ecc89?s=96&d=mm&r=g","caption":"Roberto"},"url":"https:\/\/regiaonews.net.br\/2022\/author\/roberto\/"}]}},"publishpress_future_action":{"enabled":false,"date":"2026-05-04 13:55:14","action":"change-status","newStatus":"draft","terms":[],"taxonomy":"category","extraData":[]},"publishpress_future_workflow_manual_trigger":{"enabledWorkflows":[]},"_links":{"self":[{"href":"https:\/\/regiaonews.net.br\/2022\/wp-json\/wp\/v2\/posts\/128073","targetHints":{"allow":["GET"]}}],"collection":[{"href":"https:\/\/regiaonews.net.br\/2022\/wp-json\/wp\/v2\/posts"}],"about":[{"href":"https:\/\/regiaonews.net.br\/2022\/wp-json\/wp\/v2\/types\/post"}],"author":[{"embeddable":true,"href":"https:\/\/regiaonews.net.br\/2022\/wp-json\/wp\/v2\/users\/2"}],"replies":[{"embeddable":true,"href":"https:\/\/regiaonews.net.br\/2022\/wp-json\/wp\/v2\/comments?post=128073"}],"version-history":[{"count":1,"href":"https:\/\/regiaonews.net.br\/2022\/wp-json\/wp\/v2\/posts\/128073\/revisions"}],"predecessor-version":[{"id":128076,"href":"https:\/\/regiaonews.net.br\/2022\/wp-json\/wp\/v2\/posts\/128073\/revisions\/128076"}],"wp:featuredmedia":[{"embeddable":true,"href":"https:\/\/regiaonews.net.br\/2022\/wp-json\/wp\/v2\/media\/128074"}],"wp:attachment":[{"href":"https:\/\/regiaonews.net.br\/2022\/wp-json\/wp\/v2\/media?parent=128073"}],"wp:term":[{"taxonomy":"category","embeddable":true,"href":"https:\/\/regiaonews.net.br\/2022\/wp-json\/wp\/v2\/categories?post=128073"},{"taxonomy":"post_tag","embeddable":true,"href":"https:\/\/regiaonews.net.br\/2022\/wp-json\/wp\/v2\/tags?post=128073"}],"curies":[{"name":"wp","href":"https:\/\/api.w.org\/{rel}","templated":true}]}}