{"id":128065,"date":"2026-04-27T06:01:31","date_gmt":"2026-04-27T09:01:31","guid":{"rendered":"https:\/\/regiaonews.net.br\/2022\/?p=128065"},"modified":"2026-04-27T06:01:31","modified_gmt":"2026-04-27T09:01:31","slug":"economista-ministra-palestra-durante-evento-bb-pre-agrishow","status":"publish","type":"post","link":"https:\/\/regiaonews.net.br\/2022\/2026\/04\/27\/economista-ministra-palestra-durante-evento-bb-pre-agrishow\/","title":{"rendered":"Economista ministra palestra durante evento BB Pr\u00e9-Agrishow"},"content":{"rendered":"<p>&nbsp;<\/p>\n<p>Palestra realizada no Audit\u00f3rio do Sirvarig fez parte da programa\u00e7\u00e3o do BB Pr\u00e9-Agrishow 2026<\/p>\n<p>&nbsp;<\/p>\n<p>Os podutores rurais, empres\u00e1rios e parceiros do agroneg\u00f3cio participaram, na noite de sexta-feira (24), do evento BB Pr\u00e9-Agrishow 2026, que apresentou linhas de cr\u00e9dito do banco para o maior evento agr\u00edcola do pa\u00eds. Na oportunidade, tamb\u00e9m esteve em Barretos, ministrando palestra no audit\u00f3rio do Sindicato Rural do Vale do Rio Grande, o professor da FGV Felippe Cau\u00ea Serigati, que \u00e9 doutor e mestre em Economia, onde abordou o tema \u201cCen\u00e1rios Econ\u00f4micos de 2026 para o Universo Agro Brasileiro\u201d.<\/p>\n<p>Ao avaliar o atual cen\u00e1rio, diante da guerra no Oriente M\u00e9dio, Felippe Serigati disse que a Guerra no Oriente M\u00e9dio representa um choque cl\u00e1ssico de custos do petr\u00f3leo, que elevou os pre\u00e7os do petr\u00f3leo e dos fertilizantes, resultando no aumento do custo de produ\u00e7\u00e3o. \u201cCom o custo maior de produ\u00e7\u00e3o, h\u00e1 menor produ\u00e7\u00e3o, maior infla\u00e7\u00e3o e menor crescimento. \u00c9 um cen\u00e1rio ruim, mas o Brasil n\u00e3o est\u00e1 entre as economias mais atingidas, porque o Brasil \u00e9 exportador de petr\u00f3leo, e, com os pre\u00e7os mais elevados, isso se torna receita para n\u00f3s\u201d, avaliou o economista.<\/p>\n<p>Com rela\u00e7\u00e3o aos impactos adversos, Felippe Serigati explicou que isso se reflete em gasolina mais cara, \u00f3leo diesel mais caro, fertilizantes mais caros e infla\u00e7\u00e3o mais acelerada, o que vai impactar na menor redu\u00e7\u00e3o das taxas de juros. \u201cN\u00e3o \u00e9 o cen\u00e1rio que a gente mais gostaria, mas, pelo menos, o choque do petr\u00f3leo gera receita adicional para n\u00f3s e para o universo agro. Os desafios s\u00e3o importantes, com margens mais apertadas e o fen\u00f4meno El Ni\u00f1o, que pode provocar perdas e reduzir lucros\u201d, opinou.<\/p>\n<p>A palestra foi coordenada pela gerente do Banco do Brasil, Rosana Claro, e contou com a presen\u00e7a do prefeito Odair Silva, da primeira-dama Roselaine Silva, do secret\u00e1rio de Agricultura, Marcelo Jamal, e dos diretores do Sirvarig, Enio Melo Rodrigues e Ant\u00f4nio Roberto Filisbino.<\/p>\n<p><a href=\"https:\/\/regiaonews.net.br\/2022\/wp-content\/uploads\/2026\/04\/IMG-20260425-WA04491.jpg\"><img loading=\"lazy\" decoding=\"async\" class=\"alignnone size-medium wp-image-128070\" src=\"https:\/\/regiaonews.net.br\/2022\/wp-content\/uploads\/2026\/04\/IMG-20260425-WA04491-300x225.jpg\" alt=\"\" width=\"300\" height=\"225\" srcset=\"https:\/\/regiaonews.net.br\/2022\/wp-content\/uploads\/2026\/04\/IMG-20260425-WA04491-300x225.jpg 300w, https:\/\/regiaonews.net.br\/2022\/wp-content\/uploads\/2026\/04\/IMG-20260425-WA04491-1024x768.jpg 1024w, https:\/\/regiaonews.net.br\/2022\/wp-content\/uploads\/2026\/04\/IMG-20260425-WA04491-768x576.jpg 768w, https:\/\/regiaonews.net.br\/2022\/wp-content\/uploads\/2026\/04\/IMG-20260425-WA04491-1536x1152.jpg 1536w, https:\/\/regiaonews.net.br\/2022\/wp-content\/uploads\/2026\/04\/IMG-20260425-WA04491-250x188.jpg 250w, https:\/\/regiaonews.net.br\/2022\/wp-content\/uploads\/2026\/04\/IMG-20260425-WA04491-200x150.jpg 200w, https:\/\/regiaonews.net.br\/2022\/wp-content\/uploads\/2026\/04\/IMG-20260425-WA04491.jpg 1600w\" sizes=\"auto, (max-width: 300px) 100vw, 300px\" \/><\/a><\/p>\n<p><a href=\"https:\/\/regiaonews.net.br\/2022\/wp-content\/uploads\/2026\/04\/20260424_210510-scaled.jpg\"><img loading=\"lazy\" decoding=\"async\" class=\"alignnone size-medium wp-image-128067\" src=\"https:\/\/regiaonews.net.br\/2022\/wp-content\/uploads\/2026\/04\/20260424_210510-300x225.jpg\" alt=\"\" width=\"300\" height=\"225\" \/><\/a><\/p>\n<p><a href=\"https:\/\/regiaonews.net.br\/2022\/wp-content\/uploads\/2026\/04\/IMG-20260424-WA0736.jpg\"><img loading=\"lazy\" decoding=\"async\" class=\"alignnone size-medium wp-image-128069\" src=\"https:\/\/regiaonews.net.br\/2022\/wp-content\/uploads\/2026\/04\/IMG-20260424-WA0736-300x225.jpg\" alt=\"\" width=\"300\" height=\"225\" srcset=\"https:\/\/regiaonews.net.br\/2022\/wp-content\/uploads\/2026\/04\/IMG-20260424-WA0736-300x225.jpg 300w, https:\/\/regiaonews.net.br\/2022\/wp-content\/uploads\/2026\/04\/IMG-20260424-WA0736-1024x768.jpg 1024w, https:\/\/regiaonews.net.br\/2022\/wp-content\/uploads\/2026\/04\/IMG-20260424-WA0736-768x576.jpg 768w, https:\/\/regiaonews.net.br\/2022\/wp-content\/uploads\/2026\/04\/IMG-20260424-WA0736-1536x1152.jpg 1536w, https:\/\/regiaonews.net.br\/2022\/wp-content\/uploads\/2026\/04\/IMG-20260424-WA0736-250x188.jpg 250w, https:\/\/regiaonews.net.br\/2022\/wp-content\/uploads\/2026\/04\/IMG-20260424-WA0736-200x150.jpg 200w, https:\/\/regiaonews.net.br\/2022\/wp-content\/uploads\/2026\/04\/IMG-20260424-WA0736.jpg 1600w\" sizes=\"auto, (max-width: 300px) 100vw, 300px\" \/><\/a><\/p>\n<p>&nbsp;<\/p>\n","protected":false},"excerpt":{"rendered":"<p>&nbsp; Palestra realizada no Audit\u00f3rio do Sirvarig fez parte da<\/p>\n","protected":false},"author":2,"featured_media":128068,"comment_status":"open","ping_status":"open","sticky":false,"template":"","format":"standard","meta":{"footnotes":""},"categories":[14,25,111],"tags":[],"class_list":["post-128065","post","type-post","status-publish","format-standard","has-post-thumbnail","hentry","category-barretos","category-cidades","category-cotidiano"],"yoast_head":"<!-- This site is optimized with the Yoast SEO plugin v27.4 - https:\/\/yoast.com\/product\/yoast-seo-wordpress\/ -->\n<title>Economista ministra palestra durante evento BB Pr\u00e9-Agrishow - Regi\u00e3o News<\/title>\n<meta name=\"robots\" content=\"index, follow, max-snippet:-1, max-image-preview:large, max-video-preview:-1\" \/>\n<link rel=\"canonical\" href=\"https:\/\/regiaonews.net.br\/2022\/2026\/04\/27\/economista-ministra-palestra-durante-evento-bb-pre-agrishow\/\" \/>\n<meta property=\"og:locale\" content=\"pt_BR\" \/>\n<meta property=\"og:type\" content=\"article\" \/>\n<meta property=\"og:title\" content=\"Economista ministra palestra durante evento BB Pr\u00e9-Agrishow - Regi\u00e3o News\" \/>\n<meta property=\"og:description\" content=\"&nbsp; Palestra realizada no Audit\u00f3rio do Sirvarig fez parte da\" \/>\n<meta property=\"og:url\" content=\"https:\/\/regiaonews.net.br\/2022\/2026\/04\/27\/economista-ministra-palestra-durante-evento-bb-pre-agrishow\/\" \/>\n<meta property=\"og:site_name\" content=\"Regi\u00e3o News\" \/>\n<meta property=\"article:published_time\" content=\"2026-04-27T09:01:31+00:00\" \/>\n<meta property=\"og:image\" content=\"https:\/\/regiaonews.net.br\/2022\/wp-content\/uploads\/2026\/04\/IMG-20260424-WA0733.jpg\" \/>\n\t<meta property=\"og:image:width\" content=\"1600\" \/>\n\t<meta property=\"og:image:height\" content=\"1200\" \/>\n\t<meta property=\"og:image:type\" content=\"image\/jpeg\" \/>\n<meta name=\"author\" content=\"Roberto\" \/>\n<meta name=\"twitter:card\" content=\"summary_large_image\" \/>\n<meta name=\"twitter:label1\" content=\"Escrito por\" \/>\n\t<meta name=\"twitter:data1\" content=\"Roberto\" \/>\n\t<meta name=\"twitter:label2\" content=\"Est. tempo de leitura\" \/>\n\t<meta name=\"twitter:data2\" content=\"3 minutos\" \/>\n<script type=\"application\/ld+json\" class=\"yoast-schema-graph\">{\"@context\":\"https:\\\/\\\/schema.org\",\"@graph\":[{\"@type\":\"Article\",\"@id\":\"https:\\\/\\\/regiaonews.net.br\\\/2022\\\/2026\\\/04\\\/27\\\/economista-ministra-palestra-durante-evento-bb-pre-agrishow\\\/#article\",\"isPartOf\":{\"@id\":\"https:\\\/\\\/regiaonews.net.br\\\/2022\\\/2026\\\/04\\\/27\\\/economista-ministra-palestra-durante-evento-bb-pre-agrishow\\\/\"},\"author\":{\"name\":\"Roberto\",\"@id\":\"https:\\\/\\\/regiaonews.net.br\\\/2022\\\/#\\\/schema\\\/person\\\/2d205a608a5aa97ac279d7a5e6d89ad8\"},\"headline\":\"Economista ministra palestra durante evento BB Pr\u00e9-Agrishow\",\"datePublished\":\"2026-04-27T09:01:31+00:00\",\"mainEntityOfPage\":{\"@id\":\"https:\\\/\\\/regiaonews.net.br\\\/2022\\\/2026\\\/04\\\/27\\\/economista-ministra-palestra-durante-evento-bb-pre-agrishow\\\/\"},\"wordCount\":359,\"commentCount\":0,\"publisher\":{\"@id\":\"https:\\\/\\\/regiaonews.net.br\\\/2022\\\/#organization\"},\"image\":{\"@id\":\"https:\\\/\\\/regiaonews.net.br\\\/2022\\\/2026\\\/04\\\/27\\\/economista-ministra-palestra-durante-evento-bb-pre-agrishow\\\/#primaryimage\"},\"thumbnailUrl\":\"https:\\\/\\\/regiaonews.net.br\\\/2022\\\/wp-content\\\/uploads\\\/2026\\\/04\\\/IMG-20260424-WA0733.jpg\",\"articleSection\":[\"Barretos\",\"Cidades\",\"Cotidiano\"],\"inLanguage\":\"pt-BR\",\"potentialAction\":[{\"@type\":\"CommentAction\",\"name\":\"Comment\",\"target\":[\"https:\\\/\\\/regiaonews.net.br\\\/2022\\\/2026\\\/04\\\/27\\\/economista-ministra-palestra-durante-evento-bb-pre-agrishow\\\/#respond\"]}]},{\"@type\":\"WebPage\",\"@id\":\"https:\\\/\\\/regiaonews.net.br\\\/2022\\\/2026\\\/04\\\/27\\\/economista-ministra-palestra-durante-evento-bb-pre-agrishow\\\/\",\"url\":\"https:\\\/\\\/regiaonews.net.br\\\/2022\\\/2026\\\/04\\\/27\\\/economista-ministra-palestra-durante-evento-bb-pre-agrishow\\\/\",\"name\":\"Economista ministra palestra durante evento BB Pr\u00e9-Agrishow - Regi\u00e3o News\",\"isPartOf\":{\"@id\":\"https:\\\/\\\/regiaonews.net.br\\\/2022\\\/#website\"},\"primaryImageOfPage\":{\"@id\":\"https:\\\/\\\/regiaonews.net.br\\\/2022\\\/2026\\\/04\\\/27\\\/economista-ministra-palestra-durante-evento-bb-pre-agrishow\\\/#primaryimage\"},\"image\":{\"@id\":\"https:\\\/\\\/regiaonews.net.br\\\/2022\\\/2026\\\/04\\\/27\\\/economista-ministra-palestra-durante-evento-bb-pre-agrishow\\\/#primaryimage\"},\"thumbnailUrl\":\"https:\\\/\\\/regiaonews.net.br\\\/2022\\\/wp-content\\\/uploads\\\/2026\\\/04\\\/IMG-20260424-WA0733.jpg\",\"datePublished\":\"2026-04-27T09:01:31+00:00\",\"breadcrumb\":{\"@id\":\"https:\\\/\\\/regiaonews.net.br\\\/2022\\\/2026\\\/04\\\/27\\\/economista-ministra-palestra-durante-evento-bb-pre-agrishow\\\/#breadcrumb\"},\"inLanguage\":\"pt-BR\",\"potentialAction\":[{\"@type\":\"ReadAction\",\"target\":[\"https:\\\/\\\/regiaonews.net.br\\\/2022\\\/2026\\\/04\\\/27\\\/economista-ministra-palestra-durante-evento-bb-pre-agrishow\\\/\"]}]},{\"@type\":\"ImageObject\",\"inLanguage\":\"pt-BR\",\"@id\":\"https:\\\/\\\/regiaonews.net.br\\\/2022\\\/2026\\\/04\\\/27\\\/economista-ministra-palestra-durante-evento-bb-pre-agrishow\\\/#primaryimage\",\"url\":\"https:\\\/\\\/regiaonews.net.br\\\/2022\\\/wp-content\\\/uploads\\\/2026\\\/04\\\/IMG-20260424-WA0733.jpg\",\"contentUrl\":\"https:\\\/\\\/regiaonews.net.br\\\/2022\\\/wp-content\\\/uploads\\\/2026\\\/04\\\/IMG-20260424-WA0733.jpg\",\"width\":1600,\"height\":1200},{\"@type\":\"BreadcrumbList\",\"@id\":\"https:\\\/\\\/regiaonews.net.br\\\/2022\\\/2026\\\/04\\\/27\\\/economista-ministra-palestra-durante-evento-bb-pre-agrishow\\\/#breadcrumb\",\"itemListElement\":[{\"@type\":\"ListItem\",\"position\":1,\"name\":\"In\u00edcio\",\"item\":\"https:\\\/\\\/regiaonews.net.br\\\/2022\\\/\"},{\"@type\":\"ListItem\",\"position\":2,\"name\":\"Economista ministra palestra durante evento BB Pr\u00e9-Agrishow\"}]},{\"@type\":\"WebSite\",\"@id\":\"https:\\\/\\\/regiaonews.net.br\\\/2022\\\/#website\",\"url\":\"https:\\\/\\\/regiaonews.net.br\\\/2022\\\/\",\"name\":\"Regi\u00e3o News\",\"description\":\"Site de Not\u00edcias de Barretos e regi\u00e3o\",\"publisher\":{\"@id\":\"https:\\\/\\\/regiaonews.net.br\\\/2022\\\/#organization\"},\"potentialAction\":[{\"@type\":\"SearchAction\",\"target\":{\"@type\":\"EntryPoint\",\"urlTemplate\":\"https:\\\/\\\/regiaonews.net.br\\\/2022\\\/?s={search_term_string}\"},\"query-input\":{\"@type\":\"PropertyValueSpecification\",\"valueRequired\":true,\"valueName\":\"search_term_string\"}}],\"inLanguage\":\"pt-BR\"},{\"@type\":\"Organization\",\"@id\":\"https:\\\/\\\/regiaonews.net.br\\\/2022\\\/#organization\",\"name\":\"Regi\u00e3o News\",\"url\":\"https:\\\/\\\/regiaonews.net.br\\\/2022\\\/\",\"logo\":{\"@type\":\"ImageObject\",\"inLanguage\":\"pt-BR\",\"@id\":\"https:\\\/\\\/regiaonews.net.br\\\/2022\\\/#\\\/schema\\\/logo\\\/image\\\/\",\"url\":\"https:\\\/\\\/regiaonews.net.br\\\/2022\\\/wp-content\\\/uploads\\\/2026\\\/03\\\/regiao-13-anos-scaled.jpg\",\"contentUrl\":\"https:\\\/\\\/regiaonews.net.br\\\/2022\\\/wp-content\\\/uploads\\\/2026\\\/03\\\/regiao-13-anos-scaled.jpg\",\"width\":2560,\"height\":635,\"caption\":\"Regi\u00e3o News\"},\"image\":{\"@id\":\"https:\\\/\\\/regiaonews.net.br\\\/2022\\\/#\\\/schema\\\/logo\\\/image\\\/\"}},{\"@type\":\"Person\",\"@id\":\"https:\\\/\\\/regiaonews.net.br\\\/2022\\\/#\\\/schema\\\/person\\\/2d205a608a5aa97ac279d7a5e6d89ad8\",\"name\":\"Roberto\",\"image\":{\"@type\":\"ImageObject\",\"inLanguage\":\"pt-BR\",\"@id\":\"https:\\\/\\\/secure.gravatar.com\\\/avatar\\\/42749d8b712ff9d59ca93dc150494e5b55a44134482993f5baeb97e61b7ecc89?s=96&d=mm&r=g\",\"url\":\"https:\\\/\\\/secure.gravatar.com\\\/avatar\\\/42749d8b712ff9d59ca93dc150494e5b55a44134482993f5baeb97e61b7ecc89?s=96&d=mm&r=g\",\"contentUrl\":\"https:\\\/\\\/secure.gravatar.com\\\/avatar\\\/42749d8b712ff9d59ca93dc150494e5b55a44134482993f5baeb97e61b7ecc89?s=96&d=mm&r=g\",\"caption\":\"Roberto\"},\"url\":\"https:\\\/\\\/regiaonews.net.br\\\/2022\\\/author\\\/roberto\\\/\"}]}<\/script>\n<!-- \/ Yoast SEO plugin. -->","yoast_head_json":{"title":"Economista ministra palestra durante evento BB Pr\u00e9-Agrishow - Regi\u00e3o News","robots":{"index":"index","follow":"follow","max-snippet":"max-snippet:-1","max-image-preview":"max-image-preview:large","max-video-preview":"max-video-preview:-1"},"canonical":"https:\/\/regiaonews.net.br\/2022\/2026\/04\/27\/economista-ministra-palestra-durante-evento-bb-pre-agrishow\/","og_locale":"pt_BR","og_type":"article","og_title":"Economista ministra palestra durante evento BB Pr\u00e9-Agrishow - Regi\u00e3o News","og_description":"&nbsp; Palestra realizada no Audit\u00f3rio do Sirvarig fez parte da","og_url":"https:\/\/regiaonews.net.br\/2022\/2026\/04\/27\/economista-ministra-palestra-durante-evento-bb-pre-agrishow\/","og_site_name":"Regi\u00e3o News","article_published_time":"2026-04-27T09:01:31+00:00","og_image":[{"width":1600,"height":1200,"url":"https:\/\/regiaonews.net.br\/2022\/wp-content\/uploads\/2026\/04\/IMG-20260424-WA0733.jpg","type":"image\/jpeg"}],"author":"Roberto","twitter_card":"summary_large_image","twitter_misc":{"Escrito por":"Roberto","Est. tempo de leitura":"3 minutos"},"schema":{"@context":"https:\/\/schema.org","@graph":[{"@type":"Article","@id":"https:\/\/regiaonews.net.br\/2022\/2026\/04\/27\/economista-ministra-palestra-durante-evento-bb-pre-agrishow\/#article","isPartOf":{"@id":"https:\/\/regiaonews.net.br\/2022\/2026\/04\/27\/economista-ministra-palestra-durante-evento-bb-pre-agrishow\/"},"author":{"name":"Roberto","@id":"https:\/\/regiaonews.net.br\/2022\/#\/schema\/person\/2d205a608a5aa97ac279d7a5e6d89ad8"},"headline":"Economista ministra palestra durante evento BB Pr\u00e9-Agrishow","datePublished":"2026-04-27T09:01:31+00:00","mainEntityOfPage":{"@id":"https:\/\/regiaonews.net.br\/2022\/2026\/04\/27\/economista-ministra-palestra-durante-evento-bb-pre-agrishow\/"},"wordCount":359,"commentCount":0,"publisher":{"@id":"https:\/\/regiaonews.net.br\/2022\/#organization"},"image":{"@id":"https:\/\/regiaonews.net.br\/2022\/2026\/04\/27\/economista-ministra-palestra-durante-evento-bb-pre-agrishow\/#primaryimage"},"thumbnailUrl":"https:\/\/regiaonews.net.br\/2022\/wp-content\/uploads\/2026\/04\/IMG-20260424-WA0733.jpg","articleSection":["Barretos","Cidades","Cotidiano"],"inLanguage":"pt-BR","potentialAction":[{"@type":"CommentAction","name":"Comment","target":["https:\/\/regiaonews.net.br\/2022\/2026\/04\/27\/economista-ministra-palestra-durante-evento-bb-pre-agrishow\/#respond"]}]},{"@type":"WebPage","@id":"https:\/\/regiaonews.net.br\/2022\/2026\/04\/27\/economista-ministra-palestra-durante-evento-bb-pre-agrishow\/","url":"https:\/\/regiaonews.net.br\/2022\/2026\/04\/27\/economista-ministra-palestra-durante-evento-bb-pre-agrishow\/","name":"Economista ministra palestra durante evento BB Pr\u00e9-Agrishow - Regi\u00e3o News","isPartOf":{"@id":"https:\/\/regiaonews.net.br\/2022\/#website"},"primaryImageOfPage":{"@id":"https:\/\/regiaonews.net.br\/2022\/2026\/04\/27\/economista-ministra-palestra-durante-evento-bb-pre-agrishow\/#primaryimage"},"image":{"@id":"https:\/\/regiaonews.net.br\/2022\/2026\/04\/27\/economista-ministra-palestra-durante-evento-bb-pre-agrishow\/#primaryimage"},"thumbnailUrl":"https:\/\/regiaonews.net.br\/2022\/wp-content\/uploads\/2026\/04\/IMG-20260424-WA0733.jpg","datePublished":"2026-04-27T09:01:31+00:00","breadcrumb":{"@id":"https:\/\/regiaonews.net.br\/2022\/2026\/04\/27\/economista-ministra-palestra-durante-evento-bb-pre-agrishow\/#breadcrumb"},"inLanguage":"pt-BR","potentialAction":[{"@type":"ReadAction","target":["https:\/\/regiaonews.net.br\/2022\/2026\/04\/27\/economista-ministra-palestra-durante-evento-bb-pre-agrishow\/"]}]},{"@type":"ImageObject","inLanguage":"pt-BR","@id":"https:\/\/regiaonews.net.br\/2022\/2026\/04\/27\/economista-ministra-palestra-durante-evento-bb-pre-agrishow\/#primaryimage","url":"https:\/\/regiaonews.net.br\/2022\/wp-content\/uploads\/2026\/04\/IMG-20260424-WA0733.jpg","contentUrl":"https:\/\/regiaonews.net.br\/2022\/wp-content\/uploads\/2026\/04\/IMG-20260424-WA0733.jpg","width":1600,"height":1200},{"@type":"BreadcrumbList","@id":"https:\/\/regiaonews.net.br\/2022\/2026\/04\/27\/economista-ministra-palestra-durante-evento-bb-pre-agrishow\/#breadcrumb","itemListElement":[{"@type":"ListItem","position":1,"name":"In\u00edcio","item":"https:\/\/regiaonews.net.br\/2022\/"},{"@type":"ListItem","position":2,"name":"Economista ministra palestra durante evento BB Pr\u00e9-Agrishow"}]},{"@type":"WebSite","@id":"https:\/\/regiaonews.net.br\/2022\/#website","url":"https:\/\/regiaonews.net.br\/2022\/","name":"Regi\u00e3o News","description":"Site de Not\u00edcias de Barretos e regi\u00e3o","publisher":{"@id":"https:\/\/regiaonews.net.br\/2022\/#organization"},"potentialAction":[{"@type":"SearchAction","target":{"@type":"EntryPoint","urlTemplate":"https:\/\/regiaonews.net.br\/2022\/?s={search_term_string}"},"query-input":{"@type":"PropertyValueSpecification","valueRequired":true,"valueName":"search_term_string"}}],"inLanguage":"pt-BR"},{"@type":"Organization","@id":"https:\/\/regiaonews.net.br\/2022\/#organization","name":"Regi\u00e3o News","url":"https:\/\/regiaonews.net.br\/2022\/","logo":{"@type":"ImageObject","inLanguage":"pt-BR","@id":"https:\/\/regiaonews.net.br\/2022\/#\/schema\/logo\/image\/","url":"https:\/\/regiaonews.net.br\/2022\/wp-content\/uploads\/2026\/03\/regiao-13-anos-scaled.jpg","contentUrl":"https:\/\/regiaonews.net.br\/2022\/wp-content\/uploads\/2026\/03\/regiao-13-anos-scaled.jpg","width":2560,"height":635,"caption":"Regi\u00e3o News"},"image":{"@id":"https:\/\/regiaonews.net.br\/2022\/#\/schema\/logo\/image\/"}},{"@type":"Person","@id":"https:\/\/regiaonews.net.br\/2022\/#\/schema\/person\/2d205a608a5aa97ac279d7a5e6d89ad8","name":"Roberto","image":{"@type":"ImageObject","inLanguage":"pt-BR","@id":"https:\/\/secure.gravatar.com\/avatar\/42749d8b712ff9d59ca93dc150494e5b55a44134482993f5baeb97e61b7ecc89?s=96&d=mm&r=g","url":"https:\/\/secure.gravatar.com\/avatar\/42749d8b712ff9d59ca93dc150494e5b55a44134482993f5baeb97e61b7ecc89?s=96&d=mm&r=g","contentUrl":"https:\/\/secure.gravatar.com\/avatar\/42749d8b712ff9d59ca93dc150494e5b55a44134482993f5baeb97e61b7ecc89?s=96&d=mm&r=g","caption":"Roberto"},"url":"https:\/\/regiaonews.net.br\/2022\/author\/roberto\/"}]}},"publishpress_future_action":{"enabled":false,"date":"2026-05-04 08:43:47","action":"change-status","newStatus":"draft","terms":[],"taxonomy":"category","extraData":[]},"publishpress_future_workflow_manual_trigger":{"enabledWorkflows":[]},"_links":{"self":[{"href":"https:\/\/regiaonews.net.br\/2022\/wp-json\/wp\/v2\/posts\/128065","targetHints":{"allow":["GET"]}}],"collection":[{"href":"https:\/\/regiaonews.net.br\/2022\/wp-json\/wp\/v2\/posts"}],"about":[{"href":"https:\/\/regiaonews.net.br\/2022\/wp-json\/wp\/v2\/types\/post"}],"author":[{"embeddable":true,"href":"https:\/\/regiaonews.net.br\/2022\/wp-json\/wp\/v2\/users\/2"}],"replies":[{"embeddable":true,"href":"https:\/\/regiaonews.net.br\/2022\/wp-json\/wp\/v2\/comments?post=128065"}],"version-history":[{"count":1,"href":"https:\/\/regiaonews.net.br\/2022\/wp-json\/wp\/v2\/posts\/128065\/revisions"}],"predecessor-version":[{"id":128071,"href":"https:\/\/regiaonews.net.br\/2022\/wp-json\/wp\/v2\/posts\/128065\/revisions\/128071"}],"wp:featuredmedia":[{"embeddable":true,"href":"https:\/\/regiaonews.net.br\/2022\/wp-json\/wp\/v2\/media\/128068"}],"wp:attachment":[{"href":"https:\/\/regiaonews.net.br\/2022\/wp-json\/wp\/v2\/media?parent=128065"}],"wp:term":[{"taxonomy":"category","embeddable":true,"href":"https:\/\/regiaonews.net.br\/2022\/wp-json\/wp\/v2\/categories?post=128065"},{"taxonomy":"post_tag","embeddable":true,"href":"https:\/\/regiaonews.net.br\/2022\/wp-json\/wp\/v2\/tags?post=128065"}],"curies":[{"name":"wp","href":"https:\/\/api.w.org\/{rel}","templated":true}]}}