{"id":128048,"date":"2026-04-26T12:16:24","date_gmt":"2026-04-26T15:16:24","guid":{"rendered":"https:\/\/regiaonews.net.br\/2022\/?p=128048"},"modified":"2026-04-26T12:16:24","modified_gmt":"2026-04-26T15:16:24","slug":"transplantar-aviacao-solidaria-completa-o-100o-voo-com-missao-em-rio-preto","status":"publish","type":"post","link":"https:\/\/regiaonews.net.br\/2022\/2026\/04\/26\/transplantar-aviacao-solidaria-completa-o-100o-voo-com-missao-em-rio-preto\/","title":{"rendered":"TransplantAR Avia\u00e7\u00e3o Solid\u00e1ria completa o 100\u00ba voo com miss\u00e3o em Rio Preto"},"content":{"rendered":"<p>&nbsp;<\/p>\n<p>GRUPO FRIGOESTRELA participa pela 14\u00aa vez do programa<\/p>\n<p>&nbsp;<\/p>\n<p>Lan\u00e7ado h\u00e1 quase dois anos, com a primeira miss\u00e3o em setembro de 2024, o programa do governo estadual chamado TransplantAR Avia\u00e7\u00e3o Solid\u00e1ria, uma iniciativa que tem como finalidade agilizar e baratear os custos de transporte de \u00f3rg\u00e3os para transplante, utilizando aeronaves particulares, completa seu 100\u00ba voo nessa sexta-feira, 24 de abril.<\/p>\n<p>&nbsp;<\/p>\n<p>Um avi\u00e3o particular, pertencente ao GRUPO FRIGOESTRELA, de Estrela D\u2019Oeste, chegou ao aeroporto de S\u00e3o Jos\u00e9 do Rio Preto \u00e0s 8h vindo de S\u00e3o Paulo para uma capta\u00e7\u00e3o tripla no Hospital de Base de Rio Preto. Nessa miss\u00e3o, cora\u00e7\u00e3o, f\u00edgado, p\u00e2ncreas e pulm\u00f5es foram captados e seguir\u00e3o de volta para S\u00e3o Paulo, onde os transplantes acontecer\u00e3o em diversos hospitais, dentre eles o IncorSP. O voo foi realizado por uma aeronave modelo Citation CJ4.<\/p>\n<p>&nbsp;<\/p>\n<p>\u201cEssa \u00e9 a 14\u00aa vez que podemos contribuir com esse incr\u00edvel projeto desde o in\u00edcio dele em 2024. S\u00f3 nesse m\u00eas de abril \u00e9 a 2\u00aa vez que a nossa equipe auxilia, podendo salvar at\u00e9 4 vidas, algo in\u00e9dito para n\u00f3s. S\u00e3o muitos motivos para celebrar essa 100\u00aa miss\u00e3o\u201d, comenta Vad\u00e3o Gomes, fundador do GRUPO FRIGOESTRELA. \u201cContinuaremos mantendo o nosso compromisso comunit\u00e1rio nesse importante e lindo programa, pois sabemos da import\u00e2ncia dele para todo um ciclo familiar\u201d, complementa.<\/p>\n<p>&nbsp;<\/p>\n<p>&nbsp;<\/p>\n<p>TransplantAR Avia\u00e7\u00e3o Solid\u00e1ria<\/p>\n<p>O projeto acontece de forma totalmente gratuita, o que tamb\u00e9m pode beneficiar um maior n\u00famero de pessoas, ampliando as chances de sucesso no procedimento cir\u00fargico. O GRUPO FRIGOESTRELA, que doou o voo, n\u00e3o tem nenhum benef\u00edcio fiscal ou financeiro para fazer o transporte, que \u00e9 totalmente custeado pelo dono da aeronave.<\/p>\n<p><a href=\"https:\/\/regiaonews.net.br\/2022\/wp-content\/uploads\/2026\/04\/WhatsApp-Image-2026-04-24-at-11.08.27.jpeg\"><img loading=\"lazy\" decoding=\"async\" class=\"alignnone size-medium wp-image-128049\" src=\"https:\/\/regiaonews.net.br\/2022\/wp-content\/uploads\/2026\/04\/WhatsApp-Image-2026-04-24-at-11.08.27-300x169.jpeg\" alt=\"\" width=\"300\" height=\"169\" srcset=\"https:\/\/regiaonews.net.br\/2022\/wp-content\/uploads\/2026\/04\/WhatsApp-Image-2026-04-24-at-11.08.27-300x169.jpeg 300w, https:\/\/regiaonews.net.br\/2022\/wp-content\/uploads\/2026\/04\/WhatsApp-Image-2026-04-24-at-11.08.27-1024x576.jpeg 1024w, https:\/\/regiaonews.net.br\/2022\/wp-content\/uploads\/2026\/04\/WhatsApp-Image-2026-04-24-at-11.08.27-768x432.jpeg 768w, https:\/\/regiaonews.net.br\/2022\/wp-content\/uploads\/2026\/04\/WhatsApp-Image-2026-04-24-at-11.08.27-250x141.jpeg 250w, https:\/\/regiaonews.net.br\/2022\/wp-content\/uploads\/2026\/04\/WhatsApp-Image-2026-04-24-at-11.08.27.jpeg 1280w\" sizes=\"auto, (max-width: 300px) 100vw, 300px\" \/><\/a><\/p>\n","protected":false},"excerpt":{"rendered":"<p>&nbsp; GRUPO FRIGOESTRELA participa pela 14\u00aa vez do programa &nbsp;<\/p>\n","protected":false},"author":2,"featured_media":128050,"comment_status":"open","ping_status":"open","sticky":false,"template":"","format":"standard","meta":{"footnotes":""},"categories":[25,111,38],"tags":[],"class_list":["post-128048","post","type-post","status-publish","format-standard","has-post-thumbnail","hentry","category-cidades","category-cotidiano","category-sao-jose-do-rio-preto"],"yoast_head":"<!-- This site is optimized with the Yoast SEO plugin v27.4 - https:\/\/yoast.com\/product\/yoast-seo-wordpress\/ -->\n<title>TransplantAR Avia\u00e7\u00e3o Solid\u00e1ria completa o 100\u00ba voo com miss\u00e3o em Rio Preto - Regi\u00e3o News<\/title>\n<meta name=\"robots\" content=\"index, follow, max-snippet:-1, max-image-preview:large, max-video-preview:-1\" \/>\n<link rel=\"canonical\" href=\"https:\/\/regiaonews.net.br\/2022\/2026\/04\/26\/transplantar-aviacao-solidaria-completa-o-100o-voo-com-missao-em-rio-preto\/\" \/>\n<meta property=\"og:locale\" content=\"pt_BR\" \/>\n<meta property=\"og:type\" content=\"article\" \/>\n<meta property=\"og:title\" content=\"TransplantAR Avia\u00e7\u00e3o Solid\u00e1ria completa o 100\u00ba voo com miss\u00e3o em Rio Preto - Regi\u00e3o News\" \/>\n<meta property=\"og:description\" content=\"&nbsp; GRUPO FRIGOESTRELA participa pela 14\u00aa vez do programa &nbsp;\" \/>\n<meta property=\"og:url\" content=\"https:\/\/regiaonews.net.br\/2022\/2026\/04\/26\/transplantar-aviacao-solidaria-completa-o-100o-voo-com-missao-em-rio-preto\/\" \/>\n<meta property=\"og:site_name\" content=\"Regi\u00e3o News\" \/>\n<meta property=\"article:published_time\" content=\"2026-04-26T15:16:24+00:00\" \/>\n<meta property=\"og:image\" content=\"https:\/\/regiaonews.net.br\/2022\/wp-content\/uploads\/2026\/04\/WhatsApp-Image-2026-04-24-at-08.59.33.jpeg\" \/>\n\t<meta property=\"og:image:width\" content=\"1280\" \/>\n\t<meta property=\"og:image:height\" content=\"698\" \/>\n\t<meta property=\"og:image:type\" content=\"image\/jpeg\" \/>\n<meta name=\"author\" content=\"Roberto\" \/>\n<meta name=\"twitter:card\" content=\"summary_large_image\" \/>\n<meta name=\"twitter:label1\" content=\"Escrito por\" \/>\n\t<meta name=\"twitter:data1\" content=\"Roberto\" \/>\n\t<meta name=\"twitter:label2\" content=\"Est. tempo de leitura\" \/>\n\t<meta name=\"twitter:data2\" content=\"2 minutos\" \/>\n<script type=\"application\/ld+json\" class=\"yoast-schema-graph\">{\"@context\":\"https:\\\/\\\/schema.org\",\"@graph\":[{\"@type\":\"Article\",\"@id\":\"https:\\\/\\\/regiaonews.net.br\\\/2022\\\/2026\\\/04\\\/26\\\/transplantar-aviacao-solidaria-completa-o-100o-voo-com-missao-em-rio-preto\\\/#article\",\"isPartOf\":{\"@id\":\"https:\\\/\\\/regiaonews.net.br\\\/2022\\\/2026\\\/04\\\/26\\\/transplantar-aviacao-solidaria-completa-o-100o-voo-com-missao-em-rio-preto\\\/\"},\"author\":{\"name\":\"Roberto\",\"@id\":\"https:\\\/\\\/regiaonews.net.br\\\/2022\\\/#\\\/schema\\\/person\\\/2d205a608a5aa97ac279d7a5e6d89ad8\"},\"headline\":\"TransplantAR Avia\u00e7\u00e3o Solid\u00e1ria completa o 100\u00ba voo com miss\u00e3o em Rio Preto\",\"datePublished\":\"2026-04-26T15:16:24+00:00\",\"mainEntityOfPage\":{\"@id\":\"https:\\\/\\\/regiaonews.net.br\\\/2022\\\/2026\\\/04\\\/26\\\/transplantar-aviacao-solidaria-completa-o-100o-voo-com-missao-em-rio-preto\\\/\"},\"wordCount\":307,\"commentCount\":0,\"publisher\":{\"@id\":\"https:\\\/\\\/regiaonews.net.br\\\/2022\\\/#organization\"},\"image\":{\"@id\":\"https:\\\/\\\/regiaonews.net.br\\\/2022\\\/2026\\\/04\\\/26\\\/transplantar-aviacao-solidaria-completa-o-100o-voo-com-missao-em-rio-preto\\\/#primaryimage\"},\"thumbnailUrl\":\"https:\\\/\\\/regiaonews.net.br\\\/2022\\\/wp-content\\\/uploads\\\/2026\\\/04\\\/WhatsApp-Image-2026-04-24-at-08.59.33.jpeg\",\"articleSection\":[\"Cidades\",\"Cotidiano\",\"S\u00e3o Jos\u00e9 do RIo Preto\"],\"inLanguage\":\"pt-BR\",\"potentialAction\":[{\"@type\":\"CommentAction\",\"name\":\"Comment\",\"target\":[\"https:\\\/\\\/regiaonews.net.br\\\/2022\\\/2026\\\/04\\\/26\\\/transplantar-aviacao-solidaria-completa-o-100o-voo-com-missao-em-rio-preto\\\/#respond\"]}]},{\"@type\":\"WebPage\",\"@id\":\"https:\\\/\\\/regiaonews.net.br\\\/2022\\\/2026\\\/04\\\/26\\\/transplantar-aviacao-solidaria-completa-o-100o-voo-com-missao-em-rio-preto\\\/\",\"url\":\"https:\\\/\\\/regiaonews.net.br\\\/2022\\\/2026\\\/04\\\/26\\\/transplantar-aviacao-solidaria-completa-o-100o-voo-com-missao-em-rio-preto\\\/\",\"name\":\"TransplantAR Avia\u00e7\u00e3o Solid\u00e1ria completa o 100\u00ba voo com miss\u00e3o em Rio Preto - Regi\u00e3o News\",\"isPartOf\":{\"@id\":\"https:\\\/\\\/regiaonews.net.br\\\/2022\\\/#website\"},\"primaryImageOfPage\":{\"@id\":\"https:\\\/\\\/regiaonews.net.br\\\/2022\\\/2026\\\/04\\\/26\\\/transplantar-aviacao-solidaria-completa-o-100o-voo-com-missao-em-rio-preto\\\/#primaryimage\"},\"image\":{\"@id\":\"https:\\\/\\\/regiaonews.net.br\\\/2022\\\/2026\\\/04\\\/26\\\/transplantar-aviacao-solidaria-completa-o-100o-voo-com-missao-em-rio-preto\\\/#primaryimage\"},\"thumbnailUrl\":\"https:\\\/\\\/regiaonews.net.br\\\/2022\\\/wp-content\\\/uploads\\\/2026\\\/04\\\/WhatsApp-Image-2026-04-24-at-08.59.33.jpeg\",\"datePublished\":\"2026-04-26T15:16:24+00:00\",\"breadcrumb\":{\"@id\":\"https:\\\/\\\/regiaonews.net.br\\\/2022\\\/2026\\\/04\\\/26\\\/transplantar-aviacao-solidaria-completa-o-100o-voo-com-missao-em-rio-preto\\\/#breadcrumb\"},\"inLanguage\":\"pt-BR\",\"potentialAction\":[{\"@type\":\"ReadAction\",\"target\":[\"https:\\\/\\\/regiaonews.net.br\\\/2022\\\/2026\\\/04\\\/26\\\/transplantar-aviacao-solidaria-completa-o-100o-voo-com-missao-em-rio-preto\\\/\"]}]},{\"@type\":\"ImageObject\",\"inLanguage\":\"pt-BR\",\"@id\":\"https:\\\/\\\/regiaonews.net.br\\\/2022\\\/2026\\\/04\\\/26\\\/transplantar-aviacao-solidaria-completa-o-100o-voo-com-missao-em-rio-preto\\\/#primaryimage\",\"url\":\"https:\\\/\\\/regiaonews.net.br\\\/2022\\\/wp-content\\\/uploads\\\/2026\\\/04\\\/WhatsApp-Image-2026-04-24-at-08.59.33.jpeg\",\"contentUrl\":\"https:\\\/\\\/regiaonews.net.br\\\/2022\\\/wp-content\\\/uploads\\\/2026\\\/04\\\/WhatsApp-Image-2026-04-24-at-08.59.33.jpeg\",\"width\":1280,\"height\":698},{\"@type\":\"BreadcrumbList\",\"@id\":\"https:\\\/\\\/regiaonews.net.br\\\/2022\\\/2026\\\/04\\\/26\\\/transplantar-aviacao-solidaria-completa-o-100o-voo-com-missao-em-rio-preto\\\/#breadcrumb\",\"itemListElement\":[{\"@type\":\"ListItem\",\"position\":1,\"name\":\"In\u00edcio\",\"item\":\"https:\\\/\\\/regiaonews.net.br\\\/2022\\\/\"},{\"@type\":\"ListItem\",\"position\":2,\"name\":\"TransplantAR Avia\u00e7\u00e3o Solid\u00e1ria completa o 100\u00ba voo com miss\u00e3o em Rio Preto\"}]},{\"@type\":\"WebSite\",\"@id\":\"https:\\\/\\\/regiaonews.net.br\\\/2022\\\/#website\",\"url\":\"https:\\\/\\\/regiaonews.net.br\\\/2022\\\/\",\"name\":\"Regi\u00e3o News\",\"description\":\"Site de Not\u00edcias de Barretos e regi\u00e3o\",\"publisher\":{\"@id\":\"https:\\\/\\\/regiaonews.net.br\\\/2022\\\/#organization\"},\"potentialAction\":[{\"@type\":\"SearchAction\",\"target\":{\"@type\":\"EntryPoint\",\"urlTemplate\":\"https:\\\/\\\/regiaonews.net.br\\\/2022\\\/?s={search_term_string}\"},\"query-input\":{\"@type\":\"PropertyValueSpecification\",\"valueRequired\":true,\"valueName\":\"search_term_string\"}}],\"inLanguage\":\"pt-BR\"},{\"@type\":\"Organization\",\"@id\":\"https:\\\/\\\/regiaonews.net.br\\\/2022\\\/#organization\",\"name\":\"Regi\u00e3o News\",\"url\":\"https:\\\/\\\/regiaonews.net.br\\\/2022\\\/\",\"logo\":{\"@type\":\"ImageObject\",\"inLanguage\":\"pt-BR\",\"@id\":\"https:\\\/\\\/regiaonews.net.br\\\/2022\\\/#\\\/schema\\\/logo\\\/image\\\/\",\"url\":\"https:\\\/\\\/regiaonews.net.br\\\/2022\\\/wp-content\\\/uploads\\\/2026\\\/03\\\/regiao-13-anos-scaled.jpg\",\"contentUrl\":\"https:\\\/\\\/regiaonews.net.br\\\/2022\\\/wp-content\\\/uploads\\\/2026\\\/03\\\/regiao-13-anos-scaled.jpg\",\"width\":2560,\"height\":635,\"caption\":\"Regi\u00e3o News\"},\"image\":{\"@id\":\"https:\\\/\\\/regiaonews.net.br\\\/2022\\\/#\\\/schema\\\/logo\\\/image\\\/\"}},{\"@type\":\"Person\",\"@id\":\"https:\\\/\\\/regiaonews.net.br\\\/2022\\\/#\\\/schema\\\/person\\\/2d205a608a5aa97ac279d7a5e6d89ad8\",\"name\":\"Roberto\",\"image\":{\"@type\":\"ImageObject\",\"inLanguage\":\"pt-BR\",\"@id\":\"https:\\\/\\\/secure.gravatar.com\\\/avatar\\\/42749d8b712ff9d59ca93dc150494e5b55a44134482993f5baeb97e61b7ecc89?s=96&d=mm&r=g\",\"url\":\"https:\\\/\\\/secure.gravatar.com\\\/avatar\\\/42749d8b712ff9d59ca93dc150494e5b55a44134482993f5baeb97e61b7ecc89?s=96&d=mm&r=g\",\"contentUrl\":\"https:\\\/\\\/secure.gravatar.com\\\/avatar\\\/42749d8b712ff9d59ca93dc150494e5b55a44134482993f5baeb97e61b7ecc89?s=96&d=mm&r=g\",\"caption\":\"Roberto\"},\"url\":\"https:\\\/\\\/regiaonews.net.br\\\/2022\\\/author\\\/roberto\\\/\"}]}<\/script>\n<!-- \/ Yoast SEO plugin. -->","yoast_head_json":{"title":"TransplantAR Avia\u00e7\u00e3o Solid\u00e1ria completa o 100\u00ba voo com miss\u00e3o em Rio Preto - Regi\u00e3o News","robots":{"index":"index","follow":"follow","max-snippet":"max-snippet:-1","max-image-preview":"max-image-preview:large","max-video-preview":"max-video-preview:-1"},"canonical":"https:\/\/regiaonews.net.br\/2022\/2026\/04\/26\/transplantar-aviacao-solidaria-completa-o-100o-voo-com-missao-em-rio-preto\/","og_locale":"pt_BR","og_type":"article","og_title":"TransplantAR Avia\u00e7\u00e3o Solid\u00e1ria completa o 100\u00ba voo com miss\u00e3o em Rio Preto - Regi\u00e3o News","og_description":"&nbsp; GRUPO FRIGOESTRELA participa pela 14\u00aa vez do programa &nbsp;","og_url":"https:\/\/regiaonews.net.br\/2022\/2026\/04\/26\/transplantar-aviacao-solidaria-completa-o-100o-voo-com-missao-em-rio-preto\/","og_site_name":"Regi\u00e3o News","article_published_time":"2026-04-26T15:16:24+00:00","og_image":[{"width":1280,"height":698,"url":"https:\/\/regiaonews.net.br\/2022\/wp-content\/uploads\/2026\/04\/WhatsApp-Image-2026-04-24-at-08.59.33.jpeg","type":"image\/jpeg"}],"author":"Roberto","twitter_card":"summary_large_image","twitter_misc":{"Escrito por":"Roberto","Est. tempo de leitura":"2 minutos"},"schema":{"@context":"https:\/\/schema.org","@graph":[{"@type":"Article","@id":"https:\/\/regiaonews.net.br\/2022\/2026\/04\/26\/transplantar-aviacao-solidaria-completa-o-100o-voo-com-missao-em-rio-preto\/#article","isPartOf":{"@id":"https:\/\/regiaonews.net.br\/2022\/2026\/04\/26\/transplantar-aviacao-solidaria-completa-o-100o-voo-com-missao-em-rio-preto\/"},"author":{"name":"Roberto","@id":"https:\/\/regiaonews.net.br\/2022\/#\/schema\/person\/2d205a608a5aa97ac279d7a5e6d89ad8"},"headline":"TransplantAR Avia\u00e7\u00e3o Solid\u00e1ria completa o 100\u00ba voo com miss\u00e3o em Rio Preto","datePublished":"2026-04-26T15:16:24+00:00","mainEntityOfPage":{"@id":"https:\/\/regiaonews.net.br\/2022\/2026\/04\/26\/transplantar-aviacao-solidaria-completa-o-100o-voo-com-missao-em-rio-preto\/"},"wordCount":307,"commentCount":0,"publisher":{"@id":"https:\/\/regiaonews.net.br\/2022\/#organization"},"image":{"@id":"https:\/\/regiaonews.net.br\/2022\/2026\/04\/26\/transplantar-aviacao-solidaria-completa-o-100o-voo-com-missao-em-rio-preto\/#primaryimage"},"thumbnailUrl":"https:\/\/regiaonews.net.br\/2022\/wp-content\/uploads\/2026\/04\/WhatsApp-Image-2026-04-24-at-08.59.33.jpeg","articleSection":["Cidades","Cotidiano","S\u00e3o Jos\u00e9 do RIo Preto"],"inLanguage":"pt-BR","potentialAction":[{"@type":"CommentAction","name":"Comment","target":["https:\/\/regiaonews.net.br\/2022\/2026\/04\/26\/transplantar-aviacao-solidaria-completa-o-100o-voo-com-missao-em-rio-preto\/#respond"]}]},{"@type":"WebPage","@id":"https:\/\/regiaonews.net.br\/2022\/2026\/04\/26\/transplantar-aviacao-solidaria-completa-o-100o-voo-com-missao-em-rio-preto\/","url":"https:\/\/regiaonews.net.br\/2022\/2026\/04\/26\/transplantar-aviacao-solidaria-completa-o-100o-voo-com-missao-em-rio-preto\/","name":"TransplantAR Avia\u00e7\u00e3o Solid\u00e1ria completa o 100\u00ba voo com miss\u00e3o em Rio Preto - Regi\u00e3o News","isPartOf":{"@id":"https:\/\/regiaonews.net.br\/2022\/#website"},"primaryImageOfPage":{"@id":"https:\/\/regiaonews.net.br\/2022\/2026\/04\/26\/transplantar-aviacao-solidaria-completa-o-100o-voo-com-missao-em-rio-preto\/#primaryimage"},"image":{"@id":"https:\/\/regiaonews.net.br\/2022\/2026\/04\/26\/transplantar-aviacao-solidaria-completa-o-100o-voo-com-missao-em-rio-preto\/#primaryimage"},"thumbnailUrl":"https:\/\/regiaonews.net.br\/2022\/wp-content\/uploads\/2026\/04\/WhatsApp-Image-2026-04-24-at-08.59.33.jpeg","datePublished":"2026-04-26T15:16:24+00:00","breadcrumb":{"@id":"https:\/\/regiaonews.net.br\/2022\/2026\/04\/26\/transplantar-aviacao-solidaria-completa-o-100o-voo-com-missao-em-rio-preto\/#breadcrumb"},"inLanguage":"pt-BR","potentialAction":[{"@type":"ReadAction","target":["https:\/\/regiaonews.net.br\/2022\/2026\/04\/26\/transplantar-aviacao-solidaria-completa-o-100o-voo-com-missao-em-rio-preto\/"]}]},{"@type":"ImageObject","inLanguage":"pt-BR","@id":"https:\/\/regiaonews.net.br\/2022\/2026\/04\/26\/transplantar-aviacao-solidaria-completa-o-100o-voo-com-missao-em-rio-preto\/#primaryimage","url":"https:\/\/regiaonews.net.br\/2022\/wp-content\/uploads\/2026\/04\/WhatsApp-Image-2026-04-24-at-08.59.33.jpeg","contentUrl":"https:\/\/regiaonews.net.br\/2022\/wp-content\/uploads\/2026\/04\/WhatsApp-Image-2026-04-24-at-08.59.33.jpeg","width":1280,"height":698},{"@type":"BreadcrumbList","@id":"https:\/\/regiaonews.net.br\/2022\/2026\/04\/26\/transplantar-aviacao-solidaria-completa-o-100o-voo-com-missao-em-rio-preto\/#breadcrumb","itemListElement":[{"@type":"ListItem","position":1,"name":"In\u00edcio","item":"https:\/\/regiaonews.net.br\/2022\/"},{"@type":"ListItem","position":2,"name":"TransplantAR Avia\u00e7\u00e3o Solid\u00e1ria completa o 100\u00ba voo com miss\u00e3o em Rio Preto"}]},{"@type":"WebSite","@id":"https:\/\/regiaonews.net.br\/2022\/#website","url":"https:\/\/regiaonews.net.br\/2022\/","name":"Regi\u00e3o News","description":"Site de Not\u00edcias de Barretos e regi\u00e3o","publisher":{"@id":"https:\/\/regiaonews.net.br\/2022\/#organization"},"potentialAction":[{"@type":"SearchAction","target":{"@type":"EntryPoint","urlTemplate":"https:\/\/regiaonews.net.br\/2022\/?s={search_term_string}"},"query-input":{"@type":"PropertyValueSpecification","valueRequired":true,"valueName":"search_term_string"}}],"inLanguage":"pt-BR"},{"@type":"Organization","@id":"https:\/\/regiaonews.net.br\/2022\/#organization","name":"Regi\u00e3o News","url":"https:\/\/regiaonews.net.br\/2022\/","logo":{"@type":"ImageObject","inLanguage":"pt-BR","@id":"https:\/\/regiaonews.net.br\/2022\/#\/schema\/logo\/image\/","url":"https:\/\/regiaonews.net.br\/2022\/wp-content\/uploads\/2026\/03\/regiao-13-anos-scaled.jpg","contentUrl":"https:\/\/regiaonews.net.br\/2022\/wp-content\/uploads\/2026\/03\/regiao-13-anos-scaled.jpg","width":2560,"height":635,"caption":"Regi\u00e3o News"},"image":{"@id":"https:\/\/regiaonews.net.br\/2022\/#\/schema\/logo\/image\/"}},{"@type":"Person","@id":"https:\/\/regiaonews.net.br\/2022\/#\/schema\/person\/2d205a608a5aa97ac279d7a5e6d89ad8","name":"Roberto","image":{"@type":"ImageObject","inLanguage":"pt-BR","@id":"https:\/\/secure.gravatar.com\/avatar\/42749d8b712ff9d59ca93dc150494e5b55a44134482993f5baeb97e61b7ecc89?s=96&d=mm&r=g","url":"https:\/\/secure.gravatar.com\/avatar\/42749d8b712ff9d59ca93dc150494e5b55a44134482993f5baeb97e61b7ecc89?s=96&d=mm&r=g","contentUrl":"https:\/\/secure.gravatar.com\/avatar\/42749d8b712ff9d59ca93dc150494e5b55a44134482993f5baeb97e61b7ecc89?s=96&d=mm&r=g","caption":"Roberto"},"url":"https:\/\/regiaonews.net.br\/2022\/author\/roberto\/"}]}},"publishpress_future_action":{"enabled":false,"date":"2026-05-03 15:22:20","action":"change-status","newStatus":"draft","terms":[],"taxonomy":"category","extraData":[]},"publishpress_future_workflow_manual_trigger":{"enabledWorkflows":[]},"_links":{"self":[{"href":"https:\/\/regiaonews.net.br\/2022\/wp-json\/wp\/v2\/posts\/128048","targetHints":{"allow":["GET"]}}],"collection":[{"href":"https:\/\/regiaonews.net.br\/2022\/wp-json\/wp\/v2\/posts"}],"about":[{"href":"https:\/\/regiaonews.net.br\/2022\/wp-json\/wp\/v2\/types\/post"}],"author":[{"embeddable":true,"href":"https:\/\/regiaonews.net.br\/2022\/wp-json\/wp\/v2\/users\/2"}],"replies":[{"embeddable":true,"href":"https:\/\/regiaonews.net.br\/2022\/wp-json\/wp\/v2\/comments?post=128048"}],"version-history":[{"count":1,"href":"https:\/\/regiaonews.net.br\/2022\/wp-json\/wp\/v2\/posts\/128048\/revisions"}],"predecessor-version":[{"id":128051,"href":"https:\/\/regiaonews.net.br\/2022\/wp-json\/wp\/v2\/posts\/128048\/revisions\/128051"}],"wp:featuredmedia":[{"embeddable":true,"href":"https:\/\/regiaonews.net.br\/2022\/wp-json\/wp\/v2\/media\/128050"}],"wp:attachment":[{"href":"https:\/\/regiaonews.net.br\/2022\/wp-json\/wp\/v2\/media?parent=128048"}],"wp:term":[{"taxonomy":"category","embeddable":true,"href":"https:\/\/regiaonews.net.br\/2022\/wp-json\/wp\/v2\/categories?post=128048"},{"taxonomy":"post_tag","embeddable":true,"href":"https:\/\/regiaonews.net.br\/2022\/wp-json\/wp\/v2\/tags?post=128048"}],"curies":[{"name":"wp","href":"https:\/\/api.w.org\/{rel}","templated":true}]}}