{"id":123527,"date":"2025-11-11T08:21:53","date_gmt":"2025-11-11T11:21:53","guid":{"rendered":"https:\/\/regiaonews.net.br\/2022\/?p=123527"},"modified":"2025-11-11T08:21:53","modified_gmt":"2025-11-11T11:21:53","slug":"santuario-nacional-completa-70-anos-de-construcao-da-igreja","status":"publish","type":"post","link":"https:\/\/regiaonews.net.br\/2022\/2025\/11\/11\/santuario-nacional-completa-70-anos-de-construcao-da-igreja\/","title":{"rendered":"Santu\u00e1rio Nacional completa 70 anos de constru\u00e7\u00e3o da Igreja"},"content":{"rendered":"<p>&nbsp;<\/p>\n<p>O Santu\u00e1rio Nacional de Aparecida comemora nesta ter\u00e7a-feira, dia 11, os 70 anos que come\u00e7ou a constru\u00eddo. A obra foi iniciada em 11 de novembro de 1955, porque a Bas\u00edlica Hist\u00f3rica foi ficando pequena para tantos devotos.<\/p>\n<p>A pedra fundamental, do templo, pode ser vista pelos fi\u00e9is que visitam a Casa de Nossa Senhora. Ela est\u00e1 localizada na nave norte, lado esquerdo da Igreja. \u201cE al\u00e9m de ter sido o in\u00edcio de toda constru\u00e7\u00e3o, tamb\u00e9m foi escolhida pelos redentoristas para ser a primeira das fachadas a ser finalizada neste revestimento em mosaico\u201d, explicou a orientadora de cultura, Ellen Antunes Martins.<\/p>\n<p>A arte sacra n\u00e3o \u00e9 apenas externa. Na parte interna tamb\u00e9m \u00e9 poss\u00edvel admirar os requintes do artista. Os s\u00edmbolos levam os fi\u00e9is a mergulharem na ora\u00e7\u00e3o. \u201cA gente tem atrav\u00e9s de alguns detalhes a fauna e a flora brasileiros representados, os anjos trazem os tra\u00e7os diferentes art\u00edsticos, nos detalhes que ele tem, que s\u00e3o tra\u00e7os da pr\u00f3pria cultura do Brasil, onde a gente tem o anjo indigena, o anjo africano, o anjo europeu, o anjo caboclo. Ent\u00e3o s\u00e3o todos detalhes que est\u00e3o perto da nossa cultura\u201d, acrescentou Ellen.<\/p>\n<p>Um Santu\u00e1rio que abra\u00e7a cada filho, por meio das pinturas estampadas nas paredes do templo, o fiel \u00e9 impulsionado a chegar mais perto dela, Nossa Senhora. Tudo aqui \u00e9 feito para Deus e por meio Dela, a M\u00e3e Aparecida.<\/p>\n<p>&nbsp;<\/p>\n<p>&nbsp;<\/p>\n<p>&nbsp;<\/p>\n<p>&nbsp;<\/p>\n","protected":false},"excerpt":{"rendered":"<p>&nbsp; O Santu\u00e1rio Nacional de Aparecida comemora nesta ter\u00e7a-feira, dia<\/p>\n","protected":false},"author":2,"featured_media":123528,"comment_status":"open","ping_status":"open","sticky":false,"template":"","format":"standard","meta":{"footnotes":""},"categories":[24,25,111],"tags":[],"class_list":["post-123527","post","type-post","status-publish","format-standard","has-post-thumbnail","hentry","category-brasil","category-cidades","category-cotidiano"],"yoast_head":"<!-- This site is optimized with the Yoast SEO plugin v27.5 - https:\/\/yoast.com\/product\/yoast-seo-wordpress\/ -->\n<title>Santu\u00e1rio Nacional completa 70 anos de constru\u00e7\u00e3o da Igreja - Regi\u00e3o News<\/title>\n<meta name=\"robots\" content=\"index, follow, max-snippet:-1, max-image-preview:large, max-video-preview:-1\" \/>\n<link rel=\"canonical\" href=\"https:\/\/regiaonews.net.br\/2022\/2025\/11\/11\/santuario-nacional-completa-70-anos-de-construcao-da-igreja\/\" \/>\n<meta property=\"og:locale\" content=\"pt_BR\" \/>\n<meta property=\"og:type\" content=\"article\" \/>\n<meta property=\"og:title\" content=\"Santu\u00e1rio Nacional completa 70 anos de constru\u00e7\u00e3o da Igreja - Regi\u00e3o News\" \/>\n<meta property=\"og:description\" content=\"&nbsp; O Santu\u00e1rio Nacional de Aparecida comemora nesta ter\u00e7a-feira, dia\" \/>\n<meta property=\"og:url\" content=\"https:\/\/regiaonews.net.br\/2022\/2025\/11\/11\/santuario-nacional-completa-70-anos-de-construcao-da-igreja\/\" \/>\n<meta property=\"og:site_name\" content=\"Regi\u00e3o News\" \/>\n<meta property=\"article:published_time\" content=\"2025-11-11T11:21:53+00:00\" \/>\n<meta property=\"og:image\" content=\"https:\/\/regiaonews.net.br\/2022\/wp-content\/uploads\/2025\/11\/IMG-20251110-WA0228.jpg\" \/>\n\t<meta property=\"og:image:width\" content=\"1600\" \/>\n\t<meta property=\"og:image:height\" content=\"1200\" \/>\n\t<meta property=\"og:image:type\" content=\"image\/jpeg\" \/>\n<meta name=\"author\" content=\"Roberto\" \/>\n<meta name=\"twitter:card\" content=\"summary_large_image\" \/>\n<meta name=\"twitter:label1\" content=\"Escrito por\" \/>\n\t<meta name=\"twitter:data1\" content=\"Roberto\" \/>\n\t<meta name=\"twitter:label2\" content=\"Est. tempo de leitura\" \/>\n\t<meta name=\"twitter:data2\" content=\"2 minutos\" \/>\n<script type=\"application\/ld+json\" class=\"yoast-schema-graph\">{\"@context\":\"https:\\\/\\\/schema.org\",\"@graph\":[{\"@type\":\"Article\",\"@id\":\"https:\\\/\\\/regiaonews.net.br\\\/2022\\\/2025\\\/11\\\/11\\\/santuario-nacional-completa-70-anos-de-construcao-da-igreja\\\/#article\",\"isPartOf\":{\"@id\":\"https:\\\/\\\/regiaonews.net.br\\\/2022\\\/2025\\\/11\\\/11\\\/santuario-nacional-completa-70-anos-de-construcao-da-igreja\\\/\"},\"author\":{\"name\":\"Roberto\",\"@id\":\"https:\\\/\\\/regiaonews.net.br\\\/2022\\\/#\\\/schema\\\/person\\\/2d205a608a5aa97ac279d7a5e6d89ad8\"},\"headline\":\"Santu\u00e1rio Nacional completa 70 anos de constru\u00e7\u00e3o da Igreja\",\"datePublished\":\"2025-11-11T11:21:53+00:00\",\"mainEntityOfPage\":{\"@id\":\"https:\\\/\\\/regiaonews.net.br\\\/2022\\\/2025\\\/11\\\/11\\\/santuario-nacional-completa-70-anos-de-construcao-da-igreja\\\/\"},\"wordCount\":264,\"commentCount\":0,\"publisher\":{\"@id\":\"https:\\\/\\\/regiaonews.net.br\\\/2022\\\/#organization\"},\"image\":{\"@id\":\"https:\\\/\\\/regiaonews.net.br\\\/2022\\\/2025\\\/11\\\/11\\\/santuario-nacional-completa-70-anos-de-construcao-da-igreja\\\/#primaryimage\"},\"thumbnailUrl\":\"https:\\\/\\\/regiaonews.net.br\\\/2022\\\/wp-content\\\/uploads\\\/2025\\\/11\\\/IMG-20251110-WA0228.jpg\",\"articleSection\":[\"Brasil\",\"Cidades\",\"Cotidiano\"],\"inLanguage\":\"pt-BR\",\"potentialAction\":[{\"@type\":\"CommentAction\",\"name\":\"Comment\",\"target\":[\"https:\\\/\\\/regiaonews.net.br\\\/2022\\\/2025\\\/11\\\/11\\\/santuario-nacional-completa-70-anos-de-construcao-da-igreja\\\/#respond\"]}]},{\"@type\":\"WebPage\",\"@id\":\"https:\\\/\\\/regiaonews.net.br\\\/2022\\\/2025\\\/11\\\/11\\\/santuario-nacional-completa-70-anos-de-construcao-da-igreja\\\/\",\"url\":\"https:\\\/\\\/regiaonews.net.br\\\/2022\\\/2025\\\/11\\\/11\\\/santuario-nacional-completa-70-anos-de-construcao-da-igreja\\\/\",\"name\":\"Santu\u00e1rio Nacional completa 70 anos de constru\u00e7\u00e3o da Igreja - Regi\u00e3o News\",\"isPartOf\":{\"@id\":\"https:\\\/\\\/regiaonews.net.br\\\/2022\\\/#website\"},\"primaryImageOfPage\":{\"@id\":\"https:\\\/\\\/regiaonews.net.br\\\/2022\\\/2025\\\/11\\\/11\\\/santuario-nacional-completa-70-anos-de-construcao-da-igreja\\\/#primaryimage\"},\"image\":{\"@id\":\"https:\\\/\\\/regiaonews.net.br\\\/2022\\\/2025\\\/11\\\/11\\\/santuario-nacional-completa-70-anos-de-construcao-da-igreja\\\/#primaryimage\"},\"thumbnailUrl\":\"https:\\\/\\\/regiaonews.net.br\\\/2022\\\/wp-content\\\/uploads\\\/2025\\\/11\\\/IMG-20251110-WA0228.jpg\",\"datePublished\":\"2025-11-11T11:21:53+00:00\",\"breadcrumb\":{\"@id\":\"https:\\\/\\\/regiaonews.net.br\\\/2022\\\/2025\\\/11\\\/11\\\/santuario-nacional-completa-70-anos-de-construcao-da-igreja\\\/#breadcrumb\"},\"inLanguage\":\"pt-BR\",\"potentialAction\":[{\"@type\":\"ReadAction\",\"target\":[\"https:\\\/\\\/regiaonews.net.br\\\/2022\\\/2025\\\/11\\\/11\\\/santuario-nacional-completa-70-anos-de-construcao-da-igreja\\\/\"]}]},{\"@type\":\"ImageObject\",\"inLanguage\":\"pt-BR\",\"@id\":\"https:\\\/\\\/regiaonews.net.br\\\/2022\\\/2025\\\/11\\\/11\\\/santuario-nacional-completa-70-anos-de-construcao-da-igreja\\\/#primaryimage\",\"url\":\"https:\\\/\\\/regiaonews.net.br\\\/2022\\\/wp-content\\\/uploads\\\/2025\\\/11\\\/IMG-20251110-WA0228.jpg\",\"contentUrl\":\"https:\\\/\\\/regiaonews.net.br\\\/2022\\\/wp-content\\\/uploads\\\/2025\\\/11\\\/IMG-20251110-WA0228.jpg\",\"width\":1600,\"height\":1200},{\"@type\":\"BreadcrumbList\",\"@id\":\"https:\\\/\\\/regiaonews.net.br\\\/2022\\\/2025\\\/11\\\/11\\\/santuario-nacional-completa-70-anos-de-construcao-da-igreja\\\/#breadcrumb\",\"itemListElement\":[{\"@type\":\"ListItem\",\"position\":1,\"name\":\"In\u00edcio\",\"item\":\"https:\\\/\\\/regiaonews.net.br\\\/2022\\\/\"},{\"@type\":\"ListItem\",\"position\":2,\"name\":\"Santu\u00e1rio Nacional completa 70 anos de constru\u00e7\u00e3o da Igreja\"}]},{\"@type\":\"WebSite\",\"@id\":\"https:\\\/\\\/regiaonews.net.br\\\/2022\\\/#website\",\"url\":\"https:\\\/\\\/regiaonews.net.br\\\/2022\\\/\",\"name\":\"Regi\u00e3o News\",\"description\":\"Site de Not\u00edcias de Barretos e regi\u00e3o\",\"publisher\":{\"@id\":\"https:\\\/\\\/regiaonews.net.br\\\/2022\\\/#organization\"},\"potentialAction\":[{\"@type\":\"SearchAction\",\"target\":{\"@type\":\"EntryPoint\",\"urlTemplate\":\"https:\\\/\\\/regiaonews.net.br\\\/2022\\\/?s={search_term_string}\"},\"query-input\":{\"@type\":\"PropertyValueSpecification\",\"valueRequired\":true,\"valueName\":\"search_term_string\"}}],\"inLanguage\":\"pt-BR\"},{\"@type\":\"Organization\",\"@id\":\"https:\\\/\\\/regiaonews.net.br\\\/2022\\\/#organization\",\"name\":\"Regi\u00e3o News\",\"url\":\"https:\\\/\\\/regiaonews.net.br\\\/2022\\\/\",\"logo\":{\"@type\":\"ImageObject\",\"inLanguage\":\"pt-BR\",\"@id\":\"https:\\\/\\\/regiaonews.net.br\\\/2022\\\/#\\\/schema\\\/logo\\\/image\\\/\",\"url\":\"https:\\\/\\\/regiaonews.net.br\\\/2022\\\/wp-content\\\/uploads\\\/2026\\\/03\\\/regiao-13-anos-scaled.jpg\",\"contentUrl\":\"https:\\\/\\\/regiaonews.net.br\\\/2022\\\/wp-content\\\/uploads\\\/2026\\\/03\\\/regiao-13-anos-scaled.jpg\",\"width\":2560,\"height\":635,\"caption\":\"Regi\u00e3o News\"},\"image\":{\"@id\":\"https:\\\/\\\/regiaonews.net.br\\\/2022\\\/#\\\/schema\\\/logo\\\/image\\\/\"}},{\"@type\":\"Person\",\"@id\":\"https:\\\/\\\/regiaonews.net.br\\\/2022\\\/#\\\/schema\\\/person\\\/2d205a608a5aa97ac279d7a5e6d89ad8\",\"name\":\"Roberto\",\"image\":{\"@type\":\"ImageObject\",\"inLanguage\":\"pt-BR\",\"@id\":\"https:\\\/\\\/secure.gravatar.com\\\/avatar\\\/42749d8b712ff9d59ca93dc150494e5b55a44134482993f5baeb97e61b7ecc89?s=96&d=mm&r=g\",\"url\":\"https:\\\/\\\/secure.gravatar.com\\\/avatar\\\/42749d8b712ff9d59ca93dc150494e5b55a44134482993f5baeb97e61b7ecc89?s=96&d=mm&r=g\",\"contentUrl\":\"https:\\\/\\\/secure.gravatar.com\\\/avatar\\\/42749d8b712ff9d59ca93dc150494e5b55a44134482993f5baeb97e61b7ecc89?s=96&d=mm&r=g\",\"caption\":\"Roberto\"},\"url\":\"https:\\\/\\\/regiaonews.net.br\\\/2022\\\/author\\\/roberto\\\/\"}]}<\/script>\n<!-- \/ Yoast SEO plugin. -->","yoast_head_json":{"title":"Santu\u00e1rio Nacional completa 70 anos de constru\u00e7\u00e3o da Igreja - Regi\u00e3o News","robots":{"index":"index","follow":"follow","max-snippet":"max-snippet:-1","max-image-preview":"max-image-preview:large","max-video-preview":"max-video-preview:-1"},"canonical":"https:\/\/regiaonews.net.br\/2022\/2025\/11\/11\/santuario-nacional-completa-70-anos-de-construcao-da-igreja\/","og_locale":"pt_BR","og_type":"article","og_title":"Santu\u00e1rio Nacional completa 70 anos de constru\u00e7\u00e3o da Igreja - Regi\u00e3o News","og_description":"&nbsp; O Santu\u00e1rio Nacional de Aparecida comemora nesta ter\u00e7a-feira, dia","og_url":"https:\/\/regiaonews.net.br\/2022\/2025\/11\/11\/santuario-nacional-completa-70-anos-de-construcao-da-igreja\/","og_site_name":"Regi\u00e3o News","article_published_time":"2025-11-11T11:21:53+00:00","og_image":[{"width":1600,"height":1200,"url":"https:\/\/regiaonews.net.br\/2022\/wp-content\/uploads\/2025\/11\/IMG-20251110-WA0228.jpg","type":"image\/jpeg"}],"author":"Roberto","twitter_card":"summary_large_image","twitter_misc":{"Escrito por":"Roberto","Est. tempo de leitura":"2 minutos"},"schema":{"@context":"https:\/\/schema.org","@graph":[{"@type":"Article","@id":"https:\/\/regiaonews.net.br\/2022\/2025\/11\/11\/santuario-nacional-completa-70-anos-de-construcao-da-igreja\/#article","isPartOf":{"@id":"https:\/\/regiaonews.net.br\/2022\/2025\/11\/11\/santuario-nacional-completa-70-anos-de-construcao-da-igreja\/"},"author":{"name":"Roberto","@id":"https:\/\/regiaonews.net.br\/2022\/#\/schema\/person\/2d205a608a5aa97ac279d7a5e6d89ad8"},"headline":"Santu\u00e1rio Nacional completa 70 anos de constru\u00e7\u00e3o da Igreja","datePublished":"2025-11-11T11:21:53+00:00","mainEntityOfPage":{"@id":"https:\/\/regiaonews.net.br\/2022\/2025\/11\/11\/santuario-nacional-completa-70-anos-de-construcao-da-igreja\/"},"wordCount":264,"commentCount":0,"publisher":{"@id":"https:\/\/regiaonews.net.br\/2022\/#organization"},"image":{"@id":"https:\/\/regiaonews.net.br\/2022\/2025\/11\/11\/santuario-nacional-completa-70-anos-de-construcao-da-igreja\/#primaryimage"},"thumbnailUrl":"https:\/\/regiaonews.net.br\/2022\/wp-content\/uploads\/2025\/11\/IMG-20251110-WA0228.jpg","articleSection":["Brasil","Cidades","Cotidiano"],"inLanguage":"pt-BR","potentialAction":[{"@type":"CommentAction","name":"Comment","target":["https:\/\/regiaonews.net.br\/2022\/2025\/11\/11\/santuario-nacional-completa-70-anos-de-construcao-da-igreja\/#respond"]}]},{"@type":"WebPage","@id":"https:\/\/regiaonews.net.br\/2022\/2025\/11\/11\/santuario-nacional-completa-70-anos-de-construcao-da-igreja\/","url":"https:\/\/regiaonews.net.br\/2022\/2025\/11\/11\/santuario-nacional-completa-70-anos-de-construcao-da-igreja\/","name":"Santu\u00e1rio Nacional completa 70 anos de constru\u00e7\u00e3o da Igreja - Regi\u00e3o News","isPartOf":{"@id":"https:\/\/regiaonews.net.br\/2022\/#website"},"primaryImageOfPage":{"@id":"https:\/\/regiaonews.net.br\/2022\/2025\/11\/11\/santuario-nacional-completa-70-anos-de-construcao-da-igreja\/#primaryimage"},"image":{"@id":"https:\/\/regiaonews.net.br\/2022\/2025\/11\/11\/santuario-nacional-completa-70-anos-de-construcao-da-igreja\/#primaryimage"},"thumbnailUrl":"https:\/\/regiaonews.net.br\/2022\/wp-content\/uploads\/2025\/11\/IMG-20251110-WA0228.jpg","datePublished":"2025-11-11T11:21:53+00:00","breadcrumb":{"@id":"https:\/\/regiaonews.net.br\/2022\/2025\/11\/11\/santuario-nacional-completa-70-anos-de-construcao-da-igreja\/#breadcrumb"},"inLanguage":"pt-BR","potentialAction":[{"@type":"ReadAction","target":["https:\/\/regiaonews.net.br\/2022\/2025\/11\/11\/santuario-nacional-completa-70-anos-de-construcao-da-igreja\/"]}]},{"@type":"ImageObject","inLanguage":"pt-BR","@id":"https:\/\/regiaonews.net.br\/2022\/2025\/11\/11\/santuario-nacional-completa-70-anos-de-construcao-da-igreja\/#primaryimage","url":"https:\/\/regiaonews.net.br\/2022\/wp-content\/uploads\/2025\/11\/IMG-20251110-WA0228.jpg","contentUrl":"https:\/\/regiaonews.net.br\/2022\/wp-content\/uploads\/2025\/11\/IMG-20251110-WA0228.jpg","width":1600,"height":1200},{"@type":"BreadcrumbList","@id":"https:\/\/regiaonews.net.br\/2022\/2025\/11\/11\/santuario-nacional-completa-70-anos-de-construcao-da-igreja\/#breadcrumb","itemListElement":[{"@type":"ListItem","position":1,"name":"In\u00edcio","item":"https:\/\/regiaonews.net.br\/2022\/"},{"@type":"ListItem","position":2,"name":"Santu\u00e1rio Nacional completa 70 anos de constru\u00e7\u00e3o da Igreja"}]},{"@type":"WebSite","@id":"https:\/\/regiaonews.net.br\/2022\/#website","url":"https:\/\/regiaonews.net.br\/2022\/","name":"Regi\u00e3o News","description":"Site de Not\u00edcias de Barretos e regi\u00e3o","publisher":{"@id":"https:\/\/regiaonews.net.br\/2022\/#organization"},"potentialAction":[{"@type":"SearchAction","target":{"@type":"EntryPoint","urlTemplate":"https:\/\/regiaonews.net.br\/2022\/?s={search_term_string}"},"query-input":{"@type":"PropertyValueSpecification","valueRequired":true,"valueName":"search_term_string"}}],"inLanguage":"pt-BR"},{"@type":"Organization","@id":"https:\/\/regiaonews.net.br\/2022\/#organization","name":"Regi\u00e3o News","url":"https:\/\/regiaonews.net.br\/2022\/","logo":{"@type":"ImageObject","inLanguage":"pt-BR","@id":"https:\/\/regiaonews.net.br\/2022\/#\/schema\/logo\/image\/","url":"https:\/\/regiaonews.net.br\/2022\/wp-content\/uploads\/2026\/03\/regiao-13-anos-scaled.jpg","contentUrl":"https:\/\/regiaonews.net.br\/2022\/wp-content\/uploads\/2026\/03\/regiao-13-anos-scaled.jpg","width":2560,"height":635,"caption":"Regi\u00e3o News"},"image":{"@id":"https:\/\/regiaonews.net.br\/2022\/#\/schema\/logo\/image\/"}},{"@type":"Person","@id":"https:\/\/regiaonews.net.br\/2022\/#\/schema\/person\/2d205a608a5aa97ac279d7a5e6d89ad8","name":"Roberto","image":{"@type":"ImageObject","inLanguage":"pt-BR","@id":"https:\/\/secure.gravatar.com\/avatar\/42749d8b712ff9d59ca93dc150494e5b55a44134482993f5baeb97e61b7ecc89?s=96&d=mm&r=g","url":"https:\/\/secure.gravatar.com\/avatar\/42749d8b712ff9d59ca93dc150494e5b55a44134482993f5baeb97e61b7ecc89?s=96&d=mm&r=g","contentUrl":"https:\/\/secure.gravatar.com\/avatar\/42749d8b712ff9d59ca93dc150494e5b55a44134482993f5baeb97e61b7ecc89?s=96&d=mm&r=g","caption":"Roberto"},"url":"https:\/\/regiaonews.net.br\/2022\/author\/roberto\/"}]}},"publishpress_future_action":{"enabled":false,"date":"2026-05-07 13:33:24","action":"change-status","newStatus":"draft","terms":[],"taxonomy":"category","extraData":[]},"publishpress_future_workflow_manual_trigger":{"enabledWorkflows":[]},"_links":{"self":[{"href":"https:\/\/regiaonews.net.br\/2022\/wp-json\/wp\/v2\/posts\/123527","targetHints":{"allow":["GET"]}}],"collection":[{"href":"https:\/\/regiaonews.net.br\/2022\/wp-json\/wp\/v2\/posts"}],"about":[{"href":"https:\/\/regiaonews.net.br\/2022\/wp-json\/wp\/v2\/types\/post"}],"author":[{"embeddable":true,"href":"https:\/\/regiaonews.net.br\/2022\/wp-json\/wp\/v2\/users\/2"}],"replies":[{"embeddable":true,"href":"https:\/\/regiaonews.net.br\/2022\/wp-json\/wp\/v2\/comments?post=123527"}],"version-history":[{"count":1,"href":"https:\/\/regiaonews.net.br\/2022\/wp-json\/wp\/v2\/posts\/123527\/revisions"}],"predecessor-version":[{"id":123529,"href":"https:\/\/regiaonews.net.br\/2022\/wp-json\/wp\/v2\/posts\/123527\/revisions\/123529"}],"wp:featuredmedia":[{"embeddable":true,"href":"https:\/\/regiaonews.net.br\/2022\/wp-json\/wp\/v2\/media\/123528"}],"wp:attachment":[{"href":"https:\/\/regiaonews.net.br\/2022\/wp-json\/wp\/v2\/media?parent=123527"}],"wp:term":[{"taxonomy":"category","embeddable":true,"href":"https:\/\/regiaonews.net.br\/2022\/wp-json\/wp\/v2\/categories?post=123527"},{"taxonomy":"post_tag","embeddable":true,"href":"https:\/\/regiaonews.net.br\/2022\/wp-json\/wp\/v2\/tags?post=123527"}],"curies":[{"name":"wp","href":"https:\/\/api.w.org\/{rel}","templated":true}]}}