{"id":120429,"date":"2025-08-08T20:19:05","date_gmt":"2025-08-08T23:19:05","guid":{"rendered":"https:\/\/regiaonews.net.br\/2022\/?p=120429"},"modified":"2025-08-08T20:19:05","modified_gmt":"2025-08-08T23:19:05","slug":"colombia-e-mais-uma-cidade-com-pontos-de-captacao-de-agua-mapeados","status":"publish","type":"post","link":"https:\/\/regiaonews.net.br\/2022\/2025\/08\/08\/colombia-e-mais-uma-cidade-com-pontos-de-captacao-de-agua-mapeados\/","title":{"rendered":"Col\u00f4mbia \u00e9 mais uma cidade com pontos de capta\u00e7\u00e3o de \u00e1gua mapeados"},"content":{"rendered":"<p>&nbsp;<\/p>\n<p>O Projeto de Mapeamento da Zona Rural na \u00e1rea de abrang\u00eancia do Sindicato Rural do Vale do Rio Grande segue em andamento na regi\u00e3o de Barretos. Nesta quinta-feira (7), os diretores do SIRVARIG, Ant\u00f4nio Roberto Filisbino e Daniel Caldas, juntamente com o especialista em agropecu\u00e1ria da CATI (Coordenadoria de Assist\u00eancia T\u00e9cnica Integrada), engenheiro agr\u00f4nomo, Jo\u00e3o Amadeu Giachetto, conclu\u00edram o mapeamento do munic\u00edpio de Col\u00f4mbia.<\/p>\n<p>Segundo o tesoureiro do SIRVARIG, Ant\u00f4nio Roberto Filisbino, no trabalho realizado na zona rural de Col\u00f4mbia, foram definidos atrav\u00e9s de GPS, os locais que s\u00e3o permitidos fazer essa capta\u00e7\u00e3o de \u00e1gua em casos de inc\u00eandios em canaviais e \u00e1reas de preserva\u00e7\u00e3o ambiental. \u201cEm Col\u00f4mbia esse levantamento deu em torno de 30 a 35 pontos de capta\u00e7\u00e3o de \u00e1gua. Com esses locais definidos pr\u00f3ximos as estradas rurais fica mais f\u00e1cil o acesso dos caminh\u00f5es para combater os inc\u00eandios\u201d, explicou Filisbino.<\/p>\n","protected":false},"excerpt":{"rendered":"<p>&nbsp; O Projeto de Mapeamento da Zona Rural na \u00e1rea<\/p>\n","protected":false},"author":2,"featured_media":120430,"comment_status":"open","ping_status":"open","sticky":false,"template":"","format":"standard","meta":{"footnotes":""},"categories":[25,6,111],"tags":[],"class_list":["post-120429","post","type-post","status-publish","format-standard","has-post-thumbnail","hentry","category-cidades","category-colombia","category-cotidiano"],"yoast_head":"<!-- This site is optimized with the Yoast SEO plugin v27.4 - https:\/\/yoast.com\/product\/yoast-seo-wordpress\/ -->\n<title>Col\u00f4mbia \u00e9 mais uma cidade com pontos de capta\u00e7\u00e3o de \u00e1gua mapeados - Regi\u00e3o News<\/title>\n<meta name=\"robots\" content=\"index, follow, max-snippet:-1, max-image-preview:large, max-video-preview:-1\" \/>\n<link rel=\"canonical\" href=\"https:\/\/regiaonews.net.br\/2022\/2025\/08\/08\/colombia-e-mais-uma-cidade-com-pontos-de-captacao-de-agua-mapeados\/\" \/>\n<meta property=\"og:locale\" content=\"pt_BR\" \/>\n<meta property=\"og:type\" content=\"article\" \/>\n<meta property=\"og:title\" content=\"Col\u00f4mbia \u00e9 mais uma cidade com pontos de capta\u00e7\u00e3o de \u00e1gua mapeados - Regi\u00e3o News\" \/>\n<meta property=\"og:description\" content=\"&nbsp; O Projeto de Mapeamento da Zona Rural na \u00e1rea\" \/>\n<meta property=\"og:url\" content=\"https:\/\/regiaonews.net.br\/2022\/2025\/08\/08\/colombia-e-mais-uma-cidade-com-pontos-de-captacao-de-agua-mapeados\/\" \/>\n<meta property=\"og:site_name\" content=\"Regi\u00e3o News\" \/>\n<meta property=\"article:published_time\" content=\"2025-08-08T23:19:05+00:00\" \/>\n<meta property=\"og:image\" content=\"https:\/\/regiaonews.net.br\/2022\/wp-content\/uploads\/2025\/08\/IMG-20250808-WA0554.jpg\" \/>\n\t<meta property=\"og:image:width\" content=\"1600\" \/>\n\t<meta property=\"og:image:height\" content=\"1200\" \/>\n\t<meta property=\"og:image:type\" content=\"image\/jpeg\" \/>\n<meta name=\"author\" content=\"Roberto\" \/>\n<meta name=\"twitter:card\" content=\"summary_large_image\" \/>\n<meta name=\"twitter:label1\" content=\"Escrito por\" \/>\n\t<meta name=\"twitter:data1\" content=\"Roberto\" \/>\n\t<meta name=\"twitter:label2\" content=\"Est. tempo de leitura\" \/>\n\t<meta name=\"twitter:data2\" content=\"1 minuto\" \/>\n<script type=\"application\/ld+json\" class=\"yoast-schema-graph\">{\"@context\":\"https:\\\/\\\/schema.org\",\"@graph\":[{\"@type\":\"Article\",\"@id\":\"https:\\\/\\\/regiaonews.net.br\\\/2022\\\/2025\\\/08\\\/08\\\/colombia-e-mais-uma-cidade-com-pontos-de-captacao-de-agua-mapeados\\\/#article\",\"isPartOf\":{\"@id\":\"https:\\\/\\\/regiaonews.net.br\\\/2022\\\/2025\\\/08\\\/08\\\/colombia-e-mais-uma-cidade-com-pontos-de-captacao-de-agua-mapeados\\\/\"},\"author\":{\"name\":\"Roberto\",\"@id\":\"https:\\\/\\\/regiaonews.net.br\\\/2022\\\/#\\\/schema\\\/person\\\/2d205a608a5aa97ac279d7a5e6d89ad8\"},\"headline\":\"Col\u00f4mbia \u00e9 mais uma cidade com pontos de capta\u00e7\u00e3o de \u00e1gua mapeados\",\"datePublished\":\"2025-08-08T23:19:05+00:00\",\"mainEntityOfPage\":{\"@id\":\"https:\\\/\\\/regiaonews.net.br\\\/2022\\\/2025\\\/08\\\/08\\\/colombia-e-mais-uma-cidade-com-pontos-de-captacao-de-agua-mapeados\\\/\"},\"wordCount\":178,\"commentCount\":0,\"publisher\":{\"@id\":\"https:\\\/\\\/regiaonews.net.br\\\/2022\\\/#organization\"},\"image\":{\"@id\":\"https:\\\/\\\/regiaonews.net.br\\\/2022\\\/2025\\\/08\\\/08\\\/colombia-e-mais-uma-cidade-com-pontos-de-captacao-de-agua-mapeados\\\/#primaryimage\"},\"thumbnailUrl\":\"https:\\\/\\\/regiaonews.net.br\\\/2022\\\/wp-content\\\/uploads\\\/2025\\\/08\\\/IMG-20250808-WA0554.jpg\",\"articleSection\":[\"Cidades\",\"Col\u00f4mbia\",\"Cotidiano\"],\"inLanguage\":\"pt-BR\",\"potentialAction\":[{\"@type\":\"CommentAction\",\"name\":\"Comment\",\"target\":[\"https:\\\/\\\/regiaonews.net.br\\\/2022\\\/2025\\\/08\\\/08\\\/colombia-e-mais-uma-cidade-com-pontos-de-captacao-de-agua-mapeados\\\/#respond\"]}]},{\"@type\":\"WebPage\",\"@id\":\"https:\\\/\\\/regiaonews.net.br\\\/2022\\\/2025\\\/08\\\/08\\\/colombia-e-mais-uma-cidade-com-pontos-de-captacao-de-agua-mapeados\\\/\",\"url\":\"https:\\\/\\\/regiaonews.net.br\\\/2022\\\/2025\\\/08\\\/08\\\/colombia-e-mais-uma-cidade-com-pontos-de-captacao-de-agua-mapeados\\\/\",\"name\":\"Col\u00f4mbia \u00e9 mais uma cidade com pontos de capta\u00e7\u00e3o de \u00e1gua mapeados - Regi\u00e3o News\",\"isPartOf\":{\"@id\":\"https:\\\/\\\/regiaonews.net.br\\\/2022\\\/#website\"},\"primaryImageOfPage\":{\"@id\":\"https:\\\/\\\/regiaonews.net.br\\\/2022\\\/2025\\\/08\\\/08\\\/colombia-e-mais-uma-cidade-com-pontos-de-captacao-de-agua-mapeados\\\/#primaryimage\"},\"image\":{\"@id\":\"https:\\\/\\\/regiaonews.net.br\\\/2022\\\/2025\\\/08\\\/08\\\/colombia-e-mais-uma-cidade-com-pontos-de-captacao-de-agua-mapeados\\\/#primaryimage\"},\"thumbnailUrl\":\"https:\\\/\\\/regiaonews.net.br\\\/2022\\\/wp-content\\\/uploads\\\/2025\\\/08\\\/IMG-20250808-WA0554.jpg\",\"datePublished\":\"2025-08-08T23:19:05+00:00\",\"breadcrumb\":{\"@id\":\"https:\\\/\\\/regiaonews.net.br\\\/2022\\\/2025\\\/08\\\/08\\\/colombia-e-mais-uma-cidade-com-pontos-de-captacao-de-agua-mapeados\\\/#breadcrumb\"},\"inLanguage\":\"pt-BR\",\"potentialAction\":[{\"@type\":\"ReadAction\",\"target\":[\"https:\\\/\\\/regiaonews.net.br\\\/2022\\\/2025\\\/08\\\/08\\\/colombia-e-mais-uma-cidade-com-pontos-de-captacao-de-agua-mapeados\\\/\"]}]},{\"@type\":\"ImageObject\",\"inLanguage\":\"pt-BR\",\"@id\":\"https:\\\/\\\/regiaonews.net.br\\\/2022\\\/2025\\\/08\\\/08\\\/colombia-e-mais-uma-cidade-com-pontos-de-captacao-de-agua-mapeados\\\/#primaryimage\",\"url\":\"https:\\\/\\\/regiaonews.net.br\\\/2022\\\/wp-content\\\/uploads\\\/2025\\\/08\\\/IMG-20250808-WA0554.jpg\",\"contentUrl\":\"https:\\\/\\\/regiaonews.net.br\\\/2022\\\/wp-content\\\/uploads\\\/2025\\\/08\\\/IMG-20250808-WA0554.jpg\",\"width\":1600,\"height\":1200},{\"@type\":\"BreadcrumbList\",\"@id\":\"https:\\\/\\\/regiaonews.net.br\\\/2022\\\/2025\\\/08\\\/08\\\/colombia-e-mais-uma-cidade-com-pontos-de-captacao-de-agua-mapeados\\\/#breadcrumb\",\"itemListElement\":[{\"@type\":\"ListItem\",\"position\":1,\"name\":\"In\u00edcio\",\"item\":\"https:\\\/\\\/regiaonews.net.br\\\/2022\\\/\"},{\"@type\":\"ListItem\",\"position\":2,\"name\":\"Col\u00f4mbia \u00e9 mais uma cidade com pontos de capta\u00e7\u00e3o de \u00e1gua mapeados\"}]},{\"@type\":\"WebSite\",\"@id\":\"https:\\\/\\\/regiaonews.net.br\\\/2022\\\/#website\",\"url\":\"https:\\\/\\\/regiaonews.net.br\\\/2022\\\/\",\"name\":\"Regi\u00e3o News\",\"description\":\"Site de Not\u00edcias de Barretos e regi\u00e3o\",\"publisher\":{\"@id\":\"https:\\\/\\\/regiaonews.net.br\\\/2022\\\/#organization\"},\"potentialAction\":[{\"@type\":\"SearchAction\",\"target\":{\"@type\":\"EntryPoint\",\"urlTemplate\":\"https:\\\/\\\/regiaonews.net.br\\\/2022\\\/?s={search_term_string}\"},\"query-input\":{\"@type\":\"PropertyValueSpecification\",\"valueRequired\":true,\"valueName\":\"search_term_string\"}}],\"inLanguage\":\"pt-BR\"},{\"@type\":\"Organization\",\"@id\":\"https:\\\/\\\/regiaonews.net.br\\\/2022\\\/#organization\",\"name\":\"Regi\u00e3o News\",\"url\":\"https:\\\/\\\/regiaonews.net.br\\\/2022\\\/\",\"logo\":{\"@type\":\"ImageObject\",\"inLanguage\":\"pt-BR\",\"@id\":\"https:\\\/\\\/regiaonews.net.br\\\/2022\\\/#\\\/schema\\\/logo\\\/image\\\/\",\"url\":\"https:\\\/\\\/regiaonews.net.br\\\/2022\\\/wp-content\\\/uploads\\\/2026\\\/03\\\/regiao-13-anos-scaled.jpg\",\"contentUrl\":\"https:\\\/\\\/regiaonews.net.br\\\/2022\\\/wp-content\\\/uploads\\\/2026\\\/03\\\/regiao-13-anos-scaled.jpg\",\"width\":2560,\"height\":635,\"caption\":\"Regi\u00e3o News\"},\"image\":{\"@id\":\"https:\\\/\\\/regiaonews.net.br\\\/2022\\\/#\\\/schema\\\/logo\\\/image\\\/\"}},{\"@type\":\"Person\",\"@id\":\"https:\\\/\\\/regiaonews.net.br\\\/2022\\\/#\\\/schema\\\/person\\\/2d205a608a5aa97ac279d7a5e6d89ad8\",\"name\":\"Roberto\",\"image\":{\"@type\":\"ImageObject\",\"inLanguage\":\"pt-BR\",\"@id\":\"https:\\\/\\\/secure.gravatar.com\\\/avatar\\\/42749d8b712ff9d59ca93dc150494e5b55a44134482993f5baeb97e61b7ecc89?s=96&d=mm&r=g\",\"url\":\"https:\\\/\\\/secure.gravatar.com\\\/avatar\\\/42749d8b712ff9d59ca93dc150494e5b55a44134482993f5baeb97e61b7ecc89?s=96&d=mm&r=g\",\"contentUrl\":\"https:\\\/\\\/secure.gravatar.com\\\/avatar\\\/42749d8b712ff9d59ca93dc150494e5b55a44134482993f5baeb97e61b7ecc89?s=96&d=mm&r=g\",\"caption\":\"Roberto\"},\"url\":\"https:\\\/\\\/regiaonews.net.br\\\/2022\\\/author\\\/roberto\\\/\"}]}<\/script>\n<!-- \/ Yoast SEO plugin. -->","yoast_head_json":{"title":"Col\u00f4mbia \u00e9 mais uma cidade com pontos de capta\u00e7\u00e3o de \u00e1gua mapeados - Regi\u00e3o News","robots":{"index":"index","follow":"follow","max-snippet":"max-snippet:-1","max-image-preview":"max-image-preview:large","max-video-preview":"max-video-preview:-1"},"canonical":"https:\/\/regiaonews.net.br\/2022\/2025\/08\/08\/colombia-e-mais-uma-cidade-com-pontos-de-captacao-de-agua-mapeados\/","og_locale":"pt_BR","og_type":"article","og_title":"Col\u00f4mbia \u00e9 mais uma cidade com pontos de capta\u00e7\u00e3o de \u00e1gua mapeados - Regi\u00e3o News","og_description":"&nbsp; O Projeto de Mapeamento da Zona Rural na \u00e1rea","og_url":"https:\/\/regiaonews.net.br\/2022\/2025\/08\/08\/colombia-e-mais-uma-cidade-com-pontos-de-captacao-de-agua-mapeados\/","og_site_name":"Regi\u00e3o News","article_published_time":"2025-08-08T23:19:05+00:00","og_image":[{"width":1600,"height":1200,"url":"https:\/\/regiaonews.net.br\/2022\/wp-content\/uploads\/2025\/08\/IMG-20250808-WA0554.jpg","type":"image\/jpeg"}],"author":"Roberto","twitter_card":"summary_large_image","twitter_misc":{"Escrito por":"Roberto","Est. tempo de leitura":"1 minuto"},"schema":{"@context":"https:\/\/schema.org","@graph":[{"@type":"Article","@id":"https:\/\/regiaonews.net.br\/2022\/2025\/08\/08\/colombia-e-mais-uma-cidade-com-pontos-de-captacao-de-agua-mapeados\/#article","isPartOf":{"@id":"https:\/\/regiaonews.net.br\/2022\/2025\/08\/08\/colombia-e-mais-uma-cidade-com-pontos-de-captacao-de-agua-mapeados\/"},"author":{"name":"Roberto","@id":"https:\/\/regiaonews.net.br\/2022\/#\/schema\/person\/2d205a608a5aa97ac279d7a5e6d89ad8"},"headline":"Col\u00f4mbia \u00e9 mais uma cidade com pontos de capta\u00e7\u00e3o de \u00e1gua mapeados","datePublished":"2025-08-08T23:19:05+00:00","mainEntityOfPage":{"@id":"https:\/\/regiaonews.net.br\/2022\/2025\/08\/08\/colombia-e-mais-uma-cidade-com-pontos-de-captacao-de-agua-mapeados\/"},"wordCount":178,"commentCount":0,"publisher":{"@id":"https:\/\/regiaonews.net.br\/2022\/#organization"},"image":{"@id":"https:\/\/regiaonews.net.br\/2022\/2025\/08\/08\/colombia-e-mais-uma-cidade-com-pontos-de-captacao-de-agua-mapeados\/#primaryimage"},"thumbnailUrl":"https:\/\/regiaonews.net.br\/2022\/wp-content\/uploads\/2025\/08\/IMG-20250808-WA0554.jpg","articleSection":["Cidades","Col\u00f4mbia","Cotidiano"],"inLanguage":"pt-BR","potentialAction":[{"@type":"CommentAction","name":"Comment","target":["https:\/\/regiaonews.net.br\/2022\/2025\/08\/08\/colombia-e-mais-uma-cidade-com-pontos-de-captacao-de-agua-mapeados\/#respond"]}]},{"@type":"WebPage","@id":"https:\/\/regiaonews.net.br\/2022\/2025\/08\/08\/colombia-e-mais-uma-cidade-com-pontos-de-captacao-de-agua-mapeados\/","url":"https:\/\/regiaonews.net.br\/2022\/2025\/08\/08\/colombia-e-mais-uma-cidade-com-pontos-de-captacao-de-agua-mapeados\/","name":"Col\u00f4mbia \u00e9 mais uma cidade com pontos de capta\u00e7\u00e3o de \u00e1gua mapeados - Regi\u00e3o News","isPartOf":{"@id":"https:\/\/regiaonews.net.br\/2022\/#website"},"primaryImageOfPage":{"@id":"https:\/\/regiaonews.net.br\/2022\/2025\/08\/08\/colombia-e-mais-uma-cidade-com-pontos-de-captacao-de-agua-mapeados\/#primaryimage"},"image":{"@id":"https:\/\/regiaonews.net.br\/2022\/2025\/08\/08\/colombia-e-mais-uma-cidade-com-pontos-de-captacao-de-agua-mapeados\/#primaryimage"},"thumbnailUrl":"https:\/\/regiaonews.net.br\/2022\/wp-content\/uploads\/2025\/08\/IMG-20250808-WA0554.jpg","datePublished":"2025-08-08T23:19:05+00:00","breadcrumb":{"@id":"https:\/\/regiaonews.net.br\/2022\/2025\/08\/08\/colombia-e-mais-uma-cidade-com-pontos-de-captacao-de-agua-mapeados\/#breadcrumb"},"inLanguage":"pt-BR","potentialAction":[{"@type":"ReadAction","target":["https:\/\/regiaonews.net.br\/2022\/2025\/08\/08\/colombia-e-mais-uma-cidade-com-pontos-de-captacao-de-agua-mapeados\/"]}]},{"@type":"ImageObject","inLanguage":"pt-BR","@id":"https:\/\/regiaonews.net.br\/2022\/2025\/08\/08\/colombia-e-mais-uma-cidade-com-pontos-de-captacao-de-agua-mapeados\/#primaryimage","url":"https:\/\/regiaonews.net.br\/2022\/wp-content\/uploads\/2025\/08\/IMG-20250808-WA0554.jpg","contentUrl":"https:\/\/regiaonews.net.br\/2022\/wp-content\/uploads\/2025\/08\/IMG-20250808-WA0554.jpg","width":1600,"height":1200},{"@type":"BreadcrumbList","@id":"https:\/\/regiaonews.net.br\/2022\/2025\/08\/08\/colombia-e-mais-uma-cidade-com-pontos-de-captacao-de-agua-mapeados\/#breadcrumb","itemListElement":[{"@type":"ListItem","position":1,"name":"In\u00edcio","item":"https:\/\/regiaonews.net.br\/2022\/"},{"@type":"ListItem","position":2,"name":"Col\u00f4mbia \u00e9 mais uma cidade com pontos de capta\u00e7\u00e3o de \u00e1gua mapeados"}]},{"@type":"WebSite","@id":"https:\/\/regiaonews.net.br\/2022\/#website","url":"https:\/\/regiaonews.net.br\/2022\/","name":"Regi\u00e3o News","description":"Site de Not\u00edcias de Barretos e regi\u00e3o","publisher":{"@id":"https:\/\/regiaonews.net.br\/2022\/#organization"},"potentialAction":[{"@type":"SearchAction","target":{"@type":"EntryPoint","urlTemplate":"https:\/\/regiaonews.net.br\/2022\/?s={search_term_string}"},"query-input":{"@type":"PropertyValueSpecification","valueRequired":true,"valueName":"search_term_string"}}],"inLanguage":"pt-BR"},{"@type":"Organization","@id":"https:\/\/regiaonews.net.br\/2022\/#organization","name":"Regi\u00e3o News","url":"https:\/\/regiaonews.net.br\/2022\/","logo":{"@type":"ImageObject","inLanguage":"pt-BR","@id":"https:\/\/regiaonews.net.br\/2022\/#\/schema\/logo\/image\/","url":"https:\/\/regiaonews.net.br\/2022\/wp-content\/uploads\/2026\/03\/regiao-13-anos-scaled.jpg","contentUrl":"https:\/\/regiaonews.net.br\/2022\/wp-content\/uploads\/2026\/03\/regiao-13-anos-scaled.jpg","width":2560,"height":635,"caption":"Regi\u00e3o News"},"image":{"@id":"https:\/\/regiaonews.net.br\/2022\/#\/schema\/logo\/image\/"}},{"@type":"Person","@id":"https:\/\/regiaonews.net.br\/2022\/#\/schema\/person\/2d205a608a5aa97ac279d7a5e6d89ad8","name":"Roberto","image":{"@type":"ImageObject","inLanguage":"pt-BR","@id":"https:\/\/secure.gravatar.com\/avatar\/42749d8b712ff9d59ca93dc150494e5b55a44134482993f5baeb97e61b7ecc89?s=96&d=mm&r=g","url":"https:\/\/secure.gravatar.com\/avatar\/42749d8b712ff9d59ca93dc150494e5b55a44134482993f5baeb97e61b7ecc89?s=96&d=mm&r=g","contentUrl":"https:\/\/secure.gravatar.com\/avatar\/42749d8b712ff9d59ca93dc150494e5b55a44134482993f5baeb97e61b7ecc89?s=96&d=mm&r=g","caption":"Roberto"},"url":"https:\/\/regiaonews.net.br\/2022\/author\/roberto\/"}]}},"publishpress_future_action":{"enabled":false,"date":"2026-05-02 05:21:22","action":"change-status","newStatus":"draft","terms":[],"taxonomy":"category","extraData":[]},"publishpress_future_workflow_manual_trigger":{"enabledWorkflows":[]},"_links":{"self":[{"href":"https:\/\/regiaonews.net.br\/2022\/wp-json\/wp\/v2\/posts\/120429","targetHints":{"allow":["GET"]}}],"collection":[{"href":"https:\/\/regiaonews.net.br\/2022\/wp-json\/wp\/v2\/posts"}],"about":[{"href":"https:\/\/regiaonews.net.br\/2022\/wp-json\/wp\/v2\/types\/post"}],"author":[{"embeddable":true,"href":"https:\/\/regiaonews.net.br\/2022\/wp-json\/wp\/v2\/users\/2"}],"replies":[{"embeddable":true,"href":"https:\/\/regiaonews.net.br\/2022\/wp-json\/wp\/v2\/comments?post=120429"}],"version-history":[{"count":1,"href":"https:\/\/regiaonews.net.br\/2022\/wp-json\/wp\/v2\/posts\/120429\/revisions"}],"predecessor-version":[{"id":120431,"href":"https:\/\/regiaonews.net.br\/2022\/wp-json\/wp\/v2\/posts\/120429\/revisions\/120431"}],"wp:featuredmedia":[{"embeddable":true,"href":"https:\/\/regiaonews.net.br\/2022\/wp-json\/wp\/v2\/media\/120430"}],"wp:attachment":[{"href":"https:\/\/regiaonews.net.br\/2022\/wp-json\/wp\/v2\/media?parent=120429"}],"wp:term":[{"taxonomy":"category","embeddable":true,"href":"https:\/\/regiaonews.net.br\/2022\/wp-json\/wp\/v2\/categories?post=120429"},{"taxonomy":"post_tag","embeddable":true,"href":"https:\/\/regiaonews.net.br\/2022\/wp-json\/wp\/v2\/tags?post=120429"}],"curies":[{"name":"wp","href":"https:\/\/api.w.org\/{rel}","templated":true}]}}