{"id":120426,"date":"2025-08-08T19:10:42","date_gmt":"2025-08-08T22:10:42","guid":{"rendered":"https:\/\/regiaonews.net.br\/2022\/?p=120426"},"modified":"2025-08-08T19:10:42","modified_gmt":"2025-08-08T22:10:42","slug":"festa-do-peao-de-barretos-camping-oferece-estrutura-com-salao-de-beleza-barbearia-e-agendamento-antecipado","status":"publish","type":"post","link":"https:\/\/regiaonews.net.br\/2022\/2025\/08\/08\/festa-do-peao-de-barretos-camping-oferece-estrutura-com-salao-de-beleza-barbearia-e-agendamento-antecipado\/","title":{"rendered":"Festa do Pe\u00e3o de Barretos: camping oferece estrutura com sal\u00e3o de beleza, barbearia e agendamento antecipado"},"content":{"rendered":"<p>Servi\u00e7o \u00e9 mais uma op\u00e7\u00e3o para os visitantes que optam pela \u00e1rea de camping dentro do Parque do Pe\u00e3o; Festa acontece de 21 a 31 de agosto<\/p>\n<p>Ocupando uma \u00e1rea de 20 hectares no Parque do Pe\u00e3o, o camping oficial do evento \u00e9 muito mais do que um espa\u00e7o de hospedagem que permite acesso \u00e0s atra\u00e7\u00f5es da Festa 24 horas por dia: \u00e9 uma verdadeira vila de experi\u00eancias para os h\u00f3spedes. Com infraestrutura completa para os acampados \u2014 incluindo mini mercado, pra\u00e7a de alimenta\u00e7\u00e3o com food trucks, seguran\u00e7a e \u00e1rea de conviv\u00eancia \u2014, o espa\u00e7o conta at\u00e9 com um sal\u00e3o de beleza para atendimento exclusivo.<br \/>\nA proposta, que foi um grande sucesso na edi\u00e7\u00e3o passada, retorna com novidades e estrutura ampliada. Os servi\u00e7os de beleza e cuidados pessoais incluem desde corte de cabelo e barbearia at\u00e9 escova, penteados, maquiagem, manicure e hidrata\u00e7\u00e3o capilar \u2014 agora com a comodidade de lavat\u00f3rios pr\u00f3prios instalados no local.<\/p>\n<p>O atendimento \u00e9 realizado em um espa\u00e7o climatizado e com acesso facilitado. Durante os 11 dias de festa, o sal\u00e3o funcionar\u00e1 de quinta a domingo, das 14h \u00e0s 21h. J\u00e1 na segunda, ter\u00e7a e quarta-feira, o atendimento ser\u00e1 feito apenas com agendamento pr\u00e9vio. Para garantir os servi\u00e7os, os acampados j\u00e1 podem realizar o agendamento antecipado pelo telefone (17) 99257-6776.<\/p>\n<p>A opera\u00e7\u00e3o \u00e9 conduz~ida pelo Sal\u00e3o Luiza. \u201cAno passado tivemos fila de espera. Precisamos fazer agendamento antecipado por conta da alta procura. A pessoa est\u00e1 hospedada e prefere j\u00e1 ter acesso a todos os servi\u00e7os ali mesmo. Teremos at\u00e9 parceria com a marca Plakton\u201d, explica a empres\u00e1ria Paula Cruvinel, respons\u00e1vel pelo sal\u00e3o.<\/p>\n<p>Para o presidente de Os Independentes, Jer\u00f4nimo Luiz Muzeti, iniciativas como essa refor\u00e7am o compromisso da Festa com a qualidade da experi\u00eancia oferecida ao p\u00fablico. \u201cNosso objetivo \u00e9 que cada pessoa que venha para a Festa do Pe\u00e3o de Barretos, inclusive os que optam por acampar, vivam o evento de forma completa. A amplia\u00e7\u00e3o dos servi\u00e7os no camping \u00e9 parte desse cuidado com cada detalhe\u201d, destaca.<\/p>\n<p>Sobre a Festa<br \/>\nA Festa do Pe\u00e3o de Barretos celebra, em 2025, sua hist\u00f3rica 70\u00aa edi\u00e7\u00e3o, de 21 a 31 de agosto, no Parque do Pe\u00e3o, em Barretos (SP). Reconhecida como o maior evento do g\u00eanero na Am\u00e9rica Latina, a festa re\u00fane tradi\u00e7\u00e3o, cultura sertaneja e inova\u00e7\u00e3o em uma experi\u00eancia inesquec\u00edvel.<br \/>\nmais de 100 shows musicais distribu\u00eddos nos principais palcos do evento, al\u00e9m de apresenta\u00e7\u00f5es exclusivas na \u00e1rea de camping. O evento conta tamb\u00e9m com atra\u00e7\u00f5es esportivas, com nove modalidades e premia\u00e7\u00e3o de R$ R$ 1,5 milh\u00e3o.<\/p>\n<p>Os ingressos est\u00e3o \u00e0 venda pelo site barretos.totalacesso.com, e a programa\u00e7\u00e3o completa pode ser conferida em independentes.com.br. A festa \u00e9 realizada pela Associa\u00e7\u00e3o Os Independentes.<\/p>\n","protected":false},"excerpt":{"rendered":"<p>Servi\u00e7o \u00e9 mais uma op\u00e7\u00e3o para os visitantes que optam<\/p>\n","protected":false},"author":2,"featured_media":120427,"comment_status":"open","ping_status":"open","sticky":false,"template":"","format":"standard","meta":{"footnotes":""},"categories":[14,25],"tags":[],"class_list":["post-120426","post","type-post","status-publish","format-standard","has-post-thumbnail","hentry","category-barretos","category-cidades"],"yoast_head":"<!-- This site is optimized with the Yoast SEO plugin v27.4 - https:\/\/yoast.com\/product\/yoast-seo-wordpress\/ -->\n<title>Festa do Pe\u00e3o de Barretos: camping oferece estrutura com sal\u00e3o de beleza, barbearia e agendamento antecipado - Regi\u00e3o News<\/title>\n<meta name=\"robots\" content=\"index, follow, max-snippet:-1, max-image-preview:large, max-video-preview:-1\" \/>\n<link rel=\"canonical\" href=\"https:\/\/regiaonews.net.br\/2022\/2025\/08\/08\/festa-do-peao-de-barretos-camping-oferece-estrutura-com-salao-de-beleza-barbearia-e-agendamento-antecipado\/\" \/>\n<meta property=\"og:locale\" content=\"pt_BR\" \/>\n<meta property=\"og:type\" content=\"article\" \/>\n<meta property=\"og:title\" content=\"Festa do Pe\u00e3o de Barretos: camping oferece estrutura com sal\u00e3o de beleza, barbearia e agendamento antecipado - Regi\u00e3o News\" \/>\n<meta property=\"og:description\" content=\"Servi\u00e7o \u00e9 mais uma op\u00e7\u00e3o para os visitantes que optam\" \/>\n<meta property=\"og:url\" content=\"https:\/\/regiaonews.net.br\/2022\/2025\/08\/08\/festa-do-peao-de-barretos-camping-oferece-estrutura-com-salao-de-beleza-barbearia-e-agendamento-antecipado\/\" \/>\n<meta property=\"og:site_name\" content=\"Regi\u00e3o News\" \/>\n<meta property=\"article:published_time\" content=\"2025-08-08T22:10:42+00:00\" \/>\n<meta property=\"og:image\" content=\"https:\/\/regiaonews.net.br\/2022\/wp-content\/uploads\/2025\/08\/WhatsApp-Image-2025-08-08-at-15.37.59.jpeg\" \/>\n\t<meta property=\"og:image:width\" content=\"1080\" \/>\n\t<meta property=\"og:image:height\" content=\"604\" \/>\n\t<meta property=\"og:image:type\" content=\"image\/jpeg\" \/>\n<meta name=\"author\" content=\"Roberto\" \/>\n<meta name=\"twitter:card\" content=\"summary_large_image\" \/>\n<meta name=\"twitter:label1\" content=\"Escrito por\" \/>\n\t<meta name=\"twitter:data1\" content=\"Roberto\" \/>\n\t<meta name=\"twitter:label2\" content=\"Est. tempo de leitura\" \/>\n\t<meta name=\"twitter:data2\" content=\"3 minutos\" \/>\n<script type=\"application\/ld+json\" class=\"yoast-schema-graph\">{\"@context\":\"https:\\\/\\\/schema.org\",\"@graph\":[{\"@type\":\"Article\",\"@id\":\"https:\\\/\\\/regiaonews.net.br\\\/2022\\\/2025\\\/08\\\/08\\\/festa-do-peao-de-barretos-camping-oferece-estrutura-com-salao-de-beleza-barbearia-e-agendamento-antecipado\\\/#article\",\"isPartOf\":{\"@id\":\"https:\\\/\\\/regiaonews.net.br\\\/2022\\\/2025\\\/08\\\/08\\\/festa-do-peao-de-barretos-camping-oferece-estrutura-com-salao-de-beleza-barbearia-e-agendamento-antecipado\\\/\"},\"author\":{\"name\":\"Roberto\",\"@id\":\"https:\\\/\\\/regiaonews.net.br\\\/2022\\\/#\\\/schema\\\/person\\\/2d205a608a5aa97ac279d7a5e6d89ad8\"},\"headline\":\"Festa do Pe\u00e3o de Barretos: camping oferece estrutura com sal\u00e3o de beleza, barbearia e agendamento antecipado\",\"datePublished\":\"2025-08-08T22:10:42+00:00\",\"mainEntityOfPage\":{\"@id\":\"https:\\\/\\\/regiaonews.net.br\\\/2022\\\/2025\\\/08\\\/08\\\/festa-do-peao-de-barretos-camping-oferece-estrutura-com-salao-de-beleza-barbearia-e-agendamento-antecipado\\\/\"},\"wordCount\":500,\"commentCount\":0,\"publisher\":{\"@id\":\"https:\\\/\\\/regiaonews.net.br\\\/2022\\\/#organization\"},\"image\":{\"@id\":\"https:\\\/\\\/regiaonews.net.br\\\/2022\\\/2025\\\/08\\\/08\\\/festa-do-peao-de-barretos-camping-oferece-estrutura-com-salao-de-beleza-barbearia-e-agendamento-antecipado\\\/#primaryimage\"},\"thumbnailUrl\":\"https:\\\/\\\/regiaonews.net.br\\\/2022\\\/wp-content\\\/uploads\\\/2025\\\/08\\\/WhatsApp-Image-2025-08-08-at-15.37.59.jpeg\",\"articleSection\":[\"Barretos\",\"Cidades\"],\"inLanguage\":\"pt-BR\",\"potentialAction\":[{\"@type\":\"CommentAction\",\"name\":\"Comment\",\"target\":[\"https:\\\/\\\/regiaonews.net.br\\\/2022\\\/2025\\\/08\\\/08\\\/festa-do-peao-de-barretos-camping-oferece-estrutura-com-salao-de-beleza-barbearia-e-agendamento-antecipado\\\/#respond\"]}]},{\"@type\":\"WebPage\",\"@id\":\"https:\\\/\\\/regiaonews.net.br\\\/2022\\\/2025\\\/08\\\/08\\\/festa-do-peao-de-barretos-camping-oferece-estrutura-com-salao-de-beleza-barbearia-e-agendamento-antecipado\\\/\",\"url\":\"https:\\\/\\\/regiaonews.net.br\\\/2022\\\/2025\\\/08\\\/08\\\/festa-do-peao-de-barretos-camping-oferece-estrutura-com-salao-de-beleza-barbearia-e-agendamento-antecipado\\\/\",\"name\":\"Festa do Pe\u00e3o de Barretos: camping oferece estrutura com sal\u00e3o de beleza, barbearia e agendamento antecipado - Regi\u00e3o News\",\"isPartOf\":{\"@id\":\"https:\\\/\\\/regiaonews.net.br\\\/2022\\\/#website\"},\"primaryImageOfPage\":{\"@id\":\"https:\\\/\\\/regiaonews.net.br\\\/2022\\\/2025\\\/08\\\/08\\\/festa-do-peao-de-barretos-camping-oferece-estrutura-com-salao-de-beleza-barbearia-e-agendamento-antecipado\\\/#primaryimage\"},\"image\":{\"@id\":\"https:\\\/\\\/regiaonews.net.br\\\/2022\\\/2025\\\/08\\\/08\\\/festa-do-peao-de-barretos-camping-oferece-estrutura-com-salao-de-beleza-barbearia-e-agendamento-antecipado\\\/#primaryimage\"},\"thumbnailUrl\":\"https:\\\/\\\/regiaonews.net.br\\\/2022\\\/wp-content\\\/uploads\\\/2025\\\/08\\\/WhatsApp-Image-2025-08-08-at-15.37.59.jpeg\",\"datePublished\":\"2025-08-08T22:10:42+00:00\",\"breadcrumb\":{\"@id\":\"https:\\\/\\\/regiaonews.net.br\\\/2022\\\/2025\\\/08\\\/08\\\/festa-do-peao-de-barretos-camping-oferece-estrutura-com-salao-de-beleza-barbearia-e-agendamento-antecipado\\\/#breadcrumb\"},\"inLanguage\":\"pt-BR\",\"potentialAction\":[{\"@type\":\"ReadAction\",\"target\":[\"https:\\\/\\\/regiaonews.net.br\\\/2022\\\/2025\\\/08\\\/08\\\/festa-do-peao-de-barretos-camping-oferece-estrutura-com-salao-de-beleza-barbearia-e-agendamento-antecipado\\\/\"]}]},{\"@type\":\"ImageObject\",\"inLanguage\":\"pt-BR\",\"@id\":\"https:\\\/\\\/regiaonews.net.br\\\/2022\\\/2025\\\/08\\\/08\\\/festa-do-peao-de-barretos-camping-oferece-estrutura-com-salao-de-beleza-barbearia-e-agendamento-antecipado\\\/#primaryimage\",\"url\":\"https:\\\/\\\/regiaonews.net.br\\\/2022\\\/wp-content\\\/uploads\\\/2025\\\/08\\\/WhatsApp-Image-2025-08-08-at-15.37.59.jpeg\",\"contentUrl\":\"https:\\\/\\\/regiaonews.net.br\\\/2022\\\/wp-content\\\/uploads\\\/2025\\\/08\\\/WhatsApp-Image-2025-08-08-at-15.37.59.jpeg\",\"width\":1080,\"height\":604},{\"@type\":\"BreadcrumbList\",\"@id\":\"https:\\\/\\\/regiaonews.net.br\\\/2022\\\/2025\\\/08\\\/08\\\/festa-do-peao-de-barretos-camping-oferece-estrutura-com-salao-de-beleza-barbearia-e-agendamento-antecipado\\\/#breadcrumb\",\"itemListElement\":[{\"@type\":\"ListItem\",\"position\":1,\"name\":\"In\u00edcio\",\"item\":\"https:\\\/\\\/regiaonews.net.br\\\/2022\\\/\"},{\"@type\":\"ListItem\",\"position\":2,\"name\":\"Festa do Pe\u00e3o de Barretos: camping oferece estrutura com sal\u00e3o de beleza, barbearia e agendamento antecipado\"}]},{\"@type\":\"WebSite\",\"@id\":\"https:\\\/\\\/regiaonews.net.br\\\/2022\\\/#website\",\"url\":\"https:\\\/\\\/regiaonews.net.br\\\/2022\\\/\",\"name\":\"Regi\u00e3o News\",\"description\":\"Site de Not\u00edcias de Barretos e regi\u00e3o\",\"publisher\":{\"@id\":\"https:\\\/\\\/regiaonews.net.br\\\/2022\\\/#organization\"},\"potentialAction\":[{\"@type\":\"SearchAction\",\"target\":{\"@type\":\"EntryPoint\",\"urlTemplate\":\"https:\\\/\\\/regiaonews.net.br\\\/2022\\\/?s={search_term_string}\"},\"query-input\":{\"@type\":\"PropertyValueSpecification\",\"valueRequired\":true,\"valueName\":\"search_term_string\"}}],\"inLanguage\":\"pt-BR\"},{\"@type\":\"Organization\",\"@id\":\"https:\\\/\\\/regiaonews.net.br\\\/2022\\\/#organization\",\"name\":\"Regi\u00e3o News\",\"url\":\"https:\\\/\\\/regiaonews.net.br\\\/2022\\\/\",\"logo\":{\"@type\":\"ImageObject\",\"inLanguage\":\"pt-BR\",\"@id\":\"https:\\\/\\\/regiaonews.net.br\\\/2022\\\/#\\\/schema\\\/logo\\\/image\\\/\",\"url\":\"https:\\\/\\\/regiaonews.net.br\\\/2022\\\/wp-content\\\/uploads\\\/2026\\\/03\\\/regiao-13-anos-scaled.jpg\",\"contentUrl\":\"https:\\\/\\\/regiaonews.net.br\\\/2022\\\/wp-content\\\/uploads\\\/2026\\\/03\\\/regiao-13-anos-scaled.jpg\",\"width\":2560,\"height\":635,\"caption\":\"Regi\u00e3o News\"},\"image\":{\"@id\":\"https:\\\/\\\/regiaonews.net.br\\\/2022\\\/#\\\/schema\\\/logo\\\/image\\\/\"}},{\"@type\":\"Person\",\"@id\":\"https:\\\/\\\/regiaonews.net.br\\\/2022\\\/#\\\/schema\\\/person\\\/2d205a608a5aa97ac279d7a5e6d89ad8\",\"name\":\"Roberto\",\"image\":{\"@type\":\"ImageObject\",\"inLanguage\":\"pt-BR\",\"@id\":\"https:\\\/\\\/secure.gravatar.com\\\/avatar\\\/42749d8b712ff9d59ca93dc150494e5b55a44134482993f5baeb97e61b7ecc89?s=96&d=mm&r=g\",\"url\":\"https:\\\/\\\/secure.gravatar.com\\\/avatar\\\/42749d8b712ff9d59ca93dc150494e5b55a44134482993f5baeb97e61b7ecc89?s=96&d=mm&r=g\",\"contentUrl\":\"https:\\\/\\\/secure.gravatar.com\\\/avatar\\\/42749d8b712ff9d59ca93dc150494e5b55a44134482993f5baeb97e61b7ecc89?s=96&d=mm&r=g\",\"caption\":\"Roberto\"},\"url\":\"https:\\\/\\\/regiaonews.net.br\\\/2022\\\/author\\\/roberto\\\/\"}]}<\/script>\n<!-- \/ Yoast SEO plugin. -->","yoast_head_json":{"title":"Festa do Pe\u00e3o de Barretos: camping oferece estrutura com sal\u00e3o de beleza, barbearia e agendamento antecipado - Regi\u00e3o News","robots":{"index":"index","follow":"follow","max-snippet":"max-snippet:-1","max-image-preview":"max-image-preview:large","max-video-preview":"max-video-preview:-1"},"canonical":"https:\/\/regiaonews.net.br\/2022\/2025\/08\/08\/festa-do-peao-de-barretos-camping-oferece-estrutura-com-salao-de-beleza-barbearia-e-agendamento-antecipado\/","og_locale":"pt_BR","og_type":"article","og_title":"Festa do Pe\u00e3o de Barretos: camping oferece estrutura com sal\u00e3o de beleza, barbearia e agendamento antecipado - Regi\u00e3o News","og_description":"Servi\u00e7o \u00e9 mais uma op\u00e7\u00e3o para os visitantes que optam","og_url":"https:\/\/regiaonews.net.br\/2022\/2025\/08\/08\/festa-do-peao-de-barretos-camping-oferece-estrutura-com-salao-de-beleza-barbearia-e-agendamento-antecipado\/","og_site_name":"Regi\u00e3o News","article_published_time":"2025-08-08T22:10:42+00:00","og_image":[{"width":1080,"height":604,"url":"https:\/\/regiaonews.net.br\/2022\/wp-content\/uploads\/2025\/08\/WhatsApp-Image-2025-08-08-at-15.37.59.jpeg","type":"image\/jpeg"}],"author":"Roberto","twitter_card":"summary_large_image","twitter_misc":{"Escrito por":"Roberto","Est. tempo de leitura":"3 minutos"},"schema":{"@context":"https:\/\/schema.org","@graph":[{"@type":"Article","@id":"https:\/\/regiaonews.net.br\/2022\/2025\/08\/08\/festa-do-peao-de-barretos-camping-oferece-estrutura-com-salao-de-beleza-barbearia-e-agendamento-antecipado\/#article","isPartOf":{"@id":"https:\/\/regiaonews.net.br\/2022\/2025\/08\/08\/festa-do-peao-de-barretos-camping-oferece-estrutura-com-salao-de-beleza-barbearia-e-agendamento-antecipado\/"},"author":{"name":"Roberto","@id":"https:\/\/regiaonews.net.br\/2022\/#\/schema\/person\/2d205a608a5aa97ac279d7a5e6d89ad8"},"headline":"Festa do Pe\u00e3o de Barretos: camping oferece estrutura com sal\u00e3o de beleza, barbearia e agendamento antecipado","datePublished":"2025-08-08T22:10:42+00:00","mainEntityOfPage":{"@id":"https:\/\/regiaonews.net.br\/2022\/2025\/08\/08\/festa-do-peao-de-barretos-camping-oferece-estrutura-com-salao-de-beleza-barbearia-e-agendamento-antecipado\/"},"wordCount":500,"commentCount":0,"publisher":{"@id":"https:\/\/regiaonews.net.br\/2022\/#organization"},"image":{"@id":"https:\/\/regiaonews.net.br\/2022\/2025\/08\/08\/festa-do-peao-de-barretos-camping-oferece-estrutura-com-salao-de-beleza-barbearia-e-agendamento-antecipado\/#primaryimage"},"thumbnailUrl":"https:\/\/regiaonews.net.br\/2022\/wp-content\/uploads\/2025\/08\/WhatsApp-Image-2025-08-08-at-15.37.59.jpeg","articleSection":["Barretos","Cidades"],"inLanguage":"pt-BR","potentialAction":[{"@type":"CommentAction","name":"Comment","target":["https:\/\/regiaonews.net.br\/2022\/2025\/08\/08\/festa-do-peao-de-barretos-camping-oferece-estrutura-com-salao-de-beleza-barbearia-e-agendamento-antecipado\/#respond"]}]},{"@type":"WebPage","@id":"https:\/\/regiaonews.net.br\/2022\/2025\/08\/08\/festa-do-peao-de-barretos-camping-oferece-estrutura-com-salao-de-beleza-barbearia-e-agendamento-antecipado\/","url":"https:\/\/regiaonews.net.br\/2022\/2025\/08\/08\/festa-do-peao-de-barretos-camping-oferece-estrutura-com-salao-de-beleza-barbearia-e-agendamento-antecipado\/","name":"Festa do Pe\u00e3o de Barretos: camping oferece estrutura com sal\u00e3o de beleza, barbearia e agendamento antecipado - Regi\u00e3o News","isPartOf":{"@id":"https:\/\/regiaonews.net.br\/2022\/#website"},"primaryImageOfPage":{"@id":"https:\/\/regiaonews.net.br\/2022\/2025\/08\/08\/festa-do-peao-de-barretos-camping-oferece-estrutura-com-salao-de-beleza-barbearia-e-agendamento-antecipado\/#primaryimage"},"image":{"@id":"https:\/\/regiaonews.net.br\/2022\/2025\/08\/08\/festa-do-peao-de-barretos-camping-oferece-estrutura-com-salao-de-beleza-barbearia-e-agendamento-antecipado\/#primaryimage"},"thumbnailUrl":"https:\/\/regiaonews.net.br\/2022\/wp-content\/uploads\/2025\/08\/WhatsApp-Image-2025-08-08-at-15.37.59.jpeg","datePublished":"2025-08-08T22:10:42+00:00","breadcrumb":{"@id":"https:\/\/regiaonews.net.br\/2022\/2025\/08\/08\/festa-do-peao-de-barretos-camping-oferece-estrutura-com-salao-de-beleza-barbearia-e-agendamento-antecipado\/#breadcrumb"},"inLanguage":"pt-BR","potentialAction":[{"@type":"ReadAction","target":["https:\/\/regiaonews.net.br\/2022\/2025\/08\/08\/festa-do-peao-de-barretos-camping-oferece-estrutura-com-salao-de-beleza-barbearia-e-agendamento-antecipado\/"]}]},{"@type":"ImageObject","inLanguage":"pt-BR","@id":"https:\/\/regiaonews.net.br\/2022\/2025\/08\/08\/festa-do-peao-de-barretos-camping-oferece-estrutura-com-salao-de-beleza-barbearia-e-agendamento-antecipado\/#primaryimage","url":"https:\/\/regiaonews.net.br\/2022\/wp-content\/uploads\/2025\/08\/WhatsApp-Image-2025-08-08-at-15.37.59.jpeg","contentUrl":"https:\/\/regiaonews.net.br\/2022\/wp-content\/uploads\/2025\/08\/WhatsApp-Image-2025-08-08-at-15.37.59.jpeg","width":1080,"height":604},{"@type":"BreadcrumbList","@id":"https:\/\/regiaonews.net.br\/2022\/2025\/08\/08\/festa-do-peao-de-barretos-camping-oferece-estrutura-com-salao-de-beleza-barbearia-e-agendamento-antecipado\/#breadcrumb","itemListElement":[{"@type":"ListItem","position":1,"name":"In\u00edcio","item":"https:\/\/regiaonews.net.br\/2022\/"},{"@type":"ListItem","position":2,"name":"Festa do Pe\u00e3o de Barretos: camping oferece estrutura com sal\u00e3o de beleza, barbearia e agendamento antecipado"}]},{"@type":"WebSite","@id":"https:\/\/regiaonews.net.br\/2022\/#website","url":"https:\/\/regiaonews.net.br\/2022\/","name":"Regi\u00e3o News","description":"Site de Not\u00edcias de Barretos e regi\u00e3o","publisher":{"@id":"https:\/\/regiaonews.net.br\/2022\/#organization"},"potentialAction":[{"@type":"SearchAction","target":{"@type":"EntryPoint","urlTemplate":"https:\/\/regiaonews.net.br\/2022\/?s={search_term_string}"},"query-input":{"@type":"PropertyValueSpecification","valueRequired":true,"valueName":"search_term_string"}}],"inLanguage":"pt-BR"},{"@type":"Organization","@id":"https:\/\/regiaonews.net.br\/2022\/#organization","name":"Regi\u00e3o News","url":"https:\/\/regiaonews.net.br\/2022\/","logo":{"@type":"ImageObject","inLanguage":"pt-BR","@id":"https:\/\/regiaonews.net.br\/2022\/#\/schema\/logo\/image\/","url":"https:\/\/regiaonews.net.br\/2022\/wp-content\/uploads\/2026\/03\/regiao-13-anos-scaled.jpg","contentUrl":"https:\/\/regiaonews.net.br\/2022\/wp-content\/uploads\/2026\/03\/regiao-13-anos-scaled.jpg","width":2560,"height":635,"caption":"Regi\u00e3o News"},"image":{"@id":"https:\/\/regiaonews.net.br\/2022\/#\/schema\/logo\/image\/"}},{"@type":"Person","@id":"https:\/\/regiaonews.net.br\/2022\/#\/schema\/person\/2d205a608a5aa97ac279d7a5e6d89ad8","name":"Roberto","image":{"@type":"ImageObject","inLanguage":"pt-BR","@id":"https:\/\/secure.gravatar.com\/avatar\/42749d8b712ff9d59ca93dc150494e5b55a44134482993f5baeb97e61b7ecc89?s=96&d=mm&r=g","url":"https:\/\/secure.gravatar.com\/avatar\/42749d8b712ff9d59ca93dc150494e5b55a44134482993f5baeb97e61b7ecc89?s=96&d=mm&r=g","contentUrl":"https:\/\/secure.gravatar.com\/avatar\/42749d8b712ff9d59ca93dc150494e5b55a44134482993f5baeb97e61b7ecc89?s=96&d=mm&r=g","caption":"Roberto"},"url":"https:\/\/regiaonews.net.br\/2022\/author\/roberto\/"}]}},"publishpress_future_action":{"enabled":false,"date":"2026-05-02 07:02:59","action":"change-status","newStatus":"draft","terms":[],"taxonomy":"category","extraData":[]},"publishpress_future_workflow_manual_trigger":{"enabledWorkflows":[]},"_links":{"self":[{"href":"https:\/\/regiaonews.net.br\/2022\/wp-json\/wp\/v2\/posts\/120426","targetHints":{"allow":["GET"]}}],"collection":[{"href":"https:\/\/regiaonews.net.br\/2022\/wp-json\/wp\/v2\/posts"}],"about":[{"href":"https:\/\/regiaonews.net.br\/2022\/wp-json\/wp\/v2\/types\/post"}],"author":[{"embeddable":true,"href":"https:\/\/regiaonews.net.br\/2022\/wp-json\/wp\/v2\/users\/2"}],"replies":[{"embeddable":true,"href":"https:\/\/regiaonews.net.br\/2022\/wp-json\/wp\/v2\/comments?post=120426"}],"version-history":[{"count":1,"href":"https:\/\/regiaonews.net.br\/2022\/wp-json\/wp\/v2\/posts\/120426\/revisions"}],"predecessor-version":[{"id":120428,"href":"https:\/\/regiaonews.net.br\/2022\/wp-json\/wp\/v2\/posts\/120426\/revisions\/120428"}],"wp:featuredmedia":[{"embeddable":true,"href":"https:\/\/regiaonews.net.br\/2022\/wp-json\/wp\/v2\/media\/120427"}],"wp:attachment":[{"href":"https:\/\/regiaonews.net.br\/2022\/wp-json\/wp\/v2\/media?parent=120426"}],"wp:term":[{"taxonomy":"category","embeddable":true,"href":"https:\/\/regiaonews.net.br\/2022\/wp-json\/wp\/v2\/categories?post=120426"},{"taxonomy":"post_tag","embeddable":true,"href":"https:\/\/regiaonews.net.br\/2022\/wp-json\/wp\/v2\/tags?post=120426"}],"curies":[{"name":"wp","href":"https:\/\/api.w.org\/{rel}","templated":true}]}}