{"id":116949,"date":"2025-04-29T19:37:14","date_gmt":"2025-04-29T22:37:14","guid":{"rendered":"https:\/\/regiaonews.net.br\/2022\/?p=116949"},"modified":"2025-04-29T19:43:13","modified_gmt":"2025-04-29T22:43:13","slug":"barretos-motorcycles-acontece-em-maio-com-mais-de-20-shows-e-apresentacoes-de-acrobacias","status":"publish","type":"post","link":"https:\/\/regiaonews.net.br\/2022\/2025\/04\/29\/barretos-motorcycles-acontece-em-maio-com-mais-de-20-shows-e-apresentacoes-de-acrobacias\/","title":{"rendered":"Barretos Motorcycles acontece em maio com mais de 20 shows e apresenta\u00e7\u00f5es de acrobacias"},"content":{"rendered":"<h2 class=\"subtitulo\">Evento, que acontece de 01 a 03 de maio no Parque do Pe\u00e3o, tamb\u00e9m re\u00fane v\u00e1rias outras atra\u00e7\u00f5es para os amantes do motociclismo. Entre os shows confirmados est\u00e1 a banda Paralamas<\/h2>\n<div class=\"texto\">\n<div class=\"imagem col-lg-4 col-md-6 col-12 float-md-end ps-lg-4 p-2\">\n<p><img decoding=\"async\" src=\"https:\/\/www.independentes.com.br\/noticias-foto\/2025\/174480618767ffa12b6366f.jpg\" \/><\/p>\n<p>(Foto: divulga\u00e7\u00e3o | No s\u00e1bado (3), o palco principal recebe a banda Os Paralamas do Sucesso)<\/p>\n<\/div>\n<p>A 21\u00aa edi\u00e7\u00e3o do Barretos Motorcycles ser\u00e1 realizada de 1 a 3 de maio de 2025, no Parque do Pe\u00e3o, em Barretos (SP). Os ingressos j\u00e1 est\u00e3o \u00e0 venda no site oficial independentes.com.br\/motorcycles, com op\u00e7\u00f5es para pedestres e motociclistas (entrando com suas motos no espa\u00e7o do evento).<\/p>\n<p>Reconhecido como um dos principais encontros de motociclistas do pa\u00eds, o evento re\u00fane f\u00e3s de motociclismo e entusiastas da cultura sobre duas rodas, com uma programa\u00e7\u00e3o que inclui shows musicais, manobras radicais, expositores, pra\u00e7a de alimenta\u00e7\u00e3o, al\u00e9m do tradicional Concurso Garota Motorcycles, com inscri\u00e7\u00f5es abertas at\u00e9 20 de abril.<\/p>\n<p>Palco principal<br \/>\nA programa\u00e7\u00e3o musical come\u00e7a no feriado de quinta-feira, 1\u00ba de maio, com apresenta\u00e7\u00f5es no palco principal de Renato Quase Russo, com tributo \u00e0 Legi\u00e3o Urbana; Rubber Soul, com covers dos Beatles; e DZ6, banda cover do Charlie Brown Jr.<\/p>\n<p>Na sexta-feira (2), se apresentam o cantor Ratto, L\u00e9o Maia e a dupla Pedro Henrique &amp; Gael. No s\u00e1bado (3), o palco principal recebe a banda Os Paralamas do Sucesso, al\u00e9m de Ventania e do Projeto Reisan, formado por Reinaldo Meireles e Sandami, com repert\u00f3rio de cl\u00e1ssicos do rock internacional.<\/p>\n<p>Tenda Motor e Motor Rock Bar<br \/>\nA Tenda Motor tamb\u00e9m ser\u00e1 ponto de encontro para os f\u00e3s de m\u00fasica ao vivo, com apresenta\u00e7\u00f5es di\u00e1rias a partir do meio-dia. Na quinta-feira, o p\u00fablico confere O Bando da Esquina, Conex\u00e3o Amaz\u00f4nica, Banda Javas e Banda Snarling.<\/p>\n<p>Na sexta, tocam Banda TEED, Mistura Fina e Banda Asquerosa. J\u00e1 no s\u00e1bado, a programa\u00e7\u00e3o inclui Rock Veras, Lady Bad Luck, al\u00e9m da Banda Bad Medicine, Black Bandanna.<\/p>\n<p>Outras atra\u00e7\u00f5es tamb\u00e9m marcar\u00e3o presen\u00e7a diariamente: o DJ Thomazini agita a Tenda Motor, enquanto a banda Trecho Urbano se apresenta em formato ac\u00fastico no Moto Rock Bar durante os tr\u00eas dias do evento.<\/p>\n<p>Acrobacias e mais atra\u00e7\u00f5es<br \/>\nNo campo das manobras radicais, o evento recebe nomes como Luquinha Wheeling, Cachorr\u00e3o Moto Show, Danielzinho Motoshow e a equipe WF Zerinho Power, que realiza apresenta\u00e7\u00f5es com tratores adaptados para drift. As exibi\u00e7\u00f5es acontecem em pista exclusiva, com arquibancadas e narra\u00e7\u00e3o ao vivo.<\/p>\n<p>Tamb\u00e9m est\u00e3o confirmados no evento o tradicional City Tour, Concurso Garota Motorcycles, lan\u00e7amentos e apresenta\u00e7\u00f5es do setor na Feira Comercial, a\u00e7\u00f5es de expositores, Missa dos Motociclistas e Pra\u00e7a de Alimenta\u00e7\u00e3o.<\/p>\n<\/div>\n","protected":false},"excerpt":{"rendered":"<p>Evento, que acontece de 01 a 03 de maio no<\/p>\n","protected":false},"author":2,"featured_media":116951,"comment_status":"open","ping_status":"open","sticky":false,"template":"","format":"standard","meta":{"footnotes":""},"categories":[14,25],"tags":[],"class_list":["post-116949","post","type-post","status-publish","format-standard","has-post-thumbnail","hentry","category-barretos","category-cidades"],"yoast_head":"<!-- This site is optimized with the Yoast SEO plugin v27.4 - https:\/\/yoast.com\/product\/yoast-seo-wordpress\/ -->\n<title>Barretos Motorcycles acontece em maio com mais de 20 shows e apresenta\u00e7\u00f5es de acrobacias - Regi\u00e3o News<\/title>\n<meta name=\"robots\" content=\"index, follow, max-snippet:-1, max-image-preview:large, max-video-preview:-1\" \/>\n<link rel=\"canonical\" href=\"https:\/\/regiaonews.net.br\/2022\/2025\/04\/29\/barretos-motorcycles-acontece-em-maio-com-mais-de-20-shows-e-apresentacoes-de-acrobacias\/\" \/>\n<meta property=\"og:locale\" content=\"pt_BR\" \/>\n<meta property=\"og:type\" content=\"article\" \/>\n<meta property=\"og:title\" content=\"Barretos Motorcycles acontece em maio com mais de 20 shows e apresenta\u00e7\u00f5es de acrobacias - Regi\u00e3o News\" \/>\n<meta property=\"og:description\" content=\"Evento, que acontece de 01 a 03 de maio no\" \/>\n<meta property=\"og:url\" content=\"https:\/\/regiaonews.net.br\/2022\/2025\/04\/29\/barretos-motorcycles-acontece-em-maio-com-mais-de-20-shows-e-apresentacoes-de-acrobacias\/\" \/>\n<meta property=\"og:site_name\" content=\"Regi\u00e3o News\" \/>\n<meta property=\"article:published_time\" content=\"2025-04-29T22:37:14+00:00\" \/>\n<meta property=\"article:modified_time\" content=\"2025-04-29T22:43:13+00:00\" \/>\n<meta property=\"og:image\" content=\"https:\/\/regiaonews.net.br\/2022\/wp-content\/uploads\/2025\/04\/174480618767ffa12b6366f.jpg\" \/>\n\t<meta property=\"og:image:width\" content=\"800\" \/>\n\t<meta property=\"og:image:height\" content=\"533\" \/>\n\t<meta property=\"og:image:type\" content=\"image\/jpeg\" \/>\n<meta name=\"author\" content=\"Roberto\" \/>\n<meta name=\"twitter:card\" content=\"summary_large_image\" \/>\n<meta name=\"twitter:label1\" content=\"Escrito por\" \/>\n\t<meta name=\"twitter:data1\" content=\"Roberto\" \/>\n\t<meta name=\"twitter:label2\" content=\"Est. tempo de leitura\" \/>\n\t<meta name=\"twitter:data2\" content=\"3 minutos\" \/>\n<script type=\"application\/ld+json\" class=\"yoast-schema-graph\">{\"@context\":\"https:\\\/\\\/schema.org\",\"@graph\":[{\"@type\":\"Article\",\"@id\":\"https:\\\/\\\/regiaonews.net.br\\\/2022\\\/2025\\\/04\\\/29\\\/barretos-motorcycles-acontece-em-maio-com-mais-de-20-shows-e-apresentacoes-de-acrobacias\\\/#article\",\"isPartOf\":{\"@id\":\"https:\\\/\\\/regiaonews.net.br\\\/2022\\\/2025\\\/04\\\/29\\\/barretos-motorcycles-acontece-em-maio-com-mais-de-20-shows-e-apresentacoes-de-acrobacias\\\/\"},\"author\":{\"name\":\"Roberto\",\"@id\":\"https:\\\/\\\/regiaonews.net.br\\\/2022\\\/#\\\/schema\\\/person\\\/2d205a608a5aa97ac279d7a5e6d89ad8\"},\"headline\":\"Barretos Motorcycles acontece em maio com mais de 20 shows e apresenta\u00e7\u00f5es de acrobacias\",\"datePublished\":\"2025-04-29T22:37:14+00:00\",\"dateModified\":\"2025-04-29T22:43:13+00:00\",\"mainEntityOfPage\":{\"@id\":\"https:\\\/\\\/regiaonews.net.br\\\/2022\\\/2025\\\/04\\\/29\\\/barretos-motorcycles-acontece-em-maio-com-mais-de-20-shows-e-apresentacoes-de-acrobacias\\\/\"},\"wordCount\":477,\"commentCount\":0,\"publisher\":{\"@id\":\"https:\\\/\\\/regiaonews.net.br\\\/2022\\\/#organization\"},\"image\":{\"@id\":\"https:\\\/\\\/regiaonews.net.br\\\/2022\\\/2025\\\/04\\\/29\\\/barretos-motorcycles-acontece-em-maio-com-mais-de-20-shows-e-apresentacoes-de-acrobacias\\\/#primaryimage\"},\"thumbnailUrl\":\"https:\\\/\\\/regiaonews.net.br\\\/2022\\\/wp-content\\\/uploads\\\/2025\\\/04\\\/174480618767ffa12b6366f.jpg\",\"articleSection\":[\"Barretos\",\"Cidades\"],\"inLanguage\":\"pt-BR\",\"potentialAction\":[{\"@type\":\"CommentAction\",\"name\":\"Comment\",\"target\":[\"https:\\\/\\\/regiaonews.net.br\\\/2022\\\/2025\\\/04\\\/29\\\/barretos-motorcycles-acontece-em-maio-com-mais-de-20-shows-e-apresentacoes-de-acrobacias\\\/#respond\"]}]},{\"@type\":\"WebPage\",\"@id\":\"https:\\\/\\\/regiaonews.net.br\\\/2022\\\/2025\\\/04\\\/29\\\/barretos-motorcycles-acontece-em-maio-com-mais-de-20-shows-e-apresentacoes-de-acrobacias\\\/\",\"url\":\"https:\\\/\\\/regiaonews.net.br\\\/2022\\\/2025\\\/04\\\/29\\\/barretos-motorcycles-acontece-em-maio-com-mais-de-20-shows-e-apresentacoes-de-acrobacias\\\/\",\"name\":\"Barretos Motorcycles acontece em maio com mais de 20 shows e apresenta\u00e7\u00f5es de acrobacias - Regi\u00e3o News\",\"isPartOf\":{\"@id\":\"https:\\\/\\\/regiaonews.net.br\\\/2022\\\/#website\"},\"primaryImageOfPage\":{\"@id\":\"https:\\\/\\\/regiaonews.net.br\\\/2022\\\/2025\\\/04\\\/29\\\/barretos-motorcycles-acontece-em-maio-com-mais-de-20-shows-e-apresentacoes-de-acrobacias\\\/#primaryimage\"},\"image\":{\"@id\":\"https:\\\/\\\/regiaonews.net.br\\\/2022\\\/2025\\\/04\\\/29\\\/barretos-motorcycles-acontece-em-maio-com-mais-de-20-shows-e-apresentacoes-de-acrobacias\\\/#primaryimage\"},\"thumbnailUrl\":\"https:\\\/\\\/regiaonews.net.br\\\/2022\\\/wp-content\\\/uploads\\\/2025\\\/04\\\/174480618767ffa12b6366f.jpg\",\"datePublished\":\"2025-04-29T22:37:14+00:00\",\"dateModified\":\"2025-04-29T22:43:13+00:00\",\"breadcrumb\":{\"@id\":\"https:\\\/\\\/regiaonews.net.br\\\/2022\\\/2025\\\/04\\\/29\\\/barretos-motorcycles-acontece-em-maio-com-mais-de-20-shows-e-apresentacoes-de-acrobacias\\\/#breadcrumb\"},\"inLanguage\":\"pt-BR\",\"potentialAction\":[{\"@type\":\"ReadAction\",\"target\":[\"https:\\\/\\\/regiaonews.net.br\\\/2022\\\/2025\\\/04\\\/29\\\/barretos-motorcycles-acontece-em-maio-com-mais-de-20-shows-e-apresentacoes-de-acrobacias\\\/\"]}]},{\"@type\":\"ImageObject\",\"inLanguage\":\"pt-BR\",\"@id\":\"https:\\\/\\\/regiaonews.net.br\\\/2022\\\/2025\\\/04\\\/29\\\/barretos-motorcycles-acontece-em-maio-com-mais-de-20-shows-e-apresentacoes-de-acrobacias\\\/#primaryimage\",\"url\":\"https:\\\/\\\/regiaonews.net.br\\\/2022\\\/wp-content\\\/uploads\\\/2025\\\/04\\\/174480618767ffa12b6366f.jpg\",\"contentUrl\":\"https:\\\/\\\/regiaonews.net.br\\\/2022\\\/wp-content\\\/uploads\\\/2025\\\/04\\\/174480618767ffa12b6366f.jpg\",\"width\":800,\"height\":533},{\"@type\":\"BreadcrumbList\",\"@id\":\"https:\\\/\\\/regiaonews.net.br\\\/2022\\\/2025\\\/04\\\/29\\\/barretos-motorcycles-acontece-em-maio-com-mais-de-20-shows-e-apresentacoes-de-acrobacias\\\/#breadcrumb\",\"itemListElement\":[{\"@type\":\"ListItem\",\"position\":1,\"name\":\"In\u00edcio\",\"item\":\"https:\\\/\\\/regiaonews.net.br\\\/2022\\\/\"},{\"@type\":\"ListItem\",\"position\":2,\"name\":\"Barretos Motorcycles acontece em maio com mais de 20 shows e apresenta\u00e7\u00f5es de acrobacias\"}]},{\"@type\":\"WebSite\",\"@id\":\"https:\\\/\\\/regiaonews.net.br\\\/2022\\\/#website\",\"url\":\"https:\\\/\\\/regiaonews.net.br\\\/2022\\\/\",\"name\":\"Regi\u00e3o News\",\"description\":\"Site de Not\u00edcias de Barretos e regi\u00e3o\",\"publisher\":{\"@id\":\"https:\\\/\\\/regiaonews.net.br\\\/2022\\\/#organization\"},\"potentialAction\":[{\"@type\":\"SearchAction\",\"target\":{\"@type\":\"EntryPoint\",\"urlTemplate\":\"https:\\\/\\\/regiaonews.net.br\\\/2022\\\/?s={search_term_string}\"},\"query-input\":{\"@type\":\"PropertyValueSpecification\",\"valueRequired\":true,\"valueName\":\"search_term_string\"}}],\"inLanguage\":\"pt-BR\"},{\"@type\":\"Organization\",\"@id\":\"https:\\\/\\\/regiaonews.net.br\\\/2022\\\/#organization\",\"name\":\"Regi\u00e3o News\",\"url\":\"https:\\\/\\\/regiaonews.net.br\\\/2022\\\/\",\"logo\":{\"@type\":\"ImageObject\",\"inLanguage\":\"pt-BR\",\"@id\":\"https:\\\/\\\/regiaonews.net.br\\\/2022\\\/#\\\/schema\\\/logo\\\/image\\\/\",\"url\":\"https:\\\/\\\/regiaonews.net.br\\\/2022\\\/wp-content\\\/uploads\\\/2026\\\/03\\\/regiao-13-anos-scaled.jpg\",\"contentUrl\":\"https:\\\/\\\/regiaonews.net.br\\\/2022\\\/wp-content\\\/uploads\\\/2026\\\/03\\\/regiao-13-anos-scaled.jpg\",\"width\":2560,\"height\":635,\"caption\":\"Regi\u00e3o News\"},\"image\":{\"@id\":\"https:\\\/\\\/regiaonews.net.br\\\/2022\\\/#\\\/schema\\\/logo\\\/image\\\/\"}},{\"@type\":\"Person\",\"@id\":\"https:\\\/\\\/regiaonews.net.br\\\/2022\\\/#\\\/schema\\\/person\\\/2d205a608a5aa97ac279d7a5e6d89ad8\",\"name\":\"Roberto\",\"image\":{\"@type\":\"ImageObject\",\"inLanguage\":\"pt-BR\",\"@id\":\"https:\\\/\\\/secure.gravatar.com\\\/avatar\\\/42749d8b712ff9d59ca93dc150494e5b55a44134482993f5baeb97e61b7ecc89?s=96&d=mm&r=g\",\"url\":\"https:\\\/\\\/secure.gravatar.com\\\/avatar\\\/42749d8b712ff9d59ca93dc150494e5b55a44134482993f5baeb97e61b7ecc89?s=96&d=mm&r=g\",\"contentUrl\":\"https:\\\/\\\/secure.gravatar.com\\\/avatar\\\/42749d8b712ff9d59ca93dc150494e5b55a44134482993f5baeb97e61b7ecc89?s=96&d=mm&r=g\",\"caption\":\"Roberto\"},\"url\":\"https:\\\/\\\/regiaonews.net.br\\\/2022\\\/author\\\/roberto\\\/\"}]}<\/script>\n<!-- \/ Yoast SEO plugin. -->","yoast_head_json":{"title":"Barretos Motorcycles acontece em maio com mais de 20 shows e apresenta\u00e7\u00f5es de acrobacias - Regi\u00e3o News","robots":{"index":"index","follow":"follow","max-snippet":"max-snippet:-1","max-image-preview":"max-image-preview:large","max-video-preview":"max-video-preview:-1"},"canonical":"https:\/\/regiaonews.net.br\/2022\/2025\/04\/29\/barretos-motorcycles-acontece-em-maio-com-mais-de-20-shows-e-apresentacoes-de-acrobacias\/","og_locale":"pt_BR","og_type":"article","og_title":"Barretos Motorcycles acontece em maio com mais de 20 shows e apresenta\u00e7\u00f5es de acrobacias - Regi\u00e3o News","og_description":"Evento, que acontece de 01 a 03 de maio no","og_url":"https:\/\/regiaonews.net.br\/2022\/2025\/04\/29\/barretos-motorcycles-acontece-em-maio-com-mais-de-20-shows-e-apresentacoes-de-acrobacias\/","og_site_name":"Regi\u00e3o News","article_published_time":"2025-04-29T22:37:14+00:00","article_modified_time":"2025-04-29T22:43:13+00:00","og_image":[{"width":800,"height":533,"url":"https:\/\/regiaonews.net.br\/2022\/wp-content\/uploads\/2025\/04\/174480618767ffa12b6366f.jpg","type":"image\/jpeg"}],"author":"Roberto","twitter_card":"summary_large_image","twitter_misc":{"Escrito por":"Roberto","Est. tempo de leitura":"3 minutos"},"schema":{"@context":"https:\/\/schema.org","@graph":[{"@type":"Article","@id":"https:\/\/regiaonews.net.br\/2022\/2025\/04\/29\/barretos-motorcycles-acontece-em-maio-com-mais-de-20-shows-e-apresentacoes-de-acrobacias\/#article","isPartOf":{"@id":"https:\/\/regiaonews.net.br\/2022\/2025\/04\/29\/barretos-motorcycles-acontece-em-maio-com-mais-de-20-shows-e-apresentacoes-de-acrobacias\/"},"author":{"name":"Roberto","@id":"https:\/\/regiaonews.net.br\/2022\/#\/schema\/person\/2d205a608a5aa97ac279d7a5e6d89ad8"},"headline":"Barretos Motorcycles acontece em maio com mais de 20 shows e apresenta\u00e7\u00f5es de acrobacias","datePublished":"2025-04-29T22:37:14+00:00","dateModified":"2025-04-29T22:43:13+00:00","mainEntityOfPage":{"@id":"https:\/\/regiaonews.net.br\/2022\/2025\/04\/29\/barretos-motorcycles-acontece-em-maio-com-mais-de-20-shows-e-apresentacoes-de-acrobacias\/"},"wordCount":477,"commentCount":0,"publisher":{"@id":"https:\/\/regiaonews.net.br\/2022\/#organization"},"image":{"@id":"https:\/\/regiaonews.net.br\/2022\/2025\/04\/29\/barretos-motorcycles-acontece-em-maio-com-mais-de-20-shows-e-apresentacoes-de-acrobacias\/#primaryimage"},"thumbnailUrl":"https:\/\/regiaonews.net.br\/2022\/wp-content\/uploads\/2025\/04\/174480618767ffa12b6366f.jpg","articleSection":["Barretos","Cidades"],"inLanguage":"pt-BR","potentialAction":[{"@type":"CommentAction","name":"Comment","target":["https:\/\/regiaonews.net.br\/2022\/2025\/04\/29\/barretos-motorcycles-acontece-em-maio-com-mais-de-20-shows-e-apresentacoes-de-acrobacias\/#respond"]}]},{"@type":"WebPage","@id":"https:\/\/regiaonews.net.br\/2022\/2025\/04\/29\/barretos-motorcycles-acontece-em-maio-com-mais-de-20-shows-e-apresentacoes-de-acrobacias\/","url":"https:\/\/regiaonews.net.br\/2022\/2025\/04\/29\/barretos-motorcycles-acontece-em-maio-com-mais-de-20-shows-e-apresentacoes-de-acrobacias\/","name":"Barretos Motorcycles acontece em maio com mais de 20 shows e apresenta\u00e7\u00f5es de acrobacias - Regi\u00e3o News","isPartOf":{"@id":"https:\/\/regiaonews.net.br\/2022\/#website"},"primaryImageOfPage":{"@id":"https:\/\/regiaonews.net.br\/2022\/2025\/04\/29\/barretos-motorcycles-acontece-em-maio-com-mais-de-20-shows-e-apresentacoes-de-acrobacias\/#primaryimage"},"image":{"@id":"https:\/\/regiaonews.net.br\/2022\/2025\/04\/29\/barretos-motorcycles-acontece-em-maio-com-mais-de-20-shows-e-apresentacoes-de-acrobacias\/#primaryimage"},"thumbnailUrl":"https:\/\/regiaonews.net.br\/2022\/wp-content\/uploads\/2025\/04\/174480618767ffa12b6366f.jpg","datePublished":"2025-04-29T22:37:14+00:00","dateModified":"2025-04-29T22:43:13+00:00","breadcrumb":{"@id":"https:\/\/regiaonews.net.br\/2022\/2025\/04\/29\/barretos-motorcycles-acontece-em-maio-com-mais-de-20-shows-e-apresentacoes-de-acrobacias\/#breadcrumb"},"inLanguage":"pt-BR","potentialAction":[{"@type":"ReadAction","target":["https:\/\/regiaonews.net.br\/2022\/2025\/04\/29\/barretos-motorcycles-acontece-em-maio-com-mais-de-20-shows-e-apresentacoes-de-acrobacias\/"]}]},{"@type":"ImageObject","inLanguage":"pt-BR","@id":"https:\/\/regiaonews.net.br\/2022\/2025\/04\/29\/barretos-motorcycles-acontece-em-maio-com-mais-de-20-shows-e-apresentacoes-de-acrobacias\/#primaryimage","url":"https:\/\/regiaonews.net.br\/2022\/wp-content\/uploads\/2025\/04\/174480618767ffa12b6366f.jpg","contentUrl":"https:\/\/regiaonews.net.br\/2022\/wp-content\/uploads\/2025\/04\/174480618767ffa12b6366f.jpg","width":800,"height":533},{"@type":"BreadcrumbList","@id":"https:\/\/regiaonews.net.br\/2022\/2025\/04\/29\/barretos-motorcycles-acontece-em-maio-com-mais-de-20-shows-e-apresentacoes-de-acrobacias\/#breadcrumb","itemListElement":[{"@type":"ListItem","position":1,"name":"In\u00edcio","item":"https:\/\/regiaonews.net.br\/2022\/"},{"@type":"ListItem","position":2,"name":"Barretos Motorcycles acontece em maio com mais de 20 shows e apresenta\u00e7\u00f5es de acrobacias"}]},{"@type":"WebSite","@id":"https:\/\/regiaonews.net.br\/2022\/#website","url":"https:\/\/regiaonews.net.br\/2022\/","name":"Regi\u00e3o News","description":"Site de Not\u00edcias de Barretos e regi\u00e3o","publisher":{"@id":"https:\/\/regiaonews.net.br\/2022\/#organization"},"potentialAction":[{"@type":"SearchAction","target":{"@type":"EntryPoint","urlTemplate":"https:\/\/regiaonews.net.br\/2022\/?s={search_term_string}"},"query-input":{"@type":"PropertyValueSpecification","valueRequired":true,"valueName":"search_term_string"}}],"inLanguage":"pt-BR"},{"@type":"Organization","@id":"https:\/\/regiaonews.net.br\/2022\/#organization","name":"Regi\u00e3o News","url":"https:\/\/regiaonews.net.br\/2022\/","logo":{"@type":"ImageObject","inLanguage":"pt-BR","@id":"https:\/\/regiaonews.net.br\/2022\/#\/schema\/logo\/image\/","url":"https:\/\/regiaonews.net.br\/2022\/wp-content\/uploads\/2026\/03\/regiao-13-anos-scaled.jpg","contentUrl":"https:\/\/regiaonews.net.br\/2022\/wp-content\/uploads\/2026\/03\/regiao-13-anos-scaled.jpg","width":2560,"height":635,"caption":"Regi\u00e3o News"},"image":{"@id":"https:\/\/regiaonews.net.br\/2022\/#\/schema\/logo\/image\/"}},{"@type":"Person","@id":"https:\/\/regiaonews.net.br\/2022\/#\/schema\/person\/2d205a608a5aa97ac279d7a5e6d89ad8","name":"Roberto","image":{"@type":"ImageObject","inLanguage":"pt-BR","@id":"https:\/\/secure.gravatar.com\/avatar\/42749d8b712ff9d59ca93dc150494e5b55a44134482993f5baeb97e61b7ecc89?s=96&d=mm&r=g","url":"https:\/\/secure.gravatar.com\/avatar\/42749d8b712ff9d59ca93dc150494e5b55a44134482993f5baeb97e61b7ecc89?s=96&d=mm&r=g","contentUrl":"https:\/\/secure.gravatar.com\/avatar\/42749d8b712ff9d59ca93dc150494e5b55a44134482993f5baeb97e61b7ecc89?s=96&d=mm&r=g","caption":"Roberto"},"url":"https:\/\/regiaonews.net.br\/2022\/author\/roberto\/"}]}},"publishpress_future_action":{"enabled":false,"date":"2026-05-02 01:11:01","action":"change-status","newStatus":"draft","terms":[],"taxonomy":"category","extraData":[]},"publishpress_future_workflow_manual_trigger":{"enabledWorkflows":[]},"_links":{"self":[{"href":"https:\/\/regiaonews.net.br\/2022\/wp-json\/wp\/v2\/posts\/116949","targetHints":{"allow":["GET"]}}],"collection":[{"href":"https:\/\/regiaonews.net.br\/2022\/wp-json\/wp\/v2\/posts"}],"about":[{"href":"https:\/\/regiaonews.net.br\/2022\/wp-json\/wp\/v2\/types\/post"}],"author":[{"embeddable":true,"href":"https:\/\/regiaonews.net.br\/2022\/wp-json\/wp\/v2\/users\/2"}],"replies":[{"embeddable":true,"href":"https:\/\/regiaonews.net.br\/2022\/wp-json\/wp\/v2\/comments?post=116949"}],"version-history":[{"count":2,"href":"https:\/\/regiaonews.net.br\/2022\/wp-json\/wp\/v2\/posts\/116949\/revisions"}],"predecessor-version":[{"id":116952,"href":"https:\/\/regiaonews.net.br\/2022\/wp-json\/wp\/v2\/posts\/116949\/revisions\/116952"}],"wp:featuredmedia":[{"embeddable":true,"href":"https:\/\/regiaonews.net.br\/2022\/wp-json\/wp\/v2\/media\/116951"}],"wp:attachment":[{"href":"https:\/\/regiaonews.net.br\/2022\/wp-json\/wp\/v2\/media?parent=116949"}],"wp:term":[{"taxonomy":"category","embeddable":true,"href":"https:\/\/regiaonews.net.br\/2022\/wp-json\/wp\/v2\/categories?post=116949"},{"taxonomy":"post_tag","embeddable":true,"href":"https:\/\/regiaonews.net.br\/2022\/wp-json\/wp\/v2\/tags?post=116949"}],"curies":[{"name":"wp","href":"https:\/\/api.w.org\/{rel}","templated":true}]}}