{"id":116946,"date":"2025-04-29T19:35:28","date_gmt":"2025-04-29T22:35:28","guid":{"rendered":"https:\/\/regiaonews.net.br\/2022\/?p=116946"},"modified":"2025-04-29T19:35:38","modified_gmt":"2025-04-29T22:35:38","slug":"jantar-solidario-arrecada-fundos-para-a-campanha-maos-que-doam","status":"publish","type":"post","link":"https:\/\/regiaonews.net.br\/2022\/2025\/04\/29\/jantar-solidario-arrecada-fundos-para-a-campanha-maos-que-doam\/","title":{"rendered":"Jantar solid\u00e1rio arrecada fundos para a Campanha M\u00e3os que Doam"},"content":{"rendered":"<p>&nbsp;<\/p>\n<p>A primeira-dama e presidente do Fundo Social de Solidariedade, Roselaine Silva, e o prefeito da Est\u00e2ncia Tur\u00edstica de Barretos, Odair Silva, participaram na noite de segunda-feira, 28 de abril, de um jantar solid\u00e1rio em prol da Campanha M\u00e3os que Doam. A iniciativa visa \u00e0 arrecada\u00e7\u00e3o de alimentos enlatados e produtos de higiene pessoal que ser\u00e3o doados para entidades assistenciais da cidade.<br \/>\n\u201cAgrade\u00e7o a todos os participantes deste jantar, que est\u00e3o ajudando nesta bel\u00edssima causa. As entidades realmente precisam destes itens. Estou muito feliz com esta a\u00e7\u00e3o promovida pelo Renato Peghim\u201d, agradeceu Roselaine.<br \/>\nO jantar e a campanha s\u00e3o promovidos pela Organiza\u00e7\u00e3o Renato Peghim, tradicional empresa barretense do ramo imobili\u00e1rio, com apoio do FSS e de parceiros da iniciativa privada. A meta \u00e9 arrecadar R$50 mil em doa\u00e7\u00f5es at\u00e9 o fim da a\u00e7\u00e3o, no dia 30 de abril.<br \/>\n\u201c\u00c9 um orgulho participar deste projeto do Peghim. Estamos \u00e0 frente da Prefeitura e do Fundo Social de Solidariedade e a gente percebe o desejo que ele est\u00e1 de chegar nestes R$ 50 mil, desde o come\u00e7o. N\u00f3s nos colocamos \u00e0 disposi\u00e7\u00e3o para servir Barretos nestes quatro anos e temos um prop\u00f3sito que \u00e9 mudar a hist\u00f3ria desta cidade em v\u00e1rios aspectos, inclusive na \u00e1rea social\u201d, destacou o chefe do Executivo.<br \/>\nComo participar da campanha?<br \/>\nPara realizar uma doa\u00e7\u00e3o, basta entregar os itens na pr\u00f3pria empresa, localizada na Rua 16, n\u00b0 237, entre as avenidas 25 e 27. Tamb\u00e9m \u00e9 poss\u00edvel contribuir com qualquer quantia por meio da chave PIX (16) 99963-1414. Mais informa\u00e7\u00f5es pelo (17)3321-8877.<\/p>\n","protected":false},"excerpt":{"rendered":"<p>&nbsp; A primeira-dama e presidente do Fundo Social de Solidariedade,<\/p>\n","protected":false},"author":2,"featured_media":116947,"comment_status":"open","ping_status":"open","sticky":false,"template":"","format":"standard","meta":{"footnotes":""},"categories":[14,25],"tags":[],"class_list":["post-116946","post","type-post","status-publish","format-standard","has-post-thumbnail","hentry","category-barretos","category-cidades"],"yoast_head":"<!-- This site is optimized with the Yoast SEO plugin v27.4 - https:\/\/yoast.com\/product\/yoast-seo-wordpress\/ -->\n<title>Jantar solid\u00e1rio arrecada fundos para a Campanha M\u00e3os que Doam - Regi\u00e3o News<\/title>\n<meta name=\"robots\" content=\"index, follow, max-snippet:-1, max-image-preview:large, max-video-preview:-1\" \/>\n<link rel=\"canonical\" href=\"https:\/\/regiaonews.net.br\/2022\/2025\/04\/29\/jantar-solidario-arrecada-fundos-para-a-campanha-maos-que-doam\/\" \/>\n<meta property=\"og:locale\" content=\"pt_BR\" \/>\n<meta property=\"og:type\" content=\"article\" \/>\n<meta property=\"og:title\" content=\"Jantar solid\u00e1rio arrecada fundos para a Campanha M\u00e3os que Doam - Regi\u00e3o News\" \/>\n<meta property=\"og:description\" content=\"&nbsp; A primeira-dama e presidente do Fundo Social de Solidariedade,\" \/>\n<meta property=\"og:url\" content=\"https:\/\/regiaonews.net.br\/2022\/2025\/04\/29\/jantar-solidario-arrecada-fundos-para-a-campanha-maos-que-doam\/\" \/>\n<meta property=\"og:site_name\" content=\"Regi\u00e3o News\" \/>\n<meta property=\"article:published_time\" content=\"2025-04-29T22:35:28+00:00\" \/>\n<meta property=\"article:modified_time\" content=\"2025-04-29T22:35:38+00:00\" \/>\n<meta property=\"og:image\" content=\"https:\/\/regiaonews.net.br\/2022\/wp-content\/uploads\/2025\/04\/WhatsApp-Image-2025-04-29-at-15.28.29.jpeg\" \/>\n\t<meta property=\"og:image:width\" content=\"1600\" \/>\n\t<meta property=\"og:image:height\" content=\"1067\" \/>\n\t<meta property=\"og:image:type\" content=\"image\/jpeg\" \/>\n<meta name=\"author\" content=\"Roberto\" \/>\n<meta name=\"twitter:card\" content=\"summary_large_image\" \/>\n<meta name=\"twitter:label1\" content=\"Escrito por\" \/>\n\t<meta name=\"twitter:data1\" content=\"Roberto\" \/>\n\t<meta name=\"twitter:label2\" content=\"Est. tempo de leitura\" \/>\n\t<meta name=\"twitter:data2\" content=\"2 minutos\" \/>\n<script type=\"application\/ld+json\" class=\"yoast-schema-graph\">{\"@context\":\"https:\\\/\\\/schema.org\",\"@graph\":[{\"@type\":\"Article\",\"@id\":\"https:\\\/\\\/regiaonews.net.br\\\/2022\\\/2025\\\/04\\\/29\\\/jantar-solidario-arrecada-fundos-para-a-campanha-maos-que-doam\\\/#article\",\"isPartOf\":{\"@id\":\"https:\\\/\\\/regiaonews.net.br\\\/2022\\\/2025\\\/04\\\/29\\\/jantar-solidario-arrecada-fundos-para-a-campanha-maos-que-doam\\\/\"},\"author\":{\"name\":\"Roberto\",\"@id\":\"https:\\\/\\\/regiaonews.net.br\\\/2022\\\/#\\\/schema\\\/person\\\/2d205a608a5aa97ac279d7a5e6d89ad8\"},\"headline\":\"Jantar solid\u00e1rio arrecada fundos para a Campanha M\u00e3os que Doam\",\"datePublished\":\"2025-04-29T22:35:28+00:00\",\"dateModified\":\"2025-04-29T22:35:38+00:00\",\"mainEntityOfPage\":{\"@id\":\"https:\\\/\\\/regiaonews.net.br\\\/2022\\\/2025\\\/04\\\/29\\\/jantar-solidario-arrecada-fundos-para-a-campanha-maos-que-doam\\\/\"},\"wordCount\":277,\"commentCount\":0,\"publisher\":{\"@id\":\"https:\\\/\\\/regiaonews.net.br\\\/2022\\\/#organization\"},\"image\":{\"@id\":\"https:\\\/\\\/regiaonews.net.br\\\/2022\\\/2025\\\/04\\\/29\\\/jantar-solidario-arrecada-fundos-para-a-campanha-maos-que-doam\\\/#primaryimage\"},\"thumbnailUrl\":\"https:\\\/\\\/regiaonews.net.br\\\/2022\\\/wp-content\\\/uploads\\\/2025\\\/04\\\/WhatsApp-Image-2025-04-29-at-15.28.29.jpeg\",\"articleSection\":[\"Barretos\",\"Cidades\"],\"inLanguage\":\"pt-BR\",\"potentialAction\":[{\"@type\":\"CommentAction\",\"name\":\"Comment\",\"target\":[\"https:\\\/\\\/regiaonews.net.br\\\/2022\\\/2025\\\/04\\\/29\\\/jantar-solidario-arrecada-fundos-para-a-campanha-maos-que-doam\\\/#respond\"]}]},{\"@type\":\"WebPage\",\"@id\":\"https:\\\/\\\/regiaonews.net.br\\\/2022\\\/2025\\\/04\\\/29\\\/jantar-solidario-arrecada-fundos-para-a-campanha-maos-que-doam\\\/\",\"url\":\"https:\\\/\\\/regiaonews.net.br\\\/2022\\\/2025\\\/04\\\/29\\\/jantar-solidario-arrecada-fundos-para-a-campanha-maos-que-doam\\\/\",\"name\":\"Jantar solid\u00e1rio arrecada fundos para a Campanha M\u00e3os que Doam - Regi\u00e3o News\",\"isPartOf\":{\"@id\":\"https:\\\/\\\/regiaonews.net.br\\\/2022\\\/#website\"},\"primaryImageOfPage\":{\"@id\":\"https:\\\/\\\/regiaonews.net.br\\\/2022\\\/2025\\\/04\\\/29\\\/jantar-solidario-arrecada-fundos-para-a-campanha-maos-que-doam\\\/#primaryimage\"},\"image\":{\"@id\":\"https:\\\/\\\/regiaonews.net.br\\\/2022\\\/2025\\\/04\\\/29\\\/jantar-solidario-arrecada-fundos-para-a-campanha-maos-que-doam\\\/#primaryimage\"},\"thumbnailUrl\":\"https:\\\/\\\/regiaonews.net.br\\\/2022\\\/wp-content\\\/uploads\\\/2025\\\/04\\\/WhatsApp-Image-2025-04-29-at-15.28.29.jpeg\",\"datePublished\":\"2025-04-29T22:35:28+00:00\",\"dateModified\":\"2025-04-29T22:35:38+00:00\",\"breadcrumb\":{\"@id\":\"https:\\\/\\\/regiaonews.net.br\\\/2022\\\/2025\\\/04\\\/29\\\/jantar-solidario-arrecada-fundos-para-a-campanha-maos-que-doam\\\/#breadcrumb\"},\"inLanguage\":\"pt-BR\",\"potentialAction\":[{\"@type\":\"ReadAction\",\"target\":[\"https:\\\/\\\/regiaonews.net.br\\\/2022\\\/2025\\\/04\\\/29\\\/jantar-solidario-arrecada-fundos-para-a-campanha-maos-que-doam\\\/\"]}]},{\"@type\":\"ImageObject\",\"inLanguage\":\"pt-BR\",\"@id\":\"https:\\\/\\\/regiaonews.net.br\\\/2022\\\/2025\\\/04\\\/29\\\/jantar-solidario-arrecada-fundos-para-a-campanha-maos-que-doam\\\/#primaryimage\",\"url\":\"https:\\\/\\\/regiaonews.net.br\\\/2022\\\/wp-content\\\/uploads\\\/2025\\\/04\\\/WhatsApp-Image-2025-04-29-at-15.28.29.jpeg\",\"contentUrl\":\"https:\\\/\\\/regiaonews.net.br\\\/2022\\\/wp-content\\\/uploads\\\/2025\\\/04\\\/WhatsApp-Image-2025-04-29-at-15.28.29.jpeg\",\"width\":1600,\"height\":1067},{\"@type\":\"BreadcrumbList\",\"@id\":\"https:\\\/\\\/regiaonews.net.br\\\/2022\\\/2025\\\/04\\\/29\\\/jantar-solidario-arrecada-fundos-para-a-campanha-maos-que-doam\\\/#breadcrumb\",\"itemListElement\":[{\"@type\":\"ListItem\",\"position\":1,\"name\":\"In\u00edcio\",\"item\":\"https:\\\/\\\/regiaonews.net.br\\\/2022\\\/\"},{\"@type\":\"ListItem\",\"position\":2,\"name\":\"Jantar solid\u00e1rio arrecada fundos para a Campanha M\u00e3os que Doam\"}]},{\"@type\":\"WebSite\",\"@id\":\"https:\\\/\\\/regiaonews.net.br\\\/2022\\\/#website\",\"url\":\"https:\\\/\\\/regiaonews.net.br\\\/2022\\\/\",\"name\":\"Regi\u00e3o News\",\"description\":\"Site de Not\u00edcias de Barretos e regi\u00e3o\",\"publisher\":{\"@id\":\"https:\\\/\\\/regiaonews.net.br\\\/2022\\\/#organization\"},\"potentialAction\":[{\"@type\":\"SearchAction\",\"target\":{\"@type\":\"EntryPoint\",\"urlTemplate\":\"https:\\\/\\\/regiaonews.net.br\\\/2022\\\/?s={search_term_string}\"},\"query-input\":{\"@type\":\"PropertyValueSpecification\",\"valueRequired\":true,\"valueName\":\"search_term_string\"}}],\"inLanguage\":\"pt-BR\"},{\"@type\":\"Organization\",\"@id\":\"https:\\\/\\\/regiaonews.net.br\\\/2022\\\/#organization\",\"name\":\"Regi\u00e3o News\",\"url\":\"https:\\\/\\\/regiaonews.net.br\\\/2022\\\/\",\"logo\":{\"@type\":\"ImageObject\",\"inLanguage\":\"pt-BR\",\"@id\":\"https:\\\/\\\/regiaonews.net.br\\\/2022\\\/#\\\/schema\\\/logo\\\/image\\\/\",\"url\":\"https:\\\/\\\/regiaonews.net.br\\\/2022\\\/wp-content\\\/uploads\\\/2026\\\/03\\\/regiao-13-anos-scaled.jpg\",\"contentUrl\":\"https:\\\/\\\/regiaonews.net.br\\\/2022\\\/wp-content\\\/uploads\\\/2026\\\/03\\\/regiao-13-anos-scaled.jpg\",\"width\":2560,\"height\":635,\"caption\":\"Regi\u00e3o News\"},\"image\":{\"@id\":\"https:\\\/\\\/regiaonews.net.br\\\/2022\\\/#\\\/schema\\\/logo\\\/image\\\/\"}},{\"@type\":\"Person\",\"@id\":\"https:\\\/\\\/regiaonews.net.br\\\/2022\\\/#\\\/schema\\\/person\\\/2d205a608a5aa97ac279d7a5e6d89ad8\",\"name\":\"Roberto\",\"image\":{\"@type\":\"ImageObject\",\"inLanguage\":\"pt-BR\",\"@id\":\"https:\\\/\\\/secure.gravatar.com\\\/avatar\\\/42749d8b712ff9d59ca93dc150494e5b55a44134482993f5baeb97e61b7ecc89?s=96&d=mm&r=g\",\"url\":\"https:\\\/\\\/secure.gravatar.com\\\/avatar\\\/42749d8b712ff9d59ca93dc150494e5b55a44134482993f5baeb97e61b7ecc89?s=96&d=mm&r=g\",\"contentUrl\":\"https:\\\/\\\/secure.gravatar.com\\\/avatar\\\/42749d8b712ff9d59ca93dc150494e5b55a44134482993f5baeb97e61b7ecc89?s=96&d=mm&r=g\",\"caption\":\"Roberto\"},\"url\":\"https:\\\/\\\/regiaonews.net.br\\\/2022\\\/author\\\/roberto\\\/\"}]}<\/script>\n<!-- \/ Yoast SEO plugin. -->","yoast_head_json":{"title":"Jantar solid\u00e1rio arrecada fundos para a Campanha M\u00e3os que Doam - Regi\u00e3o News","robots":{"index":"index","follow":"follow","max-snippet":"max-snippet:-1","max-image-preview":"max-image-preview:large","max-video-preview":"max-video-preview:-1"},"canonical":"https:\/\/regiaonews.net.br\/2022\/2025\/04\/29\/jantar-solidario-arrecada-fundos-para-a-campanha-maos-que-doam\/","og_locale":"pt_BR","og_type":"article","og_title":"Jantar solid\u00e1rio arrecada fundos para a Campanha M\u00e3os que Doam - Regi\u00e3o News","og_description":"&nbsp; A primeira-dama e presidente do Fundo Social de Solidariedade,","og_url":"https:\/\/regiaonews.net.br\/2022\/2025\/04\/29\/jantar-solidario-arrecada-fundos-para-a-campanha-maos-que-doam\/","og_site_name":"Regi\u00e3o News","article_published_time":"2025-04-29T22:35:28+00:00","article_modified_time":"2025-04-29T22:35:38+00:00","og_image":[{"width":1600,"height":1067,"url":"https:\/\/regiaonews.net.br\/2022\/wp-content\/uploads\/2025\/04\/WhatsApp-Image-2025-04-29-at-15.28.29.jpeg","type":"image\/jpeg"}],"author":"Roberto","twitter_card":"summary_large_image","twitter_misc":{"Escrito por":"Roberto","Est. tempo de leitura":"2 minutos"},"schema":{"@context":"https:\/\/schema.org","@graph":[{"@type":"Article","@id":"https:\/\/regiaonews.net.br\/2022\/2025\/04\/29\/jantar-solidario-arrecada-fundos-para-a-campanha-maos-que-doam\/#article","isPartOf":{"@id":"https:\/\/regiaonews.net.br\/2022\/2025\/04\/29\/jantar-solidario-arrecada-fundos-para-a-campanha-maos-que-doam\/"},"author":{"name":"Roberto","@id":"https:\/\/regiaonews.net.br\/2022\/#\/schema\/person\/2d205a608a5aa97ac279d7a5e6d89ad8"},"headline":"Jantar solid\u00e1rio arrecada fundos para a Campanha M\u00e3os que Doam","datePublished":"2025-04-29T22:35:28+00:00","dateModified":"2025-04-29T22:35:38+00:00","mainEntityOfPage":{"@id":"https:\/\/regiaonews.net.br\/2022\/2025\/04\/29\/jantar-solidario-arrecada-fundos-para-a-campanha-maos-que-doam\/"},"wordCount":277,"commentCount":0,"publisher":{"@id":"https:\/\/regiaonews.net.br\/2022\/#organization"},"image":{"@id":"https:\/\/regiaonews.net.br\/2022\/2025\/04\/29\/jantar-solidario-arrecada-fundos-para-a-campanha-maos-que-doam\/#primaryimage"},"thumbnailUrl":"https:\/\/regiaonews.net.br\/2022\/wp-content\/uploads\/2025\/04\/WhatsApp-Image-2025-04-29-at-15.28.29.jpeg","articleSection":["Barretos","Cidades"],"inLanguage":"pt-BR","potentialAction":[{"@type":"CommentAction","name":"Comment","target":["https:\/\/regiaonews.net.br\/2022\/2025\/04\/29\/jantar-solidario-arrecada-fundos-para-a-campanha-maos-que-doam\/#respond"]}]},{"@type":"WebPage","@id":"https:\/\/regiaonews.net.br\/2022\/2025\/04\/29\/jantar-solidario-arrecada-fundos-para-a-campanha-maos-que-doam\/","url":"https:\/\/regiaonews.net.br\/2022\/2025\/04\/29\/jantar-solidario-arrecada-fundos-para-a-campanha-maos-que-doam\/","name":"Jantar solid\u00e1rio arrecada fundos para a Campanha M\u00e3os que Doam - Regi\u00e3o News","isPartOf":{"@id":"https:\/\/regiaonews.net.br\/2022\/#website"},"primaryImageOfPage":{"@id":"https:\/\/regiaonews.net.br\/2022\/2025\/04\/29\/jantar-solidario-arrecada-fundos-para-a-campanha-maos-que-doam\/#primaryimage"},"image":{"@id":"https:\/\/regiaonews.net.br\/2022\/2025\/04\/29\/jantar-solidario-arrecada-fundos-para-a-campanha-maos-que-doam\/#primaryimage"},"thumbnailUrl":"https:\/\/regiaonews.net.br\/2022\/wp-content\/uploads\/2025\/04\/WhatsApp-Image-2025-04-29-at-15.28.29.jpeg","datePublished":"2025-04-29T22:35:28+00:00","dateModified":"2025-04-29T22:35:38+00:00","breadcrumb":{"@id":"https:\/\/regiaonews.net.br\/2022\/2025\/04\/29\/jantar-solidario-arrecada-fundos-para-a-campanha-maos-que-doam\/#breadcrumb"},"inLanguage":"pt-BR","potentialAction":[{"@type":"ReadAction","target":["https:\/\/regiaonews.net.br\/2022\/2025\/04\/29\/jantar-solidario-arrecada-fundos-para-a-campanha-maos-que-doam\/"]}]},{"@type":"ImageObject","inLanguage":"pt-BR","@id":"https:\/\/regiaonews.net.br\/2022\/2025\/04\/29\/jantar-solidario-arrecada-fundos-para-a-campanha-maos-que-doam\/#primaryimage","url":"https:\/\/regiaonews.net.br\/2022\/wp-content\/uploads\/2025\/04\/WhatsApp-Image-2025-04-29-at-15.28.29.jpeg","contentUrl":"https:\/\/regiaonews.net.br\/2022\/wp-content\/uploads\/2025\/04\/WhatsApp-Image-2025-04-29-at-15.28.29.jpeg","width":1600,"height":1067},{"@type":"BreadcrumbList","@id":"https:\/\/regiaonews.net.br\/2022\/2025\/04\/29\/jantar-solidario-arrecada-fundos-para-a-campanha-maos-que-doam\/#breadcrumb","itemListElement":[{"@type":"ListItem","position":1,"name":"In\u00edcio","item":"https:\/\/regiaonews.net.br\/2022\/"},{"@type":"ListItem","position":2,"name":"Jantar solid\u00e1rio arrecada fundos para a Campanha M\u00e3os que Doam"}]},{"@type":"WebSite","@id":"https:\/\/regiaonews.net.br\/2022\/#website","url":"https:\/\/regiaonews.net.br\/2022\/","name":"Regi\u00e3o News","description":"Site de Not\u00edcias de Barretos e regi\u00e3o","publisher":{"@id":"https:\/\/regiaonews.net.br\/2022\/#organization"},"potentialAction":[{"@type":"SearchAction","target":{"@type":"EntryPoint","urlTemplate":"https:\/\/regiaonews.net.br\/2022\/?s={search_term_string}"},"query-input":{"@type":"PropertyValueSpecification","valueRequired":true,"valueName":"search_term_string"}}],"inLanguage":"pt-BR"},{"@type":"Organization","@id":"https:\/\/regiaonews.net.br\/2022\/#organization","name":"Regi\u00e3o News","url":"https:\/\/regiaonews.net.br\/2022\/","logo":{"@type":"ImageObject","inLanguage":"pt-BR","@id":"https:\/\/regiaonews.net.br\/2022\/#\/schema\/logo\/image\/","url":"https:\/\/regiaonews.net.br\/2022\/wp-content\/uploads\/2026\/03\/regiao-13-anos-scaled.jpg","contentUrl":"https:\/\/regiaonews.net.br\/2022\/wp-content\/uploads\/2026\/03\/regiao-13-anos-scaled.jpg","width":2560,"height":635,"caption":"Regi\u00e3o News"},"image":{"@id":"https:\/\/regiaonews.net.br\/2022\/#\/schema\/logo\/image\/"}},{"@type":"Person","@id":"https:\/\/regiaonews.net.br\/2022\/#\/schema\/person\/2d205a608a5aa97ac279d7a5e6d89ad8","name":"Roberto","image":{"@type":"ImageObject","inLanguage":"pt-BR","@id":"https:\/\/secure.gravatar.com\/avatar\/42749d8b712ff9d59ca93dc150494e5b55a44134482993f5baeb97e61b7ecc89?s=96&d=mm&r=g","url":"https:\/\/secure.gravatar.com\/avatar\/42749d8b712ff9d59ca93dc150494e5b55a44134482993f5baeb97e61b7ecc89?s=96&d=mm&r=g","contentUrl":"https:\/\/secure.gravatar.com\/avatar\/42749d8b712ff9d59ca93dc150494e5b55a44134482993f5baeb97e61b7ecc89?s=96&d=mm&r=g","caption":"Roberto"},"url":"https:\/\/regiaonews.net.br\/2022\/author\/roberto\/"}]}},"publishpress_future_action":{"enabled":false,"date":"2026-05-02 01:11:01","action":"change-status","newStatus":"draft","terms":[],"taxonomy":"category","extraData":[]},"publishpress_future_workflow_manual_trigger":{"enabledWorkflows":[]},"_links":{"self":[{"href":"https:\/\/regiaonews.net.br\/2022\/wp-json\/wp\/v2\/posts\/116946","targetHints":{"allow":["GET"]}}],"collection":[{"href":"https:\/\/regiaonews.net.br\/2022\/wp-json\/wp\/v2\/posts"}],"about":[{"href":"https:\/\/regiaonews.net.br\/2022\/wp-json\/wp\/v2\/types\/post"}],"author":[{"embeddable":true,"href":"https:\/\/regiaonews.net.br\/2022\/wp-json\/wp\/v2\/users\/2"}],"replies":[{"embeddable":true,"href":"https:\/\/regiaonews.net.br\/2022\/wp-json\/wp\/v2\/comments?post=116946"}],"version-history":[{"count":1,"href":"https:\/\/regiaonews.net.br\/2022\/wp-json\/wp\/v2\/posts\/116946\/revisions"}],"predecessor-version":[{"id":116948,"href":"https:\/\/regiaonews.net.br\/2022\/wp-json\/wp\/v2\/posts\/116946\/revisions\/116948"}],"wp:featuredmedia":[{"embeddable":true,"href":"https:\/\/regiaonews.net.br\/2022\/wp-json\/wp\/v2\/media\/116947"}],"wp:attachment":[{"href":"https:\/\/regiaonews.net.br\/2022\/wp-json\/wp\/v2\/media?parent=116946"}],"wp:term":[{"taxonomy":"category","embeddable":true,"href":"https:\/\/regiaonews.net.br\/2022\/wp-json\/wp\/v2\/categories?post=116946"},{"taxonomy":"post_tag","embeddable":true,"href":"https:\/\/regiaonews.net.br\/2022\/wp-json\/wp\/v2\/tags?post=116946"}],"curies":[{"name":"wp","href":"https:\/\/api.w.org\/{rel}","templated":true}]}}