{"id":116567,"date":"2025-04-16T18:41:35","date_gmt":"2025-04-16T21:41:35","guid":{"rendered":"https:\/\/regiaonews.net.br\/2022\/?p=116567"},"modified":"2025-04-16T18:41:35","modified_gmt":"2025-04-16T21:41:35","slug":"restaurantes-bom-prato-da-regiao-de-ribeirao-preto-servirao-almoco-especial-de-pascoa","status":"publish","type":"post","link":"https:\/\/regiaonews.net.br\/2022\/2025\/04\/16\/restaurantes-bom-prato-da-regiao-de-ribeirao-preto-servirao-almoco-especial-de-pascoa\/","title":{"rendered":"Restaurantes Bom Prato da regi\u00e3o de Ribeir\u00e3o Preto servir\u00e3o almo\u00e7o especial de P\u00e1scoa"},"content":{"rendered":"<p>&nbsp;<\/p>\n<p><em>Unidades servir\u00e3o pratos t\u00edpicos nesta quinta-feira, 17<\/em><\/p>\n<p>&nbsp;<\/p>\n<p>Para deixar a celebra\u00e7\u00e3o da P\u00e1scoa ainda mais deliciosa, todos os restaurantes populares do Programa Bom Prato localizados na regi\u00e3o de Ribeir\u00e3o Preto v\u00e3o abrir suas portas para servir almo\u00e7os especiais, nesta quinta-feira (17). Os card\u00e1pios v\u00e3o contar com pratos t\u00edpicos como moqueca de peixe, iscas de dourado e peixada cremosa.<\/p>\n<p>A regi\u00e3o conta com quatro unidades do Bom Prato que, possuem a capacidade de fornecer mais de 7,6 mil refei\u00e7\u00f5es diariamente para os frequentadores do programa.<\/p>\n<p>Confira, a seguir, os card\u00e1pios especiais de P\u00e1scoa das unidades da regi\u00e3o de Ribeir\u00e3o Preto:<\/p>\n<p>&nbsp;<\/p>\n<table>\n<tbody>\n<tr>\n<td><strong>Unidade<\/strong><\/td>\n<td><strong>Card\u00e1pio especial de P\u00e1scoa<\/strong><\/td>\n<td><strong>Endere\u00e7o<\/strong><\/td>\n<\/tr>\n<tr>\n<td><strong>Barretos<\/strong><\/td>\n<td>Moqueca de peixe, batata bolinha com azeitonas e salada Paraty.<\/p>\n<p>Sobremesa: bombom.<\/td>\n<td>Rua Antenor Duarte Vilela, S\/N &#8211; Barretos<\/td>\n<\/tr>\n<tr>\n<td><strong>Franca<\/strong><\/td>\n<td>Moqueca de peixe, batata bolinha com azeitonas e salada Paraty.<\/p>\n<p>Sobremesa: bombom.<\/td>\n<td>Rua General Carneiro, 1317 &#8211; Franca<\/td>\n<\/tr>\n<tr>\n<td><strong>Ribeir\u00e3o Preto I<\/strong><\/td>\n<td>Peixe \u00e0 portuguesa, seleta de legumes e salada de folhas verdes.<\/p>\n<p>Sobremesa: p\u00e3o de mel.<\/td>\n<td>Rua Saldanha Marinho, 765 &#8211; Ribeir\u00e3o Preto<\/td>\n<\/tr>\n<tr>\n<td><strong>Ribeir\u00e3o Preto II &#8211; HC<\/strong><\/td>\n<td>Moqueca de peixe, batata bolinha com azeitonas e salada Paraty.<\/p>\n<p>Sobremesa: trufa.<\/td>\n<td>Avenida Governador Lucas Nogueira Garcez &#8211; Ribeir\u00e3o Preto<\/td>\n<\/tr>\n<\/tbody>\n<\/table>\n","protected":false},"excerpt":{"rendered":"<p>&nbsp; Unidades servir\u00e3o pratos t\u00edpicos nesta quinta-feira, 17 &nbsp; Para<\/p>\n","protected":false},"author":2,"featured_media":116568,"comment_status":"open","ping_status":"open","sticky":false,"template":"","format":"standard","meta":{"footnotes":""},"categories":[14,25,30],"tags":[],"class_list":["post-116567","post","type-post","status-publish","format-standard","has-post-thumbnail","hentry","category-barretos","category-cidades","category-regiao"],"yoast_head":"<!-- This site is optimized with the Yoast SEO plugin v27.4 - https:\/\/yoast.com\/product\/yoast-seo-wordpress\/ -->\n<title>Restaurantes Bom Prato da regi\u00e3o de Ribeir\u00e3o Preto servir\u00e3o almo\u00e7o especial de P\u00e1scoa - Regi\u00e3o News<\/title>\n<meta name=\"robots\" content=\"index, follow, max-snippet:-1, max-image-preview:large, max-video-preview:-1\" \/>\n<link rel=\"canonical\" href=\"https:\/\/regiaonews.net.br\/2022\/2025\/04\/16\/restaurantes-bom-prato-da-regiao-de-ribeirao-preto-servirao-almoco-especial-de-pascoa\/\" \/>\n<meta property=\"og:locale\" content=\"pt_BR\" \/>\n<meta property=\"og:type\" content=\"article\" \/>\n<meta property=\"og:title\" content=\"Restaurantes Bom Prato da regi\u00e3o de Ribeir\u00e3o Preto servir\u00e3o almo\u00e7o especial de P\u00e1scoa - Regi\u00e3o News\" \/>\n<meta property=\"og:description\" content=\"&nbsp; Unidades servir\u00e3o pratos t\u00edpicos nesta quinta-feira, 17 &nbsp; Para\" \/>\n<meta property=\"og:url\" content=\"https:\/\/regiaonews.net.br\/2022\/2025\/04\/16\/restaurantes-bom-prato-da-regiao-de-ribeirao-preto-servirao-almoco-especial-de-pascoa\/\" \/>\n<meta property=\"og:site_name\" content=\"Regi\u00e3o News\" \/>\n<meta property=\"article:published_time\" content=\"2025-04-16T21:41:35+00:00\" \/>\n<meta property=\"og:image\" content=\"https:\/\/regiaonews.net.br\/2022\/wp-content\/uploads\/2025\/04\/BOM-PRATO.jpeg\" \/>\n\t<meta property=\"og:image:width\" content=\"1280\" \/>\n\t<meta property=\"og:image:height\" content=\"960\" \/>\n\t<meta property=\"og:image:type\" content=\"image\/jpeg\" \/>\n<meta name=\"author\" content=\"Roberto\" \/>\n<meta name=\"twitter:card\" content=\"summary_large_image\" \/>\n<meta name=\"twitter:label1\" content=\"Escrito por\" \/>\n\t<meta name=\"twitter:data1\" content=\"Roberto\" \/>\n\t<meta name=\"twitter:label2\" content=\"Est. tempo de leitura\" \/>\n\t<meta name=\"twitter:data2\" content=\"2 minutos\" \/>\n<script type=\"application\/ld+json\" class=\"yoast-schema-graph\">{\"@context\":\"https:\\\/\\\/schema.org\",\"@graph\":[{\"@type\":\"Article\",\"@id\":\"https:\\\/\\\/regiaonews.net.br\\\/2022\\\/2025\\\/04\\\/16\\\/restaurantes-bom-prato-da-regiao-de-ribeirao-preto-servirao-almoco-especial-de-pascoa\\\/#article\",\"isPartOf\":{\"@id\":\"https:\\\/\\\/regiaonews.net.br\\\/2022\\\/2025\\\/04\\\/16\\\/restaurantes-bom-prato-da-regiao-de-ribeirao-preto-servirao-almoco-especial-de-pascoa\\\/\"},\"author\":{\"name\":\"Roberto\",\"@id\":\"https:\\\/\\\/regiaonews.net.br\\\/2022\\\/#\\\/schema\\\/person\\\/2d205a608a5aa97ac279d7a5e6d89ad8\"},\"headline\":\"Restaurantes Bom Prato da regi\u00e3o de Ribeir\u00e3o Preto servir\u00e3o almo\u00e7o especial de P\u00e1scoa\",\"datePublished\":\"2025-04-16T21:41:35+00:00\",\"mainEntityOfPage\":{\"@id\":\"https:\\\/\\\/regiaonews.net.br\\\/2022\\\/2025\\\/04\\\/16\\\/restaurantes-bom-prato-da-regiao-de-ribeirao-preto-servirao-almoco-especial-de-pascoa\\\/\"},\"wordCount\":235,\"commentCount\":0,\"publisher\":{\"@id\":\"https:\\\/\\\/regiaonews.net.br\\\/2022\\\/#organization\"},\"image\":{\"@id\":\"https:\\\/\\\/regiaonews.net.br\\\/2022\\\/2025\\\/04\\\/16\\\/restaurantes-bom-prato-da-regiao-de-ribeirao-preto-servirao-almoco-especial-de-pascoa\\\/#primaryimage\"},\"thumbnailUrl\":\"https:\\\/\\\/regiaonews.net.br\\\/2022\\\/wp-content\\\/uploads\\\/2025\\\/04\\\/BOM-PRATO.jpeg\",\"articleSection\":[\"Barretos\",\"Cidades\",\"Regi\u00e3o\"],\"inLanguage\":\"pt-BR\",\"potentialAction\":[{\"@type\":\"CommentAction\",\"name\":\"Comment\",\"target\":[\"https:\\\/\\\/regiaonews.net.br\\\/2022\\\/2025\\\/04\\\/16\\\/restaurantes-bom-prato-da-regiao-de-ribeirao-preto-servirao-almoco-especial-de-pascoa\\\/#respond\"]}]},{\"@type\":\"WebPage\",\"@id\":\"https:\\\/\\\/regiaonews.net.br\\\/2022\\\/2025\\\/04\\\/16\\\/restaurantes-bom-prato-da-regiao-de-ribeirao-preto-servirao-almoco-especial-de-pascoa\\\/\",\"url\":\"https:\\\/\\\/regiaonews.net.br\\\/2022\\\/2025\\\/04\\\/16\\\/restaurantes-bom-prato-da-regiao-de-ribeirao-preto-servirao-almoco-especial-de-pascoa\\\/\",\"name\":\"Restaurantes Bom Prato da regi\u00e3o de Ribeir\u00e3o Preto servir\u00e3o almo\u00e7o especial de P\u00e1scoa - Regi\u00e3o News\",\"isPartOf\":{\"@id\":\"https:\\\/\\\/regiaonews.net.br\\\/2022\\\/#website\"},\"primaryImageOfPage\":{\"@id\":\"https:\\\/\\\/regiaonews.net.br\\\/2022\\\/2025\\\/04\\\/16\\\/restaurantes-bom-prato-da-regiao-de-ribeirao-preto-servirao-almoco-especial-de-pascoa\\\/#primaryimage\"},\"image\":{\"@id\":\"https:\\\/\\\/regiaonews.net.br\\\/2022\\\/2025\\\/04\\\/16\\\/restaurantes-bom-prato-da-regiao-de-ribeirao-preto-servirao-almoco-especial-de-pascoa\\\/#primaryimage\"},\"thumbnailUrl\":\"https:\\\/\\\/regiaonews.net.br\\\/2022\\\/wp-content\\\/uploads\\\/2025\\\/04\\\/BOM-PRATO.jpeg\",\"datePublished\":\"2025-04-16T21:41:35+00:00\",\"breadcrumb\":{\"@id\":\"https:\\\/\\\/regiaonews.net.br\\\/2022\\\/2025\\\/04\\\/16\\\/restaurantes-bom-prato-da-regiao-de-ribeirao-preto-servirao-almoco-especial-de-pascoa\\\/#breadcrumb\"},\"inLanguage\":\"pt-BR\",\"potentialAction\":[{\"@type\":\"ReadAction\",\"target\":[\"https:\\\/\\\/regiaonews.net.br\\\/2022\\\/2025\\\/04\\\/16\\\/restaurantes-bom-prato-da-regiao-de-ribeirao-preto-servirao-almoco-especial-de-pascoa\\\/\"]}]},{\"@type\":\"ImageObject\",\"inLanguage\":\"pt-BR\",\"@id\":\"https:\\\/\\\/regiaonews.net.br\\\/2022\\\/2025\\\/04\\\/16\\\/restaurantes-bom-prato-da-regiao-de-ribeirao-preto-servirao-almoco-especial-de-pascoa\\\/#primaryimage\",\"url\":\"https:\\\/\\\/regiaonews.net.br\\\/2022\\\/wp-content\\\/uploads\\\/2025\\\/04\\\/BOM-PRATO.jpeg\",\"contentUrl\":\"https:\\\/\\\/regiaonews.net.br\\\/2022\\\/wp-content\\\/uploads\\\/2025\\\/04\\\/BOM-PRATO.jpeg\",\"width\":1280,\"height\":960},{\"@type\":\"BreadcrumbList\",\"@id\":\"https:\\\/\\\/regiaonews.net.br\\\/2022\\\/2025\\\/04\\\/16\\\/restaurantes-bom-prato-da-regiao-de-ribeirao-preto-servirao-almoco-especial-de-pascoa\\\/#breadcrumb\",\"itemListElement\":[{\"@type\":\"ListItem\",\"position\":1,\"name\":\"In\u00edcio\",\"item\":\"https:\\\/\\\/regiaonews.net.br\\\/2022\\\/\"},{\"@type\":\"ListItem\",\"position\":2,\"name\":\"Restaurantes Bom Prato da regi\u00e3o de Ribeir\u00e3o Preto servir\u00e3o almo\u00e7o especial de P\u00e1scoa\"}]},{\"@type\":\"WebSite\",\"@id\":\"https:\\\/\\\/regiaonews.net.br\\\/2022\\\/#website\",\"url\":\"https:\\\/\\\/regiaonews.net.br\\\/2022\\\/\",\"name\":\"Regi\u00e3o News\",\"description\":\"Site de Not\u00edcias de Barretos e regi\u00e3o\",\"publisher\":{\"@id\":\"https:\\\/\\\/regiaonews.net.br\\\/2022\\\/#organization\"},\"potentialAction\":[{\"@type\":\"SearchAction\",\"target\":{\"@type\":\"EntryPoint\",\"urlTemplate\":\"https:\\\/\\\/regiaonews.net.br\\\/2022\\\/?s={search_term_string}\"},\"query-input\":{\"@type\":\"PropertyValueSpecification\",\"valueRequired\":true,\"valueName\":\"search_term_string\"}}],\"inLanguage\":\"pt-BR\"},{\"@type\":\"Organization\",\"@id\":\"https:\\\/\\\/regiaonews.net.br\\\/2022\\\/#organization\",\"name\":\"Regi\u00e3o News\",\"url\":\"https:\\\/\\\/regiaonews.net.br\\\/2022\\\/\",\"logo\":{\"@type\":\"ImageObject\",\"inLanguage\":\"pt-BR\",\"@id\":\"https:\\\/\\\/regiaonews.net.br\\\/2022\\\/#\\\/schema\\\/logo\\\/image\\\/\",\"url\":\"https:\\\/\\\/regiaonews.net.br\\\/2022\\\/wp-content\\\/uploads\\\/2026\\\/03\\\/regiao-13-anos-scaled.jpg\",\"contentUrl\":\"https:\\\/\\\/regiaonews.net.br\\\/2022\\\/wp-content\\\/uploads\\\/2026\\\/03\\\/regiao-13-anos-scaled.jpg\",\"width\":2560,\"height\":635,\"caption\":\"Regi\u00e3o News\"},\"image\":{\"@id\":\"https:\\\/\\\/regiaonews.net.br\\\/2022\\\/#\\\/schema\\\/logo\\\/image\\\/\"}},{\"@type\":\"Person\",\"@id\":\"https:\\\/\\\/regiaonews.net.br\\\/2022\\\/#\\\/schema\\\/person\\\/2d205a608a5aa97ac279d7a5e6d89ad8\",\"name\":\"Roberto\",\"image\":{\"@type\":\"ImageObject\",\"inLanguage\":\"pt-BR\",\"@id\":\"https:\\\/\\\/secure.gravatar.com\\\/avatar\\\/42749d8b712ff9d59ca93dc150494e5b55a44134482993f5baeb97e61b7ecc89?s=96&d=mm&r=g\",\"url\":\"https:\\\/\\\/secure.gravatar.com\\\/avatar\\\/42749d8b712ff9d59ca93dc150494e5b55a44134482993f5baeb97e61b7ecc89?s=96&d=mm&r=g\",\"contentUrl\":\"https:\\\/\\\/secure.gravatar.com\\\/avatar\\\/42749d8b712ff9d59ca93dc150494e5b55a44134482993f5baeb97e61b7ecc89?s=96&d=mm&r=g\",\"caption\":\"Roberto\"},\"url\":\"https:\\\/\\\/regiaonews.net.br\\\/2022\\\/author\\\/roberto\\\/\"}]}<\/script>\n<!-- \/ Yoast SEO plugin. -->","yoast_head_json":{"title":"Restaurantes Bom Prato da regi\u00e3o de Ribeir\u00e3o Preto servir\u00e3o almo\u00e7o especial de P\u00e1scoa - Regi\u00e3o News","robots":{"index":"index","follow":"follow","max-snippet":"max-snippet:-1","max-image-preview":"max-image-preview:large","max-video-preview":"max-video-preview:-1"},"canonical":"https:\/\/regiaonews.net.br\/2022\/2025\/04\/16\/restaurantes-bom-prato-da-regiao-de-ribeirao-preto-servirao-almoco-especial-de-pascoa\/","og_locale":"pt_BR","og_type":"article","og_title":"Restaurantes Bom Prato da regi\u00e3o de Ribeir\u00e3o Preto servir\u00e3o almo\u00e7o especial de P\u00e1scoa - Regi\u00e3o News","og_description":"&nbsp; Unidades servir\u00e3o pratos t\u00edpicos nesta quinta-feira, 17 &nbsp; Para","og_url":"https:\/\/regiaonews.net.br\/2022\/2025\/04\/16\/restaurantes-bom-prato-da-regiao-de-ribeirao-preto-servirao-almoco-especial-de-pascoa\/","og_site_name":"Regi\u00e3o News","article_published_time":"2025-04-16T21:41:35+00:00","og_image":[{"width":1280,"height":960,"url":"https:\/\/regiaonews.net.br\/2022\/wp-content\/uploads\/2025\/04\/BOM-PRATO.jpeg","type":"image\/jpeg"}],"author":"Roberto","twitter_card":"summary_large_image","twitter_misc":{"Escrito por":"Roberto","Est. tempo de leitura":"2 minutos"},"schema":{"@context":"https:\/\/schema.org","@graph":[{"@type":"Article","@id":"https:\/\/regiaonews.net.br\/2022\/2025\/04\/16\/restaurantes-bom-prato-da-regiao-de-ribeirao-preto-servirao-almoco-especial-de-pascoa\/#article","isPartOf":{"@id":"https:\/\/regiaonews.net.br\/2022\/2025\/04\/16\/restaurantes-bom-prato-da-regiao-de-ribeirao-preto-servirao-almoco-especial-de-pascoa\/"},"author":{"name":"Roberto","@id":"https:\/\/regiaonews.net.br\/2022\/#\/schema\/person\/2d205a608a5aa97ac279d7a5e6d89ad8"},"headline":"Restaurantes Bom Prato da regi\u00e3o de Ribeir\u00e3o Preto servir\u00e3o almo\u00e7o especial de P\u00e1scoa","datePublished":"2025-04-16T21:41:35+00:00","mainEntityOfPage":{"@id":"https:\/\/regiaonews.net.br\/2022\/2025\/04\/16\/restaurantes-bom-prato-da-regiao-de-ribeirao-preto-servirao-almoco-especial-de-pascoa\/"},"wordCount":235,"commentCount":0,"publisher":{"@id":"https:\/\/regiaonews.net.br\/2022\/#organization"},"image":{"@id":"https:\/\/regiaonews.net.br\/2022\/2025\/04\/16\/restaurantes-bom-prato-da-regiao-de-ribeirao-preto-servirao-almoco-especial-de-pascoa\/#primaryimage"},"thumbnailUrl":"https:\/\/regiaonews.net.br\/2022\/wp-content\/uploads\/2025\/04\/BOM-PRATO.jpeg","articleSection":["Barretos","Cidades","Regi\u00e3o"],"inLanguage":"pt-BR","potentialAction":[{"@type":"CommentAction","name":"Comment","target":["https:\/\/regiaonews.net.br\/2022\/2025\/04\/16\/restaurantes-bom-prato-da-regiao-de-ribeirao-preto-servirao-almoco-especial-de-pascoa\/#respond"]}]},{"@type":"WebPage","@id":"https:\/\/regiaonews.net.br\/2022\/2025\/04\/16\/restaurantes-bom-prato-da-regiao-de-ribeirao-preto-servirao-almoco-especial-de-pascoa\/","url":"https:\/\/regiaonews.net.br\/2022\/2025\/04\/16\/restaurantes-bom-prato-da-regiao-de-ribeirao-preto-servirao-almoco-especial-de-pascoa\/","name":"Restaurantes Bom Prato da regi\u00e3o de Ribeir\u00e3o Preto servir\u00e3o almo\u00e7o especial de P\u00e1scoa - Regi\u00e3o News","isPartOf":{"@id":"https:\/\/regiaonews.net.br\/2022\/#website"},"primaryImageOfPage":{"@id":"https:\/\/regiaonews.net.br\/2022\/2025\/04\/16\/restaurantes-bom-prato-da-regiao-de-ribeirao-preto-servirao-almoco-especial-de-pascoa\/#primaryimage"},"image":{"@id":"https:\/\/regiaonews.net.br\/2022\/2025\/04\/16\/restaurantes-bom-prato-da-regiao-de-ribeirao-preto-servirao-almoco-especial-de-pascoa\/#primaryimage"},"thumbnailUrl":"https:\/\/regiaonews.net.br\/2022\/wp-content\/uploads\/2025\/04\/BOM-PRATO.jpeg","datePublished":"2025-04-16T21:41:35+00:00","breadcrumb":{"@id":"https:\/\/regiaonews.net.br\/2022\/2025\/04\/16\/restaurantes-bom-prato-da-regiao-de-ribeirao-preto-servirao-almoco-especial-de-pascoa\/#breadcrumb"},"inLanguage":"pt-BR","potentialAction":[{"@type":"ReadAction","target":["https:\/\/regiaonews.net.br\/2022\/2025\/04\/16\/restaurantes-bom-prato-da-regiao-de-ribeirao-preto-servirao-almoco-especial-de-pascoa\/"]}]},{"@type":"ImageObject","inLanguage":"pt-BR","@id":"https:\/\/regiaonews.net.br\/2022\/2025\/04\/16\/restaurantes-bom-prato-da-regiao-de-ribeirao-preto-servirao-almoco-especial-de-pascoa\/#primaryimage","url":"https:\/\/regiaonews.net.br\/2022\/wp-content\/uploads\/2025\/04\/BOM-PRATO.jpeg","contentUrl":"https:\/\/regiaonews.net.br\/2022\/wp-content\/uploads\/2025\/04\/BOM-PRATO.jpeg","width":1280,"height":960},{"@type":"BreadcrumbList","@id":"https:\/\/regiaonews.net.br\/2022\/2025\/04\/16\/restaurantes-bom-prato-da-regiao-de-ribeirao-preto-servirao-almoco-especial-de-pascoa\/#breadcrumb","itemListElement":[{"@type":"ListItem","position":1,"name":"In\u00edcio","item":"https:\/\/regiaonews.net.br\/2022\/"},{"@type":"ListItem","position":2,"name":"Restaurantes Bom Prato da regi\u00e3o de Ribeir\u00e3o Preto servir\u00e3o almo\u00e7o especial de P\u00e1scoa"}]},{"@type":"WebSite","@id":"https:\/\/regiaonews.net.br\/2022\/#website","url":"https:\/\/regiaonews.net.br\/2022\/","name":"Regi\u00e3o News","description":"Site de Not\u00edcias de Barretos e regi\u00e3o","publisher":{"@id":"https:\/\/regiaonews.net.br\/2022\/#organization"},"potentialAction":[{"@type":"SearchAction","target":{"@type":"EntryPoint","urlTemplate":"https:\/\/regiaonews.net.br\/2022\/?s={search_term_string}"},"query-input":{"@type":"PropertyValueSpecification","valueRequired":true,"valueName":"search_term_string"}}],"inLanguage":"pt-BR"},{"@type":"Organization","@id":"https:\/\/regiaonews.net.br\/2022\/#organization","name":"Regi\u00e3o News","url":"https:\/\/regiaonews.net.br\/2022\/","logo":{"@type":"ImageObject","inLanguage":"pt-BR","@id":"https:\/\/regiaonews.net.br\/2022\/#\/schema\/logo\/image\/","url":"https:\/\/regiaonews.net.br\/2022\/wp-content\/uploads\/2026\/03\/regiao-13-anos-scaled.jpg","contentUrl":"https:\/\/regiaonews.net.br\/2022\/wp-content\/uploads\/2026\/03\/regiao-13-anos-scaled.jpg","width":2560,"height":635,"caption":"Regi\u00e3o News"},"image":{"@id":"https:\/\/regiaonews.net.br\/2022\/#\/schema\/logo\/image\/"}},{"@type":"Person","@id":"https:\/\/regiaonews.net.br\/2022\/#\/schema\/person\/2d205a608a5aa97ac279d7a5e6d89ad8","name":"Roberto","image":{"@type":"ImageObject","inLanguage":"pt-BR","@id":"https:\/\/secure.gravatar.com\/avatar\/42749d8b712ff9d59ca93dc150494e5b55a44134482993f5baeb97e61b7ecc89?s=96&d=mm&r=g","url":"https:\/\/secure.gravatar.com\/avatar\/42749d8b712ff9d59ca93dc150494e5b55a44134482993f5baeb97e61b7ecc89?s=96&d=mm&r=g","contentUrl":"https:\/\/secure.gravatar.com\/avatar\/42749d8b712ff9d59ca93dc150494e5b55a44134482993f5baeb97e61b7ecc89?s=96&d=mm&r=g","caption":"Roberto"},"url":"https:\/\/regiaonews.net.br\/2022\/author\/roberto\/"}]}},"publishpress_future_action":{"enabled":false,"date":"2026-05-02 02:35:37","action":"change-status","newStatus":"draft","terms":[],"taxonomy":"category","extraData":[]},"publishpress_future_workflow_manual_trigger":{"enabledWorkflows":[]},"_links":{"self":[{"href":"https:\/\/regiaonews.net.br\/2022\/wp-json\/wp\/v2\/posts\/116567","targetHints":{"allow":["GET"]}}],"collection":[{"href":"https:\/\/regiaonews.net.br\/2022\/wp-json\/wp\/v2\/posts"}],"about":[{"href":"https:\/\/regiaonews.net.br\/2022\/wp-json\/wp\/v2\/types\/post"}],"author":[{"embeddable":true,"href":"https:\/\/regiaonews.net.br\/2022\/wp-json\/wp\/v2\/users\/2"}],"replies":[{"embeddable":true,"href":"https:\/\/regiaonews.net.br\/2022\/wp-json\/wp\/v2\/comments?post=116567"}],"version-history":[{"count":1,"href":"https:\/\/regiaonews.net.br\/2022\/wp-json\/wp\/v2\/posts\/116567\/revisions"}],"predecessor-version":[{"id":116569,"href":"https:\/\/regiaonews.net.br\/2022\/wp-json\/wp\/v2\/posts\/116567\/revisions\/116569"}],"wp:featuredmedia":[{"embeddable":true,"href":"https:\/\/regiaonews.net.br\/2022\/wp-json\/wp\/v2\/media\/116568"}],"wp:attachment":[{"href":"https:\/\/regiaonews.net.br\/2022\/wp-json\/wp\/v2\/media?parent=116567"}],"wp:term":[{"taxonomy":"category","embeddable":true,"href":"https:\/\/regiaonews.net.br\/2022\/wp-json\/wp\/v2\/categories?post=116567"},{"taxonomy":"post_tag","embeddable":true,"href":"https:\/\/regiaonews.net.br\/2022\/wp-json\/wp\/v2\/tags?post=116567"}],"curies":[{"name":"wp","href":"https:\/\/api.w.org\/{rel}","templated":true}]}}