{"id":116426,"date":"2025-04-11T16:08:33","date_gmt":"2025-04-11T19:08:33","guid":{"rendered":"https:\/\/regiaonews.net.br\/2022\/?p=116426"},"modified":"2025-04-11T16:08:33","modified_gmt":"2025-04-11T19:08:33","slug":"prefeito-odair-silva-e-equipe-prestam-contas-dos-100-dias-da-gestao","status":"publish","type":"post","link":"https:\/\/regiaonews.net.br\/2022\/2025\/04\/11\/prefeito-odair-silva-e-equipe-prestam-contas-dos-100-dias-da-gestao\/","title":{"rendered":"Prefeito Odair Silva e equipe prestam contas dos 100 dias da gest\u00e3o"},"content":{"rendered":"<p>Em cerim\u00f4nia no Parque do Pe\u00e3o, foram apresentadas conquistas dessa primeira etapa do governo e firmados atos oficiais<\/p>\n<p>Mais de 300 pessoas acompanharam nesta sexta-feira, 11, a cerim\u00f4nia que marcou os 100 primeiros dias da gest\u00e3o do prefeito Odair Silva e do vice Mussa Calil Neto \u00e0 frente da Est\u00e2ncia Tur\u00edstica de Barretos. Entre as autoridades presentes, estavam vereadores, secret\u00e1rios municipais, a primeira-dama e presidente do Fundo Social de Solidariedade (FSS), Rose Silva, e representantes do deputado Sebasti\u00e3o Santos e do secret\u00e1rio estadual de Desenvolvimento Econ\u00f4mico Jorge Lima, os quais tamb\u00e9m enviaram mensagens gravadas parabenizando a gest\u00e3o municipal pelos esfor\u00e7os para o desenvolvimento de Barretos.<\/p>\n<p>A cerim\u00f4nia contou tamb\u00e9m com a presen\u00e7a das pessoas que fazem parte das atividades desenvolvidas para a popula\u00e7\u00e3o 60+ nos CCIs, CRAS e CDI e representantes do CREA, da Fatec, do Sebrae, do Hospital de Amor, da OAB, do SAMU, da Defesa Civil, da Pol\u00edcia Militar, dos Bombeiros, do Tiro de Guerra, do SAAE, do Polo de Empregabilidade, da Associa\u00e7\u00e3o Os Independentes, do Rio das Pedras, da Casa Afro e dos Conselhos Municipais da Crian\u00e7a e do Adolescente e da Pessoa Idosa, empres\u00e1rios, lideran\u00e7as religiosas, entre outros.<\/p>\n<p>O prefeito Odair ressaltou que a presen\u00e7a de Deus sempre foi norteadora no prop\u00f3sito de servir a comunidade de Barretos e dedicou o sucesso desses 100 primeiros dias a sua esposa Rose, lembrando que ela foi a primeira pessoa a quem ele consultou antes de apresentar seu nome para concorrer \u00e0 Prefeitura. Agradeceu ao filho Jhonatha Silva, que aceitou a miss\u00e3o de deixar sua rotina em S\u00e3o Jos\u00e9 de Rio Preto para estar ao seu lado nessa caminhada, desde a campanha. \u201cEste \u00e9 um novo momento de Barretos, em que precisamos quebrar paradigmas. Foram 100 dias de desafios, de entendermos as formas para caminhar trazendo os melhores resultados, j\u00e1 temos muito a comemorar nesses 100 dias e a partir de agora poderemos evoluir com cada vez mais velocidade\u201d, destacou.<\/p>\n<p>Odair estendeu agradecimentos desde o governador a aos secret\u00e1rios municipais e empres\u00e1rios de Barretos. O chefe do Executivo destacou que a empresa que j\u00e1 estava contratada para realizar auditoria apresentou que a Prefeitura come\u00e7ou o ano com d\u00e9ficit de R$ 144 milh\u00f5es. \u201cConsultei o Buch ontem e j\u00e1 pagamos R$ 54 milh\u00f5es. Barretos n\u00e3o vai mais ser uma cidade caloteira, a partir de agora. At\u00e9 o final do mandato, quero dizer \u2018Agora sim, Barretos n\u00e3o deve para mais ningu\u00e9m\u201d, refor\u00e7ou.<\/p>\n<p>Com o apoio de Eliana Martins, que conduziu o cerimonial do evento, Odair refor\u00e7ou algumas das diversas conquistas desses primeiros 100 dias. Na \u00e1rea da Sa\u00fade, foram destacadas a conquista de tr\u00eas novas ambul\u00e2ncias para o SAMU; sendo que Odair havia ido \u00e0 Bras\u00edlia em dezembro protocolar o pedido de duas dessas ambul\u00e2ncias. Al\u00e9m de R$ 35 milh\u00f5es que foram anunciados pelo Governo do Estado para investimento na Sa\u00fade de Barretos. O prefeito refor\u00e7ou tamb\u00e9m o agradecimento a Henrique Prata, ressaltando que o prest\u00edgio ao trabalho que Henrique desenvolve contribuiu para que esse valor fosse recebido.<\/p>\n<p>Tamb\u00e9m foram destacadas as premia\u00e7\u00f5es que o munic\u00edpio recebeu na \u00e1rea da Educa\u00e7\u00e3o, \u00e0s quais Odair dedicou aos professores, e o recebimento de um novo \u00f4nibus para o transporte de alunos, que acabara de chegar \u00e0 cidade. Foi citado ainda o empenho para melhorar as condi\u00e7\u00f5es estruturais da Fatec, que estar\u00e1 em novo local a partir do pr\u00f3ximo semestre, e a busca por ampliar cursos na institui\u00e7\u00e3o p\u00fablica.<\/p>\n<p>O prefeito falou tamb\u00e9m sobre gera\u00e7\u00e3o de empregos. \u201cTenho me empenhado muito para que as pessoas mudem de vida e para isso \u00e9 necess\u00e1rio ter emprego qualificado, queremos desenvolver pessoas. Agrade\u00e7o ao Sebrae, o Senac, \u00e0 Fatec nesse sentido. Temos realizado v\u00e1rios feir\u00f5es de emprego e focado na infraestrutura do nosso distrito industrial\u201d, destacou Odair. Ele mencionou tamb\u00e9m a amplia\u00e7\u00e3o de oportunidades para oferecer mais qualifica\u00e7\u00f5es aos servidores, tendo em vista a oferta de servi\u00e7os de qualidade \u00e0 popula\u00e7\u00e3o, al\u00e9m de avan\u00e7os em outras \u00e1reas.<\/p>\n<p>Mussa afirmou que a popula\u00e7\u00e3o pode ter certeza que Barretos vai ter um desenvolvimento muito grande. \u201cO prefeito Odair vai passar pela hist\u00f3rica como um dos melhores prefeitos de Barretos. Fico emocionado que temos um time grande e competente para administrar Barretos e o Odair \u00e9 sens\u00edvel, comprometido e tem a habilidade de manter esse time de secret\u00e1rios a favor do desenvolvimento da nossa cidade\u201d, destacou o vice-prefeito. Mussa destacou ainda que toda a popula\u00e7\u00e3o tem papel importante para o desenvolvimento da cidade e aproveitou para refor\u00e7ar o compromisso que cada cidad\u00e3o deve ter em ir a uma UBS tomar vacina, contribuindo assim para contribuir com a sa\u00fade coletiva.<\/p>\n<p>Em suas falas representando o Legislativo, os vereadores Bodinho, Chafei e Paulo Corr\u00eaa enalteceram a postura republicana do Prefeito, que convidou todos os vereadores para participar da cerim\u00f4nia e para entregarem \u00e0s institui\u00e7\u00f5es os cheques com as emendas impositivas que os parlamentares direcionaram. Eles ressaltaram que a C\u00e2mara est\u00e1 \u00e0 disposi\u00e7\u00e3o para contribuir para o desenvolvimento de Barretos. Bod\u00e3o, Pa\u00e7oca, Prof. Adilson, Pastor Elson, Japon\u00eas da Ca\u00e7amba, Raphael Silv\u00e9rio e Rodrigo Malaman tamb\u00e9m prestigiaram a cerim\u00f4nia.<\/p>\n<p>Por v\u00eddeo, participaram tamb\u00e9m os deputados federal Marcos Pereira e estadual Danilo Campetti, que visitaram Barretos no fim de mar\u00e7o. Eles refor\u00e7aram \u00e0 disposi\u00e7\u00e3o para seguir defendendo os interesses de Barretos nos cen\u00e1rios nacional e estadual, em apoio ao desenvolvimento que o Prefeito Odair busca para a cidade. Tamb\u00e9m por v\u00eddeo, a secret\u00e1ria de Estado da Cultura, Marilia Marton, aproveitou para parabenizar a gest\u00e3o pelas conquistas desses 100 dias e para anunciar que Barretos ser\u00e1 contemplada com uma nova edi\u00e7\u00e3o do Festival RevelandoSP, neste ano.<\/p>\n","protected":false},"excerpt":{"rendered":"<p>Em cerim\u00f4nia no Parque do Pe\u00e3o, foram apresentadas conquistas dessa<\/p>\n","protected":false},"author":2,"featured_media":116427,"comment_status":"open","ping_status":"open","sticky":false,"template":"","format":"standard","meta":{"footnotes":""},"categories":[14,25,111],"tags":[],"class_list":["post-116426","post","type-post","status-publish","format-standard","has-post-thumbnail","hentry","category-barretos","category-cidades","category-cotidiano"],"yoast_head":"<!-- This site is optimized with the Yoast SEO plugin v27.4 - https:\/\/yoast.com\/product\/yoast-seo-wordpress\/ -->\n<title>Prefeito Odair Silva e equipe prestam contas dos 100 dias da gest\u00e3o - Regi\u00e3o News<\/title>\n<meta name=\"robots\" content=\"index, follow, max-snippet:-1, max-image-preview:large, max-video-preview:-1\" \/>\n<link rel=\"canonical\" href=\"https:\/\/regiaonews.net.br\/2022\/2025\/04\/11\/prefeito-odair-silva-e-equipe-prestam-contas-dos-100-dias-da-gestao\/\" \/>\n<meta property=\"og:locale\" content=\"pt_BR\" \/>\n<meta property=\"og:type\" content=\"article\" \/>\n<meta property=\"og:title\" content=\"Prefeito Odair Silva e equipe prestam contas dos 100 dias da gest\u00e3o - Regi\u00e3o News\" \/>\n<meta property=\"og:description\" content=\"Em cerim\u00f4nia no Parque do Pe\u00e3o, foram apresentadas conquistas dessa\" \/>\n<meta property=\"og:url\" content=\"https:\/\/regiaonews.net.br\/2022\/2025\/04\/11\/prefeito-odair-silva-e-equipe-prestam-contas-dos-100-dias-da-gestao\/\" \/>\n<meta property=\"og:site_name\" content=\"Regi\u00e3o News\" \/>\n<meta property=\"article:published_time\" content=\"2025-04-11T19:08:33+00:00\" \/>\n<meta property=\"og:image\" content=\"https:\/\/regiaonews.net.br\/2022\/wp-content\/uploads\/2025\/04\/WhatsApp-Image-2025-04-11-at-15.58.50.jpeg\" \/>\n\t<meta property=\"og:image:width\" content=\"1600\" \/>\n\t<meta property=\"og:image:height\" content=\"1067\" \/>\n\t<meta property=\"og:image:type\" content=\"image\/jpeg\" \/>\n<meta name=\"author\" content=\"Roberto\" \/>\n<meta name=\"twitter:card\" content=\"summary_large_image\" \/>\n<meta name=\"twitter:label1\" content=\"Escrito por\" \/>\n\t<meta name=\"twitter:data1\" content=\"Roberto\" \/>\n\t<meta name=\"twitter:label2\" content=\"Est. tempo de leitura\" \/>\n\t<meta name=\"twitter:data2\" content=\"6 minutos\" \/>\n<script type=\"application\/ld+json\" class=\"yoast-schema-graph\">{\"@context\":\"https:\\\/\\\/schema.org\",\"@graph\":[{\"@type\":\"Article\",\"@id\":\"https:\\\/\\\/regiaonews.net.br\\\/2022\\\/2025\\\/04\\\/11\\\/prefeito-odair-silva-e-equipe-prestam-contas-dos-100-dias-da-gestao\\\/#article\",\"isPartOf\":{\"@id\":\"https:\\\/\\\/regiaonews.net.br\\\/2022\\\/2025\\\/04\\\/11\\\/prefeito-odair-silva-e-equipe-prestam-contas-dos-100-dias-da-gestao\\\/\"},\"author\":{\"name\":\"Roberto\",\"@id\":\"https:\\\/\\\/regiaonews.net.br\\\/2022\\\/#\\\/schema\\\/person\\\/2d205a608a5aa97ac279d7a5e6d89ad8\"},\"headline\":\"Prefeito Odair Silva e equipe prestam contas dos 100 dias da gest\u00e3o\",\"datePublished\":\"2025-04-11T19:08:33+00:00\",\"mainEntityOfPage\":{\"@id\":\"https:\\\/\\\/regiaonews.net.br\\\/2022\\\/2025\\\/04\\\/11\\\/prefeito-odair-silva-e-equipe-prestam-contas-dos-100-dias-da-gestao\\\/\"},\"wordCount\":1009,\"commentCount\":0,\"publisher\":{\"@id\":\"https:\\\/\\\/regiaonews.net.br\\\/2022\\\/#organization\"},\"image\":{\"@id\":\"https:\\\/\\\/regiaonews.net.br\\\/2022\\\/2025\\\/04\\\/11\\\/prefeito-odair-silva-e-equipe-prestam-contas-dos-100-dias-da-gestao\\\/#primaryimage\"},\"thumbnailUrl\":\"https:\\\/\\\/regiaonews.net.br\\\/2022\\\/wp-content\\\/uploads\\\/2025\\\/04\\\/WhatsApp-Image-2025-04-11-at-15.58.50.jpeg\",\"articleSection\":[\"Barretos\",\"Cidades\",\"Cotidiano\"],\"inLanguage\":\"pt-BR\",\"potentialAction\":[{\"@type\":\"CommentAction\",\"name\":\"Comment\",\"target\":[\"https:\\\/\\\/regiaonews.net.br\\\/2022\\\/2025\\\/04\\\/11\\\/prefeito-odair-silva-e-equipe-prestam-contas-dos-100-dias-da-gestao\\\/#respond\"]}]},{\"@type\":\"WebPage\",\"@id\":\"https:\\\/\\\/regiaonews.net.br\\\/2022\\\/2025\\\/04\\\/11\\\/prefeito-odair-silva-e-equipe-prestam-contas-dos-100-dias-da-gestao\\\/\",\"url\":\"https:\\\/\\\/regiaonews.net.br\\\/2022\\\/2025\\\/04\\\/11\\\/prefeito-odair-silva-e-equipe-prestam-contas-dos-100-dias-da-gestao\\\/\",\"name\":\"Prefeito Odair Silva e equipe prestam contas dos 100 dias da gest\u00e3o - Regi\u00e3o News\",\"isPartOf\":{\"@id\":\"https:\\\/\\\/regiaonews.net.br\\\/2022\\\/#website\"},\"primaryImageOfPage\":{\"@id\":\"https:\\\/\\\/regiaonews.net.br\\\/2022\\\/2025\\\/04\\\/11\\\/prefeito-odair-silva-e-equipe-prestam-contas-dos-100-dias-da-gestao\\\/#primaryimage\"},\"image\":{\"@id\":\"https:\\\/\\\/regiaonews.net.br\\\/2022\\\/2025\\\/04\\\/11\\\/prefeito-odair-silva-e-equipe-prestam-contas-dos-100-dias-da-gestao\\\/#primaryimage\"},\"thumbnailUrl\":\"https:\\\/\\\/regiaonews.net.br\\\/2022\\\/wp-content\\\/uploads\\\/2025\\\/04\\\/WhatsApp-Image-2025-04-11-at-15.58.50.jpeg\",\"datePublished\":\"2025-04-11T19:08:33+00:00\",\"breadcrumb\":{\"@id\":\"https:\\\/\\\/regiaonews.net.br\\\/2022\\\/2025\\\/04\\\/11\\\/prefeito-odair-silva-e-equipe-prestam-contas-dos-100-dias-da-gestao\\\/#breadcrumb\"},\"inLanguage\":\"pt-BR\",\"potentialAction\":[{\"@type\":\"ReadAction\",\"target\":[\"https:\\\/\\\/regiaonews.net.br\\\/2022\\\/2025\\\/04\\\/11\\\/prefeito-odair-silva-e-equipe-prestam-contas-dos-100-dias-da-gestao\\\/\"]}]},{\"@type\":\"ImageObject\",\"inLanguage\":\"pt-BR\",\"@id\":\"https:\\\/\\\/regiaonews.net.br\\\/2022\\\/2025\\\/04\\\/11\\\/prefeito-odair-silva-e-equipe-prestam-contas-dos-100-dias-da-gestao\\\/#primaryimage\",\"url\":\"https:\\\/\\\/regiaonews.net.br\\\/2022\\\/wp-content\\\/uploads\\\/2025\\\/04\\\/WhatsApp-Image-2025-04-11-at-15.58.50.jpeg\",\"contentUrl\":\"https:\\\/\\\/regiaonews.net.br\\\/2022\\\/wp-content\\\/uploads\\\/2025\\\/04\\\/WhatsApp-Image-2025-04-11-at-15.58.50.jpeg\",\"width\":1600,\"height\":1067},{\"@type\":\"BreadcrumbList\",\"@id\":\"https:\\\/\\\/regiaonews.net.br\\\/2022\\\/2025\\\/04\\\/11\\\/prefeito-odair-silva-e-equipe-prestam-contas-dos-100-dias-da-gestao\\\/#breadcrumb\",\"itemListElement\":[{\"@type\":\"ListItem\",\"position\":1,\"name\":\"In\u00edcio\",\"item\":\"https:\\\/\\\/regiaonews.net.br\\\/2022\\\/\"},{\"@type\":\"ListItem\",\"position\":2,\"name\":\"Prefeito Odair Silva e equipe prestam contas dos 100 dias da gest\u00e3o\"}]},{\"@type\":\"WebSite\",\"@id\":\"https:\\\/\\\/regiaonews.net.br\\\/2022\\\/#website\",\"url\":\"https:\\\/\\\/regiaonews.net.br\\\/2022\\\/\",\"name\":\"Regi\u00e3o News\",\"description\":\"Site de Not\u00edcias de Barretos e regi\u00e3o\",\"publisher\":{\"@id\":\"https:\\\/\\\/regiaonews.net.br\\\/2022\\\/#organization\"},\"potentialAction\":[{\"@type\":\"SearchAction\",\"target\":{\"@type\":\"EntryPoint\",\"urlTemplate\":\"https:\\\/\\\/regiaonews.net.br\\\/2022\\\/?s={search_term_string}\"},\"query-input\":{\"@type\":\"PropertyValueSpecification\",\"valueRequired\":true,\"valueName\":\"search_term_string\"}}],\"inLanguage\":\"pt-BR\"},{\"@type\":\"Organization\",\"@id\":\"https:\\\/\\\/regiaonews.net.br\\\/2022\\\/#organization\",\"name\":\"Regi\u00e3o News\",\"url\":\"https:\\\/\\\/regiaonews.net.br\\\/2022\\\/\",\"logo\":{\"@type\":\"ImageObject\",\"inLanguage\":\"pt-BR\",\"@id\":\"https:\\\/\\\/regiaonews.net.br\\\/2022\\\/#\\\/schema\\\/logo\\\/image\\\/\",\"url\":\"https:\\\/\\\/regiaonews.net.br\\\/2022\\\/wp-content\\\/uploads\\\/2026\\\/03\\\/regiao-13-anos-scaled.jpg\",\"contentUrl\":\"https:\\\/\\\/regiaonews.net.br\\\/2022\\\/wp-content\\\/uploads\\\/2026\\\/03\\\/regiao-13-anos-scaled.jpg\",\"width\":2560,\"height\":635,\"caption\":\"Regi\u00e3o News\"},\"image\":{\"@id\":\"https:\\\/\\\/regiaonews.net.br\\\/2022\\\/#\\\/schema\\\/logo\\\/image\\\/\"}},{\"@type\":\"Person\",\"@id\":\"https:\\\/\\\/regiaonews.net.br\\\/2022\\\/#\\\/schema\\\/person\\\/2d205a608a5aa97ac279d7a5e6d89ad8\",\"name\":\"Roberto\",\"image\":{\"@type\":\"ImageObject\",\"inLanguage\":\"pt-BR\",\"@id\":\"https:\\\/\\\/secure.gravatar.com\\\/avatar\\\/42749d8b712ff9d59ca93dc150494e5b55a44134482993f5baeb97e61b7ecc89?s=96&d=mm&r=g\",\"url\":\"https:\\\/\\\/secure.gravatar.com\\\/avatar\\\/42749d8b712ff9d59ca93dc150494e5b55a44134482993f5baeb97e61b7ecc89?s=96&d=mm&r=g\",\"contentUrl\":\"https:\\\/\\\/secure.gravatar.com\\\/avatar\\\/42749d8b712ff9d59ca93dc150494e5b55a44134482993f5baeb97e61b7ecc89?s=96&d=mm&r=g\",\"caption\":\"Roberto\"},\"url\":\"https:\\\/\\\/regiaonews.net.br\\\/2022\\\/author\\\/roberto\\\/\"}]}<\/script>\n<!-- \/ Yoast SEO plugin. -->","yoast_head_json":{"title":"Prefeito Odair Silva e equipe prestam contas dos 100 dias da gest\u00e3o - Regi\u00e3o News","robots":{"index":"index","follow":"follow","max-snippet":"max-snippet:-1","max-image-preview":"max-image-preview:large","max-video-preview":"max-video-preview:-1"},"canonical":"https:\/\/regiaonews.net.br\/2022\/2025\/04\/11\/prefeito-odair-silva-e-equipe-prestam-contas-dos-100-dias-da-gestao\/","og_locale":"pt_BR","og_type":"article","og_title":"Prefeito Odair Silva e equipe prestam contas dos 100 dias da gest\u00e3o - Regi\u00e3o News","og_description":"Em cerim\u00f4nia no Parque do Pe\u00e3o, foram apresentadas conquistas dessa","og_url":"https:\/\/regiaonews.net.br\/2022\/2025\/04\/11\/prefeito-odair-silva-e-equipe-prestam-contas-dos-100-dias-da-gestao\/","og_site_name":"Regi\u00e3o News","article_published_time":"2025-04-11T19:08:33+00:00","og_image":[{"width":1600,"height":1067,"url":"https:\/\/regiaonews.net.br\/2022\/wp-content\/uploads\/2025\/04\/WhatsApp-Image-2025-04-11-at-15.58.50.jpeg","type":"image\/jpeg"}],"author":"Roberto","twitter_card":"summary_large_image","twitter_misc":{"Escrito por":"Roberto","Est. tempo de leitura":"6 minutos"},"schema":{"@context":"https:\/\/schema.org","@graph":[{"@type":"Article","@id":"https:\/\/regiaonews.net.br\/2022\/2025\/04\/11\/prefeito-odair-silva-e-equipe-prestam-contas-dos-100-dias-da-gestao\/#article","isPartOf":{"@id":"https:\/\/regiaonews.net.br\/2022\/2025\/04\/11\/prefeito-odair-silva-e-equipe-prestam-contas-dos-100-dias-da-gestao\/"},"author":{"name":"Roberto","@id":"https:\/\/regiaonews.net.br\/2022\/#\/schema\/person\/2d205a608a5aa97ac279d7a5e6d89ad8"},"headline":"Prefeito Odair Silva e equipe prestam contas dos 100 dias da gest\u00e3o","datePublished":"2025-04-11T19:08:33+00:00","mainEntityOfPage":{"@id":"https:\/\/regiaonews.net.br\/2022\/2025\/04\/11\/prefeito-odair-silva-e-equipe-prestam-contas-dos-100-dias-da-gestao\/"},"wordCount":1009,"commentCount":0,"publisher":{"@id":"https:\/\/regiaonews.net.br\/2022\/#organization"},"image":{"@id":"https:\/\/regiaonews.net.br\/2022\/2025\/04\/11\/prefeito-odair-silva-e-equipe-prestam-contas-dos-100-dias-da-gestao\/#primaryimage"},"thumbnailUrl":"https:\/\/regiaonews.net.br\/2022\/wp-content\/uploads\/2025\/04\/WhatsApp-Image-2025-04-11-at-15.58.50.jpeg","articleSection":["Barretos","Cidades","Cotidiano"],"inLanguage":"pt-BR","potentialAction":[{"@type":"CommentAction","name":"Comment","target":["https:\/\/regiaonews.net.br\/2022\/2025\/04\/11\/prefeito-odair-silva-e-equipe-prestam-contas-dos-100-dias-da-gestao\/#respond"]}]},{"@type":"WebPage","@id":"https:\/\/regiaonews.net.br\/2022\/2025\/04\/11\/prefeito-odair-silva-e-equipe-prestam-contas-dos-100-dias-da-gestao\/","url":"https:\/\/regiaonews.net.br\/2022\/2025\/04\/11\/prefeito-odair-silva-e-equipe-prestam-contas-dos-100-dias-da-gestao\/","name":"Prefeito Odair Silva e equipe prestam contas dos 100 dias da gest\u00e3o - Regi\u00e3o News","isPartOf":{"@id":"https:\/\/regiaonews.net.br\/2022\/#website"},"primaryImageOfPage":{"@id":"https:\/\/regiaonews.net.br\/2022\/2025\/04\/11\/prefeito-odair-silva-e-equipe-prestam-contas-dos-100-dias-da-gestao\/#primaryimage"},"image":{"@id":"https:\/\/regiaonews.net.br\/2022\/2025\/04\/11\/prefeito-odair-silva-e-equipe-prestam-contas-dos-100-dias-da-gestao\/#primaryimage"},"thumbnailUrl":"https:\/\/regiaonews.net.br\/2022\/wp-content\/uploads\/2025\/04\/WhatsApp-Image-2025-04-11-at-15.58.50.jpeg","datePublished":"2025-04-11T19:08:33+00:00","breadcrumb":{"@id":"https:\/\/regiaonews.net.br\/2022\/2025\/04\/11\/prefeito-odair-silva-e-equipe-prestam-contas-dos-100-dias-da-gestao\/#breadcrumb"},"inLanguage":"pt-BR","potentialAction":[{"@type":"ReadAction","target":["https:\/\/regiaonews.net.br\/2022\/2025\/04\/11\/prefeito-odair-silva-e-equipe-prestam-contas-dos-100-dias-da-gestao\/"]}]},{"@type":"ImageObject","inLanguage":"pt-BR","@id":"https:\/\/regiaonews.net.br\/2022\/2025\/04\/11\/prefeito-odair-silva-e-equipe-prestam-contas-dos-100-dias-da-gestao\/#primaryimage","url":"https:\/\/regiaonews.net.br\/2022\/wp-content\/uploads\/2025\/04\/WhatsApp-Image-2025-04-11-at-15.58.50.jpeg","contentUrl":"https:\/\/regiaonews.net.br\/2022\/wp-content\/uploads\/2025\/04\/WhatsApp-Image-2025-04-11-at-15.58.50.jpeg","width":1600,"height":1067},{"@type":"BreadcrumbList","@id":"https:\/\/regiaonews.net.br\/2022\/2025\/04\/11\/prefeito-odair-silva-e-equipe-prestam-contas-dos-100-dias-da-gestao\/#breadcrumb","itemListElement":[{"@type":"ListItem","position":1,"name":"In\u00edcio","item":"https:\/\/regiaonews.net.br\/2022\/"},{"@type":"ListItem","position":2,"name":"Prefeito Odair Silva e equipe prestam contas dos 100 dias da gest\u00e3o"}]},{"@type":"WebSite","@id":"https:\/\/regiaonews.net.br\/2022\/#website","url":"https:\/\/regiaonews.net.br\/2022\/","name":"Regi\u00e3o News","description":"Site de Not\u00edcias de Barretos e regi\u00e3o","publisher":{"@id":"https:\/\/regiaonews.net.br\/2022\/#organization"},"potentialAction":[{"@type":"SearchAction","target":{"@type":"EntryPoint","urlTemplate":"https:\/\/regiaonews.net.br\/2022\/?s={search_term_string}"},"query-input":{"@type":"PropertyValueSpecification","valueRequired":true,"valueName":"search_term_string"}}],"inLanguage":"pt-BR"},{"@type":"Organization","@id":"https:\/\/regiaonews.net.br\/2022\/#organization","name":"Regi\u00e3o News","url":"https:\/\/regiaonews.net.br\/2022\/","logo":{"@type":"ImageObject","inLanguage":"pt-BR","@id":"https:\/\/regiaonews.net.br\/2022\/#\/schema\/logo\/image\/","url":"https:\/\/regiaonews.net.br\/2022\/wp-content\/uploads\/2026\/03\/regiao-13-anos-scaled.jpg","contentUrl":"https:\/\/regiaonews.net.br\/2022\/wp-content\/uploads\/2026\/03\/regiao-13-anos-scaled.jpg","width":2560,"height":635,"caption":"Regi\u00e3o News"},"image":{"@id":"https:\/\/regiaonews.net.br\/2022\/#\/schema\/logo\/image\/"}},{"@type":"Person","@id":"https:\/\/regiaonews.net.br\/2022\/#\/schema\/person\/2d205a608a5aa97ac279d7a5e6d89ad8","name":"Roberto","image":{"@type":"ImageObject","inLanguage":"pt-BR","@id":"https:\/\/secure.gravatar.com\/avatar\/42749d8b712ff9d59ca93dc150494e5b55a44134482993f5baeb97e61b7ecc89?s=96&d=mm&r=g","url":"https:\/\/secure.gravatar.com\/avatar\/42749d8b712ff9d59ca93dc150494e5b55a44134482993f5baeb97e61b7ecc89?s=96&d=mm&r=g","contentUrl":"https:\/\/secure.gravatar.com\/avatar\/42749d8b712ff9d59ca93dc150494e5b55a44134482993f5baeb97e61b7ecc89?s=96&d=mm&r=g","caption":"Roberto"},"url":"https:\/\/regiaonews.net.br\/2022\/author\/roberto\/"}]}},"publishpress_future_action":{"enabled":false,"date":"2026-05-02 02:35:37","action":"change-status","newStatus":"draft","terms":[],"taxonomy":"category","extraData":[]},"publishpress_future_workflow_manual_trigger":{"enabledWorkflows":[]},"_links":{"self":[{"href":"https:\/\/regiaonews.net.br\/2022\/wp-json\/wp\/v2\/posts\/116426","targetHints":{"allow":["GET"]}}],"collection":[{"href":"https:\/\/regiaonews.net.br\/2022\/wp-json\/wp\/v2\/posts"}],"about":[{"href":"https:\/\/regiaonews.net.br\/2022\/wp-json\/wp\/v2\/types\/post"}],"author":[{"embeddable":true,"href":"https:\/\/regiaonews.net.br\/2022\/wp-json\/wp\/v2\/users\/2"}],"replies":[{"embeddable":true,"href":"https:\/\/regiaonews.net.br\/2022\/wp-json\/wp\/v2\/comments?post=116426"}],"version-history":[{"count":1,"href":"https:\/\/regiaonews.net.br\/2022\/wp-json\/wp\/v2\/posts\/116426\/revisions"}],"predecessor-version":[{"id":116428,"href":"https:\/\/regiaonews.net.br\/2022\/wp-json\/wp\/v2\/posts\/116426\/revisions\/116428"}],"wp:featuredmedia":[{"embeddable":true,"href":"https:\/\/regiaonews.net.br\/2022\/wp-json\/wp\/v2\/media\/116427"}],"wp:attachment":[{"href":"https:\/\/regiaonews.net.br\/2022\/wp-json\/wp\/v2\/media?parent=116426"}],"wp:term":[{"taxonomy":"category","embeddable":true,"href":"https:\/\/regiaonews.net.br\/2022\/wp-json\/wp\/v2\/categories?post=116426"},{"taxonomy":"post_tag","embeddable":true,"href":"https:\/\/regiaonews.net.br\/2022\/wp-json\/wp\/v2\/tags?post=116426"}],"curies":[{"name":"wp","href":"https:\/\/api.w.org\/{rel}","templated":true}]}}