{"id":116413,"date":"2025-04-10T22:36:27","date_gmt":"2025-04-11T01:36:27","guid":{"rendered":"https:\/\/regiaonews.net.br\/2022\/?p=116413"},"modified":"2025-04-11T09:56:23","modified_gmt":"2025-04-11T12:56:23","slug":"116413","status":"publish","type":"post","link":"https:\/\/regiaonews.net.br\/2022\/2025\/04\/10\/116413\/","title":{"rendered":"Educand\u00e1rio recebe doa\u00e7\u00f5es de leite"},"content":{"rendered":"<p>Os\u00a0 integrantes da comiss\u00e3o organizadora da 2\u00aa Goat Run Barretos entregaram na manh\u00e3 de quarta-feira, 9 de abril, cerca de 520 litros de leite ao Educand\u00e1rio Sagrados Cora\u00e7\u00f5es.<\/p>\n<p>Os alimentos foram arrecadados no \u00faltimo domingo, dia 6, durante o evento esportivo promovido pela Loja Ma\u00e7\u00f4nica Fraternidade Acad\u00eamica Vale do Rio Grande, e beneficiar\u00e3o 200 crian\u00e7as atendidas diariamente pelo projeto social presidido pela Irm\u00e3 Maria Bernadete Meneghello. \u201cNossa eterna gratid\u00e3o a voc\u00eas por esse gesto t\u00e3o bonito de solidariedade, de ajuda para com as nossas crian\u00e7as aqui do Educand\u00e1rio Sagrados Cora\u00e7\u00f5es. Que esta a\u00e7\u00e3o possa motivar outros grupos a tamb\u00e9m estenderem a m\u00e3o para aqueles que mais precisam\u201d, agradeceu.<br \/>\nRoselaine lembrou que, na v\u00e9spera da corrida, Irm\u00e3 Bernadete a havia procurado e informado que a entidade estava sem leite para as crian\u00e7as. \u201cQuero agradecer ao vereador Dr. Chafei, \u00e0 Carol e ao Niltinho por esta iniciativa t\u00e3o importante junto ao Fundo Social e que vai beneficiar as crian\u00e7as do Educand\u00e1rio Sagrados Cora\u00e7\u00f5es. Foi muito gratificante poder atender este pedido da Irm\u00e3 Bernadete. Temos que agradecer tamb\u00e9m a Deus, por ter mandado tudo isso para n\u00f3s\u201d, destacou a primeira-dama.<br \/>\nMussa representou o prefeito Odair Silva na visita \u00e0 entidade. \u201cO Odair queria estar presente, mas teve que viajar. Ele deixou um abra\u00e7o para todos aqui e ficou muito satisfeito porque voc\u00eas atenderam o Fundo Social com essa doa\u00e7\u00e3o que agora chega \u00e0s m\u00e3os da Irm\u00e3 Bernadete, que cuida dessas crian\u00e7as com muito amor\u201d, disse.<br \/>\nO vener\u00e1vel mestre da Loja Ma\u00e7\u00f4nica, Nilton Giraldi, participou da entrega e agradeceu a todos os participantes e apoiadores do evento. \u201cGostaria de agradecer a todas as assessorias, aos competidores, aos patrocinadores, \u00e0 prefeitura municipal, enfim, a todos aqueles que de alguma forma colaboraram para a realiza\u00e7\u00e3o do nosso evento. Tamb\u00e9m quero deixar registrado que a nossa corrida n\u00e3o teve qualquer finalidade lucrativa, tudo que foi arrecadado vai ser convertido em doa\u00e7\u00e3o, ent\u00e3o hoje \u00e9 um momento de muita alegria\u201d, comentou.<br \/>\nCaroline Bueno, integrante da comiss\u00e3o organizadora da corrida, completou que al\u00e9m de promover a atividade f\u00edsica e a sa\u00fade dos participantes o evento tamb\u00e9m busca a promo\u00e7\u00e3o da filantropia, da solidariedade.<br \/>\nOutros cem litros de leite foram destinados ao Fundo Social de Solidariedade para atendimento \u00e0s fam\u00edlias em vulnerabilidade social.<\/p>\n","protected":false},"excerpt":{"rendered":"<p>Os\u00a0 integrantes da comiss\u00e3o organizadora da 2\u00aa Goat Run Barretos<\/p>\n","protected":false},"author":2,"featured_media":116416,"comment_status":"open","ping_status":"open","sticky":false,"template":"","format":"standard","meta":{"footnotes":""},"categories":[14,25,111],"tags":[],"class_list":["post-116413","post","type-post","status-publish","format-standard","has-post-thumbnail","hentry","category-barretos","category-cidades","category-cotidiano"],"yoast_head":"<!-- This site is optimized with the Yoast SEO plugin v27.4 - https:\/\/yoast.com\/product\/yoast-seo-wordpress\/ -->\n<title>Educand\u00e1rio recebe doa\u00e7\u00f5es de leite - Regi\u00e3o News<\/title>\n<meta name=\"robots\" content=\"index, follow, max-snippet:-1, max-image-preview:large, max-video-preview:-1\" \/>\n<link rel=\"canonical\" href=\"https:\/\/regiaonews.net.br\/2022\/2025\/04\/10\/116413\/\" \/>\n<meta property=\"og:locale\" content=\"pt_BR\" \/>\n<meta property=\"og:type\" content=\"article\" \/>\n<meta property=\"og:title\" content=\"Educand\u00e1rio recebe doa\u00e7\u00f5es de leite - Regi\u00e3o News\" \/>\n<meta property=\"og:description\" content=\"Os\u00a0 integrantes da comiss\u00e3o organizadora da 2\u00aa Goat Run Barretos\" \/>\n<meta property=\"og:url\" content=\"https:\/\/regiaonews.net.br\/2022\/2025\/04\/10\/116413\/\" \/>\n<meta property=\"og:site_name\" content=\"Regi\u00e3o News\" \/>\n<meta property=\"article:published_time\" content=\"2025-04-11T01:36:27+00:00\" \/>\n<meta property=\"article:modified_time\" content=\"2025-04-11T12:56:23+00:00\" \/>\n<meta property=\"og:image\" content=\"https:\/\/regiaonews.net.br\/2022\/wp-content\/uploads\/2025\/04\/IMG-20250410-WA0295.jpg\" \/>\n\t<meta property=\"og:image:width\" content=\"1427\" \/>\n\t<meta property=\"og:image:height\" content=\"868\" \/>\n\t<meta property=\"og:image:type\" content=\"image\/jpeg\" \/>\n<meta name=\"author\" content=\"Roberto\" \/>\n<meta name=\"twitter:card\" content=\"summary_large_image\" \/>\n<meta name=\"twitter:label1\" content=\"Escrito por\" \/>\n\t<meta name=\"twitter:data1\" content=\"Roberto\" \/>\n\t<meta name=\"twitter:label2\" content=\"Est. tempo de leitura\" \/>\n\t<meta name=\"twitter:data2\" content=\"3 minutos\" \/>\n<script type=\"application\/ld+json\" class=\"yoast-schema-graph\">{\"@context\":\"https:\\\/\\\/schema.org\",\"@graph\":[{\"@type\":\"Article\",\"@id\":\"https:\\\/\\\/regiaonews.net.br\\\/2022\\\/2025\\\/04\\\/10\\\/116413\\\/#article\",\"isPartOf\":{\"@id\":\"https:\\\/\\\/regiaonews.net.br\\\/2022\\\/2025\\\/04\\\/10\\\/116413\\\/\"},\"author\":{\"name\":\"Roberto\",\"@id\":\"https:\\\/\\\/regiaonews.net.br\\\/2022\\\/#\\\/schema\\\/person\\\/2d205a608a5aa97ac279d7a5e6d89ad8\"},\"headline\":\"Educand\u00e1rio recebe doa\u00e7\u00f5es de leite\",\"datePublished\":\"2025-04-11T01:36:27+00:00\",\"dateModified\":\"2025-04-11T12:56:23+00:00\",\"mainEntityOfPage\":{\"@id\":\"https:\\\/\\\/regiaonews.net.br\\\/2022\\\/2025\\\/04\\\/10\\\/116413\\\/\"},\"wordCount\":414,\"commentCount\":0,\"publisher\":{\"@id\":\"https:\\\/\\\/regiaonews.net.br\\\/2022\\\/#organization\"},\"image\":{\"@id\":\"https:\\\/\\\/regiaonews.net.br\\\/2022\\\/2025\\\/04\\\/10\\\/116413\\\/#primaryimage\"},\"thumbnailUrl\":\"https:\\\/\\\/regiaonews.net.br\\\/2022\\\/wp-content\\\/uploads\\\/2025\\\/04\\\/IMG-20250410-WA0295.jpg\",\"articleSection\":[\"Barretos\",\"Cidades\",\"Cotidiano\"],\"inLanguage\":\"pt-BR\",\"potentialAction\":[{\"@type\":\"CommentAction\",\"name\":\"Comment\",\"target\":[\"https:\\\/\\\/regiaonews.net.br\\\/2022\\\/2025\\\/04\\\/10\\\/116413\\\/#respond\"]}]},{\"@type\":\"WebPage\",\"@id\":\"https:\\\/\\\/regiaonews.net.br\\\/2022\\\/2025\\\/04\\\/10\\\/116413\\\/\",\"url\":\"https:\\\/\\\/regiaonews.net.br\\\/2022\\\/2025\\\/04\\\/10\\\/116413\\\/\",\"name\":\"Educand\u00e1rio recebe doa\u00e7\u00f5es de leite - Regi\u00e3o News\",\"isPartOf\":{\"@id\":\"https:\\\/\\\/regiaonews.net.br\\\/2022\\\/#website\"},\"primaryImageOfPage\":{\"@id\":\"https:\\\/\\\/regiaonews.net.br\\\/2022\\\/2025\\\/04\\\/10\\\/116413\\\/#primaryimage\"},\"image\":{\"@id\":\"https:\\\/\\\/regiaonews.net.br\\\/2022\\\/2025\\\/04\\\/10\\\/116413\\\/#primaryimage\"},\"thumbnailUrl\":\"https:\\\/\\\/regiaonews.net.br\\\/2022\\\/wp-content\\\/uploads\\\/2025\\\/04\\\/IMG-20250410-WA0295.jpg\",\"datePublished\":\"2025-04-11T01:36:27+00:00\",\"dateModified\":\"2025-04-11T12:56:23+00:00\",\"breadcrumb\":{\"@id\":\"https:\\\/\\\/regiaonews.net.br\\\/2022\\\/2025\\\/04\\\/10\\\/116413\\\/#breadcrumb\"},\"inLanguage\":\"pt-BR\",\"potentialAction\":[{\"@type\":\"ReadAction\",\"target\":[\"https:\\\/\\\/regiaonews.net.br\\\/2022\\\/2025\\\/04\\\/10\\\/116413\\\/\"]}]},{\"@type\":\"ImageObject\",\"inLanguage\":\"pt-BR\",\"@id\":\"https:\\\/\\\/regiaonews.net.br\\\/2022\\\/2025\\\/04\\\/10\\\/116413\\\/#primaryimage\",\"url\":\"https:\\\/\\\/regiaonews.net.br\\\/2022\\\/wp-content\\\/uploads\\\/2025\\\/04\\\/IMG-20250410-WA0295.jpg\",\"contentUrl\":\"https:\\\/\\\/regiaonews.net.br\\\/2022\\\/wp-content\\\/uploads\\\/2025\\\/04\\\/IMG-20250410-WA0295.jpg\",\"width\":1427,\"height\":868},{\"@type\":\"BreadcrumbList\",\"@id\":\"https:\\\/\\\/regiaonews.net.br\\\/2022\\\/2025\\\/04\\\/10\\\/116413\\\/#breadcrumb\",\"itemListElement\":[{\"@type\":\"ListItem\",\"position\":1,\"name\":\"In\u00edcio\",\"item\":\"https:\\\/\\\/regiaonews.net.br\\\/2022\\\/\"},{\"@type\":\"ListItem\",\"position\":2,\"name\":\"Educand\u00e1rio recebe doa\u00e7\u00f5es de leite\"}]},{\"@type\":\"WebSite\",\"@id\":\"https:\\\/\\\/regiaonews.net.br\\\/2022\\\/#website\",\"url\":\"https:\\\/\\\/regiaonews.net.br\\\/2022\\\/\",\"name\":\"Regi\u00e3o News\",\"description\":\"Site de Not\u00edcias de Barretos e regi\u00e3o\",\"publisher\":{\"@id\":\"https:\\\/\\\/regiaonews.net.br\\\/2022\\\/#organization\"},\"potentialAction\":[{\"@type\":\"SearchAction\",\"target\":{\"@type\":\"EntryPoint\",\"urlTemplate\":\"https:\\\/\\\/regiaonews.net.br\\\/2022\\\/?s={search_term_string}\"},\"query-input\":{\"@type\":\"PropertyValueSpecification\",\"valueRequired\":true,\"valueName\":\"search_term_string\"}}],\"inLanguage\":\"pt-BR\"},{\"@type\":\"Organization\",\"@id\":\"https:\\\/\\\/regiaonews.net.br\\\/2022\\\/#organization\",\"name\":\"Regi\u00e3o News\",\"url\":\"https:\\\/\\\/regiaonews.net.br\\\/2022\\\/\",\"logo\":{\"@type\":\"ImageObject\",\"inLanguage\":\"pt-BR\",\"@id\":\"https:\\\/\\\/regiaonews.net.br\\\/2022\\\/#\\\/schema\\\/logo\\\/image\\\/\",\"url\":\"https:\\\/\\\/regiaonews.net.br\\\/2022\\\/wp-content\\\/uploads\\\/2026\\\/03\\\/regiao-13-anos-scaled.jpg\",\"contentUrl\":\"https:\\\/\\\/regiaonews.net.br\\\/2022\\\/wp-content\\\/uploads\\\/2026\\\/03\\\/regiao-13-anos-scaled.jpg\",\"width\":2560,\"height\":635,\"caption\":\"Regi\u00e3o News\"},\"image\":{\"@id\":\"https:\\\/\\\/regiaonews.net.br\\\/2022\\\/#\\\/schema\\\/logo\\\/image\\\/\"}},{\"@type\":\"Person\",\"@id\":\"https:\\\/\\\/regiaonews.net.br\\\/2022\\\/#\\\/schema\\\/person\\\/2d205a608a5aa97ac279d7a5e6d89ad8\",\"name\":\"Roberto\",\"image\":{\"@type\":\"ImageObject\",\"inLanguage\":\"pt-BR\",\"@id\":\"https:\\\/\\\/secure.gravatar.com\\\/avatar\\\/42749d8b712ff9d59ca93dc150494e5b55a44134482993f5baeb97e61b7ecc89?s=96&d=mm&r=g\",\"url\":\"https:\\\/\\\/secure.gravatar.com\\\/avatar\\\/42749d8b712ff9d59ca93dc150494e5b55a44134482993f5baeb97e61b7ecc89?s=96&d=mm&r=g\",\"contentUrl\":\"https:\\\/\\\/secure.gravatar.com\\\/avatar\\\/42749d8b712ff9d59ca93dc150494e5b55a44134482993f5baeb97e61b7ecc89?s=96&d=mm&r=g\",\"caption\":\"Roberto\"},\"url\":\"https:\\\/\\\/regiaonews.net.br\\\/2022\\\/author\\\/roberto\\\/\"}]}<\/script>\n<!-- \/ Yoast SEO plugin. -->","yoast_head_json":{"title":"Educand\u00e1rio recebe doa\u00e7\u00f5es de leite - Regi\u00e3o News","robots":{"index":"index","follow":"follow","max-snippet":"max-snippet:-1","max-image-preview":"max-image-preview:large","max-video-preview":"max-video-preview:-1"},"canonical":"https:\/\/regiaonews.net.br\/2022\/2025\/04\/10\/116413\/","og_locale":"pt_BR","og_type":"article","og_title":"Educand\u00e1rio recebe doa\u00e7\u00f5es de leite - Regi\u00e3o News","og_description":"Os\u00a0 integrantes da comiss\u00e3o organizadora da 2\u00aa Goat Run Barretos","og_url":"https:\/\/regiaonews.net.br\/2022\/2025\/04\/10\/116413\/","og_site_name":"Regi\u00e3o News","article_published_time":"2025-04-11T01:36:27+00:00","article_modified_time":"2025-04-11T12:56:23+00:00","og_image":[{"width":1427,"height":868,"url":"https:\/\/regiaonews.net.br\/2022\/wp-content\/uploads\/2025\/04\/IMG-20250410-WA0295.jpg","type":"image\/jpeg"}],"author":"Roberto","twitter_card":"summary_large_image","twitter_misc":{"Escrito por":"Roberto","Est. tempo de leitura":"3 minutos"},"schema":{"@context":"https:\/\/schema.org","@graph":[{"@type":"Article","@id":"https:\/\/regiaonews.net.br\/2022\/2025\/04\/10\/116413\/#article","isPartOf":{"@id":"https:\/\/regiaonews.net.br\/2022\/2025\/04\/10\/116413\/"},"author":{"name":"Roberto","@id":"https:\/\/regiaonews.net.br\/2022\/#\/schema\/person\/2d205a608a5aa97ac279d7a5e6d89ad8"},"headline":"Educand\u00e1rio recebe doa\u00e7\u00f5es de leite","datePublished":"2025-04-11T01:36:27+00:00","dateModified":"2025-04-11T12:56:23+00:00","mainEntityOfPage":{"@id":"https:\/\/regiaonews.net.br\/2022\/2025\/04\/10\/116413\/"},"wordCount":414,"commentCount":0,"publisher":{"@id":"https:\/\/regiaonews.net.br\/2022\/#organization"},"image":{"@id":"https:\/\/regiaonews.net.br\/2022\/2025\/04\/10\/116413\/#primaryimage"},"thumbnailUrl":"https:\/\/regiaonews.net.br\/2022\/wp-content\/uploads\/2025\/04\/IMG-20250410-WA0295.jpg","articleSection":["Barretos","Cidades","Cotidiano"],"inLanguage":"pt-BR","potentialAction":[{"@type":"CommentAction","name":"Comment","target":["https:\/\/regiaonews.net.br\/2022\/2025\/04\/10\/116413\/#respond"]}]},{"@type":"WebPage","@id":"https:\/\/regiaonews.net.br\/2022\/2025\/04\/10\/116413\/","url":"https:\/\/regiaonews.net.br\/2022\/2025\/04\/10\/116413\/","name":"Educand\u00e1rio recebe doa\u00e7\u00f5es de leite - Regi\u00e3o News","isPartOf":{"@id":"https:\/\/regiaonews.net.br\/2022\/#website"},"primaryImageOfPage":{"@id":"https:\/\/regiaonews.net.br\/2022\/2025\/04\/10\/116413\/#primaryimage"},"image":{"@id":"https:\/\/regiaonews.net.br\/2022\/2025\/04\/10\/116413\/#primaryimage"},"thumbnailUrl":"https:\/\/regiaonews.net.br\/2022\/wp-content\/uploads\/2025\/04\/IMG-20250410-WA0295.jpg","datePublished":"2025-04-11T01:36:27+00:00","dateModified":"2025-04-11T12:56:23+00:00","breadcrumb":{"@id":"https:\/\/regiaonews.net.br\/2022\/2025\/04\/10\/116413\/#breadcrumb"},"inLanguage":"pt-BR","potentialAction":[{"@type":"ReadAction","target":["https:\/\/regiaonews.net.br\/2022\/2025\/04\/10\/116413\/"]}]},{"@type":"ImageObject","inLanguage":"pt-BR","@id":"https:\/\/regiaonews.net.br\/2022\/2025\/04\/10\/116413\/#primaryimage","url":"https:\/\/regiaonews.net.br\/2022\/wp-content\/uploads\/2025\/04\/IMG-20250410-WA0295.jpg","contentUrl":"https:\/\/regiaonews.net.br\/2022\/wp-content\/uploads\/2025\/04\/IMG-20250410-WA0295.jpg","width":1427,"height":868},{"@type":"BreadcrumbList","@id":"https:\/\/regiaonews.net.br\/2022\/2025\/04\/10\/116413\/#breadcrumb","itemListElement":[{"@type":"ListItem","position":1,"name":"In\u00edcio","item":"https:\/\/regiaonews.net.br\/2022\/"},{"@type":"ListItem","position":2,"name":"Educand\u00e1rio recebe doa\u00e7\u00f5es de leite"}]},{"@type":"WebSite","@id":"https:\/\/regiaonews.net.br\/2022\/#website","url":"https:\/\/regiaonews.net.br\/2022\/","name":"Regi\u00e3o News","description":"Site de Not\u00edcias de Barretos e regi\u00e3o","publisher":{"@id":"https:\/\/regiaonews.net.br\/2022\/#organization"},"potentialAction":[{"@type":"SearchAction","target":{"@type":"EntryPoint","urlTemplate":"https:\/\/regiaonews.net.br\/2022\/?s={search_term_string}"},"query-input":{"@type":"PropertyValueSpecification","valueRequired":true,"valueName":"search_term_string"}}],"inLanguage":"pt-BR"},{"@type":"Organization","@id":"https:\/\/regiaonews.net.br\/2022\/#organization","name":"Regi\u00e3o News","url":"https:\/\/regiaonews.net.br\/2022\/","logo":{"@type":"ImageObject","inLanguage":"pt-BR","@id":"https:\/\/regiaonews.net.br\/2022\/#\/schema\/logo\/image\/","url":"https:\/\/regiaonews.net.br\/2022\/wp-content\/uploads\/2026\/03\/regiao-13-anos-scaled.jpg","contentUrl":"https:\/\/regiaonews.net.br\/2022\/wp-content\/uploads\/2026\/03\/regiao-13-anos-scaled.jpg","width":2560,"height":635,"caption":"Regi\u00e3o News"},"image":{"@id":"https:\/\/regiaonews.net.br\/2022\/#\/schema\/logo\/image\/"}},{"@type":"Person","@id":"https:\/\/regiaonews.net.br\/2022\/#\/schema\/person\/2d205a608a5aa97ac279d7a5e6d89ad8","name":"Roberto","image":{"@type":"ImageObject","inLanguage":"pt-BR","@id":"https:\/\/secure.gravatar.com\/avatar\/42749d8b712ff9d59ca93dc150494e5b55a44134482993f5baeb97e61b7ecc89?s=96&d=mm&r=g","url":"https:\/\/secure.gravatar.com\/avatar\/42749d8b712ff9d59ca93dc150494e5b55a44134482993f5baeb97e61b7ecc89?s=96&d=mm&r=g","contentUrl":"https:\/\/secure.gravatar.com\/avatar\/42749d8b712ff9d59ca93dc150494e5b55a44134482993f5baeb97e61b7ecc89?s=96&d=mm&r=g","caption":"Roberto"},"url":"https:\/\/regiaonews.net.br\/2022\/author\/roberto\/"}]}},"publishpress_future_action":{"enabled":false,"date":"2026-05-02 02:25:18","action":"change-status","newStatus":"draft","terms":[],"taxonomy":"category","extraData":[]},"publishpress_future_workflow_manual_trigger":{"enabledWorkflows":[]},"_links":{"self":[{"href":"https:\/\/regiaonews.net.br\/2022\/wp-json\/wp\/v2\/posts\/116413","targetHints":{"allow":["GET"]}}],"collection":[{"href":"https:\/\/regiaonews.net.br\/2022\/wp-json\/wp\/v2\/posts"}],"about":[{"href":"https:\/\/regiaonews.net.br\/2022\/wp-json\/wp\/v2\/types\/post"}],"author":[{"embeddable":true,"href":"https:\/\/regiaonews.net.br\/2022\/wp-json\/wp\/v2\/users\/2"}],"replies":[{"embeddable":true,"href":"https:\/\/regiaonews.net.br\/2022\/wp-json\/wp\/v2\/comments?post=116413"}],"version-history":[{"count":4,"href":"https:\/\/regiaonews.net.br\/2022\/wp-json\/wp\/v2\/posts\/116413\/revisions"}],"predecessor-version":[{"id":116419,"href":"https:\/\/regiaonews.net.br\/2022\/wp-json\/wp\/v2\/posts\/116413\/revisions\/116419"}],"wp:featuredmedia":[{"embeddable":true,"href":"https:\/\/regiaonews.net.br\/2022\/wp-json\/wp\/v2\/media\/116416"}],"wp:attachment":[{"href":"https:\/\/regiaonews.net.br\/2022\/wp-json\/wp\/v2\/media?parent=116413"}],"wp:term":[{"taxonomy":"category","embeddable":true,"href":"https:\/\/regiaonews.net.br\/2022\/wp-json\/wp\/v2\/categories?post=116413"},{"taxonomy":"post_tag","embeddable":true,"href":"https:\/\/regiaonews.net.br\/2022\/wp-json\/wp\/v2\/tags?post=116413"}],"curies":[{"name":"wp","href":"https:\/\/api.w.org\/{rel}","templated":true}]}}