{"id":116395,"date":"2025-04-10T20:20:50","date_gmt":"2025-04-10T23:20:50","guid":{"rendered":"https:\/\/regiaonews.net.br\/2022\/?p=116395"},"modified":"2025-04-10T22:01:57","modified_gmt":"2025-04-11T01:01:57","slug":"bazar-e-papelaria-ramos-tem-opcoes-de-ovos-de-pascoa","status":"publish","type":"post","link":"https:\/\/regiaonews.net.br\/2022\/2025\/04\/10\/bazar-e-papelaria-ramos-tem-opcoes-de-ovos-de-pascoa\/","title":{"rendered":"Bazar e Papelaria Ramos tem op\u00e7\u00f5es de Ovos de P\u00e1scoa"},"content":{"rendered":"<p>O Bazar e Papelaria Ramos tem v\u00e1rias op\u00e7\u00f5es de Ovos de P\u00e1scoa para atender os seus clientes. Com pre\u00e7os e produtos de qualidade \u00e9 uma grande op\u00e7\u00e3o para presentear as pessoas que voc\u00ea mais gosta e sua fam\u00edlia.<\/p>\n<p>Outras op\u00e7\u00f5es<\/p>\n<p>O Bazar e Papelaria oferece tamb\u00e9m material para montagem de cestas, palhas, folhas de seda, sacos transparentes, la\u00e7os, caixas de presente e cestas de papel, al\u00e9m dos ovos.<br \/>\nOutra op\u00e7\u00e3o s\u00e3o as cestas especiais montadas pela equipe do Bazar.<\/p>\n<p>O Bazar e Papelaria Ramos fica na Av.\u00a0 Professor Roberto Frade 816, no bairro Aeroporto.\u00a0 E atende tamb\u00e9m pelo telefone (17) 99214-5010 que \u00e9 WhatsApp. Os pagamentos podem ser atrav\u00e9s de cart\u00e3o, pix e qrcode.<\/p>\n<p><a href=\"https:\/\/regiaonews.net.br\/2022\/wp-content\/uploads\/2025\/04\/IMG-20250408-WA0719.jpg\"><img loading=\"lazy\" decoding=\"async\" class=\"alignnone size-medium wp-image-116399\" src=\"https:\/\/regiaonews.net.br\/2022\/wp-content\/uploads\/2025\/04\/IMG-20250408-WA0719-300x300.jpg\" alt=\"\" width=\"300\" height=\"300\" srcset=\"https:\/\/regiaonews.net.br\/2022\/wp-content\/uploads\/2025\/04\/IMG-20250408-WA0719-300x300.jpg 300w, https:\/\/regiaonews.net.br\/2022\/wp-content\/uploads\/2025\/04\/IMG-20250408-WA0719-1024x1024.jpg 1024w, https:\/\/regiaonews.net.br\/2022\/wp-content\/uploads\/2025\/04\/IMG-20250408-WA0719-150x150.jpg 150w, https:\/\/regiaonews.net.br\/2022\/wp-content\/uploads\/2025\/04\/IMG-20250408-WA0719-768x768.jpg 768w, https:\/\/regiaonews.net.br\/2022\/wp-content\/uploads\/2025\/04\/IMG-20250408-WA0719-250x250.jpg 250w, https:\/\/regiaonews.net.br\/2022\/wp-content\/uploads\/2025\/04\/IMG-20250408-WA0719.jpg 1080w\" sizes=\"auto, (max-width: 300px) 100vw, 300px\" \/><\/a><\/p>\n<p><a href=\"https:\/\/regiaonews.net.br\/2022\/wp-content\/uploads\/2025\/04\/IMG-20250408-WA0718.jpg\"><img loading=\"lazy\" decoding=\"async\" class=\"alignnone size-medium wp-image-116400\" src=\"https:\/\/regiaonews.net.br\/2022\/wp-content\/uploads\/2025\/04\/IMG-20250408-WA0718-300x300.jpg\" alt=\"\" width=\"300\" height=\"300\" srcset=\"https:\/\/regiaonews.net.br\/2022\/wp-content\/uploads\/2025\/04\/IMG-20250408-WA0718-300x300.jpg 300w, https:\/\/regiaonews.net.br\/2022\/wp-content\/uploads\/2025\/04\/IMG-20250408-WA0718-1024x1024.jpg 1024w, https:\/\/regiaonews.net.br\/2022\/wp-content\/uploads\/2025\/04\/IMG-20250408-WA0718-150x150.jpg 150w, https:\/\/regiaonews.net.br\/2022\/wp-content\/uploads\/2025\/04\/IMG-20250408-WA0718-768x768.jpg 768w, https:\/\/regiaonews.net.br\/2022\/wp-content\/uploads\/2025\/04\/IMG-20250408-WA0718-250x250.jpg 250w, https:\/\/regiaonews.net.br\/2022\/wp-content\/uploads\/2025\/04\/IMG-20250408-WA0718.jpg 1080w\" sizes=\"auto, (max-width: 300px) 100vw, 300px\" \/><\/a><\/p>\n<p>&nbsp;<\/p>\n","protected":false},"excerpt":{"rendered":"<p>O Bazar e Papelaria Ramos tem v\u00e1rias op\u00e7\u00f5es de Ovos<\/p>\n","protected":false},"author":2,"featured_media":116398,"comment_status":"open","ping_status":"open","sticky":false,"template":"","format":"standard","meta":{"footnotes":""},"categories":[14,25,111],"tags":[],"class_list":["post-116395","post","type-post","status-publish","format-standard","has-post-thumbnail","hentry","category-barretos","category-cidades","category-cotidiano"],"yoast_head":"<!-- This site is optimized with the Yoast SEO plugin v27.4 - https:\/\/yoast.com\/product\/yoast-seo-wordpress\/ -->\n<title>Bazar e Papelaria Ramos tem op\u00e7\u00f5es de Ovos de P\u00e1scoa - Regi\u00e3o News<\/title>\n<meta name=\"robots\" content=\"index, follow, max-snippet:-1, max-image-preview:large, max-video-preview:-1\" \/>\n<link rel=\"canonical\" href=\"https:\/\/regiaonews.net.br\/2022\/2025\/04\/10\/bazar-e-papelaria-ramos-tem-opcoes-de-ovos-de-pascoa\/\" \/>\n<meta property=\"og:locale\" content=\"pt_BR\" \/>\n<meta property=\"og:type\" content=\"article\" \/>\n<meta property=\"og:title\" content=\"Bazar e Papelaria Ramos tem op\u00e7\u00f5es de Ovos de P\u00e1scoa - Regi\u00e3o News\" \/>\n<meta property=\"og:description\" content=\"O Bazar e Papelaria Ramos tem v\u00e1rias op\u00e7\u00f5es de Ovos\" \/>\n<meta property=\"og:url\" content=\"https:\/\/regiaonews.net.br\/2022\/2025\/04\/10\/bazar-e-papelaria-ramos-tem-opcoes-de-ovos-de-pascoa\/\" \/>\n<meta property=\"og:site_name\" content=\"Regi\u00e3o News\" \/>\n<meta property=\"article:published_time\" content=\"2025-04-10T23:20:50+00:00\" \/>\n<meta property=\"article:modified_time\" content=\"2025-04-11T01:01:57+00:00\" \/>\n<meta property=\"og:image\" content=\"https:\/\/regiaonews.net.br\/2022\/wp-content\/uploads\/2025\/04\/IMG-20250408-WA0720.jpg\" \/>\n\t<meta property=\"og:image:width\" content=\"1080\" \/>\n\t<meta property=\"og:image:height\" content=\"1080\" \/>\n\t<meta property=\"og:image:type\" content=\"image\/jpeg\" \/>\n<meta name=\"author\" content=\"Roberto\" \/>\n<meta name=\"twitter:card\" content=\"summary_large_image\" \/>\n<meta name=\"twitter:label1\" content=\"Escrito por\" \/>\n\t<meta name=\"twitter:data1\" content=\"Roberto\" \/>\n\t<meta name=\"twitter:label2\" content=\"Est. tempo de leitura\" \/>\n\t<meta name=\"twitter:data2\" content=\"2 minutos\" \/>\n<script type=\"application\/ld+json\" class=\"yoast-schema-graph\">{\"@context\":\"https:\\\/\\\/schema.org\",\"@graph\":[{\"@type\":\"Article\",\"@id\":\"https:\\\/\\\/regiaonews.net.br\\\/2022\\\/2025\\\/04\\\/10\\\/bazar-e-papelaria-ramos-tem-opcoes-de-ovos-de-pascoa\\\/#article\",\"isPartOf\":{\"@id\":\"https:\\\/\\\/regiaonews.net.br\\\/2022\\\/2025\\\/04\\\/10\\\/bazar-e-papelaria-ramos-tem-opcoes-de-ovos-de-pascoa\\\/\"},\"author\":{\"name\":\"Roberto\",\"@id\":\"https:\\\/\\\/regiaonews.net.br\\\/2022\\\/#\\\/schema\\\/person\\\/2d205a608a5aa97ac279d7a5e6d89ad8\"},\"headline\":\"Bazar e Papelaria Ramos tem op\u00e7\u00f5es de Ovos de P\u00e1scoa\",\"datePublished\":\"2025-04-10T23:20:50+00:00\",\"dateModified\":\"2025-04-11T01:01:57+00:00\",\"mainEntityOfPage\":{\"@id\":\"https:\\\/\\\/regiaonews.net.br\\\/2022\\\/2025\\\/04\\\/10\\\/bazar-e-papelaria-ramos-tem-opcoes-de-ovos-de-pascoa\\\/\"},\"wordCount\":138,\"commentCount\":0,\"publisher\":{\"@id\":\"https:\\\/\\\/regiaonews.net.br\\\/2022\\\/#organization\"},\"image\":{\"@id\":\"https:\\\/\\\/regiaonews.net.br\\\/2022\\\/2025\\\/04\\\/10\\\/bazar-e-papelaria-ramos-tem-opcoes-de-ovos-de-pascoa\\\/#primaryimage\"},\"thumbnailUrl\":\"https:\\\/\\\/regiaonews.net.br\\\/2022\\\/wp-content\\\/uploads\\\/2025\\\/04\\\/IMG-20250408-WA0720.jpg\",\"articleSection\":[\"Barretos\",\"Cidades\",\"Cotidiano\"],\"inLanguage\":\"pt-BR\",\"potentialAction\":[{\"@type\":\"CommentAction\",\"name\":\"Comment\",\"target\":[\"https:\\\/\\\/regiaonews.net.br\\\/2022\\\/2025\\\/04\\\/10\\\/bazar-e-papelaria-ramos-tem-opcoes-de-ovos-de-pascoa\\\/#respond\"]}]},{\"@type\":\"WebPage\",\"@id\":\"https:\\\/\\\/regiaonews.net.br\\\/2022\\\/2025\\\/04\\\/10\\\/bazar-e-papelaria-ramos-tem-opcoes-de-ovos-de-pascoa\\\/\",\"url\":\"https:\\\/\\\/regiaonews.net.br\\\/2022\\\/2025\\\/04\\\/10\\\/bazar-e-papelaria-ramos-tem-opcoes-de-ovos-de-pascoa\\\/\",\"name\":\"Bazar e Papelaria Ramos tem op\u00e7\u00f5es de Ovos de P\u00e1scoa - Regi\u00e3o News\",\"isPartOf\":{\"@id\":\"https:\\\/\\\/regiaonews.net.br\\\/2022\\\/#website\"},\"primaryImageOfPage\":{\"@id\":\"https:\\\/\\\/regiaonews.net.br\\\/2022\\\/2025\\\/04\\\/10\\\/bazar-e-papelaria-ramos-tem-opcoes-de-ovos-de-pascoa\\\/#primaryimage\"},\"image\":{\"@id\":\"https:\\\/\\\/regiaonews.net.br\\\/2022\\\/2025\\\/04\\\/10\\\/bazar-e-papelaria-ramos-tem-opcoes-de-ovos-de-pascoa\\\/#primaryimage\"},\"thumbnailUrl\":\"https:\\\/\\\/regiaonews.net.br\\\/2022\\\/wp-content\\\/uploads\\\/2025\\\/04\\\/IMG-20250408-WA0720.jpg\",\"datePublished\":\"2025-04-10T23:20:50+00:00\",\"dateModified\":\"2025-04-11T01:01:57+00:00\",\"breadcrumb\":{\"@id\":\"https:\\\/\\\/regiaonews.net.br\\\/2022\\\/2025\\\/04\\\/10\\\/bazar-e-papelaria-ramos-tem-opcoes-de-ovos-de-pascoa\\\/#breadcrumb\"},\"inLanguage\":\"pt-BR\",\"potentialAction\":[{\"@type\":\"ReadAction\",\"target\":[\"https:\\\/\\\/regiaonews.net.br\\\/2022\\\/2025\\\/04\\\/10\\\/bazar-e-papelaria-ramos-tem-opcoes-de-ovos-de-pascoa\\\/\"]}]},{\"@type\":\"ImageObject\",\"inLanguage\":\"pt-BR\",\"@id\":\"https:\\\/\\\/regiaonews.net.br\\\/2022\\\/2025\\\/04\\\/10\\\/bazar-e-papelaria-ramos-tem-opcoes-de-ovos-de-pascoa\\\/#primaryimage\",\"url\":\"https:\\\/\\\/regiaonews.net.br\\\/2022\\\/wp-content\\\/uploads\\\/2025\\\/04\\\/IMG-20250408-WA0720.jpg\",\"contentUrl\":\"https:\\\/\\\/regiaonews.net.br\\\/2022\\\/wp-content\\\/uploads\\\/2025\\\/04\\\/IMG-20250408-WA0720.jpg\",\"width\":1080,\"height\":1080},{\"@type\":\"BreadcrumbList\",\"@id\":\"https:\\\/\\\/regiaonews.net.br\\\/2022\\\/2025\\\/04\\\/10\\\/bazar-e-papelaria-ramos-tem-opcoes-de-ovos-de-pascoa\\\/#breadcrumb\",\"itemListElement\":[{\"@type\":\"ListItem\",\"position\":1,\"name\":\"In\u00edcio\",\"item\":\"https:\\\/\\\/regiaonews.net.br\\\/2022\\\/\"},{\"@type\":\"ListItem\",\"position\":2,\"name\":\"Bazar e Papelaria Ramos tem op\u00e7\u00f5es de Ovos de P\u00e1scoa\"}]},{\"@type\":\"WebSite\",\"@id\":\"https:\\\/\\\/regiaonews.net.br\\\/2022\\\/#website\",\"url\":\"https:\\\/\\\/regiaonews.net.br\\\/2022\\\/\",\"name\":\"Regi\u00e3o News\",\"description\":\"Site de Not\u00edcias de Barretos e regi\u00e3o\",\"publisher\":{\"@id\":\"https:\\\/\\\/regiaonews.net.br\\\/2022\\\/#organization\"},\"potentialAction\":[{\"@type\":\"SearchAction\",\"target\":{\"@type\":\"EntryPoint\",\"urlTemplate\":\"https:\\\/\\\/regiaonews.net.br\\\/2022\\\/?s={search_term_string}\"},\"query-input\":{\"@type\":\"PropertyValueSpecification\",\"valueRequired\":true,\"valueName\":\"search_term_string\"}}],\"inLanguage\":\"pt-BR\"},{\"@type\":\"Organization\",\"@id\":\"https:\\\/\\\/regiaonews.net.br\\\/2022\\\/#organization\",\"name\":\"Regi\u00e3o News\",\"url\":\"https:\\\/\\\/regiaonews.net.br\\\/2022\\\/\",\"logo\":{\"@type\":\"ImageObject\",\"inLanguage\":\"pt-BR\",\"@id\":\"https:\\\/\\\/regiaonews.net.br\\\/2022\\\/#\\\/schema\\\/logo\\\/image\\\/\",\"url\":\"https:\\\/\\\/regiaonews.net.br\\\/2022\\\/wp-content\\\/uploads\\\/2026\\\/03\\\/regiao-13-anos-scaled.jpg\",\"contentUrl\":\"https:\\\/\\\/regiaonews.net.br\\\/2022\\\/wp-content\\\/uploads\\\/2026\\\/03\\\/regiao-13-anos-scaled.jpg\",\"width\":2560,\"height\":635,\"caption\":\"Regi\u00e3o News\"},\"image\":{\"@id\":\"https:\\\/\\\/regiaonews.net.br\\\/2022\\\/#\\\/schema\\\/logo\\\/image\\\/\"}},{\"@type\":\"Person\",\"@id\":\"https:\\\/\\\/regiaonews.net.br\\\/2022\\\/#\\\/schema\\\/person\\\/2d205a608a5aa97ac279d7a5e6d89ad8\",\"name\":\"Roberto\",\"image\":{\"@type\":\"ImageObject\",\"inLanguage\":\"pt-BR\",\"@id\":\"https:\\\/\\\/secure.gravatar.com\\\/avatar\\\/42749d8b712ff9d59ca93dc150494e5b55a44134482993f5baeb97e61b7ecc89?s=96&d=mm&r=g\",\"url\":\"https:\\\/\\\/secure.gravatar.com\\\/avatar\\\/42749d8b712ff9d59ca93dc150494e5b55a44134482993f5baeb97e61b7ecc89?s=96&d=mm&r=g\",\"contentUrl\":\"https:\\\/\\\/secure.gravatar.com\\\/avatar\\\/42749d8b712ff9d59ca93dc150494e5b55a44134482993f5baeb97e61b7ecc89?s=96&d=mm&r=g\",\"caption\":\"Roberto\"},\"url\":\"https:\\\/\\\/regiaonews.net.br\\\/2022\\\/author\\\/roberto\\\/\"}]}<\/script>\n<!-- \/ Yoast SEO plugin. -->","yoast_head_json":{"title":"Bazar e Papelaria Ramos tem op\u00e7\u00f5es de Ovos de P\u00e1scoa - Regi\u00e3o News","robots":{"index":"index","follow":"follow","max-snippet":"max-snippet:-1","max-image-preview":"max-image-preview:large","max-video-preview":"max-video-preview:-1"},"canonical":"https:\/\/regiaonews.net.br\/2022\/2025\/04\/10\/bazar-e-papelaria-ramos-tem-opcoes-de-ovos-de-pascoa\/","og_locale":"pt_BR","og_type":"article","og_title":"Bazar e Papelaria Ramos tem op\u00e7\u00f5es de Ovos de P\u00e1scoa - Regi\u00e3o News","og_description":"O Bazar e Papelaria Ramos tem v\u00e1rias op\u00e7\u00f5es de Ovos","og_url":"https:\/\/regiaonews.net.br\/2022\/2025\/04\/10\/bazar-e-papelaria-ramos-tem-opcoes-de-ovos-de-pascoa\/","og_site_name":"Regi\u00e3o News","article_published_time":"2025-04-10T23:20:50+00:00","article_modified_time":"2025-04-11T01:01:57+00:00","og_image":[{"width":1080,"height":1080,"url":"https:\/\/regiaonews.net.br\/2022\/wp-content\/uploads\/2025\/04\/IMG-20250408-WA0720.jpg","type":"image\/jpeg"}],"author":"Roberto","twitter_card":"summary_large_image","twitter_misc":{"Escrito por":"Roberto","Est. tempo de leitura":"2 minutos"},"schema":{"@context":"https:\/\/schema.org","@graph":[{"@type":"Article","@id":"https:\/\/regiaonews.net.br\/2022\/2025\/04\/10\/bazar-e-papelaria-ramos-tem-opcoes-de-ovos-de-pascoa\/#article","isPartOf":{"@id":"https:\/\/regiaonews.net.br\/2022\/2025\/04\/10\/bazar-e-papelaria-ramos-tem-opcoes-de-ovos-de-pascoa\/"},"author":{"name":"Roberto","@id":"https:\/\/regiaonews.net.br\/2022\/#\/schema\/person\/2d205a608a5aa97ac279d7a5e6d89ad8"},"headline":"Bazar e Papelaria Ramos tem op\u00e7\u00f5es de Ovos de P\u00e1scoa","datePublished":"2025-04-10T23:20:50+00:00","dateModified":"2025-04-11T01:01:57+00:00","mainEntityOfPage":{"@id":"https:\/\/regiaonews.net.br\/2022\/2025\/04\/10\/bazar-e-papelaria-ramos-tem-opcoes-de-ovos-de-pascoa\/"},"wordCount":138,"commentCount":0,"publisher":{"@id":"https:\/\/regiaonews.net.br\/2022\/#organization"},"image":{"@id":"https:\/\/regiaonews.net.br\/2022\/2025\/04\/10\/bazar-e-papelaria-ramos-tem-opcoes-de-ovos-de-pascoa\/#primaryimage"},"thumbnailUrl":"https:\/\/regiaonews.net.br\/2022\/wp-content\/uploads\/2025\/04\/IMG-20250408-WA0720.jpg","articleSection":["Barretos","Cidades","Cotidiano"],"inLanguage":"pt-BR","potentialAction":[{"@type":"CommentAction","name":"Comment","target":["https:\/\/regiaonews.net.br\/2022\/2025\/04\/10\/bazar-e-papelaria-ramos-tem-opcoes-de-ovos-de-pascoa\/#respond"]}]},{"@type":"WebPage","@id":"https:\/\/regiaonews.net.br\/2022\/2025\/04\/10\/bazar-e-papelaria-ramos-tem-opcoes-de-ovos-de-pascoa\/","url":"https:\/\/regiaonews.net.br\/2022\/2025\/04\/10\/bazar-e-papelaria-ramos-tem-opcoes-de-ovos-de-pascoa\/","name":"Bazar e Papelaria Ramos tem op\u00e7\u00f5es de Ovos de P\u00e1scoa - Regi\u00e3o News","isPartOf":{"@id":"https:\/\/regiaonews.net.br\/2022\/#website"},"primaryImageOfPage":{"@id":"https:\/\/regiaonews.net.br\/2022\/2025\/04\/10\/bazar-e-papelaria-ramos-tem-opcoes-de-ovos-de-pascoa\/#primaryimage"},"image":{"@id":"https:\/\/regiaonews.net.br\/2022\/2025\/04\/10\/bazar-e-papelaria-ramos-tem-opcoes-de-ovos-de-pascoa\/#primaryimage"},"thumbnailUrl":"https:\/\/regiaonews.net.br\/2022\/wp-content\/uploads\/2025\/04\/IMG-20250408-WA0720.jpg","datePublished":"2025-04-10T23:20:50+00:00","dateModified":"2025-04-11T01:01:57+00:00","breadcrumb":{"@id":"https:\/\/regiaonews.net.br\/2022\/2025\/04\/10\/bazar-e-papelaria-ramos-tem-opcoes-de-ovos-de-pascoa\/#breadcrumb"},"inLanguage":"pt-BR","potentialAction":[{"@type":"ReadAction","target":["https:\/\/regiaonews.net.br\/2022\/2025\/04\/10\/bazar-e-papelaria-ramos-tem-opcoes-de-ovos-de-pascoa\/"]}]},{"@type":"ImageObject","inLanguage":"pt-BR","@id":"https:\/\/regiaonews.net.br\/2022\/2025\/04\/10\/bazar-e-papelaria-ramos-tem-opcoes-de-ovos-de-pascoa\/#primaryimage","url":"https:\/\/regiaonews.net.br\/2022\/wp-content\/uploads\/2025\/04\/IMG-20250408-WA0720.jpg","contentUrl":"https:\/\/regiaonews.net.br\/2022\/wp-content\/uploads\/2025\/04\/IMG-20250408-WA0720.jpg","width":1080,"height":1080},{"@type":"BreadcrumbList","@id":"https:\/\/regiaonews.net.br\/2022\/2025\/04\/10\/bazar-e-papelaria-ramos-tem-opcoes-de-ovos-de-pascoa\/#breadcrumb","itemListElement":[{"@type":"ListItem","position":1,"name":"In\u00edcio","item":"https:\/\/regiaonews.net.br\/2022\/"},{"@type":"ListItem","position":2,"name":"Bazar e Papelaria Ramos tem op\u00e7\u00f5es de Ovos de P\u00e1scoa"}]},{"@type":"WebSite","@id":"https:\/\/regiaonews.net.br\/2022\/#website","url":"https:\/\/regiaonews.net.br\/2022\/","name":"Regi\u00e3o News","description":"Site de Not\u00edcias de Barretos e regi\u00e3o","publisher":{"@id":"https:\/\/regiaonews.net.br\/2022\/#organization"},"potentialAction":[{"@type":"SearchAction","target":{"@type":"EntryPoint","urlTemplate":"https:\/\/regiaonews.net.br\/2022\/?s={search_term_string}"},"query-input":{"@type":"PropertyValueSpecification","valueRequired":true,"valueName":"search_term_string"}}],"inLanguage":"pt-BR"},{"@type":"Organization","@id":"https:\/\/regiaonews.net.br\/2022\/#organization","name":"Regi\u00e3o News","url":"https:\/\/regiaonews.net.br\/2022\/","logo":{"@type":"ImageObject","inLanguage":"pt-BR","@id":"https:\/\/regiaonews.net.br\/2022\/#\/schema\/logo\/image\/","url":"https:\/\/regiaonews.net.br\/2022\/wp-content\/uploads\/2026\/03\/regiao-13-anos-scaled.jpg","contentUrl":"https:\/\/regiaonews.net.br\/2022\/wp-content\/uploads\/2026\/03\/regiao-13-anos-scaled.jpg","width":2560,"height":635,"caption":"Regi\u00e3o News"},"image":{"@id":"https:\/\/regiaonews.net.br\/2022\/#\/schema\/logo\/image\/"}},{"@type":"Person","@id":"https:\/\/regiaonews.net.br\/2022\/#\/schema\/person\/2d205a608a5aa97ac279d7a5e6d89ad8","name":"Roberto","image":{"@type":"ImageObject","inLanguage":"pt-BR","@id":"https:\/\/secure.gravatar.com\/avatar\/42749d8b712ff9d59ca93dc150494e5b55a44134482993f5baeb97e61b7ecc89?s=96&d=mm&r=g","url":"https:\/\/secure.gravatar.com\/avatar\/42749d8b712ff9d59ca93dc150494e5b55a44134482993f5baeb97e61b7ecc89?s=96&d=mm&r=g","contentUrl":"https:\/\/secure.gravatar.com\/avatar\/42749d8b712ff9d59ca93dc150494e5b55a44134482993f5baeb97e61b7ecc89?s=96&d=mm&r=g","caption":"Roberto"},"url":"https:\/\/regiaonews.net.br\/2022\/author\/roberto\/"}]}},"publishpress_future_action":{"enabled":false,"date":"2026-05-02 02:24:04","action":"change-status","newStatus":"draft","terms":[],"taxonomy":"category","extraData":[]},"publishpress_future_workflow_manual_trigger":{"enabledWorkflows":[]},"_links":{"self":[{"href":"https:\/\/regiaonews.net.br\/2022\/wp-json\/wp\/v2\/posts\/116395","targetHints":{"allow":["GET"]}}],"collection":[{"href":"https:\/\/regiaonews.net.br\/2022\/wp-json\/wp\/v2\/posts"}],"about":[{"href":"https:\/\/regiaonews.net.br\/2022\/wp-json\/wp\/v2\/types\/post"}],"author":[{"embeddable":true,"href":"https:\/\/regiaonews.net.br\/2022\/wp-json\/wp\/v2\/users\/2"}],"replies":[{"embeddable":true,"href":"https:\/\/regiaonews.net.br\/2022\/wp-json\/wp\/v2\/comments?post=116395"}],"version-history":[{"count":3,"href":"https:\/\/regiaonews.net.br\/2022\/wp-json\/wp\/v2\/posts\/116395\/revisions"}],"predecessor-version":[{"id":116409,"href":"https:\/\/regiaonews.net.br\/2022\/wp-json\/wp\/v2\/posts\/116395\/revisions\/116409"}],"wp:featuredmedia":[{"embeddable":true,"href":"https:\/\/regiaonews.net.br\/2022\/wp-json\/wp\/v2\/media\/116398"}],"wp:attachment":[{"href":"https:\/\/regiaonews.net.br\/2022\/wp-json\/wp\/v2\/media?parent=116395"}],"wp:term":[{"taxonomy":"category","embeddable":true,"href":"https:\/\/regiaonews.net.br\/2022\/wp-json\/wp\/v2\/categories?post=116395"},{"taxonomy":"post_tag","embeddable":true,"href":"https:\/\/regiaonews.net.br\/2022\/wp-json\/wp\/v2\/tags?post=116395"}],"curies":[{"name":"wp","href":"https:\/\/api.w.org\/{rel}","templated":true}]}}