{"id":116392,"date":"2025-04-10T19:18:23","date_gmt":"2025-04-10T22:18:23","guid":{"rendered":"https:\/\/regiaonews.net.br\/2022\/?p=116392"},"modified":"2025-04-10T19:21:03","modified_gmt":"2025-04-10T22:21:03","slug":"governo-de-sp-investe-r-11-milhao-na-regiao-de-barretos-para-onibus-escolares-e-equipamentos","status":"publish","type":"post","link":"https:\/\/regiaonews.net.br\/2022\/2025\/04\/10\/governo-de-sp-investe-r-11-milhao-na-regiao-de-barretos-para-onibus-escolares-e-equipamentos\/","title":{"rendered":"Governo de SP investe R$ 1,1 milh\u00e3o na regi\u00e3o de Barretos para \u00f4nibus escolares e equipamentos"},"content":{"rendered":"<p>Prefeituras do estado ter\u00e3o R$ 294,8 milh\u00f5es destinados a obras, equipamentos, 369 \u00f4nibus escolares e expans\u00e3o do Prontos pro Mundo<\/p>\n<p>As redes p\u00fablicas municipal e estadual ser\u00e3o beneficiadas com um aporte de cerca de R$ 530 milh\u00f5es, valor anunciado nesta quarta-feira (9) pelo Governo do Estado em evento com a presen\u00e7a do governador Tarc\u00edsio de Freitas, do secret\u00e1rio Renato Feder e com prefeitos no Pal\u00e1cio dos Bandeirantes. O montante \u00e9 destinado \u00e0 constru\u00e7\u00e3o de creches, reformas de unidades de ensino da rede municipal, aquisi\u00e7\u00e3o de equipamentos, entrega de 369 \u00f4nibus escolares, \u00e0 expans\u00e3o do programa Prontos pro Mundo e ainda \u00e0 continuidade do processo de climatiza\u00e7\u00e3o da rede estadual de ensino.<\/p>\n<p>O Governo de SP autorizou o repasse de R$ 1,1 milh\u00e3o para as prefeituras da regi\u00e3o de Barretos. O valor \u00e9 investido em dois \u00f4nibus escolares (R$ 872,5 mil) para as cidades de Barretos e Severina. As cidades de Colina e Guaraci receber\u00e3o verbas para a compra de utens\u00edlios de cozinha e equipamentos de tecnologia para suas redes municipais.<\/p>\n<p>\u201cO dia de hoje n\u00e3o \u00e9 apenas para celebrar a entrega de \u00f4nibus e investimentos na estrutura f\u00edsica das escolas, mas tamb\u00e9m de agradecer o trabalho dos prefeitos e dos secret\u00e1rios municipais e a parceria que estabelecemos. Avan\u00e7amos muito com a alfabetiza\u00e7\u00e3o na idade certa. Em mar\u00e7o de 2024, t\u00ednhamos 48% de alunos fluentes e chegamos no fim do ano passado com 77% de alunos fluentes. Isso \u00e9 trabalho dos munic\u00edpios. Voc\u00eas acreditaram no Alfabetiza SP. Sabemos que aqueles que alfabetizam melhor, t\u00eam os melhores alunos no Ensino M\u00e9dio\u201d, resumiu o governador Tarc\u00edsio de Freitas.<\/p>\n<h2 class=\"wp-block-heading\"><strong>Verba para as prefeituras\u00a0<\/strong><\/h2>\n<p>Dos R$ 294,8 milh\u00f5es anunciados pelo Governo de SP nesta quarta-feira, R$ 159,6 milh\u00f5es ser\u00e3o destinados \u00e0 compra de 369 \u00f4nibus escolares, R$ 50,2 milh\u00f5es para o Painsp (Plano de A\u00e7\u00f5es Integradas do Estado de S\u00e3o Paulo), que prev\u00ea, nesta a\u00e7\u00e3o, verbas para obras e compra de equipamentos, al\u00e9m de R$ 85 milh\u00f5es para o Prontos pro Mundo, que passa a beneficiar tamb\u00e9m alunos das redes municipais.<\/p>\n<p>O valor repassado por meio do Painsp deve ser empregado na compra de equipamentos e na constru\u00e7\u00e3o de nove creches e amplia\u00e7\u00e3o de outras 18 unidades de ensino infantil de cidades do interior paulista.<\/p>\n<p>Da rela\u00e7\u00e3o de novos 369 ve\u00edculos, 160 j\u00e1 est\u00e3o liberados para retirada imediata de 142 munic\u00edpios. Os demais carros est\u00e3o previstos para a \u00faltima semana de abril e a primeira de maio.<\/p>\n<p>Ser\u00e3o encaminhados dois modelos de \u00f4nibus, com capacidade para 29 pessoas sentadas e com capacidade para 21 pessoas sentadas. Ambos s\u00e3o equipados com dispositivos para garantir a acessibilidade de estudantes com defici\u00eancia ou mobilidade reduzida.<\/p>\n<p>Com essa entrega, desde o in\u00edcio da gest\u00e3o, em janeiro de 2023, o governo paulista j\u00e1 entregou 664 \u00f4nibus escolares, com investimento total de R$ 239,2 milh\u00f5es.<\/p>\n<p>O Governo de SP quer ampliar o alcance do programa Prontos pro Mundo, iniciativa que beneficia, anualmente, 1.000 estudantes com interc\u00e2mbio para pa\u00edses de l\u00edngua inglesa. Na presen\u00e7a dos prefeitos,\u00a0 o governador Tarc\u00edsio de Freitas comunicou que, a partir deste ano, estudantes que frequentaram os anos finais do Ensino Fundamental nas redes municipais poder\u00e3o participar do processo de sele\u00e7\u00e3o para as viagens internacionais. O investimento no programa \u00e9 de R$ 85 milh\u00f5es.<\/p>\n<h2 class=\"wp-block-heading\"><strong>Climatiza\u00e7\u00e3o<\/strong><\/h2>\n<p>Durante o evento, o secret\u00e1rio Renato Feder anunciou a continuidade do processo de climatiza\u00e7\u00e3o das escolas estaduais. Ser\u00e3o destinados mais de R$ 233,2 milh\u00f5es para adapta\u00e7\u00e3o de infraestrutura el\u00e9trica das escolas, instala\u00e7\u00e3o dos aparelhos de climatiza\u00e7\u00e3o e liga\u00e7\u00e3o de energia em unidades de ensino em 257 munic\u00edpios. At\u00e9 agora, j\u00e1 foram investidos aproximadamente R$ 350 milh\u00f5es apenas na primeira etapa do programa de climatiza\u00e7\u00e3o das escolas, que abrange 1.056 unidades escolares \u2014 destas, 860 processos de climatiza\u00e7\u00e3o j\u00e1 foram conclu\u00eddos at\u00e9 o in\u00edcio desta semana.<\/p>\n<h2 class=\"wp-block-heading\"><strong>Alunos das redes municipais em interc\u00e2mbio internacional<\/strong><\/h2>\n<p>O programa Prontos pro Mundo foi lan\u00e7ado pelo Governo do Estado em 2023 com a primeira etapa da sele\u00e7\u00e3o por meio do Saresp (Sistema de Avalia\u00e7\u00e3o de Rendimento Escolar do Estado de S\u00e3o Paulo) para alunos do 9\u00ba ano do Ensino Fundamental. \u00c9 exatamente esta etapa que ser\u00e1 estendida para alunos das redes municipais. At\u00e9 ent\u00e3o, para participar da sele\u00e7\u00e3o do Prontos pro Mundo, estudantes precisariam ter frequentado os anos finais exclusivamente na rede estadual de ensino, desde o 6\u00ba at\u00e9 o 9\u00ba ano do Ensino Fundamental.<\/p>\n<p>\u201c\u00c9 uma experi\u00eancia que n\u00e3o tem pre\u00e7o. Os alunos que j\u00e1 embarcaram v\u00e3o chegar contando o que viveram e v\u00e3o inspirar outros estudantes. Precisamos estimular os estudantes a fazer o Saresp. Os alunos das escolas municipais n\u00e3o faziam o exame e v\u00e3o passar a fazer agora, no 9\u00ba ano para a gente trazer esse aluno, que est\u00e1 fazendo a migra\u00e7\u00e3o para a rede municipal, para ele poder participar do Prontos pro Mundo\u201d, afirmou o governador.<\/p>\n<p>A cada ano, a Educa\u00e7\u00e3o levar\u00e1 1.000 estudantes para interc\u00e2mbio em pa\u00edses de l\u00edngua inglesa, como Reino Unido, Nova Zel\u00e2ndia, Canad\u00e1 e Austr\u00e1lia. A proposta, segundo Feder, \u00e9 atingir as 644 cidades do estado com turmas de Ensino M\u00e9dio na rede estadual. Em todo o estado, apenas a cidade de Santana do Parna\u00edba n\u00e3o conta com uma escola da rede estadual para Ensino M\u00e9dio.<\/p>\n<p>\u201cComo temos algumas cidades com Ensino Fundamental exclusivo dos munic\u00edpios, consegu\u00edamos alcan\u00e7ar apenas parte do estado de S\u00e3o Paulo com as vagas de interc\u00e2mbio. A partir de agora, aqueles munic\u00edpios que fizeram o Saresp no ano passado e aqueles que aderirem \u00e0 avalia\u00e7\u00e3o para este ano para a sele\u00e7\u00e3o no ano que vem ter\u00e3o seus estudantes participando das etapas de sele\u00e7\u00e3o desde essa avalia\u00e7\u00e3o, at\u00e9 no ano seguinte, se eles estiverem matriculados na 1\u00aa s\u00e9rie do Ensino M\u00e9dio na nossa rede estadual. As etapas seguintes s\u00e3o o curso de ingl\u00eas para os melhores no Saresp e uma prova de conhecimentos de l\u00edngua inglesa\u201d, explicou o secret\u00e1rio da Educa\u00e7\u00e3o, Renato Feder.<\/p>\n<p>O interc\u00e2mbio do Programa Prontos pro Mundo \u00e9 100% gratuito para o aluno e sua fam\u00edlia, com todos os custos e organiza\u00e7\u00e3o providenciados pela Seduc-SP. Itens como documentos pessoais (passaporte, visto), hospedagem, aulas, traslados, passagens a\u00e9reas ser\u00e3o cobertos. Os alunos receber\u00e3o tamb\u00e9m uma bolsa-aux\u00edlio para despesas pessoais durante a estadia no exterior.<\/p>\n<h2 class=\"wp-block-heading\"><strong>R$ 1,2 bilh\u00e3o para as redes p\u00fablicas<\/strong><\/h2>\n<p>Os R$ 530 milh\u00f5es anunciados nesta quarta-feira para prefeituras e climatiza\u00e7\u00e3o de escolas estaduais integram um pacote total de R$ 1,2 bilh\u00e3o de investimento destinado \u00e0 educa\u00e7\u00e3o p\u00fablica paulista, com a\u00e7\u00f5es que j\u00e1 est\u00e3o em andamento na rede estadual em 2025.<\/p>\n<p>Somam-se aos novos recursos anunciados nesta quarta-feira (9), para climatiza\u00e7\u00e3o, \u00f4nibus e Painsp:<\/p>\n<ul class=\"wp-block-list\">\n<li>R$ 261,5 milh\u00f5es destinados \u00e0 compra de 143,1 mil equipamentos de tecnologia (computadores e plataformas de recarga), que ser\u00e3o entregues \u00e0s escolas estaduais at\u00e9 o in\u00edcio do segundo semestre;<\/li>\n<li>R$ 130,6 milh\u00f5es para o BEEM (Bolsa Est\u00e1gio Ensino M\u00e9dio);<\/li>\n<li>R$ 207,3 milh\u00f5es para a expans\u00e3o do Ensino M\u00e9dio T\u00e9cnico;<\/li>\n<li>R$ 14,7 milh\u00f5es destinados \u00e0 bolsa perman\u00eancia na USP, Unesp e Unicamp para os aprovados no Prov\u00e3o Paulista; e<\/li>\n<li>Outros R$ 34,6 milh\u00f5es para a constru\u00e7\u00e3o e obras em quadras esportivas.<\/li>\n<\/ul>\n<p>&nbsp;<\/p>\n","protected":false},"excerpt":{"rendered":"<p>Prefeituras do estado ter\u00e3o R$ 294,8 milh\u00f5es destinados a obras,<\/p>\n","protected":false},"author":2,"featured_media":116393,"comment_status":"open","ping_status":"open","sticky":false,"template":"","format":"standard","meta":{"footnotes":""},"categories":[25,7],"tags":[],"class_list":["post-116392","post","type-post","status-publish","format-standard","has-post-thumbnail","hentry","category-cidades","category-estado-de-sao-paulo"],"yoast_head":"<!-- This site is optimized with the Yoast SEO plugin v27.4 - https:\/\/yoast.com\/product\/yoast-seo-wordpress\/ -->\n<title>Governo de SP investe R$ 1,1 milh\u00e3o na regi\u00e3o de Barretos para \u00f4nibus escolares e equipamentos - Regi\u00e3o News<\/title>\n<meta name=\"robots\" content=\"index, follow, max-snippet:-1, max-image-preview:large, max-video-preview:-1\" \/>\n<link rel=\"canonical\" href=\"https:\/\/regiaonews.net.br\/2022\/2025\/04\/10\/governo-de-sp-investe-r-11-milhao-na-regiao-de-barretos-para-onibus-escolares-e-equipamentos\/\" \/>\n<meta property=\"og:locale\" content=\"pt_BR\" \/>\n<meta property=\"og:type\" content=\"article\" \/>\n<meta property=\"og:title\" content=\"Governo de SP investe R$ 1,1 milh\u00e3o na regi\u00e3o de Barretos para \u00f4nibus escolares e equipamentos - Regi\u00e3o News\" \/>\n<meta property=\"og:description\" content=\"Prefeituras do estado ter\u00e3o R$ 294,8 milh\u00f5es destinados a obras,\" \/>\n<meta property=\"og:url\" content=\"https:\/\/regiaonews.net.br\/2022\/2025\/04\/10\/governo-de-sp-investe-r-11-milhao-na-regiao-de-barretos-para-onibus-escolares-e-equipamentos\/\" \/>\n<meta property=\"og:site_name\" content=\"Regi\u00e3o News\" \/>\n<meta property=\"article:published_time\" content=\"2025-04-10T22:18:23+00:00\" \/>\n<meta property=\"article:modified_time\" content=\"2025-04-10T22:21:03+00:00\" \/>\n<meta property=\"og:image\" content=\"https:\/\/regiaonews.net.br\/2022\/wp-content\/uploads\/2025\/04\/perua-1024x711-1.png\" \/>\n\t<meta property=\"og:image:width\" content=\"1024\" \/>\n\t<meta property=\"og:image:height\" content=\"711\" \/>\n\t<meta property=\"og:image:type\" content=\"image\/png\" \/>\n<meta name=\"author\" content=\"Roberto\" \/>\n<meta name=\"twitter:card\" content=\"summary_large_image\" \/>\n<meta name=\"twitter:label1\" content=\"Escrito por\" \/>\n\t<meta name=\"twitter:data1\" content=\"Roberto\" \/>\n\t<meta name=\"twitter:label2\" content=\"Est. tempo de leitura\" \/>\n\t<meta name=\"twitter:data2\" content=\"7 minutos\" \/>\n<script type=\"application\/ld+json\" class=\"yoast-schema-graph\">{\"@context\":\"https:\\\/\\\/schema.org\",\"@graph\":[{\"@type\":\"Article\",\"@id\":\"https:\\\/\\\/regiaonews.net.br\\\/2022\\\/2025\\\/04\\\/10\\\/governo-de-sp-investe-r-11-milhao-na-regiao-de-barretos-para-onibus-escolares-e-equipamentos\\\/#article\",\"isPartOf\":{\"@id\":\"https:\\\/\\\/regiaonews.net.br\\\/2022\\\/2025\\\/04\\\/10\\\/governo-de-sp-investe-r-11-milhao-na-regiao-de-barretos-para-onibus-escolares-e-equipamentos\\\/\"},\"author\":{\"name\":\"Roberto\",\"@id\":\"https:\\\/\\\/regiaonews.net.br\\\/2022\\\/#\\\/schema\\\/person\\\/2d205a608a5aa97ac279d7a5e6d89ad8\"},\"headline\":\"Governo de SP investe R$ 1,1 milh\u00e3o na regi\u00e3o de Barretos para \u00f4nibus escolares e equipamentos\",\"datePublished\":\"2025-04-10T22:18:23+00:00\",\"dateModified\":\"2025-04-10T22:21:03+00:00\",\"mainEntityOfPage\":{\"@id\":\"https:\\\/\\\/regiaonews.net.br\\\/2022\\\/2025\\\/04\\\/10\\\/governo-de-sp-investe-r-11-milhao-na-regiao-de-barretos-para-onibus-escolares-e-equipamentos\\\/\"},\"wordCount\":1261,\"commentCount\":0,\"publisher\":{\"@id\":\"https:\\\/\\\/regiaonews.net.br\\\/2022\\\/#organization\"},\"image\":{\"@id\":\"https:\\\/\\\/regiaonews.net.br\\\/2022\\\/2025\\\/04\\\/10\\\/governo-de-sp-investe-r-11-milhao-na-regiao-de-barretos-para-onibus-escolares-e-equipamentos\\\/#primaryimage\"},\"thumbnailUrl\":\"https:\\\/\\\/regiaonews.net.br\\\/2022\\\/wp-content\\\/uploads\\\/2025\\\/04\\\/perua-1024x711-1.png\",\"articleSection\":[\"Cidades\",\"Estado de S\u00e3o Paulo\"],\"inLanguage\":\"pt-BR\",\"potentialAction\":[{\"@type\":\"CommentAction\",\"name\":\"Comment\",\"target\":[\"https:\\\/\\\/regiaonews.net.br\\\/2022\\\/2025\\\/04\\\/10\\\/governo-de-sp-investe-r-11-milhao-na-regiao-de-barretos-para-onibus-escolares-e-equipamentos\\\/#respond\"]}]},{\"@type\":\"WebPage\",\"@id\":\"https:\\\/\\\/regiaonews.net.br\\\/2022\\\/2025\\\/04\\\/10\\\/governo-de-sp-investe-r-11-milhao-na-regiao-de-barretos-para-onibus-escolares-e-equipamentos\\\/\",\"url\":\"https:\\\/\\\/regiaonews.net.br\\\/2022\\\/2025\\\/04\\\/10\\\/governo-de-sp-investe-r-11-milhao-na-regiao-de-barretos-para-onibus-escolares-e-equipamentos\\\/\",\"name\":\"Governo de SP investe R$ 1,1 milh\u00e3o na regi\u00e3o de Barretos para \u00f4nibus escolares e equipamentos - Regi\u00e3o News\",\"isPartOf\":{\"@id\":\"https:\\\/\\\/regiaonews.net.br\\\/2022\\\/#website\"},\"primaryImageOfPage\":{\"@id\":\"https:\\\/\\\/regiaonews.net.br\\\/2022\\\/2025\\\/04\\\/10\\\/governo-de-sp-investe-r-11-milhao-na-regiao-de-barretos-para-onibus-escolares-e-equipamentos\\\/#primaryimage\"},\"image\":{\"@id\":\"https:\\\/\\\/regiaonews.net.br\\\/2022\\\/2025\\\/04\\\/10\\\/governo-de-sp-investe-r-11-milhao-na-regiao-de-barretos-para-onibus-escolares-e-equipamentos\\\/#primaryimage\"},\"thumbnailUrl\":\"https:\\\/\\\/regiaonews.net.br\\\/2022\\\/wp-content\\\/uploads\\\/2025\\\/04\\\/perua-1024x711-1.png\",\"datePublished\":\"2025-04-10T22:18:23+00:00\",\"dateModified\":\"2025-04-10T22:21:03+00:00\",\"breadcrumb\":{\"@id\":\"https:\\\/\\\/regiaonews.net.br\\\/2022\\\/2025\\\/04\\\/10\\\/governo-de-sp-investe-r-11-milhao-na-regiao-de-barretos-para-onibus-escolares-e-equipamentos\\\/#breadcrumb\"},\"inLanguage\":\"pt-BR\",\"potentialAction\":[{\"@type\":\"ReadAction\",\"target\":[\"https:\\\/\\\/regiaonews.net.br\\\/2022\\\/2025\\\/04\\\/10\\\/governo-de-sp-investe-r-11-milhao-na-regiao-de-barretos-para-onibus-escolares-e-equipamentos\\\/\"]}]},{\"@type\":\"ImageObject\",\"inLanguage\":\"pt-BR\",\"@id\":\"https:\\\/\\\/regiaonews.net.br\\\/2022\\\/2025\\\/04\\\/10\\\/governo-de-sp-investe-r-11-milhao-na-regiao-de-barretos-para-onibus-escolares-e-equipamentos\\\/#primaryimage\",\"url\":\"https:\\\/\\\/regiaonews.net.br\\\/2022\\\/wp-content\\\/uploads\\\/2025\\\/04\\\/perua-1024x711-1.png\",\"contentUrl\":\"https:\\\/\\\/regiaonews.net.br\\\/2022\\\/wp-content\\\/uploads\\\/2025\\\/04\\\/perua-1024x711-1.png\",\"width\":1024,\"height\":711},{\"@type\":\"BreadcrumbList\",\"@id\":\"https:\\\/\\\/regiaonews.net.br\\\/2022\\\/2025\\\/04\\\/10\\\/governo-de-sp-investe-r-11-milhao-na-regiao-de-barretos-para-onibus-escolares-e-equipamentos\\\/#breadcrumb\",\"itemListElement\":[{\"@type\":\"ListItem\",\"position\":1,\"name\":\"In\u00edcio\",\"item\":\"https:\\\/\\\/regiaonews.net.br\\\/2022\\\/\"},{\"@type\":\"ListItem\",\"position\":2,\"name\":\"Governo de SP investe R$ 1,1 milh\u00e3o na regi\u00e3o de Barretos para \u00f4nibus escolares e equipamentos\"}]},{\"@type\":\"WebSite\",\"@id\":\"https:\\\/\\\/regiaonews.net.br\\\/2022\\\/#website\",\"url\":\"https:\\\/\\\/regiaonews.net.br\\\/2022\\\/\",\"name\":\"Regi\u00e3o News\",\"description\":\"Site de Not\u00edcias de Barretos e regi\u00e3o\",\"publisher\":{\"@id\":\"https:\\\/\\\/regiaonews.net.br\\\/2022\\\/#organization\"},\"potentialAction\":[{\"@type\":\"SearchAction\",\"target\":{\"@type\":\"EntryPoint\",\"urlTemplate\":\"https:\\\/\\\/regiaonews.net.br\\\/2022\\\/?s={search_term_string}\"},\"query-input\":{\"@type\":\"PropertyValueSpecification\",\"valueRequired\":true,\"valueName\":\"search_term_string\"}}],\"inLanguage\":\"pt-BR\"},{\"@type\":\"Organization\",\"@id\":\"https:\\\/\\\/regiaonews.net.br\\\/2022\\\/#organization\",\"name\":\"Regi\u00e3o News\",\"url\":\"https:\\\/\\\/regiaonews.net.br\\\/2022\\\/\",\"logo\":{\"@type\":\"ImageObject\",\"inLanguage\":\"pt-BR\",\"@id\":\"https:\\\/\\\/regiaonews.net.br\\\/2022\\\/#\\\/schema\\\/logo\\\/image\\\/\",\"url\":\"https:\\\/\\\/regiaonews.net.br\\\/2022\\\/wp-content\\\/uploads\\\/2026\\\/03\\\/regiao-13-anos-scaled.jpg\",\"contentUrl\":\"https:\\\/\\\/regiaonews.net.br\\\/2022\\\/wp-content\\\/uploads\\\/2026\\\/03\\\/regiao-13-anos-scaled.jpg\",\"width\":2560,\"height\":635,\"caption\":\"Regi\u00e3o News\"},\"image\":{\"@id\":\"https:\\\/\\\/regiaonews.net.br\\\/2022\\\/#\\\/schema\\\/logo\\\/image\\\/\"}},{\"@type\":\"Person\",\"@id\":\"https:\\\/\\\/regiaonews.net.br\\\/2022\\\/#\\\/schema\\\/person\\\/2d205a608a5aa97ac279d7a5e6d89ad8\",\"name\":\"Roberto\",\"image\":{\"@type\":\"ImageObject\",\"inLanguage\":\"pt-BR\",\"@id\":\"https:\\\/\\\/secure.gravatar.com\\\/avatar\\\/42749d8b712ff9d59ca93dc150494e5b55a44134482993f5baeb97e61b7ecc89?s=96&d=mm&r=g\",\"url\":\"https:\\\/\\\/secure.gravatar.com\\\/avatar\\\/42749d8b712ff9d59ca93dc150494e5b55a44134482993f5baeb97e61b7ecc89?s=96&d=mm&r=g\",\"contentUrl\":\"https:\\\/\\\/secure.gravatar.com\\\/avatar\\\/42749d8b712ff9d59ca93dc150494e5b55a44134482993f5baeb97e61b7ecc89?s=96&d=mm&r=g\",\"caption\":\"Roberto\"},\"url\":\"https:\\\/\\\/regiaonews.net.br\\\/2022\\\/author\\\/roberto\\\/\"}]}<\/script>\n<!-- \/ Yoast SEO plugin. -->","yoast_head_json":{"title":"Governo de SP investe R$ 1,1 milh\u00e3o na regi\u00e3o de Barretos para \u00f4nibus escolares e equipamentos - Regi\u00e3o News","robots":{"index":"index","follow":"follow","max-snippet":"max-snippet:-1","max-image-preview":"max-image-preview:large","max-video-preview":"max-video-preview:-1"},"canonical":"https:\/\/regiaonews.net.br\/2022\/2025\/04\/10\/governo-de-sp-investe-r-11-milhao-na-regiao-de-barretos-para-onibus-escolares-e-equipamentos\/","og_locale":"pt_BR","og_type":"article","og_title":"Governo de SP investe R$ 1,1 milh\u00e3o na regi\u00e3o de Barretos para \u00f4nibus escolares e equipamentos - Regi\u00e3o News","og_description":"Prefeituras do estado ter\u00e3o R$ 294,8 milh\u00f5es destinados a obras,","og_url":"https:\/\/regiaonews.net.br\/2022\/2025\/04\/10\/governo-de-sp-investe-r-11-milhao-na-regiao-de-barretos-para-onibus-escolares-e-equipamentos\/","og_site_name":"Regi\u00e3o News","article_published_time":"2025-04-10T22:18:23+00:00","article_modified_time":"2025-04-10T22:21:03+00:00","og_image":[{"width":1024,"height":711,"url":"https:\/\/regiaonews.net.br\/2022\/wp-content\/uploads\/2025\/04\/perua-1024x711-1.png","type":"image\/png"}],"author":"Roberto","twitter_card":"summary_large_image","twitter_misc":{"Escrito por":"Roberto","Est. tempo de leitura":"7 minutos"},"schema":{"@context":"https:\/\/schema.org","@graph":[{"@type":"Article","@id":"https:\/\/regiaonews.net.br\/2022\/2025\/04\/10\/governo-de-sp-investe-r-11-milhao-na-regiao-de-barretos-para-onibus-escolares-e-equipamentos\/#article","isPartOf":{"@id":"https:\/\/regiaonews.net.br\/2022\/2025\/04\/10\/governo-de-sp-investe-r-11-milhao-na-regiao-de-barretos-para-onibus-escolares-e-equipamentos\/"},"author":{"name":"Roberto","@id":"https:\/\/regiaonews.net.br\/2022\/#\/schema\/person\/2d205a608a5aa97ac279d7a5e6d89ad8"},"headline":"Governo de SP investe R$ 1,1 milh\u00e3o na regi\u00e3o de Barretos para \u00f4nibus escolares e equipamentos","datePublished":"2025-04-10T22:18:23+00:00","dateModified":"2025-04-10T22:21:03+00:00","mainEntityOfPage":{"@id":"https:\/\/regiaonews.net.br\/2022\/2025\/04\/10\/governo-de-sp-investe-r-11-milhao-na-regiao-de-barretos-para-onibus-escolares-e-equipamentos\/"},"wordCount":1261,"commentCount":0,"publisher":{"@id":"https:\/\/regiaonews.net.br\/2022\/#organization"},"image":{"@id":"https:\/\/regiaonews.net.br\/2022\/2025\/04\/10\/governo-de-sp-investe-r-11-milhao-na-regiao-de-barretos-para-onibus-escolares-e-equipamentos\/#primaryimage"},"thumbnailUrl":"https:\/\/regiaonews.net.br\/2022\/wp-content\/uploads\/2025\/04\/perua-1024x711-1.png","articleSection":["Cidades","Estado de S\u00e3o Paulo"],"inLanguage":"pt-BR","potentialAction":[{"@type":"CommentAction","name":"Comment","target":["https:\/\/regiaonews.net.br\/2022\/2025\/04\/10\/governo-de-sp-investe-r-11-milhao-na-regiao-de-barretos-para-onibus-escolares-e-equipamentos\/#respond"]}]},{"@type":"WebPage","@id":"https:\/\/regiaonews.net.br\/2022\/2025\/04\/10\/governo-de-sp-investe-r-11-milhao-na-regiao-de-barretos-para-onibus-escolares-e-equipamentos\/","url":"https:\/\/regiaonews.net.br\/2022\/2025\/04\/10\/governo-de-sp-investe-r-11-milhao-na-regiao-de-barretos-para-onibus-escolares-e-equipamentos\/","name":"Governo de SP investe R$ 1,1 milh\u00e3o na regi\u00e3o de Barretos para \u00f4nibus escolares e equipamentos - Regi\u00e3o News","isPartOf":{"@id":"https:\/\/regiaonews.net.br\/2022\/#website"},"primaryImageOfPage":{"@id":"https:\/\/regiaonews.net.br\/2022\/2025\/04\/10\/governo-de-sp-investe-r-11-milhao-na-regiao-de-barretos-para-onibus-escolares-e-equipamentos\/#primaryimage"},"image":{"@id":"https:\/\/regiaonews.net.br\/2022\/2025\/04\/10\/governo-de-sp-investe-r-11-milhao-na-regiao-de-barretos-para-onibus-escolares-e-equipamentos\/#primaryimage"},"thumbnailUrl":"https:\/\/regiaonews.net.br\/2022\/wp-content\/uploads\/2025\/04\/perua-1024x711-1.png","datePublished":"2025-04-10T22:18:23+00:00","dateModified":"2025-04-10T22:21:03+00:00","breadcrumb":{"@id":"https:\/\/regiaonews.net.br\/2022\/2025\/04\/10\/governo-de-sp-investe-r-11-milhao-na-regiao-de-barretos-para-onibus-escolares-e-equipamentos\/#breadcrumb"},"inLanguage":"pt-BR","potentialAction":[{"@type":"ReadAction","target":["https:\/\/regiaonews.net.br\/2022\/2025\/04\/10\/governo-de-sp-investe-r-11-milhao-na-regiao-de-barretos-para-onibus-escolares-e-equipamentos\/"]}]},{"@type":"ImageObject","inLanguage":"pt-BR","@id":"https:\/\/regiaonews.net.br\/2022\/2025\/04\/10\/governo-de-sp-investe-r-11-milhao-na-regiao-de-barretos-para-onibus-escolares-e-equipamentos\/#primaryimage","url":"https:\/\/regiaonews.net.br\/2022\/wp-content\/uploads\/2025\/04\/perua-1024x711-1.png","contentUrl":"https:\/\/regiaonews.net.br\/2022\/wp-content\/uploads\/2025\/04\/perua-1024x711-1.png","width":1024,"height":711},{"@type":"BreadcrumbList","@id":"https:\/\/regiaonews.net.br\/2022\/2025\/04\/10\/governo-de-sp-investe-r-11-milhao-na-regiao-de-barretos-para-onibus-escolares-e-equipamentos\/#breadcrumb","itemListElement":[{"@type":"ListItem","position":1,"name":"In\u00edcio","item":"https:\/\/regiaonews.net.br\/2022\/"},{"@type":"ListItem","position":2,"name":"Governo de SP investe R$ 1,1 milh\u00e3o na regi\u00e3o de Barretos para \u00f4nibus escolares e equipamentos"}]},{"@type":"WebSite","@id":"https:\/\/regiaonews.net.br\/2022\/#website","url":"https:\/\/regiaonews.net.br\/2022\/","name":"Regi\u00e3o News","description":"Site de Not\u00edcias de Barretos e regi\u00e3o","publisher":{"@id":"https:\/\/regiaonews.net.br\/2022\/#organization"},"potentialAction":[{"@type":"SearchAction","target":{"@type":"EntryPoint","urlTemplate":"https:\/\/regiaonews.net.br\/2022\/?s={search_term_string}"},"query-input":{"@type":"PropertyValueSpecification","valueRequired":true,"valueName":"search_term_string"}}],"inLanguage":"pt-BR"},{"@type":"Organization","@id":"https:\/\/regiaonews.net.br\/2022\/#organization","name":"Regi\u00e3o News","url":"https:\/\/regiaonews.net.br\/2022\/","logo":{"@type":"ImageObject","inLanguage":"pt-BR","@id":"https:\/\/regiaonews.net.br\/2022\/#\/schema\/logo\/image\/","url":"https:\/\/regiaonews.net.br\/2022\/wp-content\/uploads\/2026\/03\/regiao-13-anos-scaled.jpg","contentUrl":"https:\/\/regiaonews.net.br\/2022\/wp-content\/uploads\/2026\/03\/regiao-13-anos-scaled.jpg","width":2560,"height":635,"caption":"Regi\u00e3o News"},"image":{"@id":"https:\/\/regiaonews.net.br\/2022\/#\/schema\/logo\/image\/"}},{"@type":"Person","@id":"https:\/\/regiaonews.net.br\/2022\/#\/schema\/person\/2d205a608a5aa97ac279d7a5e6d89ad8","name":"Roberto","image":{"@type":"ImageObject","inLanguage":"pt-BR","@id":"https:\/\/secure.gravatar.com\/avatar\/42749d8b712ff9d59ca93dc150494e5b55a44134482993f5baeb97e61b7ecc89?s=96&d=mm&r=g","url":"https:\/\/secure.gravatar.com\/avatar\/42749d8b712ff9d59ca93dc150494e5b55a44134482993f5baeb97e61b7ecc89?s=96&d=mm&r=g","contentUrl":"https:\/\/secure.gravatar.com\/avatar\/42749d8b712ff9d59ca93dc150494e5b55a44134482993f5baeb97e61b7ecc89?s=96&d=mm&r=g","caption":"Roberto"},"url":"https:\/\/regiaonews.net.br\/2022\/author\/roberto\/"}]}},"publishpress_future_action":{"enabled":false,"date":"2026-05-02 03:45:41","action":"change-status","newStatus":"draft","terms":[],"taxonomy":"category","extraData":[]},"publishpress_future_workflow_manual_trigger":{"enabledWorkflows":[]},"_links":{"self":[{"href":"https:\/\/regiaonews.net.br\/2022\/wp-json\/wp\/v2\/posts\/116392","targetHints":{"allow":["GET"]}}],"collection":[{"href":"https:\/\/regiaonews.net.br\/2022\/wp-json\/wp\/v2\/posts"}],"about":[{"href":"https:\/\/regiaonews.net.br\/2022\/wp-json\/wp\/v2\/types\/post"}],"author":[{"embeddable":true,"href":"https:\/\/regiaonews.net.br\/2022\/wp-json\/wp\/v2\/users\/2"}],"replies":[{"embeddable":true,"href":"https:\/\/regiaonews.net.br\/2022\/wp-json\/wp\/v2\/comments?post=116392"}],"version-history":[{"count":1,"href":"https:\/\/regiaonews.net.br\/2022\/wp-json\/wp\/v2\/posts\/116392\/revisions"}],"predecessor-version":[{"id":116394,"href":"https:\/\/regiaonews.net.br\/2022\/wp-json\/wp\/v2\/posts\/116392\/revisions\/116394"}],"wp:featuredmedia":[{"embeddable":true,"href":"https:\/\/regiaonews.net.br\/2022\/wp-json\/wp\/v2\/media\/116393"}],"wp:attachment":[{"href":"https:\/\/regiaonews.net.br\/2022\/wp-json\/wp\/v2\/media?parent=116392"}],"wp:term":[{"taxonomy":"category","embeddable":true,"href":"https:\/\/regiaonews.net.br\/2022\/wp-json\/wp\/v2\/categories?post=116392"},{"taxonomy":"post_tag","embeddable":true,"href":"https:\/\/regiaonews.net.br\/2022\/wp-json\/wp\/v2\/tags?post=116392"}],"curies":[{"name":"wp","href":"https:\/\/api.w.org\/{rel}","templated":true}]}}