{"id":116370,"date":"2025-04-10T11:28:41","date_gmt":"2025-04-10T14:28:41","guid":{"rendered":"https:\/\/regiaonews.net.br\/2022\/?p=116370"},"modified":"2025-04-10T11:28:41","modified_gmt":"2025-04-10T14:28:41","slug":"ubs-do-vida-nova-tera-vacinacao-contra-gripe-as-quintas-das-8-as-12h","status":"publish","type":"post","link":"https:\/\/regiaonews.net.br\/2022\/2025\/04\/10\/ubs-do-vida-nova-tera-vacinacao-contra-gripe-as-quintas-das-8-as-12h\/","title":{"rendered":"UBS do Vida Nova ter\u00e1 vacina\u00e7\u00e3o contra gripe \u00e0s quintas, das 8 \u00e0s 12h"},"content":{"rendered":"<p>A a\u00e7\u00e3o especial ser\u00e1 realizada a partir deste dia 10. Todas as outras UBSs da cidade e o Novo Post\u00e3o tamb\u00e9m seguem com a vacina\u00e7\u00e3o<\/p>\n<p>A Secretaria Municipal de Sa\u00fade realizar\u00e1 vacina\u00e7\u00e3o contra a gripe na Unidade de Sa\u00fade do Bairro Vida Nova \u00e0s quintas-feiras, das 8 \u00e0s 12h, a partir deste dia 10. Neste ano, a vacina contra a gripe (influenza) passou a fazer parte do calend\u00e1rio nacional de vacina\u00e7\u00e3o para gestantes, pessoas a partir de 60 anos e crian\u00e7as de 6 meses a menores de 6 anos (at\u00e9 5 anos, 11 meses e 29 dias). A vacina\u00e7\u00e3o na Est\u00e2ncia Tur\u00edstica de Barretos come\u00e7ou nesta semana e a meta \u00e9 vacinar 90% da popula\u00e7\u00e3o de cada um desses grupos.<\/p>\n<p>Al\u00e9m disso, est\u00e3o sendo vacinados grupos priorit\u00e1rios, conforme orienta\u00e7\u00e3o do Minist\u00e9rio da Sa\u00fade. Portanto, tamb\u00e9m podem se vacinar: pu\u00e9rperas (ou seja, todas as mulheres no per\u00edodo at\u00e9 45 dias ap\u00f3s o parto) e pessoas de todas as idades que sejam trabalhadores da sa\u00fade, professores das escolas p\u00fablicas e privadas, pessoas portadoras de doen\u00e7as cr\u00f4nicas n\u00e3o transmiss\u00edveis e outras condi\u00e7\u00f5es cl\u00ednicas especiais conforme especifica\u00e7\u00f5es enviadas pelo Minist\u00e9rio, pessoas portadoras de defici\u00eancia permanente, pessoas em situa\u00e7\u00e3o de rua, profissionais das for\u00e7as de seguran\u00e7a e salvamento e das for\u00e7as armadas, caminhoneiros, trabalhadores de transporte coletivo urbano ou de longo curso, trabalhadores portu\u00e1rios, trabalhadores dos correios e funcion\u00e1rios do sistema prisional; popula\u00e7\u00e3o privada de liberdade e jovens de 12 a 21 anos de idade sob medidas socioeducativas.<\/p>\n<p>A vacina\u00e7\u00e3o segue sendo realizada de segunda a sexta-feira nas 15 Unidades B\u00e1sicas de Sa\u00fade (UBSs) da zona urbana que possuem sala de vacina\u00e7\u00e3o, das 8 \u00e0s 16h, e no Novo Post\u00e3o, das 8 \u00e0s 12h. A popula\u00e7\u00e3o de todos os bairros da zona urbana e da zona rural pode procurar qualquer uma dessas unidades para se vacinar. \u00c9 necess\u00e1rio levar um documento com foto (RG, CNH, CIN) com o n\u00famero do CPF e, se poss\u00edvel, o Cart\u00e3o do SUS e a carteirinha de vacina\u00e7\u00e3o. No caso dos profissionais de grupos priorit\u00e1rios, deve ser apresentado tamb\u00e9m o crach\u00e1.<\/p>\n<p>A vacina\u00e7\u00e3o contra a gripe \u00e9 realizada em dose \u00fanica, com exce\u00e7\u00e3o das crian\u00e7as que forem receber a vacina pela primeira vez. Neste caso, o profissional da unidade de sa\u00fade informar\u00e1 a data em que deve retornar para tomar a segunda dose, quatro semanas ap\u00f3s receber a primeira.<\/p>\n","protected":false},"excerpt":{"rendered":"<p>A a\u00e7\u00e3o especial ser\u00e1 realizada a partir deste dia 10.<\/p>\n","protected":false},"author":2,"featured_media":116371,"comment_status":"open","ping_status":"open","sticky":false,"template":"","format":"standard","meta":{"footnotes":""},"categories":[14,25],"tags":[],"class_list":["post-116370","post","type-post","status-publish","format-standard","has-post-thumbnail","hentry","category-barretos","category-cidades"],"yoast_head":"<!-- This site is optimized with the Yoast SEO plugin v27.4 - https:\/\/yoast.com\/product\/yoast-seo-wordpress\/ -->\n<title>UBS do Vida Nova ter\u00e1 vacina\u00e7\u00e3o contra gripe \u00e0s quintas, das 8 \u00e0s 12h - Regi\u00e3o News<\/title>\n<meta name=\"robots\" content=\"index, follow, max-snippet:-1, max-image-preview:large, max-video-preview:-1\" \/>\n<link rel=\"canonical\" href=\"https:\/\/regiaonews.net.br\/2022\/2025\/04\/10\/ubs-do-vida-nova-tera-vacinacao-contra-gripe-as-quintas-das-8-as-12h\/\" \/>\n<meta property=\"og:locale\" content=\"pt_BR\" \/>\n<meta property=\"og:type\" content=\"article\" \/>\n<meta property=\"og:title\" content=\"UBS do Vida Nova ter\u00e1 vacina\u00e7\u00e3o contra gripe \u00e0s quintas, das 8 \u00e0s 12h - Regi\u00e3o News\" \/>\n<meta property=\"og:description\" content=\"A a\u00e7\u00e3o especial ser\u00e1 realizada a partir deste dia 10.\" \/>\n<meta property=\"og:url\" content=\"https:\/\/regiaonews.net.br\/2022\/2025\/04\/10\/ubs-do-vida-nova-tera-vacinacao-contra-gripe-as-quintas-das-8-as-12h\/\" \/>\n<meta property=\"og:site_name\" content=\"Regi\u00e3o News\" \/>\n<meta property=\"article:published_time\" content=\"2025-04-10T14:28:41+00:00\" \/>\n<meta property=\"og:image\" content=\"https:\/\/regiaonews.net.br\/2022\/wp-content\/uploads\/2025\/04\/WhatsApp-Image-2025-04-09-at-18.04.05.jpeg\" \/>\n\t<meta property=\"og:image:width\" content=\"1600\" \/>\n\t<meta property=\"og:image:height\" content=\"1069\" \/>\n\t<meta property=\"og:image:type\" content=\"image\/jpeg\" \/>\n<meta name=\"author\" content=\"Roberto\" \/>\n<meta name=\"twitter:card\" content=\"summary_large_image\" \/>\n<meta name=\"twitter:label1\" content=\"Escrito por\" \/>\n\t<meta name=\"twitter:data1\" content=\"Roberto\" \/>\n\t<meta name=\"twitter:label2\" content=\"Est. tempo de leitura\" \/>\n\t<meta name=\"twitter:data2\" content=\"3 minutos\" \/>\n<script type=\"application\/ld+json\" class=\"yoast-schema-graph\">{\"@context\":\"https:\\\/\\\/schema.org\",\"@graph\":[{\"@type\":\"Article\",\"@id\":\"https:\\\/\\\/regiaonews.net.br\\\/2022\\\/2025\\\/04\\\/10\\\/ubs-do-vida-nova-tera-vacinacao-contra-gripe-as-quintas-das-8-as-12h\\\/#article\",\"isPartOf\":{\"@id\":\"https:\\\/\\\/regiaonews.net.br\\\/2022\\\/2025\\\/04\\\/10\\\/ubs-do-vida-nova-tera-vacinacao-contra-gripe-as-quintas-das-8-as-12h\\\/\"},\"author\":{\"name\":\"Roberto\",\"@id\":\"https:\\\/\\\/regiaonews.net.br\\\/2022\\\/#\\\/schema\\\/person\\\/2d205a608a5aa97ac279d7a5e6d89ad8\"},\"headline\":\"UBS do Vida Nova ter\u00e1 vacina\u00e7\u00e3o contra gripe \u00e0s quintas, das 8 \u00e0s 12h\",\"datePublished\":\"2025-04-10T14:28:41+00:00\",\"mainEntityOfPage\":{\"@id\":\"https:\\\/\\\/regiaonews.net.br\\\/2022\\\/2025\\\/04\\\/10\\\/ubs-do-vida-nova-tera-vacinacao-contra-gripe-as-quintas-das-8-as-12h\\\/\"},\"wordCount\":445,\"commentCount\":0,\"publisher\":{\"@id\":\"https:\\\/\\\/regiaonews.net.br\\\/2022\\\/#organization\"},\"image\":{\"@id\":\"https:\\\/\\\/regiaonews.net.br\\\/2022\\\/2025\\\/04\\\/10\\\/ubs-do-vida-nova-tera-vacinacao-contra-gripe-as-quintas-das-8-as-12h\\\/#primaryimage\"},\"thumbnailUrl\":\"https:\\\/\\\/regiaonews.net.br\\\/2022\\\/wp-content\\\/uploads\\\/2025\\\/04\\\/WhatsApp-Image-2025-04-09-at-18.04.05.jpeg\",\"articleSection\":[\"Barretos\",\"Cidades\"],\"inLanguage\":\"pt-BR\",\"potentialAction\":[{\"@type\":\"CommentAction\",\"name\":\"Comment\",\"target\":[\"https:\\\/\\\/regiaonews.net.br\\\/2022\\\/2025\\\/04\\\/10\\\/ubs-do-vida-nova-tera-vacinacao-contra-gripe-as-quintas-das-8-as-12h\\\/#respond\"]}]},{\"@type\":\"WebPage\",\"@id\":\"https:\\\/\\\/regiaonews.net.br\\\/2022\\\/2025\\\/04\\\/10\\\/ubs-do-vida-nova-tera-vacinacao-contra-gripe-as-quintas-das-8-as-12h\\\/\",\"url\":\"https:\\\/\\\/regiaonews.net.br\\\/2022\\\/2025\\\/04\\\/10\\\/ubs-do-vida-nova-tera-vacinacao-contra-gripe-as-quintas-das-8-as-12h\\\/\",\"name\":\"UBS do Vida Nova ter\u00e1 vacina\u00e7\u00e3o contra gripe \u00e0s quintas, das 8 \u00e0s 12h - Regi\u00e3o News\",\"isPartOf\":{\"@id\":\"https:\\\/\\\/regiaonews.net.br\\\/2022\\\/#website\"},\"primaryImageOfPage\":{\"@id\":\"https:\\\/\\\/regiaonews.net.br\\\/2022\\\/2025\\\/04\\\/10\\\/ubs-do-vida-nova-tera-vacinacao-contra-gripe-as-quintas-das-8-as-12h\\\/#primaryimage\"},\"image\":{\"@id\":\"https:\\\/\\\/regiaonews.net.br\\\/2022\\\/2025\\\/04\\\/10\\\/ubs-do-vida-nova-tera-vacinacao-contra-gripe-as-quintas-das-8-as-12h\\\/#primaryimage\"},\"thumbnailUrl\":\"https:\\\/\\\/regiaonews.net.br\\\/2022\\\/wp-content\\\/uploads\\\/2025\\\/04\\\/WhatsApp-Image-2025-04-09-at-18.04.05.jpeg\",\"datePublished\":\"2025-04-10T14:28:41+00:00\",\"breadcrumb\":{\"@id\":\"https:\\\/\\\/regiaonews.net.br\\\/2022\\\/2025\\\/04\\\/10\\\/ubs-do-vida-nova-tera-vacinacao-contra-gripe-as-quintas-das-8-as-12h\\\/#breadcrumb\"},\"inLanguage\":\"pt-BR\",\"potentialAction\":[{\"@type\":\"ReadAction\",\"target\":[\"https:\\\/\\\/regiaonews.net.br\\\/2022\\\/2025\\\/04\\\/10\\\/ubs-do-vida-nova-tera-vacinacao-contra-gripe-as-quintas-das-8-as-12h\\\/\"]}]},{\"@type\":\"ImageObject\",\"inLanguage\":\"pt-BR\",\"@id\":\"https:\\\/\\\/regiaonews.net.br\\\/2022\\\/2025\\\/04\\\/10\\\/ubs-do-vida-nova-tera-vacinacao-contra-gripe-as-quintas-das-8-as-12h\\\/#primaryimage\",\"url\":\"https:\\\/\\\/regiaonews.net.br\\\/2022\\\/wp-content\\\/uploads\\\/2025\\\/04\\\/WhatsApp-Image-2025-04-09-at-18.04.05.jpeg\",\"contentUrl\":\"https:\\\/\\\/regiaonews.net.br\\\/2022\\\/wp-content\\\/uploads\\\/2025\\\/04\\\/WhatsApp-Image-2025-04-09-at-18.04.05.jpeg\",\"width\":1600,\"height\":1069},{\"@type\":\"BreadcrumbList\",\"@id\":\"https:\\\/\\\/regiaonews.net.br\\\/2022\\\/2025\\\/04\\\/10\\\/ubs-do-vida-nova-tera-vacinacao-contra-gripe-as-quintas-das-8-as-12h\\\/#breadcrumb\",\"itemListElement\":[{\"@type\":\"ListItem\",\"position\":1,\"name\":\"In\u00edcio\",\"item\":\"https:\\\/\\\/regiaonews.net.br\\\/2022\\\/\"},{\"@type\":\"ListItem\",\"position\":2,\"name\":\"UBS do Vida Nova ter\u00e1 vacina\u00e7\u00e3o contra gripe \u00e0s quintas, das 8 \u00e0s 12h\"}]},{\"@type\":\"WebSite\",\"@id\":\"https:\\\/\\\/regiaonews.net.br\\\/2022\\\/#website\",\"url\":\"https:\\\/\\\/regiaonews.net.br\\\/2022\\\/\",\"name\":\"Regi\u00e3o News\",\"description\":\"Site de Not\u00edcias de Barretos e regi\u00e3o\",\"publisher\":{\"@id\":\"https:\\\/\\\/regiaonews.net.br\\\/2022\\\/#organization\"},\"potentialAction\":[{\"@type\":\"SearchAction\",\"target\":{\"@type\":\"EntryPoint\",\"urlTemplate\":\"https:\\\/\\\/regiaonews.net.br\\\/2022\\\/?s={search_term_string}\"},\"query-input\":{\"@type\":\"PropertyValueSpecification\",\"valueRequired\":true,\"valueName\":\"search_term_string\"}}],\"inLanguage\":\"pt-BR\"},{\"@type\":\"Organization\",\"@id\":\"https:\\\/\\\/regiaonews.net.br\\\/2022\\\/#organization\",\"name\":\"Regi\u00e3o News\",\"url\":\"https:\\\/\\\/regiaonews.net.br\\\/2022\\\/\",\"logo\":{\"@type\":\"ImageObject\",\"inLanguage\":\"pt-BR\",\"@id\":\"https:\\\/\\\/regiaonews.net.br\\\/2022\\\/#\\\/schema\\\/logo\\\/image\\\/\",\"url\":\"https:\\\/\\\/regiaonews.net.br\\\/2022\\\/wp-content\\\/uploads\\\/2026\\\/03\\\/regiao-13-anos-scaled.jpg\",\"contentUrl\":\"https:\\\/\\\/regiaonews.net.br\\\/2022\\\/wp-content\\\/uploads\\\/2026\\\/03\\\/regiao-13-anos-scaled.jpg\",\"width\":2560,\"height\":635,\"caption\":\"Regi\u00e3o News\"},\"image\":{\"@id\":\"https:\\\/\\\/regiaonews.net.br\\\/2022\\\/#\\\/schema\\\/logo\\\/image\\\/\"}},{\"@type\":\"Person\",\"@id\":\"https:\\\/\\\/regiaonews.net.br\\\/2022\\\/#\\\/schema\\\/person\\\/2d205a608a5aa97ac279d7a5e6d89ad8\",\"name\":\"Roberto\",\"image\":{\"@type\":\"ImageObject\",\"inLanguage\":\"pt-BR\",\"@id\":\"https:\\\/\\\/secure.gravatar.com\\\/avatar\\\/42749d8b712ff9d59ca93dc150494e5b55a44134482993f5baeb97e61b7ecc89?s=96&d=mm&r=g\",\"url\":\"https:\\\/\\\/secure.gravatar.com\\\/avatar\\\/42749d8b712ff9d59ca93dc150494e5b55a44134482993f5baeb97e61b7ecc89?s=96&d=mm&r=g\",\"contentUrl\":\"https:\\\/\\\/secure.gravatar.com\\\/avatar\\\/42749d8b712ff9d59ca93dc150494e5b55a44134482993f5baeb97e61b7ecc89?s=96&d=mm&r=g\",\"caption\":\"Roberto\"},\"url\":\"https:\\\/\\\/regiaonews.net.br\\\/2022\\\/author\\\/roberto\\\/\"}]}<\/script>\n<!-- \/ Yoast SEO plugin. -->","yoast_head_json":{"title":"UBS do Vida Nova ter\u00e1 vacina\u00e7\u00e3o contra gripe \u00e0s quintas, das 8 \u00e0s 12h - Regi\u00e3o News","robots":{"index":"index","follow":"follow","max-snippet":"max-snippet:-1","max-image-preview":"max-image-preview:large","max-video-preview":"max-video-preview:-1"},"canonical":"https:\/\/regiaonews.net.br\/2022\/2025\/04\/10\/ubs-do-vida-nova-tera-vacinacao-contra-gripe-as-quintas-das-8-as-12h\/","og_locale":"pt_BR","og_type":"article","og_title":"UBS do Vida Nova ter\u00e1 vacina\u00e7\u00e3o contra gripe \u00e0s quintas, das 8 \u00e0s 12h - Regi\u00e3o News","og_description":"A a\u00e7\u00e3o especial ser\u00e1 realizada a partir deste dia 10.","og_url":"https:\/\/regiaonews.net.br\/2022\/2025\/04\/10\/ubs-do-vida-nova-tera-vacinacao-contra-gripe-as-quintas-das-8-as-12h\/","og_site_name":"Regi\u00e3o News","article_published_time":"2025-04-10T14:28:41+00:00","og_image":[{"width":1600,"height":1069,"url":"https:\/\/regiaonews.net.br\/2022\/wp-content\/uploads\/2025\/04\/WhatsApp-Image-2025-04-09-at-18.04.05.jpeg","type":"image\/jpeg"}],"author":"Roberto","twitter_card":"summary_large_image","twitter_misc":{"Escrito por":"Roberto","Est. tempo de leitura":"3 minutos"},"schema":{"@context":"https:\/\/schema.org","@graph":[{"@type":"Article","@id":"https:\/\/regiaonews.net.br\/2022\/2025\/04\/10\/ubs-do-vida-nova-tera-vacinacao-contra-gripe-as-quintas-das-8-as-12h\/#article","isPartOf":{"@id":"https:\/\/regiaonews.net.br\/2022\/2025\/04\/10\/ubs-do-vida-nova-tera-vacinacao-contra-gripe-as-quintas-das-8-as-12h\/"},"author":{"name":"Roberto","@id":"https:\/\/regiaonews.net.br\/2022\/#\/schema\/person\/2d205a608a5aa97ac279d7a5e6d89ad8"},"headline":"UBS do Vida Nova ter\u00e1 vacina\u00e7\u00e3o contra gripe \u00e0s quintas, das 8 \u00e0s 12h","datePublished":"2025-04-10T14:28:41+00:00","mainEntityOfPage":{"@id":"https:\/\/regiaonews.net.br\/2022\/2025\/04\/10\/ubs-do-vida-nova-tera-vacinacao-contra-gripe-as-quintas-das-8-as-12h\/"},"wordCount":445,"commentCount":0,"publisher":{"@id":"https:\/\/regiaonews.net.br\/2022\/#organization"},"image":{"@id":"https:\/\/regiaonews.net.br\/2022\/2025\/04\/10\/ubs-do-vida-nova-tera-vacinacao-contra-gripe-as-quintas-das-8-as-12h\/#primaryimage"},"thumbnailUrl":"https:\/\/regiaonews.net.br\/2022\/wp-content\/uploads\/2025\/04\/WhatsApp-Image-2025-04-09-at-18.04.05.jpeg","articleSection":["Barretos","Cidades"],"inLanguage":"pt-BR","potentialAction":[{"@type":"CommentAction","name":"Comment","target":["https:\/\/regiaonews.net.br\/2022\/2025\/04\/10\/ubs-do-vida-nova-tera-vacinacao-contra-gripe-as-quintas-das-8-as-12h\/#respond"]}]},{"@type":"WebPage","@id":"https:\/\/regiaonews.net.br\/2022\/2025\/04\/10\/ubs-do-vida-nova-tera-vacinacao-contra-gripe-as-quintas-das-8-as-12h\/","url":"https:\/\/regiaonews.net.br\/2022\/2025\/04\/10\/ubs-do-vida-nova-tera-vacinacao-contra-gripe-as-quintas-das-8-as-12h\/","name":"UBS do Vida Nova ter\u00e1 vacina\u00e7\u00e3o contra gripe \u00e0s quintas, das 8 \u00e0s 12h - Regi\u00e3o News","isPartOf":{"@id":"https:\/\/regiaonews.net.br\/2022\/#website"},"primaryImageOfPage":{"@id":"https:\/\/regiaonews.net.br\/2022\/2025\/04\/10\/ubs-do-vida-nova-tera-vacinacao-contra-gripe-as-quintas-das-8-as-12h\/#primaryimage"},"image":{"@id":"https:\/\/regiaonews.net.br\/2022\/2025\/04\/10\/ubs-do-vida-nova-tera-vacinacao-contra-gripe-as-quintas-das-8-as-12h\/#primaryimage"},"thumbnailUrl":"https:\/\/regiaonews.net.br\/2022\/wp-content\/uploads\/2025\/04\/WhatsApp-Image-2025-04-09-at-18.04.05.jpeg","datePublished":"2025-04-10T14:28:41+00:00","breadcrumb":{"@id":"https:\/\/regiaonews.net.br\/2022\/2025\/04\/10\/ubs-do-vida-nova-tera-vacinacao-contra-gripe-as-quintas-das-8-as-12h\/#breadcrumb"},"inLanguage":"pt-BR","potentialAction":[{"@type":"ReadAction","target":["https:\/\/regiaonews.net.br\/2022\/2025\/04\/10\/ubs-do-vida-nova-tera-vacinacao-contra-gripe-as-quintas-das-8-as-12h\/"]}]},{"@type":"ImageObject","inLanguage":"pt-BR","@id":"https:\/\/regiaonews.net.br\/2022\/2025\/04\/10\/ubs-do-vida-nova-tera-vacinacao-contra-gripe-as-quintas-das-8-as-12h\/#primaryimage","url":"https:\/\/regiaonews.net.br\/2022\/wp-content\/uploads\/2025\/04\/WhatsApp-Image-2025-04-09-at-18.04.05.jpeg","contentUrl":"https:\/\/regiaonews.net.br\/2022\/wp-content\/uploads\/2025\/04\/WhatsApp-Image-2025-04-09-at-18.04.05.jpeg","width":1600,"height":1069},{"@type":"BreadcrumbList","@id":"https:\/\/regiaonews.net.br\/2022\/2025\/04\/10\/ubs-do-vida-nova-tera-vacinacao-contra-gripe-as-quintas-das-8-as-12h\/#breadcrumb","itemListElement":[{"@type":"ListItem","position":1,"name":"In\u00edcio","item":"https:\/\/regiaonews.net.br\/2022\/"},{"@type":"ListItem","position":2,"name":"UBS do Vida Nova ter\u00e1 vacina\u00e7\u00e3o contra gripe \u00e0s quintas, das 8 \u00e0s 12h"}]},{"@type":"WebSite","@id":"https:\/\/regiaonews.net.br\/2022\/#website","url":"https:\/\/regiaonews.net.br\/2022\/","name":"Regi\u00e3o News","description":"Site de Not\u00edcias de Barretos e regi\u00e3o","publisher":{"@id":"https:\/\/regiaonews.net.br\/2022\/#organization"},"potentialAction":[{"@type":"SearchAction","target":{"@type":"EntryPoint","urlTemplate":"https:\/\/regiaonews.net.br\/2022\/?s={search_term_string}"},"query-input":{"@type":"PropertyValueSpecification","valueRequired":true,"valueName":"search_term_string"}}],"inLanguage":"pt-BR"},{"@type":"Organization","@id":"https:\/\/regiaonews.net.br\/2022\/#organization","name":"Regi\u00e3o News","url":"https:\/\/regiaonews.net.br\/2022\/","logo":{"@type":"ImageObject","inLanguage":"pt-BR","@id":"https:\/\/regiaonews.net.br\/2022\/#\/schema\/logo\/image\/","url":"https:\/\/regiaonews.net.br\/2022\/wp-content\/uploads\/2026\/03\/regiao-13-anos-scaled.jpg","contentUrl":"https:\/\/regiaonews.net.br\/2022\/wp-content\/uploads\/2026\/03\/regiao-13-anos-scaled.jpg","width":2560,"height":635,"caption":"Regi\u00e3o News"},"image":{"@id":"https:\/\/regiaonews.net.br\/2022\/#\/schema\/logo\/image\/"}},{"@type":"Person","@id":"https:\/\/regiaonews.net.br\/2022\/#\/schema\/person\/2d205a608a5aa97ac279d7a5e6d89ad8","name":"Roberto","image":{"@type":"ImageObject","inLanguage":"pt-BR","@id":"https:\/\/secure.gravatar.com\/avatar\/42749d8b712ff9d59ca93dc150494e5b55a44134482993f5baeb97e61b7ecc89?s=96&d=mm&r=g","url":"https:\/\/secure.gravatar.com\/avatar\/42749d8b712ff9d59ca93dc150494e5b55a44134482993f5baeb97e61b7ecc89?s=96&d=mm&r=g","contentUrl":"https:\/\/secure.gravatar.com\/avatar\/42749d8b712ff9d59ca93dc150494e5b55a44134482993f5baeb97e61b7ecc89?s=96&d=mm&r=g","caption":"Roberto"},"url":"https:\/\/regiaonews.net.br\/2022\/author\/roberto\/"}]}},"publishpress_future_action":{"enabled":false,"date":"2026-05-02 02:36:17","action":"change-status","newStatus":"draft","terms":[],"taxonomy":"category","extraData":[]},"publishpress_future_workflow_manual_trigger":{"enabledWorkflows":[]},"_links":{"self":[{"href":"https:\/\/regiaonews.net.br\/2022\/wp-json\/wp\/v2\/posts\/116370","targetHints":{"allow":["GET"]}}],"collection":[{"href":"https:\/\/regiaonews.net.br\/2022\/wp-json\/wp\/v2\/posts"}],"about":[{"href":"https:\/\/regiaonews.net.br\/2022\/wp-json\/wp\/v2\/types\/post"}],"author":[{"embeddable":true,"href":"https:\/\/regiaonews.net.br\/2022\/wp-json\/wp\/v2\/users\/2"}],"replies":[{"embeddable":true,"href":"https:\/\/regiaonews.net.br\/2022\/wp-json\/wp\/v2\/comments?post=116370"}],"version-history":[{"count":1,"href":"https:\/\/regiaonews.net.br\/2022\/wp-json\/wp\/v2\/posts\/116370\/revisions"}],"predecessor-version":[{"id":116372,"href":"https:\/\/regiaonews.net.br\/2022\/wp-json\/wp\/v2\/posts\/116370\/revisions\/116372"}],"wp:featuredmedia":[{"embeddable":true,"href":"https:\/\/regiaonews.net.br\/2022\/wp-json\/wp\/v2\/media\/116371"}],"wp:attachment":[{"href":"https:\/\/regiaonews.net.br\/2022\/wp-json\/wp\/v2\/media?parent=116370"}],"wp:term":[{"taxonomy":"category","embeddable":true,"href":"https:\/\/regiaonews.net.br\/2022\/wp-json\/wp\/v2\/categories?post=116370"},{"taxonomy":"post_tag","embeddable":true,"href":"https:\/\/regiaonews.net.br\/2022\/wp-json\/wp\/v2\/tags?post=116370"}],"curies":[{"name":"wp","href":"https:\/\/api.w.org\/{rel}","templated":true}]}}