{"id":116363,"date":"2025-04-09T22:09:48","date_gmt":"2025-04-10T01:09:48","guid":{"rendered":"https:\/\/regiaonews.net.br\/2022\/?p=116363"},"modified":"2025-04-09T22:09:48","modified_gmt":"2025-04-10T01:09:48","slug":"aprovado-projeto-que-autoriza-prefeitura-a-doar-oculos-para-pessoas-com-vulnerabilidade","status":"publish","type":"post","link":"https:\/\/regiaonews.net.br\/2022\/2025\/04\/09\/aprovado-projeto-que-autoriza-prefeitura-a-doar-oculos-para-pessoas-com-vulnerabilidade\/","title":{"rendered":"Aprovado projeto que autoriza prefeitura a doar \u00f3culos para pessoas com vulnerabilidade"},"content":{"rendered":"<p>A\u00a0 C\u00e2mara Municipal da Est\u00e2ncia Tur\u00edstica Barretos aprovou na sess\u00e3o de segunda-feira (7), por unanimidade dos vereadores o Projeto de Lei n\u00ba 77\/2025, de autoria da vereadora Dan\u00fabia Alves. O projeto autoriza a Prefeitura de Barretos, a adquirir e doar \u00f3culos de grau para pessoas em situa\u00e7\u00e3o de vulnerabilidade social.<\/p>\n<p>Segundo a vereadora, Danubia Alves, o objetivo do projeto \u00e9 melhorar a sa\u00fade visual da popula\u00e7\u00e3o de baixa renda, promovendo mais dignidade e inclus\u00e3o.<\/p>\n<p>Durante a vota\u00e7\u00e3o, os vereadores tamb\u00e9m aprovaram duas emendas supressivas ao projeto: um suprimindo o Art. 2\u00ba, que previa crit\u00e9rios como exig\u00eancia de receita do SUS, cadastro no Cad\u00danico e resid\u00eancia no munic\u00edpio; e outro suprimindo o Art. 3\u00ba, que determinava o cadastro e acompanhamento dos benefici\u00e1rios pelas unidades de sa\u00fade. &#8220;Com isso, o texto final da lei ficou mais flex\u00edvel e menos burocr\u00e1tico, facilitando o acesso ao benef\u00edcio&#8221;, afirmou Danubia.<\/p>\n<p>Com a aprova\u00e7\u00e3o, o projeto segue para san\u00e7\u00e3o do prefeito.<\/p>\n<p>&nbsp;<\/p>\n","protected":false},"excerpt":{"rendered":"<p>A\u00a0 C\u00e2mara Municipal da Est\u00e2ncia Tur\u00edstica Barretos aprovou na sess\u00e3o<\/p>\n","protected":false},"author":2,"featured_media":116364,"comment_status":"open","ping_status":"open","sticky":false,"template":"","format":"standard","meta":{"footnotes":""},"categories":[14,25,111],"tags":[],"class_list":["post-116363","post","type-post","status-publish","format-standard","has-post-thumbnail","hentry","category-barretos","category-cidades","category-cotidiano"],"yoast_head":"<!-- This site is optimized with the Yoast SEO plugin v27.4 - https:\/\/yoast.com\/product\/yoast-seo-wordpress\/ -->\n<title>Aprovado projeto que autoriza prefeitura a doar \u00f3culos para pessoas com vulnerabilidade - Regi\u00e3o News<\/title>\n<meta name=\"robots\" content=\"index, follow, max-snippet:-1, max-image-preview:large, max-video-preview:-1\" \/>\n<link rel=\"canonical\" href=\"https:\/\/regiaonews.net.br\/2022\/2025\/04\/09\/aprovado-projeto-que-autoriza-prefeitura-a-doar-oculos-para-pessoas-com-vulnerabilidade\/\" \/>\n<meta property=\"og:locale\" content=\"pt_BR\" \/>\n<meta property=\"og:type\" content=\"article\" \/>\n<meta property=\"og:title\" content=\"Aprovado projeto que autoriza prefeitura a doar \u00f3culos para pessoas com vulnerabilidade - Regi\u00e3o News\" \/>\n<meta property=\"og:description\" content=\"A\u00a0 C\u00e2mara Municipal da Est\u00e2ncia Tur\u00edstica Barretos aprovou na sess\u00e3o\" \/>\n<meta property=\"og:url\" content=\"https:\/\/regiaonews.net.br\/2022\/2025\/04\/09\/aprovado-projeto-que-autoriza-prefeitura-a-doar-oculos-para-pessoas-com-vulnerabilidade\/\" \/>\n<meta property=\"og:site_name\" content=\"Regi\u00e3o News\" \/>\n<meta property=\"article:published_time\" content=\"2025-04-10T01:09:48+00:00\" \/>\n<meta property=\"og:image\" content=\"https:\/\/regiaonews.net.br\/2022\/wp-content\/uploads\/2025\/04\/IMG-20250408-WA0396.jpg\" \/>\n\t<meta property=\"og:image:width\" content=\"1280\" \/>\n\t<meta property=\"og:image:height\" content=\"862\" \/>\n\t<meta property=\"og:image:type\" content=\"image\/jpeg\" \/>\n<meta name=\"author\" content=\"Roberto\" \/>\n<meta name=\"twitter:card\" content=\"summary_large_image\" \/>\n<meta name=\"twitter:label1\" content=\"Escrito por\" \/>\n\t<meta name=\"twitter:data1\" content=\"Roberto\" \/>\n\t<meta name=\"twitter:label2\" content=\"Est. tempo de leitura\" \/>\n\t<meta name=\"twitter:data2\" content=\"2 minutos\" \/>\n<script type=\"application\/ld+json\" class=\"yoast-schema-graph\">{\"@context\":\"https:\\\/\\\/schema.org\",\"@graph\":[{\"@type\":\"Article\",\"@id\":\"https:\\\/\\\/regiaonews.net.br\\\/2022\\\/2025\\\/04\\\/09\\\/aprovado-projeto-que-autoriza-prefeitura-a-doar-oculos-para-pessoas-com-vulnerabilidade\\\/#article\",\"isPartOf\":{\"@id\":\"https:\\\/\\\/regiaonews.net.br\\\/2022\\\/2025\\\/04\\\/09\\\/aprovado-projeto-que-autoriza-prefeitura-a-doar-oculos-para-pessoas-com-vulnerabilidade\\\/\"},\"author\":{\"name\":\"Roberto\",\"@id\":\"https:\\\/\\\/regiaonews.net.br\\\/2022\\\/#\\\/schema\\\/person\\\/2d205a608a5aa97ac279d7a5e6d89ad8\"},\"headline\":\"Aprovado projeto que autoriza prefeitura a doar \u00f3culos para pessoas com vulnerabilidade\",\"datePublished\":\"2025-04-10T01:09:48+00:00\",\"mainEntityOfPage\":{\"@id\":\"https:\\\/\\\/regiaonews.net.br\\\/2022\\\/2025\\\/04\\\/09\\\/aprovado-projeto-que-autoriza-prefeitura-a-doar-oculos-para-pessoas-com-vulnerabilidade\\\/\"},\"wordCount\":186,\"commentCount\":0,\"publisher\":{\"@id\":\"https:\\\/\\\/regiaonews.net.br\\\/2022\\\/#organization\"},\"image\":{\"@id\":\"https:\\\/\\\/regiaonews.net.br\\\/2022\\\/2025\\\/04\\\/09\\\/aprovado-projeto-que-autoriza-prefeitura-a-doar-oculos-para-pessoas-com-vulnerabilidade\\\/#primaryimage\"},\"thumbnailUrl\":\"https:\\\/\\\/regiaonews.net.br\\\/2022\\\/wp-content\\\/uploads\\\/2025\\\/04\\\/IMG-20250408-WA0396.jpg\",\"articleSection\":[\"Barretos\",\"Cidades\",\"Cotidiano\"],\"inLanguage\":\"pt-BR\",\"potentialAction\":[{\"@type\":\"CommentAction\",\"name\":\"Comment\",\"target\":[\"https:\\\/\\\/regiaonews.net.br\\\/2022\\\/2025\\\/04\\\/09\\\/aprovado-projeto-que-autoriza-prefeitura-a-doar-oculos-para-pessoas-com-vulnerabilidade\\\/#respond\"]}]},{\"@type\":\"WebPage\",\"@id\":\"https:\\\/\\\/regiaonews.net.br\\\/2022\\\/2025\\\/04\\\/09\\\/aprovado-projeto-que-autoriza-prefeitura-a-doar-oculos-para-pessoas-com-vulnerabilidade\\\/\",\"url\":\"https:\\\/\\\/regiaonews.net.br\\\/2022\\\/2025\\\/04\\\/09\\\/aprovado-projeto-que-autoriza-prefeitura-a-doar-oculos-para-pessoas-com-vulnerabilidade\\\/\",\"name\":\"Aprovado projeto que autoriza prefeitura a doar \u00f3culos para pessoas com vulnerabilidade - Regi\u00e3o News\",\"isPartOf\":{\"@id\":\"https:\\\/\\\/regiaonews.net.br\\\/2022\\\/#website\"},\"primaryImageOfPage\":{\"@id\":\"https:\\\/\\\/regiaonews.net.br\\\/2022\\\/2025\\\/04\\\/09\\\/aprovado-projeto-que-autoriza-prefeitura-a-doar-oculos-para-pessoas-com-vulnerabilidade\\\/#primaryimage\"},\"image\":{\"@id\":\"https:\\\/\\\/regiaonews.net.br\\\/2022\\\/2025\\\/04\\\/09\\\/aprovado-projeto-que-autoriza-prefeitura-a-doar-oculos-para-pessoas-com-vulnerabilidade\\\/#primaryimage\"},\"thumbnailUrl\":\"https:\\\/\\\/regiaonews.net.br\\\/2022\\\/wp-content\\\/uploads\\\/2025\\\/04\\\/IMG-20250408-WA0396.jpg\",\"datePublished\":\"2025-04-10T01:09:48+00:00\",\"breadcrumb\":{\"@id\":\"https:\\\/\\\/regiaonews.net.br\\\/2022\\\/2025\\\/04\\\/09\\\/aprovado-projeto-que-autoriza-prefeitura-a-doar-oculos-para-pessoas-com-vulnerabilidade\\\/#breadcrumb\"},\"inLanguage\":\"pt-BR\",\"potentialAction\":[{\"@type\":\"ReadAction\",\"target\":[\"https:\\\/\\\/regiaonews.net.br\\\/2022\\\/2025\\\/04\\\/09\\\/aprovado-projeto-que-autoriza-prefeitura-a-doar-oculos-para-pessoas-com-vulnerabilidade\\\/\"]}]},{\"@type\":\"ImageObject\",\"inLanguage\":\"pt-BR\",\"@id\":\"https:\\\/\\\/regiaonews.net.br\\\/2022\\\/2025\\\/04\\\/09\\\/aprovado-projeto-que-autoriza-prefeitura-a-doar-oculos-para-pessoas-com-vulnerabilidade\\\/#primaryimage\",\"url\":\"https:\\\/\\\/regiaonews.net.br\\\/2022\\\/wp-content\\\/uploads\\\/2025\\\/04\\\/IMG-20250408-WA0396.jpg\",\"contentUrl\":\"https:\\\/\\\/regiaonews.net.br\\\/2022\\\/wp-content\\\/uploads\\\/2025\\\/04\\\/IMG-20250408-WA0396.jpg\",\"width\":1280,\"height\":862},{\"@type\":\"BreadcrumbList\",\"@id\":\"https:\\\/\\\/regiaonews.net.br\\\/2022\\\/2025\\\/04\\\/09\\\/aprovado-projeto-que-autoriza-prefeitura-a-doar-oculos-para-pessoas-com-vulnerabilidade\\\/#breadcrumb\",\"itemListElement\":[{\"@type\":\"ListItem\",\"position\":1,\"name\":\"In\u00edcio\",\"item\":\"https:\\\/\\\/regiaonews.net.br\\\/2022\\\/\"},{\"@type\":\"ListItem\",\"position\":2,\"name\":\"Aprovado projeto que autoriza prefeitura a doar \u00f3culos para pessoas com vulnerabilidade\"}]},{\"@type\":\"WebSite\",\"@id\":\"https:\\\/\\\/regiaonews.net.br\\\/2022\\\/#website\",\"url\":\"https:\\\/\\\/regiaonews.net.br\\\/2022\\\/\",\"name\":\"Regi\u00e3o News\",\"description\":\"Site de Not\u00edcias de Barretos e regi\u00e3o\",\"publisher\":{\"@id\":\"https:\\\/\\\/regiaonews.net.br\\\/2022\\\/#organization\"},\"potentialAction\":[{\"@type\":\"SearchAction\",\"target\":{\"@type\":\"EntryPoint\",\"urlTemplate\":\"https:\\\/\\\/regiaonews.net.br\\\/2022\\\/?s={search_term_string}\"},\"query-input\":{\"@type\":\"PropertyValueSpecification\",\"valueRequired\":true,\"valueName\":\"search_term_string\"}}],\"inLanguage\":\"pt-BR\"},{\"@type\":\"Organization\",\"@id\":\"https:\\\/\\\/regiaonews.net.br\\\/2022\\\/#organization\",\"name\":\"Regi\u00e3o News\",\"url\":\"https:\\\/\\\/regiaonews.net.br\\\/2022\\\/\",\"logo\":{\"@type\":\"ImageObject\",\"inLanguage\":\"pt-BR\",\"@id\":\"https:\\\/\\\/regiaonews.net.br\\\/2022\\\/#\\\/schema\\\/logo\\\/image\\\/\",\"url\":\"https:\\\/\\\/regiaonews.net.br\\\/2022\\\/wp-content\\\/uploads\\\/2026\\\/03\\\/regiao-13-anos-scaled.jpg\",\"contentUrl\":\"https:\\\/\\\/regiaonews.net.br\\\/2022\\\/wp-content\\\/uploads\\\/2026\\\/03\\\/regiao-13-anos-scaled.jpg\",\"width\":2560,\"height\":635,\"caption\":\"Regi\u00e3o News\"},\"image\":{\"@id\":\"https:\\\/\\\/regiaonews.net.br\\\/2022\\\/#\\\/schema\\\/logo\\\/image\\\/\"}},{\"@type\":\"Person\",\"@id\":\"https:\\\/\\\/regiaonews.net.br\\\/2022\\\/#\\\/schema\\\/person\\\/2d205a608a5aa97ac279d7a5e6d89ad8\",\"name\":\"Roberto\",\"image\":{\"@type\":\"ImageObject\",\"inLanguage\":\"pt-BR\",\"@id\":\"https:\\\/\\\/secure.gravatar.com\\\/avatar\\\/42749d8b712ff9d59ca93dc150494e5b55a44134482993f5baeb97e61b7ecc89?s=96&d=mm&r=g\",\"url\":\"https:\\\/\\\/secure.gravatar.com\\\/avatar\\\/42749d8b712ff9d59ca93dc150494e5b55a44134482993f5baeb97e61b7ecc89?s=96&d=mm&r=g\",\"contentUrl\":\"https:\\\/\\\/secure.gravatar.com\\\/avatar\\\/42749d8b712ff9d59ca93dc150494e5b55a44134482993f5baeb97e61b7ecc89?s=96&d=mm&r=g\",\"caption\":\"Roberto\"},\"url\":\"https:\\\/\\\/regiaonews.net.br\\\/2022\\\/author\\\/roberto\\\/\"}]}<\/script>\n<!-- \/ Yoast SEO plugin. -->","yoast_head_json":{"title":"Aprovado projeto que autoriza prefeitura a doar \u00f3culos para pessoas com vulnerabilidade - Regi\u00e3o News","robots":{"index":"index","follow":"follow","max-snippet":"max-snippet:-1","max-image-preview":"max-image-preview:large","max-video-preview":"max-video-preview:-1"},"canonical":"https:\/\/regiaonews.net.br\/2022\/2025\/04\/09\/aprovado-projeto-que-autoriza-prefeitura-a-doar-oculos-para-pessoas-com-vulnerabilidade\/","og_locale":"pt_BR","og_type":"article","og_title":"Aprovado projeto que autoriza prefeitura a doar \u00f3culos para pessoas com vulnerabilidade - Regi\u00e3o News","og_description":"A\u00a0 C\u00e2mara Municipal da Est\u00e2ncia Tur\u00edstica Barretos aprovou na sess\u00e3o","og_url":"https:\/\/regiaonews.net.br\/2022\/2025\/04\/09\/aprovado-projeto-que-autoriza-prefeitura-a-doar-oculos-para-pessoas-com-vulnerabilidade\/","og_site_name":"Regi\u00e3o News","article_published_time":"2025-04-10T01:09:48+00:00","og_image":[{"width":1280,"height":862,"url":"https:\/\/regiaonews.net.br\/2022\/wp-content\/uploads\/2025\/04\/IMG-20250408-WA0396.jpg","type":"image\/jpeg"}],"author":"Roberto","twitter_card":"summary_large_image","twitter_misc":{"Escrito por":"Roberto","Est. tempo de leitura":"2 minutos"},"schema":{"@context":"https:\/\/schema.org","@graph":[{"@type":"Article","@id":"https:\/\/regiaonews.net.br\/2022\/2025\/04\/09\/aprovado-projeto-que-autoriza-prefeitura-a-doar-oculos-para-pessoas-com-vulnerabilidade\/#article","isPartOf":{"@id":"https:\/\/regiaonews.net.br\/2022\/2025\/04\/09\/aprovado-projeto-que-autoriza-prefeitura-a-doar-oculos-para-pessoas-com-vulnerabilidade\/"},"author":{"name":"Roberto","@id":"https:\/\/regiaonews.net.br\/2022\/#\/schema\/person\/2d205a608a5aa97ac279d7a5e6d89ad8"},"headline":"Aprovado projeto que autoriza prefeitura a doar \u00f3culos para pessoas com vulnerabilidade","datePublished":"2025-04-10T01:09:48+00:00","mainEntityOfPage":{"@id":"https:\/\/regiaonews.net.br\/2022\/2025\/04\/09\/aprovado-projeto-que-autoriza-prefeitura-a-doar-oculos-para-pessoas-com-vulnerabilidade\/"},"wordCount":186,"commentCount":0,"publisher":{"@id":"https:\/\/regiaonews.net.br\/2022\/#organization"},"image":{"@id":"https:\/\/regiaonews.net.br\/2022\/2025\/04\/09\/aprovado-projeto-que-autoriza-prefeitura-a-doar-oculos-para-pessoas-com-vulnerabilidade\/#primaryimage"},"thumbnailUrl":"https:\/\/regiaonews.net.br\/2022\/wp-content\/uploads\/2025\/04\/IMG-20250408-WA0396.jpg","articleSection":["Barretos","Cidades","Cotidiano"],"inLanguage":"pt-BR","potentialAction":[{"@type":"CommentAction","name":"Comment","target":["https:\/\/regiaonews.net.br\/2022\/2025\/04\/09\/aprovado-projeto-que-autoriza-prefeitura-a-doar-oculos-para-pessoas-com-vulnerabilidade\/#respond"]}]},{"@type":"WebPage","@id":"https:\/\/regiaonews.net.br\/2022\/2025\/04\/09\/aprovado-projeto-que-autoriza-prefeitura-a-doar-oculos-para-pessoas-com-vulnerabilidade\/","url":"https:\/\/regiaonews.net.br\/2022\/2025\/04\/09\/aprovado-projeto-que-autoriza-prefeitura-a-doar-oculos-para-pessoas-com-vulnerabilidade\/","name":"Aprovado projeto que autoriza prefeitura a doar \u00f3culos para pessoas com vulnerabilidade - Regi\u00e3o News","isPartOf":{"@id":"https:\/\/regiaonews.net.br\/2022\/#website"},"primaryImageOfPage":{"@id":"https:\/\/regiaonews.net.br\/2022\/2025\/04\/09\/aprovado-projeto-que-autoriza-prefeitura-a-doar-oculos-para-pessoas-com-vulnerabilidade\/#primaryimage"},"image":{"@id":"https:\/\/regiaonews.net.br\/2022\/2025\/04\/09\/aprovado-projeto-que-autoriza-prefeitura-a-doar-oculos-para-pessoas-com-vulnerabilidade\/#primaryimage"},"thumbnailUrl":"https:\/\/regiaonews.net.br\/2022\/wp-content\/uploads\/2025\/04\/IMG-20250408-WA0396.jpg","datePublished":"2025-04-10T01:09:48+00:00","breadcrumb":{"@id":"https:\/\/regiaonews.net.br\/2022\/2025\/04\/09\/aprovado-projeto-que-autoriza-prefeitura-a-doar-oculos-para-pessoas-com-vulnerabilidade\/#breadcrumb"},"inLanguage":"pt-BR","potentialAction":[{"@type":"ReadAction","target":["https:\/\/regiaonews.net.br\/2022\/2025\/04\/09\/aprovado-projeto-que-autoriza-prefeitura-a-doar-oculos-para-pessoas-com-vulnerabilidade\/"]}]},{"@type":"ImageObject","inLanguage":"pt-BR","@id":"https:\/\/regiaonews.net.br\/2022\/2025\/04\/09\/aprovado-projeto-que-autoriza-prefeitura-a-doar-oculos-para-pessoas-com-vulnerabilidade\/#primaryimage","url":"https:\/\/regiaonews.net.br\/2022\/wp-content\/uploads\/2025\/04\/IMG-20250408-WA0396.jpg","contentUrl":"https:\/\/regiaonews.net.br\/2022\/wp-content\/uploads\/2025\/04\/IMG-20250408-WA0396.jpg","width":1280,"height":862},{"@type":"BreadcrumbList","@id":"https:\/\/regiaonews.net.br\/2022\/2025\/04\/09\/aprovado-projeto-que-autoriza-prefeitura-a-doar-oculos-para-pessoas-com-vulnerabilidade\/#breadcrumb","itemListElement":[{"@type":"ListItem","position":1,"name":"In\u00edcio","item":"https:\/\/regiaonews.net.br\/2022\/"},{"@type":"ListItem","position":2,"name":"Aprovado projeto que autoriza prefeitura a doar \u00f3culos para pessoas com vulnerabilidade"}]},{"@type":"WebSite","@id":"https:\/\/regiaonews.net.br\/2022\/#website","url":"https:\/\/regiaonews.net.br\/2022\/","name":"Regi\u00e3o News","description":"Site de Not\u00edcias de Barretos e regi\u00e3o","publisher":{"@id":"https:\/\/regiaonews.net.br\/2022\/#organization"},"potentialAction":[{"@type":"SearchAction","target":{"@type":"EntryPoint","urlTemplate":"https:\/\/regiaonews.net.br\/2022\/?s={search_term_string}"},"query-input":{"@type":"PropertyValueSpecification","valueRequired":true,"valueName":"search_term_string"}}],"inLanguage":"pt-BR"},{"@type":"Organization","@id":"https:\/\/regiaonews.net.br\/2022\/#organization","name":"Regi\u00e3o News","url":"https:\/\/regiaonews.net.br\/2022\/","logo":{"@type":"ImageObject","inLanguage":"pt-BR","@id":"https:\/\/regiaonews.net.br\/2022\/#\/schema\/logo\/image\/","url":"https:\/\/regiaonews.net.br\/2022\/wp-content\/uploads\/2026\/03\/regiao-13-anos-scaled.jpg","contentUrl":"https:\/\/regiaonews.net.br\/2022\/wp-content\/uploads\/2026\/03\/regiao-13-anos-scaled.jpg","width":2560,"height":635,"caption":"Regi\u00e3o News"},"image":{"@id":"https:\/\/regiaonews.net.br\/2022\/#\/schema\/logo\/image\/"}},{"@type":"Person","@id":"https:\/\/regiaonews.net.br\/2022\/#\/schema\/person\/2d205a608a5aa97ac279d7a5e6d89ad8","name":"Roberto","image":{"@type":"ImageObject","inLanguage":"pt-BR","@id":"https:\/\/secure.gravatar.com\/avatar\/42749d8b712ff9d59ca93dc150494e5b55a44134482993f5baeb97e61b7ecc89?s=96&d=mm&r=g","url":"https:\/\/secure.gravatar.com\/avatar\/42749d8b712ff9d59ca93dc150494e5b55a44134482993f5baeb97e61b7ecc89?s=96&d=mm&r=g","contentUrl":"https:\/\/secure.gravatar.com\/avatar\/42749d8b712ff9d59ca93dc150494e5b55a44134482993f5baeb97e61b7ecc89?s=96&d=mm&r=g","caption":"Roberto"},"url":"https:\/\/regiaonews.net.br\/2022\/author\/roberto\/"}]}},"publishpress_future_action":{"enabled":false,"date":"2026-05-02 02:34:03","action":"change-status","newStatus":"draft","terms":[],"taxonomy":"category","extraData":[]},"publishpress_future_workflow_manual_trigger":{"enabledWorkflows":[]},"_links":{"self":[{"href":"https:\/\/regiaonews.net.br\/2022\/wp-json\/wp\/v2\/posts\/116363","targetHints":{"allow":["GET"]}}],"collection":[{"href":"https:\/\/regiaonews.net.br\/2022\/wp-json\/wp\/v2\/posts"}],"about":[{"href":"https:\/\/regiaonews.net.br\/2022\/wp-json\/wp\/v2\/types\/post"}],"author":[{"embeddable":true,"href":"https:\/\/regiaonews.net.br\/2022\/wp-json\/wp\/v2\/users\/2"}],"replies":[{"embeddable":true,"href":"https:\/\/regiaonews.net.br\/2022\/wp-json\/wp\/v2\/comments?post=116363"}],"version-history":[{"count":1,"href":"https:\/\/regiaonews.net.br\/2022\/wp-json\/wp\/v2\/posts\/116363\/revisions"}],"predecessor-version":[{"id":116365,"href":"https:\/\/regiaonews.net.br\/2022\/wp-json\/wp\/v2\/posts\/116363\/revisions\/116365"}],"wp:featuredmedia":[{"embeddable":true,"href":"https:\/\/regiaonews.net.br\/2022\/wp-json\/wp\/v2\/media\/116364"}],"wp:attachment":[{"href":"https:\/\/regiaonews.net.br\/2022\/wp-json\/wp\/v2\/media?parent=116363"}],"wp:term":[{"taxonomy":"category","embeddable":true,"href":"https:\/\/regiaonews.net.br\/2022\/wp-json\/wp\/v2\/categories?post=116363"},{"taxonomy":"post_tag","embeddable":true,"href":"https:\/\/regiaonews.net.br\/2022\/wp-json\/wp\/v2\/tags?post=116363"}],"curies":[{"name":"wp","href":"https:\/\/api.w.org\/{rel}","templated":true}]}}