{"id":116353,"date":"2025-04-09T19:15:52","date_gmt":"2025-04-09T22:15:52","guid":{"rendered":"https:\/\/regiaonews.net.br\/2022\/?p=116353"},"modified":"2025-04-09T21:32:18","modified_gmt":"2025-04-10T00:32:18","slug":"audiencia-publica-na-camara-discutiu-politicas-publicas-de-cuidados-com-os-animais","status":"publish","type":"post","link":"https:\/\/regiaonews.net.br\/2022\/2025\/04\/09\/audiencia-publica-na-camara-discutiu-politicas-publicas-de-cuidados-com-os-animais\/","title":{"rendered":"Audi\u00eancia P\u00fablica na C\u00e2mara discutiu pol\u00edticas p\u00fablicas de cuidados com os animais"},"content":{"rendered":"<p class=\"mb-4\">Tema foi proposto pelo vereador Dr. Rodrigo Malaman (PP)<\/p>\n<p>A C\u00e2mara de Barretos realizou na noite de\u00a0<strong>ter\u00e7a-feira (08 de abril),\u00a0<\/strong>\u00a0<strong>Audi\u00eancia P\u00fablica<\/strong>\u00a0(aberta \u00e0 participa\u00e7\u00e3o popular) para debater\u00a0<strong>pol\u00edticas p\u00fablicas de cuidados com os animais.<\/strong><\/p>\n<p>O tema foi proposto pelo vereador<strong>\u00a0Dr. Rodrigo Malaman (PP),\u00a0<\/strong>por meio do<strong>\u00a0<a href=\"https:\/\/consulta.camarabarretos.sp.gov.br\/Documentos\/Documento\/419154\" target=\"_blank\" rel=\"noopener\">Requerimento n\u00ba\u00a080\/2025<\/a>,\u00a0<\/strong>aprovado por todos os vereadores.<\/p>\n<p>A\u00a0<strong>Audi\u00eancia P\u00fablica<\/strong>\u00a0tem como finalidade dar publicidade e ampliar o debate sobre determinado tema, ouvindo a popula\u00e7\u00e3o e colhendo as opini\u00f5es e sugest\u00f5es dos cidad\u00e3os, das entidades, das autoridades, dos l\u00edderes comunit\u00e1rios\u00a0 e das associa\u00e7\u00f5es de interesse p\u00fablico.<\/p>\n<p>Foram definidos como debatedores: a ativista cultural,\u00a0<strong>Ros\u00e1rio Noris<\/strong>; o coordenador do Centro Veterin\u00e1rio,\u00a0<strong>Edgar das Chagas Catardo<\/strong>; o Presidente da Comiss\u00e3o de Prote\u00e7\u00e3o Animal da OAB &#8211; Ordem dos Advogados do Brasil;\u00a0<strong>Edson Tomoda<\/strong>, a representante da Secretaria Municipal de Agricultura e Meio Ambiente,\u00a0<strong>Marcela Midori\u00a0<\/strong>(representando o Secret\u00e1rio Marcelo Jamal); o presidente da ABA &#8211; Associa\u00e7\u00e3o Barretense dos Animais;\u00a0<strong>Eduardo Croys Felthes<\/strong>; e a Coordenadora do Curso de Medicina Veterin\u00e1ria do Unifeb,\u00a0<strong>Ana Carolina Pedrosa; al\u00e9m de v\u00e1rios cuidadores de animais e ativistas da causa animal.<\/strong><\/p>\n<p>A Audi\u00eancia foi conduzida pelo autor do Requerimento que deu origem \u00e0 Audi\u00eancia, vereador\u00a0<strong>Dr. Rodrigo Malaman (PP);\u00a0<\/strong>do Relator da Comiss\u00e3o de Sa\u00fade da C\u00e2mara, vereador<strong>\u00a0Japon\u00eas das Ca\u00e7ambas (PRD);\u00a0<\/strong>e contou com a presen\u00e7a dos vereadores\u00a0<strong>Itamar Alves (PSD) e Jonathas Lazzarotto (PSD);\u00a0<\/strong>e dos assessores parlamentares:<strong>\u00a0Leonardo, Aline, Dircemara.<\/strong><\/p>\n<p>Como resultado da Audi\u00eancia P\u00fablica, o vereador Japon\u00eas das Ca\u00e7ambas (PRD) pontuou as principais solicita\u00e7\u00f5es dos presentes:<\/p>\n<p><strong>&#8211; a retomada do programa Castra-M\u00f3vel;<\/strong><\/p>\n<p><strong>&#8211; a chipagem de animais, que possa funcionar de forma efetiva;<\/strong><\/p>\n<p><strong>&#8211; retornar os servi\u00e7os de &#8220;leva-e traz animal&#8221; e &#8220;Samu Pet&#8221;<\/strong><\/p>\n<p><strong>&#8211; mais divulga\u00e7\u00e3o sobre coleta e castra\u00e7\u00e3o;<\/strong><\/p>\n<p><strong>&#8211; atualiza\u00e7\u00e3o dos valores das multas para maus-tratos e abandono de animais;<\/strong><\/p>\n<p><strong>&#8211; comunica\u00e7\u00e3o \u00e0 Pol\u00edcia Militar sobre a falta de efetividade na fiscaliza\u00e7\u00e3o;<\/strong><\/p>\n<p><strong>&#8211; realiza\u00e7\u00e3o de um &#8220;Censo&#8221; para controle de popula\u00e7\u00e3o animal;<\/strong><\/p>\n<p>&nbsp;<\/p>\n<p>O p\u00fablico tamb\u00e9m enviou coment\u00e1rios por meio das redes sociais da C\u00e2mara.<\/p>\n<p><a href=\"https:\/\/regiaonews.net.br\/2022\/wp-content\/uploads\/2025\/04\/174416208667f5cd267803a.webp\"><img loading=\"lazy\" decoding=\"async\" class=\"alignnone size-medium wp-image-116358\" src=\"https:\/\/regiaonews.net.br\/2022\/wp-content\/uploads\/2025\/04\/174416208667f5cd267803a-300x200.webp\" alt=\"\" width=\"300\" height=\"200\" srcset=\"https:\/\/regiaonews.net.br\/2022\/wp-content\/uploads\/2025\/04\/174416208667f5cd267803a-300x200.webp 300w, https:\/\/regiaonews.net.br\/2022\/wp-content\/uploads\/2025\/04\/174416208667f5cd267803a-1024x682.webp 1024w, https:\/\/regiaonews.net.br\/2022\/wp-content\/uploads\/2025\/04\/174416208667f5cd267803a-768x512.webp 768w, https:\/\/regiaonews.net.br\/2022\/wp-content\/uploads\/2025\/04\/174416208667f5cd267803a-250x167.webp 250w, https:\/\/regiaonews.net.br\/2022\/wp-content\/uploads\/2025\/04\/174416208667f5cd267803a-900x600.webp 900w, https:\/\/regiaonews.net.br\/2022\/wp-content\/uploads\/2025\/04\/174416208667f5cd267803a.webp 1280w\" sizes=\"auto, (max-width: 300px) 100vw, 300px\" \/><\/a><\/p>\n","protected":false},"excerpt":{"rendered":"<p>Tema foi proposto pelo vereador Dr. Rodrigo Malaman (PP) A<\/p>\n","protected":false},"author":2,"featured_media":116359,"comment_status":"open","ping_status":"open","sticky":false,"template":"","format":"standard","meta":{"footnotes":""},"categories":[14,22],"tags":[],"class_list":["post-116353","post","type-post","status-publish","format-standard","has-post-thumbnail","hentry","category-barretos","category-politica"],"yoast_head":"<!-- This site is optimized with the Yoast SEO plugin v27.4 - https:\/\/yoast.com\/product\/yoast-seo-wordpress\/ -->\n<title>Audi\u00eancia P\u00fablica na C\u00e2mara discutiu pol\u00edticas p\u00fablicas de cuidados com os animais - Regi\u00e3o News<\/title>\n<meta name=\"robots\" content=\"index, follow, max-snippet:-1, max-image-preview:large, max-video-preview:-1\" \/>\n<link rel=\"canonical\" href=\"https:\/\/regiaonews.net.br\/2022\/2025\/04\/09\/audiencia-publica-na-camara-discutiu-politicas-publicas-de-cuidados-com-os-animais\/\" \/>\n<meta property=\"og:locale\" content=\"pt_BR\" \/>\n<meta property=\"og:type\" content=\"article\" \/>\n<meta property=\"og:title\" content=\"Audi\u00eancia P\u00fablica na C\u00e2mara discutiu pol\u00edticas p\u00fablicas de cuidados com os animais - Regi\u00e3o News\" \/>\n<meta property=\"og:description\" content=\"Tema foi proposto pelo vereador Dr. Rodrigo Malaman (PP) A\" \/>\n<meta property=\"og:url\" content=\"https:\/\/regiaonews.net.br\/2022\/2025\/04\/09\/audiencia-publica-na-camara-discutiu-politicas-publicas-de-cuidados-com-os-animais\/\" \/>\n<meta property=\"og:site_name\" content=\"Regi\u00e3o News\" \/>\n<meta property=\"article:published_time\" content=\"2025-04-09T22:15:52+00:00\" \/>\n<meta property=\"article:modified_time\" content=\"2025-04-10T00:32:18+00:00\" \/>\n<meta property=\"og:image\" content=\"https:\/\/regiaonews.net.br\/2022\/wp-content\/uploads\/2025\/04\/174416208067f5cd206e309.webp\" \/>\n\t<meta property=\"og:image:width\" content=\"1280\" \/>\n\t<meta property=\"og:image:height\" content=\"790\" \/>\n\t<meta property=\"og:image:type\" content=\"image\/webp\" \/>\n<meta name=\"author\" content=\"Roberto\" \/>\n<meta name=\"twitter:card\" content=\"summary_large_image\" \/>\n<meta name=\"twitter:label1\" content=\"Escrito por\" \/>\n\t<meta name=\"twitter:data1\" content=\"Roberto\" \/>\n\t<meta name=\"twitter:label2\" content=\"Est. tempo de leitura\" \/>\n\t<meta name=\"twitter:data2\" content=\"3 minutos\" \/>\n<script type=\"application\/ld+json\" class=\"yoast-schema-graph\">{\"@context\":\"https:\\\/\\\/schema.org\",\"@graph\":[{\"@type\":\"Article\",\"@id\":\"https:\\\/\\\/regiaonews.net.br\\\/2022\\\/2025\\\/04\\\/09\\\/audiencia-publica-na-camara-discutiu-politicas-publicas-de-cuidados-com-os-animais\\\/#article\",\"isPartOf\":{\"@id\":\"https:\\\/\\\/regiaonews.net.br\\\/2022\\\/2025\\\/04\\\/09\\\/audiencia-publica-na-camara-discutiu-politicas-publicas-de-cuidados-com-os-animais\\\/\"},\"author\":{\"name\":\"Roberto\",\"@id\":\"https:\\\/\\\/regiaonews.net.br\\\/2022\\\/#\\\/schema\\\/person\\\/2d205a608a5aa97ac279d7a5e6d89ad8\"},\"headline\":\"Audi\u00eancia P\u00fablica na C\u00e2mara discutiu pol\u00edticas p\u00fablicas de cuidados com os animais\",\"datePublished\":\"2025-04-09T22:15:52+00:00\",\"dateModified\":\"2025-04-10T00:32:18+00:00\",\"mainEntityOfPage\":{\"@id\":\"https:\\\/\\\/regiaonews.net.br\\\/2022\\\/2025\\\/04\\\/09\\\/audiencia-publica-na-camara-discutiu-politicas-publicas-de-cuidados-com-os-animais\\\/\"},\"wordCount\":400,\"commentCount\":0,\"publisher\":{\"@id\":\"https:\\\/\\\/regiaonews.net.br\\\/2022\\\/#organization\"},\"image\":{\"@id\":\"https:\\\/\\\/regiaonews.net.br\\\/2022\\\/2025\\\/04\\\/09\\\/audiencia-publica-na-camara-discutiu-politicas-publicas-de-cuidados-com-os-animais\\\/#primaryimage\"},\"thumbnailUrl\":\"https:\\\/\\\/regiaonews.net.br\\\/2022\\\/wp-content\\\/uploads\\\/2025\\\/04\\\/174416208067f5cd206e309.webp\",\"articleSection\":[\"Barretos\",\"Pol\u00edtica\"],\"inLanguage\":\"pt-BR\",\"potentialAction\":[{\"@type\":\"CommentAction\",\"name\":\"Comment\",\"target\":[\"https:\\\/\\\/regiaonews.net.br\\\/2022\\\/2025\\\/04\\\/09\\\/audiencia-publica-na-camara-discutiu-politicas-publicas-de-cuidados-com-os-animais\\\/#respond\"]}]},{\"@type\":\"WebPage\",\"@id\":\"https:\\\/\\\/regiaonews.net.br\\\/2022\\\/2025\\\/04\\\/09\\\/audiencia-publica-na-camara-discutiu-politicas-publicas-de-cuidados-com-os-animais\\\/\",\"url\":\"https:\\\/\\\/regiaonews.net.br\\\/2022\\\/2025\\\/04\\\/09\\\/audiencia-publica-na-camara-discutiu-politicas-publicas-de-cuidados-com-os-animais\\\/\",\"name\":\"Audi\u00eancia P\u00fablica na C\u00e2mara discutiu pol\u00edticas p\u00fablicas de cuidados com os animais - Regi\u00e3o News\",\"isPartOf\":{\"@id\":\"https:\\\/\\\/regiaonews.net.br\\\/2022\\\/#website\"},\"primaryImageOfPage\":{\"@id\":\"https:\\\/\\\/regiaonews.net.br\\\/2022\\\/2025\\\/04\\\/09\\\/audiencia-publica-na-camara-discutiu-politicas-publicas-de-cuidados-com-os-animais\\\/#primaryimage\"},\"image\":{\"@id\":\"https:\\\/\\\/regiaonews.net.br\\\/2022\\\/2025\\\/04\\\/09\\\/audiencia-publica-na-camara-discutiu-politicas-publicas-de-cuidados-com-os-animais\\\/#primaryimage\"},\"thumbnailUrl\":\"https:\\\/\\\/regiaonews.net.br\\\/2022\\\/wp-content\\\/uploads\\\/2025\\\/04\\\/174416208067f5cd206e309.webp\",\"datePublished\":\"2025-04-09T22:15:52+00:00\",\"dateModified\":\"2025-04-10T00:32:18+00:00\",\"breadcrumb\":{\"@id\":\"https:\\\/\\\/regiaonews.net.br\\\/2022\\\/2025\\\/04\\\/09\\\/audiencia-publica-na-camara-discutiu-politicas-publicas-de-cuidados-com-os-animais\\\/#breadcrumb\"},\"inLanguage\":\"pt-BR\",\"potentialAction\":[{\"@type\":\"ReadAction\",\"target\":[\"https:\\\/\\\/regiaonews.net.br\\\/2022\\\/2025\\\/04\\\/09\\\/audiencia-publica-na-camara-discutiu-politicas-publicas-de-cuidados-com-os-animais\\\/\"]}]},{\"@type\":\"ImageObject\",\"inLanguage\":\"pt-BR\",\"@id\":\"https:\\\/\\\/regiaonews.net.br\\\/2022\\\/2025\\\/04\\\/09\\\/audiencia-publica-na-camara-discutiu-politicas-publicas-de-cuidados-com-os-animais\\\/#primaryimage\",\"url\":\"https:\\\/\\\/regiaonews.net.br\\\/2022\\\/wp-content\\\/uploads\\\/2025\\\/04\\\/174416208067f5cd206e309.webp\",\"contentUrl\":\"https:\\\/\\\/regiaonews.net.br\\\/2022\\\/wp-content\\\/uploads\\\/2025\\\/04\\\/174416208067f5cd206e309.webp\",\"width\":1280,\"height\":790},{\"@type\":\"BreadcrumbList\",\"@id\":\"https:\\\/\\\/regiaonews.net.br\\\/2022\\\/2025\\\/04\\\/09\\\/audiencia-publica-na-camara-discutiu-politicas-publicas-de-cuidados-com-os-animais\\\/#breadcrumb\",\"itemListElement\":[{\"@type\":\"ListItem\",\"position\":1,\"name\":\"In\u00edcio\",\"item\":\"https:\\\/\\\/regiaonews.net.br\\\/2022\\\/\"},{\"@type\":\"ListItem\",\"position\":2,\"name\":\"Audi\u00eancia P\u00fablica na C\u00e2mara discutiu pol\u00edticas p\u00fablicas de cuidados com os animais\"}]},{\"@type\":\"WebSite\",\"@id\":\"https:\\\/\\\/regiaonews.net.br\\\/2022\\\/#website\",\"url\":\"https:\\\/\\\/regiaonews.net.br\\\/2022\\\/\",\"name\":\"Regi\u00e3o News\",\"description\":\"Site de Not\u00edcias de Barretos e regi\u00e3o\",\"publisher\":{\"@id\":\"https:\\\/\\\/regiaonews.net.br\\\/2022\\\/#organization\"},\"potentialAction\":[{\"@type\":\"SearchAction\",\"target\":{\"@type\":\"EntryPoint\",\"urlTemplate\":\"https:\\\/\\\/regiaonews.net.br\\\/2022\\\/?s={search_term_string}\"},\"query-input\":{\"@type\":\"PropertyValueSpecification\",\"valueRequired\":true,\"valueName\":\"search_term_string\"}}],\"inLanguage\":\"pt-BR\"},{\"@type\":\"Organization\",\"@id\":\"https:\\\/\\\/regiaonews.net.br\\\/2022\\\/#organization\",\"name\":\"Regi\u00e3o News\",\"url\":\"https:\\\/\\\/regiaonews.net.br\\\/2022\\\/\",\"logo\":{\"@type\":\"ImageObject\",\"inLanguage\":\"pt-BR\",\"@id\":\"https:\\\/\\\/regiaonews.net.br\\\/2022\\\/#\\\/schema\\\/logo\\\/image\\\/\",\"url\":\"https:\\\/\\\/regiaonews.net.br\\\/2022\\\/wp-content\\\/uploads\\\/2026\\\/03\\\/regiao-13-anos-scaled.jpg\",\"contentUrl\":\"https:\\\/\\\/regiaonews.net.br\\\/2022\\\/wp-content\\\/uploads\\\/2026\\\/03\\\/regiao-13-anos-scaled.jpg\",\"width\":2560,\"height\":635,\"caption\":\"Regi\u00e3o News\"},\"image\":{\"@id\":\"https:\\\/\\\/regiaonews.net.br\\\/2022\\\/#\\\/schema\\\/logo\\\/image\\\/\"}},{\"@type\":\"Person\",\"@id\":\"https:\\\/\\\/regiaonews.net.br\\\/2022\\\/#\\\/schema\\\/person\\\/2d205a608a5aa97ac279d7a5e6d89ad8\",\"name\":\"Roberto\",\"image\":{\"@type\":\"ImageObject\",\"inLanguage\":\"pt-BR\",\"@id\":\"https:\\\/\\\/secure.gravatar.com\\\/avatar\\\/42749d8b712ff9d59ca93dc150494e5b55a44134482993f5baeb97e61b7ecc89?s=96&d=mm&r=g\",\"url\":\"https:\\\/\\\/secure.gravatar.com\\\/avatar\\\/42749d8b712ff9d59ca93dc150494e5b55a44134482993f5baeb97e61b7ecc89?s=96&d=mm&r=g\",\"contentUrl\":\"https:\\\/\\\/secure.gravatar.com\\\/avatar\\\/42749d8b712ff9d59ca93dc150494e5b55a44134482993f5baeb97e61b7ecc89?s=96&d=mm&r=g\",\"caption\":\"Roberto\"},\"url\":\"https:\\\/\\\/regiaonews.net.br\\\/2022\\\/author\\\/roberto\\\/\"}]}<\/script>\n<!-- \/ Yoast SEO plugin. -->","yoast_head_json":{"title":"Audi\u00eancia P\u00fablica na C\u00e2mara discutiu pol\u00edticas p\u00fablicas de cuidados com os animais - Regi\u00e3o News","robots":{"index":"index","follow":"follow","max-snippet":"max-snippet:-1","max-image-preview":"max-image-preview:large","max-video-preview":"max-video-preview:-1"},"canonical":"https:\/\/regiaonews.net.br\/2022\/2025\/04\/09\/audiencia-publica-na-camara-discutiu-politicas-publicas-de-cuidados-com-os-animais\/","og_locale":"pt_BR","og_type":"article","og_title":"Audi\u00eancia P\u00fablica na C\u00e2mara discutiu pol\u00edticas p\u00fablicas de cuidados com os animais - Regi\u00e3o News","og_description":"Tema foi proposto pelo vereador Dr. Rodrigo Malaman (PP) A","og_url":"https:\/\/regiaonews.net.br\/2022\/2025\/04\/09\/audiencia-publica-na-camara-discutiu-politicas-publicas-de-cuidados-com-os-animais\/","og_site_name":"Regi\u00e3o News","article_published_time":"2025-04-09T22:15:52+00:00","article_modified_time":"2025-04-10T00:32:18+00:00","og_image":[{"width":1280,"height":790,"url":"https:\/\/regiaonews.net.br\/2022\/wp-content\/uploads\/2025\/04\/174416208067f5cd206e309.webp","type":"image\/webp"}],"author":"Roberto","twitter_card":"summary_large_image","twitter_misc":{"Escrito por":"Roberto","Est. tempo de leitura":"3 minutos"},"schema":{"@context":"https:\/\/schema.org","@graph":[{"@type":"Article","@id":"https:\/\/regiaonews.net.br\/2022\/2025\/04\/09\/audiencia-publica-na-camara-discutiu-politicas-publicas-de-cuidados-com-os-animais\/#article","isPartOf":{"@id":"https:\/\/regiaonews.net.br\/2022\/2025\/04\/09\/audiencia-publica-na-camara-discutiu-politicas-publicas-de-cuidados-com-os-animais\/"},"author":{"name":"Roberto","@id":"https:\/\/regiaonews.net.br\/2022\/#\/schema\/person\/2d205a608a5aa97ac279d7a5e6d89ad8"},"headline":"Audi\u00eancia P\u00fablica na C\u00e2mara discutiu pol\u00edticas p\u00fablicas de cuidados com os animais","datePublished":"2025-04-09T22:15:52+00:00","dateModified":"2025-04-10T00:32:18+00:00","mainEntityOfPage":{"@id":"https:\/\/regiaonews.net.br\/2022\/2025\/04\/09\/audiencia-publica-na-camara-discutiu-politicas-publicas-de-cuidados-com-os-animais\/"},"wordCount":400,"commentCount":0,"publisher":{"@id":"https:\/\/regiaonews.net.br\/2022\/#organization"},"image":{"@id":"https:\/\/regiaonews.net.br\/2022\/2025\/04\/09\/audiencia-publica-na-camara-discutiu-politicas-publicas-de-cuidados-com-os-animais\/#primaryimage"},"thumbnailUrl":"https:\/\/regiaonews.net.br\/2022\/wp-content\/uploads\/2025\/04\/174416208067f5cd206e309.webp","articleSection":["Barretos","Pol\u00edtica"],"inLanguage":"pt-BR","potentialAction":[{"@type":"CommentAction","name":"Comment","target":["https:\/\/regiaonews.net.br\/2022\/2025\/04\/09\/audiencia-publica-na-camara-discutiu-politicas-publicas-de-cuidados-com-os-animais\/#respond"]}]},{"@type":"WebPage","@id":"https:\/\/regiaonews.net.br\/2022\/2025\/04\/09\/audiencia-publica-na-camara-discutiu-politicas-publicas-de-cuidados-com-os-animais\/","url":"https:\/\/regiaonews.net.br\/2022\/2025\/04\/09\/audiencia-publica-na-camara-discutiu-politicas-publicas-de-cuidados-com-os-animais\/","name":"Audi\u00eancia P\u00fablica na C\u00e2mara discutiu pol\u00edticas p\u00fablicas de cuidados com os animais - Regi\u00e3o News","isPartOf":{"@id":"https:\/\/regiaonews.net.br\/2022\/#website"},"primaryImageOfPage":{"@id":"https:\/\/regiaonews.net.br\/2022\/2025\/04\/09\/audiencia-publica-na-camara-discutiu-politicas-publicas-de-cuidados-com-os-animais\/#primaryimage"},"image":{"@id":"https:\/\/regiaonews.net.br\/2022\/2025\/04\/09\/audiencia-publica-na-camara-discutiu-politicas-publicas-de-cuidados-com-os-animais\/#primaryimage"},"thumbnailUrl":"https:\/\/regiaonews.net.br\/2022\/wp-content\/uploads\/2025\/04\/174416208067f5cd206e309.webp","datePublished":"2025-04-09T22:15:52+00:00","dateModified":"2025-04-10T00:32:18+00:00","breadcrumb":{"@id":"https:\/\/regiaonews.net.br\/2022\/2025\/04\/09\/audiencia-publica-na-camara-discutiu-politicas-publicas-de-cuidados-com-os-animais\/#breadcrumb"},"inLanguage":"pt-BR","potentialAction":[{"@type":"ReadAction","target":["https:\/\/regiaonews.net.br\/2022\/2025\/04\/09\/audiencia-publica-na-camara-discutiu-politicas-publicas-de-cuidados-com-os-animais\/"]}]},{"@type":"ImageObject","inLanguage":"pt-BR","@id":"https:\/\/regiaonews.net.br\/2022\/2025\/04\/09\/audiencia-publica-na-camara-discutiu-politicas-publicas-de-cuidados-com-os-animais\/#primaryimage","url":"https:\/\/regiaonews.net.br\/2022\/wp-content\/uploads\/2025\/04\/174416208067f5cd206e309.webp","contentUrl":"https:\/\/regiaonews.net.br\/2022\/wp-content\/uploads\/2025\/04\/174416208067f5cd206e309.webp","width":1280,"height":790},{"@type":"BreadcrumbList","@id":"https:\/\/regiaonews.net.br\/2022\/2025\/04\/09\/audiencia-publica-na-camara-discutiu-politicas-publicas-de-cuidados-com-os-animais\/#breadcrumb","itemListElement":[{"@type":"ListItem","position":1,"name":"In\u00edcio","item":"https:\/\/regiaonews.net.br\/2022\/"},{"@type":"ListItem","position":2,"name":"Audi\u00eancia P\u00fablica na C\u00e2mara discutiu pol\u00edticas p\u00fablicas de cuidados com os animais"}]},{"@type":"WebSite","@id":"https:\/\/regiaonews.net.br\/2022\/#website","url":"https:\/\/regiaonews.net.br\/2022\/","name":"Regi\u00e3o News","description":"Site de Not\u00edcias de Barretos e regi\u00e3o","publisher":{"@id":"https:\/\/regiaonews.net.br\/2022\/#organization"},"potentialAction":[{"@type":"SearchAction","target":{"@type":"EntryPoint","urlTemplate":"https:\/\/regiaonews.net.br\/2022\/?s={search_term_string}"},"query-input":{"@type":"PropertyValueSpecification","valueRequired":true,"valueName":"search_term_string"}}],"inLanguage":"pt-BR"},{"@type":"Organization","@id":"https:\/\/regiaonews.net.br\/2022\/#organization","name":"Regi\u00e3o News","url":"https:\/\/regiaonews.net.br\/2022\/","logo":{"@type":"ImageObject","inLanguage":"pt-BR","@id":"https:\/\/regiaonews.net.br\/2022\/#\/schema\/logo\/image\/","url":"https:\/\/regiaonews.net.br\/2022\/wp-content\/uploads\/2026\/03\/regiao-13-anos-scaled.jpg","contentUrl":"https:\/\/regiaonews.net.br\/2022\/wp-content\/uploads\/2026\/03\/regiao-13-anos-scaled.jpg","width":2560,"height":635,"caption":"Regi\u00e3o News"},"image":{"@id":"https:\/\/regiaonews.net.br\/2022\/#\/schema\/logo\/image\/"}},{"@type":"Person","@id":"https:\/\/regiaonews.net.br\/2022\/#\/schema\/person\/2d205a608a5aa97ac279d7a5e6d89ad8","name":"Roberto","image":{"@type":"ImageObject","inLanguage":"pt-BR","@id":"https:\/\/secure.gravatar.com\/avatar\/42749d8b712ff9d59ca93dc150494e5b55a44134482993f5baeb97e61b7ecc89?s=96&d=mm&r=g","url":"https:\/\/secure.gravatar.com\/avatar\/42749d8b712ff9d59ca93dc150494e5b55a44134482993f5baeb97e61b7ecc89?s=96&d=mm&r=g","contentUrl":"https:\/\/secure.gravatar.com\/avatar\/42749d8b712ff9d59ca93dc150494e5b55a44134482993f5baeb97e61b7ecc89?s=96&d=mm&r=g","caption":"Roberto"},"url":"https:\/\/regiaonews.net.br\/2022\/author\/roberto\/"}]}},"publishpress_future_action":{"enabled":false,"date":"2026-05-02 01:19:25","action":"change-status","newStatus":"draft","terms":[],"taxonomy":"category","extraData":[]},"publishpress_future_workflow_manual_trigger":{"enabledWorkflows":[]},"_links":{"self":[{"href":"https:\/\/regiaonews.net.br\/2022\/wp-json\/wp\/v2\/posts\/116353","targetHints":{"allow":["GET"]}}],"collection":[{"href":"https:\/\/regiaonews.net.br\/2022\/wp-json\/wp\/v2\/posts"}],"about":[{"href":"https:\/\/regiaonews.net.br\/2022\/wp-json\/wp\/v2\/types\/post"}],"author":[{"embeddable":true,"href":"https:\/\/regiaonews.net.br\/2022\/wp-json\/wp\/v2\/users\/2"}],"replies":[{"embeddable":true,"href":"https:\/\/regiaonews.net.br\/2022\/wp-json\/wp\/v2\/comments?post=116353"}],"version-history":[{"count":5,"href":"https:\/\/regiaonews.net.br\/2022\/wp-json\/wp\/v2\/posts\/116353\/revisions"}],"predecessor-version":[{"id":116362,"href":"https:\/\/regiaonews.net.br\/2022\/wp-json\/wp\/v2\/posts\/116353\/revisions\/116362"}],"wp:featuredmedia":[{"embeddable":true,"href":"https:\/\/regiaonews.net.br\/2022\/wp-json\/wp\/v2\/media\/116359"}],"wp:attachment":[{"href":"https:\/\/regiaonews.net.br\/2022\/wp-json\/wp\/v2\/media?parent=116353"}],"wp:term":[{"taxonomy":"category","embeddable":true,"href":"https:\/\/regiaonews.net.br\/2022\/wp-json\/wp\/v2\/categories?post=116353"},{"taxonomy":"post_tag","embeddable":true,"href":"https:\/\/regiaonews.net.br\/2022\/wp-json\/wp\/v2\/tags?post=116353"}],"curies":[{"name":"wp","href":"https:\/\/api.w.org\/{rel}","templated":true}]}}