{"id":116266,"date":"2025-04-08T08:32:50","date_gmt":"2025-04-08T11:32:50","guid":{"rendered":"https:\/\/regiaonews.net.br\/2022\/?p=116266"},"modified":"2025-04-08T08:39:20","modified_gmt":"2025-04-08T11:39:20","slug":"novo-espaco-de-eventos-no-parque-do-peao-recebe-nome-do-fundador-jose-brandao-tupynamba","status":"publish","type":"post","link":"https:\/\/regiaonews.net.br\/2022\/2025\/04\/08\/novo-espaco-de-eventos-no-parque-do-peao-recebe-nome-do-fundador-jose-brandao-tupynamba\/","title":{"rendered":"Novo espa\u00e7o de eventos no Parque do Pe\u00e3o recebe nome do fundador Jos\u00e9 Brand\u00e3o Tupynamb\u00e1"},"content":{"rendered":"<div class=\"imagem\">\n<p>Novo espa\u00e7o de eventos no Parque do Pe\u00e3o recebe nome do fundador Jos\u00e9 Brand\u00e3o Tupynamb\u00e1 (divulga\u00e7\u00e3o)<\/p>\n<\/div>\n<div class=\"texto\">\n<p>Foi oficialmente inaugurado no \u00faltimo domingo, dia 06, mais um espa\u00e7o de eventos no Parque do Pe\u00e3o, em Barretos. O novo ambiente recebeu o nome de &#8220;Jos\u00e9 Brand\u00e3o Tupynamb\u00e1&#8221; em homenagem a um dos fundadores da Festa do Pe\u00e3o de Barretos \u2014 e teve como momento especial a presen\u00e7a do pr\u00f3prio homenageado na cerim\u00f4nia.<\/p>\n<p>Com mais de mil metros quadrados, o espa\u00e7o foi projetado para receber uma diversidade de eventos, como lan\u00e7amentos, exposi\u00e7\u00f5es, confraterniza\u00e7\u00f5es e atividades culturais, ampliando ainda mais a estrutura versatilidade do Parque. O espa\u00e7o de eventos Jos\u00e9 Brand\u00e3o Tupynamb\u00e1 \u00e9 totalmente climatizado e conta com infraestrutura completa.<\/p>\n<p>Durante a solenidade, o presidente de Os Independentes, Jer\u00f4nimo Luiz Muzetti, destacou a import\u00e2ncia de reconhecer o legado de Tupynamb\u00e1: &#8220;Homenagear Jos\u00e9 Brand\u00e3o Tupynamb\u00e1 em vida \u00e9 um gesto de gratid\u00e3o e respeito. Ele sonhou, idealizou e plantou as sementes do que hoje \u00e9 a maior festa do pe\u00e3o da Am\u00e9rica Latina. Ter ele aqui hoje, acompanhando esse momento, \u00e9 uma honra para todos n\u00f3s.&#8221; Tupy, como \u00e9 conhecido o fundador, ficou emocionado e agradeceu. &#8220;Receber essa homenagem \u00e9 uma honra. Estou muito feliz e lisonjeado pela lembran\u00e7a. Sou o \u00faltimo dos fundadores ainda neste plano. Esse gesto \u00e9 sinal de que nossa hist\u00f3ria segue viva.&#8221;<\/p>\n<p>A cerim\u00f4nia tamb\u00e9m contou com a presen\u00e7a do diretor financeiro, Hussein Gemha J\u00fanior, e diversos s\u00f3cios e membros da diretoria de Os Independentes. &#8220;O momento simboliza o compromisso cont\u00ednuo da entidade em preservar a hist\u00f3ria e os valores que moldaram a identidade da Festa do Pe\u00e3o de Barretos&#8221;, continuou Jeronimo.<\/p>\n<\/div>\n","protected":false},"excerpt":{"rendered":"<p>Novo espa\u00e7o de eventos no Parque do Pe\u00e3o recebe nome<\/p>\n","protected":false},"author":2,"featured_media":116267,"comment_status":"open","ping_status":"open","sticky":false,"template":"","format":"standard","meta":{"footnotes":""},"categories":[14,25,111],"tags":[],"class_list":["post-116266","post","type-post","status-publish","format-standard","has-post-thumbnail","hentry","category-barretos","category-cidades","category-cotidiano"],"yoast_head":"<!-- This site is optimized with the Yoast SEO plugin v27.4 - https:\/\/yoast.com\/product\/yoast-seo-wordpress\/ -->\n<title>Novo espa\u00e7o de eventos no Parque do Pe\u00e3o recebe nome do fundador Jos\u00e9 Brand\u00e3o Tupynamb\u00e1 - Regi\u00e3o News<\/title>\n<meta name=\"robots\" content=\"index, follow, max-snippet:-1, max-image-preview:large, max-video-preview:-1\" \/>\n<link rel=\"canonical\" href=\"https:\/\/regiaonews.net.br\/2022\/2025\/04\/08\/novo-espaco-de-eventos-no-parque-do-peao-recebe-nome-do-fundador-jose-brandao-tupynamba\/\" \/>\n<meta property=\"og:locale\" content=\"pt_BR\" \/>\n<meta property=\"og:type\" content=\"article\" \/>\n<meta property=\"og:title\" content=\"Novo espa\u00e7o de eventos no Parque do Pe\u00e3o recebe nome do fundador Jos\u00e9 Brand\u00e3o Tupynamb\u00e1 - Regi\u00e3o News\" \/>\n<meta property=\"og:description\" content=\"Novo espa\u00e7o de eventos no Parque do Pe\u00e3o recebe nome\" \/>\n<meta property=\"og:url\" content=\"https:\/\/regiaonews.net.br\/2022\/2025\/04\/08\/novo-espaco-de-eventos-no-parque-do-peao-recebe-nome-do-fundador-jose-brandao-tupynamba\/\" \/>\n<meta property=\"og:site_name\" content=\"Regi\u00e3o News\" \/>\n<meta property=\"article:published_time\" content=\"2025-04-08T11:32:50+00:00\" \/>\n<meta property=\"article:modified_time\" content=\"2025-04-08T11:39:20+00:00\" \/>\n<meta property=\"og:image\" content=\"https:\/\/regiaonews.net.br\/2022\/wp-content\/uploads\/2025\/04\/Independentes.jpeg\" \/>\n\t<meta property=\"og:image:width\" content=\"1280\" \/>\n\t<meta property=\"og:image:height\" content=\"837\" \/>\n\t<meta property=\"og:image:type\" content=\"image\/jpeg\" \/>\n<meta name=\"author\" content=\"Roberto\" \/>\n<meta name=\"twitter:card\" content=\"summary_large_image\" \/>\n<meta name=\"twitter:label1\" content=\"Escrito por\" \/>\n\t<meta name=\"twitter:data1\" content=\"Roberto\" \/>\n\t<meta name=\"twitter:label2\" content=\"Est. tempo de leitura\" \/>\n\t<meta name=\"twitter:data2\" content=\"2 minutos\" \/>\n<script type=\"application\/ld+json\" class=\"yoast-schema-graph\">{\"@context\":\"https:\\\/\\\/schema.org\",\"@graph\":[{\"@type\":\"Article\",\"@id\":\"https:\\\/\\\/regiaonews.net.br\\\/2022\\\/2025\\\/04\\\/08\\\/novo-espaco-de-eventos-no-parque-do-peao-recebe-nome-do-fundador-jose-brandao-tupynamba\\\/#article\",\"isPartOf\":{\"@id\":\"https:\\\/\\\/regiaonews.net.br\\\/2022\\\/2025\\\/04\\\/08\\\/novo-espaco-de-eventos-no-parque-do-peao-recebe-nome-do-fundador-jose-brandao-tupynamba\\\/\"},\"author\":{\"name\":\"Roberto\",\"@id\":\"https:\\\/\\\/regiaonews.net.br\\\/2022\\\/#\\\/schema\\\/person\\\/2d205a608a5aa97ac279d7a5e6d89ad8\"},\"headline\":\"Novo espa\u00e7o de eventos no Parque do Pe\u00e3o recebe nome do fundador Jos\u00e9 Brand\u00e3o Tupynamb\u00e1\",\"datePublished\":\"2025-04-08T11:32:50+00:00\",\"dateModified\":\"2025-04-08T11:39:20+00:00\",\"mainEntityOfPage\":{\"@id\":\"https:\\\/\\\/regiaonews.net.br\\\/2022\\\/2025\\\/04\\\/08\\\/novo-espaco-de-eventos-no-parque-do-peao-recebe-nome-do-fundador-jose-brandao-tupynamba\\\/\"},\"wordCount\":315,\"commentCount\":0,\"publisher\":{\"@id\":\"https:\\\/\\\/regiaonews.net.br\\\/2022\\\/#organization\"},\"image\":{\"@id\":\"https:\\\/\\\/regiaonews.net.br\\\/2022\\\/2025\\\/04\\\/08\\\/novo-espaco-de-eventos-no-parque-do-peao-recebe-nome-do-fundador-jose-brandao-tupynamba\\\/#primaryimage\"},\"thumbnailUrl\":\"https:\\\/\\\/regiaonews.net.br\\\/2022\\\/wp-content\\\/uploads\\\/2025\\\/04\\\/Independentes.jpeg\",\"articleSection\":[\"Barretos\",\"Cidades\",\"Cotidiano\"],\"inLanguage\":\"pt-BR\",\"potentialAction\":[{\"@type\":\"CommentAction\",\"name\":\"Comment\",\"target\":[\"https:\\\/\\\/regiaonews.net.br\\\/2022\\\/2025\\\/04\\\/08\\\/novo-espaco-de-eventos-no-parque-do-peao-recebe-nome-do-fundador-jose-brandao-tupynamba\\\/#respond\"]}]},{\"@type\":\"WebPage\",\"@id\":\"https:\\\/\\\/regiaonews.net.br\\\/2022\\\/2025\\\/04\\\/08\\\/novo-espaco-de-eventos-no-parque-do-peao-recebe-nome-do-fundador-jose-brandao-tupynamba\\\/\",\"url\":\"https:\\\/\\\/regiaonews.net.br\\\/2022\\\/2025\\\/04\\\/08\\\/novo-espaco-de-eventos-no-parque-do-peao-recebe-nome-do-fundador-jose-brandao-tupynamba\\\/\",\"name\":\"Novo espa\u00e7o de eventos no Parque do Pe\u00e3o recebe nome do fundador Jos\u00e9 Brand\u00e3o Tupynamb\u00e1 - Regi\u00e3o News\",\"isPartOf\":{\"@id\":\"https:\\\/\\\/regiaonews.net.br\\\/2022\\\/#website\"},\"primaryImageOfPage\":{\"@id\":\"https:\\\/\\\/regiaonews.net.br\\\/2022\\\/2025\\\/04\\\/08\\\/novo-espaco-de-eventos-no-parque-do-peao-recebe-nome-do-fundador-jose-brandao-tupynamba\\\/#primaryimage\"},\"image\":{\"@id\":\"https:\\\/\\\/regiaonews.net.br\\\/2022\\\/2025\\\/04\\\/08\\\/novo-espaco-de-eventos-no-parque-do-peao-recebe-nome-do-fundador-jose-brandao-tupynamba\\\/#primaryimage\"},\"thumbnailUrl\":\"https:\\\/\\\/regiaonews.net.br\\\/2022\\\/wp-content\\\/uploads\\\/2025\\\/04\\\/Independentes.jpeg\",\"datePublished\":\"2025-04-08T11:32:50+00:00\",\"dateModified\":\"2025-04-08T11:39:20+00:00\",\"breadcrumb\":{\"@id\":\"https:\\\/\\\/regiaonews.net.br\\\/2022\\\/2025\\\/04\\\/08\\\/novo-espaco-de-eventos-no-parque-do-peao-recebe-nome-do-fundador-jose-brandao-tupynamba\\\/#breadcrumb\"},\"inLanguage\":\"pt-BR\",\"potentialAction\":[{\"@type\":\"ReadAction\",\"target\":[\"https:\\\/\\\/regiaonews.net.br\\\/2022\\\/2025\\\/04\\\/08\\\/novo-espaco-de-eventos-no-parque-do-peao-recebe-nome-do-fundador-jose-brandao-tupynamba\\\/\"]}]},{\"@type\":\"ImageObject\",\"inLanguage\":\"pt-BR\",\"@id\":\"https:\\\/\\\/regiaonews.net.br\\\/2022\\\/2025\\\/04\\\/08\\\/novo-espaco-de-eventos-no-parque-do-peao-recebe-nome-do-fundador-jose-brandao-tupynamba\\\/#primaryimage\",\"url\":\"https:\\\/\\\/regiaonews.net.br\\\/2022\\\/wp-content\\\/uploads\\\/2025\\\/04\\\/Independentes.jpeg\",\"contentUrl\":\"https:\\\/\\\/regiaonews.net.br\\\/2022\\\/wp-content\\\/uploads\\\/2025\\\/04\\\/Independentes.jpeg\",\"width\":1280,\"height\":837},{\"@type\":\"BreadcrumbList\",\"@id\":\"https:\\\/\\\/regiaonews.net.br\\\/2022\\\/2025\\\/04\\\/08\\\/novo-espaco-de-eventos-no-parque-do-peao-recebe-nome-do-fundador-jose-brandao-tupynamba\\\/#breadcrumb\",\"itemListElement\":[{\"@type\":\"ListItem\",\"position\":1,\"name\":\"In\u00edcio\",\"item\":\"https:\\\/\\\/regiaonews.net.br\\\/2022\\\/\"},{\"@type\":\"ListItem\",\"position\":2,\"name\":\"Novo espa\u00e7o de eventos no Parque do Pe\u00e3o recebe nome do fundador Jos\u00e9 Brand\u00e3o Tupynamb\u00e1\"}]},{\"@type\":\"WebSite\",\"@id\":\"https:\\\/\\\/regiaonews.net.br\\\/2022\\\/#website\",\"url\":\"https:\\\/\\\/regiaonews.net.br\\\/2022\\\/\",\"name\":\"Regi\u00e3o News\",\"description\":\"Site de Not\u00edcias de Barretos e regi\u00e3o\",\"publisher\":{\"@id\":\"https:\\\/\\\/regiaonews.net.br\\\/2022\\\/#organization\"},\"potentialAction\":[{\"@type\":\"SearchAction\",\"target\":{\"@type\":\"EntryPoint\",\"urlTemplate\":\"https:\\\/\\\/regiaonews.net.br\\\/2022\\\/?s={search_term_string}\"},\"query-input\":{\"@type\":\"PropertyValueSpecification\",\"valueRequired\":true,\"valueName\":\"search_term_string\"}}],\"inLanguage\":\"pt-BR\"},{\"@type\":\"Organization\",\"@id\":\"https:\\\/\\\/regiaonews.net.br\\\/2022\\\/#organization\",\"name\":\"Regi\u00e3o News\",\"url\":\"https:\\\/\\\/regiaonews.net.br\\\/2022\\\/\",\"logo\":{\"@type\":\"ImageObject\",\"inLanguage\":\"pt-BR\",\"@id\":\"https:\\\/\\\/regiaonews.net.br\\\/2022\\\/#\\\/schema\\\/logo\\\/image\\\/\",\"url\":\"https:\\\/\\\/regiaonews.net.br\\\/2022\\\/wp-content\\\/uploads\\\/2026\\\/03\\\/regiao-13-anos-scaled.jpg\",\"contentUrl\":\"https:\\\/\\\/regiaonews.net.br\\\/2022\\\/wp-content\\\/uploads\\\/2026\\\/03\\\/regiao-13-anos-scaled.jpg\",\"width\":2560,\"height\":635,\"caption\":\"Regi\u00e3o News\"},\"image\":{\"@id\":\"https:\\\/\\\/regiaonews.net.br\\\/2022\\\/#\\\/schema\\\/logo\\\/image\\\/\"}},{\"@type\":\"Person\",\"@id\":\"https:\\\/\\\/regiaonews.net.br\\\/2022\\\/#\\\/schema\\\/person\\\/2d205a608a5aa97ac279d7a5e6d89ad8\",\"name\":\"Roberto\",\"image\":{\"@type\":\"ImageObject\",\"inLanguage\":\"pt-BR\",\"@id\":\"https:\\\/\\\/secure.gravatar.com\\\/avatar\\\/42749d8b712ff9d59ca93dc150494e5b55a44134482993f5baeb97e61b7ecc89?s=96&d=mm&r=g\",\"url\":\"https:\\\/\\\/secure.gravatar.com\\\/avatar\\\/42749d8b712ff9d59ca93dc150494e5b55a44134482993f5baeb97e61b7ecc89?s=96&d=mm&r=g\",\"contentUrl\":\"https:\\\/\\\/secure.gravatar.com\\\/avatar\\\/42749d8b712ff9d59ca93dc150494e5b55a44134482993f5baeb97e61b7ecc89?s=96&d=mm&r=g\",\"caption\":\"Roberto\"},\"url\":\"https:\\\/\\\/regiaonews.net.br\\\/2022\\\/author\\\/roberto\\\/\"}]}<\/script>\n<!-- \/ Yoast SEO plugin. -->","yoast_head_json":{"title":"Novo espa\u00e7o de eventos no Parque do Pe\u00e3o recebe nome do fundador Jos\u00e9 Brand\u00e3o Tupynamb\u00e1 - Regi\u00e3o News","robots":{"index":"index","follow":"follow","max-snippet":"max-snippet:-1","max-image-preview":"max-image-preview:large","max-video-preview":"max-video-preview:-1"},"canonical":"https:\/\/regiaonews.net.br\/2022\/2025\/04\/08\/novo-espaco-de-eventos-no-parque-do-peao-recebe-nome-do-fundador-jose-brandao-tupynamba\/","og_locale":"pt_BR","og_type":"article","og_title":"Novo espa\u00e7o de eventos no Parque do Pe\u00e3o recebe nome do fundador Jos\u00e9 Brand\u00e3o Tupynamb\u00e1 - Regi\u00e3o News","og_description":"Novo espa\u00e7o de eventos no Parque do Pe\u00e3o recebe nome","og_url":"https:\/\/regiaonews.net.br\/2022\/2025\/04\/08\/novo-espaco-de-eventos-no-parque-do-peao-recebe-nome-do-fundador-jose-brandao-tupynamba\/","og_site_name":"Regi\u00e3o News","article_published_time":"2025-04-08T11:32:50+00:00","article_modified_time":"2025-04-08T11:39:20+00:00","og_image":[{"width":1280,"height":837,"url":"https:\/\/regiaonews.net.br\/2022\/wp-content\/uploads\/2025\/04\/Independentes.jpeg","type":"image\/jpeg"}],"author":"Roberto","twitter_card":"summary_large_image","twitter_misc":{"Escrito por":"Roberto","Est. tempo de leitura":"2 minutos"},"schema":{"@context":"https:\/\/schema.org","@graph":[{"@type":"Article","@id":"https:\/\/regiaonews.net.br\/2022\/2025\/04\/08\/novo-espaco-de-eventos-no-parque-do-peao-recebe-nome-do-fundador-jose-brandao-tupynamba\/#article","isPartOf":{"@id":"https:\/\/regiaonews.net.br\/2022\/2025\/04\/08\/novo-espaco-de-eventos-no-parque-do-peao-recebe-nome-do-fundador-jose-brandao-tupynamba\/"},"author":{"name":"Roberto","@id":"https:\/\/regiaonews.net.br\/2022\/#\/schema\/person\/2d205a608a5aa97ac279d7a5e6d89ad8"},"headline":"Novo espa\u00e7o de eventos no Parque do Pe\u00e3o recebe nome do fundador Jos\u00e9 Brand\u00e3o Tupynamb\u00e1","datePublished":"2025-04-08T11:32:50+00:00","dateModified":"2025-04-08T11:39:20+00:00","mainEntityOfPage":{"@id":"https:\/\/regiaonews.net.br\/2022\/2025\/04\/08\/novo-espaco-de-eventos-no-parque-do-peao-recebe-nome-do-fundador-jose-brandao-tupynamba\/"},"wordCount":315,"commentCount":0,"publisher":{"@id":"https:\/\/regiaonews.net.br\/2022\/#organization"},"image":{"@id":"https:\/\/regiaonews.net.br\/2022\/2025\/04\/08\/novo-espaco-de-eventos-no-parque-do-peao-recebe-nome-do-fundador-jose-brandao-tupynamba\/#primaryimage"},"thumbnailUrl":"https:\/\/regiaonews.net.br\/2022\/wp-content\/uploads\/2025\/04\/Independentes.jpeg","articleSection":["Barretos","Cidades","Cotidiano"],"inLanguage":"pt-BR","potentialAction":[{"@type":"CommentAction","name":"Comment","target":["https:\/\/regiaonews.net.br\/2022\/2025\/04\/08\/novo-espaco-de-eventos-no-parque-do-peao-recebe-nome-do-fundador-jose-brandao-tupynamba\/#respond"]}]},{"@type":"WebPage","@id":"https:\/\/regiaonews.net.br\/2022\/2025\/04\/08\/novo-espaco-de-eventos-no-parque-do-peao-recebe-nome-do-fundador-jose-brandao-tupynamba\/","url":"https:\/\/regiaonews.net.br\/2022\/2025\/04\/08\/novo-espaco-de-eventos-no-parque-do-peao-recebe-nome-do-fundador-jose-brandao-tupynamba\/","name":"Novo espa\u00e7o de eventos no Parque do Pe\u00e3o recebe nome do fundador Jos\u00e9 Brand\u00e3o Tupynamb\u00e1 - Regi\u00e3o News","isPartOf":{"@id":"https:\/\/regiaonews.net.br\/2022\/#website"},"primaryImageOfPage":{"@id":"https:\/\/regiaonews.net.br\/2022\/2025\/04\/08\/novo-espaco-de-eventos-no-parque-do-peao-recebe-nome-do-fundador-jose-brandao-tupynamba\/#primaryimage"},"image":{"@id":"https:\/\/regiaonews.net.br\/2022\/2025\/04\/08\/novo-espaco-de-eventos-no-parque-do-peao-recebe-nome-do-fundador-jose-brandao-tupynamba\/#primaryimage"},"thumbnailUrl":"https:\/\/regiaonews.net.br\/2022\/wp-content\/uploads\/2025\/04\/Independentes.jpeg","datePublished":"2025-04-08T11:32:50+00:00","dateModified":"2025-04-08T11:39:20+00:00","breadcrumb":{"@id":"https:\/\/regiaonews.net.br\/2022\/2025\/04\/08\/novo-espaco-de-eventos-no-parque-do-peao-recebe-nome-do-fundador-jose-brandao-tupynamba\/#breadcrumb"},"inLanguage":"pt-BR","potentialAction":[{"@type":"ReadAction","target":["https:\/\/regiaonews.net.br\/2022\/2025\/04\/08\/novo-espaco-de-eventos-no-parque-do-peao-recebe-nome-do-fundador-jose-brandao-tupynamba\/"]}]},{"@type":"ImageObject","inLanguage":"pt-BR","@id":"https:\/\/regiaonews.net.br\/2022\/2025\/04\/08\/novo-espaco-de-eventos-no-parque-do-peao-recebe-nome-do-fundador-jose-brandao-tupynamba\/#primaryimage","url":"https:\/\/regiaonews.net.br\/2022\/wp-content\/uploads\/2025\/04\/Independentes.jpeg","contentUrl":"https:\/\/regiaonews.net.br\/2022\/wp-content\/uploads\/2025\/04\/Independentes.jpeg","width":1280,"height":837},{"@type":"BreadcrumbList","@id":"https:\/\/regiaonews.net.br\/2022\/2025\/04\/08\/novo-espaco-de-eventos-no-parque-do-peao-recebe-nome-do-fundador-jose-brandao-tupynamba\/#breadcrumb","itemListElement":[{"@type":"ListItem","position":1,"name":"In\u00edcio","item":"https:\/\/regiaonews.net.br\/2022\/"},{"@type":"ListItem","position":2,"name":"Novo espa\u00e7o de eventos no Parque do Pe\u00e3o recebe nome do fundador Jos\u00e9 Brand\u00e3o Tupynamb\u00e1"}]},{"@type":"WebSite","@id":"https:\/\/regiaonews.net.br\/2022\/#website","url":"https:\/\/regiaonews.net.br\/2022\/","name":"Regi\u00e3o News","description":"Site de Not\u00edcias de Barretos e regi\u00e3o","publisher":{"@id":"https:\/\/regiaonews.net.br\/2022\/#organization"},"potentialAction":[{"@type":"SearchAction","target":{"@type":"EntryPoint","urlTemplate":"https:\/\/regiaonews.net.br\/2022\/?s={search_term_string}"},"query-input":{"@type":"PropertyValueSpecification","valueRequired":true,"valueName":"search_term_string"}}],"inLanguage":"pt-BR"},{"@type":"Organization","@id":"https:\/\/regiaonews.net.br\/2022\/#organization","name":"Regi\u00e3o News","url":"https:\/\/regiaonews.net.br\/2022\/","logo":{"@type":"ImageObject","inLanguage":"pt-BR","@id":"https:\/\/regiaonews.net.br\/2022\/#\/schema\/logo\/image\/","url":"https:\/\/regiaonews.net.br\/2022\/wp-content\/uploads\/2026\/03\/regiao-13-anos-scaled.jpg","contentUrl":"https:\/\/regiaonews.net.br\/2022\/wp-content\/uploads\/2026\/03\/regiao-13-anos-scaled.jpg","width":2560,"height":635,"caption":"Regi\u00e3o News"},"image":{"@id":"https:\/\/regiaonews.net.br\/2022\/#\/schema\/logo\/image\/"}},{"@type":"Person","@id":"https:\/\/regiaonews.net.br\/2022\/#\/schema\/person\/2d205a608a5aa97ac279d7a5e6d89ad8","name":"Roberto","image":{"@type":"ImageObject","inLanguage":"pt-BR","@id":"https:\/\/secure.gravatar.com\/avatar\/42749d8b712ff9d59ca93dc150494e5b55a44134482993f5baeb97e61b7ecc89?s=96&d=mm&r=g","url":"https:\/\/secure.gravatar.com\/avatar\/42749d8b712ff9d59ca93dc150494e5b55a44134482993f5baeb97e61b7ecc89?s=96&d=mm&r=g","contentUrl":"https:\/\/secure.gravatar.com\/avatar\/42749d8b712ff9d59ca93dc150494e5b55a44134482993f5baeb97e61b7ecc89?s=96&d=mm&r=g","caption":"Roberto"},"url":"https:\/\/regiaonews.net.br\/2022\/author\/roberto\/"}]}},"publishpress_future_action":{"enabled":false,"date":"2026-05-02 02:43:32","action":"change-status","newStatus":"draft","terms":[],"taxonomy":"category","extraData":[]},"publishpress_future_workflow_manual_trigger":{"enabledWorkflows":[]},"_links":{"self":[{"href":"https:\/\/regiaonews.net.br\/2022\/wp-json\/wp\/v2\/posts\/116266","targetHints":{"allow":["GET"]}}],"collection":[{"href":"https:\/\/regiaonews.net.br\/2022\/wp-json\/wp\/v2\/posts"}],"about":[{"href":"https:\/\/regiaonews.net.br\/2022\/wp-json\/wp\/v2\/types\/post"}],"author":[{"embeddable":true,"href":"https:\/\/regiaonews.net.br\/2022\/wp-json\/wp\/v2\/users\/2"}],"replies":[{"embeddable":true,"href":"https:\/\/regiaonews.net.br\/2022\/wp-json\/wp\/v2\/comments?post=116266"}],"version-history":[{"count":2,"href":"https:\/\/regiaonews.net.br\/2022\/wp-json\/wp\/v2\/posts\/116266\/revisions"}],"predecessor-version":[{"id":116269,"href":"https:\/\/regiaonews.net.br\/2022\/wp-json\/wp\/v2\/posts\/116266\/revisions\/116269"}],"wp:featuredmedia":[{"embeddable":true,"href":"https:\/\/regiaonews.net.br\/2022\/wp-json\/wp\/v2\/media\/116267"}],"wp:attachment":[{"href":"https:\/\/regiaonews.net.br\/2022\/wp-json\/wp\/v2\/media?parent=116266"}],"wp:term":[{"taxonomy":"category","embeddable":true,"href":"https:\/\/regiaonews.net.br\/2022\/wp-json\/wp\/v2\/categories?post=116266"},{"taxonomy":"post_tag","embeddable":true,"href":"https:\/\/regiaonews.net.br\/2022\/wp-json\/wp\/v2\/tags?post=116266"}],"curies":[{"name":"wp","href":"https:\/\/api.w.org\/{rel}","templated":true}]}}