{"id":116256,"date":"2025-04-07T19:06:05","date_gmt":"2025-04-07T22:06:05","guid":{"rendered":"https:\/\/regiaonews.net.br\/2022\/?p=116256"},"modified":"2025-04-07T19:06:14","modified_gmt":"2025-04-07T22:06:14","slug":"fundo-social-de-solidariedade-e-north-shopping-barretos-iniciam-campanha-do-agasalho-2025","status":"publish","type":"post","link":"https:\/\/regiaonews.net.br\/2022\/2025\/04\/07\/fundo-social-de-solidariedade-e-north-shopping-barretos-iniciam-campanha-do-agasalho-2025\/","title":{"rendered":"Fundo Social de Solidariedade e North Shopping Barretos iniciam Campanha do Agasalho 2025"},"content":{"rendered":"<p>Ponto de coleta est\u00e1 localizado em frente \u00e0 C&amp;A<\/p>\n<p>O Fundo Social de Solidariedade (FSS) da Est\u00e2ncia Tur\u00edstica de Barretos e o North Shopping Barretos deram in\u00edcio na \u00faltima semana \u00e0 Campanha do Agasalho 2025, para arrecada\u00e7\u00e3o de cobertores, agasalhos e pe\u00e7as de roupas em bom estado de conserva\u00e7\u00e3o.<br \/>\nAs doa\u00e7\u00f5es podem ser entregues no pr\u00f3prio centro de compras, no ponto de coleta localizado em frente \u00e0 loja C&amp;A. \u201cO shopping est\u00e1 sempre aberto \u00e0s a\u00e7\u00f5es sociais do Fundo Social de Solidariedade, da Prefeitura de Barretos e de todas as entidades que contribuem para o bem-estar da cidade. Neste momento \u00e9 fundamental que a popula\u00e7\u00e3o participe dessa campanha, doando agasalhos em bom estado\u201d, afirmou o gerente do Shopping, Ricardo Martins Marques.<br \/>\nOs itens arrecadados ser\u00e3o destinados \u00e0 popula\u00e7\u00e3o em vulnerabilidade social. \u201cA doa\u00e7\u00e3o para a campanha do agasalho \u00e9 importante porque ajuda quem est\u00e1 precisando a se aquecer no inverno. Ela oferece conforto e prote\u00e7\u00e3o, al\u00e9m de mostrar a solidariedade das pessoas. Atrav\u00e9s dessa a\u00e7\u00e3o, podemos fazer a diferen\u00e7a na vida de quem mais precisa\u201d, destacou a primeira-dama e presidente do FSS, Roselaine Silva.<\/p>\n","protected":false},"excerpt":{"rendered":"<p>Ponto de coleta est\u00e1 localizado em frente \u00e0 C&amp;A O<\/p>\n","protected":false},"author":2,"featured_media":116257,"comment_status":"open","ping_status":"open","sticky":false,"template":"","format":"standard","meta":{"footnotes":""},"categories":[14,25],"tags":[],"class_list":["post-116256","post","type-post","status-publish","format-standard","has-post-thumbnail","hentry","category-barretos","category-cidades"],"yoast_head":"<!-- This site is optimized with the Yoast SEO plugin v27.4 - https:\/\/yoast.com\/product\/yoast-seo-wordpress\/ -->\n<title>Fundo Social de Solidariedade e North Shopping Barretos iniciam Campanha do Agasalho 2025 - Regi\u00e3o News<\/title>\n<meta name=\"robots\" content=\"index, follow, max-snippet:-1, max-image-preview:large, max-video-preview:-1\" \/>\n<link rel=\"canonical\" href=\"https:\/\/regiaonews.net.br\/2022\/2025\/04\/07\/fundo-social-de-solidariedade-e-north-shopping-barretos-iniciam-campanha-do-agasalho-2025\/\" \/>\n<meta property=\"og:locale\" content=\"pt_BR\" \/>\n<meta property=\"og:type\" content=\"article\" \/>\n<meta property=\"og:title\" content=\"Fundo Social de Solidariedade e North Shopping Barretos iniciam Campanha do Agasalho 2025 - Regi\u00e3o News\" \/>\n<meta property=\"og:description\" content=\"Ponto de coleta est\u00e1 localizado em frente \u00e0 C&amp;A O\" \/>\n<meta property=\"og:url\" content=\"https:\/\/regiaonews.net.br\/2022\/2025\/04\/07\/fundo-social-de-solidariedade-e-north-shopping-barretos-iniciam-campanha-do-agasalho-2025\/\" \/>\n<meta property=\"og:site_name\" content=\"Regi\u00e3o News\" \/>\n<meta property=\"article:published_time\" content=\"2025-04-07T22:06:05+00:00\" \/>\n<meta property=\"article:modified_time\" content=\"2025-04-07T22:06:14+00:00\" \/>\n<meta property=\"og:image\" content=\"https:\/\/regiaonews.net.br\/2022\/wp-content\/uploads\/2025\/04\/WhatsApp-Image-2025-04-07-at-15.52.18.jpeg\" \/>\n\t<meta property=\"og:image:width\" content=\"1024\" \/>\n\t<meta property=\"og:image:height\" content=\"1280\" \/>\n\t<meta property=\"og:image:type\" content=\"image\/jpeg\" \/>\n<meta name=\"author\" content=\"Roberto\" \/>\n<meta name=\"twitter:card\" content=\"summary_large_image\" \/>\n<meta name=\"twitter:label1\" content=\"Escrito por\" \/>\n\t<meta name=\"twitter:data1\" content=\"Roberto\" \/>\n\t<meta name=\"twitter:label2\" content=\"Est. tempo de leitura\" \/>\n\t<meta name=\"twitter:data2\" content=\"2 minutos\" \/>\n<script type=\"application\/ld+json\" class=\"yoast-schema-graph\">{\"@context\":\"https:\\\/\\\/schema.org\",\"@graph\":[{\"@type\":\"Article\",\"@id\":\"https:\\\/\\\/regiaonews.net.br\\\/2022\\\/2025\\\/04\\\/07\\\/fundo-social-de-solidariedade-e-north-shopping-barretos-iniciam-campanha-do-agasalho-2025\\\/#article\",\"isPartOf\":{\"@id\":\"https:\\\/\\\/regiaonews.net.br\\\/2022\\\/2025\\\/04\\\/07\\\/fundo-social-de-solidariedade-e-north-shopping-barretos-iniciam-campanha-do-agasalho-2025\\\/\"},\"author\":{\"name\":\"Roberto\",\"@id\":\"https:\\\/\\\/regiaonews.net.br\\\/2022\\\/#\\\/schema\\\/person\\\/2d205a608a5aa97ac279d7a5e6d89ad8\"},\"headline\":\"Fundo Social de Solidariedade e North Shopping Barretos iniciam Campanha do Agasalho 2025\",\"datePublished\":\"2025-04-07T22:06:05+00:00\",\"dateModified\":\"2025-04-07T22:06:14+00:00\",\"mainEntityOfPage\":{\"@id\":\"https:\\\/\\\/regiaonews.net.br\\\/2022\\\/2025\\\/04\\\/07\\\/fundo-social-de-solidariedade-e-north-shopping-barretos-iniciam-campanha-do-agasalho-2025\\\/\"},\"wordCount\":211,\"commentCount\":0,\"publisher\":{\"@id\":\"https:\\\/\\\/regiaonews.net.br\\\/2022\\\/#organization\"},\"image\":{\"@id\":\"https:\\\/\\\/regiaonews.net.br\\\/2022\\\/2025\\\/04\\\/07\\\/fundo-social-de-solidariedade-e-north-shopping-barretos-iniciam-campanha-do-agasalho-2025\\\/#primaryimage\"},\"thumbnailUrl\":\"https:\\\/\\\/regiaonews.net.br\\\/2022\\\/wp-content\\\/uploads\\\/2025\\\/04\\\/WhatsApp-Image-2025-04-07-at-15.52.18.jpeg\",\"articleSection\":[\"Barretos\",\"Cidades\"],\"inLanguage\":\"pt-BR\",\"potentialAction\":[{\"@type\":\"CommentAction\",\"name\":\"Comment\",\"target\":[\"https:\\\/\\\/regiaonews.net.br\\\/2022\\\/2025\\\/04\\\/07\\\/fundo-social-de-solidariedade-e-north-shopping-barretos-iniciam-campanha-do-agasalho-2025\\\/#respond\"]}]},{\"@type\":\"WebPage\",\"@id\":\"https:\\\/\\\/regiaonews.net.br\\\/2022\\\/2025\\\/04\\\/07\\\/fundo-social-de-solidariedade-e-north-shopping-barretos-iniciam-campanha-do-agasalho-2025\\\/\",\"url\":\"https:\\\/\\\/regiaonews.net.br\\\/2022\\\/2025\\\/04\\\/07\\\/fundo-social-de-solidariedade-e-north-shopping-barretos-iniciam-campanha-do-agasalho-2025\\\/\",\"name\":\"Fundo Social de Solidariedade e North Shopping Barretos iniciam Campanha do Agasalho 2025 - Regi\u00e3o News\",\"isPartOf\":{\"@id\":\"https:\\\/\\\/regiaonews.net.br\\\/2022\\\/#website\"},\"primaryImageOfPage\":{\"@id\":\"https:\\\/\\\/regiaonews.net.br\\\/2022\\\/2025\\\/04\\\/07\\\/fundo-social-de-solidariedade-e-north-shopping-barretos-iniciam-campanha-do-agasalho-2025\\\/#primaryimage\"},\"image\":{\"@id\":\"https:\\\/\\\/regiaonews.net.br\\\/2022\\\/2025\\\/04\\\/07\\\/fundo-social-de-solidariedade-e-north-shopping-barretos-iniciam-campanha-do-agasalho-2025\\\/#primaryimage\"},\"thumbnailUrl\":\"https:\\\/\\\/regiaonews.net.br\\\/2022\\\/wp-content\\\/uploads\\\/2025\\\/04\\\/WhatsApp-Image-2025-04-07-at-15.52.18.jpeg\",\"datePublished\":\"2025-04-07T22:06:05+00:00\",\"dateModified\":\"2025-04-07T22:06:14+00:00\",\"breadcrumb\":{\"@id\":\"https:\\\/\\\/regiaonews.net.br\\\/2022\\\/2025\\\/04\\\/07\\\/fundo-social-de-solidariedade-e-north-shopping-barretos-iniciam-campanha-do-agasalho-2025\\\/#breadcrumb\"},\"inLanguage\":\"pt-BR\",\"potentialAction\":[{\"@type\":\"ReadAction\",\"target\":[\"https:\\\/\\\/regiaonews.net.br\\\/2022\\\/2025\\\/04\\\/07\\\/fundo-social-de-solidariedade-e-north-shopping-barretos-iniciam-campanha-do-agasalho-2025\\\/\"]}]},{\"@type\":\"ImageObject\",\"inLanguage\":\"pt-BR\",\"@id\":\"https:\\\/\\\/regiaonews.net.br\\\/2022\\\/2025\\\/04\\\/07\\\/fundo-social-de-solidariedade-e-north-shopping-barretos-iniciam-campanha-do-agasalho-2025\\\/#primaryimage\",\"url\":\"https:\\\/\\\/regiaonews.net.br\\\/2022\\\/wp-content\\\/uploads\\\/2025\\\/04\\\/WhatsApp-Image-2025-04-07-at-15.52.18.jpeg\",\"contentUrl\":\"https:\\\/\\\/regiaonews.net.br\\\/2022\\\/wp-content\\\/uploads\\\/2025\\\/04\\\/WhatsApp-Image-2025-04-07-at-15.52.18.jpeg\",\"width\":1024,\"height\":1280},{\"@type\":\"BreadcrumbList\",\"@id\":\"https:\\\/\\\/regiaonews.net.br\\\/2022\\\/2025\\\/04\\\/07\\\/fundo-social-de-solidariedade-e-north-shopping-barretos-iniciam-campanha-do-agasalho-2025\\\/#breadcrumb\",\"itemListElement\":[{\"@type\":\"ListItem\",\"position\":1,\"name\":\"In\u00edcio\",\"item\":\"https:\\\/\\\/regiaonews.net.br\\\/2022\\\/\"},{\"@type\":\"ListItem\",\"position\":2,\"name\":\"Fundo Social de Solidariedade e North Shopping Barretos iniciam Campanha do Agasalho 2025\"}]},{\"@type\":\"WebSite\",\"@id\":\"https:\\\/\\\/regiaonews.net.br\\\/2022\\\/#website\",\"url\":\"https:\\\/\\\/regiaonews.net.br\\\/2022\\\/\",\"name\":\"Regi\u00e3o News\",\"description\":\"Site de Not\u00edcias de Barretos e regi\u00e3o\",\"publisher\":{\"@id\":\"https:\\\/\\\/regiaonews.net.br\\\/2022\\\/#organization\"},\"potentialAction\":[{\"@type\":\"SearchAction\",\"target\":{\"@type\":\"EntryPoint\",\"urlTemplate\":\"https:\\\/\\\/regiaonews.net.br\\\/2022\\\/?s={search_term_string}\"},\"query-input\":{\"@type\":\"PropertyValueSpecification\",\"valueRequired\":true,\"valueName\":\"search_term_string\"}}],\"inLanguage\":\"pt-BR\"},{\"@type\":\"Organization\",\"@id\":\"https:\\\/\\\/regiaonews.net.br\\\/2022\\\/#organization\",\"name\":\"Regi\u00e3o News\",\"url\":\"https:\\\/\\\/regiaonews.net.br\\\/2022\\\/\",\"logo\":{\"@type\":\"ImageObject\",\"inLanguage\":\"pt-BR\",\"@id\":\"https:\\\/\\\/regiaonews.net.br\\\/2022\\\/#\\\/schema\\\/logo\\\/image\\\/\",\"url\":\"https:\\\/\\\/regiaonews.net.br\\\/2022\\\/wp-content\\\/uploads\\\/2026\\\/03\\\/regiao-13-anos-scaled.jpg\",\"contentUrl\":\"https:\\\/\\\/regiaonews.net.br\\\/2022\\\/wp-content\\\/uploads\\\/2026\\\/03\\\/regiao-13-anos-scaled.jpg\",\"width\":2560,\"height\":635,\"caption\":\"Regi\u00e3o News\"},\"image\":{\"@id\":\"https:\\\/\\\/regiaonews.net.br\\\/2022\\\/#\\\/schema\\\/logo\\\/image\\\/\"}},{\"@type\":\"Person\",\"@id\":\"https:\\\/\\\/regiaonews.net.br\\\/2022\\\/#\\\/schema\\\/person\\\/2d205a608a5aa97ac279d7a5e6d89ad8\",\"name\":\"Roberto\",\"image\":{\"@type\":\"ImageObject\",\"inLanguage\":\"pt-BR\",\"@id\":\"https:\\\/\\\/secure.gravatar.com\\\/avatar\\\/42749d8b712ff9d59ca93dc150494e5b55a44134482993f5baeb97e61b7ecc89?s=96&d=mm&r=g\",\"url\":\"https:\\\/\\\/secure.gravatar.com\\\/avatar\\\/42749d8b712ff9d59ca93dc150494e5b55a44134482993f5baeb97e61b7ecc89?s=96&d=mm&r=g\",\"contentUrl\":\"https:\\\/\\\/secure.gravatar.com\\\/avatar\\\/42749d8b712ff9d59ca93dc150494e5b55a44134482993f5baeb97e61b7ecc89?s=96&d=mm&r=g\",\"caption\":\"Roberto\"},\"url\":\"https:\\\/\\\/regiaonews.net.br\\\/2022\\\/author\\\/roberto\\\/\"}]}<\/script>\n<!-- \/ Yoast SEO plugin. -->","yoast_head_json":{"title":"Fundo Social de Solidariedade e North Shopping Barretos iniciam Campanha do Agasalho 2025 - Regi\u00e3o News","robots":{"index":"index","follow":"follow","max-snippet":"max-snippet:-1","max-image-preview":"max-image-preview:large","max-video-preview":"max-video-preview:-1"},"canonical":"https:\/\/regiaonews.net.br\/2022\/2025\/04\/07\/fundo-social-de-solidariedade-e-north-shopping-barretos-iniciam-campanha-do-agasalho-2025\/","og_locale":"pt_BR","og_type":"article","og_title":"Fundo Social de Solidariedade e North Shopping Barretos iniciam Campanha do Agasalho 2025 - Regi\u00e3o News","og_description":"Ponto de coleta est\u00e1 localizado em frente \u00e0 C&amp;A O","og_url":"https:\/\/regiaonews.net.br\/2022\/2025\/04\/07\/fundo-social-de-solidariedade-e-north-shopping-barretos-iniciam-campanha-do-agasalho-2025\/","og_site_name":"Regi\u00e3o News","article_published_time":"2025-04-07T22:06:05+00:00","article_modified_time":"2025-04-07T22:06:14+00:00","og_image":[{"width":1024,"height":1280,"url":"https:\/\/regiaonews.net.br\/2022\/wp-content\/uploads\/2025\/04\/WhatsApp-Image-2025-04-07-at-15.52.18.jpeg","type":"image\/jpeg"}],"author":"Roberto","twitter_card":"summary_large_image","twitter_misc":{"Escrito por":"Roberto","Est. tempo de leitura":"2 minutos"},"schema":{"@context":"https:\/\/schema.org","@graph":[{"@type":"Article","@id":"https:\/\/regiaonews.net.br\/2022\/2025\/04\/07\/fundo-social-de-solidariedade-e-north-shopping-barretos-iniciam-campanha-do-agasalho-2025\/#article","isPartOf":{"@id":"https:\/\/regiaonews.net.br\/2022\/2025\/04\/07\/fundo-social-de-solidariedade-e-north-shopping-barretos-iniciam-campanha-do-agasalho-2025\/"},"author":{"name":"Roberto","@id":"https:\/\/regiaonews.net.br\/2022\/#\/schema\/person\/2d205a608a5aa97ac279d7a5e6d89ad8"},"headline":"Fundo Social de Solidariedade e North Shopping Barretos iniciam Campanha do Agasalho 2025","datePublished":"2025-04-07T22:06:05+00:00","dateModified":"2025-04-07T22:06:14+00:00","mainEntityOfPage":{"@id":"https:\/\/regiaonews.net.br\/2022\/2025\/04\/07\/fundo-social-de-solidariedade-e-north-shopping-barretos-iniciam-campanha-do-agasalho-2025\/"},"wordCount":211,"commentCount":0,"publisher":{"@id":"https:\/\/regiaonews.net.br\/2022\/#organization"},"image":{"@id":"https:\/\/regiaonews.net.br\/2022\/2025\/04\/07\/fundo-social-de-solidariedade-e-north-shopping-barretos-iniciam-campanha-do-agasalho-2025\/#primaryimage"},"thumbnailUrl":"https:\/\/regiaonews.net.br\/2022\/wp-content\/uploads\/2025\/04\/WhatsApp-Image-2025-04-07-at-15.52.18.jpeg","articleSection":["Barretos","Cidades"],"inLanguage":"pt-BR","potentialAction":[{"@type":"CommentAction","name":"Comment","target":["https:\/\/regiaonews.net.br\/2022\/2025\/04\/07\/fundo-social-de-solidariedade-e-north-shopping-barretos-iniciam-campanha-do-agasalho-2025\/#respond"]}]},{"@type":"WebPage","@id":"https:\/\/regiaonews.net.br\/2022\/2025\/04\/07\/fundo-social-de-solidariedade-e-north-shopping-barretos-iniciam-campanha-do-agasalho-2025\/","url":"https:\/\/regiaonews.net.br\/2022\/2025\/04\/07\/fundo-social-de-solidariedade-e-north-shopping-barretos-iniciam-campanha-do-agasalho-2025\/","name":"Fundo Social de Solidariedade e North Shopping Barretos iniciam Campanha do Agasalho 2025 - Regi\u00e3o News","isPartOf":{"@id":"https:\/\/regiaonews.net.br\/2022\/#website"},"primaryImageOfPage":{"@id":"https:\/\/regiaonews.net.br\/2022\/2025\/04\/07\/fundo-social-de-solidariedade-e-north-shopping-barretos-iniciam-campanha-do-agasalho-2025\/#primaryimage"},"image":{"@id":"https:\/\/regiaonews.net.br\/2022\/2025\/04\/07\/fundo-social-de-solidariedade-e-north-shopping-barretos-iniciam-campanha-do-agasalho-2025\/#primaryimage"},"thumbnailUrl":"https:\/\/regiaonews.net.br\/2022\/wp-content\/uploads\/2025\/04\/WhatsApp-Image-2025-04-07-at-15.52.18.jpeg","datePublished":"2025-04-07T22:06:05+00:00","dateModified":"2025-04-07T22:06:14+00:00","breadcrumb":{"@id":"https:\/\/regiaonews.net.br\/2022\/2025\/04\/07\/fundo-social-de-solidariedade-e-north-shopping-barretos-iniciam-campanha-do-agasalho-2025\/#breadcrumb"},"inLanguage":"pt-BR","potentialAction":[{"@type":"ReadAction","target":["https:\/\/regiaonews.net.br\/2022\/2025\/04\/07\/fundo-social-de-solidariedade-e-north-shopping-barretos-iniciam-campanha-do-agasalho-2025\/"]}]},{"@type":"ImageObject","inLanguage":"pt-BR","@id":"https:\/\/regiaonews.net.br\/2022\/2025\/04\/07\/fundo-social-de-solidariedade-e-north-shopping-barretos-iniciam-campanha-do-agasalho-2025\/#primaryimage","url":"https:\/\/regiaonews.net.br\/2022\/wp-content\/uploads\/2025\/04\/WhatsApp-Image-2025-04-07-at-15.52.18.jpeg","contentUrl":"https:\/\/regiaonews.net.br\/2022\/wp-content\/uploads\/2025\/04\/WhatsApp-Image-2025-04-07-at-15.52.18.jpeg","width":1024,"height":1280},{"@type":"BreadcrumbList","@id":"https:\/\/regiaonews.net.br\/2022\/2025\/04\/07\/fundo-social-de-solidariedade-e-north-shopping-barretos-iniciam-campanha-do-agasalho-2025\/#breadcrumb","itemListElement":[{"@type":"ListItem","position":1,"name":"In\u00edcio","item":"https:\/\/regiaonews.net.br\/2022\/"},{"@type":"ListItem","position":2,"name":"Fundo Social de Solidariedade e North Shopping Barretos iniciam Campanha do Agasalho 2025"}]},{"@type":"WebSite","@id":"https:\/\/regiaonews.net.br\/2022\/#website","url":"https:\/\/regiaonews.net.br\/2022\/","name":"Regi\u00e3o News","description":"Site de Not\u00edcias de Barretos e regi\u00e3o","publisher":{"@id":"https:\/\/regiaonews.net.br\/2022\/#organization"},"potentialAction":[{"@type":"SearchAction","target":{"@type":"EntryPoint","urlTemplate":"https:\/\/regiaonews.net.br\/2022\/?s={search_term_string}"},"query-input":{"@type":"PropertyValueSpecification","valueRequired":true,"valueName":"search_term_string"}}],"inLanguage":"pt-BR"},{"@type":"Organization","@id":"https:\/\/regiaonews.net.br\/2022\/#organization","name":"Regi\u00e3o News","url":"https:\/\/regiaonews.net.br\/2022\/","logo":{"@type":"ImageObject","inLanguage":"pt-BR","@id":"https:\/\/regiaonews.net.br\/2022\/#\/schema\/logo\/image\/","url":"https:\/\/regiaonews.net.br\/2022\/wp-content\/uploads\/2026\/03\/regiao-13-anos-scaled.jpg","contentUrl":"https:\/\/regiaonews.net.br\/2022\/wp-content\/uploads\/2026\/03\/regiao-13-anos-scaled.jpg","width":2560,"height":635,"caption":"Regi\u00e3o News"},"image":{"@id":"https:\/\/regiaonews.net.br\/2022\/#\/schema\/logo\/image\/"}},{"@type":"Person","@id":"https:\/\/regiaonews.net.br\/2022\/#\/schema\/person\/2d205a608a5aa97ac279d7a5e6d89ad8","name":"Roberto","image":{"@type":"ImageObject","inLanguage":"pt-BR","@id":"https:\/\/secure.gravatar.com\/avatar\/42749d8b712ff9d59ca93dc150494e5b55a44134482993f5baeb97e61b7ecc89?s=96&d=mm&r=g","url":"https:\/\/secure.gravatar.com\/avatar\/42749d8b712ff9d59ca93dc150494e5b55a44134482993f5baeb97e61b7ecc89?s=96&d=mm&r=g","contentUrl":"https:\/\/secure.gravatar.com\/avatar\/42749d8b712ff9d59ca93dc150494e5b55a44134482993f5baeb97e61b7ecc89?s=96&d=mm&r=g","caption":"Roberto"},"url":"https:\/\/regiaonews.net.br\/2022\/author\/roberto\/"}]}},"publishpress_future_action":{"enabled":false,"date":"2026-05-02 02:45:03","action":"change-status","newStatus":"draft","terms":[],"taxonomy":"category","extraData":[]},"publishpress_future_workflow_manual_trigger":{"enabledWorkflows":[]},"_links":{"self":[{"href":"https:\/\/regiaonews.net.br\/2022\/wp-json\/wp\/v2\/posts\/116256","targetHints":{"allow":["GET"]}}],"collection":[{"href":"https:\/\/regiaonews.net.br\/2022\/wp-json\/wp\/v2\/posts"}],"about":[{"href":"https:\/\/regiaonews.net.br\/2022\/wp-json\/wp\/v2\/types\/post"}],"author":[{"embeddable":true,"href":"https:\/\/regiaonews.net.br\/2022\/wp-json\/wp\/v2\/users\/2"}],"replies":[{"embeddable":true,"href":"https:\/\/regiaonews.net.br\/2022\/wp-json\/wp\/v2\/comments?post=116256"}],"version-history":[{"count":1,"href":"https:\/\/regiaonews.net.br\/2022\/wp-json\/wp\/v2\/posts\/116256\/revisions"}],"predecessor-version":[{"id":116258,"href":"https:\/\/regiaonews.net.br\/2022\/wp-json\/wp\/v2\/posts\/116256\/revisions\/116258"}],"wp:featuredmedia":[{"embeddable":true,"href":"https:\/\/regiaonews.net.br\/2022\/wp-json\/wp\/v2\/media\/116257"}],"wp:attachment":[{"href":"https:\/\/regiaonews.net.br\/2022\/wp-json\/wp\/v2\/media?parent=116256"}],"wp:term":[{"taxonomy":"category","embeddable":true,"href":"https:\/\/regiaonews.net.br\/2022\/wp-json\/wp\/v2\/categories?post=116256"},{"taxonomy":"post_tag","embeddable":true,"href":"https:\/\/regiaonews.net.br\/2022\/wp-json\/wp\/v2\/tags?post=116256"}],"curies":[{"name":"wp","href":"https:\/\/api.w.org\/{rel}","templated":true}]}}