{"id":116096,"date":"2025-04-01T19:29:20","date_gmt":"2025-04-01T22:29:20","guid":{"rendered":"https:\/\/regiaonews.net.br\/2022\/?p=116096"},"modified":"2025-04-01T19:29:20","modified_gmt":"2025-04-01T22:29:20","slug":"no-mes-de-aniversario-sebrae-sp-tem-intensa-programacao-de-cursos-e-eventos-na-regiao-de-barretos","status":"publish","type":"post","link":"https:\/\/regiaonews.net.br\/2022\/2025\/04\/01\/no-mes-de-aniversario-sebrae-sp-tem-intensa-programacao-de-cursos-e-eventos-na-regiao-de-barretos\/","title":{"rendered":"No m\u00eas de anivers\u00e1rio, Sebrae-SP tem intensa programa\u00e7\u00e3o de cursos e eventos na regi\u00e3o de Barretos"},"content":{"rendered":"<p>S\u00e3o 27 a\u00e7\u00f5es programadas para comemorar os 27 anos do Sebrae na regi\u00e3o<br \/>\nO Escrit\u00f3rio Regional do Sebrae-SP em Barretos completa 27 anos de atua\u00e7\u00e3o na regi\u00e3o neste dia 1\u00ba de abril e para celebrar a data foi preparada uma agenda especial com exatas 27 a\u00e7\u00f5es, entre cursos, oficinas, palestras, comemora\u00e7\u00f5es e uma edi\u00e7\u00e3o especial do semin\u00e1rio Empretec.<br \/>\nO primeiro desses eventos ocorreu na manh\u00e3 desta ter\u00e7a-feira, no Escrit\u00f3rio Regional, em mais uma edi\u00e7\u00e3o do &#8220;Caf\u00e9 com a Imprensa&#8221;, reunindo mais de 30 profissionais de comunica\u00e7\u00e3o, influenciadores e convidados.<br \/>\nA equipe, liderada pelo gerente Rafael Matos do Carmo, recebeu os profissionais informando o vasto calend\u00e1rio do m\u00eas. O padre Emerson Manoel da Silva conduziu um momento de f\u00e9 para aben\u00e7oar a programa\u00e7\u00e3o de abril e marcar o dia de anivers\u00e1rio da unidade regional com um momento de reflex\u00e3o.<br \/>\nA unidade do Sebrae-SP atende uma regi\u00e3o com 23 munic\u00edpios: Altair, Ariranha, Barretos, Bebedouro, Cajobi, Colina, Col\u00f4mbia, Emba\u00faba, Gua\u00edra, Guaraci, Ic\u00e9m, Ipu\u00e3, Jaborandi, Monte Azul Paulista, Morro Agudo, Para\u00edso, Pirangi, Taia\u00e7u, Tai\u00fava, Taquaral, Terra Roxa, Sever\u00ednia e Viradouro. Tem pontos de atendimento em 22 deles, os chamados Sebrae Aqui.<br \/>\n&#8220;Administrar uma empresa significa investir no fortalecimento e desenvolvimento do empreendedorismo, gerando impacto positivo na economia local e impulsionando micro e pequenas empresas em diversos setores&#8221;, afirma Rafael Matos do Carmo, gerente regional do Sebrae-SP.<br \/>\nO Escrit\u00f3rio Regional presta atendimento a uma popula\u00e7\u00e3o estimada em 500 mil habitantes, com 60 mil micro e pequenas empresas, sendo que 20 mil atuam no agroneg\u00f3cio, 15 mil no com\u00e9rcio, 22 mil no setor de servi\u00e7os e 3 mil na ind\u00fastria.<br \/>\nO Escrit\u00f3rio foi inaugurado em 1\u00ba de abril de 1998, na Avenida 13, n\u00ba 767. Em agosto de 2009, mudou-se para um espa\u00e7o pr\u00f3prio, mais amplo, onde permanece at\u00e9 hoje, localizado na Rua 14, n\u00ba 735, no centro da cidade.<\/p>\n<p>:: Confira a agenda de cursos por munic\u00edpio ::<\/p>\n<p>Altair<br \/>\n&#8220;Comece a organizar a sua ideia de neg\u00f3cio&#8221;<br \/>\nData: 30 de abril<br \/>\nHor\u00e1rio: 18h<br \/>\nLocal: Fundo Social, localizado na Av. 4, n\u00ba 210, Altair<\/p>\n<p>Ariranha<br \/>\nOficina: &#8220;Projeto de Vida &#8211; Reflex\u00f5es e Pr\u00e1ticas&#8221;<br \/>\nData:15 de abril<br \/>\nHor\u00e1rio: 18h30<br \/>\nLocal: Teatro Municipal, localizado na rua Jos\u00e9 Ayusso, 210, Ariranha<\/p>\n<p>Barretos &#8211; 13 a\u00e7\u00f5es<br \/>\n&#8220;Curso: Maquiagem para peles negras&#8221;<br \/>\nDatas: 31\/3, 1, 2, 3, 7, 9, 10, 14, 16 e 17 de abril<br \/>\nHor\u00e1rio: 18h30<br \/>\nLocal: Casa Afro de Barretos, localizada na R. Clarice das Dores Rodrigues, 300, Derby Clube<\/p>\n<p>Palestra sobre o programa Spark \u2013 Sebrae for Startups<br \/>\nData: 3 de abril<br \/>\nHor\u00e1rio: 21h<br \/>\nLocal: Teatro Jorge Andrade, Unifeb, Barretos<\/p>\n<p>Clube de Neg\u00f3cios Barretos<br \/>\nData de lan\u00e7amento: 4 de abril<br \/>\nLocal: A\u00e7\u00f5es online e no Escrit\u00f3rio Regional Barretos<\/p>\n<p>Curso: Leme da Lideran\u00e7a C\u00edvica<br \/>\nData: 8 e 29 de abril<br \/>\nHor\u00e1rio: 8h<br \/>\nLocal: Escrit\u00f3rio do Sebrae-SP em Barretos<\/p>\n<p>Lan\u00e7amento do Projeto Barretos 4.0<br \/>\nData: 11 de abril<br \/>\nHor\u00e1rio: 8h30<br \/>\nLocal: Prefeitura de Barretos<\/p>\n<p>Curso: Marketing e Finan\u00e7as na pr\u00e1tica<br \/>\nData: 14 e 15 de abril<br \/>\nHor\u00e1rio: 18h30<br \/>\nLocal: Escrit\u00f3rio do Sebrae-SP em Barretos<\/p>\n<p>Curso: Turbine seu neg\u00f3cio<br \/>\nData: 22, 23, 24 e 25 de abril<br \/>\nHor\u00e1rio: 18h30<br \/>\nLocal: Escrit\u00f3rio do Sebrae-SP em Barretos<\/p>\n<p>Palestra: Cidades Inteligentes<br \/>\nData: 25 de abril<br \/>\nHor\u00e1rio: 9h30<br \/>\nLocal: Sala do Centerplex Cinemas \u2013 North Shopping Barretos<\/p>\n<p>Inaugura\u00e7\u00e3o do Posto do Sebrae Aqui na Acib<br \/>\nData: 25 de abril<br \/>\nHor\u00e1rio: a definir<br \/>\nLocal: Acib (Associa\u00e7\u00e3o Comercial e Industrial de Barretos)<\/p>\n<p>Palestra: Intelig\u00eancia Artificial para Com\u00e9rcio<br \/>\nData: 28 de abril<br \/>\nHor\u00e1rio: 19h<br \/>\nLocal: a definir<\/p>\n<p>Projeto: Empreender Mulher<br \/>\nData: 29 de abril<br \/>\nHor\u00e1rio: 19h<br \/>\nLocal: OAB Barretos<br \/>\nParceiros: OAB, Conex\u00e3o Feminina, Assist\u00eancia e Fundo Social de Barretos<\/p>\n<p>Miss\u00e3o leva produtores de Barretos e regi\u00e3o<br \/>\nDatas: Barretos\/Bebedouro (29\/04), Col\u00f4mbia (30\/04) e Gua\u00edra (1 de maio) para Agrishow 2025&#8243;<br \/>\nHor\u00e1rio de partida: a partir das 6h<br \/>\nVolta: 17h<br \/>\nLocal: Feira Agrishow 2025 &#8211; Feira Internacional de Tecnologia Agr\u00edcola em A\u00e7\u00e3o, localizada na Rodovia Prefeito Ant\u00f4nio Duarte Nogueira, Km 321 &#8211; Ribeir\u00e3o Preto<\/p>\n<p>Curso on-line<br \/>\nSuper Vendas &#8211; Dia das M\u00e3es &#8211; Fa\u00e7a o seu neg\u00f3cio avan\u00e7ar com IA<br \/>\nData: 15 de abril<br \/>\nHor\u00e1rio: 19h30<br \/>\nLocal: on-line<\/p>\n<p>Bebedouro &#8211; 4 eventos<br \/>\nAprenda t\u00e9cnicas de design de sobrancelhas<br \/>\nData: 2 a 16 de abril<br \/>\nHor\u00e1rio: 18h<br \/>\nLocal: Fundo Social de Bebedouro \u2013 localizado na rua \u00c2ngelo Salvador, 114-180 &#8211; Vila Maj. Cicero de Carvalho<\/p>\n<p>Turbine Seu Neg\u00f3cio<br \/>\nData: de 7 a 10 de abril<br \/>\nHor\u00e1rio: 18h<br \/>\nLocal: Sebrae Aqui de Bebedouro, localizado na rua \u00c2ngelo Salvador, 114-180 &#8211; Vila Maj. Cicero de Carvalho<\/p>\n<p>Semin\u00e1rio Empretec em Bebedouro<br \/>\nData: 7 a 12 de abril<br \/>\nHor\u00e1rio: a partir das 8h<br \/>\nLocal: CFC \u2013 Credicitrus Bebedouro<\/p>\n<p>Palestra de Sensibiliza\u00e7\u00e3o do Empretec em Bebedouro<br \/>\nData: 29 de abril<br \/>\nHor\u00e1rio: 19h<br \/>\nLocal: Casa dos Conselhos, Bebedouro SP<\/p>\n<p>Colina<br \/>\nCaf\u00e9 com Empres\u00e1rios em Colina<br \/>\nData: 24 de abril<br \/>\nHor\u00e1rio: 8h30<br \/>\nLocal: Audit\u00f3rio da ACIC, localizado na Avenida Pio de Melo Nogueira, 65, Centro<\/p>\n<p>Ic\u00e9m &#8211; 2 eventos<br \/>\nCurso: Seja uma Empres\u00e1ria criativa no mundo dos neg\u00f3cios<br \/>\nData: 1 de abril<br \/>\nHor\u00e1rio: 18h30<br \/>\nLocal: Escola Maria Rezende, localizada na Rua Jo\u00e3o Pedro de Moraes, Ic\u00e9m<\/p>\n<p>Seja um empreendedor com atitudes certeiras \u2013 Como Criar uma Cooperativa<br \/>\nData: 3 de abril<br \/>\nHor\u00e1rio: 19h<br \/>\nLocal: Escola Maria Rezende, localizada na rua Jo\u00e3o Pedro de Moraes, Ic\u00e9m<br \/>\nP\u00fablico-alvo: artes\u00e3os<\/p>\n<p>Morro Agudo<br \/>\nLan\u00e7amento do Projeto Beleza Empreendedora em Morro Agudo<br \/>\nData: 8 de abril<br \/>\nHor\u00e1rio: 19h<br \/>\nLocal: ACIMA, localizada na rua Nove de Julho, n\u00ba 400, Centro<\/p>\n<p>Para\u00edso<br \/>\nSebrae M\u00f3vel na cidade de Para\u00edso<br \/>\nData: 10 de abril<br \/>\nHor\u00e1rio: 15h \u00e0s 22h<br \/>\nLocal: Pra\u00e7a da Matriz \u2013 Para\u00edso<\/p>\n<p>Pirangi<br \/>\nPrepare e Venda Cupcakes<br \/>\nData: de 2 a 11 de abril<br \/>\nHor\u00e1rio: 12h<br \/>\nLocal: Sebrae Aqui de Pirangi, localizado na avenida Carmem L\u00facia Giglio Girade, 1730, Centro<\/p>\n<p>Tai\u00fava<br \/>\nIntelig\u00eancia Emocional e Seus Impactos<br \/>\nData: 28 de abril<br \/>\nHor\u00e1rio: 18h<br \/>\nLocal: Centro F\u00edsico, localizado na Travessa Roberto Carlos Velho, s\/n, Centro, Tai\u00fava<\/p>\n<p>Terra Roxa<br \/>\nCurso: Empreenda R\u00e1pido: Aprenda T\u00e9cnicas de Esmalta\u00e7\u00e3o em Gel (MARGAR)<br \/>\nData: 1 a 11 de abril<br \/>\nHor\u00e1rio: 18h<br \/>\nLocal: rua Avelino Stellato, 48 &#8211; Jd. Real, Terra Roxa<\/p>\n","protected":false},"excerpt":{"rendered":"<p>S\u00e3o 27 a\u00e7\u00f5es programadas para comemorar os 27 anos do<\/p>\n","protected":false},"author":2,"featured_media":116097,"comment_status":"open","ping_status":"open","sticky":false,"template":"","format":"standard","meta":{"footnotes":""},"categories":[14,25],"tags":[],"class_list":["post-116096","post","type-post","status-publish","format-standard","has-post-thumbnail","hentry","category-barretos","category-cidades"],"yoast_head":"<!-- This site is optimized with the Yoast SEO plugin v27.4 - https:\/\/yoast.com\/product\/yoast-seo-wordpress\/ -->\n<title>No m\u00eas de anivers\u00e1rio, Sebrae-SP tem intensa programa\u00e7\u00e3o de cursos e eventos na regi\u00e3o de Barretos - Regi\u00e3o News<\/title>\n<meta name=\"robots\" content=\"index, follow, max-snippet:-1, max-image-preview:large, max-video-preview:-1\" \/>\n<link rel=\"canonical\" href=\"https:\/\/regiaonews.net.br\/2022\/2025\/04\/01\/no-mes-de-aniversario-sebrae-sp-tem-intensa-programacao-de-cursos-e-eventos-na-regiao-de-barretos\/\" \/>\n<meta property=\"og:locale\" content=\"pt_BR\" \/>\n<meta property=\"og:type\" content=\"article\" \/>\n<meta property=\"og:title\" content=\"No m\u00eas de anivers\u00e1rio, Sebrae-SP tem intensa programa\u00e7\u00e3o de cursos e eventos na regi\u00e3o de Barretos - Regi\u00e3o News\" \/>\n<meta property=\"og:description\" content=\"S\u00e3o 27 a\u00e7\u00f5es programadas para comemorar os 27 anos do\" \/>\n<meta property=\"og:url\" content=\"https:\/\/regiaonews.net.br\/2022\/2025\/04\/01\/no-mes-de-aniversario-sebrae-sp-tem-intensa-programacao-de-cursos-e-eventos-na-regiao-de-barretos\/\" \/>\n<meta property=\"og:site_name\" content=\"Regi\u00e3o News\" \/>\n<meta property=\"article:published_time\" content=\"2025-04-01T22:29:20+00:00\" \/>\n<meta property=\"og:image\" content=\"https:\/\/regiaonews.net.br\/2022\/wp-content\/uploads\/2025\/04\/WhatsApp-Image-2025-04-01-at-17.06.05.jpeg\" \/>\n\t<meta property=\"og:image:width\" content=\"1280\" \/>\n\t<meta property=\"og:image:height\" content=\"960\" \/>\n\t<meta property=\"og:image:type\" content=\"image\/jpeg\" \/>\n<meta name=\"author\" content=\"Roberto\" \/>\n<meta name=\"twitter:card\" content=\"summary_large_image\" \/>\n<meta name=\"twitter:label1\" content=\"Escrito por\" \/>\n\t<meta name=\"twitter:data1\" content=\"Roberto\" \/>\n\t<meta name=\"twitter:label2\" content=\"Est. tempo de leitura\" \/>\n\t<meta name=\"twitter:data2\" content=\"6 minutos\" \/>\n<script type=\"application\/ld+json\" class=\"yoast-schema-graph\">{\"@context\":\"https:\\\/\\\/schema.org\",\"@graph\":[{\"@type\":\"Article\",\"@id\":\"https:\\\/\\\/regiaonews.net.br\\\/2022\\\/2025\\\/04\\\/01\\\/no-mes-de-aniversario-sebrae-sp-tem-intensa-programacao-de-cursos-e-eventos-na-regiao-de-barretos\\\/#article\",\"isPartOf\":{\"@id\":\"https:\\\/\\\/regiaonews.net.br\\\/2022\\\/2025\\\/04\\\/01\\\/no-mes-de-aniversario-sebrae-sp-tem-intensa-programacao-de-cursos-e-eventos-na-regiao-de-barretos\\\/\"},\"author\":{\"name\":\"Roberto\",\"@id\":\"https:\\\/\\\/regiaonews.net.br\\\/2022\\\/#\\\/schema\\\/person\\\/2d205a608a5aa97ac279d7a5e6d89ad8\"},\"headline\":\"No m\u00eas de anivers\u00e1rio, Sebrae-SP tem intensa programa\u00e7\u00e3o de cursos e eventos na regi\u00e3o de Barretos\",\"datePublished\":\"2025-04-01T22:29:20+00:00\",\"mainEntityOfPage\":{\"@id\":\"https:\\\/\\\/regiaonews.net.br\\\/2022\\\/2025\\\/04\\\/01\\\/no-mes-de-aniversario-sebrae-sp-tem-intensa-programacao-de-cursos-e-eventos-na-regiao-de-barretos\\\/\"},\"wordCount\":1051,\"commentCount\":0,\"publisher\":{\"@id\":\"https:\\\/\\\/regiaonews.net.br\\\/2022\\\/#organization\"},\"image\":{\"@id\":\"https:\\\/\\\/regiaonews.net.br\\\/2022\\\/2025\\\/04\\\/01\\\/no-mes-de-aniversario-sebrae-sp-tem-intensa-programacao-de-cursos-e-eventos-na-regiao-de-barretos\\\/#primaryimage\"},\"thumbnailUrl\":\"https:\\\/\\\/regiaonews.net.br\\\/2022\\\/wp-content\\\/uploads\\\/2025\\\/04\\\/WhatsApp-Image-2025-04-01-at-17.06.05.jpeg\",\"articleSection\":[\"Barretos\",\"Cidades\"],\"inLanguage\":\"pt-BR\",\"potentialAction\":[{\"@type\":\"CommentAction\",\"name\":\"Comment\",\"target\":[\"https:\\\/\\\/regiaonews.net.br\\\/2022\\\/2025\\\/04\\\/01\\\/no-mes-de-aniversario-sebrae-sp-tem-intensa-programacao-de-cursos-e-eventos-na-regiao-de-barretos\\\/#respond\"]}]},{\"@type\":\"WebPage\",\"@id\":\"https:\\\/\\\/regiaonews.net.br\\\/2022\\\/2025\\\/04\\\/01\\\/no-mes-de-aniversario-sebrae-sp-tem-intensa-programacao-de-cursos-e-eventos-na-regiao-de-barretos\\\/\",\"url\":\"https:\\\/\\\/regiaonews.net.br\\\/2022\\\/2025\\\/04\\\/01\\\/no-mes-de-aniversario-sebrae-sp-tem-intensa-programacao-de-cursos-e-eventos-na-regiao-de-barretos\\\/\",\"name\":\"No m\u00eas de anivers\u00e1rio, Sebrae-SP tem intensa programa\u00e7\u00e3o de cursos e eventos na regi\u00e3o de Barretos - Regi\u00e3o News\",\"isPartOf\":{\"@id\":\"https:\\\/\\\/regiaonews.net.br\\\/2022\\\/#website\"},\"primaryImageOfPage\":{\"@id\":\"https:\\\/\\\/regiaonews.net.br\\\/2022\\\/2025\\\/04\\\/01\\\/no-mes-de-aniversario-sebrae-sp-tem-intensa-programacao-de-cursos-e-eventos-na-regiao-de-barretos\\\/#primaryimage\"},\"image\":{\"@id\":\"https:\\\/\\\/regiaonews.net.br\\\/2022\\\/2025\\\/04\\\/01\\\/no-mes-de-aniversario-sebrae-sp-tem-intensa-programacao-de-cursos-e-eventos-na-regiao-de-barretos\\\/#primaryimage\"},\"thumbnailUrl\":\"https:\\\/\\\/regiaonews.net.br\\\/2022\\\/wp-content\\\/uploads\\\/2025\\\/04\\\/WhatsApp-Image-2025-04-01-at-17.06.05.jpeg\",\"datePublished\":\"2025-04-01T22:29:20+00:00\",\"breadcrumb\":{\"@id\":\"https:\\\/\\\/regiaonews.net.br\\\/2022\\\/2025\\\/04\\\/01\\\/no-mes-de-aniversario-sebrae-sp-tem-intensa-programacao-de-cursos-e-eventos-na-regiao-de-barretos\\\/#breadcrumb\"},\"inLanguage\":\"pt-BR\",\"potentialAction\":[{\"@type\":\"ReadAction\",\"target\":[\"https:\\\/\\\/regiaonews.net.br\\\/2022\\\/2025\\\/04\\\/01\\\/no-mes-de-aniversario-sebrae-sp-tem-intensa-programacao-de-cursos-e-eventos-na-regiao-de-barretos\\\/\"]}]},{\"@type\":\"ImageObject\",\"inLanguage\":\"pt-BR\",\"@id\":\"https:\\\/\\\/regiaonews.net.br\\\/2022\\\/2025\\\/04\\\/01\\\/no-mes-de-aniversario-sebrae-sp-tem-intensa-programacao-de-cursos-e-eventos-na-regiao-de-barretos\\\/#primaryimage\",\"url\":\"https:\\\/\\\/regiaonews.net.br\\\/2022\\\/wp-content\\\/uploads\\\/2025\\\/04\\\/WhatsApp-Image-2025-04-01-at-17.06.05.jpeg\",\"contentUrl\":\"https:\\\/\\\/regiaonews.net.br\\\/2022\\\/wp-content\\\/uploads\\\/2025\\\/04\\\/WhatsApp-Image-2025-04-01-at-17.06.05.jpeg\",\"width\":1280,\"height\":960},{\"@type\":\"BreadcrumbList\",\"@id\":\"https:\\\/\\\/regiaonews.net.br\\\/2022\\\/2025\\\/04\\\/01\\\/no-mes-de-aniversario-sebrae-sp-tem-intensa-programacao-de-cursos-e-eventos-na-regiao-de-barretos\\\/#breadcrumb\",\"itemListElement\":[{\"@type\":\"ListItem\",\"position\":1,\"name\":\"In\u00edcio\",\"item\":\"https:\\\/\\\/regiaonews.net.br\\\/2022\\\/\"},{\"@type\":\"ListItem\",\"position\":2,\"name\":\"No m\u00eas de anivers\u00e1rio, Sebrae-SP tem intensa programa\u00e7\u00e3o de cursos e eventos na regi\u00e3o de Barretos\"}]},{\"@type\":\"WebSite\",\"@id\":\"https:\\\/\\\/regiaonews.net.br\\\/2022\\\/#website\",\"url\":\"https:\\\/\\\/regiaonews.net.br\\\/2022\\\/\",\"name\":\"Regi\u00e3o News\",\"description\":\"Site de Not\u00edcias de Barretos e regi\u00e3o\",\"publisher\":{\"@id\":\"https:\\\/\\\/regiaonews.net.br\\\/2022\\\/#organization\"},\"potentialAction\":[{\"@type\":\"SearchAction\",\"target\":{\"@type\":\"EntryPoint\",\"urlTemplate\":\"https:\\\/\\\/regiaonews.net.br\\\/2022\\\/?s={search_term_string}\"},\"query-input\":{\"@type\":\"PropertyValueSpecification\",\"valueRequired\":true,\"valueName\":\"search_term_string\"}}],\"inLanguage\":\"pt-BR\"},{\"@type\":\"Organization\",\"@id\":\"https:\\\/\\\/regiaonews.net.br\\\/2022\\\/#organization\",\"name\":\"Regi\u00e3o News\",\"url\":\"https:\\\/\\\/regiaonews.net.br\\\/2022\\\/\",\"logo\":{\"@type\":\"ImageObject\",\"inLanguage\":\"pt-BR\",\"@id\":\"https:\\\/\\\/regiaonews.net.br\\\/2022\\\/#\\\/schema\\\/logo\\\/image\\\/\",\"url\":\"https:\\\/\\\/regiaonews.net.br\\\/2022\\\/wp-content\\\/uploads\\\/2026\\\/03\\\/regiao-13-anos-scaled.jpg\",\"contentUrl\":\"https:\\\/\\\/regiaonews.net.br\\\/2022\\\/wp-content\\\/uploads\\\/2026\\\/03\\\/regiao-13-anos-scaled.jpg\",\"width\":2560,\"height\":635,\"caption\":\"Regi\u00e3o News\"},\"image\":{\"@id\":\"https:\\\/\\\/regiaonews.net.br\\\/2022\\\/#\\\/schema\\\/logo\\\/image\\\/\"}},{\"@type\":\"Person\",\"@id\":\"https:\\\/\\\/regiaonews.net.br\\\/2022\\\/#\\\/schema\\\/person\\\/2d205a608a5aa97ac279d7a5e6d89ad8\",\"name\":\"Roberto\",\"image\":{\"@type\":\"ImageObject\",\"inLanguage\":\"pt-BR\",\"@id\":\"https:\\\/\\\/secure.gravatar.com\\\/avatar\\\/42749d8b712ff9d59ca93dc150494e5b55a44134482993f5baeb97e61b7ecc89?s=96&d=mm&r=g\",\"url\":\"https:\\\/\\\/secure.gravatar.com\\\/avatar\\\/42749d8b712ff9d59ca93dc150494e5b55a44134482993f5baeb97e61b7ecc89?s=96&d=mm&r=g\",\"contentUrl\":\"https:\\\/\\\/secure.gravatar.com\\\/avatar\\\/42749d8b712ff9d59ca93dc150494e5b55a44134482993f5baeb97e61b7ecc89?s=96&d=mm&r=g\",\"caption\":\"Roberto\"},\"url\":\"https:\\\/\\\/regiaonews.net.br\\\/2022\\\/author\\\/roberto\\\/\"}]}<\/script>\n<!-- \/ Yoast SEO plugin. -->","yoast_head_json":{"title":"No m\u00eas de anivers\u00e1rio, Sebrae-SP tem intensa programa\u00e7\u00e3o de cursos e eventos na regi\u00e3o de Barretos - Regi\u00e3o News","robots":{"index":"index","follow":"follow","max-snippet":"max-snippet:-1","max-image-preview":"max-image-preview:large","max-video-preview":"max-video-preview:-1"},"canonical":"https:\/\/regiaonews.net.br\/2022\/2025\/04\/01\/no-mes-de-aniversario-sebrae-sp-tem-intensa-programacao-de-cursos-e-eventos-na-regiao-de-barretos\/","og_locale":"pt_BR","og_type":"article","og_title":"No m\u00eas de anivers\u00e1rio, Sebrae-SP tem intensa programa\u00e7\u00e3o de cursos e eventos na regi\u00e3o de Barretos - Regi\u00e3o News","og_description":"S\u00e3o 27 a\u00e7\u00f5es programadas para comemorar os 27 anos do","og_url":"https:\/\/regiaonews.net.br\/2022\/2025\/04\/01\/no-mes-de-aniversario-sebrae-sp-tem-intensa-programacao-de-cursos-e-eventos-na-regiao-de-barretos\/","og_site_name":"Regi\u00e3o News","article_published_time":"2025-04-01T22:29:20+00:00","og_image":[{"width":1280,"height":960,"url":"https:\/\/regiaonews.net.br\/2022\/wp-content\/uploads\/2025\/04\/WhatsApp-Image-2025-04-01-at-17.06.05.jpeg","type":"image\/jpeg"}],"author":"Roberto","twitter_card":"summary_large_image","twitter_misc":{"Escrito por":"Roberto","Est. tempo de leitura":"6 minutos"},"schema":{"@context":"https:\/\/schema.org","@graph":[{"@type":"Article","@id":"https:\/\/regiaonews.net.br\/2022\/2025\/04\/01\/no-mes-de-aniversario-sebrae-sp-tem-intensa-programacao-de-cursos-e-eventos-na-regiao-de-barretos\/#article","isPartOf":{"@id":"https:\/\/regiaonews.net.br\/2022\/2025\/04\/01\/no-mes-de-aniversario-sebrae-sp-tem-intensa-programacao-de-cursos-e-eventos-na-regiao-de-barretos\/"},"author":{"name":"Roberto","@id":"https:\/\/regiaonews.net.br\/2022\/#\/schema\/person\/2d205a608a5aa97ac279d7a5e6d89ad8"},"headline":"No m\u00eas de anivers\u00e1rio, Sebrae-SP tem intensa programa\u00e7\u00e3o de cursos e eventos na regi\u00e3o de Barretos","datePublished":"2025-04-01T22:29:20+00:00","mainEntityOfPage":{"@id":"https:\/\/regiaonews.net.br\/2022\/2025\/04\/01\/no-mes-de-aniversario-sebrae-sp-tem-intensa-programacao-de-cursos-e-eventos-na-regiao-de-barretos\/"},"wordCount":1051,"commentCount":0,"publisher":{"@id":"https:\/\/regiaonews.net.br\/2022\/#organization"},"image":{"@id":"https:\/\/regiaonews.net.br\/2022\/2025\/04\/01\/no-mes-de-aniversario-sebrae-sp-tem-intensa-programacao-de-cursos-e-eventos-na-regiao-de-barretos\/#primaryimage"},"thumbnailUrl":"https:\/\/regiaonews.net.br\/2022\/wp-content\/uploads\/2025\/04\/WhatsApp-Image-2025-04-01-at-17.06.05.jpeg","articleSection":["Barretos","Cidades"],"inLanguage":"pt-BR","potentialAction":[{"@type":"CommentAction","name":"Comment","target":["https:\/\/regiaonews.net.br\/2022\/2025\/04\/01\/no-mes-de-aniversario-sebrae-sp-tem-intensa-programacao-de-cursos-e-eventos-na-regiao-de-barretos\/#respond"]}]},{"@type":"WebPage","@id":"https:\/\/regiaonews.net.br\/2022\/2025\/04\/01\/no-mes-de-aniversario-sebrae-sp-tem-intensa-programacao-de-cursos-e-eventos-na-regiao-de-barretos\/","url":"https:\/\/regiaonews.net.br\/2022\/2025\/04\/01\/no-mes-de-aniversario-sebrae-sp-tem-intensa-programacao-de-cursos-e-eventos-na-regiao-de-barretos\/","name":"No m\u00eas de anivers\u00e1rio, Sebrae-SP tem intensa programa\u00e7\u00e3o de cursos e eventos na regi\u00e3o de Barretos - Regi\u00e3o News","isPartOf":{"@id":"https:\/\/regiaonews.net.br\/2022\/#website"},"primaryImageOfPage":{"@id":"https:\/\/regiaonews.net.br\/2022\/2025\/04\/01\/no-mes-de-aniversario-sebrae-sp-tem-intensa-programacao-de-cursos-e-eventos-na-regiao-de-barretos\/#primaryimage"},"image":{"@id":"https:\/\/regiaonews.net.br\/2022\/2025\/04\/01\/no-mes-de-aniversario-sebrae-sp-tem-intensa-programacao-de-cursos-e-eventos-na-regiao-de-barretos\/#primaryimage"},"thumbnailUrl":"https:\/\/regiaonews.net.br\/2022\/wp-content\/uploads\/2025\/04\/WhatsApp-Image-2025-04-01-at-17.06.05.jpeg","datePublished":"2025-04-01T22:29:20+00:00","breadcrumb":{"@id":"https:\/\/regiaonews.net.br\/2022\/2025\/04\/01\/no-mes-de-aniversario-sebrae-sp-tem-intensa-programacao-de-cursos-e-eventos-na-regiao-de-barretos\/#breadcrumb"},"inLanguage":"pt-BR","potentialAction":[{"@type":"ReadAction","target":["https:\/\/regiaonews.net.br\/2022\/2025\/04\/01\/no-mes-de-aniversario-sebrae-sp-tem-intensa-programacao-de-cursos-e-eventos-na-regiao-de-barretos\/"]}]},{"@type":"ImageObject","inLanguage":"pt-BR","@id":"https:\/\/regiaonews.net.br\/2022\/2025\/04\/01\/no-mes-de-aniversario-sebrae-sp-tem-intensa-programacao-de-cursos-e-eventos-na-regiao-de-barretos\/#primaryimage","url":"https:\/\/regiaonews.net.br\/2022\/wp-content\/uploads\/2025\/04\/WhatsApp-Image-2025-04-01-at-17.06.05.jpeg","contentUrl":"https:\/\/regiaonews.net.br\/2022\/wp-content\/uploads\/2025\/04\/WhatsApp-Image-2025-04-01-at-17.06.05.jpeg","width":1280,"height":960},{"@type":"BreadcrumbList","@id":"https:\/\/regiaonews.net.br\/2022\/2025\/04\/01\/no-mes-de-aniversario-sebrae-sp-tem-intensa-programacao-de-cursos-e-eventos-na-regiao-de-barretos\/#breadcrumb","itemListElement":[{"@type":"ListItem","position":1,"name":"In\u00edcio","item":"https:\/\/regiaonews.net.br\/2022\/"},{"@type":"ListItem","position":2,"name":"No m\u00eas de anivers\u00e1rio, Sebrae-SP tem intensa programa\u00e7\u00e3o de cursos e eventos na regi\u00e3o de Barretos"}]},{"@type":"WebSite","@id":"https:\/\/regiaonews.net.br\/2022\/#website","url":"https:\/\/regiaonews.net.br\/2022\/","name":"Regi\u00e3o News","description":"Site de Not\u00edcias de Barretos e regi\u00e3o","publisher":{"@id":"https:\/\/regiaonews.net.br\/2022\/#organization"},"potentialAction":[{"@type":"SearchAction","target":{"@type":"EntryPoint","urlTemplate":"https:\/\/regiaonews.net.br\/2022\/?s={search_term_string}"},"query-input":{"@type":"PropertyValueSpecification","valueRequired":true,"valueName":"search_term_string"}}],"inLanguage":"pt-BR"},{"@type":"Organization","@id":"https:\/\/regiaonews.net.br\/2022\/#organization","name":"Regi\u00e3o News","url":"https:\/\/regiaonews.net.br\/2022\/","logo":{"@type":"ImageObject","inLanguage":"pt-BR","@id":"https:\/\/regiaonews.net.br\/2022\/#\/schema\/logo\/image\/","url":"https:\/\/regiaonews.net.br\/2022\/wp-content\/uploads\/2026\/03\/regiao-13-anos-scaled.jpg","contentUrl":"https:\/\/regiaonews.net.br\/2022\/wp-content\/uploads\/2026\/03\/regiao-13-anos-scaled.jpg","width":2560,"height":635,"caption":"Regi\u00e3o News"},"image":{"@id":"https:\/\/regiaonews.net.br\/2022\/#\/schema\/logo\/image\/"}},{"@type":"Person","@id":"https:\/\/regiaonews.net.br\/2022\/#\/schema\/person\/2d205a608a5aa97ac279d7a5e6d89ad8","name":"Roberto","image":{"@type":"ImageObject","inLanguage":"pt-BR","@id":"https:\/\/secure.gravatar.com\/avatar\/42749d8b712ff9d59ca93dc150494e5b55a44134482993f5baeb97e61b7ecc89?s=96&d=mm&r=g","url":"https:\/\/secure.gravatar.com\/avatar\/42749d8b712ff9d59ca93dc150494e5b55a44134482993f5baeb97e61b7ecc89?s=96&d=mm&r=g","contentUrl":"https:\/\/secure.gravatar.com\/avatar\/42749d8b712ff9d59ca93dc150494e5b55a44134482993f5baeb97e61b7ecc89?s=96&d=mm&r=g","caption":"Roberto"},"url":"https:\/\/regiaonews.net.br\/2022\/author\/roberto\/"}]}},"publishpress_future_action":{"enabled":false,"date":"2026-05-02 04:13:59","action":"change-status","newStatus":"draft","terms":[],"taxonomy":"category","extraData":[]},"publishpress_future_workflow_manual_trigger":{"enabledWorkflows":[]},"_links":{"self":[{"href":"https:\/\/regiaonews.net.br\/2022\/wp-json\/wp\/v2\/posts\/116096","targetHints":{"allow":["GET"]}}],"collection":[{"href":"https:\/\/regiaonews.net.br\/2022\/wp-json\/wp\/v2\/posts"}],"about":[{"href":"https:\/\/regiaonews.net.br\/2022\/wp-json\/wp\/v2\/types\/post"}],"author":[{"embeddable":true,"href":"https:\/\/regiaonews.net.br\/2022\/wp-json\/wp\/v2\/users\/2"}],"replies":[{"embeddable":true,"href":"https:\/\/regiaonews.net.br\/2022\/wp-json\/wp\/v2\/comments?post=116096"}],"version-history":[{"count":1,"href":"https:\/\/regiaonews.net.br\/2022\/wp-json\/wp\/v2\/posts\/116096\/revisions"}],"predecessor-version":[{"id":116098,"href":"https:\/\/regiaonews.net.br\/2022\/wp-json\/wp\/v2\/posts\/116096\/revisions\/116098"}],"wp:featuredmedia":[{"embeddable":true,"href":"https:\/\/regiaonews.net.br\/2022\/wp-json\/wp\/v2\/media\/116097"}],"wp:attachment":[{"href":"https:\/\/regiaonews.net.br\/2022\/wp-json\/wp\/v2\/media?parent=116096"}],"wp:term":[{"taxonomy":"category","embeddable":true,"href":"https:\/\/regiaonews.net.br\/2022\/wp-json\/wp\/v2\/categories?post=116096"},{"taxonomy":"post_tag","embeddable":true,"href":"https:\/\/regiaonews.net.br\/2022\/wp-json\/wp\/v2\/tags?post=116096"}],"curies":[{"name":"wp","href":"https:\/\/api.w.org\/{rel}","templated":true}]}}