{"id":116093,"date":"2025-04-01T19:27:26","date_gmt":"2025-04-01T22:27:26","guid":{"rendered":"https:\/\/regiaonews.net.br\/2022\/?p=116093"},"modified":"2025-04-01T19:27:26","modified_gmt":"2025-04-01T22:27:26","slug":"prevencao-no-centro-de-barretos-mais-de-100-mamografias-em-um-dia","status":"publish","type":"post","link":"https:\/\/regiaonews.net.br\/2022\/2025\/04\/01\/prevencao-no-centro-de-barretos-mais-de-100-mamografias-em-um-dia\/","title":{"rendered":"Preven\u00e7\u00e3o no centro de Barretos: Mais de 100 mamografias em um dia"},"content":{"rendered":"<p>&nbsp;<\/p>\n<p>A equipe da Carreta do Hospital de Amor atendeu em frente ao Recinto do in\u00edcio da manh\u00e3 at\u00e9 21h. Mar\u00e7o Lil\u00e1s: Tamb\u00e9m foram realizados exames Papanicolau, prevenindo c\u00e2ncer do colo de \u00fatero<\/p>\n<p>Barretos conclui o m\u00eas das mulheres com mais uma importante a\u00e7\u00e3o de preven\u00e7\u00e3o. A equipe da carreta do Hospital de Amor (H.A.) realizou 102 mamografias e 41 exames Papanicolau nesta segunda-feira, 31 de mar\u00e7o, desde o in\u00edcio da manh\u00e3 at\u00e9 as 21h. A equipe da Aten\u00e7\u00e3o B\u00e1sica da Secretaria Municipal de Sa\u00fade dividiu estrategicamente as vagas oferecidas pela Preven\u00e7\u00e3o do H.A. entre diversas Unidades B\u00e1sicas de Sa\u00fade (UBSs) da cidade, e os profissionais das unidades foram realizando os agendamentos das mulheres ao longo do m\u00eas.<\/p>\n<p>Por meio da mamografia, o c\u00e2ncer de mama pode ser identificado em est\u00e1gio inicial, o que pode ser decisivo para o sucesso no tratamento. Mulheres entre 40 e 69 anos devem fazer o exame regularmente e podem agendar a mamografia sem encaminhamento m\u00e9dico: basta entrar em contato pelo WhatsApp (17) 3321-6626 ou telefonar para (17) 3321-6600 e agendar o exame diretamente com o Instituto de Preven\u00e7\u00e3o do H.A.<\/p>\n<p>Papanicolau e vacina contra HPV<br \/>\nAo longo do m\u00eas foi desenvolvida a Campanha Mar\u00e7o Lil\u00e1s, que visa \u00e0 preven\u00e7\u00e3o do c\u00e2ncer do colo de \u00fatero. A vacina contra HPV \u00e9 uma importante forma de preven\u00e7\u00e3o, protegendo contra o c\u00e2ncer de colo de \u00fatero e o de garganta, entre outros. Meninas e meninos de 9 a 14 anos devem tom\u00e1-la. As vacinas s\u00e3o aplicadas nas UBSs o ano todo, de segunda a sexta-feira das 8 \u00e0s 16h, e no Novo Post\u00e3o, das 8 \u00e0s 12h.<\/p>\n<p>O exame Papanicolau dever ser feito regularmente por mulheres de 25 a 64 anos, pois identifica altera\u00e7\u00f5es e, quanto mais cedo a doen\u00e7a \u00e9 descoberta, maior a chance de sucesso no tratamento. Al\u00e9m de a\u00e7\u00f5es itinerantes como a desta semana, o Papanicolau \u00e9 disponibilizado nas unidades o ano todo. As mulheres nessa faixa de idade devem procurar a UBS para agendar o exame ou entrarem em contato com a Preven\u00e7\u00e3o do Hospital de Amor, pelo WhatsApp (17) 3321-6626.<\/p>\n<p>Al\u00e9m disso, o uso de preservativos contribui para diminuir o risco de cont\u00e1gio pelo HPV. Preservativos s\u00e3o distribu\u00eddos gratuitamente em todas as UBSs de Barretos.<\/p>\n<p>Preven\u00e7\u00e3o em dia<br \/>\nA camareira Maria Tatiane Gon\u00e7alves Batista, 47 anos, foi uma das mulheres que aproveitaram para colocar a preven\u00e7\u00e3o em dia nesta segunda-feira. \u201cAchei mais pr\u00e1tico fazer a mamografia aqui. Tinha algum tempo que eu n\u00e3o fazia, moro no Vida Nova e fui l\u00e1 na UBS para uma consulta. Eles me ofereceram para fazer o Papanicolau l\u00e1 mesmo no dia e a mamografia aqui hoje\u201d, ressaltou.<\/p>\n<p>Moradora do Mar\u00edlia, a auxiliar de limpeza M\u00e1rcia Cristina Viana, de 53 anos, tamb\u00e9m aprovou a localiza\u00e7\u00e3o em que a carreta ficou estacionada, entre o Recinto Paulo de Lima Correa e o Novo Post\u00e3o. \u201cA funcion\u00e1ria da UBS comentou com a minha filha que ia ter mamografia aqui. Minha filha me avisou, j\u00e1 agendamos l\u00e1 atrav\u00e9s da unidade mesmo e deu certo\u201d, destacou.<\/p>\n<p>Quem trabalha na \u00e1rea da sa\u00fade tamb\u00e9m precisa por os pr\u00f3prios exames em dia; e foi isso que a Andrea Aparecida Zanotti Dias, 54 anos, fez. Ela \u00e9 auxiliar administrativa no Post\u00e3o e, com a carreta estacionada ali do lado, foi mais uma mulher a atualizar a mamografia e o Papanicolau. \u201cAqui \u00e9 muito bom\u201d, afirmou.<\/p>\n<p>\u201cRealmente muito bom. A agente de sa\u00fade l\u00e1 do S\u00e3o Francisco me ligou perguntando se eu queria fazer e marcou para mim\u201d, relatou a cozinheira Cristiane Santana da Silva, 51 anos. Ela contou que desde ent\u00e3o se programou para comparecer no exame nesta segunda, mas elogiou a equipe da unidade e a da carreta que ligaram, respectivamente, na sexta e na segunda de manh\u00e3 para lembr\u00e1-la sobre o exame.<\/p>\n<p>Elaine Xavier, que coordena a carreta, informou que v\u00e1rias das mulheres que realizaram o exame nesta segunda n\u00e3o faziam a mamografia desde que a carreta esteve nesse mesmo local em 2021. \u201cTivemos uma boa ades\u00e3o da popula\u00e7\u00e3o barretense. Elas aprovam a agilidade com que o exame \u00e9 feito na carreta\u201d, ressaltou.<\/p>\n","protected":false},"excerpt":{"rendered":"<p>&nbsp; A equipe da Carreta do Hospital de Amor atendeu<\/p>\n","protected":false},"author":2,"featured_media":116094,"comment_status":"open","ping_status":"open","sticky":false,"template":"","format":"standard","meta":{"footnotes":""},"categories":[14,25],"tags":[],"class_list":["post-116093","post","type-post","status-publish","format-standard","has-post-thumbnail","hentry","category-barretos","category-cidades"],"yoast_head":"<!-- This site is optimized with the Yoast SEO plugin v27.4 - https:\/\/yoast.com\/product\/yoast-seo-wordpress\/ -->\n<title>Preven\u00e7\u00e3o no centro de Barretos: Mais de 100 mamografias em um dia - Regi\u00e3o News<\/title>\n<meta name=\"robots\" content=\"index, follow, max-snippet:-1, max-image-preview:large, max-video-preview:-1\" \/>\n<link rel=\"canonical\" href=\"https:\/\/regiaonews.net.br\/2022\/2025\/04\/01\/prevencao-no-centro-de-barretos-mais-de-100-mamografias-em-um-dia\/\" \/>\n<meta property=\"og:locale\" content=\"pt_BR\" \/>\n<meta property=\"og:type\" content=\"article\" \/>\n<meta property=\"og:title\" content=\"Preven\u00e7\u00e3o no centro de Barretos: Mais de 100 mamografias em um dia - Regi\u00e3o News\" \/>\n<meta property=\"og:description\" content=\"&nbsp; A equipe da Carreta do Hospital de Amor atendeu\" \/>\n<meta property=\"og:url\" content=\"https:\/\/regiaonews.net.br\/2022\/2025\/04\/01\/prevencao-no-centro-de-barretos-mais-de-100-mamografias-em-um-dia\/\" \/>\n<meta property=\"og:site_name\" content=\"Regi\u00e3o News\" \/>\n<meta property=\"article:published_time\" content=\"2025-04-01T22:27:26+00:00\" \/>\n<meta property=\"og:image\" content=\"https:\/\/regiaonews.net.br\/2022\/wp-content\/uploads\/2025\/04\/WhatsApp-Image-2025-04-01-at-17.06.06-1.jpeg\" \/>\n\t<meta property=\"og:image:width\" content=\"1600\" \/>\n\t<meta property=\"og:image:height\" content=\"1067\" \/>\n\t<meta property=\"og:image:type\" content=\"image\/jpeg\" \/>\n<meta name=\"author\" content=\"Roberto\" \/>\n<meta name=\"twitter:card\" content=\"summary_large_image\" \/>\n<meta name=\"twitter:label1\" content=\"Escrito por\" \/>\n\t<meta name=\"twitter:data1\" content=\"Roberto\" \/>\n\t<meta name=\"twitter:label2\" content=\"Est. tempo de leitura\" \/>\n\t<meta name=\"twitter:data2\" content=\"4 minutos\" \/>\n<script type=\"application\/ld+json\" class=\"yoast-schema-graph\">{\"@context\":\"https:\\\/\\\/schema.org\",\"@graph\":[{\"@type\":\"Article\",\"@id\":\"https:\\\/\\\/regiaonews.net.br\\\/2022\\\/2025\\\/04\\\/01\\\/prevencao-no-centro-de-barretos-mais-de-100-mamografias-em-um-dia\\\/#article\",\"isPartOf\":{\"@id\":\"https:\\\/\\\/regiaonews.net.br\\\/2022\\\/2025\\\/04\\\/01\\\/prevencao-no-centro-de-barretos-mais-de-100-mamografias-em-um-dia\\\/\"},\"author\":{\"name\":\"Roberto\",\"@id\":\"https:\\\/\\\/regiaonews.net.br\\\/2022\\\/#\\\/schema\\\/person\\\/2d205a608a5aa97ac279d7a5e6d89ad8\"},\"headline\":\"Preven\u00e7\u00e3o no centro de Barretos: Mais de 100 mamografias em um dia\",\"datePublished\":\"2025-04-01T22:27:26+00:00\",\"mainEntityOfPage\":{\"@id\":\"https:\\\/\\\/regiaonews.net.br\\\/2022\\\/2025\\\/04\\\/01\\\/prevencao-no-centro-de-barretos-mais-de-100-mamografias-em-um-dia\\\/\"},\"wordCount\":733,\"commentCount\":0,\"publisher\":{\"@id\":\"https:\\\/\\\/regiaonews.net.br\\\/2022\\\/#organization\"},\"image\":{\"@id\":\"https:\\\/\\\/regiaonews.net.br\\\/2022\\\/2025\\\/04\\\/01\\\/prevencao-no-centro-de-barretos-mais-de-100-mamografias-em-um-dia\\\/#primaryimage\"},\"thumbnailUrl\":\"https:\\\/\\\/regiaonews.net.br\\\/2022\\\/wp-content\\\/uploads\\\/2025\\\/04\\\/WhatsApp-Image-2025-04-01-at-17.06.06-1.jpeg\",\"articleSection\":[\"Barretos\",\"Cidades\"],\"inLanguage\":\"pt-BR\",\"potentialAction\":[{\"@type\":\"CommentAction\",\"name\":\"Comment\",\"target\":[\"https:\\\/\\\/regiaonews.net.br\\\/2022\\\/2025\\\/04\\\/01\\\/prevencao-no-centro-de-barretos-mais-de-100-mamografias-em-um-dia\\\/#respond\"]}]},{\"@type\":\"WebPage\",\"@id\":\"https:\\\/\\\/regiaonews.net.br\\\/2022\\\/2025\\\/04\\\/01\\\/prevencao-no-centro-de-barretos-mais-de-100-mamografias-em-um-dia\\\/\",\"url\":\"https:\\\/\\\/regiaonews.net.br\\\/2022\\\/2025\\\/04\\\/01\\\/prevencao-no-centro-de-barretos-mais-de-100-mamografias-em-um-dia\\\/\",\"name\":\"Preven\u00e7\u00e3o no centro de Barretos: Mais de 100 mamografias em um dia - Regi\u00e3o News\",\"isPartOf\":{\"@id\":\"https:\\\/\\\/regiaonews.net.br\\\/2022\\\/#website\"},\"primaryImageOfPage\":{\"@id\":\"https:\\\/\\\/regiaonews.net.br\\\/2022\\\/2025\\\/04\\\/01\\\/prevencao-no-centro-de-barretos-mais-de-100-mamografias-em-um-dia\\\/#primaryimage\"},\"image\":{\"@id\":\"https:\\\/\\\/regiaonews.net.br\\\/2022\\\/2025\\\/04\\\/01\\\/prevencao-no-centro-de-barretos-mais-de-100-mamografias-em-um-dia\\\/#primaryimage\"},\"thumbnailUrl\":\"https:\\\/\\\/regiaonews.net.br\\\/2022\\\/wp-content\\\/uploads\\\/2025\\\/04\\\/WhatsApp-Image-2025-04-01-at-17.06.06-1.jpeg\",\"datePublished\":\"2025-04-01T22:27:26+00:00\",\"breadcrumb\":{\"@id\":\"https:\\\/\\\/regiaonews.net.br\\\/2022\\\/2025\\\/04\\\/01\\\/prevencao-no-centro-de-barretos-mais-de-100-mamografias-em-um-dia\\\/#breadcrumb\"},\"inLanguage\":\"pt-BR\",\"potentialAction\":[{\"@type\":\"ReadAction\",\"target\":[\"https:\\\/\\\/regiaonews.net.br\\\/2022\\\/2025\\\/04\\\/01\\\/prevencao-no-centro-de-barretos-mais-de-100-mamografias-em-um-dia\\\/\"]}]},{\"@type\":\"ImageObject\",\"inLanguage\":\"pt-BR\",\"@id\":\"https:\\\/\\\/regiaonews.net.br\\\/2022\\\/2025\\\/04\\\/01\\\/prevencao-no-centro-de-barretos-mais-de-100-mamografias-em-um-dia\\\/#primaryimage\",\"url\":\"https:\\\/\\\/regiaonews.net.br\\\/2022\\\/wp-content\\\/uploads\\\/2025\\\/04\\\/WhatsApp-Image-2025-04-01-at-17.06.06-1.jpeg\",\"contentUrl\":\"https:\\\/\\\/regiaonews.net.br\\\/2022\\\/wp-content\\\/uploads\\\/2025\\\/04\\\/WhatsApp-Image-2025-04-01-at-17.06.06-1.jpeg\",\"width\":1600,\"height\":1067},{\"@type\":\"BreadcrumbList\",\"@id\":\"https:\\\/\\\/regiaonews.net.br\\\/2022\\\/2025\\\/04\\\/01\\\/prevencao-no-centro-de-barretos-mais-de-100-mamografias-em-um-dia\\\/#breadcrumb\",\"itemListElement\":[{\"@type\":\"ListItem\",\"position\":1,\"name\":\"In\u00edcio\",\"item\":\"https:\\\/\\\/regiaonews.net.br\\\/2022\\\/\"},{\"@type\":\"ListItem\",\"position\":2,\"name\":\"Preven\u00e7\u00e3o no centro de Barretos: Mais de 100 mamografias em um dia\"}]},{\"@type\":\"WebSite\",\"@id\":\"https:\\\/\\\/regiaonews.net.br\\\/2022\\\/#website\",\"url\":\"https:\\\/\\\/regiaonews.net.br\\\/2022\\\/\",\"name\":\"Regi\u00e3o News\",\"description\":\"Site de Not\u00edcias de Barretos e regi\u00e3o\",\"publisher\":{\"@id\":\"https:\\\/\\\/regiaonews.net.br\\\/2022\\\/#organization\"},\"potentialAction\":[{\"@type\":\"SearchAction\",\"target\":{\"@type\":\"EntryPoint\",\"urlTemplate\":\"https:\\\/\\\/regiaonews.net.br\\\/2022\\\/?s={search_term_string}\"},\"query-input\":{\"@type\":\"PropertyValueSpecification\",\"valueRequired\":true,\"valueName\":\"search_term_string\"}}],\"inLanguage\":\"pt-BR\"},{\"@type\":\"Organization\",\"@id\":\"https:\\\/\\\/regiaonews.net.br\\\/2022\\\/#organization\",\"name\":\"Regi\u00e3o News\",\"url\":\"https:\\\/\\\/regiaonews.net.br\\\/2022\\\/\",\"logo\":{\"@type\":\"ImageObject\",\"inLanguage\":\"pt-BR\",\"@id\":\"https:\\\/\\\/regiaonews.net.br\\\/2022\\\/#\\\/schema\\\/logo\\\/image\\\/\",\"url\":\"https:\\\/\\\/regiaonews.net.br\\\/2022\\\/wp-content\\\/uploads\\\/2026\\\/03\\\/regiao-13-anos-scaled.jpg\",\"contentUrl\":\"https:\\\/\\\/regiaonews.net.br\\\/2022\\\/wp-content\\\/uploads\\\/2026\\\/03\\\/regiao-13-anos-scaled.jpg\",\"width\":2560,\"height\":635,\"caption\":\"Regi\u00e3o News\"},\"image\":{\"@id\":\"https:\\\/\\\/regiaonews.net.br\\\/2022\\\/#\\\/schema\\\/logo\\\/image\\\/\"}},{\"@type\":\"Person\",\"@id\":\"https:\\\/\\\/regiaonews.net.br\\\/2022\\\/#\\\/schema\\\/person\\\/2d205a608a5aa97ac279d7a5e6d89ad8\",\"name\":\"Roberto\",\"image\":{\"@type\":\"ImageObject\",\"inLanguage\":\"pt-BR\",\"@id\":\"https:\\\/\\\/secure.gravatar.com\\\/avatar\\\/42749d8b712ff9d59ca93dc150494e5b55a44134482993f5baeb97e61b7ecc89?s=96&d=mm&r=g\",\"url\":\"https:\\\/\\\/secure.gravatar.com\\\/avatar\\\/42749d8b712ff9d59ca93dc150494e5b55a44134482993f5baeb97e61b7ecc89?s=96&d=mm&r=g\",\"contentUrl\":\"https:\\\/\\\/secure.gravatar.com\\\/avatar\\\/42749d8b712ff9d59ca93dc150494e5b55a44134482993f5baeb97e61b7ecc89?s=96&d=mm&r=g\",\"caption\":\"Roberto\"},\"url\":\"https:\\\/\\\/regiaonews.net.br\\\/2022\\\/author\\\/roberto\\\/\"}]}<\/script>\n<!-- \/ Yoast SEO plugin. -->","yoast_head_json":{"title":"Preven\u00e7\u00e3o no centro de Barretos: Mais de 100 mamografias em um dia - Regi\u00e3o News","robots":{"index":"index","follow":"follow","max-snippet":"max-snippet:-1","max-image-preview":"max-image-preview:large","max-video-preview":"max-video-preview:-1"},"canonical":"https:\/\/regiaonews.net.br\/2022\/2025\/04\/01\/prevencao-no-centro-de-barretos-mais-de-100-mamografias-em-um-dia\/","og_locale":"pt_BR","og_type":"article","og_title":"Preven\u00e7\u00e3o no centro de Barretos: Mais de 100 mamografias em um dia - Regi\u00e3o News","og_description":"&nbsp; A equipe da Carreta do Hospital de Amor atendeu","og_url":"https:\/\/regiaonews.net.br\/2022\/2025\/04\/01\/prevencao-no-centro-de-barretos-mais-de-100-mamografias-em-um-dia\/","og_site_name":"Regi\u00e3o News","article_published_time":"2025-04-01T22:27:26+00:00","og_image":[{"width":1600,"height":1067,"url":"https:\/\/regiaonews.net.br\/2022\/wp-content\/uploads\/2025\/04\/WhatsApp-Image-2025-04-01-at-17.06.06-1.jpeg","type":"image\/jpeg"}],"author":"Roberto","twitter_card":"summary_large_image","twitter_misc":{"Escrito por":"Roberto","Est. tempo de leitura":"4 minutos"},"schema":{"@context":"https:\/\/schema.org","@graph":[{"@type":"Article","@id":"https:\/\/regiaonews.net.br\/2022\/2025\/04\/01\/prevencao-no-centro-de-barretos-mais-de-100-mamografias-em-um-dia\/#article","isPartOf":{"@id":"https:\/\/regiaonews.net.br\/2022\/2025\/04\/01\/prevencao-no-centro-de-barretos-mais-de-100-mamografias-em-um-dia\/"},"author":{"name":"Roberto","@id":"https:\/\/regiaonews.net.br\/2022\/#\/schema\/person\/2d205a608a5aa97ac279d7a5e6d89ad8"},"headline":"Preven\u00e7\u00e3o no centro de Barretos: Mais de 100 mamografias em um dia","datePublished":"2025-04-01T22:27:26+00:00","mainEntityOfPage":{"@id":"https:\/\/regiaonews.net.br\/2022\/2025\/04\/01\/prevencao-no-centro-de-barretos-mais-de-100-mamografias-em-um-dia\/"},"wordCount":733,"commentCount":0,"publisher":{"@id":"https:\/\/regiaonews.net.br\/2022\/#organization"},"image":{"@id":"https:\/\/regiaonews.net.br\/2022\/2025\/04\/01\/prevencao-no-centro-de-barretos-mais-de-100-mamografias-em-um-dia\/#primaryimage"},"thumbnailUrl":"https:\/\/regiaonews.net.br\/2022\/wp-content\/uploads\/2025\/04\/WhatsApp-Image-2025-04-01-at-17.06.06-1.jpeg","articleSection":["Barretos","Cidades"],"inLanguage":"pt-BR","potentialAction":[{"@type":"CommentAction","name":"Comment","target":["https:\/\/regiaonews.net.br\/2022\/2025\/04\/01\/prevencao-no-centro-de-barretos-mais-de-100-mamografias-em-um-dia\/#respond"]}]},{"@type":"WebPage","@id":"https:\/\/regiaonews.net.br\/2022\/2025\/04\/01\/prevencao-no-centro-de-barretos-mais-de-100-mamografias-em-um-dia\/","url":"https:\/\/regiaonews.net.br\/2022\/2025\/04\/01\/prevencao-no-centro-de-barretos-mais-de-100-mamografias-em-um-dia\/","name":"Preven\u00e7\u00e3o no centro de Barretos: Mais de 100 mamografias em um dia - Regi\u00e3o News","isPartOf":{"@id":"https:\/\/regiaonews.net.br\/2022\/#website"},"primaryImageOfPage":{"@id":"https:\/\/regiaonews.net.br\/2022\/2025\/04\/01\/prevencao-no-centro-de-barretos-mais-de-100-mamografias-em-um-dia\/#primaryimage"},"image":{"@id":"https:\/\/regiaonews.net.br\/2022\/2025\/04\/01\/prevencao-no-centro-de-barretos-mais-de-100-mamografias-em-um-dia\/#primaryimage"},"thumbnailUrl":"https:\/\/regiaonews.net.br\/2022\/wp-content\/uploads\/2025\/04\/WhatsApp-Image-2025-04-01-at-17.06.06-1.jpeg","datePublished":"2025-04-01T22:27:26+00:00","breadcrumb":{"@id":"https:\/\/regiaonews.net.br\/2022\/2025\/04\/01\/prevencao-no-centro-de-barretos-mais-de-100-mamografias-em-um-dia\/#breadcrumb"},"inLanguage":"pt-BR","potentialAction":[{"@type":"ReadAction","target":["https:\/\/regiaonews.net.br\/2022\/2025\/04\/01\/prevencao-no-centro-de-barretos-mais-de-100-mamografias-em-um-dia\/"]}]},{"@type":"ImageObject","inLanguage":"pt-BR","@id":"https:\/\/regiaonews.net.br\/2022\/2025\/04\/01\/prevencao-no-centro-de-barretos-mais-de-100-mamografias-em-um-dia\/#primaryimage","url":"https:\/\/regiaonews.net.br\/2022\/wp-content\/uploads\/2025\/04\/WhatsApp-Image-2025-04-01-at-17.06.06-1.jpeg","contentUrl":"https:\/\/regiaonews.net.br\/2022\/wp-content\/uploads\/2025\/04\/WhatsApp-Image-2025-04-01-at-17.06.06-1.jpeg","width":1600,"height":1067},{"@type":"BreadcrumbList","@id":"https:\/\/regiaonews.net.br\/2022\/2025\/04\/01\/prevencao-no-centro-de-barretos-mais-de-100-mamografias-em-um-dia\/#breadcrumb","itemListElement":[{"@type":"ListItem","position":1,"name":"In\u00edcio","item":"https:\/\/regiaonews.net.br\/2022\/"},{"@type":"ListItem","position":2,"name":"Preven\u00e7\u00e3o no centro de Barretos: Mais de 100 mamografias em um dia"}]},{"@type":"WebSite","@id":"https:\/\/regiaonews.net.br\/2022\/#website","url":"https:\/\/regiaonews.net.br\/2022\/","name":"Regi\u00e3o News","description":"Site de Not\u00edcias de Barretos e regi\u00e3o","publisher":{"@id":"https:\/\/regiaonews.net.br\/2022\/#organization"},"potentialAction":[{"@type":"SearchAction","target":{"@type":"EntryPoint","urlTemplate":"https:\/\/regiaonews.net.br\/2022\/?s={search_term_string}"},"query-input":{"@type":"PropertyValueSpecification","valueRequired":true,"valueName":"search_term_string"}}],"inLanguage":"pt-BR"},{"@type":"Organization","@id":"https:\/\/regiaonews.net.br\/2022\/#organization","name":"Regi\u00e3o News","url":"https:\/\/regiaonews.net.br\/2022\/","logo":{"@type":"ImageObject","inLanguage":"pt-BR","@id":"https:\/\/regiaonews.net.br\/2022\/#\/schema\/logo\/image\/","url":"https:\/\/regiaonews.net.br\/2022\/wp-content\/uploads\/2026\/03\/regiao-13-anos-scaled.jpg","contentUrl":"https:\/\/regiaonews.net.br\/2022\/wp-content\/uploads\/2026\/03\/regiao-13-anos-scaled.jpg","width":2560,"height":635,"caption":"Regi\u00e3o News"},"image":{"@id":"https:\/\/regiaonews.net.br\/2022\/#\/schema\/logo\/image\/"}},{"@type":"Person","@id":"https:\/\/regiaonews.net.br\/2022\/#\/schema\/person\/2d205a608a5aa97ac279d7a5e6d89ad8","name":"Roberto","image":{"@type":"ImageObject","inLanguage":"pt-BR","@id":"https:\/\/secure.gravatar.com\/avatar\/42749d8b712ff9d59ca93dc150494e5b55a44134482993f5baeb97e61b7ecc89?s=96&d=mm&r=g","url":"https:\/\/secure.gravatar.com\/avatar\/42749d8b712ff9d59ca93dc150494e5b55a44134482993f5baeb97e61b7ecc89?s=96&d=mm&r=g","contentUrl":"https:\/\/secure.gravatar.com\/avatar\/42749d8b712ff9d59ca93dc150494e5b55a44134482993f5baeb97e61b7ecc89?s=96&d=mm&r=g","caption":"Roberto"},"url":"https:\/\/regiaonews.net.br\/2022\/author\/roberto\/"}]}},"publishpress_future_action":{"enabled":false,"date":"2026-05-02 05:43:45","action":"change-status","newStatus":"draft","terms":[],"taxonomy":"category","extraData":[]},"publishpress_future_workflow_manual_trigger":{"enabledWorkflows":[]},"_links":{"self":[{"href":"https:\/\/regiaonews.net.br\/2022\/wp-json\/wp\/v2\/posts\/116093","targetHints":{"allow":["GET"]}}],"collection":[{"href":"https:\/\/regiaonews.net.br\/2022\/wp-json\/wp\/v2\/posts"}],"about":[{"href":"https:\/\/regiaonews.net.br\/2022\/wp-json\/wp\/v2\/types\/post"}],"author":[{"embeddable":true,"href":"https:\/\/regiaonews.net.br\/2022\/wp-json\/wp\/v2\/users\/2"}],"replies":[{"embeddable":true,"href":"https:\/\/regiaonews.net.br\/2022\/wp-json\/wp\/v2\/comments?post=116093"}],"version-history":[{"count":1,"href":"https:\/\/regiaonews.net.br\/2022\/wp-json\/wp\/v2\/posts\/116093\/revisions"}],"predecessor-version":[{"id":116095,"href":"https:\/\/regiaonews.net.br\/2022\/wp-json\/wp\/v2\/posts\/116093\/revisions\/116095"}],"wp:featuredmedia":[{"embeddable":true,"href":"https:\/\/regiaonews.net.br\/2022\/wp-json\/wp\/v2\/media\/116094"}],"wp:attachment":[{"href":"https:\/\/regiaonews.net.br\/2022\/wp-json\/wp\/v2\/media?parent=116093"}],"wp:term":[{"taxonomy":"category","embeddable":true,"href":"https:\/\/regiaonews.net.br\/2022\/wp-json\/wp\/v2\/categories?post=116093"},{"taxonomy":"post_tag","embeddable":true,"href":"https:\/\/regiaonews.net.br\/2022\/wp-json\/wp\/v2\/tags?post=116093"}],"curies":[{"name":"wp","href":"https:\/\/api.w.org\/{rel}","templated":true}]}}