{"id":115689,"date":"2025-03-19T22:40:36","date_gmt":"2025-03-20T01:40:36","guid":{"rendered":"https:\/\/regiaonews.net.br\/2022\/?p=115689"},"modified":"2025-03-19T22:41:03","modified_gmt":"2025-03-20T01:41:03","slug":"summer-christ-tera-presenca-do-padre-robson-oliveira","status":"publish","type":"post","link":"https:\/\/regiaonews.net.br\/2022\/2025\/03\/19\/summer-christ-tera-presenca-do-padre-robson-oliveira\/","title":{"rendered":"Summer Christ ter\u00e1 presen\u00e7a do padre Robson Oliveira"},"content":{"rendered":"<p>&nbsp;<\/p>\n<p>Neste s\u00e1bado, dia 22,\u00a0 a Est\u00e2ncia Tur\u00edstica de Ol\u00edmpia, reconhecida por sua tradi\u00e7\u00e3o cultural e religiosa, ser\u00e1 palco da segunda edi\u00e7\u00e3o do Summer Christ 2025. O evento, organizado pela Par\u00f3quia S\u00e3o Jos\u00e9, em parceria com a Prefeitura Municipal da Est\u00e2ncia Tur\u00edstica de Ol\u00edmpia, promete um dia de profunda espiritualidade, louvor e celebra\u00e7\u00e3o da f\u00e9 crist\u00e3.<br \/>\nEntre os momentos mais esperados da programa\u00e7\u00e3o est\u00e1 a Santa Missa presidida pelo Pe. Robson Oliveira. Pe. Robson \u00e9 sacerdote brasileiro, mestre em Teologia Moral pela Universidade do Vaticano e conquistou o cora\u00e7\u00e3o de milhares de fi\u00e9is por meio de seu trabalho evangelizador nos meios de comunica\u00e7\u00e3o.<br \/>\nAtualmente o sacerdote pertencente \u00e0 Diocese de Mogi das Cruzes (SP) e \u00e9 amplamente conhecido por difundir a devo\u00e7\u00e3o ao Divino Pai Eterno, sendo uma refer\u00eancia para milh\u00f5es de fi\u00e9is. Diariamente, recebe testemunhos de convers\u00f5es e gra\u00e7as alcan\u00e7adas atrav\u00e9s de sua miss\u00e3o evangelizadora, que tamb\u00e9m pode ser acompanhada pelo canal &#8220;Vida Plena&#8221; no YouTube, somando mais de 300 mil inscritos em seu canal.<br \/>\nO evento oferecer\u00e1 aos participantes uma experi\u00eancia espiritual intensa, com momentos de Adora\u00e7\u00e3o ao Sant\u00edssimo, prega\u00e7\u00f5es, confiss\u00f5es e louvor.<br \/>\nCom entrada gratuita, o Summer Christ 2025 ser\u00e1 realizado no Recinto do Folclore da Est\u00e2ncia Tur\u00edstica de Ol\u00edmpia e tem in\u00edcio marcado para \u00e0s 14h. O Recinto contar\u00e1 com uma estrutura completa, incluindo pra\u00e7a de alimenta\u00e7\u00e3o, espa\u00e7o para acolhimento dos peregrinos, espa\u00e7o Kids, Capela com o Sant\u00edssimo Sacramento para adora\u00e7\u00e3o, espa\u00e7os vocacionais de congrega\u00e7\u00f5es masculinas e femininas, dentre outros.<\/p>\n<p>Para mais informa\u00e7\u00f5es e atualiza\u00e7\u00f5es sobre a programa\u00e7\u00e3o, acesse www.summerchrist.com ou siga no Instagram @summerchristolp.<br \/>\n*Contato para credenciamento de imprensa: comunicacaosummerchris@gmail.com*<br \/>\nSummer Christ 2025 \u2013 Reunindo f\u00e9, comunidade e m\u00fasica em um s\u00f3 lugar.<\/p>\n","protected":false},"excerpt":{"rendered":"<p>&nbsp; Neste s\u00e1bado, dia 22,\u00a0 a Est\u00e2ncia Tur\u00edstica de Ol\u00edmpia,<\/p>\n","protected":false},"author":2,"featured_media":115690,"comment_status":"open","ping_status":"open","sticky":false,"template":"","format":"standard","meta":{"footnotes":""},"categories":[25,111,28],"tags":[],"class_list":["post-115689","post","type-post","status-publish","format-standard","has-post-thumbnail","hentry","category-cidades","category-cotidiano","category-olimpia-olimpia"],"yoast_head":"<!-- This site is optimized with the Yoast SEO plugin v27.4 - https:\/\/yoast.com\/product\/yoast-seo-wordpress\/ -->\n<title>Summer Christ ter\u00e1 presen\u00e7a do padre Robson Oliveira - Regi\u00e3o News<\/title>\n<meta name=\"robots\" content=\"index, follow, max-snippet:-1, max-image-preview:large, max-video-preview:-1\" \/>\n<link rel=\"canonical\" href=\"https:\/\/regiaonews.net.br\/2022\/2025\/03\/19\/summer-christ-tera-presenca-do-padre-robson-oliveira\/\" \/>\n<meta property=\"og:locale\" content=\"pt_BR\" \/>\n<meta property=\"og:type\" content=\"article\" \/>\n<meta property=\"og:title\" content=\"Summer Christ ter\u00e1 presen\u00e7a do padre Robson Oliveira - Regi\u00e3o News\" \/>\n<meta property=\"og:description\" content=\"&nbsp; Neste s\u00e1bado, dia 22,\u00a0 a Est\u00e2ncia Tur\u00edstica de Ol\u00edmpia,\" \/>\n<meta property=\"og:url\" content=\"https:\/\/regiaonews.net.br\/2022\/2025\/03\/19\/summer-christ-tera-presenca-do-padre-robson-oliveira\/\" \/>\n<meta property=\"og:site_name\" content=\"Regi\u00e3o News\" \/>\n<meta property=\"article:published_time\" content=\"2025-03-20T01:40:36+00:00\" \/>\n<meta property=\"article:modified_time\" content=\"2025-03-20T01:41:03+00:00\" \/>\n<meta property=\"og:image\" content=\"https:\/\/regiaonews.net.br\/2022\/wp-content\/uploads\/2025\/03\/IMG-20250319-WA0362.jpg\" \/>\n\t<meta property=\"og:image:width\" content=\"1080\" \/>\n\t<meta property=\"og:image:height\" content=\"626\" \/>\n\t<meta property=\"og:image:type\" content=\"image\/jpeg\" \/>\n<meta name=\"author\" content=\"Roberto\" \/>\n<meta name=\"twitter:card\" content=\"summary_large_image\" \/>\n<meta name=\"twitter:label1\" content=\"Escrito por\" \/>\n\t<meta name=\"twitter:data1\" content=\"Roberto\" \/>\n\t<meta name=\"twitter:label2\" content=\"Est. tempo de leitura\" \/>\n\t<meta name=\"twitter:data2\" content=\"2 minutos\" \/>\n<script type=\"application\/ld+json\" class=\"yoast-schema-graph\">{\"@context\":\"https:\\\/\\\/schema.org\",\"@graph\":[{\"@type\":\"Article\",\"@id\":\"https:\\\/\\\/regiaonews.net.br\\\/2022\\\/2025\\\/03\\\/19\\\/summer-christ-tera-presenca-do-padre-robson-oliveira\\\/#article\",\"isPartOf\":{\"@id\":\"https:\\\/\\\/regiaonews.net.br\\\/2022\\\/2025\\\/03\\\/19\\\/summer-christ-tera-presenca-do-padre-robson-oliveira\\\/\"},\"author\":{\"name\":\"Roberto\",\"@id\":\"https:\\\/\\\/regiaonews.net.br\\\/2022\\\/#\\\/schema\\\/person\\\/2d205a608a5aa97ac279d7a5e6d89ad8\"},\"headline\":\"Summer Christ ter\u00e1 presen\u00e7a do padre Robson Oliveira\",\"datePublished\":\"2025-03-20T01:40:36+00:00\",\"dateModified\":\"2025-03-20T01:41:03+00:00\",\"mainEntityOfPage\":{\"@id\":\"https:\\\/\\\/regiaonews.net.br\\\/2022\\\/2025\\\/03\\\/19\\\/summer-christ-tera-presenca-do-padre-robson-oliveira\\\/\"},\"wordCount\":329,\"commentCount\":0,\"publisher\":{\"@id\":\"https:\\\/\\\/regiaonews.net.br\\\/2022\\\/#organization\"},\"image\":{\"@id\":\"https:\\\/\\\/regiaonews.net.br\\\/2022\\\/2025\\\/03\\\/19\\\/summer-christ-tera-presenca-do-padre-robson-oliveira\\\/#primaryimage\"},\"thumbnailUrl\":\"https:\\\/\\\/regiaonews.net.br\\\/2022\\\/wp-content\\\/uploads\\\/2025\\\/03\\\/IMG-20250319-WA0362.jpg\",\"articleSection\":[\"Cidades\",\"Cotidiano\",\"Olimpia\"],\"inLanguage\":\"pt-BR\",\"potentialAction\":[{\"@type\":\"CommentAction\",\"name\":\"Comment\",\"target\":[\"https:\\\/\\\/regiaonews.net.br\\\/2022\\\/2025\\\/03\\\/19\\\/summer-christ-tera-presenca-do-padre-robson-oliveira\\\/#respond\"]}]},{\"@type\":\"WebPage\",\"@id\":\"https:\\\/\\\/regiaonews.net.br\\\/2022\\\/2025\\\/03\\\/19\\\/summer-christ-tera-presenca-do-padre-robson-oliveira\\\/\",\"url\":\"https:\\\/\\\/regiaonews.net.br\\\/2022\\\/2025\\\/03\\\/19\\\/summer-christ-tera-presenca-do-padre-robson-oliveira\\\/\",\"name\":\"Summer Christ ter\u00e1 presen\u00e7a do padre Robson Oliveira - Regi\u00e3o News\",\"isPartOf\":{\"@id\":\"https:\\\/\\\/regiaonews.net.br\\\/2022\\\/#website\"},\"primaryImageOfPage\":{\"@id\":\"https:\\\/\\\/regiaonews.net.br\\\/2022\\\/2025\\\/03\\\/19\\\/summer-christ-tera-presenca-do-padre-robson-oliveira\\\/#primaryimage\"},\"image\":{\"@id\":\"https:\\\/\\\/regiaonews.net.br\\\/2022\\\/2025\\\/03\\\/19\\\/summer-christ-tera-presenca-do-padre-robson-oliveira\\\/#primaryimage\"},\"thumbnailUrl\":\"https:\\\/\\\/regiaonews.net.br\\\/2022\\\/wp-content\\\/uploads\\\/2025\\\/03\\\/IMG-20250319-WA0362.jpg\",\"datePublished\":\"2025-03-20T01:40:36+00:00\",\"dateModified\":\"2025-03-20T01:41:03+00:00\",\"breadcrumb\":{\"@id\":\"https:\\\/\\\/regiaonews.net.br\\\/2022\\\/2025\\\/03\\\/19\\\/summer-christ-tera-presenca-do-padre-robson-oliveira\\\/#breadcrumb\"},\"inLanguage\":\"pt-BR\",\"potentialAction\":[{\"@type\":\"ReadAction\",\"target\":[\"https:\\\/\\\/regiaonews.net.br\\\/2022\\\/2025\\\/03\\\/19\\\/summer-christ-tera-presenca-do-padre-robson-oliveira\\\/\"]}]},{\"@type\":\"ImageObject\",\"inLanguage\":\"pt-BR\",\"@id\":\"https:\\\/\\\/regiaonews.net.br\\\/2022\\\/2025\\\/03\\\/19\\\/summer-christ-tera-presenca-do-padre-robson-oliveira\\\/#primaryimage\",\"url\":\"https:\\\/\\\/regiaonews.net.br\\\/2022\\\/wp-content\\\/uploads\\\/2025\\\/03\\\/IMG-20250319-WA0362.jpg\",\"contentUrl\":\"https:\\\/\\\/regiaonews.net.br\\\/2022\\\/wp-content\\\/uploads\\\/2025\\\/03\\\/IMG-20250319-WA0362.jpg\",\"width\":1080,\"height\":626},{\"@type\":\"BreadcrumbList\",\"@id\":\"https:\\\/\\\/regiaonews.net.br\\\/2022\\\/2025\\\/03\\\/19\\\/summer-christ-tera-presenca-do-padre-robson-oliveira\\\/#breadcrumb\",\"itemListElement\":[{\"@type\":\"ListItem\",\"position\":1,\"name\":\"In\u00edcio\",\"item\":\"https:\\\/\\\/regiaonews.net.br\\\/2022\\\/\"},{\"@type\":\"ListItem\",\"position\":2,\"name\":\"Summer Christ ter\u00e1 presen\u00e7a do padre Robson Oliveira\"}]},{\"@type\":\"WebSite\",\"@id\":\"https:\\\/\\\/regiaonews.net.br\\\/2022\\\/#website\",\"url\":\"https:\\\/\\\/regiaonews.net.br\\\/2022\\\/\",\"name\":\"Regi\u00e3o News\",\"description\":\"Site de Not\u00edcias de Barretos e regi\u00e3o\",\"publisher\":{\"@id\":\"https:\\\/\\\/regiaonews.net.br\\\/2022\\\/#organization\"},\"potentialAction\":[{\"@type\":\"SearchAction\",\"target\":{\"@type\":\"EntryPoint\",\"urlTemplate\":\"https:\\\/\\\/regiaonews.net.br\\\/2022\\\/?s={search_term_string}\"},\"query-input\":{\"@type\":\"PropertyValueSpecification\",\"valueRequired\":true,\"valueName\":\"search_term_string\"}}],\"inLanguage\":\"pt-BR\"},{\"@type\":\"Organization\",\"@id\":\"https:\\\/\\\/regiaonews.net.br\\\/2022\\\/#organization\",\"name\":\"Regi\u00e3o News\",\"url\":\"https:\\\/\\\/regiaonews.net.br\\\/2022\\\/\",\"logo\":{\"@type\":\"ImageObject\",\"inLanguage\":\"pt-BR\",\"@id\":\"https:\\\/\\\/regiaonews.net.br\\\/2022\\\/#\\\/schema\\\/logo\\\/image\\\/\",\"url\":\"https:\\\/\\\/regiaonews.net.br\\\/2022\\\/wp-content\\\/uploads\\\/2026\\\/03\\\/regiao-13-anos-scaled.jpg\",\"contentUrl\":\"https:\\\/\\\/regiaonews.net.br\\\/2022\\\/wp-content\\\/uploads\\\/2026\\\/03\\\/regiao-13-anos-scaled.jpg\",\"width\":2560,\"height\":635,\"caption\":\"Regi\u00e3o News\"},\"image\":{\"@id\":\"https:\\\/\\\/regiaonews.net.br\\\/2022\\\/#\\\/schema\\\/logo\\\/image\\\/\"}},{\"@type\":\"Person\",\"@id\":\"https:\\\/\\\/regiaonews.net.br\\\/2022\\\/#\\\/schema\\\/person\\\/2d205a608a5aa97ac279d7a5e6d89ad8\",\"name\":\"Roberto\",\"image\":{\"@type\":\"ImageObject\",\"inLanguage\":\"pt-BR\",\"@id\":\"https:\\\/\\\/secure.gravatar.com\\\/avatar\\\/42749d8b712ff9d59ca93dc150494e5b55a44134482993f5baeb97e61b7ecc89?s=96&d=mm&r=g\",\"url\":\"https:\\\/\\\/secure.gravatar.com\\\/avatar\\\/42749d8b712ff9d59ca93dc150494e5b55a44134482993f5baeb97e61b7ecc89?s=96&d=mm&r=g\",\"contentUrl\":\"https:\\\/\\\/secure.gravatar.com\\\/avatar\\\/42749d8b712ff9d59ca93dc150494e5b55a44134482993f5baeb97e61b7ecc89?s=96&d=mm&r=g\",\"caption\":\"Roberto\"},\"url\":\"https:\\\/\\\/regiaonews.net.br\\\/2022\\\/author\\\/roberto\\\/\"}]}<\/script>\n<!-- \/ Yoast SEO plugin. -->","yoast_head_json":{"title":"Summer Christ ter\u00e1 presen\u00e7a do padre Robson Oliveira - Regi\u00e3o News","robots":{"index":"index","follow":"follow","max-snippet":"max-snippet:-1","max-image-preview":"max-image-preview:large","max-video-preview":"max-video-preview:-1"},"canonical":"https:\/\/regiaonews.net.br\/2022\/2025\/03\/19\/summer-christ-tera-presenca-do-padre-robson-oliveira\/","og_locale":"pt_BR","og_type":"article","og_title":"Summer Christ ter\u00e1 presen\u00e7a do padre Robson Oliveira - Regi\u00e3o News","og_description":"&nbsp; Neste s\u00e1bado, dia 22,\u00a0 a Est\u00e2ncia Tur\u00edstica de Ol\u00edmpia,","og_url":"https:\/\/regiaonews.net.br\/2022\/2025\/03\/19\/summer-christ-tera-presenca-do-padre-robson-oliveira\/","og_site_name":"Regi\u00e3o News","article_published_time":"2025-03-20T01:40:36+00:00","article_modified_time":"2025-03-20T01:41:03+00:00","og_image":[{"width":1080,"height":626,"url":"https:\/\/regiaonews.net.br\/2022\/wp-content\/uploads\/2025\/03\/IMG-20250319-WA0362.jpg","type":"image\/jpeg"}],"author":"Roberto","twitter_card":"summary_large_image","twitter_misc":{"Escrito por":"Roberto","Est. tempo de leitura":"2 minutos"},"schema":{"@context":"https:\/\/schema.org","@graph":[{"@type":"Article","@id":"https:\/\/regiaonews.net.br\/2022\/2025\/03\/19\/summer-christ-tera-presenca-do-padre-robson-oliveira\/#article","isPartOf":{"@id":"https:\/\/regiaonews.net.br\/2022\/2025\/03\/19\/summer-christ-tera-presenca-do-padre-robson-oliveira\/"},"author":{"name":"Roberto","@id":"https:\/\/regiaonews.net.br\/2022\/#\/schema\/person\/2d205a608a5aa97ac279d7a5e6d89ad8"},"headline":"Summer Christ ter\u00e1 presen\u00e7a do padre Robson Oliveira","datePublished":"2025-03-20T01:40:36+00:00","dateModified":"2025-03-20T01:41:03+00:00","mainEntityOfPage":{"@id":"https:\/\/regiaonews.net.br\/2022\/2025\/03\/19\/summer-christ-tera-presenca-do-padre-robson-oliveira\/"},"wordCount":329,"commentCount":0,"publisher":{"@id":"https:\/\/regiaonews.net.br\/2022\/#organization"},"image":{"@id":"https:\/\/regiaonews.net.br\/2022\/2025\/03\/19\/summer-christ-tera-presenca-do-padre-robson-oliveira\/#primaryimage"},"thumbnailUrl":"https:\/\/regiaonews.net.br\/2022\/wp-content\/uploads\/2025\/03\/IMG-20250319-WA0362.jpg","articleSection":["Cidades","Cotidiano","Olimpia"],"inLanguage":"pt-BR","potentialAction":[{"@type":"CommentAction","name":"Comment","target":["https:\/\/regiaonews.net.br\/2022\/2025\/03\/19\/summer-christ-tera-presenca-do-padre-robson-oliveira\/#respond"]}]},{"@type":"WebPage","@id":"https:\/\/regiaonews.net.br\/2022\/2025\/03\/19\/summer-christ-tera-presenca-do-padre-robson-oliveira\/","url":"https:\/\/regiaonews.net.br\/2022\/2025\/03\/19\/summer-christ-tera-presenca-do-padre-robson-oliveira\/","name":"Summer Christ ter\u00e1 presen\u00e7a do padre Robson Oliveira - Regi\u00e3o News","isPartOf":{"@id":"https:\/\/regiaonews.net.br\/2022\/#website"},"primaryImageOfPage":{"@id":"https:\/\/regiaonews.net.br\/2022\/2025\/03\/19\/summer-christ-tera-presenca-do-padre-robson-oliveira\/#primaryimage"},"image":{"@id":"https:\/\/regiaonews.net.br\/2022\/2025\/03\/19\/summer-christ-tera-presenca-do-padre-robson-oliveira\/#primaryimage"},"thumbnailUrl":"https:\/\/regiaonews.net.br\/2022\/wp-content\/uploads\/2025\/03\/IMG-20250319-WA0362.jpg","datePublished":"2025-03-20T01:40:36+00:00","dateModified":"2025-03-20T01:41:03+00:00","breadcrumb":{"@id":"https:\/\/regiaonews.net.br\/2022\/2025\/03\/19\/summer-christ-tera-presenca-do-padre-robson-oliveira\/#breadcrumb"},"inLanguage":"pt-BR","potentialAction":[{"@type":"ReadAction","target":["https:\/\/regiaonews.net.br\/2022\/2025\/03\/19\/summer-christ-tera-presenca-do-padre-robson-oliveira\/"]}]},{"@type":"ImageObject","inLanguage":"pt-BR","@id":"https:\/\/regiaonews.net.br\/2022\/2025\/03\/19\/summer-christ-tera-presenca-do-padre-robson-oliveira\/#primaryimage","url":"https:\/\/regiaonews.net.br\/2022\/wp-content\/uploads\/2025\/03\/IMG-20250319-WA0362.jpg","contentUrl":"https:\/\/regiaonews.net.br\/2022\/wp-content\/uploads\/2025\/03\/IMG-20250319-WA0362.jpg","width":1080,"height":626},{"@type":"BreadcrumbList","@id":"https:\/\/regiaonews.net.br\/2022\/2025\/03\/19\/summer-christ-tera-presenca-do-padre-robson-oliveira\/#breadcrumb","itemListElement":[{"@type":"ListItem","position":1,"name":"In\u00edcio","item":"https:\/\/regiaonews.net.br\/2022\/"},{"@type":"ListItem","position":2,"name":"Summer Christ ter\u00e1 presen\u00e7a do padre Robson Oliveira"}]},{"@type":"WebSite","@id":"https:\/\/regiaonews.net.br\/2022\/#website","url":"https:\/\/regiaonews.net.br\/2022\/","name":"Regi\u00e3o News","description":"Site de Not\u00edcias de Barretos e regi\u00e3o","publisher":{"@id":"https:\/\/regiaonews.net.br\/2022\/#organization"},"potentialAction":[{"@type":"SearchAction","target":{"@type":"EntryPoint","urlTemplate":"https:\/\/regiaonews.net.br\/2022\/?s={search_term_string}"},"query-input":{"@type":"PropertyValueSpecification","valueRequired":true,"valueName":"search_term_string"}}],"inLanguage":"pt-BR"},{"@type":"Organization","@id":"https:\/\/regiaonews.net.br\/2022\/#organization","name":"Regi\u00e3o News","url":"https:\/\/regiaonews.net.br\/2022\/","logo":{"@type":"ImageObject","inLanguage":"pt-BR","@id":"https:\/\/regiaonews.net.br\/2022\/#\/schema\/logo\/image\/","url":"https:\/\/regiaonews.net.br\/2022\/wp-content\/uploads\/2026\/03\/regiao-13-anos-scaled.jpg","contentUrl":"https:\/\/regiaonews.net.br\/2022\/wp-content\/uploads\/2026\/03\/regiao-13-anos-scaled.jpg","width":2560,"height":635,"caption":"Regi\u00e3o News"},"image":{"@id":"https:\/\/regiaonews.net.br\/2022\/#\/schema\/logo\/image\/"}},{"@type":"Person","@id":"https:\/\/regiaonews.net.br\/2022\/#\/schema\/person\/2d205a608a5aa97ac279d7a5e6d89ad8","name":"Roberto","image":{"@type":"ImageObject","inLanguage":"pt-BR","@id":"https:\/\/secure.gravatar.com\/avatar\/42749d8b712ff9d59ca93dc150494e5b55a44134482993f5baeb97e61b7ecc89?s=96&d=mm&r=g","url":"https:\/\/secure.gravatar.com\/avatar\/42749d8b712ff9d59ca93dc150494e5b55a44134482993f5baeb97e61b7ecc89?s=96&d=mm&r=g","contentUrl":"https:\/\/secure.gravatar.com\/avatar\/42749d8b712ff9d59ca93dc150494e5b55a44134482993f5baeb97e61b7ecc89?s=96&d=mm&r=g","caption":"Roberto"},"url":"https:\/\/regiaonews.net.br\/2022\/author\/roberto\/"}]}},"publishpress_future_action":{"enabled":false,"date":"2026-05-02 01:19:25","action":"change-status","newStatus":"draft","terms":[],"taxonomy":"category","extraData":[]},"publishpress_future_workflow_manual_trigger":{"enabledWorkflows":[]},"_links":{"self":[{"href":"https:\/\/regiaonews.net.br\/2022\/wp-json\/wp\/v2\/posts\/115689","targetHints":{"allow":["GET"]}}],"collection":[{"href":"https:\/\/regiaonews.net.br\/2022\/wp-json\/wp\/v2\/posts"}],"about":[{"href":"https:\/\/regiaonews.net.br\/2022\/wp-json\/wp\/v2\/types\/post"}],"author":[{"embeddable":true,"href":"https:\/\/regiaonews.net.br\/2022\/wp-json\/wp\/v2\/users\/2"}],"replies":[{"embeddable":true,"href":"https:\/\/regiaonews.net.br\/2022\/wp-json\/wp\/v2\/comments?post=115689"}],"version-history":[{"count":1,"href":"https:\/\/regiaonews.net.br\/2022\/wp-json\/wp\/v2\/posts\/115689\/revisions"}],"predecessor-version":[{"id":115691,"href":"https:\/\/regiaonews.net.br\/2022\/wp-json\/wp\/v2\/posts\/115689\/revisions\/115691"}],"wp:featuredmedia":[{"embeddable":true,"href":"https:\/\/regiaonews.net.br\/2022\/wp-json\/wp\/v2\/media\/115690"}],"wp:attachment":[{"href":"https:\/\/regiaonews.net.br\/2022\/wp-json\/wp\/v2\/media?parent=115689"}],"wp:term":[{"taxonomy":"category","embeddable":true,"href":"https:\/\/regiaonews.net.br\/2022\/wp-json\/wp\/v2\/categories?post=115689"},{"taxonomy":"post_tag","embeddable":true,"href":"https:\/\/regiaonews.net.br\/2022\/wp-json\/wp\/v2\/tags?post=115689"}],"curies":[{"name":"wp","href":"https:\/\/api.w.org\/{rel}","templated":true}]}}