{"id":115686,"date":"2025-03-19T18:51:43","date_gmt":"2025-03-19T21:51:43","guid":{"rendered":"https:\/\/regiaonews.net.br\/2022\/?p=115686"},"modified":"2025-03-19T18:51:43","modified_gmt":"2025-03-19T21:51:43","slug":"pericia-vai-determinar-de-qual-arma-partiu-o-disparo-que-matou-ciclista-em-sao-paulo","status":"publish","type":"post","link":"https:\/\/regiaonews.net.br\/2022\/2025\/03\/19\/pericia-vai-determinar-de-qual-arma-partiu-o-disparo-que-matou-ciclista-em-sao-paulo\/","title":{"rendered":"Per\u00edcia vai determinar de qual arma partiu o disparo que matou ciclista em S\u00e3o Paulo"},"content":{"rendered":"<div class=\"col-lg-12 mt-4\">\n<h3><\/h3>\n<\/div>\n<div class=\"col-lg-12 mt-2\">\n<h5>Rev\u00f3lveres foram apreendidos com o condutor e o garupa da moto envolvidos no crime; os dois est\u00e3o presos<\/h5>\n<\/div>\n<div class=\"col-lg-12\">\n<p class=\"diasemana\">\n<\/div>\n<div class=\"col-lg-12\">\n<p class=\"autor\">Por Isabelle Amaral<\/p>\n<\/div>\n<div class=\"col-lg-12 mt-3\">\n<div>\n<div>As duas armas apreendidas com os homens, de 20 e 27 anos, suspeitos de envolvimento no latroc\u00ednio do ciclista Vitor Medrado, foram encaminhadas \u00e0 per\u00edcia para determinar de qual delas saiu o disparo que matou a v\u00edtima.<\/div>\n<div><\/div>\n<div>Segundo o secret\u00e1rio da Seguran\u00e7a P\u00fablica, Guilherme Derrite, esse \u00e9 o pr\u00f3ximo passo para resolver por completo o crime. \u201cFoi apreendida uma arma com o primeiro suspeito em 8 de mar\u00e7o. Hoje, o segundo envolvido foi preso em casa com outra arma\u201d, detalhou durante coletiva de imprensa na sede do Departamento Estadual de Investiga\u00e7\u00f5es Criminais (Deic), nesta quarta-feira (19). \u201cAgora, vamos confrontar os fragmentos do proj\u00e9til apreendidos no dia do latroc\u00ednio para determinar de qual das duas saiu o disparo.\u201d<\/div>\n<div><\/div>\n<div>Vitor Medrado pedalava nas imedia\u00e7\u00f5es de um parque no Itaim Bibi, na zona oeste, em 13 de fevereiro, quando foi abordado pelos dois criminosos que estavam em uma moto. O garupa atirou na v\u00edtima, pegou o celular e fugiu. No mesmo dia, ambos tentaram assaltar um motociclista na mesma regi\u00e3o. As duas a\u00e7\u00f5es foram flagradas por c\u00e2meras de seguran\u00e7a.<\/div>\n<div><\/div>\n<div><\/div>\n<div><b>Investiga\u00e7\u00f5es<\/b><\/div>\n<div><\/div>\n<div>As equipes da Pol\u00edcia Civil imediatamente iniciaram um trabalho para identificar os envolvidos nos crimes. Eles analisaram c\u00e2meras de seguran\u00e7a de todo o percurso realizado pela dupla. O destino final da moto foi na comunidade de Parais\u00f3polis, zona sul.<\/div>\n<div><\/div>\n<div>Pelas carater\u00edsticas f\u00edsicas dos suspeitos, os policiais cruzaram dados com sistemas de intelig\u00eancia e conseguiram identificar os dois. Posteriormente, a Justi\u00e7a expediu o mandado de pris\u00e3o.<\/div>\n<div><\/div>\n<div>Antes mesmo de deflagrarem uma opera\u00e7\u00e3o para prender os envolvidos, um deles foi detido pela Pol\u00edcia Militar logo ap\u00f3s praticar um roubo no Brooklyn, em 8 de mar\u00e7o. Com o suspeito, foi apreendido uma arma com a numera\u00e7\u00e3o raspada. Os investigadores decidiram n\u00e3o divulgar que ele tamb\u00e9m era procurado pelo latroc\u00ednio para que o outro n\u00e3o tentasse fugir.<\/div>\n<div><\/div>\n<div>Na manh\u00e3 de hoje,(19) o segundo envolvido foi acordado por uma equipe da Pol\u00edcia Civil em casa, na regi\u00e3o de Parais\u00f3polis. Os agentes tamb\u00e9m encontraram uma arma no local.<\/div>\n<\/div>\n<\/div>\n","protected":false},"excerpt":{"rendered":"<p>Rev\u00f3lveres foram apreendidos com o condutor e o garupa da<\/p>\n","protected":false},"author":2,"featured_media":115687,"comment_status":"open","ping_status":"open","sticky":false,"template":"","format":"standard","meta":{"footnotes":""},"categories":[23,29],"tags":[],"class_list":["post-115686","post","type-post","status-publish","format-standard","has-post-thumbnail","hentry","category-policia","category-sao-paulo"],"yoast_head":"<!-- This site is optimized with the Yoast SEO plugin v27.4 - https:\/\/yoast.com\/product\/yoast-seo-wordpress\/ -->\n<title>Per\u00edcia vai determinar de qual arma partiu o disparo que matou ciclista em S\u00e3o Paulo - Regi\u00e3o News<\/title>\n<meta name=\"robots\" content=\"index, follow, max-snippet:-1, max-image-preview:large, max-video-preview:-1\" \/>\n<link rel=\"canonical\" href=\"https:\/\/regiaonews.net.br\/2022\/2025\/03\/19\/pericia-vai-determinar-de-qual-arma-partiu-o-disparo-que-matou-ciclista-em-sao-paulo\/\" \/>\n<meta property=\"og:locale\" content=\"pt_BR\" \/>\n<meta property=\"og:type\" content=\"article\" \/>\n<meta property=\"og:title\" content=\"Per\u00edcia vai determinar de qual arma partiu o disparo que matou ciclista em S\u00e3o Paulo - Regi\u00e3o News\" \/>\n<meta property=\"og:description\" content=\"Rev\u00f3lveres foram apreendidos com o condutor e o garupa da\" \/>\n<meta property=\"og:url\" content=\"https:\/\/regiaonews.net.br\/2022\/2025\/03\/19\/pericia-vai-determinar-de-qual-arma-partiu-o-disparo-que-matou-ciclista-em-sao-paulo\/\" \/>\n<meta property=\"og:site_name\" content=\"Regi\u00e3o News\" \/>\n<meta property=\"article:published_time\" content=\"2025-03-19T21:51:43+00:00\" \/>\n<meta property=\"og:image\" content=\"https:\/\/regiaonews.net.br\/2022\/wp-content\/uploads\/2025\/03\/D00058294.jpg\" \/>\n\t<meta property=\"og:image:width\" content=\"600\" \/>\n\t<meta property=\"og:image:height\" content=\"798\" \/>\n\t<meta property=\"og:image:type\" content=\"image\/jpeg\" \/>\n<meta name=\"author\" content=\"Roberto\" \/>\n<meta name=\"twitter:card\" content=\"summary_large_image\" \/>\n<meta name=\"twitter:label1\" content=\"Escrito por\" \/>\n\t<meta name=\"twitter:data1\" content=\"Roberto\" \/>\n\t<meta name=\"twitter:label2\" content=\"Est. tempo de leitura\" \/>\n\t<meta name=\"twitter:data2\" content=\"3 minutos\" \/>\n<script type=\"application\/ld+json\" class=\"yoast-schema-graph\">{\"@context\":\"https:\\\/\\\/schema.org\",\"@graph\":[{\"@type\":\"Article\",\"@id\":\"https:\\\/\\\/regiaonews.net.br\\\/2022\\\/2025\\\/03\\\/19\\\/pericia-vai-determinar-de-qual-arma-partiu-o-disparo-que-matou-ciclista-em-sao-paulo\\\/#article\",\"isPartOf\":{\"@id\":\"https:\\\/\\\/regiaonews.net.br\\\/2022\\\/2025\\\/03\\\/19\\\/pericia-vai-determinar-de-qual-arma-partiu-o-disparo-que-matou-ciclista-em-sao-paulo\\\/\"},\"author\":{\"name\":\"Roberto\",\"@id\":\"https:\\\/\\\/regiaonews.net.br\\\/2022\\\/#\\\/schema\\\/person\\\/2d205a608a5aa97ac279d7a5e6d89ad8\"},\"headline\":\"Per\u00edcia vai determinar de qual arma partiu o disparo que matou ciclista em S\u00e3o Paulo\",\"datePublished\":\"2025-03-19T21:51:43+00:00\",\"mainEntityOfPage\":{\"@id\":\"https:\\\/\\\/regiaonews.net.br\\\/2022\\\/2025\\\/03\\\/19\\\/pericia-vai-determinar-de-qual-arma-partiu-o-disparo-que-matou-ciclista-em-sao-paulo\\\/\"},\"wordCount\":401,\"commentCount\":0,\"publisher\":{\"@id\":\"https:\\\/\\\/regiaonews.net.br\\\/2022\\\/#organization\"},\"image\":{\"@id\":\"https:\\\/\\\/regiaonews.net.br\\\/2022\\\/2025\\\/03\\\/19\\\/pericia-vai-determinar-de-qual-arma-partiu-o-disparo-que-matou-ciclista-em-sao-paulo\\\/#primaryimage\"},\"thumbnailUrl\":\"https:\\\/\\\/regiaonews.net.br\\\/2022\\\/wp-content\\\/uploads\\\/2025\\\/03\\\/D00058294.jpg\",\"articleSection\":[\"Policia\",\"S\u00e3o Paulo\"],\"inLanguage\":\"pt-BR\",\"potentialAction\":[{\"@type\":\"CommentAction\",\"name\":\"Comment\",\"target\":[\"https:\\\/\\\/regiaonews.net.br\\\/2022\\\/2025\\\/03\\\/19\\\/pericia-vai-determinar-de-qual-arma-partiu-o-disparo-que-matou-ciclista-em-sao-paulo\\\/#respond\"]}]},{\"@type\":\"WebPage\",\"@id\":\"https:\\\/\\\/regiaonews.net.br\\\/2022\\\/2025\\\/03\\\/19\\\/pericia-vai-determinar-de-qual-arma-partiu-o-disparo-que-matou-ciclista-em-sao-paulo\\\/\",\"url\":\"https:\\\/\\\/regiaonews.net.br\\\/2022\\\/2025\\\/03\\\/19\\\/pericia-vai-determinar-de-qual-arma-partiu-o-disparo-que-matou-ciclista-em-sao-paulo\\\/\",\"name\":\"Per\u00edcia vai determinar de qual arma partiu o disparo que matou ciclista em S\u00e3o Paulo - Regi\u00e3o News\",\"isPartOf\":{\"@id\":\"https:\\\/\\\/regiaonews.net.br\\\/2022\\\/#website\"},\"primaryImageOfPage\":{\"@id\":\"https:\\\/\\\/regiaonews.net.br\\\/2022\\\/2025\\\/03\\\/19\\\/pericia-vai-determinar-de-qual-arma-partiu-o-disparo-que-matou-ciclista-em-sao-paulo\\\/#primaryimage\"},\"image\":{\"@id\":\"https:\\\/\\\/regiaonews.net.br\\\/2022\\\/2025\\\/03\\\/19\\\/pericia-vai-determinar-de-qual-arma-partiu-o-disparo-que-matou-ciclista-em-sao-paulo\\\/#primaryimage\"},\"thumbnailUrl\":\"https:\\\/\\\/regiaonews.net.br\\\/2022\\\/wp-content\\\/uploads\\\/2025\\\/03\\\/D00058294.jpg\",\"datePublished\":\"2025-03-19T21:51:43+00:00\",\"breadcrumb\":{\"@id\":\"https:\\\/\\\/regiaonews.net.br\\\/2022\\\/2025\\\/03\\\/19\\\/pericia-vai-determinar-de-qual-arma-partiu-o-disparo-que-matou-ciclista-em-sao-paulo\\\/#breadcrumb\"},\"inLanguage\":\"pt-BR\",\"potentialAction\":[{\"@type\":\"ReadAction\",\"target\":[\"https:\\\/\\\/regiaonews.net.br\\\/2022\\\/2025\\\/03\\\/19\\\/pericia-vai-determinar-de-qual-arma-partiu-o-disparo-que-matou-ciclista-em-sao-paulo\\\/\"]}]},{\"@type\":\"ImageObject\",\"inLanguage\":\"pt-BR\",\"@id\":\"https:\\\/\\\/regiaonews.net.br\\\/2022\\\/2025\\\/03\\\/19\\\/pericia-vai-determinar-de-qual-arma-partiu-o-disparo-que-matou-ciclista-em-sao-paulo\\\/#primaryimage\",\"url\":\"https:\\\/\\\/regiaonews.net.br\\\/2022\\\/wp-content\\\/uploads\\\/2025\\\/03\\\/D00058294.jpg\",\"contentUrl\":\"https:\\\/\\\/regiaonews.net.br\\\/2022\\\/wp-content\\\/uploads\\\/2025\\\/03\\\/D00058294.jpg\",\"width\":600,\"height\":798},{\"@type\":\"BreadcrumbList\",\"@id\":\"https:\\\/\\\/regiaonews.net.br\\\/2022\\\/2025\\\/03\\\/19\\\/pericia-vai-determinar-de-qual-arma-partiu-o-disparo-que-matou-ciclista-em-sao-paulo\\\/#breadcrumb\",\"itemListElement\":[{\"@type\":\"ListItem\",\"position\":1,\"name\":\"In\u00edcio\",\"item\":\"https:\\\/\\\/regiaonews.net.br\\\/2022\\\/\"},{\"@type\":\"ListItem\",\"position\":2,\"name\":\"Per\u00edcia vai determinar de qual arma partiu o disparo que matou ciclista em S\u00e3o Paulo\"}]},{\"@type\":\"WebSite\",\"@id\":\"https:\\\/\\\/regiaonews.net.br\\\/2022\\\/#website\",\"url\":\"https:\\\/\\\/regiaonews.net.br\\\/2022\\\/\",\"name\":\"Regi\u00e3o News\",\"description\":\"Site de Not\u00edcias de Barretos e regi\u00e3o\",\"publisher\":{\"@id\":\"https:\\\/\\\/regiaonews.net.br\\\/2022\\\/#organization\"},\"potentialAction\":[{\"@type\":\"SearchAction\",\"target\":{\"@type\":\"EntryPoint\",\"urlTemplate\":\"https:\\\/\\\/regiaonews.net.br\\\/2022\\\/?s={search_term_string}\"},\"query-input\":{\"@type\":\"PropertyValueSpecification\",\"valueRequired\":true,\"valueName\":\"search_term_string\"}}],\"inLanguage\":\"pt-BR\"},{\"@type\":\"Organization\",\"@id\":\"https:\\\/\\\/regiaonews.net.br\\\/2022\\\/#organization\",\"name\":\"Regi\u00e3o News\",\"url\":\"https:\\\/\\\/regiaonews.net.br\\\/2022\\\/\",\"logo\":{\"@type\":\"ImageObject\",\"inLanguage\":\"pt-BR\",\"@id\":\"https:\\\/\\\/regiaonews.net.br\\\/2022\\\/#\\\/schema\\\/logo\\\/image\\\/\",\"url\":\"https:\\\/\\\/regiaonews.net.br\\\/2022\\\/wp-content\\\/uploads\\\/2026\\\/03\\\/regiao-13-anos-scaled.jpg\",\"contentUrl\":\"https:\\\/\\\/regiaonews.net.br\\\/2022\\\/wp-content\\\/uploads\\\/2026\\\/03\\\/regiao-13-anos-scaled.jpg\",\"width\":2560,\"height\":635,\"caption\":\"Regi\u00e3o News\"},\"image\":{\"@id\":\"https:\\\/\\\/regiaonews.net.br\\\/2022\\\/#\\\/schema\\\/logo\\\/image\\\/\"}},{\"@type\":\"Person\",\"@id\":\"https:\\\/\\\/regiaonews.net.br\\\/2022\\\/#\\\/schema\\\/person\\\/2d205a608a5aa97ac279d7a5e6d89ad8\",\"name\":\"Roberto\",\"image\":{\"@type\":\"ImageObject\",\"inLanguage\":\"pt-BR\",\"@id\":\"https:\\\/\\\/secure.gravatar.com\\\/avatar\\\/42749d8b712ff9d59ca93dc150494e5b55a44134482993f5baeb97e61b7ecc89?s=96&d=mm&r=g\",\"url\":\"https:\\\/\\\/secure.gravatar.com\\\/avatar\\\/42749d8b712ff9d59ca93dc150494e5b55a44134482993f5baeb97e61b7ecc89?s=96&d=mm&r=g\",\"contentUrl\":\"https:\\\/\\\/secure.gravatar.com\\\/avatar\\\/42749d8b712ff9d59ca93dc150494e5b55a44134482993f5baeb97e61b7ecc89?s=96&d=mm&r=g\",\"caption\":\"Roberto\"},\"url\":\"https:\\\/\\\/regiaonews.net.br\\\/2022\\\/author\\\/roberto\\\/\"}]}<\/script>\n<!-- \/ Yoast SEO plugin. -->","yoast_head_json":{"title":"Per\u00edcia vai determinar de qual arma partiu o disparo que matou ciclista em S\u00e3o Paulo - Regi\u00e3o News","robots":{"index":"index","follow":"follow","max-snippet":"max-snippet:-1","max-image-preview":"max-image-preview:large","max-video-preview":"max-video-preview:-1"},"canonical":"https:\/\/regiaonews.net.br\/2022\/2025\/03\/19\/pericia-vai-determinar-de-qual-arma-partiu-o-disparo-que-matou-ciclista-em-sao-paulo\/","og_locale":"pt_BR","og_type":"article","og_title":"Per\u00edcia vai determinar de qual arma partiu o disparo que matou ciclista em S\u00e3o Paulo - Regi\u00e3o News","og_description":"Rev\u00f3lveres foram apreendidos com o condutor e o garupa da","og_url":"https:\/\/regiaonews.net.br\/2022\/2025\/03\/19\/pericia-vai-determinar-de-qual-arma-partiu-o-disparo-que-matou-ciclista-em-sao-paulo\/","og_site_name":"Regi\u00e3o News","article_published_time":"2025-03-19T21:51:43+00:00","og_image":[{"width":600,"height":798,"url":"https:\/\/regiaonews.net.br\/2022\/wp-content\/uploads\/2025\/03\/D00058294.jpg","type":"image\/jpeg"}],"author":"Roberto","twitter_card":"summary_large_image","twitter_misc":{"Escrito por":"Roberto","Est. tempo de leitura":"3 minutos"},"schema":{"@context":"https:\/\/schema.org","@graph":[{"@type":"Article","@id":"https:\/\/regiaonews.net.br\/2022\/2025\/03\/19\/pericia-vai-determinar-de-qual-arma-partiu-o-disparo-que-matou-ciclista-em-sao-paulo\/#article","isPartOf":{"@id":"https:\/\/regiaonews.net.br\/2022\/2025\/03\/19\/pericia-vai-determinar-de-qual-arma-partiu-o-disparo-que-matou-ciclista-em-sao-paulo\/"},"author":{"name":"Roberto","@id":"https:\/\/regiaonews.net.br\/2022\/#\/schema\/person\/2d205a608a5aa97ac279d7a5e6d89ad8"},"headline":"Per\u00edcia vai determinar de qual arma partiu o disparo que matou ciclista em S\u00e3o Paulo","datePublished":"2025-03-19T21:51:43+00:00","mainEntityOfPage":{"@id":"https:\/\/regiaonews.net.br\/2022\/2025\/03\/19\/pericia-vai-determinar-de-qual-arma-partiu-o-disparo-que-matou-ciclista-em-sao-paulo\/"},"wordCount":401,"commentCount":0,"publisher":{"@id":"https:\/\/regiaonews.net.br\/2022\/#organization"},"image":{"@id":"https:\/\/regiaonews.net.br\/2022\/2025\/03\/19\/pericia-vai-determinar-de-qual-arma-partiu-o-disparo-que-matou-ciclista-em-sao-paulo\/#primaryimage"},"thumbnailUrl":"https:\/\/regiaonews.net.br\/2022\/wp-content\/uploads\/2025\/03\/D00058294.jpg","articleSection":["Policia","S\u00e3o Paulo"],"inLanguage":"pt-BR","potentialAction":[{"@type":"CommentAction","name":"Comment","target":["https:\/\/regiaonews.net.br\/2022\/2025\/03\/19\/pericia-vai-determinar-de-qual-arma-partiu-o-disparo-que-matou-ciclista-em-sao-paulo\/#respond"]}]},{"@type":"WebPage","@id":"https:\/\/regiaonews.net.br\/2022\/2025\/03\/19\/pericia-vai-determinar-de-qual-arma-partiu-o-disparo-que-matou-ciclista-em-sao-paulo\/","url":"https:\/\/regiaonews.net.br\/2022\/2025\/03\/19\/pericia-vai-determinar-de-qual-arma-partiu-o-disparo-que-matou-ciclista-em-sao-paulo\/","name":"Per\u00edcia vai determinar de qual arma partiu o disparo que matou ciclista em S\u00e3o Paulo - Regi\u00e3o News","isPartOf":{"@id":"https:\/\/regiaonews.net.br\/2022\/#website"},"primaryImageOfPage":{"@id":"https:\/\/regiaonews.net.br\/2022\/2025\/03\/19\/pericia-vai-determinar-de-qual-arma-partiu-o-disparo-que-matou-ciclista-em-sao-paulo\/#primaryimage"},"image":{"@id":"https:\/\/regiaonews.net.br\/2022\/2025\/03\/19\/pericia-vai-determinar-de-qual-arma-partiu-o-disparo-que-matou-ciclista-em-sao-paulo\/#primaryimage"},"thumbnailUrl":"https:\/\/regiaonews.net.br\/2022\/wp-content\/uploads\/2025\/03\/D00058294.jpg","datePublished":"2025-03-19T21:51:43+00:00","breadcrumb":{"@id":"https:\/\/regiaonews.net.br\/2022\/2025\/03\/19\/pericia-vai-determinar-de-qual-arma-partiu-o-disparo-que-matou-ciclista-em-sao-paulo\/#breadcrumb"},"inLanguage":"pt-BR","potentialAction":[{"@type":"ReadAction","target":["https:\/\/regiaonews.net.br\/2022\/2025\/03\/19\/pericia-vai-determinar-de-qual-arma-partiu-o-disparo-que-matou-ciclista-em-sao-paulo\/"]}]},{"@type":"ImageObject","inLanguage":"pt-BR","@id":"https:\/\/regiaonews.net.br\/2022\/2025\/03\/19\/pericia-vai-determinar-de-qual-arma-partiu-o-disparo-que-matou-ciclista-em-sao-paulo\/#primaryimage","url":"https:\/\/regiaonews.net.br\/2022\/wp-content\/uploads\/2025\/03\/D00058294.jpg","contentUrl":"https:\/\/regiaonews.net.br\/2022\/wp-content\/uploads\/2025\/03\/D00058294.jpg","width":600,"height":798},{"@type":"BreadcrumbList","@id":"https:\/\/regiaonews.net.br\/2022\/2025\/03\/19\/pericia-vai-determinar-de-qual-arma-partiu-o-disparo-que-matou-ciclista-em-sao-paulo\/#breadcrumb","itemListElement":[{"@type":"ListItem","position":1,"name":"In\u00edcio","item":"https:\/\/regiaonews.net.br\/2022\/"},{"@type":"ListItem","position":2,"name":"Per\u00edcia vai determinar de qual arma partiu o disparo que matou ciclista em S\u00e3o Paulo"}]},{"@type":"WebSite","@id":"https:\/\/regiaonews.net.br\/2022\/#website","url":"https:\/\/regiaonews.net.br\/2022\/","name":"Regi\u00e3o News","description":"Site de Not\u00edcias de Barretos e regi\u00e3o","publisher":{"@id":"https:\/\/regiaonews.net.br\/2022\/#organization"},"potentialAction":[{"@type":"SearchAction","target":{"@type":"EntryPoint","urlTemplate":"https:\/\/regiaonews.net.br\/2022\/?s={search_term_string}"},"query-input":{"@type":"PropertyValueSpecification","valueRequired":true,"valueName":"search_term_string"}}],"inLanguage":"pt-BR"},{"@type":"Organization","@id":"https:\/\/regiaonews.net.br\/2022\/#organization","name":"Regi\u00e3o News","url":"https:\/\/regiaonews.net.br\/2022\/","logo":{"@type":"ImageObject","inLanguage":"pt-BR","@id":"https:\/\/regiaonews.net.br\/2022\/#\/schema\/logo\/image\/","url":"https:\/\/regiaonews.net.br\/2022\/wp-content\/uploads\/2026\/03\/regiao-13-anos-scaled.jpg","contentUrl":"https:\/\/regiaonews.net.br\/2022\/wp-content\/uploads\/2026\/03\/regiao-13-anos-scaled.jpg","width":2560,"height":635,"caption":"Regi\u00e3o News"},"image":{"@id":"https:\/\/regiaonews.net.br\/2022\/#\/schema\/logo\/image\/"}},{"@type":"Person","@id":"https:\/\/regiaonews.net.br\/2022\/#\/schema\/person\/2d205a608a5aa97ac279d7a5e6d89ad8","name":"Roberto","image":{"@type":"ImageObject","inLanguage":"pt-BR","@id":"https:\/\/secure.gravatar.com\/avatar\/42749d8b712ff9d59ca93dc150494e5b55a44134482993f5baeb97e61b7ecc89?s=96&d=mm&r=g","url":"https:\/\/secure.gravatar.com\/avatar\/42749d8b712ff9d59ca93dc150494e5b55a44134482993f5baeb97e61b7ecc89?s=96&d=mm&r=g","contentUrl":"https:\/\/secure.gravatar.com\/avatar\/42749d8b712ff9d59ca93dc150494e5b55a44134482993f5baeb97e61b7ecc89?s=96&d=mm&r=g","caption":"Roberto"},"url":"https:\/\/regiaonews.net.br\/2022\/author\/roberto\/"}]}},"publishpress_future_action":{"enabled":false,"date":"2026-05-02 02:35:38","action":"change-status","newStatus":"draft","terms":[],"taxonomy":"category","extraData":[]},"publishpress_future_workflow_manual_trigger":{"enabledWorkflows":[]},"_links":{"self":[{"href":"https:\/\/regiaonews.net.br\/2022\/wp-json\/wp\/v2\/posts\/115686","targetHints":{"allow":["GET"]}}],"collection":[{"href":"https:\/\/regiaonews.net.br\/2022\/wp-json\/wp\/v2\/posts"}],"about":[{"href":"https:\/\/regiaonews.net.br\/2022\/wp-json\/wp\/v2\/types\/post"}],"author":[{"embeddable":true,"href":"https:\/\/regiaonews.net.br\/2022\/wp-json\/wp\/v2\/users\/2"}],"replies":[{"embeddable":true,"href":"https:\/\/regiaonews.net.br\/2022\/wp-json\/wp\/v2\/comments?post=115686"}],"version-history":[{"count":1,"href":"https:\/\/regiaonews.net.br\/2022\/wp-json\/wp\/v2\/posts\/115686\/revisions"}],"predecessor-version":[{"id":115688,"href":"https:\/\/regiaonews.net.br\/2022\/wp-json\/wp\/v2\/posts\/115686\/revisions\/115688"}],"wp:featuredmedia":[{"embeddable":true,"href":"https:\/\/regiaonews.net.br\/2022\/wp-json\/wp\/v2\/media\/115687"}],"wp:attachment":[{"href":"https:\/\/regiaonews.net.br\/2022\/wp-json\/wp\/v2\/media?parent=115686"}],"wp:term":[{"taxonomy":"category","embeddable":true,"href":"https:\/\/regiaonews.net.br\/2022\/wp-json\/wp\/v2\/categories?post=115686"},{"taxonomy":"post_tag","embeddable":true,"href":"https:\/\/regiaonews.net.br\/2022\/wp-json\/wp\/v2\/tags?post=115686"}],"curies":[{"name":"wp","href":"https:\/\/api.w.org\/{rel}","templated":true}]}}