{"id":115683,"date":"2025-03-19T18:48:32","date_gmt":"2025-03-19T21:48:32","guid":{"rendered":"https:\/\/regiaonews.net.br\/2022\/?p=115683"},"modified":"2025-03-19T18:48:32","modified_gmt":"2025-03-19T21:48:32","slug":"golpe-do-falso-contrato-policia-prende-lider-de-associacao-criminosa-por-suspeita-de-estelionato","status":"publish","type":"post","link":"https:\/\/regiaonews.net.br\/2022\/2025\/03\/19\/golpe-do-falso-contrato-policia-prende-lider-de-associacao-criminosa-por-suspeita-de-estelionato\/","title":{"rendered":"Golpe do falso contrato: pol\u00edcia prende l\u00edder de associa\u00e7\u00e3o criminosa por suspeita de estelionato"},"content":{"rendered":"<div class=\"col-lg-12 mt-4\">\n<h3><\/h3>\n<\/div>\n<div class=\"col-lg-12 mt-2\">\n<h5>Fraude era aplicada por meio de uma empresa para vendas de supostos cart\u00f5es de desconto e vagas falsas de emprego<\/h5>\n<\/div>\n<div class=\"col-lg-12\">\n<p class=\"diasemana\">Quarta-feira, 19\/03\/2025 14:51<\/p>\n<\/div>\n<div class=\"col-lg-12\">\n<p class=\"autor\">Por Assessoria de Imprensa e Comunica\u00e7\u00e3o da Secretaria da Seguran\u00e7a P\u00fablica<\/p>\n<\/div>\n<div class=\"col-lg-12 mt-3\">\n<div>\n<div>A Pol\u00edcia Civil prendeu nesta quarta-feira (19) um homem apontado como o l\u00edder de uma associa\u00e7\u00e3o criminosa voltada para a pr\u00e1tica de estelionatos em S\u00e3o Paulo. A fraude acontecia em nome de uma empresa para vendas de supostos cart\u00f5es de desconto e vagas falsas de emprego. O suspeito, de 44 anos, foi detido na sede da empresa, localizada no bairro do Tatuap\u00e9, na zona leste de S\u00e3o Paulo.<\/div>\n<div><\/div>\n<div>A captura foi realizada por policiais do 42\u00ba Distrito Policial (Parque S\u00e3o Lucas), que investigavam o esquema h\u00e1 cerca de oito meses. De acordo com as informa\u00e7\u00f5es, os suspeitos aplicavam o golpe em locais com grande movimento de pessoas, como em esta\u00e7\u00f5es de metr\u00f4, aeroportos, rodovi\u00e1rias e hipermercados. A maioria das v\u00edtimas era idosos.<\/div>\n<div><\/div>\n<div>Uma das v\u00edtimas compareceu \u00e0 delegacia e registrou um boletim de ocorr\u00eancia. Ela contou aos agentes que foi abordada pelos suspeitos em um hipermercado na avenida Vila Ema, na zona leste de S\u00e3o Paulo. Ela teria sido for\u00e7ada a realizar a assinatura de um programa que supostamente daria descontos em lojas, drogarias, exames de sa\u00fade, entre outros.<\/div>\n<div><\/div>\n<div>O pagamento do falso benef\u00edcio tamb\u00e9m implicava na gera\u00e7\u00e3o de um contrato de presta\u00e7\u00e3o de servi\u00e7o de 12 meses, no qual n\u00e3o era poss\u00edvel cancelar. Ao tentar utilizar esses descontos, a v\u00edtima percebia que havia ca\u00eddo em uma fraude.<\/div>\n<div><\/div>\n<div>O golpe do falso contrato tamb\u00e9m era aplicado para ofertas de vagas de emprego. As v\u00edtimas pagavam para ter aulas ministradas na sede da empresa, no Tatuap\u00e9, com a falsa promessa de que com o curso seriam inseridas no mercado de trabalho.<\/div>\n<div><\/div>\n<div>Diante das informa\u00e7\u00f5es, hoje foram cumpridos sete mandados de busca e apreens\u00e3o expedidos pelo \u00f3rg\u00e3o judicial nos bairros Vila Maria e Tatuap\u00e9, na capital paulista, e em Guarulhos, na Grande S\u00e3o Paulo. A pol\u00edcia tamb\u00e9m recolheu diversas m\u00e1quinas de cart\u00e3o, computadores, documentos e carimbos utilizados na pr\u00e1tica criminosa.<\/div>\n<div><\/div>\n<div>O homem preso em flagrante responder\u00e1 por crimes de estelionato, associa\u00e7\u00e3o criminosa e lavagem de dinheiro. As investiga\u00e7\u00f5es continuam para identificar os demais integrantes da organiza\u00e7\u00e3o. O caso foi registrado no 42\u00ba Distrito Policial.<\/div>\n<\/div>\n<\/div>\n","protected":false},"excerpt":{"rendered":"<p>Fraude era aplicada por meio de uma empresa para vendas<\/p>\n","protected":false},"author":2,"featured_media":115684,"comment_status":"open","ping_status":"open","sticky":false,"template":"","format":"standard","meta":{"footnotes":""},"categories":[25,7],"tags":[],"class_list":["post-115683","post","type-post","status-publish","format-standard","has-post-thumbnail","hentry","category-cidades","category-estado-de-sao-paulo"],"yoast_head":"<!-- This site is optimized with the Yoast SEO plugin v27.4 - https:\/\/yoast.com\/product\/yoast-seo-wordpress\/ -->\n<title>Golpe do falso contrato: pol\u00edcia prende l\u00edder de associa\u00e7\u00e3o criminosa por suspeita de estelionato - Regi\u00e3o News<\/title>\n<meta name=\"robots\" content=\"index, follow, max-snippet:-1, max-image-preview:large, max-video-preview:-1\" \/>\n<link rel=\"canonical\" href=\"https:\/\/regiaonews.net.br\/2022\/2025\/03\/19\/golpe-do-falso-contrato-policia-prende-lider-de-associacao-criminosa-por-suspeita-de-estelionato\/\" \/>\n<meta property=\"og:locale\" content=\"pt_BR\" \/>\n<meta property=\"og:type\" content=\"article\" \/>\n<meta property=\"og:title\" content=\"Golpe do falso contrato: pol\u00edcia prende l\u00edder de associa\u00e7\u00e3o criminosa por suspeita de estelionato - Regi\u00e3o News\" \/>\n<meta property=\"og:description\" content=\"Fraude era aplicada por meio de uma empresa para vendas\" \/>\n<meta property=\"og:url\" content=\"https:\/\/regiaonews.net.br\/2022\/2025\/03\/19\/golpe-do-falso-contrato-policia-prende-lider-de-associacao-criminosa-por-suspeita-de-estelionato\/\" \/>\n<meta property=\"og:site_name\" content=\"Regi\u00e3o News\" \/>\n<meta property=\"article:published_time\" content=\"2025-03-19T21:48:32+00:00\" \/>\n<meta property=\"og:image\" content=\"https:\/\/regiaonews.net.br\/2022\/wp-content\/uploads\/2025\/03\/00058298.jpeg\" \/>\n\t<meta property=\"og:image:width\" content=\"1200\" \/>\n\t<meta property=\"og:image:height\" content=\"1033\" \/>\n\t<meta property=\"og:image:type\" content=\"image\/jpeg\" \/>\n<meta name=\"author\" content=\"Roberto\" \/>\n<meta name=\"twitter:card\" content=\"summary_large_image\" \/>\n<meta name=\"twitter:label1\" content=\"Escrito por\" \/>\n\t<meta name=\"twitter:data1\" content=\"Roberto\" \/>\n\t<meta name=\"twitter:label2\" content=\"Est. tempo de leitura\" \/>\n\t<meta name=\"twitter:data2\" content=\"3 minutos\" \/>\n<script type=\"application\/ld+json\" class=\"yoast-schema-graph\">{\"@context\":\"https:\\\/\\\/schema.org\",\"@graph\":[{\"@type\":\"Article\",\"@id\":\"https:\\\/\\\/regiaonews.net.br\\\/2022\\\/2025\\\/03\\\/19\\\/golpe-do-falso-contrato-policia-prende-lider-de-associacao-criminosa-por-suspeita-de-estelionato\\\/#article\",\"isPartOf\":{\"@id\":\"https:\\\/\\\/regiaonews.net.br\\\/2022\\\/2025\\\/03\\\/19\\\/golpe-do-falso-contrato-policia-prende-lider-de-associacao-criminosa-por-suspeita-de-estelionato\\\/\"},\"author\":{\"name\":\"Roberto\",\"@id\":\"https:\\\/\\\/regiaonews.net.br\\\/2022\\\/#\\\/schema\\\/person\\\/2d205a608a5aa97ac279d7a5e6d89ad8\"},\"headline\":\"Golpe do falso contrato: pol\u00edcia prende l\u00edder de associa\u00e7\u00e3o criminosa por suspeita de estelionato\",\"datePublished\":\"2025-03-19T21:48:32+00:00\",\"mainEntityOfPage\":{\"@id\":\"https:\\\/\\\/regiaonews.net.br\\\/2022\\\/2025\\\/03\\\/19\\\/golpe-do-falso-contrato-policia-prende-lider-de-associacao-criminosa-por-suspeita-de-estelionato\\\/\"},\"wordCount\":429,\"commentCount\":0,\"publisher\":{\"@id\":\"https:\\\/\\\/regiaonews.net.br\\\/2022\\\/#organization\"},\"image\":{\"@id\":\"https:\\\/\\\/regiaonews.net.br\\\/2022\\\/2025\\\/03\\\/19\\\/golpe-do-falso-contrato-policia-prende-lider-de-associacao-criminosa-por-suspeita-de-estelionato\\\/#primaryimage\"},\"thumbnailUrl\":\"https:\\\/\\\/regiaonews.net.br\\\/2022\\\/wp-content\\\/uploads\\\/2025\\\/03\\\/00058298.jpeg\",\"articleSection\":[\"Cidades\",\"Estado de S\u00e3o Paulo\"],\"inLanguage\":\"pt-BR\",\"potentialAction\":[{\"@type\":\"CommentAction\",\"name\":\"Comment\",\"target\":[\"https:\\\/\\\/regiaonews.net.br\\\/2022\\\/2025\\\/03\\\/19\\\/golpe-do-falso-contrato-policia-prende-lider-de-associacao-criminosa-por-suspeita-de-estelionato\\\/#respond\"]}]},{\"@type\":\"WebPage\",\"@id\":\"https:\\\/\\\/regiaonews.net.br\\\/2022\\\/2025\\\/03\\\/19\\\/golpe-do-falso-contrato-policia-prende-lider-de-associacao-criminosa-por-suspeita-de-estelionato\\\/\",\"url\":\"https:\\\/\\\/regiaonews.net.br\\\/2022\\\/2025\\\/03\\\/19\\\/golpe-do-falso-contrato-policia-prende-lider-de-associacao-criminosa-por-suspeita-de-estelionato\\\/\",\"name\":\"Golpe do falso contrato: pol\u00edcia prende l\u00edder de associa\u00e7\u00e3o criminosa por suspeita de estelionato - Regi\u00e3o News\",\"isPartOf\":{\"@id\":\"https:\\\/\\\/regiaonews.net.br\\\/2022\\\/#website\"},\"primaryImageOfPage\":{\"@id\":\"https:\\\/\\\/regiaonews.net.br\\\/2022\\\/2025\\\/03\\\/19\\\/golpe-do-falso-contrato-policia-prende-lider-de-associacao-criminosa-por-suspeita-de-estelionato\\\/#primaryimage\"},\"image\":{\"@id\":\"https:\\\/\\\/regiaonews.net.br\\\/2022\\\/2025\\\/03\\\/19\\\/golpe-do-falso-contrato-policia-prende-lider-de-associacao-criminosa-por-suspeita-de-estelionato\\\/#primaryimage\"},\"thumbnailUrl\":\"https:\\\/\\\/regiaonews.net.br\\\/2022\\\/wp-content\\\/uploads\\\/2025\\\/03\\\/00058298.jpeg\",\"datePublished\":\"2025-03-19T21:48:32+00:00\",\"breadcrumb\":{\"@id\":\"https:\\\/\\\/regiaonews.net.br\\\/2022\\\/2025\\\/03\\\/19\\\/golpe-do-falso-contrato-policia-prende-lider-de-associacao-criminosa-por-suspeita-de-estelionato\\\/#breadcrumb\"},\"inLanguage\":\"pt-BR\",\"potentialAction\":[{\"@type\":\"ReadAction\",\"target\":[\"https:\\\/\\\/regiaonews.net.br\\\/2022\\\/2025\\\/03\\\/19\\\/golpe-do-falso-contrato-policia-prende-lider-de-associacao-criminosa-por-suspeita-de-estelionato\\\/\"]}]},{\"@type\":\"ImageObject\",\"inLanguage\":\"pt-BR\",\"@id\":\"https:\\\/\\\/regiaonews.net.br\\\/2022\\\/2025\\\/03\\\/19\\\/golpe-do-falso-contrato-policia-prende-lider-de-associacao-criminosa-por-suspeita-de-estelionato\\\/#primaryimage\",\"url\":\"https:\\\/\\\/regiaonews.net.br\\\/2022\\\/wp-content\\\/uploads\\\/2025\\\/03\\\/00058298.jpeg\",\"contentUrl\":\"https:\\\/\\\/regiaonews.net.br\\\/2022\\\/wp-content\\\/uploads\\\/2025\\\/03\\\/00058298.jpeg\",\"width\":1200,\"height\":1033},{\"@type\":\"BreadcrumbList\",\"@id\":\"https:\\\/\\\/regiaonews.net.br\\\/2022\\\/2025\\\/03\\\/19\\\/golpe-do-falso-contrato-policia-prende-lider-de-associacao-criminosa-por-suspeita-de-estelionato\\\/#breadcrumb\",\"itemListElement\":[{\"@type\":\"ListItem\",\"position\":1,\"name\":\"In\u00edcio\",\"item\":\"https:\\\/\\\/regiaonews.net.br\\\/2022\\\/\"},{\"@type\":\"ListItem\",\"position\":2,\"name\":\"Golpe do falso contrato: pol\u00edcia prende l\u00edder de associa\u00e7\u00e3o criminosa por suspeita de estelionato\"}]},{\"@type\":\"WebSite\",\"@id\":\"https:\\\/\\\/regiaonews.net.br\\\/2022\\\/#website\",\"url\":\"https:\\\/\\\/regiaonews.net.br\\\/2022\\\/\",\"name\":\"Regi\u00e3o News\",\"description\":\"Site de Not\u00edcias de Barretos e regi\u00e3o\",\"publisher\":{\"@id\":\"https:\\\/\\\/regiaonews.net.br\\\/2022\\\/#organization\"},\"potentialAction\":[{\"@type\":\"SearchAction\",\"target\":{\"@type\":\"EntryPoint\",\"urlTemplate\":\"https:\\\/\\\/regiaonews.net.br\\\/2022\\\/?s={search_term_string}\"},\"query-input\":{\"@type\":\"PropertyValueSpecification\",\"valueRequired\":true,\"valueName\":\"search_term_string\"}}],\"inLanguage\":\"pt-BR\"},{\"@type\":\"Organization\",\"@id\":\"https:\\\/\\\/regiaonews.net.br\\\/2022\\\/#organization\",\"name\":\"Regi\u00e3o News\",\"url\":\"https:\\\/\\\/regiaonews.net.br\\\/2022\\\/\",\"logo\":{\"@type\":\"ImageObject\",\"inLanguage\":\"pt-BR\",\"@id\":\"https:\\\/\\\/regiaonews.net.br\\\/2022\\\/#\\\/schema\\\/logo\\\/image\\\/\",\"url\":\"https:\\\/\\\/regiaonews.net.br\\\/2022\\\/wp-content\\\/uploads\\\/2026\\\/03\\\/regiao-13-anos-scaled.jpg\",\"contentUrl\":\"https:\\\/\\\/regiaonews.net.br\\\/2022\\\/wp-content\\\/uploads\\\/2026\\\/03\\\/regiao-13-anos-scaled.jpg\",\"width\":2560,\"height\":635,\"caption\":\"Regi\u00e3o News\"},\"image\":{\"@id\":\"https:\\\/\\\/regiaonews.net.br\\\/2022\\\/#\\\/schema\\\/logo\\\/image\\\/\"}},{\"@type\":\"Person\",\"@id\":\"https:\\\/\\\/regiaonews.net.br\\\/2022\\\/#\\\/schema\\\/person\\\/2d205a608a5aa97ac279d7a5e6d89ad8\",\"name\":\"Roberto\",\"image\":{\"@type\":\"ImageObject\",\"inLanguage\":\"pt-BR\",\"@id\":\"https:\\\/\\\/secure.gravatar.com\\\/avatar\\\/42749d8b712ff9d59ca93dc150494e5b55a44134482993f5baeb97e61b7ecc89?s=96&d=mm&r=g\",\"url\":\"https:\\\/\\\/secure.gravatar.com\\\/avatar\\\/42749d8b712ff9d59ca93dc150494e5b55a44134482993f5baeb97e61b7ecc89?s=96&d=mm&r=g\",\"contentUrl\":\"https:\\\/\\\/secure.gravatar.com\\\/avatar\\\/42749d8b712ff9d59ca93dc150494e5b55a44134482993f5baeb97e61b7ecc89?s=96&d=mm&r=g\",\"caption\":\"Roberto\"},\"url\":\"https:\\\/\\\/regiaonews.net.br\\\/2022\\\/author\\\/roberto\\\/\"}]}<\/script>\n<!-- \/ Yoast SEO plugin. -->","yoast_head_json":{"title":"Golpe do falso contrato: pol\u00edcia prende l\u00edder de associa\u00e7\u00e3o criminosa por suspeita de estelionato - Regi\u00e3o News","robots":{"index":"index","follow":"follow","max-snippet":"max-snippet:-1","max-image-preview":"max-image-preview:large","max-video-preview":"max-video-preview:-1"},"canonical":"https:\/\/regiaonews.net.br\/2022\/2025\/03\/19\/golpe-do-falso-contrato-policia-prende-lider-de-associacao-criminosa-por-suspeita-de-estelionato\/","og_locale":"pt_BR","og_type":"article","og_title":"Golpe do falso contrato: pol\u00edcia prende l\u00edder de associa\u00e7\u00e3o criminosa por suspeita de estelionato - Regi\u00e3o News","og_description":"Fraude era aplicada por meio de uma empresa para vendas","og_url":"https:\/\/regiaonews.net.br\/2022\/2025\/03\/19\/golpe-do-falso-contrato-policia-prende-lider-de-associacao-criminosa-por-suspeita-de-estelionato\/","og_site_name":"Regi\u00e3o News","article_published_time":"2025-03-19T21:48:32+00:00","og_image":[{"width":1200,"height":1033,"url":"https:\/\/regiaonews.net.br\/2022\/wp-content\/uploads\/2025\/03\/00058298.jpeg","type":"image\/jpeg"}],"author":"Roberto","twitter_card":"summary_large_image","twitter_misc":{"Escrito por":"Roberto","Est. tempo de leitura":"3 minutos"},"schema":{"@context":"https:\/\/schema.org","@graph":[{"@type":"Article","@id":"https:\/\/regiaonews.net.br\/2022\/2025\/03\/19\/golpe-do-falso-contrato-policia-prende-lider-de-associacao-criminosa-por-suspeita-de-estelionato\/#article","isPartOf":{"@id":"https:\/\/regiaonews.net.br\/2022\/2025\/03\/19\/golpe-do-falso-contrato-policia-prende-lider-de-associacao-criminosa-por-suspeita-de-estelionato\/"},"author":{"name":"Roberto","@id":"https:\/\/regiaonews.net.br\/2022\/#\/schema\/person\/2d205a608a5aa97ac279d7a5e6d89ad8"},"headline":"Golpe do falso contrato: pol\u00edcia prende l\u00edder de associa\u00e7\u00e3o criminosa por suspeita de estelionato","datePublished":"2025-03-19T21:48:32+00:00","mainEntityOfPage":{"@id":"https:\/\/regiaonews.net.br\/2022\/2025\/03\/19\/golpe-do-falso-contrato-policia-prende-lider-de-associacao-criminosa-por-suspeita-de-estelionato\/"},"wordCount":429,"commentCount":0,"publisher":{"@id":"https:\/\/regiaonews.net.br\/2022\/#organization"},"image":{"@id":"https:\/\/regiaonews.net.br\/2022\/2025\/03\/19\/golpe-do-falso-contrato-policia-prende-lider-de-associacao-criminosa-por-suspeita-de-estelionato\/#primaryimage"},"thumbnailUrl":"https:\/\/regiaonews.net.br\/2022\/wp-content\/uploads\/2025\/03\/00058298.jpeg","articleSection":["Cidades","Estado de S\u00e3o Paulo"],"inLanguage":"pt-BR","potentialAction":[{"@type":"CommentAction","name":"Comment","target":["https:\/\/regiaonews.net.br\/2022\/2025\/03\/19\/golpe-do-falso-contrato-policia-prende-lider-de-associacao-criminosa-por-suspeita-de-estelionato\/#respond"]}]},{"@type":"WebPage","@id":"https:\/\/regiaonews.net.br\/2022\/2025\/03\/19\/golpe-do-falso-contrato-policia-prende-lider-de-associacao-criminosa-por-suspeita-de-estelionato\/","url":"https:\/\/regiaonews.net.br\/2022\/2025\/03\/19\/golpe-do-falso-contrato-policia-prende-lider-de-associacao-criminosa-por-suspeita-de-estelionato\/","name":"Golpe do falso contrato: pol\u00edcia prende l\u00edder de associa\u00e7\u00e3o criminosa por suspeita de estelionato - Regi\u00e3o News","isPartOf":{"@id":"https:\/\/regiaonews.net.br\/2022\/#website"},"primaryImageOfPage":{"@id":"https:\/\/regiaonews.net.br\/2022\/2025\/03\/19\/golpe-do-falso-contrato-policia-prende-lider-de-associacao-criminosa-por-suspeita-de-estelionato\/#primaryimage"},"image":{"@id":"https:\/\/regiaonews.net.br\/2022\/2025\/03\/19\/golpe-do-falso-contrato-policia-prende-lider-de-associacao-criminosa-por-suspeita-de-estelionato\/#primaryimage"},"thumbnailUrl":"https:\/\/regiaonews.net.br\/2022\/wp-content\/uploads\/2025\/03\/00058298.jpeg","datePublished":"2025-03-19T21:48:32+00:00","breadcrumb":{"@id":"https:\/\/regiaonews.net.br\/2022\/2025\/03\/19\/golpe-do-falso-contrato-policia-prende-lider-de-associacao-criminosa-por-suspeita-de-estelionato\/#breadcrumb"},"inLanguage":"pt-BR","potentialAction":[{"@type":"ReadAction","target":["https:\/\/regiaonews.net.br\/2022\/2025\/03\/19\/golpe-do-falso-contrato-policia-prende-lider-de-associacao-criminosa-por-suspeita-de-estelionato\/"]}]},{"@type":"ImageObject","inLanguage":"pt-BR","@id":"https:\/\/regiaonews.net.br\/2022\/2025\/03\/19\/golpe-do-falso-contrato-policia-prende-lider-de-associacao-criminosa-por-suspeita-de-estelionato\/#primaryimage","url":"https:\/\/regiaonews.net.br\/2022\/wp-content\/uploads\/2025\/03\/00058298.jpeg","contentUrl":"https:\/\/regiaonews.net.br\/2022\/wp-content\/uploads\/2025\/03\/00058298.jpeg","width":1200,"height":1033},{"@type":"BreadcrumbList","@id":"https:\/\/regiaonews.net.br\/2022\/2025\/03\/19\/golpe-do-falso-contrato-policia-prende-lider-de-associacao-criminosa-por-suspeita-de-estelionato\/#breadcrumb","itemListElement":[{"@type":"ListItem","position":1,"name":"In\u00edcio","item":"https:\/\/regiaonews.net.br\/2022\/"},{"@type":"ListItem","position":2,"name":"Golpe do falso contrato: pol\u00edcia prende l\u00edder de associa\u00e7\u00e3o criminosa por suspeita de estelionato"}]},{"@type":"WebSite","@id":"https:\/\/regiaonews.net.br\/2022\/#website","url":"https:\/\/regiaonews.net.br\/2022\/","name":"Regi\u00e3o News","description":"Site de Not\u00edcias de Barretos e regi\u00e3o","publisher":{"@id":"https:\/\/regiaonews.net.br\/2022\/#organization"},"potentialAction":[{"@type":"SearchAction","target":{"@type":"EntryPoint","urlTemplate":"https:\/\/regiaonews.net.br\/2022\/?s={search_term_string}"},"query-input":{"@type":"PropertyValueSpecification","valueRequired":true,"valueName":"search_term_string"}}],"inLanguage":"pt-BR"},{"@type":"Organization","@id":"https:\/\/regiaonews.net.br\/2022\/#organization","name":"Regi\u00e3o News","url":"https:\/\/regiaonews.net.br\/2022\/","logo":{"@type":"ImageObject","inLanguage":"pt-BR","@id":"https:\/\/regiaonews.net.br\/2022\/#\/schema\/logo\/image\/","url":"https:\/\/regiaonews.net.br\/2022\/wp-content\/uploads\/2026\/03\/regiao-13-anos-scaled.jpg","contentUrl":"https:\/\/regiaonews.net.br\/2022\/wp-content\/uploads\/2026\/03\/regiao-13-anos-scaled.jpg","width":2560,"height":635,"caption":"Regi\u00e3o News"},"image":{"@id":"https:\/\/regiaonews.net.br\/2022\/#\/schema\/logo\/image\/"}},{"@type":"Person","@id":"https:\/\/regiaonews.net.br\/2022\/#\/schema\/person\/2d205a608a5aa97ac279d7a5e6d89ad8","name":"Roberto","image":{"@type":"ImageObject","inLanguage":"pt-BR","@id":"https:\/\/secure.gravatar.com\/avatar\/42749d8b712ff9d59ca93dc150494e5b55a44134482993f5baeb97e61b7ecc89?s=96&d=mm&r=g","url":"https:\/\/secure.gravatar.com\/avatar\/42749d8b712ff9d59ca93dc150494e5b55a44134482993f5baeb97e61b7ecc89?s=96&d=mm&r=g","contentUrl":"https:\/\/secure.gravatar.com\/avatar\/42749d8b712ff9d59ca93dc150494e5b55a44134482993f5baeb97e61b7ecc89?s=96&d=mm&r=g","caption":"Roberto"},"url":"https:\/\/regiaonews.net.br\/2022\/author\/roberto\/"}]}},"publishpress_future_action":{"enabled":false,"date":"2026-05-02 04:12:28","action":"change-status","newStatus":"draft","terms":[],"taxonomy":"category","extraData":[]},"publishpress_future_workflow_manual_trigger":{"enabledWorkflows":[]},"_links":{"self":[{"href":"https:\/\/regiaonews.net.br\/2022\/wp-json\/wp\/v2\/posts\/115683","targetHints":{"allow":["GET"]}}],"collection":[{"href":"https:\/\/regiaonews.net.br\/2022\/wp-json\/wp\/v2\/posts"}],"about":[{"href":"https:\/\/regiaonews.net.br\/2022\/wp-json\/wp\/v2\/types\/post"}],"author":[{"embeddable":true,"href":"https:\/\/regiaonews.net.br\/2022\/wp-json\/wp\/v2\/users\/2"}],"replies":[{"embeddable":true,"href":"https:\/\/regiaonews.net.br\/2022\/wp-json\/wp\/v2\/comments?post=115683"}],"version-history":[{"count":1,"href":"https:\/\/regiaonews.net.br\/2022\/wp-json\/wp\/v2\/posts\/115683\/revisions"}],"predecessor-version":[{"id":115685,"href":"https:\/\/regiaonews.net.br\/2022\/wp-json\/wp\/v2\/posts\/115683\/revisions\/115685"}],"wp:featuredmedia":[{"embeddable":true,"href":"https:\/\/regiaonews.net.br\/2022\/wp-json\/wp\/v2\/media\/115684"}],"wp:attachment":[{"href":"https:\/\/regiaonews.net.br\/2022\/wp-json\/wp\/v2\/media?parent=115683"}],"wp:term":[{"taxonomy":"category","embeddable":true,"href":"https:\/\/regiaonews.net.br\/2022\/wp-json\/wp\/v2\/categories?post=115683"},{"taxonomy":"post_tag","embeddable":true,"href":"https:\/\/regiaonews.net.br\/2022\/wp-json\/wp\/v2\/tags?post=115683"}],"curies":[{"name":"wp","href":"https:\/\/api.w.org\/{rel}","templated":true}]}}