{"id":115655,"date":"2025-03-18T19:31:43","date_gmt":"2025-03-18T22:31:43","guid":{"rendered":"https:\/\/regiaonews.net.br\/2022\/?p=115655"},"modified":"2025-03-18T19:35:35","modified_gmt":"2025-03-18T22:35:35","slug":"espaco-da-diversidade-cultural-na-festa-do-peao-de-barretos-palco-culturando-esta-com-inscricoes-abertas","status":"publish","type":"post","link":"https:\/\/regiaonews.net.br\/2022\/2025\/03\/18\/espaco-da-diversidade-cultural-na-festa-do-peao-de-barretos-palco-culturando-esta-com-inscricoes-abertas\/","title":{"rendered":"Espa\u00e7o da diversidade cultural na festa do pe\u00e3o de barretos, Palco Culturando est\u00e1 com inscri\u00e7\u00f5es abertas"},"content":{"rendered":"<p>As inscri\u00e7\u00f5es para participar das apresenta\u00e7\u00f5es no Palco Culturando na 70\u00aa Festa do Pe\u00e3o de Barretos est\u00e3o abertas e seguem at\u00e9 o dia 31 de mar\u00e7o pelo site da AGCIP (Associa\u00e7\u00e3o de Gest\u00e3o Cultural do Interior Paulista).<\/p>\n<p>O palco se tornou uma refer\u00eancia dentro da Festa, como um grande fomentador da diversidade cultural brasileira, recebendo artistas e grupos dos mais diferentes segmentos culturais. &#8220;Os Independentes sempre tiveram um olhar atento \u00e0 cultura. Nosso trabalho vai al\u00e9m do rodeio, queremos preservar nossas ra\u00edzes e dar espa\u00e7o \u00e0s manifesta\u00e7\u00f5es culturais que tornam nossa festa ainda mais especial. O Palco Culturando \u00e9 um reflexo disso: \u00e9 o palco que mais recebe artistas, que promove a diversidade e que refor\u00e7a nossa identidade cultural&#8221;, destaca Jer\u00f4nimo Muzetti, presidente de Os Independentes.<\/p>\n<p>Em 2025, o espa\u00e7o completa 16 anos de atua\u00e7\u00e3o no evento e promete grandes apresenta\u00e7\u00f5es: em apenas 48 horas recebeu mais de 250 inscritos.<\/p>\n<p>Destaque na programa\u00e7\u00e3o<\/p>\n<p>A cada edi\u00e7\u00e3o, o Palco Culturando ganha mais destaque. Em 2024, a grande novidade foi a estrutura de alvenaria, que agora conta com camarim, ar-condicionado e banheiros exclusivos. Neste ano, a programa\u00e7\u00e3o promete surpreender ainda mais: haver\u00e1 apresenta\u00e7\u00f5es culturais 24 horas por dia e uma noite dedicada exclusivamente a artistas PCDs (pessoas com defici\u00eancia), promovendo ainda mais inclus\u00e3o e diversidade.<\/p>\n<p>&#8220;O Palco Culturando \u00e9 um espa\u00e7o de acolhimento, de conex\u00f5es entre artistas e p\u00fablico. A cultura precisa ser viva, precisa ser experimentada. E este ano, com uma programa\u00e7\u00e3o ininterrupta e uma noite especial para artistas PCDs, estamos dando mais um passo rumo \u00e0 amplia\u00e7\u00e3o da diversidade no evento&#8221;, explica Dudu Bolito, presidente da AGCIP.<\/p>\n<p>As inscri\u00e7\u00f5es seguem at\u00e9 o dia 31 de mar\u00e7o de 2025 e podem ser feitas pelo site: https:\/\/www.agcip.org.br\/inscricoes-para-o-palco-culturando-2025\/.<br \/>\nOutras informa\u00e7\u00f5es: palcoculturando_oficial.<\/p>\n","protected":false},"excerpt":{"rendered":"<p>As inscri\u00e7\u00f5es para participar das apresenta\u00e7\u00f5es no Palco Culturando na<\/p>\n","protected":false},"author":2,"featured_media":115656,"comment_status":"open","ping_status":"open","sticky":false,"template":"","format":"standard","meta":{"footnotes":""},"categories":[14,25],"tags":[],"class_list":["post-115655","post","type-post","status-publish","format-standard","has-post-thumbnail","hentry","category-barretos","category-cidades"],"yoast_head":"<!-- This site is optimized with the Yoast SEO plugin v27.4 - https:\/\/yoast.com\/product\/yoast-seo-wordpress\/ -->\n<title>Espa\u00e7o da diversidade cultural na festa do pe\u00e3o de barretos, Palco Culturando est\u00e1 com inscri\u00e7\u00f5es abertas - Regi\u00e3o News<\/title>\n<meta name=\"robots\" content=\"index, follow, max-snippet:-1, max-image-preview:large, max-video-preview:-1\" \/>\n<link rel=\"canonical\" href=\"https:\/\/regiaonews.net.br\/2022\/2025\/03\/18\/espaco-da-diversidade-cultural-na-festa-do-peao-de-barretos-palco-culturando-esta-com-inscricoes-abertas\/\" \/>\n<meta property=\"og:locale\" content=\"pt_BR\" \/>\n<meta property=\"og:type\" content=\"article\" \/>\n<meta property=\"og:title\" content=\"Espa\u00e7o da diversidade cultural na festa do pe\u00e3o de barretos, Palco Culturando est\u00e1 com inscri\u00e7\u00f5es abertas - Regi\u00e3o News\" \/>\n<meta property=\"og:description\" content=\"As inscri\u00e7\u00f5es para participar das apresenta\u00e7\u00f5es no Palco Culturando na\" \/>\n<meta property=\"og:url\" content=\"https:\/\/regiaonews.net.br\/2022\/2025\/03\/18\/espaco-da-diversidade-cultural-na-festa-do-peao-de-barretos-palco-culturando-esta-com-inscricoes-abertas\/\" \/>\n<meta property=\"og:site_name\" content=\"Regi\u00e3o News\" \/>\n<meta property=\"article:published_time\" content=\"2025-03-18T22:31:43+00:00\" \/>\n<meta property=\"article:modified_time\" content=\"2025-03-18T22:35:35+00:00\" \/>\n<meta property=\"og:image\" content=\"https:\/\/regiaonews.net.br\/2022\/wp-content\/uploads\/2025\/03\/174221570167d81a15c3142.jpeg\" \/>\n\t<meta property=\"og:image:width\" content=\"1600\" \/>\n\t<meta property=\"og:image:height\" content=\"900\" \/>\n\t<meta property=\"og:image:type\" content=\"image\/jpeg\" \/>\n<meta name=\"author\" content=\"Roberto\" \/>\n<meta name=\"twitter:card\" content=\"summary_large_image\" \/>\n<meta name=\"twitter:label1\" content=\"Escrito por\" \/>\n\t<meta name=\"twitter:data1\" content=\"Roberto\" \/>\n\t<meta name=\"twitter:label2\" content=\"Est. tempo de leitura\" \/>\n\t<meta name=\"twitter:data2\" content=\"2 minutos\" \/>\n<script type=\"application\/ld+json\" class=\"yoast-schema-graph\">{\"@context\":\"https:\\\/\\\/schema.org\",\"@graph\":[{\"@type\":\"Article\",\"@id\":\"https:\\\/\\\/regiaonews.net.br\\\/2022\\\/2025\\\/03\\\/18\\\/espaco-da-diversidade-cultural-na-festa-do-peao-de-barretos-palco-culturando-esta-com-inscricoes-abertas\\\/#article\",\"isPartOf\":{\"@id\":\"https:\\\/\\\/regiaonews.net.br\\\/2022\\\/2025\\\/03\\\/18\\\/espaco-da-diversidade-cultural-na-festa-do-peao-de-barretos-palco-culturando-esta-com-inscricoes-abertas\\\/\"},\"author\":{\"name\":\"Roberto\",\"@id\":\"https:\\\/\\\/regiaonews.net.br\\\/2022\\\/#\\\/schema\\\/person\\\/2d205a608a5aa97ac279d7a5e6d89ad8\"},\"headline\":\"Espa\u00e7o da diversidade cultural na festa do pe\u00e3o de barretos, Palco Culturando est\u00e1 com inscri\u00e7\u00f5es abertas\",\"datePublished\":\"2025-03-18T22:31:43+00:00\",\"dateModified\":\"2025-03-18T22:35:35+00:00\",\"mainEntityOfPage\":{\"@id\":\"https:\\\/\\\/regiaonews.net.br\\\/2022\\\/2025\\\/03\\\/18\\\/espaco-da-diversidade-cultural-na-festa-do-peao-de-barretos-palco-culturando-esta-com-inscricoes-abertas\\\/\"},\"wordCount\":329,\"commentCount\":0,\"publisher\":{\"@id\":\"https:\\\/\\\/regiaonews.net.br\\\/2022\\\/#organization\"},\"image\":{\"@id\":\"https:\\\/\\\/regiaonews.net.br\\\/2022\\\/2025\\\/03\\\/18\\\/espaco-da-diversidade-cultural-na-festa-do-peao-de-barretos-palco-culturando-esta-com-inscricoes-abertas\\\/#primaryimage\"},\"thumbnailUrl\":\"https:\\\/\\\/regiaonews.net.br\\\/2022\\\/wp-content\\\/uploads\\\/2025\\\/03\\\/174221570167d81a15c3142.jpeg\",\"articleSection\":[\"Barretos\",\"Cidades\"],\"inLanguage\":\"pt-BR\",\"potentialAction\":[{\"@type\":\"CommentAction\",\"name\":\"Comment\",\"target\":[\"https:\\\/\\\/regiaonews.net.br\\\/2022\\\/2025\\\/03\\\/18\\\/espaco-da-diversidade-cultural-na-festa-do-peao-de-barretos-palco-culturando-esta-com-inscricoes-abertas\\\/#respond\"]}]},{\"@type\":\"WebPage\",\"@id\":\"https:\\\/\\\/regiaonews.net.br\\\/2022\\\/2025\\\/03\\\/18\\\/espaco-da-diversidade-cultural-na-festa-do-peao-de-barretos-palco-culturando-esta-com-inscricoes-abertas\\\/\",\"url\":\"https:\\\/\\\/regiaonews.net.br\\\/2022\\\/2025\\\/03\\\/18\\\/espaco-da-diversidade-cultural-na-festa-do-peao-de-barretos-palco-culturando-esta-com-inscricoes-abertas\\\/\",\"name\":\"Espa\u00e7o da diversidade cultural na festa do pe\u00e3o de barretos, Palco Culturando est\u00e1 com inscri\u00e7\u00f5es abertas - Regi\u00e3o News\",\"isPartOf\":{\"@id\":\"https:\\\/\\\/regiaonews.net.br\\\/2022\\\/#website\"},\"primaryImageOfPage\":{\"@id\":\"https:\\\/\\\/regiaonews.net.br\\\/2022\\\/2025\\\/03\\\/18\\\/espaco-da-diversidade-cultural-na-festa-do-peao-de-barretos-palco-culturando-esta-com-inscricoes-abertas\\\/#primaryimage\"},\"image\":{\"@id\":\"https:\\\/\\\/regiaonews.net.br\\\/2022\\\/2025\\\/03\\\/18\\\/espaco-da-diversidade-cultural-na-festa-do-peao-de-barretos-palco-culturando-esta-com-inscricoes-abertas\\\/#primaryimage\"},\"thumbnailUrl\":\"https:\\\/\\\/regiaonews.net.br\\\/2022\\\/wp-content\\\/uploads\\\/2025\\\/03\\\/174221570167d81a15c3142.jpeg\",\"datePublished\":\"2025-03-18T22:31:43+00:00\",\"dateModified\":\"2025-03-18T22:35:35+00:00\",\"breadcrumb\":{\"@id\":\"https:\\\/\\\/regiaonews.net.br\\\/2022\\\/2025\\\/03\\\/18\\\/espaco-da-diversidade-cultural-na-festa-do-peao-de-barretos-palco-culturando-esta-com-inscricoes-abertas\\\/#breadcrumb\"},\"inLanguage\":\"pt-BR\",\"potentialAction\":[{\"@type\":\"ReadAction\",\"target\":[\"https:\\\/\\\/regiaonews.net.br\\\/2022\\\/2025\\\/03\\\/18\\\/espaco-da-diversidade-cultural-na-festa-do-peao-de-barretos-palco-culturando-esta-com-inscricoes-abertas\\\/\"]}]},{\"@type\":\"ImageObject\",\"inLanguage\":\"pt-BR\",\"@id\":\"https:\\\/\\\/regiaonews.net.br\\\/2022\\\/2025\\\/03\\\/18\\\/espaco-da-diversidade-cultural-na-festa-do-peao-de-barretos-palco-culturando-esta-com-inscricoes-abertas\\\/#primaryimage\",\"url\":\"https:\\\/\\\/regiaonews.net.br\\\/2022\\\/wp-content\\\/uploads\\\/2025\\\/03\\\/174221570167d81a15c3142.jpeg\",\"contentUrl\":\"https:\\\/\\\/regiaonews.net.br\\\/2022\\\/wp-content\\\/uploads\\\/2025\\\/03\\\/174221570167d81a15c3142.jpeg\",\"width\":1600,\"height\":900},{\"@type\":\"BreadcrumbList\",\"@id\":\"https:\\\/\\\/regiaonews.net.br\\\/2022\\\/2025\\\/03\\\/18\\\/espaco-da-diversidade-cultural-na-festa-do-peao-de-barretos-palco-culturando-esta-com-inscricoes-abertas\\\/#breadcrumb\",\"itemListElement\":[{\"@type\":\"ListItem\",\"position\":1,\"name\":\"In\u00edcio\",\"item\":\"https:\\\/\\\/regiaonews.net.br\\\/2022\\\/\"},{\"@type\":\"ListItem\",\"position\":2,\"name\":\"Espa\u00e7o da diversidade cultural na festa do pe\u00e3o de barretos, Palco Culturando est\u00e1 com inscri\u00e7\u00f5es abertas\"}]},{\"@type\":\"WebSite\",\"@id\":\"https:\\\/\\\/regiaonews.net.br\\\/2022\\\/#website\",\"url\":\"https:\\\/\\\/regiaonews.net.br\\\/2022\\\/\",\"name\":\"Regi\u00e3o News\",\"description\":\"Site de Not\u00edcias de Barretos e regi\u00e3o\",\"publisher\":{\"@id\":\"https:\\\/\\\/regiaonews.net.br\\\/2022\\\/#organization\"},\"potentialAction\":[{\"@type\":\"SearchAction\",\"target\":{\"@type\":\"EntryPoint\",\"urlTemplate\":\"https:\\\/\\\/regiaonews.net.br\\\/2022\\\/?s={search_term_string}\"},\"query-input\":{\"@type\":\"PropertyValueSpecification\",\"valueRequired\":true,\"valueName\":\"search_term_string\"}}],\"inLanguage\":\"pt-BR\"},{\"@type\":\"Organization\",\"@id\":\"https:\\\/\\\/regiaonews.net.br\\\/2022\\\/#organization\",\"name\":\"Regi\u00e3o News\",\"url\":\"https:\\\/\\\/regiaonews.net.br\\\/2022\\\/\",\"logo\":{\"@type\":\"ImageObject\",\"inLanguage\":\"pt-BR\",\"@id\":\"https:\\\/\\\/regiaonews.net.br\\\/2022\\\/#\\\/schema\\\/logo\\\/image\\\/\",\"url\":\"https:\\\/\\\/regiaonews.net.br\\\/2022\\\/wp-content\\\/uploads\\\/2026\\\/03\\\/regiao-13-anos-scaled.jpg\",\"contentUrl\":\"https:\\\/\\\/regiaonews.net.br\\\/2022\\\/wp-content\\\/uploads\\\/2026\\\/03\\\/regiao-13-anos-scaled.jpg\",\"width\":2560,\"height\":635,\"caption\":\"Regi\u00e3o News\"},\"image\":{\"@id\":\"https:\\\/\\\/regiaonews.net.br\\\/2022\\\/#\\\/schema\\\/logo\\\/image\\\/\"}},{\"@type\":\"Person\",\"@id\":\"https:\\\/\\\/regiaonews.net.br\\\/2022\\\/#\\\/schema\\\/person\\\/2d205a608a5aa97ac279d7a5e6d89ad8\",\"name\":\"Roberto\",\"image\":{\"@type\":\"ImageObject\",\"inLanguage\":\"pt-BR\",\"@id\":\"https:\\\/\\\/secure.gravatar.com\\\/avatar\\\/42749d8b712ff9d59ca93dc150494e5b55a44134482993f5baeb97e61b7ecc89?s=96&d=mm&r=g\",\"url\":\"https:\\\/\\\/secure.gravatar.com\\\/avatar\\\/42749d8b712ff9d59ca93dc150494e5b55a44134482993f5baeb97e61b7ecc89?s=96&d=mm&r=g\",\"contentUrl\":\"https:\\\/\\\/secure.gravatar.com\\\/avatar\\\/42749d8b712ff9d59ca93dc150494e5b55a44134482993f5baeb97e61b7ecc89?s=96&d=mm&r=g\",\"caption\":\"Roberto\"},\"url\":\"https:\\\/\\\/regiaonews.net.br\\\/2022\\\/author\\\/roberto\\\/\"}]}<\/script>\n<!-- \/ Yoast SEO plugin. -->","yoast_head_json":{"title":"Espa\u00e7o da diversidade cultural na festa do pe\u00e3o de barretos, Palco Culturando est\u00e1 com inscri\u00e7\u00f5es abertas - Regi\u00e3o News","robots":{"index":"index","follow":"follow","max-snippet":"max-snippet:-1","max-image-preview":"max-image-preview:large","max-video-preview":"max-video-preview:-1"},"canonical":"https:\/\/regiaonews.net.br\/2022\/2025\/03\/18\/espaco-da-diversidade-cultural-na-festa-do-peao-de-barretos-palco-culturando-esta-com-inscricoes-abertas\/","og_locale":"pt_BR","og_type":"article","og_title":"Espa\u00e7o da diversidade cultural na festa do pe\u00e3o de barretos, Palco Culturando est\u00e1 com inscri\u00e7\u00f5es abertas - Regi\u00e3o News","og_description":"As inscri\u00e7\u00f5es para participar das apresenta\u00e7\u00f5es no Palco Culturando na","og_url":"https:\/\/regiaonews.net.br\/2022\/2025\/03\/18\/espaco-da-diversidade-cultural-na-festa-do-peao-de-barretos-palco-culturando-esta-com-inscricoes-abertas\/","og_site_name":"Regi\u00e3o News","article_published_time":"2025-03-18T22:31:43+00:00","article_modified_time":"2025-03-18T22:35:35+00:00","og_image":[{"width":1600,"height":900,"url":"https:\/\/regiaonews.net.br\/2022\/wp-content\/uploads\/2025\/03\/174221570167d81a15c3142.jpeg","type":"image\/jpeg"}],"author":"Roberto","twitter_card":"summary_large_image","twitter_misc":{"Escrito por":"Roberto","Est. tempo de leitura":"2 minutos"},"schema":{"@context":"https:\/\/schema.org","@graph":[{"@type":"Article","@id":"https:\/\/regiaonews.net.br\/2022\/2025\/03\/18\/espaco-da-diversidade-cultural-na-festa-do-peao-de-barretos-palco-culturando-esta-com-inscricoes-abertas\/#article","isPartOf":{"@id":"https:\/\/regiaonews.net.br\/2022\/2025\/03\/18\/espaco-da-diversidade-cultural-na-festa-do-peao-de-barretos-palco-culturando-esta-com-inscricoes-abertas\/"},"author":{"name":"Roberto","@id":"https:\/\/regiaonews.net.br\/2022\/#\/schema\/person\/2d205a608a5aa97ac279d7a5e6d89ad8"},"headline":"Espa\u00e7o da diversidade cultural na festa do pe\u00e3o de barretos, Palco Culturando est\u00e1 com inscri\u00e7\u00f5es abertas","datePublished":"2025-03-18T22:31:43+00:00","dateModified":"2025-03-18T22:35:35+00:00","mainEntityOfPage":{"@id":"https:\/\/regiaonews.net.br\/2022\/2025\/03\/18\/espaco-da-diversidade-cultural-na-festa-do-peao-de-barretos-palco-culturando-esta-com-inscricoes-abertas\/"},"wordCount":329,"commentCount":0,"publisher":{"@id":"https:\/\/regiaonews.net.br\/2022\/#organization"},"image":{"@id":"https:\/\/regiaonews.net.br\/2022\/2025\/03\/18\/espaco-da-diversidade-cultural-na-festa-do-peao-de-barretos-palco-culturando-esta-com-inscricoes-abertas\/#primaryimage"},"thumbnailUrl":"https:\/\/regiaonews.net.br\/2022\/wp-content\/uploads\/2025\/03\/174221570167d81a15c3142.jpeg","articleSection":["Barretos","Cidades"],"inLanguage":"pt-BR","potentialAction":[{"@type":"CommentAction","name":"Comment","target":["https:\/\/regiaonews.net.br\/2022\/2025\/03\/18\/espaco-da-diversidade-cultural-na-festa-do-peao-de-barretos-palco-culturando-esta-com-inscricoes-abertas\/#respond"]}]},{"@type":"WebPage","@id":"https:\/\/regiaonews.net.br\/2022\/2025\/03\/18\/espaco-da-diversidade-cultural-na-festa-do-peao-de-barretos-palco-culturando-esta-com-inscricoes-abertas\/","url":"https:\/\/regiaonews.net.br\/2022\/2025\/03\/18\/espaco-da-diversidade-cultural-na-festa-do-peao-de-barretos-palco-culturando-esta-com-inscricoes-abertas\/","name":"Espa\u00e7o da diversidade cultural na festa do pe\u00e3o de barretos, Palco Culturando est\u00e1 com inscri\u00e7\u00f5es abertas - Regi\u00e3o News","isPartOf":{"@id":"https:\/\/regiaonews.net.br\/2022\/#website"},"primaryImageOfPage":{"@id":"https:\/\/regiaonews.net.br\/2022\/2025\/03\/18\/espaco-da-diversidade-cultural-na-festa-do-peao-de-barretos-palco-culturando-esta-com-inscricoes-abertas\/#primaryimage"},"image":{"@id":"https:\/\/regiaonews.net.br\/2022\/2025\/03\/18\/espaco-da-diversidade-cultural-na-festa-do-peao-de-barretos-palco-culturando-esta-com-inscricoes-abertas\/#primaryimage"},"thumbnailUrl":"https:\/\/regiaonews.net.br\/2022\/wp-content\/uploads\/2025\/03\/174221570167d81a15c3142.jpeg","datePublished":"2025-03-18T22:31:43+00:00","dateModified":"2025-03-18T22:35:35+00:00","breadcrumb":{"@id":"https:\/\/regiaonews.net.br\/2022\/2025\/03\/18\/espaco-da-diversidade-cultural-na-festa-do-peao-de-barretos-palco-culturando-esta-com-inscricoes-abertas\/#breadcrumb"},"inLanguage":"pt-BR","potentialAction":[{"@type":"ReadAction","target":["https:\/\/regiaonews.net.br\/2022\/2025\/03\/18\/espaco-da-diversidade-cultural-na-festa-do-peao-de-barretos-palco-culturando-esta-com-inscricoes-abertas\/"]}]},{"@type":"ImageObject","inLanguage":"pt-BR","@id":"https:\/\/regiaonews.net.br\/2022\/2025\/03\/18\/espaco-da-diversidade-cultural-na-festa-do-peao-de-barretos-palco-culturando-esta-com-inscricoes-abertas\/#primaryimage","url":"https:\/\/regiaonews.net.br\/2022\/wp-content\/uploads\/2025\/03\/174221570167d81a15c3142.jpeg","contentUrl":"https:\/\/regiaonews.net.br\/2022\/wp-content\/uploads\/2025\/03\/174221570167d81a15c3142.jpeg","width":1600,"height":900},{"@type":"BreadcrumbList","@id":"https:\/\/regiaonews.net.br\/2022\/2025\/03\/18\/espaco-da-diversidade-cultural-na-festa-do-peao-de-barretos-palco-culturando-esta-com-inscricoes-abertas\/#breadcrumb","itemListElement":[{"@type":"ListItem","position":1,"name":"In\u00edcio","item":"https:\/\/regiaonews.net.br\/2022\/"},{"@type":"ListItem","position":2,"name":"Espa\u00e7o da diversidade cultural na festa do pe\u00e3o de barretos, Palco Culturando est\u00e1 com inscri\u00e7\u00f5es abertas"}]},{"@type":"WebSite","@id":"https:\/\/regiaonews.net.br\/2022\/#website","url":"https:\/\/regiaonews.net.br\/2022\/","name":"Regi\u00e3o News","description":"Site de Not\u00edcias de Barretos e regi\u00e3o","publisher":{"@id":"https:\/\/regiaonews.net.br\/2022\/#organization"},"potentialAction":[{"@type":"SearchAction","target":{"@type":"EntryPoint","urlTemplate":"https:\/\/regiaonews.net.br\/2022\/?s={search_term_string}"},"query-input":{"@type":"PropertyValueSpecification","valueRequired":true,"valueName":"search_term_string"}}],"inLanguage":"pt-BR"},{"@type":"Organization","@id":"https:\/\/regiaonews.net.br\/2022\/#organization","name":"Regi\u00e3o News","url":"https:\/\/regiaonews.net.br\/2022\/","logo":{"@type":"ImageObject","inLanguage":"pt-BR","@id":"https:\/\/regiaonews.net.br\/2022\/#\/schema\/logo\/image\/","url":"https:\/\/regiaonews.net.br\/2022\/wp-content\/uploads\/2026\/03\/regiao-13-anos-scaled.jpg","contentUrl":"https:\/\/regiaonews.net.br\/2022\/wp-content\/uploads\/2026\/03\/regiao-13-anos-scaled.jpg","width":2560,"height":635,"caption":"Regi\u00e3o News"},"image":{"@id":"https:\/\/regiaonews.net.br\/2022\/#\/schema\/logo\/image\/"}},{"@type":"Person","@id":"https:\/\/regiaonews.net.br\/2022\/#\/schema\/person\/2d205a608a5aa97ac279d7a5e6d89ad8","name":"Roberto","image":{"@type":"ImageObject","inLanguage":"pt-BR","@id":"https:\/\/secure.gravatar.com\/avatar\/42749d8b712ff9d59ca93dc150494e5b55a44134482993f5baeb97e61b7ecc89?s=96&d=mm&r=g","url":"https:\/\/secure.gravatar.com\/avatar\/42749d8b712ff9d59ca93dc150494e5b55a44134482993f5baeb97e61b7ecc89?s=96&d=mm&r=g","contentUrl":"https:\/\/secure.gravatar.com\/avatar\/42749d8b712ff9d59ca93dc150494e5b55a44134482993f5baeb97e61b7ecc89?s=96&d=mm&r=g","caption":"Roberto"},"url":"https:\/\/regiaonews.net.br\/2022\/author\/roberto\/"}]}},"publishpress_future_action":{"enabled":false,"date":"2026-05-02 02:36:18","action":"change-status","newStatus":"draft","terms":[],"taxonomy":"category","extraData":[]},"publishpress_future_workflow_manual_trigger":{"enabledWorkflows":[]},"_links":{"self":[{"href":"https:\/\/regiaonews.net.br\/2022\/wp-json\/wp\/v2\/posts\/115655","targetHints":{"allow":["GET"]}}],"collection":[{"href":"https:\/\/regiaonews.net.br\/2022\/wp-json\/wp\/v2\/posts"}],"about":[{"href":"https:\/\/regiaonews.net.br\/2022\/wp-json\/wp\/v2\/types\/post"}],"author":[{"embeddable":true,"href":"https:\/\/regiaonews.net.br\/2022\/wp-json\/wp\/v2\/users\/2"}],"replies":[{"embeddable":true,"href":"https:\/\/regiaonews.net.br\/2022\/wp-json\/wp\/v2\/comments?post=115655"}],"version-history":[{"count":1,"href":"https:\/\/regiaonews.net.br\/2022\/wp-json\/wp\/v2\/posts\/115655\/revisions"}],"predecessor-version":[{"id":115657,"href":"https:\/\/regiaonews.net.br\/2022\/wp-json\/wp\/v2\/posts\/115655\/revisions\/115657"}],"wp:featuredmedia":[{"embeddable":true,"href":"https:\/\/regiaonews.net.br\/2022\/wp-json\/wp\/v2\/media\/115656"}],"wp:attachment":[{"href":"https:\/\/regiaonews.net.br\/2022\/wp-json\/wp\/v2\/media?parent=115655"}],"wp:term":[{"taxonomy":"category","embeddable":true,"href":"https:\/\/regiaonews.net.br\/2022\/wp-json\/wp\/v2\/categories?post=115655"},{"taxonomy":"post_tag","embeddable":true,"href":"https:\/\/regiaonews.net.br\/2022\/wp-json\/wp\/v2\/tags?post=115655"}],"curies":[{"name":"wp","href":"https:\/\/api.w.org\/{rel}","templated":true}]}}