{"id":115542,"date":"2025-03-14T17:30:26","date_gmt":"2025-03-14T20:30:26","guid":{"rendered":"https:\/\/regiaonews.net.br\/2022\/?p=115542"},"modified":"2025-03-14T17:30:26","modified_gmt":"2025-03-14T20:30:26","slug":"prefeitura-de-barretos-abre-processo-seletivo-para-profissionais-da-saude-com-salarios-de-ate-r-84-mil","status":"publish","type":"post","link":"https:\/\/regiaonews.net.br\/2022\/2025\/03\/14\/prefeitura-de-barretos-abre-processo-seletivo-para-profissionais-da-saude-com-salarios-de-ate-r-84-mil\/","title":{"rendered":"Prefeitura de Barretos abre Processo Seletivo para profissionais da Sa\u00fade, com sal\u00e1rios de at\u00e9 R$ 8,4 mil"},"content":{"rendered":"<h3 style=\"text-align: center;\">At\u00e9 31 de mar\u00e7o, os profissionais de diversas especialidades podem se candidatar. As contrata\u00e7\u00f5es s\u00e3o tempor\u00e1rias e a sele\u00e7\u00e3o \u00e9 feita por an\u00e1lise de t\u00edtulos e experi\u00eancia profissional<\/h3>\n<p>A Prefeitura da Est\u00e2ncia Tur\u00edstica de Barretos, por meio da Secretaria Municipal de Sa\u00fade, est\u00e1 com Processo Seletivo aberto para a contrata\u00e7\u00e3o tempor\u00e1ria de profissionais da \u00e1rea da sa\u00fade. O objetivo \u00e9 formar cadastro reserva para cargos de n\u00edveis m\u00e9dio, t\u00e9cnico e superior, incluindo m\u00e9dicos de diversas especialidades.<\/p>\n<p>As inscri\u00e7\u00f5es estar\u00e3o abertas entre os dias 10 e 31 de mar\u00e7o de 2025, e a sele\u00e7\u00e3o ser\u00e1 feita por an\u00e1lise de t\u00edtulos e experi\u00eancia profissional. A remunera\u00e7\u00e3o varia de R$ 2.250,86 a R$ 8.433,94, conforme o cargo. Para m\u00e9dicos, o pagamento ser\u00e1 de R$ 143,44 por hora trabalhada.<\/p>\n<p>Cargos dispon\u00edveis:<br \/>\nDe acordo com o edital, as oportunidades s\u00e3o para diversas fun\u00e7\u00f5es, incluindo Cirurgi\u00e3o Dentista da Estrat\u00e9gia de Sa\u00fade da Fam\u00edlia (ESF), Enfermeiro Aten\u00e7\u00e3o Psicossocial, Enfermeiro ESF, Enfermeiro Socorrista SAMU, Cirurgi\u00e3o Vascular, Cl\u00ednico Geral, Dermatologista, Endocrinologista, Ginecologista\/Obstetra, Infectologista, M\u00e9dico ESF, Nefrologista, Neurocirurgi\u00e3o, Neurologista, Neuropediatra, Pediatra, Pneumologista, Psiquiatra, Psiquiatra Infantil, Radiologista, Reumatologista e Urologista.<\/p>\n<p>Como se inscrever:<br \/>\nOs interessados devem ler o edital completo, dispon\u00edvel no site da Prefeitura (https:\/\/barretos.sp.gov.br\/folha-de-barretos), publicado na Folha de Barretos em 6 de mar\u00e7o de 2025. Deve-se imprimir e preencher a ficha de inscri\u00e7\u00e3o que est\u00e1 anexa e envi\u00e1-la, junto com os documentos exigidos, para o e-mail: ps_simplificado_saude@barretos.sp.gov.br.<br \/>\nO processo seletivo ter\u00e1 validade de um ano, podendo ser prorrogado por mais um ano, a crit\u00e9rio da administra\u00e7\u00e3o. O edital segue as diretrizes da Lei Complementar n. 351\/2017. Os candidatos selecionados ser\u00e3o chamados conforme a necessidade da rede municipal de sa\u00fade.<\/p>\n<p>Servi\u00e7o:<br \/>\nAssunto: Processo seletivo para a rede municipal de Sa\u00fade<br \/>\nPer\u00edodo de inscri\u00e7\u00e3o: at\u00e9 31 de mar\u00e7o de 2025<br \/>\nCargos: diversos de ensino m\u00e9dio, t\u00e9cnico e superior<br \/>\nRemunera\u00e7\u00e3o: varia de R$ 2.250,86 a R$ 8.433,94, conforme o cargo.<br \/>\nEdital: dispon\u00edvel no site da Prefeitura (https:\/\/barretos.sp.gov.br\/folha-de-barretos), na edi\u00e7\u00e3o de 6\/3\/2025 da Folha de Barretos:<br \/>\nOs interessados devem imprimir a ficha de inscri\u00e7\u00e3o, preencher e enviar para o email: ps_simplificado_saude@barretos.sp.gov.br.<\/p>\n","protected":false},"excerpt":{"rendered":"<p>At\u00e9 31 de mar\u00e7o, os profissionais de diversas especialidades podem<\/p>\n","protected":false},"author":2,"featured_media":114533,"comment_status":"open","ping_status":"open","sticky":false,"template":"","format":"standard","meta":{"footnotes":""},"categories":[14,3],"tags":[],"class_list":["post-115542","post","type-post","status-publish","format-standard","has-post-thumbnail","hentry","category-barretos","category-geral"],"yoast_head":"<!-- This site is optimized with the Yoast SEO plugin v27.4 - https:\/\/yoast.com\/product\/yoast-seo-wordpress\/ -->\n<title>Prefeitura de Barretos abre Processo Seletivo para profissionais da Sa\u00fade, com sal\u00e1rios de at\u00e9 R$ 8,4 mil - Regi\u00e3o News<\/title>\n<meta name=\"robots\" content=\"index, follow, max-snippet:-1, max-image-preview:large, max-video-preview:-1\" \/>\n<link rel=\"canonical\" href=\"https:\/\/regiaonews.net.br\/2022\/2025\/03\/14\/prefeitura-de-barretos-abre-processo-seletivo-para-profissionais-da-saude-com-salarios-de-ate-r-84-mil\/\" \/>\n<meta property=\"og:locale\" content=\"pt_BR\" \/>\n<meta property=\"og:type\" content=\"article\" \/>\n<meta property=\"og:title\" content=\"Prefeitura de Barretos abre Processo Seletivo para profissionais da Sa\u00fade, com sal\u00e1rios de at\u00e9 R$ 8,4 mil - Regi\u00e3o News\" \/>\n<meta property=\"og:description\" content=\"At\u00e9 31 de mar\u00e7o, os profissionais de diversas especialidades podem\" \/>\n<meta property=\"og:url\" content=\"https:\/\/regiaonews.net.br\/2022\/2025\/03\/14\/prefeitura-de-barretos-abre-processo-seletivo-para-profissionais-da-saude-com-salarios-de-ate-r-84-mil\/\" \/>\n<meta property=\"og:site_name\" content=\"Regi\u00e3o News\" \/>\n<meta property=\"article:published_time\" content=\"2025-03-14T20:30:26+00:00\" \/>\n<meta property=\"og:image\" content=\"https:\/\/regiaonews.net.br\/2022\/wp-content\/uploads\/2025\/02\/Prefeitura.jpg\" \/>\n\t<meta property=\"og:image:width\" content=\"1024\" \/>\n\t<meta property=\"og:image:height\" content=\"679\" \/>\n\t<meta property=\"og:image:type\" content=\"image\/jpeg\" \/>\n<meta name=\"author\" content=\"Roberto\" \/>\n<meta name=\"twitter:card\" content=\"summary_large_image\" \/>\n<meta name=\"twitter:label1\" content=\"Escrito por\" \/>\n\t<meta name=\"twitter:data1\" content=\"Roberto\" \/>\n\t<meta name=\"twitter:label2\" content=\"Est. tempo de leitura\" \/>\n\t<meta name=\"twitter:data2\" content=\"2 minutos\" \/>\n<script type=\"application\/ld+json\" class=\"yoast-schema-graph\">{\"@context\":\"https:\\\/\\\/schema.org\",\"@graph\":[{\"@type\":\"Article\",\"@id\":\"https:\\\/\\\/regiaonews.net.br\\\/2022\\\/2025\\\/03\\\/14\\\/prefeitura-de-barretos-abre-processo-seletivo-para-profissionais-da-saude-com-salarios-de-ate-r-84-mil\\\/#article\",\"isPartOf\":{\"@id\":\"https:\\\/\\\/regiaonews.net.br\\\/2022\\\/2025\\\/03\\\/14\\\/prefeitura-de-barretos-abre-processo-seletivo-para-profissionais-da-saude-com-salarios-de-ate-r-84-mil\\\/\"},\"author\":{\"name\":\"Roberto\",\"@id\":\"https:\\\/\\\/regiaonews.net.br\\\/2022\\\/#\\\/schema\\\/person\\\/2d205a608a5aa97ac279d7a5e6d89ad8\"},\"headline\":\"Prefeitura de Barretos abre Processo Seletivo para profissionais da Sa\u00fade, com sal\u00e1rios de at\u00e9 R$ 8,4 mil\",\"datePublished\":\"2025-03-14T20:30:26+00:00\",\"mainEntityOfPage\":{\"@id\":\"https:\\\/\\\/regiaonews.net.br\\\/2022\\\/2025\\\/03\\\/14\\\/prefeitura-de-barretos-abre-processo-seletivo-para-profissionais-da-saude-com-salarios-de-ate-r-84-mil\\\/\"},\"wordCount\":420,\"commentCount\":0,\"publisher\":{\"@id\":\"https:\\\/\\\/regiaonews.net.br\\\/2022\\\/#organization\"},\"image\":{\"@id\":\"https:\\\/\\\/regiaonews.net.br\\\/2022\\\/2025\\\/03\\\/14\\\/prefeitura-de-barretos-abre-processo-seletivo-para-profissionais-da-saude-com-salarios-de-ate-r-84-mil\\\/#primaryimage\"},\"thumbnailUrl\":\"https:\\\/\\\/regiaonews.net.br\\\/2022\\\/wp-content\\\/uploads\\\/2025\\\/02\\\/Prefeitura.jpg\",\"articleSection\":[\"Barretos\",\"Geral\"],\"inLanguage\":\"pt-BR\",\"potentialAction\":[{\"@type\":\"CommentAction\",\"name\":\"Comment\",\"target\":[\"https:\\\/\\\/regiaonews.net.br\\\/2022\\\/2025\\\/03\\\/14\\\/prefeitura-de-barretos-abre-processo-seletivo-para-profissionais-da-saude-com-salarios-de-ate-r-84-mil\\\/#respond\"]}]},{\"@type\":\"WebPage\",\"@id\":\"https:\\\/\\\/regiaonews.net.br\\\/2022\\\/2025\\\/03\\\/14\\\/prefeitura-de-barretos-abre-processo-seletivo-para-profissionais-da-saude-com-salarios-de-ate-r-84-mil\\\/\",\"url\":\"https:\\\/\\\/regiaonews.net.br\\\/2022\\\/2025\\\/03\\\/14\\\/prefeitura-de-barretos-abre-processo-seletivo-para-profissionais-da-saude-com-salarios-de-ate-r-84-mil\\\/\",\"name\":\"Prefeitura de Barretos abre Processo Seletivo para profissionais da Sa\u00fade, com sal\u00e1rios de at\u00e9 R$ 8,4 mil - Regi\u00e3o News\",\"isPartOf\":{\"@id\":\"https:\\\/\\\/regiaonews.net.br\\\/2022\\\/#website\"},\"primaryImageOfPage\":{\"@id\":\"https:\\\/\\\/regiaonews.net.br\\\/2022\\\/2025\\\/03\\\/14\\\/prefeitura-de-barretos-abre-processo-seletivo-para-profissionais-da-saude-com-salarios-de-ate-r-84-mil\\\/#primaryimage\"},\"image\":{\"@id\":\"https:\\\/\\\/regiaonews.net.br\\\/2022\\\/2025\\\/03\\\/14\\\/prefeitura-de-barretos-abre-processo-seletivo-para-profissionais-da-saude-com-salarios-de-ate-r-84-mil\\\/#primaryimage\"},\"thumbnailUrl\":\"https:\\\/\\\/regiaonews.net.br\\\/2022\\\/wp-content\\\/uploads\\\/2025\\\/02\\\/Prefeitura.jpg\",\"datePublished\":\"2025-03-14T20:30:26+00:00\",\"breadcrumb\":{\"@id\":\"https:\\\/\\\/regiaonews.net.br\\\/2022\\\/2025\\\/03\\\/14\\\/prefeitura-de-barretos-abre-processo-seletivo-para-profissionais-da-saude-com-salarios-de-ate-r-84-mil\\\/#breadcrumb\"},\"inLanguage\":\"pt-BR\",\"potentialAction\":[{\"@type\":\"ReadAction\",\"target\":[\"https:\\\/\\\/regiaonews.net.br\\\/2022\\\/2025\\\/03\\\/14\\\/prefeitura-de-barretos-abre-processo-seletivo-para-profissionais-da-saude-com-salarios-de-ate-r-84-mil\\\/\"]}]},{\"@type\":\"ImageObject\",\"inLanguage\":\"pt-BR\",\"@id\":\"https:\\\/\\\/regiaonews.net.br\\\/2022\\\/2025\\\/03\\\/14\\\/prefeitura-de-barretos-abre-processo-seletivo-para-profissionais-da-saude-com-salarios-de-ate-r-84-mil\\\/#primaryimage\",\"url\":\"https:\\\/\\\/regiaonews.net.br\\\/2022\\\/wp-content\\\/uploads\\\/2025\\\/02\\\/Prefeitura.jpg\",\"contentUrl\":\"https:\\\/\\\/regiaonews.net.br\\\/2022\\\/wp-content\\\/uploads\\\/2025\\\/02\\\/Prefeitura.jpg\",\"width\":1024,\"height\":679},{\"@type\":\"BreadcrumbList\",\"@id\":\"https:\\\/\\\/regiaonews.net.br\\\/2022\\\/2025\\\/03\\\/14\\\/prefeitura-de-barretos-abre-processo-seletivo-para-profissionais-da-saude-com-salarios-de-ate-r-84-mil\\\/#breadcrumb\",\"itemListElement\":[{\"@type\":\"ListItem\",\"position\":1,\"name\":\"In\u00edcio\",\"item\":\"https:\\\/\\\/regiaonews.net.br\\\/2022\\\/\"},{\"@type\":\"ListItem\",\"position\":2,\"name\":\"Prefeitura de Barretos abre Processo Seletivo para profissionais da Sa\u00fade, com sal\u00e1rios de at\u00e9 R$ 8,4 mil\"}]},{\"@type\":\"WebSite\",\"@id\":\"https:\\\/\\\/regiaonews.net.br\\\/2022\\\/#website\",\"url\":\"https:\\\/\\\/regiaonews.net.br\\\/2022\\\/\",\"name\":\"Regi\u00e3o News\",\"description\":\"Site de Not\u00edcias de Barretos e regi\u00e3o\",\"publisher\":{\"@id\":\"https:\\\/\\\/regiaonews.net.br\\\/2022\\\/#organization\"},\"potentialAction\":[{\"@type\":\"SearchAction\",\"target\":{\"@type\":\"EntryPoint\",\"urlTemplate\":\"https:\\\/\\\/regiaonews.net.br\\\/2022\\\/?s={search_term_string}\"},\"query-input\":{\"@type\":\"PropertyValueSpecification\",\"valueRequired\":true,\"valueName\":\"search_term_string\"}}],\"inLanguage\":\"pt-BR\"},{\"@type\":\"Organization\",\"@id\":\"https:\\\/\\\/regiaonews.net.br\\\/2022\\\/#organization\",\"name\":\"Regi\u00e3o News\",\"url\":\"https:\\\/\\\/regiaonews.net.br\\\/2022\\\/\",\"logo\":{\"@type\":\"ImageObject\",\"inLanguage\":\"pt-BR\",\"@id\":\"https:\\\/\\\/regiaonews.net.br\\\/2022\\\/#\\\/schema\\\/logo\\\/image\\\/\",\"url\":\"https:\\\/\\\/regiaonews.net.br\\\/2022\\\/wp-content\\\/uploads\\\/2026\\\/03\\\/regiao-13-anos-scaled.jpg\",\"contentUrl\":\"https:\\\/\\\/regiaonews.net.br\\\/2022\\\/wp-content\\\/uploads\\\/2026\\\/03\\\/regiao-13-anos-scaled.jpg\",\"width\":2560,\"height\":635,\"caption\":\"Regi\u00e3o News\"},\"image\":{\"@id\":\"https:\\\/\\\/regiaonews.net.br\\\/2022\\\/#\\\/schema\\\/logo\\\/image\\\/\"}},{\"@type\":\"Person\",\"@id\":\"https:\\\/\\\/regiaonews.net.br\\\/2022\\\/#\\\/schema\\\/person\\\/2d205a608a5aa97ac279d7a5e6d89ad8\",\"name\":\"Roberto\",\"image\":{\"@type\":\"ImageObject\",\"inLanguage\":\"pt-BR\",\"@id\":\"https:\\\/\\\/secure.gravatar.com\\\/avatar\\\/42749d8b712ff9d59ca93dc150494e5b55a44134482993f5baeb97e61b7ecc89?s=96&d=mm&r=g\",\"url\":\"https:\\\/\\\/secure.gravatar.com\\\/avatar\\\/42749d8b712ff9d59ca93dc150494e5b55a44134482993f5baeb97e61b7ecc89?s=96&d=mm&r=g\",\"contentUrl\":\"https:\\\/\\\/secure.gravatar.com\\\/avatar\\\/42749d8b712ff9d59ca93dc150494e5b55a44134482993f5baeb97e61b7ecc89?s=96&d=mm&r=g\",\"caption\":\"Roberto\"},\"url\":\"https:\\\/\\\/regiaonews.net.br\\\/2022\\\/author\\\/roberto\\\/\"}]}<\/script>\n<!-- \/ Yoast SEO plugin. -->","yoast_head_json":{"title":"Prefeitura de Barretos abre Processo Seletivo para profissionais da Sa\u00fade, com sal\u00e1rios de at\u00e9 R$ 8,4 mil - Regi\u00e3o News","robots":{"index":"index","follow":"follow","max-snippet":"max-snippet:-1","max-image-preview":"max-image-preview:large","max-video-preview":"max-video-preview:-1"},"canonical":"https:\/\/regiaonews.net.br\/2022\/2025\/03\/14\/prefeitura-de-barretos-abre-processo-seletivo-para-profissionais-da-saude-com-salarios-de-ate-r-84-mil\/","og_locale":"pt_BR","og_type":"article","og_title":"Prefeitura de Barretos abre Processo Seletivo para profissionais da Sa\u00fade, com sal\u00e1rios de at\u00e9 R$ 8,4 mil - Regi\u00e3o News","og_description":"At\u00e9 31 de mar\u00e7o, os profissionais de diversas especialidades podem","og_url":"https:\/\/regiaonews.net.br\/2022\/2025\/03\/14\/prefeitura-de-barretos-abre-processo-seletivo-para-profissionais-da-saude-com-salarios-de-ate-r-84-mil\/","og_site_name":"Regi\u00e3o News","article_published_time":"2025-03-14T20:30:26+00:00","og_image":[{"width":1024,"height":679,"url":"https:\/\/regiaonews.net.br\/2022\/wp-content\/uploads\/2025\/02\/Prefeitura.jpg","type":"image\/jpeg"}],"author":"Roberto","twitter_card":"summary_large_image","twitter_misc":{"Escrito por":"Roberto","Est. tempo de leitura":"2 minutos"},"schema":{"@context":"https:\/\/schema.org","@graph":[{"@type":"Article","@id":"https:\/\/regiaonews.net.br\/2022\/2025\/03\/14\/prefeitura-de-barretos-abre-processo-seletivo-para-profissionais-da-saude-com-salarios-de-ate-r-84-mil\/#article","isPartOf":{"@id":"https:\/\/regiaonews.net.br\/2022\/2025\/03\/14\/prefeitura-de-barretos-abre-processo-seletivo-para-profissionais-da-saude-com-salarios-de-ate-r-84-mil\/"},"author":{"name":"Roberto","@id":"https:\/\/regiaonews.net.br\/2022\/#\/schema\/person\/2d205a608a5aa97ac279d7a5e6d89ad8"},"headline":"Prefeitura de Barretos abre Processo Seletivo para profissionais da Sa\u00fade, com sal\u00e1rios de at\u00e9 R$ 8,4 mil","datePublished":"2025-03-14T20:30:26+00:00","mainEntityOfPage":{"@id":"https:\/\/regiaonews.net.br\/2022\/2025\/03\/14\/prefeitura-de-barretos-abre-processo-seletivo-para-profissionais-da-saude-com-salarios-de-ate-r-84-mil\/"},"wordCount":420,"commentCount":0,"publisher":{"@id":"https:\/\/regiaonews.net.br\/2022\/#organization"},"image":{"@id":"https:\/\/regiaonews.net.br\/2022\/2025\/03\/14\/prefeitura-de-barretos-abre-processo-seletivo-para-profissionais-da-saude-com-salarios-de-ate-r-84-mil\/#primaryimage"},"thumbnailUrl":"https:\/\/regiaonews.net.br\/2022\/wp-content\/uploads\/2025\/02\/Prefeitura.jpg","articleSection":["Barretos","Geral"],"inLanguage":"pt-BR","potentialAction":[{"@type":"CommentAction","name":"Comment","target":["https:\/\/regiaonews.net.br\/2022\/2025\/03\/14\/prefeitura-de-barretos-abre-processo-seletivo-para-profissionais-da-saude-com-salarios-de-ate-r-84-mil\/#respond"]}]},{"@type":"WebPage","@id":"https:\/\/regiaonews.net.br\/2022\/2025\/03\/14\/prefeitura-de-barretos-abre-processo-seletivo-para-profissionais-da-saude-com-salarios-de-ate-r-84-mil\/","url":"https:\/\/regiaonews.net.br\/2022\/2025\/03\/14\/prefeitura-de-barretos-abre-processo-seletivo-para-profissionais-da-saude-com-salarios-de-ate-r-84-mil\/","name":"Prefeitura de Barretos abre Processo Seletivo para profissionais da Sa\u00fade, com sal\u00e1rios de at\u00e9 R$ 8,4 mil - Regi\u00e3o News","isPartOf":{"@id":"https:\/\/regiaonews.net.br\/2022\/#website"},"primaryImageOfPage":{"@id":"https:\/\/regiaonews.net.br\/2022\/2025\/03\/14\/prefeitura-de-barretos-abre-processo-seletivo-para-profissionais-da-saude-com-salarios-de-ate-r-84-mil\/#primaryimage"},"image":{"@id":"https:\/\/regiaonews.net.br\/2022\/2025\/03\/14\/prefeitura-de-barretos-abre-processo-seletivo-para-profissionais-da-saude-com-salarios-de-ate-r-84-mil\/#primaryimage"},"thumbnailUrl":"https:\/\/regiaonews.net.br\/2022\/wp-content\/uploads\/2025\/02\/Prefeitura.jpg","datePublished":"2025-03-14T20:30:26+00:00","breadcrumb":{"@id":"https:\/\/regiaonews.net.br\/2022\/2025\/03\/14\/prefeitura-de-barretos-abre-processo-seletivo-para-profissionais-da-saude-com-salarios-de-ate-r-84-mil\/#breadcrumb"},"inLanguage":"pt-BR","potentialAction":[{"@type":"ReadAction","target":["https:\/\/regiaonews.net.br\/2022\/2025\/03\/14\/prefeitura-de-barretos-abre-processo-seletivo-para-profissionais-da-saude-com-salarios-de-ate-r-84-mil\/"]}]},{"@type":"ImageObject","inLanguage":"pt-BR","@id":"https:\/\/regiaonews.net.br\/2022\/2025\/03\/14\/prefeitura-de-barretos-abre-processo-seletivo-para-profissionais-da-saude-com-salarios-de-ate-r-84-mil\/#primaryimage","url":"https:\/\/regiaonews.net.br\/2022\/wp-content\/uploads\/2025\/02\/Prefeitura.jpg","contentUrl":"https:\/\/regiaonews.net.br\/2022\/wp-content\/uploads\/2025\/02\/Prefeitura.jpg","width":1024,"height":679},{"@type":"BreadcrumbList","@id":"https:\/\/regiaonews.net.br\/2022\/2025\/03\/14\/prefeitura-de-barretos-abre-processo-seletivo-para-profissionais-da-saude-com-salarios-de-ate-r-84-mil\/#breadcrumb","itemListElement":[{"@type":"ListItem","position":1,"name":"In\u00edcio","item":"https:\/\/regiaonews.net.br\/2022\/"},{"@type":"ListItem","position":2,"name":"Prefeitura de Barretos abre Processo Seletivo para profissionais da Sa\u00fade, com sal\u00e1rios de at\u00e9 R$ 8,4 mil"}]},{"@type":"WebSite","@id":"https:\/\/regiaonews.net.br\/2022\/#website","url":"https:\/\/regiaonews.net.br\/2022\/","name":"Regi\u00e3o News","description":"Site de Not\u00edcias de Barretos e regi\u00e3o","publisher":{"@id":"https:\/\/regiaonews.net.br\/2022\/#organization"},"potentialAction":[{"@type":"SearchAction","target":{"@type":"EntryPoint","urlTemplate":"https:\/\/regiaonews.net.br\/2022\/?s={search_term_string}"},"query-input":{"@type":"PropertyValueSpecification","valueRequired":true,"valueName":"search_term_string"}}],"inLanguage":"pt-BR"},{"@type":"Organization","@id":"https:\/\/regiaonews.net.br\/2022\/#organization","name":"Regi\u00e3o News","url":"https:\/\/regiaonews.net.br\/2022\/","logo":{"@type":"ImageObject","inLanguage":"pt-BR","@id":"https:\/\/regiaonews.net.br\/2022\/#\/schema\/logo\/image\/","url":"https:\/\/regiaonews.net.br\/2022\/wp-content\/uploads\/2026\/03\/regiao-13-anos-scaled.jpg","contentUrl":"https:\/\/regiaonews.net.br\/2022\/wp-content\/uploads\/2026\/03\/regiao-13-anos-scaled.jpg","width":2560,"height":635,"caption":"Regi\u00e3o News"},"image":{"@id":"https:\/\/regiaonews.net.br\/2022\/#\/schema\/logo\/image\/"}},{"@type":"Person","@id":"https:\/\/regiaonews.net.br\/2022\/#\/schema\/person\/2d205a608a5aa97ac279d7a5e6d89ad8","name":"Roberto","image":{"@type":"ImageObject","inLanguage":"pt-BR","@id":"https:\/\/secure.gravatar.com\/avatar\/42749d8b712ff9d59ca93dc150494e5b55a44134482993f5baeb97e61b7ecc89?s=96&d=mm&r=g","url":"https:\/\/secure.gravatar.com\/avatar\/42749d8b712ff9d59ca93dc150494e5b55a44134482993f5baeb97e61b7ecc89?s=96&d=mm&r=g","contentUrl":"https:\/\/secure.gravatar.com\/avatar\/42749d8b712ff9d59ca93dc150494e5b55a44134482993f5baeb97e61b7ecc89?s=96&d=mm&r=g","caption":"Roberto"},"url":"https:\/\/regiaonews.net.br\/2022\/author\/roberto\/"}]}},"publishpress_future_action":{"enabled":false,"date":"2026-05-02 04:04:39","action":"change-status","newStatus":"draft","terms":[],"taxonomy":"category","extraData":[]},"publishpress_future_workflow_manual_trigger":{"enabledWorkflows":[]},"_links":{"self":[{"href":"https:\/\/regiaonews.net.br\/2022\/wp-json\/wp\/v2\/posts\/115542","targetHints":{"allow":["GET"]}}],"collection":[{"href":"https:\/\/regiaonews.net.br\/2022\/wp-json\/wp\/v2\/posts"}],"about":[{"href":"https:\/\/regiaonews.net.br\/2022\/wp-json\/wp\/v2\/types\/post"}],"author":[{"embeddable":true,"href":"https:\/\/regiaonews.net.br\/2022\/wp-json\/wp\/v2\/users\/2"}],"replies":[{"embeddable":true,"href":"https:\/\/regiaonews.net.br\/2022\/wp-json\/wp\/v2\/comments?post=115542"}],"version-history":[{"count":1,"href":"https:\/\/regiaonews.net.br\/2022\/wp-json\/wp\/v2\/posts\/115542\/revisions"}],"predecessor-version":[{"id":115543,"href":"https:\/\/regiaonews.net.br\/2022\/wp-json\/wp\/v2\/posts\/115542\/revisions\/115543"}],"wp:featuredmedia":[{"embeddable":true,"href":"https:\/\/regiaonews.net.br\/2022\/wp-json\/wp\/v2\/media\/114533"}],"wp:attachment":[{"href":"https:\/\/regiaonews.net.br\/2022\/wp-json\/wp\/v2\/media?parent=115542"}],"wp:term":[{"taxonomy":"category","embeddable":true,"href":"https:\/\/regiaonews.net.br\/2022\/wp-json\/wp\/v2\/categories?post=115542"},{"taxonomy":"post_tag","embeddable":true,"href":"https:\/\/regiaonews.net.br\/2022\/wp-json\/wp\/v2\/tags?post=115542"}],"curies":[{"name":"wp","href":"https:\/\/api.w.org\/{rel}","templated":true}]}}