{"id":115528,"date":"2025-03-13T19:48:10","date_gmt":"2025-03-13T22:48:10","guid":{"rendered":"https:\/\/regiaonews.net.br\/2022\/?p=115528"},"modified":"2025-03-13T19:48:10","modified_gmt":"2025-03-13T22:48:10","slug":"pastor-ermirio-jose-dos-santos-recebe-titulo-de-cidadao-honorario-de-barretos-no-dia-20-de-marco","status":"publish","type":"post","link":"https:\/\/regiaonews.net.br\/2022\/2025\/03\/13\/pastor-ermirio-jose-dos-santos-recebe-titulo-de-cidadao-honorario-de-barretos-no-dia-20-de-marco\/","title":{"rendered":"Pastor Erm\u00edrio Jos\u00e9 dos Santos recebe T\u00edtulo de Cidad\u00e3o Honor\u00e1rio de Barretos no dia 20 de mar\u00e7o"},"content":{"rendered":"<p>A C\u00e2mara de Barretos\u00a0realiza no dia\u00a0<strong>20 de mar\u00e7o\u00a0<\/strong>(quinta-feira), \u00e0s\u00a0<strong>19h30<\/strong>,\u00a0<strong>Sess\u00e3o Solene<\/strong>\u00a0para entrega do\u00a0<strong>T\u00edtulo de Cidad\u00e3o Honor\u00e1rio da Est\u00e2ncia Tur\u00edstica de Barretos\u00a0<\/strong>ao pastor evang\u00e9lico jubilado da Igreja Assembleia de Deus,\u00a0<strong>Erm\u00edrio Jos\u00e9 dos Santos.<\/strong><\/p>\n<p>A homenagem foi proposta pelo vereador\u00a0<strong>Jonathas Lazzarotto (PSD),\u00a0\u00a0<\/strong>por meio do<strong>\u00a0<a href=\"http:\/\/consulta.camarabarretos.sp.gov.br\/Documentos\/Documento\/419920\" target=\"_blank\" rel=\"noopener\">Projeto de Decreto Legislativo n\u00ba 02\/2025,<\/a>\u00a0<\/strong>aprovado por todos os vereadores.<\/p>\n<p>Todas as autoridades locais e regionais, profissionais da imprensa, familiares e amigos do homenageado est\u00e3o convidados a comparecer \u00e0 C\u00e2mara para prestigiar a homenagem.<\/p>\n<p>A solenidade ter\u00e1 transmiss\u00e3o ao vivo e reprises pela\u00a0<strong>TV C\u00e2mara no canal 31.3, Facebook e Youtube.\u00a0<\/strong><\/p>\n<hr \/>\n<p>&nbsp;<\/p>\n<p><strong>O HOMENAGEADO<\/strong><\/p>\n<p>Erm\u00edrio tem 99 anos e nasceu na cidade de Gravat\u00e9\/PE. \u00c9 filho de Jo\u00e3o Jos\u00e9 dos Santos (em mem\u00f3ria) e Julia Maria dos Santos (em mem\u00f3ria).<\/p>\n<p>Converteu-se ao Evangelho aos 14 anos.\u00a0\u00a0Desde ent\u00e3o, entregou-se integralmente \u00e0 obra de Deus, dedicando-se \u00e0 evangeliza\u00e7\u00e3o, iniciando sua trajet\u00f3ria na cidade de Caruaru, Pernambuco\/PE.<\/p>\n<p>Aos 20 anos, casou-se com\u00a0\u00a0Maria Alves dos Santos, com quem compartilhou uma uni\u00e3o matrimonial de 78 anos. Juntos, tiveram 20 filhos, dos quais 14 sobreviveram, e hoje, 9 permanecem vivos.\u00a0Sua descend\u00eancia \u00e9 composta por 38 netos, 55 bisnetos e 8 tataranetos.<\/p>\n<p>Com 30 anos, mudou-se de Caruaru\/PE para Feira de Santana\/BA retornando posteriormente a Caruaru\/PE, onde continuou sua miss\u00e3o evangel\u00edstica. Mais tarde, mudou-se para Belo Horizonte\/MG, onde foi consagrado ao minist\u00e9rio pastoral pelo mission\u00e1rio sueco Pr. Algot Svenson. Tamb\u00e9m teve passagens por Presidente Epit\u00e1cio\/SP, Indaiatuba\/SP, S\u00e3o Carlos\/SP, Mato Grosso e Mato Grosso do Sul.<\/p>\n<p>Veio para Barretos em 1981 e ajudou no\u00a0trabalho evangel\u00edstico na cidade e regi\u00f5es vizinhas, formou e discipulou novos l\u00edderes e obreiros para o minist\u00e9rio, contribuiu para o crescimento da igreja Assembleia de Deus e o fortalecimento da f\u00e9 na comunidade, al\u00e9m de ter deixado um legado de ensinamentos e testemunhos que permanecem at\u00e9 hoje.<\/p>\n<p>Atualmente jubilado e prestes a completar 100 anos de vida em setembro de 2025, reside em Indaiatuba\/SP e congrega na Assembleia de Deus em Campinas\/SP, sob a lideran\u00e7a do Pastor Paulo Freire da Costa.<\/p>\n","protected":false},"excerpt":{"rendered":"<p>A C\u00e2mara de Barretos\u00a0realiza no dia\u00a020 de mar\u00e7o\u00a0(quinta-feira), \u00e0s\u00a019h30,\u00a0Sess\u00e3o Solene\u00a0para<\/p>\n","protected":false},"author":2,"featured_media":115529,"comment_status":"open","ping_status":"open","sticky":false,"template":"","format":"standard","meta":{"footnotes":""},"categories":[14,3],"tags":[],"class_list":["post-115528","post","type-post","status-publish","format-standard","has-post-thumbnail","hentry","category-barretos","category-geral"],"yoast_head":"<!-- This site is optimized with the Yoast SEO plugin v27.4 - https:\/\/yoast.com\/product\/yoast-seo-wordpress\/ -->\n<title>Pastor Erm\u00edrio Jos\u00e9 dos Santos recebe T\u00edtulo de Cidad\u00e3o Honor\u00e1rio de Barretos no dia 20 de mar\u00e7o - Regi\u00e3o News<\/title>\n<meta name=\"robots\" content=\"index, follow, max-snippet:-1, max-image-preview:large, max-video-preview:-1\" \/>\n<link rel=\"canonical\" href=\"https:\/\/regiaonews.net.br\/2022\/2025\/03\/13\/pastor-ermirio-jose-dos-santos-recebe-titulo-de-cidadao-honorario-de-barretos-no-dia-20-de-marco\/\" \/>\n<meta property=\"og:locale\" content=\"pt_BR\" \/>\n<meta property=\"og:type\" content=\"article\" \/>\n<meta property=\"og:title\" content=\"Pastor Erm\u00edrio Jos\u00e9 dos Santos recebe T\u00edtulo de Cidad\u00e3o Honor\u00e1rio de Barretos no dia 20 de mar\u00e7o - Regi\u00e3o News\" \/>\n<meta property=\"og:description\" content=\"A C\u00e2mara de Barretos\u00a0realiza no dia\u00a020 de mar\u00e7o\u00a0(quinta-feira), \u00e0s\u00a019h30,\u00a0Sess\u00e3o Solene\u00a0para\" \/>\n<meta property=\"og:url\" content=\"https:\/\/regiaonews.net.br\/2022\/2025\/03\/13\/pastor-ermirio-jose-dos-santos-recebe-titulo-de-cidadao-honorario-de-barretos-no-dia-20-de-marco\/\" \/>\n<meta property=\"og:site_name\" content=\"Regi\u00e3o News\" \/>\n<meta property=\"article:published_time\" content=\"2025-03-13T22:48:10+00:00\" \/>\n<meta property=\"og:image\" content=\"https:\/\/regiaonews.net.br\/2022\/wp-content\/uploads\/2025\/03\/WhatsApp-Image-2025-03-13-at-16.50.41.jpeg\" \/>\n\t<meta property=\"og:image:width\" content=\"902\" \/>\n\t<meta property=\"og:image:height\" content=\"874\" \/>\n\t<meta property=\"og:image:type\" content=\"image\/jpeg\" \/>\n<meta name=\"author\" content=\"Roberto\" \/>\n<meta name=\"twitter:card\" content=\"summary_large_image\" \/>\n<meta name=\"twitter:label1\" content=\"Escrito por\" \/>\n\t<meta name=\"twitter:data1\" content=\"Roberto\" \/>\n\t<meta name=\"twitter:label2\" content=\"Est. tempo de leitura\" \/>\n\t<meta name=\"twitter:data2\" content=\"3 minutos\" \/>\n<script type=\"application\/ld+json\" class=\"yoast-schema-graph\">{\"@context\":\"https:\\\/\\\/schema.org\",\"@graph\":[{\"@type\":\"Article\",\"@id\":\"https:\\\/\\\/regiaonews.net.br\\\/2022\\\/2025\\\/03\\\/13\\\/pastor-ermirio-jose-dos-santos-recebe-titulo-de-cidadao-honorario-de-barretos-no-dia-20-de-marco\\\/#article\",\"isPartOf\":{\"@id\":\"https:\\\/\\\/regiaonews.net.br\\\/2022\\\/2025\\\/03\\\/13\\\/pastor-ermirio-jose-dos-santos-recebe-titulo-de-cidadao-honorario-de-barretos-no-dia-20-de-marco\\\/\"},\"author\":{\"name\":\"Roberto\",\"@id\":\"https:\\\/\\\/regiaonews.net.br\\\/2022\\\/#\\\/schema\\\/person\\\/2d205a608a5aa97ac279d7a5e6d89ad8\"},\"headline\":\"Pastor Erm\u00edrio Jos\u00e9 dos Santos recebe T\u00edtulo de Cidad\u00e3o Honor\u00e1rio de Barretos no dia 20 de mar\u00e7o\",\"datePublished\":\"2025-03-13T22:48:10+00:00\",\"mainEntityOfPage\":{\"@id\":\"https:\\\/\\\/regiaonews.net.br\\\/2022\\\/2025\\\/03\\\/13\\\/pastor-ermirio-jose-dos-santos-recebe-titulo-de-cidadao-honorario-de-barretos-no-dia-20-de-marco\\\/\"},\"wordCount\":389,\"commentCount\":0,\"publisher\":{\"@id\":\"https:\\\/\\\/regiaonews.net.br\\\/2022\\\/#organization\"},\"image\":{\"@id\":\"https:\\\/\\\/regiaonews.net.br\\\/2022\\\/2025\\\/03\\\/13\\\/pastor-ermirio-jose-dos-santos-recebe-titulo-de-cidadao-honorario-de-barretos-no-dia-20-de-marco\\\/#primaryimage\"},\"thumbnailUrl\":\"https:\\\/\\\/regiaonews.net.br\\\/2022\\\/wp-content\\\/uploads\\\/2025\\\/03\\\/WhatsApp-Image-2025-03-13-at-16.50.41.jpeg\",\"articleSection\":[\"Barretos\",\"Geral\"],\"inLanguage\":\"pt-BR\",\"potentialAction\":[{\"@type\":\"CommentAction\",\"name\":\"Comment\",\"target\":[\"https:\\\/\\\/regiaonews.net.br\\\/2022\\\/2025\\\/03\\\/13\\\/pastor-ermirio-jose-dos-santos-recebe-titulo-de-cidadao-honorario-de-barretos-no-dia-20-de-marco\\\/#respond\"]}]},{\"@type\":\"WebPage\",\"@id\":\"https:\\\/\\\/regiaonews.net.br\\\/2022\\\/2025\\\/03\\\/13\\\/pastor-ermirio-jose-dos-santos-recebe-titulo-de-cidadao-honorario-de-barretos-no-dia-20-de-marco\\\/\",\"url\":\"https:\\\/\\\/regiaonews.net.br\\\/2022\\\/2025\\\/03\\\/13\\\/pastor-ermirio-jose-dos-santos-recebe-titulo-de-cidadao-honorario-de-barretos-no-dia-20-de-marco\\\/\",\"name\":\"Pastor Erm\u00edrio Jos\u00e9 dos Santos recebe T\u00edtulo de Cidad\u00e3o Honor\u00e1rio de Barretos no dia 20 de mar\u00e7o - Regi\u00e3o News\",\"isPartOf\":{\"@id\":\"https:\\\/\\\/regiaonews.net.br\\\/2022\\\/#website\"},\"primaryImageOfPage\":{\"@id\":\"https:\\\/\\\/regiaonews.net.br\\\/2022\\\/2025\\\/03\\\/13\\\/pastor-ermirio-jose-dos-santos-recebe-titulo-de-cidadao-honorario-de-barretos-no-dia-20-de-marco\\\/#primaryimage\"},\"image\":{\"@id\":\"https:\\\/\\\/regiaonews.net.br\\\/2022\\\/2025\\\/03\\\/13\\\/pastor-ermirio-jose-dos-santos-recebe-titulo-de-cidadao-honorario-de-barretos-no-dia-20-de-marco\\\/#primaryimage\"},\"thumbnailUrl\":\"https:\\\/\\\/regiaonews.net.br\\\/2022\\\/wp-content\\\/uploads\\\/2025\\\/03\\\/WhatsApp-Image-2025-03-13-at-16.50.41.jpeg\",\"datePublished\":\"2025-03-13T22:48:10+00:00\",\"breadcrumb\":{\"@id\":\"https:\\\/\\\/regiaonews.net.br\\\/2022\\\/2025\\\/03\\\/13\\\/pastor-ermirio-jose-dos-santos-recebe-titulo-de-cidadao-honorario-de-barretos-no-dia-20-de-marco\\\/#breadcrumb\"},\"inLanguage\":\"pt-BR\",\"potentialAction\":[{\"@type\":\"ReadAction\",\"target\":[\"https:\\\/\\\/regiaonews.net.br\\\/2022\\\/2025\\\/03\\\/13\\\/pastor-ermirio-jose-dos-santos-recebe-titulo-de-cidadao-honorario-de-barretos-no-dia-20-de-marco\\\/\"]}]},{\"@type\":\"ImageObject\",\"inLanguage\":\"pt-BR\",\"@id\":\"https:\\\/\\\/regiaonews.net.br\\\/2022\\\/2025\\\/03\\\/13\\\/pastor-ermirio-jose-dos-santos-recebe-titulo-de-cidadao-honorario-de-barretos-no-dia-20-de-marco\\\/#primaryimage\",\"url\":\"https:\\\/\\\/regiaonews.net.br\\\/2022\\\/wp-content\\\/uploads\\\/2025\\\/03\\\/WhatsApp-Image-2025-03-13-at-16.50.41.jpeg\",\"contentUrl\":\"https:\\\/\\\/regiaonews.net.br\\\/2022\\\/wp-content\\\/uploads\\\/2025\\\/03\\\/WhatsApp-Image-2025-03-13-at-16.50.41.jpeg\",\"width\":902,\"height\":874},{\"@type\":\"BreadcrumbList\",\"@id\":\"https:\\\/\\\/regiaonews.net.br\\\/2022\\\/2025\\\/03\\\/13\\\/pastor-ermirio-jose-dos-santos-recebe-titulo-de-cidadao-honorario-de-barretos-no-dia-20-de-marco\\\/#breadcrumb\",\"itemListElement\":[{\"@type\":\"ListItem\",\"position\":1,\"name\":\"In\u00edcio\",\"item\":\"https:\\\/\\\/regiaonews.net.br\\\/2022\\\/\"},{\"@type\":\"ListItem\",\"position\":2,\"name\":\"Pastor Erm\u00edrio Jos\u00e9 dos Santos recebe T\u00edtulo de Cidad\u00e3o Honor\u00e1rio de Barretos no dia 20 de mar\u00e7o\"}]},{\"@type\":\"WebSite\",\"@id\":\"https:\\\/\\\/regiaonews.net.br\\\/2022\\\/#website\",\"url\":\"https:\\\/\\\/regiaonews.net.br\\\/2022\\\/\",\"name\":\"Regi\u00e3o News\",\"description\":\"Site de Not\u00edcias de Barretos e regi\u00e3o\",\"publisher\":{\"@id\":\"https:\\\/\\\/regiaonews.net.br\\\/2022\\\/#organization\"},\"potentialAction\":[{\"@type\":\"SearchAction\",\"target\":{\"@type\":\"EntryPoint\",\"urlTemplate\":\"https:\\\/\\\/regiaonews.net.br\\\/2022\\\/?s={search_term_string}\"},\"query-input\":{\"@type\":\"PropertyValueSpecification\",\"valueRequired\":true,\"valueName\":\"search_term_string\"}}],\"inLanguage\":\"pt-BR\"},{\"@type\":\"Organization\",\"@id\":\"https:\\\/\\\/regiaonews.net.br\\\/2022\\\/#organization\",\"name\":\"Regi\u00e3o News\",\"url\":\"https:\\\/\\\/regiaonews.net.br\\\/2022\\\/\",\"logo\":{\"@type\":\"ImageObject\",\"inLanguage\":\"pt-BR\",\"@id\":\"https:\\\/\\\/regiaonews.net.br\\\/2022\\\/#\\\/schema\\\/logo\\\/image\\\/\",\"url\":\"https:\\\/\\\/regiaonews.net.br\\\/2022\\\/wp-content\\\/uploads\\\/2026\\\/03\\\/regiao-13-anos-scaled.jpg\",\"contentUrl\":\"https:\\\/\\\/regiaonews.net.br\\\/2022\\\/wp-content\\\/uploads\\\/2026\\\/03\\\/regiao-13-anos-scaled.jpg\",\"width\":2560,\"height\":635,\"caption\":\"Regi\u00e3o News\"},\"image\":{\"@id\":\"https:\\\/\\\/regiaonews.net.br\\\/2022\\\/#\\\/schema\\\/logo\\\/image\\\/\"}},{\"@type\":\"Person\",\"@id\":\"https:\\\/\\\/regiaonews.net.br\\\/2022\\\/#\\\/schema\\\/person\\\/2d205a608a5aa97ac279d7a5e6d89ad8\",\"name\":\"Roberto\",\"image\":{\"@type\":\"ImageObject\",\"inLanguage\":\"pt-BR\",\"@id\":\"https:\\\/\\\/secure.gravatar.com\\\/avatar\\\/42749d8b712ff9d59ca93dc150494e5b55a44134482993f5baeb97e61b7ecc89?s=96&d=mm&r=g\",\"url\":\"https:\\\/\\\/secure.gravatar.com\\\/avatar\\\/42749d8b712ff9d59ca93dc150494e5b55a44134482993f5baeb97e61b7ecc89?s=96&d=mm&r=g\",\"contentUrl\":\"https:\\\/\\\/secure.gravatar.com\\\/avatar\\\/42749d8b712ff9d59ca93dc150494e5b55a44134482993f5baeb97e61b7ecc89?s=96&d=mm&r=g\",\"caption\":\"Roberto\"},\"url\":\"https:\\\/\\\/regiaonews.net.br\\\/2022\\\/author\\\/roberto\\\/\"}]}<\/script>\n<!-- \/ Yoast SEO plugin. -->","yoast_head_json":{"title":"Pastor Erm\u00edrio Jos\u00e9 dos Santos recebe T\u00edtulo de Cidad\u00e3o Honor\u00e1rio de Barretos no dia 20 de mar\u00e7o - Regi\u00e3o News","robots":{"index":"index","follow":"follow","max-snippet":"max-snippet:-1","max-image-preview":"max-image-preview:large","max-video-preview":"max-video-preview:-1"},"canonical":"https:\/\/regiaonews.net.br\/2022\/2025\/03\/13\/pastor-ermirio-jose-dos-santos-recebe-titulo-de-cidadao-honorario-de-barretos-no-dia-20-de-marco\/","og_locale":"pt_BR","og_type":"article","og_title":"Pastor Erm\u00edrio Jos\u00e9 dos Santos recebe T\u00edtulo de Cidad\u00e3o Honor\u00e1rio de Barretos no dia 20 de mar\u00e7o - Regi\u00e3o News","og_description":"A C\u00e2mara de Barretos\u00a0realiza no dia\u00a020 de mar\u00e7o\u00a0(quinta-feira), \u00e0s\u00a019h30,\u00a0Sess\u00e3o Solene\u00a0para","og_url":"https:\/\/regiaonews.net.br\/2022\/2025\/03\/13\/pastor-ermirio-jose-dos-santos-recebe-titulo-de-cidadao-honorario-de-barretos-no-dia-20-de-marco\/","og_site_name":"Regi\u00e3o News","article_published_time":"2025-03-13T22:48:10+00:00","og_image":[{"width":902,"height":874,"url":"https:\/\/regiaonews.net.br\/2022\/wp-content\/uploads\/2025\/03\/WhatsApp-Image-2025-03-13-at-16.50.41.jpeg","type":"image\/jpeg"}],"author":"Roberto","twitter_card":"summary_large_image","twitter_misc":{"Escrito por":"Roberto","Est. tempo de leitura":"3 minutos"},"schema":{"@context":"https:\/\/schema.org","@graph":[{"@type":"Article","@id":"https:\/\/regiaonews.net.br\/2022\/2025\/03\/13\/pastor-ermirio-jose-dos-santos-recebe-titulo-de-cidadao-honorario-de-barretos-no-dia-20-de-marco\/#article","isPartOf":{"@id":"https:\/\/regiaonews.net.br\/2022\/2025\/03\/13\/pastor-ermirio-jose-dos-santos-recebe-titulo-de-cidadao-honorario-de-barretos-no-dia-20-de-marco\/"},"author":{"name":"Roberto","@id":"https:\/\/regiaonews.net.br\/2022\/#\/schema\/person\/2d205a608a5aa97ac279d7a5e6d89ad8"},"headline":"Pastor Erm\u00edrio Jos\u00e9 dos Santos recebe T\u00edtulo de Cidad\u00e3o Honor\u00e1rio de Barretos no dia 20 de mar\u00e7o","datePublished":"2025-03-13T22:48:10+00:00","mainEntityOfPage":{"@id":"https:\/\/regiaonews.net.br\/2022\/2025\/03\/13\/pastor-ermirio-jose-dos-santos-recebe-titulo-de-cidadao-honorario-de-barretos-no-dia-20-de-marco\/"},"wordCount":389,"commentCount":0,"publisher":{"@id":"https:\/\/regiaonews.net.br\/2022\/#organization"},"image":{"@id":"https:\/\/regiaonews.net.br\/2022\/2025\/03\/13\/pastor-ermirio-jose-dos-santos-recebe-titulo-de-cidadao-honorario-de-barretos-no-dia-20-de-marco\/#primaryimage"},"thumbnailUrl":"https:\/\/regiaonews.net.br\/2022\/wp-content\/uploads\/2025\/03\/WhatsApp-Image-2025-03-13-at-16.50.41.jpeg","articleSection":["Barretos","Geral"],"inLanguage":"pt-BR","potentialAction":[{"@type":"CommentAction","name":"Comment","target":["https:\/\/regiaonews.net.br\/2022\/2025\/03\/13\/pastor-ermirio-jose-dos-santos-recebe-titulo-de-cidadao-honorario-de-barretos-no-dia-20-de-marco\/#respond"]}]},{"@type":"WebPage","@id":"https:\/\/regiaonews.net.br\/2022\/2025\/03\/13\/pastor-ermirio-jose-dos-santos-recebe-titulo-de-cidadao-honorario-de-barretos-no-dia-20-de-marco\/","url":"https:\/\/regiaonews.net.br\/2022\/2025\/03\/13\/pastor-ermirio-jose-dos-santos-recebe-titulo-de-cidadao-honorario-de-barretos-no-dia-20-de-marco\/","name":"Pastor Erm\u00edrio Jos\u00e9 dos Santos recebe T\u00edtulo de Cidad\u00e3o Honor\u00e1rio de Barretos no dia 20 de mar\u00e7o - Regi\u00e3o News","isPartOf":{"@id":"https:\/\/regiaonews.net.br\/2022\/#website"},"primaryImageOfPage":{"@id":"https:\/\/regiaonews.net.br\/2022\/2025\/03\/13\/pastor-ermirio-jose-dos-santos-recebe-titulo-de-cidadao-honorario-de-barretos-no-dia-20-de-marco\/#primaryimage"},"image":{"@id":"https:\/\/regiaonews.net.br\/2022\/2025\/03\/13\/pastor-ermirio-jose-dos-santos-recebe-titulo-de-cidadao-honorario-de-barretos-no-dia-20-de-marco\/#primaryimage"},"thumbnailUrl":"https:\/\/regiaonews.net.br\/2022\/wp-content\/uploads\/2025\/03\/WhatsApp-Image-2025-03-13-at-16.50.41.jpeg","datePublished":"2025-03-13T22:48:10+00:00","breadcrumb":{"@id":"https:\/\/regiaonews.net.br\/2022\/2025\/03\/13\/pastor-ermirio-jose-dos-santos-recebe-titulo-de-cidadao-honorario-de-barretos-no-dia-20-de-marco\/#breadcrumb"},"inLanguage":"pt-BR","potentialAction":[{"@type":"ReadAction","target":["https:\/\/regiaonews.net.br\/2022\/2025\/03\/13\/pastor-ermirio-jose-dos-santos-recebe-titulo-de-cidadao-honorario-de-barretos-no-dia-20-de-marco\/"]}]},{"@type":"ImageObject","inLanguage":"pt-BR","@id":"https:\/\/regiaonews.net.br\/2022\/2025\/03\/13\/pastor-ermirio-jose-dos-santos-recebe-titulo-de-cidadao-honorario-de-barretos-no-dia-20-de-marco\/#primaryimage","url":"https:\/\/regiaonews.net.br\/2022\/wp-content\/uploads\/2025\/03\/WhatsApp-Image-2025-03-13-at-16.50.41.jpeg","contentUrl":"https:\/\/regiaonews.net.br\/2022\/wp-content\/uploads\/2025\/03\/WhatsApp-Image-2025-03-13-at-16.50.41.jpeg","width":902,"height":874},{"@type":"BreadcrumbList","@id":"https:\/\/regiaonews.net.br\/2022\/2025\/03\/13\/pastor-ermirio-jose-dos-santos-recebe-titulo-de-cidadao-honorario-de-barretos-no-dia-20-de-marco\/#breadcrumb","itemListElement":[{"@type":"ListItem","position":1,"name":"In\u00edcio","item":"https:\/\/regiaonews.net.br\/2022\/"},{"@type":"ListItem","position":2,"name":"Pastor Erm\u00edrio Jos\u00e9 dos Santos recebe T\u00edtulo de Cidad\u00e3o Honor\u00e1rio de Barretos no dia 20 de mar\u00e7o"}]},{"@type":"WebSite","@id":"https:\/\/regiaonews.net.br\/2022\/#website","url":"https:\/\/regiaonews.net.br\/2022\/","name":"Regi\u00e3o News","description":"Site de Not\u00edcias de Barretos e regi\u00e3o","publisher":{"@id":"https:\/\/regiaonews.net.br\/2022\/#organization"},"potentialAction":[{"@type":"SearchAction","target":{"@type":"EntryPoint","urlTemplate":"https:\/\/regiaonews.net.br\/2022\/?s={search_term_string}"},"query-input":{"@type":"PropertyValueSpecification","valueRequired":true,"valueName":"search_term_string"}}],"inLanguage":"pt-BR"},{"@type":"Organization","@id":"https:\/\/regiaonews.net.br\/2022\/#organization","name":"Regi\u00e3o News","url":"https:\/\/regiaonews.net.br\/2022\/","logo":{"@type":"ImageObject","inLanguage":"pt-BR","@id":"https:\/\/regiaonews.net.br\/2022\/#\/schema\/logo\/image\/","url":"https:\/\/regiaonews.net.br\/2022\/wp-content\/uploads\/2026\/03\/regiao-13-anos-scaled.jpg","contentUrl":"https:\/\/regiaonews.net.br\/2022\/wp-content\/uploads\/2026\/03\/regiao-13-anos-scaled.jpg","width":2560,"height":635,"caption":"Regi\u00e3o News"},"image":{"@id":"https:\/\/regiaonews.net.br\/2022\/#\/schema\/logo\/image\/"}},{"@type":"Person","@id":"https:\/\/regiaonews.net.br\/2022\/#\/schema\/person\/2d205a608a5aa97ac279d7a5e6d89ad8","name":"Roberto","image":{"@type":"ImageObject","inLanguage":"pt-BR","@id":"https:\/\/secure.gravatar.com\/avatar\/42749d8b712ff9d59ca93dc150494e5b55a44134482993f5baeb97e61b7ecc89?s=96&d=mm&r=g","url":"https:\/\/secure.gravatar.com\/avatar\/42749d8b712ff9d59ca93dc150494e5b55a44134482993f5baeb97e61b7ecc89?s=96&d=mm&r=g","contentUrl":"https:\/\/secure.gravatar.com\/avatar\/42749d8b712ff9d59ca93dc150494e5b55a44134482993f5baeb97e61b7ecc89?s=96&d=mm&r=g","caption":"Roberto"},"url":"https:\/\/regiaonews.net.br\/2022\/author\/roberto\/"}]}},"publishpress_future_action":{"enabled":false,"date":"2026-05-02 05:34:03","action":"change-status","newStatus":"draft","terms":[],"taxonomy":"category","extraData":[]},"publishpress_future_workflow_manual_trigger":{"enabledWorkflows":[]},"_links":{"self":[{"href":"https:\/\/regiaonews.net.br\/2022\/wp-json\/wp\/v2\/posts\/115528","targetHints":{"allow":["GET"]}}],"collection":[{"href":"https:\/\/regiaonews.net.br\/2022\/wp-json\/wp\/v2\/posts"}],"about":[{"href":"https:\/\/regiaonews.net.br\/2022\/wp-json\/wp\/v2\/types\/post"}],"author":[{"embeddable":true,"href":"https:\/\/regiaonews.net.br\/2022\/wp-json\/wp\/v2\/users\/2"}],"replies":[{"embeddable":true,"href":"https:\/\/regiaonews.net.br\/2022\/wp-json\/wp\/v2\/comments?post=115528"}],"version-history":[{"count":1,"href":"https:\/\/regiaonews.net.br\/2022\/wp-json\/wp\/v2\/posts\/115528\/revisions"}],"predecessor-version":[{"id":115530,"href":"https:\/\/regiaonews.net.br\/2022\/wp-json\/wp\/v2\/posts\/115528\/revisions\/115530"}],"wp:featuredmedia":[{"embeddable":true,"href":"https:\/\/regiaonews.net.br\/2022\/wp-json\/wp\/v2\/media\/115529"}],"wp:attachment":[{"href":"https:\/\/regiaonews.net.br\/2022\/wp-json\/wp\/v2\/media?parent=115528"}],"wp:term":[{"taxonomy":"category","embeddable":true,"href":"https:\/\/regiaonews.net.br\/2022\/wp-json\/wp\/v2\/categories?post=115528"},{"taxonomy":"post_tag","embeddable":true,"href":"https:\/\/regiaonews.net.br\/2022\/wp-json\/wp\/v2\/tags?post=115528"}],"curies":[{"name":"wp","href":"https:\/\/api.w.org\/{rel}","templated":true}]}}