{"id":115476,"date":"2025-03-12T15:50:28","date_gmt":"2025-03-12T18:50:28","guid":{"rendered":"https:\/\/regiaonews.net.br\/2022\/?p=115476"},"modified":"2025-03-12T15:50:28","modified_gmt":"2025-03-12T18:50:28","slug":"camara-agenda-entrega-do-titulo-de-cidada-honoraria-de-barretos-a-criadora-do-sapatira-joyce-camassuti","status":"publish","type":"post","link":"https:\/\/regiaonews.net.br\/2022\/2025\/03\/12\/camara-agenda-entrega-do-titulo-de-cidada-honoraria-de-barretos-a-criadora-do-sapatira-joyce-camassuti\/","title":{"rendered":"C\u00e2mara agenda entrega do T\u00edtulo de Cidad\u00e3 Honor\u00e1ria de Barretos \u00e0 criadora do Sapatira, Joyce Camassuti"},"content":{"rendered":"<h3 class=\"mb-4\" style=\"text-align: center;\">Homenagem proposta pelo vereador Prof. Adilson (MDB) ser\u00e1 realizada no dia 19 de mar\u00e7o, quarta-feira, \u00e0s 19h30<\/h3>\n<div class=\"news-btn d-flex justify-content-between mb-5 py-2 px-3 rounded\">\n<div class=\"share\">\n<div class=\"a2a_kit a2a_kit_size_32 a2a_default_style\">\n<p>A C\u00e2mara de Barretos\u00a0realiza no dia\u00a0<strong>19 de mar\u00e7o\u00a0<\/strong>(quarta-feira), \u00e0s\u00a0<strong>19h30<\/strong>,\u00a0<strong>Sess\u00e3o Solene<\/strong>\u00a0para entrega do\u00a0<strong>T\u00edtulo de Cidad\u00e3 Honor\u00e1ria da Est\u00e2ncia Tur\u00edstica de Barretos\u00a0<\/strong>\u00e0<strong>\u00a0<\/strong>atriz, bailarina e psicopedagoga,\u00a0<strong>Joice Of\u00e9lia Camassuti.<\/strong><\/p>\n<p>A homenagem foi proposta pelo vereador<strong>\u00a0Prof. Adilson (MDB),\u00a0\u00a0<\/strong>por meio do<strong>\u00a0<a href=\"http:\/\/consulta.camarabarretos.sp.gov.br\/Documentos\/Documento\/419008\" target=\"_blank\" rel=\"noopener\">Projeto de Decreto Legislativo n\u00ba 01\/2025<\/a>,\u00a0<\/strong>aprovado por todos os vereadores.<\/p>\n<p>Todas as autoridades locais e regionais, profissionais da imprensa, familiares e amigos da homenageada est\u00e3o convidados a comparecer \u00e0 C\u00e2mara para prestigiar a homenagem.<\/p>\n<p>A solenidade ter\u00e1 transmiss\u00e3o ao vivo e reprises pela\u00a0<strong>TV C\u00e2mara no canal 31.3, Facebook e Youtube.\u00a0<\/strong><\/p>\n<p><strong>A HOMENAGEADA<\/strong><\/p>\n<p>Joice Of\u00e9lia Camassuti &#8220;Joyce Camassutti&#8221; tem 44 anos e nasceu na cidade de Ribeir\u00e3o Preto\/SP.<\/p>\n<p>\u00c9 formada em Teatro, pelo Teatro Escola Macuna\u00edma (SP) e em Dan\u00e7a, pelo Studium Carla Petroni.<\/p>\n<p>Come\u00e7ou a dan\u00e7ar aos 2 anos por recomenda\u00e7\u00e3o m\u00e9dica. Aos 14 anos, tornou-se professora de dan\u00e7a em projetos sociais.\u00a0\u00a0Aos 29 anos, foi propriet\u00e1ria do Espa\u00e7o Ophelia Camassutti, na cidade de Ribeir\u00e3o Preto\/SP, uma escola de forma\u00e7\u00e3o art\u00edstica que oferecia aulas de dan\u00e7a,teatro e m\u00fasica para crian\u00e7as, jovens e adultos.<\/p>\n<p>Foi diretora da Cia Ophelia Camassutti, premiada em diversos festivais de dan\u00e7a e teatro,incluindo dois pr\u00eamios internacionais no Barcelona Dance Awards, realizado na Espanha(2015).\u00a0Tamb\u00e9m em 2015, venceu o concurso &#8220;A GORDINHA MAIS LEVE DO BRASIL&#8221;, no programa Legend\u00e1rios, com o apresentador Marcos Mion, na TV Record.<\/p>\n<p><strong>Veio para Barretos em 2019, ap\u00f3s aprova\u00e7\u00e3o em concurso p\u00fablico, para trabalhar no CEMART- Centro Municipal de Artes, como professora de sapateado.\u00a0Atualmente, trabalha tamb\u00e9m com dan\u00e7a livre, jazz e teatro musical para crian\u00e7as, jovens e adultos.<\/strong><\/p>\n<p><strong>Inspirada pela cultura caipira da cidade,criou o movimento &#8220;SAPATIRA&#8221;, grupo formado por mulheres sapateadoras que uniram a t\u00e9cnica do sapateado americano, da Catira e a m\u00fasica sertaneja, criando um novo estilo de dan\u00e7a.<\/strong><\/p>\n<\/div>\n<\/div>\n<\/div>\n","protected":false},"excerpt":{"rendered":"<p>Homenagem proposta pelo vereador Prof. Adilson (MDB) ser\u00e1 realizada no<\/p>\n","protected":false},"author":2,"featured_media":115477,"comment_status":"open","ping_status":"open","sticky":false,"template":"","format":"standard","meta":{"footnotes":""},"categories":[14,3],"tags":[],"class_list":["post-115476","post","type-post","status-publish","format-standard","has-post-thumbnail","hentry","category-barretos","category-geral"],"yoast_head":"<!-- This site is optimized with the Yoast SEO plugin v27.4 - https:\/\/yoast.com\/product\/yoast-seo-wordpress\/ -->\n<title>C\u00e2mara agenda entrega do T\u00edtulo de Cidad\u00e3 Honor\u00e1ria de Barretos \u00e0 criadora do Sapatira, Joyce Camassuti - Regi\u00e3o News<\/title>\n<meta name=\"robots\" content=\"index, follow, max-snippet:-1, max-image-preview:large, max-video-preview:-1\" \/>\n<link rel=\"canonical\" href=\"https:\/\/regiaonews.net.br\/2022\/2025\/03\/12\/camara-agenda-entrega-do-titulo-de-cidada-honoraria-de-barretos-a-criadora-do-sapatira-joyce-camassuti\/\" \/>\n<meta property=\"og:locale\" content=\"pt_BR\" \/>\n<meta property=\"og:type\" content=\"article\" \/>\n<meta property=\"og:title\" content=\"C\u00e2mara agenda entrega do T\u00edtulo de Cidad\u00e3 Honor\u00e1ria de Barretos \u00e0 criadora do Sapatira, Joyce Camassuti - Regi\u00e3o News\" \/>\n<meta property=\"og:description\" content=\"Homenagem proposta pelo vereador Prof. Adilson (MDB) ser\u00e1 realizada no\" \/>\n<meta property=\"og:url\" content=\"https:\/\/regiaonews.net.br\/2022\/2025\/03\/12\/camara-agenda-entrega-do-titulo-de-cidada-honoraria-de-barretos-a-criadora-do-sapatira-joyce-camassuti\/\" \/>\n<meta property=\"og:site_name\" content=\"Regi\u00e3o News\" \/>\n<meta property=\"article:published_time\" content=\"2025-03-12T18:50:28+00:00\" \/>\n<meta property=\"og:image\" content=\"https:\/\/regiaonews.net.br\/2022\/wp-content\/uploads\/2025\/03\/alta_174178384767d183270476f-1.jpg\" \/>\n\t<meta property=\"og:image:width\" content=\"1280\" \/>\n\t<meta property=\"og:image:height\" content=\"720\" \/>\n\t<meta property=\"og:image:type\" content=\"image\/jpeg\" \/>\n<meta name=\"author\" content=\"Roberto\" \/>\n<meta name=\"twitter:card\" content=\"summary_large_image\" \/>\n<meta name=\"twitter:label1\" content=\"Escrito por\" \/>\n\t<meta name=\"twitter:data1\" content=\"Roberto\" \/>\n\t<meta name=\"twitter:label2\" content=\"Est. tempo de leitura\" \/>\n\t<meta name=\"twitter:data2\" content=\"2 minutos\" \/>\n<script type=\"application\/ld+json\" class=\"yoast-schema-graph\">{\"@context\":\"https:\\\/\\\/schema.org\",\"@graph\":[{\"@type\":\"Article\",\"@id\":\"https:\\\/\\\/regiaonews.net.br\\\/2022\\\/2025\\\/03\\\/12\\\/camara-agenda-entrega-do-titulo-de-cidada-honoraria-de-barretos-a-criadora-do-sapatira-joyce-camassuti\\\/#article\",\"isPartOf\":{\"@id\":\"https:\\\/\\\/regiaonews.net.br\\\/2022\\\/2025\\\/03\\\/12\\\/camara-agenda-entrega-do-titulo-de-cidada-honoraria-de-barretos-a-criadora-do-sapatira-joyce-camassuti\\\/\"},\"author\":{\"name\":\"Roberto\",\"@id\":\"https:\\\/\\\/regiaonews.net.br\\\/2022\\\/#\\\/schema\\\/person\\\/2d205a608a5aa97ac279d7a5e6d89ad8\"},\"headline\":\"C\u00e2mara agenda entrega do T\u00edtulo de Cidad\u00e3 Honor\u00e1ria de Barretos \u00e0 criadora do Sapatira, Joyce Camassuti\",\"datePublished\":\"2025-03-12T18:50:28+00:00\",\"mainEntityOfPage\":{\"@id\":\"https:\\\/\\\/regiaonews.net.br\\\/2022\\\/2025\\\/03\\\/12\\\/camara-agenda-entrega-do-titulo-de-cidada-honoraria-de-barretos-a-criadora-do-sapatira-joyce-camassuti\\\/\"},\"wordCount\":369,\"commentCount\":0,\"publisher\":{\"@id\":\"https:\\\/\\\/regiaonews.net.br\\\/2022\\\/#organization\"},\"image\":{\"@id\":\"https:\\\/\\\/regiaonews.net.br\\\/2022\\\/2025\\\/03\\\/12\\\/camara-agenda-entrega-do-titulo-de-cidada-honoraria-de-barretos-a-criadora-do-sapatira-joyce-camassuti\\\/#primaryimage\"},\"thumbnailUrl\":\"https:\\\/\\\/regiaonews.net.br\\\/2022\\\/wp-content\\\/uploads\\\/2025\\\/03\\\/alta_174178384767d183270476f-1.jpg\",\"articleSection\":[\"Barretos\",\"Geral\"],\"inLanguage\":\"pt-BR\",\"potentialAction\":[{\"@type\":\"CommentAction\",\"name\":\"Comment\",\"target\":[\"https:\\\/\\\/regiaonews.net.br\\\/2022\\\/2025\\\/03\\\/12\\\/camara-agenda-entrega-do-titulo-de-cidada-honoraria-de-barretos-a-criadora-do-sapatira-joyce-camassuti\\\/#respond\"]}]},{\"@type\":\"WebPage\",\"@id\":\"https:\\\/\\\/regiaonews.net.br\\\/2022\\\/2025\\\/03\\\/12\\\/camara-agenda-entrega-do-titulo-de-cidada-honoraria-de-barretos-a-criadora-do-sapatira-joyce-camassuti\\\/\",\"url\":\"https:\\\/\\\/regiaonews.net.br\\\/2022\\\/2025\\\/03\\\/12\\\/camara-agenda-entrega-do-titulo-de-cidada-honoraria-de-barretos-a-criadora-do-sapatira-joyce-camassuti\\\/\",\"name\":\"C\u00e2mara agenda entrega do T\u00edtulo de Cidad\u00e3 Honor\u00e1ria de Barretos \u00e0 criadora do Sapatira, Joyce Camassuti - Regi\u00e3o News\",\"isPartOf\":{\"@id\":\"https:\\\/\\\/regiaonews.net.br\\\/2022\\\/#website\"},\"primaryImageOfPage\":{\"@id\":\"https:\\\/\\\/regiaonews.net.br\\\/2022\\\/2025\\\/03\\\/12\\\/camara-agenda-entrega-do-titulo-de-cidada-honoraria-de-barretos-a-criadora-do-sapatira-joyce-camassuti\\\/#primaryimage\"},\"image\":{\"@id\":\"https:\\\/\\\/regiaonews.net.br\\\/2022\\\/2025\\\/03\\\/12\\\/camara-agenda-entrega-do-titulo-de-cidada-honoraria-de-barretos-a-criadora-do-sapatira-joyce-camassuti\\\/#primaryimage\"},\"thumbnailUrl\":\"https:\\\/\\\/regiaonews.net.br\\\/2022\\\/wp-content\\\/uploads\\\/2025\\\/03\\\/alta_174178384767d183270476f-1.jpg\",\"datePublished\":\"2025-03-12T18:50:28+00:00\",\"breadcrumb\":{\"@id\":\"https:\\\/\\\/regiaonews.net.br\\\/2022\\\/2025\\\/03\\\/12\\\/camara-agenda-entrega-do-titulo-de-cidada-honoraria-de-barretos-a-criadora-do-sapatira-joyce-camassuti\\\/#breadcrumb\"},\"inLanguage\":\"pt-BR\",\"potentialAction\":[{\"@type\":\"ReadAction\",\"target\":[\"https:\\\/\\\/regiaonews.net.br\\\/2022\\\/2025\\\/03\\\/12\\\/camara-agenda-entrega-do-titulo-de-cidada-honoraria-de-barretos-a-criadora-do-sapatira-joyce-camassuti\\\/\"]}]},{\"@type\":\"ImageObject\",\"inLanguage\":\"pt-BR\",\"@id\":\"https:\\\/\\\/regiaonews.net.br\\\/2022\\\/2025\\\/03\\\/12\\\/camara-agenda-entrega-do-titulo-de-cidada-honoraria-de-barretos-a-criadora-do-sapatira-joyce-camassuti\\\/#primaryimage\",\"url\":\"https:\\\/\\\/regiaonews.net.br\\\/2022\\\/wp-content\\\/uploads\\\/2025\\\/03\\\/alta_174178384767d183270476f-1.jpg\",\"contentUrl\":\"https:\\\/\\\/regiaonews.net.br\\\/2022\\\/wp-content\\\/uploads\\\/2025\\\/03\\\/alta_174178384767d183270476f-1.jpg\",\"width\":1280,\"height\":720},{\"@type\":\"BreadcrumbList\",\"@id\":\"https:\\\/\\\/regiaonews.net.br\\\/2022\\\/2025\\\/03\\\/12\\\/camara-agenda-entrega-do-titulo-de-cidada-honoraria-de-barretos-a-criadora-do-sapatira-joyce-camassuti\\\/#breadcrumb\",\"itemListElement\":[{\"@type\":\"ListItem\",\"position\":1,\"name\":\"In\u00edcio\",\"item\":\"https:\\\/\\\/regiaonews.net.br\\\/2022\\\/\"},{\"@type\":\"ListItem\",\"position\":2,\"name\":\"C\u00e2mara agenda entrega do T\u00edtulo de Cidad\u00e3 Honor\u00e1ria de Barretos \u00e0 criadora do Sapatira, Joyce Camassuti\"}]},{\"@type\":\"WebSite\",\"@id\":\"https:\\\/\\\/regiaonews.net.br\\\/2022\\\/#website\",\"url\":\"https:\\\/\\\/regiaonews.net.br\\\/2022\\\/\",\"name\":\"Regi\u00e3o News\",\"description\":\"Site de Not\u00edcias de Barretos e regi\u00e3o\",\"publisher\":{\"@id\":\"https:\\\/\\\/regiaonews.net.br\\\/2022\\\/#organization\"},\"potentialAction\":[{\"@type\":\"SearchAction\",\"target\":{\"@type\":\"EntryPoint\",\"urlTemplate\":\"https:\\\/\\\/regiaonews.net.br\\\/2022\\\/?s={search_term_string}\"},\"query-input\":{\"@type\":\"PropertyValueSpecification\",\"valueRequired\":true,\"valueName\":\"search_term_string\"}}],\"inLanguage\":\"pt-BR\"},{\"@type\":\"Organization\",\"@id\":\"https:\\\/\\\/regiaonews.net.br\\\/2022\\\/#organization\",\"name\":\"Regi\u00e3o News\",\"url\":\"https:\\\/\\\/regiaonews.net.br\\\/2022\\\/\",\"logo\":{\"@type\":\"ImageObject\",\"inLanguage\":\"pt-BR\",\"@id\":\"https:\\\/\\\/regiaonews.net.br\\\/2022\\\/#\\\/schema\\\/logo\\\/image\\\/\",\"url\":\"https:\\\/\\\/regiaonews.net.br\\\/2022\\\/wp-content\\\/uploads\\\/2026\\\/03\\\/regiao-13-anos-scaled.jpg\",\"contentUrl\":\"https:\\\/\\\/regiaonews.net.br\\\/2022\\\/wp-content\\\/uploads\\\/2026\\\/03\\\/regiao-13-anos-scaled.jpg\",\"width\":2560,\"height\":635,\"caption\":\"Regi\u00e3o News\"},\"image\":{\"@id\":\"https:\\\/\\\/regiaonews.net.br\\\/2022\\\/#\\\/schema\\\/logo\\\/image\\\/\"}},{\"@type\":\"Person\",\"@id\":\"https:\\\/\\\/regiaonews.net.br\\\/2022\\\/#\\\/schema\\\/person\\\/2d205a608a5aa97ac279d7a5e6d89ad8\",\"name\":\"Roberto\",\"image\":{\"@type\":\"ImageObject\",\"inLanguage\":\"pt-BR\",\"@id\":\"https:\\\/\\\/secure.gravatar.com\\\/avatar\\\/42749d8b712ff9d59ca93dc150494e5b55a44134482993f5baeb97e61b7ecc89?s=96&d=mm&r=g\",\"url\":\"https:\\\/\\\/secure.gravatar.com\\\/avatar\\\/42749d8b712ff9d59ca93dc150494e5b55a44134482993f5baeb97e61b7ecc89?s=96&d=mm&r=g\",\"contentUrl\":\"https:\\\/\\\/secure.gravatar.com\\\/avatar\\\/42749d8b712ff9d59ca93dc150494e5b55a44134482993f5baeb97e61b7ecc89?s=96&d=mm&r=g\",\"caption\":\"Roberto\"},\"url\":\"https:\\\/\\\/regiaonews.net.br\\\/2022\\\/author\\\/roberto\\\/\"}]}<\/script>\n<!-- \/ Yoast SEO plugin. -->","yoast_head_json":{"title":"C\u00e2mara agenda entrega do T\u00edtulo de Cidad\u00e3 Honor\u00e1ria de Barretos \u00e0 criadora do Sapatira, Joyce Camassuti - Regi\u00e3o News","robots":{"index":"index","follow":"follow","max-snippet":"max-snippet:-1","max-image-preview":"max-image-preview:large","max-video-preview":"max-video-preview:-1"},"canonical":"https:\/\/regiaonews.net.br\/2022\/2025\/03\/12\/camara-agenda-entrega-do-titulo-de-cidada-honoraria-de-barretos-a-criadora-do-sapatira-joyce-camassuti\/","og_locale":"pt_BR","og_type":"article","og_title":"C\u00e2mara agenda entrega do T\u00edtulo de Cidad\u00e3 Honor\u00e1ria de Barretos \u00e0 criadora do Sapatira, Joyce Camassuti - Regi\u00e3o News","og_description":"Homenagem proposta pelo vereador Prof. Adilson (MDB) ser\u00e1 realizada no","og_url":"https:\/\/regiaonews.net.br\/2022\/2025\/03\/12\/camara-agenda-entrega-do-titulo-de-cidada-honoraria-de-barretos-a-criadora-do-sapatira-joyce-camassuti\/","og_site_name":"Regi\u00e3o News","article_published_time":"2025-03-12T18:50:28+00:00","og_image":[{"width":1280,"height":720,"url":"https:\/\/regiaonews.net.br\/2022\/wp-content\/uploads\/2025\/03\/alta_174178384767d183270476f-1.jpg","type":"image\/jpeg"}],"author":"Roberto","twitter_card":"summary_large_image","twitter_misc":{"Escrito por":"Roberto","Est. tempo de leitura":"2 minutos"},"schema":{"@context":"https:\/\/schema.org","@graph":[{"@type":"Article","@id":"https:\/\/regiaonews.net.br\/2022\/2025\/03\/12\/camara-agenda-entrega-do-titulo-de-cidada-honoraria-de-barretos-a-criadora-do-sapatira-joyce-camassuti\/#article","isPartOf":{"@id":"https:\/\/regiaonews.net.br\/2022\/2025\/03\/12\/camara-agenda-entrega-do-titulo-de-cidada-honoraria-de-barretos-a-criadora-do-sapatira-joyce-camassuti\/"},"author":{"name":"Roberto","@id":"https:\/\/regiaonews.net.br\/2022\/#\/schema\/person\/2d205a608a5aa97ac279d7a5e6d89ad8"},"headline":"C\u00e2mara agenda entrega do T\u00edtulo de Cidad\u00e3 Honor\u00e1ria de Barretos \u00e0 criadora do Sapatira, Joyce Camassuti","datePublished":"2025-03-12T18:50:28+00:00","mainEntityOfPage":{"@id":"https:\/\/regiaonews.net.br\/2022\/2025\/03\/12\/camara-agenda-entrega-do-titulo-de-cidada-honoraria-de-barretos-a-criadora-do-sapatira-joyce-camassuti\/"},"wordCount":369,"commentCount":0,"publisher":{"@id":"https:\/\/regiaonews.net.br\/2022\/#organization"},"image":{"@id":"https:\/\/regiaonews.net.br\/2022\/2025\/03\/12\/camara-agenda-entrega-do-titulo-de-cidada-honoraria-de-barretos-a-criadora-do-sapatira-joyce-camassuti\/#primaryimage"},"thumbnailUrl":"https:\/\/regiaonews.net.br\/2022\/wp-content\/uploads\/2025\/03\/alta_174178384767d183270476f-1.jpg","articleSection":["Barretos","Geral"],"inLanguage":"pt-BR","potentialAction":[{"@type":"CommentAction","name":"Comment","target":["https:\/\/regiaonews.net.br\/2022\/2025\/03\/12\/camara-agenda-entrega-do-titulo-de-cidada-honoraria-de-barretos-a-criadora-do-sapatira-joyce-camassuti\/#respond"]}]},{"@type":"WebPage","@id":"https:\/\/regiaonews.net.br\/2022\/2025\/03\/12\/camara-agenda-entrega-do-titulo-de-cidada-honoraria-de-barretos-a-criadora-do-sapatira-joyce-camassuti\/","url":"https:\/\/regiaonews.net.br\/2022\/2025\/03\/12\/camara-agenda-entrega-do-titulo-de-cidada-honoraria-de-barretos-a-criadora-do-sapatira-joyce-camassuti\/","name":"C\u00e2mara agenda entrega do T\u00edtulo de Cidad\u00e3 Honor\u00e1ria de Barretos \u00e0 criadora do Sapatira, Joyce Camassuti - Regi\u00e3o News","isPartOf":{"@id":"https:\/\/regiaonews.net.br\/2022\/#website"},"primaryImageOfPage":{"@id":"https:\/\/regiaonews.net.br\/2022\/2025\/03\/12\/camara-agenda-entrega-do-titulo-de-cidada-honoraria-de-barretos-a-criadora-do-sapatira-joyce-camassuti\/#primaryimage"},"image":{"@id":"https:\/\/regiaonews.net.br\/2022\/2025\/03\/12\/camara-agenda-entrega-do-titulo-de-cidada-honoraria-de-barretos-a-criadora-do-sapatira-joyce-camassuti\/#primaryimage"},"thumbnailUrl":"https:\/\/regiaonews.net.br\/2022\/wp-content\/uploads\/2025\/03\/alta_174178384767d183270476f-1.jpg","datePublished":"2025-03-12T18:50:28+00:00","breadcrumb":{"@id":"https:\/\/regiaonews.net.br\/2022\/2025\/03\/12\/camara-agenda-entrega-do-titulo-de-cidada-honoraria-de-barretos-a-criadora-do-sapatira-joyce-camassuti\/#breadcrumb"},"inLanguage":"pt-BR","potentialAction":[{"@type":"ReadAction","target":["https:\/\/regiaonews.net.br\/2022\/2025\/03\/12\/camara-agenda-entrega-do-titulo-de-cidada-honoraria-de-barretos-a-criadora-do-sapatira-joyce-camassuti\/"]}]},{"@type":"ImageObject","inLanguage":"pt-BR","@id":"https:\/\/regiaonews.net.br\/2022\/2025\/03\/12\/camara-agenda-entrega-do-titulo-de-cidada-honoraria-de-barretos-a-criadora-do-sapatira-joyce-camassuti\/#primaryimage","url":"https:\/\/regiaonews.net.br\/2022\/wp-content\/uploads\/2025\/03\/alta_174178384767d183270476f-1.jpg","contentUrl":"https:\/\/regiaonews.net.br\/2022\/wp-content\/uploads\/2025\/03\/alta_174178384767d183270476f-1.jpg","width":1280,"height":720},{"@type":"BreadcrumbList","@id":"https:\/\/regiaonews.net.br\/2022\/2025\/03\/12\/camara-agenda-entrega-do-titulo-de-cidada-honoraria-de-barretos-a-criadora-do-sapatira-joyce-camassuti\/#breadcrumb","itemListElement":[{"@type":"ListItem","position":1,"name":"In\u00edcio","item":"https:\/\/regiaonews.net.br\/2022\/"},{"@type":"ListItem","position":2,"name":"C\u00e2mara agenda entrega do T\u00edtulo de Cidad\u00e3 Honor\u00e1ria de Barretos \u00e0 criadora do Sapatira, Joyce Camassuti"}]},{"@type":"WebSite","@id":"https:\/\/regiaonews.net.br\/2022\/#website","url":"https:\/\/regiaonews.net.br\/2022\/","name":"Regi\u00e3o News","description":"Site de Not\u00edcias de Barretos e regi\u00e3o","publisher":{"@id":"https:\/\/regiaonews.net.br\/2022\/#organization"},"potentialAction":[{"@type":"SearchAction","target":{"@type":"EntryPoint","urlTemplate":"https:\/\/regiaonews.net.br\/2022\/?s={search_term_string}"},"query-input":{"@type":"PropertyValueSpecification","valueRequired":true,"valueName":"search_term_string"}}],"inLanguage":"pt-BR"},{"@type":"Organization","@id":"https:\/\/regiaonews.net.br\/2022\/#organization","name":"Regi\u00e3o News","url":"https:\/\/regiaonews.net.br\/2022\/","logo":{"@type":"ImageObject","inLanguage":"pt-BR","@id":"https:\/\/regiaonews.net.br\/2022\/#\/schema\/logo\/image\/","url":"https:\/\/regiaonews.net.br\/2022\/wp-content\/uploads\/2026\/03\/regiao-13-anos-scaled.jpg","contentUrl":"https:\/\/regiaonews.net.br\/2022\/wp-content\/uploads\/2026\/03\/regiao-13-anos-scaled.jpg","width":2560,"height":635,"caption":"Regi\u00e3o News"},"image":{"@id":"https:\/\/regiaonews.net.br\/2022\/#\/schema\/logo\/image\/"}},{"@type":"Person","@id":"https:\/\/regiaonews.net.br\/2022\/#\/schema\/person\/2d205a608a5aa97ac279d7a5e6d89ad8","name":"Roberto","image":{"@type":"ImageObject","inLanguage":"pt-BR","@id":"https:\/\/secure.gravatar.com\/avatar\/42749d8b712ff9d59ca93dc150494e5b55a44134482993f5baeb97e61b7ecc89?s=96&d=mm&r=g","url":"https:\/\/secure.gravatar.com\/avatar\/42749d8b712ff9d59ca93dc150494e5b55a44134482993f5baeb97e61b7ecc89?s=96&d=mm&r=g","contentUrl":"https:\/\/secure.gravatar.com\/avatar\/42749d8b712ff9d59ca93dc150494e5b55a44134482993f5baeb97e61b7ecc89?s=96&d=mm&r=g","caption":"Roberto"},"url":"https:\/\/regiaonews.net.br\/2022\/author\/roberto\/"}]}},"publishpress_future_action":{"enabled":false,"date":"2026-05-02 04:04:39","action":"change-status","newStatus":"draft","terms":[],"taxonomy":"category","extraData":[]},"publishpress_future_workflow_manual_trigger":{"enabledWorkflows":[]},"_links":{"self":[{"href":"https:\/\/regiaonews.net.br\/2022\/wp-json\/wp\/v2\/posts\/115476","targetHints":{"allow":["GET"]}}],"collection":[{"href":"https:\/\/regiaonews.net.br\/2022\/wp-json\/wp\/v2\/posts"}],"about":[{"href":"https:\/\/regiaonews.net.br\/2022\/wp-json\/wp\/v2\/types\/post"}],"author":[{"embeddable":true,"href":"https:\/\/regiaonews.net.br\/2022\/wp-json\/wp\/v2\/users\/2"}],"replies":[{"embeddable":true,"href":"https:\/\/regiaonews.net.br\/2022\/wp-json\/wp\/v2\/comments?post=115476"}],"version-history":[{"count":1,"href":"https:\/\/regiaonews.net.br\/2022\/wp-json\/wp\/v2\/posts\/115476\/revisions"}],"predecessor-version":[{"id":115478,"href":"https:\/\/regiaonews.net.br\/2022\/wp-json\/wp\/v2\/posts\/115476\/revisions\/115478"}],"wp:featuredmedia":[{"embeddable":true,"href":"https:\/\/regiaonews.net.br\/2022\/wp-json\/wp\/v2\/media\/115477"}],"wp:attachment":[{"href":"https:\/\/regiaonews.net.br\/2022\/wp-json\/wp\/v2\/media?parent=115476"}],"wp:term":[{"taxonomy":"category","embeddable":true,"href":"https:\/\/regiaonews.net.br\/2022\/wp-json\/wp\/v2\/categories?post=115476"},{"taxonomy":"post_tag","embeddable":true,"href":"https:\/\/regiaonews.net.br\/2022\/wp-json\/wp\/v2\/tags?post=115476"}],"curies":[{"name":"wp","href":"https:\/\/api.w.org\/{rel}","templated":true}]}}