{"id":115470,"date":"2025-03-12T15:48:13","date_gmt":"2025-03-12T18:48:13","guid":{"rendered":"https:\/\/regiaonews.net.br\/2022\/?p=115470"},"modified":"2025-03-12T15:48:13","modified_gmt":"2025-03-12T18:48:13","slug":"suspeitos-de-matar-idosa-durante-assalto-em-jaborandi-sp-ficaram-mais-de-4-horas-dentro-da-casa","status":"publish","type":"post","link":"https:\/\/regiaonews.net.br\/2022\/2025\/03\/12\/suspeitos-de-matar-idosa-durante-assalto-em-jaborandi-sp-ficaram-mais-de-4-horas-dentro-da-casa\/","title":{"rendered":"Suspeitos de matar idosa durante assalto em Jaborandi, SP, ficaram mais de 4 horas dentro da casa"},"content":{"rendered":"<div class=\"row content-head mc-column non-featured \">\n<div class=\"medium-centered subtitle\">\n<h3 class=\"content-head__subtitle\" style=\"text-align: center;\">Pol\u00edcia trabalha com a hip\u00f3tese de crime planejado e investiga din\u00e2mica. Ningu\u00e9m foi preso at\u00e9 o momento, mas ve\u00edculo utilizado j\u00e1 foi identificado.<\/h3>\n<\/div>\n<\/div>\n<div><\/div>\n<div class=\"content__signa-share mc-column\">\n<div class=\"content__signature\">\n<div class=\"content-publication-data\">\n<div class=\"content-publication-data__text\">Os suspeitos de matar a aposentada Maria Jos\u00e9 Moschin, de 75 anos, passaram, pelo menos,\u00a0<strong>quatro horas dentro da casa onde ela vivia com o marido<\/strong>, Jos\u00e9 Moschin, de 88 anos, em\u00a0<a class=\"\" href=\"https:\/\/g1.globo.com\/sp\/ribeirao-preto-franca\/cidade\/jaborandi-sp\/\" data-mrf-link=\"https:\/\/g1.globo.com\/sp\/ribeirao-preto-franca\/cidade\/jaborandi-sp\/\">Jaborandi (SP)<\/a>.<\/div>\n<div>\n<div id=\"chunk-fkccp\">\n<div class=\"mc-column content-text active-extra-styles \" data-block-type=\"unstyled\" data-block-weight=\"47\" data-block-id=\"6\">\n<p class=\" content-text__container \" data-track-category=\"Link no Texto\" data-track-links=\"\" data-mrf-recirculation=\"Mat\u00e9ria - Links no Texto\">O crime\u00a0<a class=\"\" href=\"https:\/\/g1.globo.com\/sp\/ribeirao-preto-franca\/noticia\/2025\/02\/24\/idosa-e-encontrada-morta-apos-ter-casa-invadida-por-assaltantes-em-jaborandi-sp.ghtml\" data-mrf-link=\"https:\/\/g1.globo.com\/sp\/ribeirao-preto-franca\/noticia\/2025\/02\/24\/idosa-e-encontrada-morta-apos-ter-casa-invadida-por-assaltantes-em-jaborandi-sp.ghtml\">aconteceu no dia 24 de fevereiro e chocou a cidade<\/a>, que n\u00e3o registrava um caso do tipo desde 2001. Al\u00e9m de assassinar a idosa, eles agrediram o idoso e ainda<span class=\"highlight highlighted\">\u00a0fugiram com o carro da fam\u00edlia, uma Spin prata, e joias avaliadas em R$ 100mil.<\/span><\/p>\n<\/div>\n<\/div>\n<div id=\"chunk-51vb9\">\n<div class=\"mc-column content-text active-extra-styles \" data-block-type=\"unstyled\" data-block-weight=\"36\" data-block-id=\"7\">\n<p class=\" content-text__container \" data-track-category=\"Link no Texto\" data-track-links=\"\" data-mrf-recirculation=\"Mat\u00e9ria - Links no Texto\">Imagens de c\u00e2meras de seguran\u00e7a as quais a\u00a0<em>EPTV<\/em>, afiliada da TV Globo, teve acesso mostram o momento em que\u00a0<strong>os criminosos chegam no local, por volta das 3h30, e s\u00f3 deixam a resid\u00eancia \u00e0s 7h45.<\/strong><\/p>\n<\/div>\n<\/div>\n<div id=\"chunk-5u0j0\">\n<div class=\"row medium-uncollapsed content-media content-photo\" data-block-type=\"backstage-photo\" data-block-id=\"9\">\n<div class=\" mc-column  content-media__container\">\n<div class=\"content-media-container glb-skeleton-box\">\n<div id=\"chunk-39rbf\">\n<div class=\"mc-column content-text active-extra-styles \" data-block-type=\"unstyled\" data-block-weight=\"32\" data-block-id=\"10\">\n<p class=\" content-text__container \" data-track-category=\"Link no Texto\" data-track-links=\"\" data-mrf-recirculation=\"Mat\u00e9ria - Links no Texto\">Para o investigador Rafael Foroni, o<strong>\u00a0crime foi planejado<\/strong>. Nenhum suspeito foi preso at\u00e9 o momento, mas o carro utilizado por eles para chegar at\u00e9 a casa das v\u00edtimas j\u00e1 foi identificado.<\/p>\n<\/div>\n<\/div>\n<div id=\"chunk-5kecm\">\n<div class=\"mc-column content-text active-extra-styles\" data-block-type=\"raw\" data-block-weight=\"50\" data-block-id=\"11\">\n<div id=\"chunk-e0vif\">\n<div class=\"mc-column content-text active-extra-styles \" data-block-type=\"unstyled\" data-block-weight=\"38\" data-block-id=\"12\">\n<p class=\" content-text__container \" data-track-category=\"Link no Texto\" data-track-links=\"\" data-mrf-recirculation=\"Mat\u00e9ria - Links no Texto\">Segundo Foroni, uma das hip\u00f3teses da pol\u00edcia \u00e9 de que os<span class=\"highlight\">\u00a0criminosos tenham esperado o casal acordar para n\u00e3o fazer barulho<\/span>. Um ma\u00e7o de cigarro e um isqueiro foram encontrados dentro da casa e nenhum dos aposentados fumava.<\/p>\n<\/div>\n<\/div>\n<div id=\"chunk-3um7t\">O\u00a0<a class=\"\" href=\"https:\/\/g1.globo.com\/sp\/ribeirao-preto-franca\/noticia\/2025\/03\/11\/laudo-aponta-como-indeterminada-causa-da-morte-de-idosa-durante-assalto-em-jaborandi-sp.ghtml\" data-mrf-link=\"https:\/\/g1.globo.com\/sp\/ribeirao-preto-franca\/noticia\/2025\/03\/11\/laudo-aponta-como-indeterminada-causa-da-morte-de-idosa-durante-assalto-em-jaborandi-sp.ghtml\">laudo que apontaria a causa da morte de Maria Jos\u00e9 foi inconclusivo<\/a>, o que significa que ainda n\u00e3o \u00e9 poss\u00edvel dizer como o crime aconteceu.<strong> A pol\u00edcia acredita que ela tenha sido sufocada.<\/strong><\/div>\n<\/div>\n<\/div>\n<\/div>\n<\/div>\n<\/div>\n<\/div>\n<\/div>\n<\/div>\n<\/div>\n<\/div>\n<div><\/div>\n<div>Fonte &#8211; G1.<\/div>\n","protected":false},"excerpt":{"rendered":"<p>Pol\u00edcia trabalha com a hip\u00f3tese de crime planejado e investiga<\/p>\n","protected":false},"author":2,"featured_media":115471,"comment_status":"open","ping_status":"open","sticky":false,"template":"","format":"standard","meta":{"footnotes":""},"categories":[10],"tags":[],"class_list":["post-115470","post","type-post","status-publish","format-standard","has-post-thumbnail","hentry","category-jaborandi"],"yoast_head":"<!-- This site is optimized with the Yoast SEO plugin v27.4 - https:\/\/yoast.com\/product\/yoast-seo-wordpress\/ -->\n<title>Suspeitos de matar idosa durante assalto em Jaborandi, SP, ficaram mais de 4 horas dentro da casa - Regi\u00e3o News<\/title>\n<meta name=\"robots\" content=\"index, follow, max-snippet:-1, max-image-preview:large, max-video-preview:-1\" \/>\n<link rel=\"canonical\" href=\"https:\/\/regiaonews.net.br\/2022\/2025\/03\/12\/suspeitos-de-matar-idosa-durante-assalto-em-jaborandi-sp-ficaram-mais-de-4-horas-dentro-da-casa\/\" \/>\n<meta property=\"og:locale\" content=\"pt_BR\" \/>\n<meta property=\"og:type\" content=\"article\" \/>\n<meta property=\"og:title\" content=\"Suspeitos de matar idosa durante assalto em Jaborandi, SP, ficaram mais de 4 horas dentro da casa - Regi\u00e3o News\" \/>\n<meta property=\"og:description\" content=\"Pol\u00edcia trabalha com a hip\u00f3tese de crime planejado e investiga\" \/>\n<meta property=\"og:url\" content=\"https:\/\/regiaonews.net.br\/2022\/2025\/03\/12\/suspeitos-de-matar-idosa-durante-assalto-em-jaborandi-sp-ficaram-mais-de-4-horas-dentro-da-casa\/\" \/>\n<meta property=\"og:site_name\" content=\"Regi\u00e3o News\" \/>\n<meta property=\"article:published_time\" content=\"2025-03-12T18:48:13+00:00\" \/>\n<meta property=\"og:image\" content=\"https:\/\/regiaonews.net.br\/2022\/wp-content\/uploads\/2025\/03\/Captura-de-tela-2025-03-12-154655.png\" \/>\n\t<meta property=\"og:image:width\" content=\"797\" \/>\n\t<meta property=\"og:image:height\" content=\"498\" \/>\n\t<meta property=\"og:image:type\" content=\"image\/png\" \/>\n<meta name=\"author\" content=\"Roberto\" \/>\n<meta name=\"twitter:card\" content=\"summary_large_image\" \/>\n<meta name=\"twitter:label1\" content=\"Escrito por\" \/>\n\t<meta name=\"twitter:data1\" content=\"Roberto\" \/>\n\t<meta name=\"twitter:label2\" content=\"Est. tempo de leitura\" \/>\n\t<meta name=\"twitter:data2\" content=\"2 minutos\" \/>\n<script type=\"application\/ld+json\" class=\"yoast-schema-graph\">{\"@context\":\"https:\\\/\\\/schema.org\",\"@graph\":[{\"@type\":\"Article\",\"@id\":\"https:\\\/\\\/regiaonews.net.br\\\/2022\\\/2025\\\/03\\\/12\\\/suspeitos-de-matar-idosa-durante-assalto-em-jaborandi-sp-ficaram-mais-de-4-horas-dentro-da-casa\\\/#article\",\"isPartOf\":{\"@id\":\"https:\\\/\\\/regiaonews.net.br\\\/2022\\\/2025\\\/03\\\/12\\\/suspeitos-de-matar-idosa-durante-assalto-em-jaborandi-sp-ficaram-mais-de-4-horas-dentro-da-casa\\\/\"},\"author\":{\"name\":\"Roberto\",\"@id\":\"https:\\\/\\\/regiaonews.net.br\\\/2022\\\/#\\\/schema\\\/person\\\/2d205a608a5aa97ac279d7a5e6d89ad8\"},\"headline\":\"Suspeitos de matar idosa durante assalto em Jaborandi, SP, ficaram mais de 4 horas dentro da casa\",\"datePublished\":\"2025-03-12T18:48:13+00:00\",\"mainEntityOfPage\":{\"@id\":\"https:\\\/\\\/regiaonews.net.br\\\/2022\\\/2025\\\/03\\\/12\\\/suspeitos-de-matar-idosa-durante-assalto-em-jaborandi-sp-ficaram-mais-de-4-horas-dentro-da-casa\\\/\"},\"wordCount\":276,\"commentCount\":0,\"publisher\":{\"@id\":\"https:\\\/\\\/regiaonews.net.br\\\/2022\\\/#organization\"},\"image\":{\"@id\":\"https:\\\/\\\/regiaonews.net.br\\\/2022\\\/2025\\\/03\\\/12\\\/suspeitos-de-matar-idosa-durante-assalto-em-jaborandi-sp-ficaram-mais-de-4-horas-dentro-da-casa\\\/#primaryimage\"},\"thumbnailUrl\":\"https:\\\/\\\/regiaonews.net.br\\\/2022\\\/wp-content\\\/uploads\\\/2025\\\/03\\\/Captura-de-tela-2025-03-12-154655.png\",\"articleSection\":[\"Jaborandi\"],\"inLanguage\":\"pt-BR\",\"potentialAction\":[{\"@type\":\"CommentAction\",\"name\":\"Comment\",\"target\":[\"https:\\\/\\\/regiaonews.net.br\\\/2022\\\/2025\\\/03\\\/12\\\/suspeitos-de-matar-idosa-durante-assalto-em-jaborandi-sp-ficaram-mais-de-4-horas-dentro-da-casa\\\/#respond\"]}]},{\"@type\":\"WebPage\",\"@id\":\"https:\\\/\\\/regiaonews.net.br\\\/2022\\\/2025\\\/03\\\/12\\\/suspeitos-de-matar-idosa-durante-assalto-em-jaborandi-sp-ficaram-mais-de-4-horas-dentro-da-casa\\\/\",\"url\":\"https:\\\/\\\/regiaonews.net.br\\\/2022\\\/2025\\\/03\\\/12\\\/suspeitos-de-matar-idosa-durante-assalto-em-jaborandi-sp-ficaram-mais-de-4-horas-dentro-da-casa\\\/\",\"name\":\"Suspeitos de matar idosa durante assalto em Jaborandi, SP, ficaram mais de 4 horas dentro da casa - Regi\u00e3o News\",\"isPartOf\":{\"@id\":\"https:\\\/\\\/regiaonews.net.br\\\/2022\\\/#website\"},\"primaryImageOfPage\":{\"@id\":\"https:\\\/\\\/regiaonews.net.br\\\/2022\\\/2025\\\/03\\\/12\\\/suspeitos-de-matar-idosa-durante-assalto-em-jaborandi-sp-ficaram-mais-de-4-horas-dentro-da-casa\\\/#primaryimage\"},\"image\":{\"@id\":\"https:\\\/\\\/regiaonews.net.br\\\/2022\\\/2025\\\/03\\\/12\\\/suspeitos-de-matar-idosa-durante-assalto-em-jaborandi-sp-ficaram-mais-de-4-horas-dentro-da-casa\\\/#primaryimage\"},\"thumbnailUrl\":\"https:\\\/\\\/regiaonews.net.br\\\/2022\\\/wp-content\\\/uploads\\\/2025\\\/03\\\/Captura-de-tela-2025-03-12-154655.png\",\"datePublished\":\"2025-03-12T18:48:13+00:00\",\"breadcrumb\":{\"@id\":\"https:\\\/\\\/regiaonews.net.br\\\/2022\\\/2025\\\/03\\\/12\\\/suspeitos-de-matar-idosa-durante-assalto-em-jaborandi-sp-ficaram-mais-de-4-horas-dentro-da-casa\\\/#breadcrumb\"},\"inLanguage\":\"pt-BR\",\"potentialAction\":[{\"@type\":\"ReadAction\",\"target\":[\"https:\\\/\\\/regiaonews.net.br\\\/2022\\\/2025\\\/03\\\/12\\\/suspeitos-de-matar-idosa-durante-assalto-em-jaborandi-sp-ficaram-mais-de-4-horas-dentro-da-casa\\\/\"]}]},{\"@type\":\"ImageObject\",\"inLanguage\":\"pt-BR\",\"@id\":\"https:\\\/\\\/regiaonews.net.br\\\/2022\\\/2025\\\/03\\\/12\\\/suspeitos-de-matar-idosa-durante-assalto-em-jaborandi-sp-ficaram-mais-de-4-horas-dentro-da-casa\\\/#primaryimage\",\"url\":\"https:\\\/\\\/regiaonews.net.br\\\/2022\\\/wp-content\\\/uploads\\\/2025\\\/03\\\/Captura-de-tela-2025-03-12-154655.png\",\"contentUrl\":\"https:\\\/\\\/regiaonews.net.br\\\/2022\\\/wp-content\\\/uploads\\\/2025\\\/03\\\/Captura-de-tela-2025-03-12-154655.png\",\"width\":797,\"height\":498},{\"@type\":\"BreadcrumbList\",\"@id\":\"https:\\\/\\\/regiaonews.net.br\\\/2022\\\/2025\\\/03\\\/12\\\/suspeitos-de-matar-idosa-durante-assalto-em-jaborandi-sp-ficaram-mais-de-4-horas-dentro-da-casa\\\/#breadcrumb\",\"itemListElement\":[{\"@type\":\"ListItem\",\"position\":1,\"name\":\"In\u00edcio\",\"item\":\"https:\\\/\\\/regiaonews.net.br\\\/2022\\\/\"},{\"@type\":\"ListItem\",\"position\":2,\"name\":\"Suspeitos de matar idosa durante assalto em Jaborandi, SP, ficaram mais de 4 horas dentro da casa\"}]},{\"@type\":\"WebSite\",\"@id\":\"https:\\\/\\\/regiaonews.net.br\\\/2022\\\/#website\",\"url\":\"https:\\\/\\\/regiaonews.net.br\\\/2022\\\/\",\"name\":\"Regi\u00e3o News\",\"description\":\"Site de Not\u00edcias de Barretos e regi\u00e3o\",\"publisher\":{\"@id\":\"https:\\\/\\\/regiaonews.net.br\\\/2022\\\/#organization\"},\"potentialAction\":[{\"@type\":\"SearchAction\",\"target\":{\"@type\":\"EntryPoint\",\"urlTemplate\":\"https:\\\/\\\/regiaonews.net.br\\\/2022\\\/?s={search_term_string}\"},\"query-input\":{\"@type\":\"PropertyValueSpecification\",\"valueRequired\":true,\"valueName\":\"search_term_string\"}}],\"inLanguage\":\"pt-BR\"},{\"@type\":\"Organization\",\"@id\":\"https:\\\/\\\/regiaonews.net.br\\\/2022\\\/#organization\",\"name\":\"Regi\u00e3o News\",\"url\":\"https:\\\/\\\/regiaonews.net.br\\\/2022\\\/\",\"logo\":{\"@type\":\"ImageObject\",\"inLanguage\":\"pt-BR\",\"@id\":\"https:\\\/\\\/regiaonews.net.br\\\/2022\\\/#\\\/schema\\\/logo\\\/image\\\/\",\"url\":\"https:\\\/\\\/regiaonews.net.br\\\/2022\\\/wp-content\\\/uploads\\\/2026\\\/03\\\/regiao-13-anos-scaled.jpg\",\"contentUrl\":\"https:\\\/\\\/regiaonews.net.br\\\/2022\\\/wp-content\\\/uploads\\\/2026\\\/03\\\/regiao-13-anos-scaled.jpg\",\"width\":2560,\"height\":635,\"caption\":\"Regi\u00e3o News\"},\"image\":{\"@id\":\"https:\\\/\\\/regiaonews.net.br\\\/2022\\\/#\\\/schema\\\/logo\\\/image\\\/\"}},{\"@type\":\"Person\",\"@id\":\"https:\\\/\\\/regiaonews.net.br\\\/2022\\\/#\\\/schema\\\/person\\\/2d205a608a5aa97ac279d7a5e6d89ad8\",\"name\":\"Roberto\",\"image\":{\"@type\":\"ImageObject\",\"inLanguage\":\"pt-BR\",\"@id\":\"https:\\\/\\\/secure.gravatar.com\\\/avatar\\\/42749d8b712ff9d59ca93dc150494e5b55a44134482993f5baeb97e61b7ecc89?s=96&d=mm&r=g\",\"url\":\"https:\\\/\\\/secure.gravatar.com\\\/avatar\\\/42749d8b712ff9d59ca93dc150494e5b55a44134482993f5baeb97e61b7ecc89?s=96&d=mm&r=g\",\"contentUrl\":\"https:\\\/\\\/secure.gravatar.com\\\/avatar\\\/42749d8b712ff9d59ca93dc150494e5b55a44134482993f5baeb97e61b7ecc89?s=96&d=mm&r=g\",\"caption\":\"Roberto\"},\"url\":\"https:\\\/\\\/regiaonews.net.br\\\/2022\\\/author\\\/roberto\\\/\"}]}<\/script>\n<!-- \/ Yoast SEO plugin. -->","yoast_head_json":{"title":"Suspeitos de matar idosa durante assalto em Jaborandi, SP, ficaram mais de 4 horas dentro da casa - Regi\u00e3o News","robots":{"index":"index","follow":"follow","max-snippet":"max-snippet:-1","max-image-preview":"max-image-preview:large","max-video-preview":"max-video-preview:-1"},"canonical":"https:\/\/regiaonews.net.br\/2022\/2025\/03\/12\/suspeitos-de-matar-idosa-durante-assalto-em-jaborandi-sp-ficaram-mais-de-4-horas-dentro-da-casa\/","og_locale":"pt_BR","og_type":"article","og_title":"Suspeitos de matar idosa durante assalto em Jaborandi, SP, ficaram mais de 4 horas dentro da casa - Regi\u00e3o News","og_description":"Pol\u00edcia trabalha com a hip\u00f3tese de crime planejado e investiga","og_url":"https:\/\/regiaonews.net.br\/2022\/2025\/03\/12\/suspeitos-de-matar-idosa-durante-assalto-em-jaborandi-sp-ficaram-mais-de-4-horas-dentro-da-casa\/","og_site_name":"Regi\u00e3o News","article_published_time":"2025-03-12T18:48:13+00:00","og_image":[{"width":797,"height":498,"url":"https:\/\/regiaonews.net.br\/2022\/wp-content\/uploads\/2025\/03\/Captura-de-tela-2025-03-12-154655.png","type":"image\/png"}],"author":"Roberto","twitter_card":"summary_large_image","twitter_misc":{"Escrito por":"Roberto","Est. tempo de leitura":"2 minutos"},"schema":{"@context":"https:\/\/schema.org","@graph":[{"@type":"Article","@id":"https:\/\/regiaonews.net.br\/2022\/2025\/03\/12\/suspeitos-de-matar-idosa-durante-assalto-em-jaborandi-sp-ficaram-mais-de-4-horas-dentro-da-casa\/#article","isPartOf":{"@id":"https:\/\/regiaonews.net.br\/2022\/2025\/03\/12\/suspeitos-de-matar-idosa-durante-assalto-em-jaborandi-sp-ficaram-mais-de-4-horas-dentro-da-casa\/"},"author":{"name":"Roberto","@id":"https:\/\/regiaonews.net.br\/2022\/#\/schema\/person\/2d205a608a5aa97ac279d7a5e6d89ad8"},"headline":"Suspeitos de matar idosa durante assalto em Jaborandi, SP, ficaram mais de 4 horas dentro da casa","datePublished":"2025-03-12T18:48:13+00:00","mainEntityOfPage":{"@id":"https:\/\/regiaonews.net.br\/2022\/2025\/03\/12\/suspeitos-de-matar-idosa-durante-assalto-em-jaborandi-sp-ficaram-mais-de-4-horas-dentro-da-casa\/"},"wordCount":276,"commentCount":0,"publisher":{"@id":"https:\/\/regiaonews.net.br\/2022\/#organization"},"image":{"@id":"https:\/\/regiaonews.net.br\/2022\/2025\/03\/12\/suspeitos-de-matar-idosa-durante-assalto-em-jaborandi-sp-ficaram-mais-de-4-horas-dentro-da-casa\/#primaryimage"},"thumbnailUrl":"https:\/\/regiaonews.net.br\/2022\/wp-content\/uploads\/2025\/03\/Captura-de-tela-2025-03-12-154655.png","articleSection":["Jaborandi"],"inLanguage":"pt-BR","potentialAction":[{"@type":"CommentAction","name":"Comment","target":["https:\/\/regiaonews.net.br\/2022\/2025\/03\/12\/suspeitos-de-matar-idosa-durante-assalto-em-jaborandi-sp-ficaram-mais-de-4-horas-dentro-da-casa\/#respond"]}]},{"@type":"WebPage","@id":"https:\/\/regiaonews.net.br\/2022\/2025\/03\/12\/suspeitos-de-matar-idosa-durante-assalto-em-jaborandi-sp-ficaram-mais-de-4-horas-dentro-da-casa\/","url":"https:\/\/regiaonews.net.br\/2022\/2025\/03\/12\/suspeitos-de-matar-idosa-durante-assalto-em-jaborandi-sp-ficaram-mais-de-4-horas-dentro-da-casa\/","name":"Suspeitos de matar idosa durante assalto em Jaborandi, SP, ficaram mais de 4 horas dentro da casa - Regi\u00e3o News","isPartOf":{"@id":"https:\/\/regiaonews.net.br\/2022\/#website"},"primaryImageOfPage":{"@id":"https:\/\/regiaonews.net.br\/2022\/2025\/03\/12\/suspeitos-de-matar-idosa-durante-assalto-em-jaborandi-sp-ficaram-mais-de-4-horas-dentro-da-casa\/#primaryimage"},"image":{"@id":"https:\/\/regiaonews.net.br\/2022\/2025\/03\/12\/suspeitos-de-matar-idosa-durante-assalto-em-jaborandi-sp-ficaram-mais-de-4-horas-dentro-da-casa\/#primaryimage"},"thumbnailUrl":"https:\/\/regiaonews.net.br\/2022\/wp-content\/uploads\/2025\/03\/Captura-de-tela-2025-03-12-154655.png","datePublished":"2025-03-12T18:48:13+00:00","breadcrumb":{"@id":"https:\/\/regiaonews.net.br\/2022\/2025\/03\/12\/suspeitos-de-matar-idosa-durante-assalto-em-jaborandi-sp-ficaram-mais-de-4-horas-dentro-da-casa\/#breadcrumb"},"inLanguage":"pt-BR","potentialAction":[{"@type":"ReadAction","target":["https:\/\/regiaonews.net.br\/2022\/2025\/03\/12\/suspeitos-de-matar-idosa-durante-assalto-em-jaborandi-sp-ficaram-mais-de-4-horas-dentro-da-casa\/"]}]},{"@type":"ImageObject","inLanguage":"pt-BR","@id":"https:\/\/regiaonews.net.br\/2022\/2025\/03\/12\/suspeitos-de-matar-idosa-durante-assalto-em-jaborandi-sp-ficaram-mais-de-4-horas-dentro-da-casa\/#primaryimage","url":"https:\/\/regiaonews.net.br\/2022\/wp-content\/uploads\/2025\/03\/Captura-de-tela-2025-03-12-154655.png","contentUrl":"https:\/\/regiaonews.net.br\/2022\/wp-content\/uploads\/2025\/03\/Captura-de-tela-2025-03-12-154655.png","width":797,"height":498},{"@type":"BreadcrumbList","@id":"https:\/\/regiaonews.net.br\/2022\/2025\/03\/12\/suspeitos-de-matar-idosa-durante-assalto-em-jaborandi-sp-ficaram-mais-de-4-horas-dentro-da-casa\/#breadcrumb","itemListElement":[{"@type":"ListItem","position":1,"name":"In\u00edcio","item":"https:\/\/regiaonews.net.br\/2022\/"},{"@type":"ListItem","position":2,"name":"Suspeitos de matar idosa durante assalto em Jaborandi, SP, ficaram mais de 4 horas dentro da casa"}]},{"@type":"WebSite","@id":"https:\/\/regiaonews.net.br\/2022\/#website","url":"https:\/\/regiaonews.net.br\/2022\/","name":"Regi\u00e3o News","description":"Site de Not\u00edcias de Barretos e regi\u00e3o","publisher":{"@id":"https:\/\/regiaonews.net.br\/2022\/#organization"},"potentialAction":[{"@type":"SearchAction","target":{"@type":"EntryPoint","urlTemplate":"https:\/\/regiaonews.net.br\/2022\/?s={search_term_string}"},"query-input":{"@type":"PropertyValueSpecification","valueRequired":true,"valueName":"search_term_string"}}],"inLanguage":"pt-BR"},{"@type":"Organization","@id":"https:\/\/regiaonews.net.br\/2022\/#organization","name":"Regi\u00e3o News","url":"https:\/\/regiaonews.net.br\/2022\/","logo":{"@type":"ImageObject","inLanguage":"pt-BR","@id":"https:\/\/regiaonews.net.br\/2022\/#\/schema\/logo\/image\/","url":"https:\/\/regiaonews.net.br\/2022\/wp-content\/uploads\/2026\/03\/regiao-13-anos-scaled.jpg","contentUrl":"https:\/\/regiaonews.net.br\/2022\/wp-content\/uploads\/2026\/03\/regiao-13-anos-scaled.jpg","width":2560,"height":635,"caption":"Regi\u00e3o News"},"image":{"@id":"https:\/\/regiaonews.net.br\/2022\/#\/schema\/logo\/image\/"}},{"@type":"Person","@id":"https:\/\/regiaonews.net.br\/2022\/#\/schema\/person\/2d205a608a5aa97ac279d7a5e6d89ad8","name":"Roberto","image":{"@type":"ImageObject","inLanguage":"pt-BR","@id":"https:\/\/secure.gravatar.com\/avatar\/42749d8b712ff9d59ca93dc150494e5b55a44134482993f5baeb97e61b7ecc89?s=96&d=mm&r=g","url":"https:\/\/secure.gravatar.com\/avatar\/42749d8b712ff9d59ca93dc150494e5b55a44134482993f5baeb97e61b7ecc89?s=96&d=mm&r=g","contentUrl":"https:\/\/secure.gravatar.com\/avatar\/42749d8b712ff9d59ca93dc150494e5b55a44134482993f5baeb97e61b7ecc89?s=96&d=mm&r=g","caption":"Roberto"},"url":"https:\/\/regiaonews.net.br\/2022\/author\/roberto\/"}]}},"publishpress_future_action":{"enabled":false,"date":"2026-05-02 02:44:58","action":"change-status","newStatus":"draft","terms":[],"taxonomy":"category","extraData":[]},"publishpress_future_workflow_manual_trigger":{"enabledWorkflows":[]},"_links":{"self":[{"href":"https:\/\/regiaonews.net.br\/2022\/wp-json\/wp\/v2\/posts\/115470","targetHints":{"allow":["GET"]}}],"collection":[{"href":"https:\/\/regiaonews.net.br\/2022\/wp-json\/wp\/v2\/posts"}],"about":[{"href":"https:\/\/regiaonews.net.br\/2022\/wp-json\/wp\/v2\/types\/post"}],"author":[{"embeddable":true,"href":"https:\/\/regiaonews.net.br\/2022\/wp-json\/wp\/v2\/users\/2"}],"replies":[{"embeddable":true,"href":"https:\/\/regiaonews.net.br\/2022\/wp-json\/wp\/v2\/comments?post=115470"}],"version-history":[{"count":1,"href":"https:\/\/regiaonews.net.br\/2022\/wp-json\/wp\/v2\/posts\/115470\/revisions"}],"predecessor-version":[{"id":115472,"href":"https:\/\/regiaonews.net.br\/2022\/wp-json\/wp\/v2\/posts\/115470\/revisions\/115472"}],"wp:featuredmedia":[{"embeddable":true,"href":"https:\/\/regiaonews.net.br\/2022\/wp-json\/wp\/v2\/media\/115471"}],"wp:attachment":[{"href":"https:\/\/regiaonews.net.br\/2022\/wp-json\/wp\/v2\/media?parent=115470"}],"wp:term":[{"taxonomy":"category","embeddable":true,"href":"https:\/\/regiaonews.net.br\/2022\/wp-json\/wp\/v2\/categories?post=115470"},{"taxonomy":"post_tag","embeddable":true,"href":"https:\/\/regiaonews.net.br\/2022\/wp-json\/wp\/v2\/tags?post=115470"}],"curies":[{"name":"wp","href":"https:\/\/api.w.org\/{rel}","templated":true}]}}