{"id":115321,"date":"2025-03-06T19:36:59","date_gmt":"2025-03-06T22:36:59","guid":{"rendered":"https:\/\/regiaonews.net.br\/2022\/?p=115321"},"modified":"2025-03-06T19:36:59","modified_gmt":"2025-03-06T22:36:59","slug":"perda-auditiva-e-associada-a-declinio-cognitivo-mais-acelerado-mostra-estudo-de-sp","status":"publish","type":"post","link":"https:\/\/regiaonews.net.br\/2022\/2025\/03\/06\/perda-auditiva-e-associada-a-declinio-cognitivo-mais-acelerado-mostra-estudo-de-sp\/","title":{"rendered":"Perda auditiva \u00e9 associada a decl\u00ednio cognitivo mais acelerado, mostra estudo de SP"},"content":{"rendered":"<p>Escutar pior com o passar dos anos \u00e9 comum. A partir dos 40, por exemplo, nossa audi\u00e7\u00e3o j\u00e1 come\u00e7a a ficar menos afiada para frequ\u00eancias mais altas, que s\u00e3o os sons mais agudos. Aos 60 anos, em m\u00e9dia 12% por cento da popula\u00e7\u00e3o j\u00e1 ter\u00e1 tido uma perda importante, n\u00famero que cresce para 58% aos 90. Nem por isso a perda auditiva deve ser considerada algo trivial, j\u00e1 que \u00e9 fator de risco para outros problemas de sa\u00fade, inclusive dem\u00eancia.\u00a0<a role=\"link\" href=\"https:\/\/journals.sagepub.com\/doi\/10.1177\/13872877251315043\" target=\"_blank\" rel=\"noreferrer noopener\">Uma pesquisa<\/a>\u00a0liderada pela USP amplia com dados da popula\u00e7\u00e3o brasileira um corpo de evid\u00eancias cada vez mais forte sobre a associa\u00e7\u00e3o desta perda ao decl\u00ednio cognitivo, alertando que os sistemas de sa\u00fade precisam investir na preven\u00e7\u00e3o.<\/p>\n<p>A pesquisa foi feita com dados do Elsa-Brasil, um estudo que acompanha os participantes em diferentes momentos por v\u00e1rios anos. As avalia\u00e7\u00f5es inclu\u00edram 805 pessoas com idades iniciais de 34 a 74 anos e foram realizadas em tr\u00eas momentos ao longo de oito anos (2008\/2010, 2012\/14 e 2017\/19). Todos passaram por audiometria e tamb\u00e9m por testes de desempenho cognitivo envolvendo mem\u00f3ria, flu\u00eancia verbal e fun\u00e7\u00e3o executiva, que inclui diversos processos como o racioc\u00ednio e solu\u00e7\u00e3o de problemas. Tamb\u00e9m foram coletadas informa\u00e7\u00f5es sobre estado de sa\u00fade e vari\u00e1veis sociodemogr\u00e1ficas como idade, sexo, ra\u00e7a e educa\u00e7\u00e3o.<\/p>\n<p>Ap\u00f3s o tratamento estat\u00edstico, isolando as vari\u00e1veis de sa\u00fade e estilo de vida, os dados confirmaram que houve decl\u00ednio cognitivo global mais acentuado relacionado \u00e0 perda auditiva. Os resultados foram\u00a0<a role=\"link\" href=\"https:\/\/journals.sagepub.com\/doi\/10.1177\/13872877251315043\" target=\"_blank\" rel=\"noreferrer noopener\">publicados em artigo<\/a>\u00a0no<em>\u00a0Journal of Alzheimer\u2019s Disease<\/em>, trazendo como primeira autora a fonoaudi\u00f3loga Alessandra Samelli, professora da Faculdade de Medicina (FM) da USP.<\/p>\n<p>Alessandra destaca como um dos pontos fortes do estudo o fato de ter sido feito o chamado acompanhamento longitudinal. \u201cEsse tipo de acompanhamento ao longo do tempo gera evid\u00eancias mais robustas.\u201d Tamb\u00e9m autora do trabalho e professora da FMUSP, a m\u00e9dica Claudia Suemoto ressalta que a pesquisa, al\u00e9m de trazer dados do contexto nacional, realizou testes de audiometria, uma maneira objetiva de medir problemas de audi\u00e7\u00e3o \u2013 ao contr\u00e1rio de estudos anteriores que coletaram o dado por entrevista, ou seja, perguntando \u00e0 pessoa se ela sente que a audi\u00e7\u00e3o piorou.<\/p>\n<h2 class=\"wp-block-heading\">Redu\u00e7\u00e3o nos casos de dem\u00eancia para cada fator de risco eliminado<\/h2>\n<p><a href=\"https:\/\/regiaonews.net.br\/2022\/wp-content\/uploads\/2025\/03\/grafico_fatores_demencia_THE_LANCET_Pt.png\"><img loading=\"lazy\" decoding=\"async\" class=\"alignnone size-medium wp-image-115322\" src=\"https:\/\/regiaonews.net.br\/2022\/wp-content\/uploads\/2025\/03\/grafico_fatores_demencia_THE_LANCET_Pt-202x300.png\" alt=\"\" width=\"202\" height=\"300\" srcset=\"https:\/\/regiaonews.net.br\/2022\/wp-content\/uploads\/2025\/03\/grafico_fatores_demencia_THE_LANCET_Pt-202x300.png 202w, https:\/\/regiaonews.net.br\/2022\/wp-content\/uploads\/2025\/03\/grafico_fatores_demencia_THE_LANCET_Pt-689x1024.png 689w, https:\/\/regiaonews.net.br\/2022\/wp-content\/uploads\/2025\/03\/grafico_fatores_demencia_THE_LANCET_Pt-768x1141.png 768w, https:\/\/regiaonews.net.br\/2022\/wp-content\/uploads\/2025\/03\/grafico_fatores_demencia_THE_LANCET_Pt-1034x1536.png 1034w, https:\/\/regiaonews.net.br\/2022\/wp-content\/uploads\/2025\/03\/grafico_fatores_demencia_THE_LANCET_Pt-250x372.png 250w, https:\/\/regiaonews.net.br\/2022\/wp-content\/uploads\/2025\/03\/grafico_fatores_demencia_THE_LANCET_Pt.png 1300w\" sizes=\"auto, (max-width: 202px) 100vw, 202px\" \/><\/a><\/p>\n<p>A Comiss\u00e3o Lancet sobre preven\u00e7\u00e3o, interven\u00e7\u00e3o e tratamento da dem\u00eancia mostra os fatores de risco e indica que quase metade de todos os casos de dem\u00eancia no mundo poderiam ser prevenidos ou retardados ao controlar 14 fatores modific\u00e1veis. Gr\u00e1fico adaptado de\u00a0<em>The Lancet<\/em>, Vol. 404, No. 10452. Dispon\u00edvel em:\u00a0<a role=\"link\" href=\"https:\/\/www.thelancet.com\/infographics-do\/dementia-risk\" target=\"_blank\" rel=\"noopener\">https:\/\/www.thelancet.com\/infographics-do\/dementia-risk<\/a>.<\/p>\n<h2 class=\"wp-block-heading\">Preven\u00e7\u00e3o da perda<\/h2>\n<p>De acordo com Alessandra Samelli, os mecanismos que levam \u00e0 associa\u00e7\u00e3o entre perda auditiva e decl\u00ednio cognitivo ainda precisam ser mais bem elucidados, mas os\u00a0<a role=\"link\" href=\"https:\/\/www.thelancet.com\/commissions\/dementia-prevention-intervention-care?dgcid=tlcom_infographic_demetia-risks-24_lancet\" target=\"_blank\" rel=\"noreferrer noopener\">dados existentes<\/a>\u00a0s\u00e3o suficientes para incentivar um foco maior na preven\u00e7\u00e3o, principalmente para grupos mais vulner\u00e1veis.<\/p>\n<p>\u201cPor exemplo, algu\u00e9m que trabalhou a vida toda em ambiente com ru\u00eddo e n\u00e3o usou adequadamente os equipamentos de prote\u00e7\u00e3o auditiva, muito provavelmente vai ter uma perda auditiva maior. Uma pessoa com problemas cardiovasculares tamb\u00e9m tem maiores chances de apresentar perda auditiva, pois estas doen\u00e7as podem prejudicar o sistema auditivo, podendo resultar em uma queda maior da audi\u00e7\u00e3o. Ou algu\u00e9m que ao longo da vida usou muitos medicamentos que s\u00e3o t\u00f3xicos ao ouvido\u201d, diz ela.<\/p>\n<p>Ela acrescenta que h\u00e1bitos nocivos podem ser modificados, como utilizar fones de ouvido com som alto, o que \u00e0s vezes come\u00e7a ainda na adolesc\u00eancia. \u201cSe voc\u00ea diminui ou impede que esses fatores de risco aconte\u00e7am, pode diminuir a probabilidade de a pessoa ter o decl\u00ednio cognitivo\u201d, completa a fonoaudi\u00f3loga.<\/p>\n<p><strong>LEIA TAMB\u00c9M:\u00a0<a role=\"link\" href=\"https:\/\/www.agenciasp.sp.gov.br\/aplicativo-timbrasom-pode-ajudar-deficientes-auditivos-a-consumir-musica\/\">Aplicativo pode ajudar deficientes auditivos a consumir m\u00fasica<\/a><\/strong><\/p>\n<p>Claudia Suemoto \u00e9 outra a bater na tecla da preven\u00e7\u00e3o e lembra que os estudos t\u00eam mostrado que a perda auditiva mais importante para o decl\u00ednio cognitivo \u00e9 a que ocorre na meia-idade, dos 40 aos 65.<\/p>\n<p>\u201cA perda numa pessoa de 70 ou 80 anos tamb\u00e9m \u00e9 importante, claro. Mas dados consistentes de estudos pr\u00e9vios apontam que realmente a meia-idade seria uma janela importante, ou seja, o que poderia influenciar mais o decl\u00ednio cognitivo \u00e9 voc\u00ea ter come\u00e7ado a perder a audi\u00e7\u00e3o na meia-idade, e n\u00e3o a perda que voc\u00ea j\u00e1 teve l\u00e1 na frente.\u201d Para ela, colocar o aparelho auditivo nos idosos, apesar de importante por outros aspectos,\u00a0<a role=\"link\" href=\"https:\/\/www.thelancet.com\/journals\/lancet\/article\/PIIS0140-6736(23)01406-X\/fulltext\" target=\"_blank\" rel=\"noreferrer noopener\">talvez n\u00e3o seja um meio t\u00e3o eficaz\u00a0<\/a>de prevenir a perda cognitiva.<\/p>\n<h2 class=\"wp-block-heading\">Menos\u00a0<em>input<\/em>\u00a0e mais isolamento<\/h2>\n<p>Uma das hip\u00f3teses mais aceitas sobre porque a perda auditiva influencia na perda cognitiva \u00e9 a diminui\u00e7\u00e3o de est\u00edmulos ao c\u00e9rebro. \u201cVoc\u00ea pode pensar no c\u00e9rebro como um computador que tem suas fontes de entrada, ou\u00a0<em>input<\/em>. No computador s\u00e3o o teclado, a c\u00e2mera, o microfone. E o c\u00e9rebro tem suas fontes de entrada de est\u00edmulos: auditivo, visual, t\u00e1til. Ent\u00e3o quando voc\u00ea tira uma fonte, principalmente a auditiva, acaba estimulando menos o c\u00e9rebro e isso \u00e9 um problema\u201d, diz a m\u00e9dica.<\/p>\n<p>\u201cPrimeiro, h\u00e1 menos coisa chegando fazendo com que seu c\u00e9rebro trabalhe, acione a comunica\u00e7\u00e3o entre os neur\u00f4nios. Temos estudos com resson\u00e2ncia magn\u00e9tica funcional mostrando que a pessoa que ouve menos tem \u00e1reas mais dormentes, menos ativas no c\u00e9rebro, como a da linguagem.\u201d<\/p>\n<p><strong>LEIA TAMB\u00c9M:\u00a0<a role=\"link\" href=\"https:\/\/www.agenciasp.sp.gov.br\/sao-paulo-sao-libras-governo-de-sp-e-justica-federal-firmam-parceria-para-ampliar-acessibilidade\/\">S\u00e3o Paulo S\u00e3o Libras: Governo de SP e Justi\u00e7a Federal firmam parceria para ampliar acessibilidade<\/a><\/strong><\/p>\n<p>Al\u00e9m disso, explica Claudia, \u201csecundariamente, a pessoa que ouve menos tende a se isolar, a interagir menos. Consequentemente a pessoa \u00e9 menos requisitada, ela se expressa menos, porque n\u00e3o \u00e9 capaz de entender ou funcionar num n\u00edvel esperado em termos auditivos\u201d.<\/p>\n<h2 class=\"wp-block-heading\">Perda cognitiva: outros fatores<\/h2>\n<p>Especialista em envelhecimento cerebral, Claudia Suemoto conta que os dados do Elsa t\u00eam sido \u00fateis para v\u00e1rios estudos que investigam fatores associados ao desenvolvimento das dem\u00eancias.<\/p>\n<p>\u201cJ\u00e1 fizemos v\u00e1rios estudos sobre dieta, relacionando, por exemplo, o consumo de ultraprocessados \u00e0 perda cognitiva e tamb\u00e9m \u00e0 depress\u00e3o. E mostramos ainda em dois trabalhos a associa\u00e7\u00e3o de problemas cardiovasculares, como aterosclerose, ao decl\u00ednio cognitivo, al\u00e9m de fazer outras pesquisas com dados do Elsa que n\u00e3o se referem ao aspecto cognitivo.<\/p>\n","protected":false},"excerpt":{"rendered":"<p>Escutar pior com o passar dos anos \u00e9 comum. A<\/p>\n","protected":false},"author":2,"featured_media":115323,"comment_status":"open","ping_status":"open","sticky":false,"template":"","format":"standard","meta":{"footnotes":""},"categories":[25,7],"tags":[],"class_list":["post-115321","post","type-post","status-publish","format-standard","has-post-thumbnail","hentry","category-cidades","category-estado-de-sao-paulo"],"yoast_head":"<!-- This site is optimized with the Yoast SEO plugin v27.4 - https:\/\/yoast.com\/product\/yoast-seo-wordpress\/ -->\n<title>Perda auditiva \u00e9 associada a decl\u00ednio cognitivo mais acelerado, mostra estudo de SP - Regi\u00e3o News<\/title>\n<meta name=\"robots\" content=\"index, follow, max-snippet:-1, max-image-preview:large, max-video-preview:-1\" \/>\n<link rel=\"canonical\" href=\"https:\/\/regiaonews.net.br\/2022\/2025\/03\/06\/perda-auditiva-e-associada-a-declinio-cognitivo-mais-acelerado-mostra-estudo-de-sp\/\" \/>\n<meta property=\"og:locale\" content=\"pt_BR\" \/>\n<meta property=\"og:type\" content=\"article\" \/>\n<meta property=\"og:title\" content=\"Perda auditiva \u00e9 associada a decl\u00ednio cognitivo mais acelerado, mostra estudo de SP - Regi\u00e3o News\" \/>\n<meta property=\"og:description\" content=\"Escutar pior com o passar dos anos \u00e9 comum. A\" \/>\n<meta property=\"og:url\" content=\"https:\/\/regiaonews.net.br\/2022\/2025\/03\/06\/perda-auditiva-e-associada-a-declinio-cognitivo-mais-acelerado-mostra-estudo-de-sp\/\" \/>\n<meta property=\"og:site_name\" content=\"Regi\u00e3o News\" \/>\n<meta property=\"article:published_time\" content=\"2025-03-06T22:36:59+00:00\" \/>\n<meta property=\"og:image\" content=\"https:\/\/regiaonews.net.br\/2022\/wp-content\/uploads\/2025\/03\/ouvido-orelha-ouvindo-1024x673-1.png\" \/>\n\t<meta property=\"og:image:width\" content=\"1024\" \/>\n\t<meta property=\"og:image:height\" content=\"673\" \/>\n\t<meta property=\"og:image:type\" content=\"image\/png\" \/>\n<meta name=\"author\" content=\"Roberto\" \/>\n<meta name=\"twitter:card\" content=\"summary_large_image\" \/>\n<meta name=\"twitter:label1\" content=\"Escrito por\" \/>\n\t<meta name=\"twitter:data1\" content=\"Roberto\" \/>\n\t<meta name=\"twitter:label2\" content=\"Est. tempo de leitura\" \/>\n\t<meta name=\"twitter:data2\" content=\"6 minutos\" \/>\n<script type=\"application\/ld+json\" class=\"yoast-schema-graph\">{\"@context\":\"https:\\\/\\\/schema.org\",\"@graph\":[{\"@type\":\"Article\",\"@id\":\"https:\\\/\\\/regiaonews.net.br\\\/2022\\\/2025\\\/03\\\/06\\\/perda-auditiva-e-associada-a-declinio-cognitivo-mais-acelerado-mostra-estudo-de-sp\\\/#article\",\"isPartOf\":{\"@id\":\"https:\\\/\\\/regiaonews.net.br\\\/2022\\\/2025\\\/03\\\/06\\\/perda-auditiva-e-associada-a-declinio-cognitivo-mais-acelerado-mostra-estudo-de-sp\\\/\"},\"author\":{\"name\":\"Roberto\",\"@id\":\"https:\\\/\\\/regiaonews.net.br\\\/2022\\\/#\\\/schema\\\/person\\\/2d205a608a5aa97ac279d7a5e6d89ad8\"},\"headline\":\"Perda auditiva \u00e9 associada a decl\u00ednio cognitivo mais acelerado, mostra estudo de SP\",\"datePublished\":\"2025-03-06T22:36:59+00:00\",\"mainEntityOfPage\":{\"@id\":\"https:\\\/\\\/regiaonews.net.br\\\/2022\\\/2025\\\/03\\\/06\\\/perda-auditiva-e-associada-a-declinio-cognitivo-mais-acelerado-mostra-estudo-de-sp\\\/\"},\"wordCount\":1095,\"commentCount\":0,\"publisher\":{\"@id\":\"https:\\\/\\\/regiaonews.net.br\\\/2022\\\/#organization\"},\"image\":{\"@id\":\"https:\\\/\\\/regiaonews.net.br\\\/2022\\\/2025\\\/03\\\/06\\\/perda-auditiva-e-associada-a-declinio-cognitivo-mais-acelerado-mostra-estudo-de-sp\\\/#primaryimage\"},\"thumbnailUrl\":\"https:\\\/\\\/regiaonews.net.br\\\/2022\\\/wp-content\\\/uploads\\\/2025\\\/03\\\/ouvido-orelha-ouvindo-1024x673-1.png\",\"articleSection\":[\"Cidades\",\"Estado de S\u00e3o Paulo\"],\"inLanguage\":\"pt-BR\",\"potentialAction\":[{\"@type\":\"CommentAction\",\"name\":\"Comment\",\"target\":[\"https:\\\/\\\/regiaonews.net.br\\\/2022\\\/2025\\\/03\\\/06\\\/perda-auditiva-e-associada-a-declinio-cognitivo-mais-acelerado-mostra-estudo-de-sp\\\/#respond\"]}]},{\"@type\":\"WebPage\",\"@id\":\"https:\\\/\\\/regiaonews.net.br\\\/2022\\\/2025\\\/03\\\/06\\\/perda-auditiva-e-associada-a-declinio-cognitivo-mais-acelerado-mostra-estudo-de-sp\\\/\",\"url\":\"https:\\\/\\\/regiaonews.net.br\\\/2022\\\/2025\\\/03\\\/06\\\/perda-auditiva-e-associada-a-declinio-cognitivo-mais-acelerado-mostra-estudo-de-sp\\\/\",\"name\":\"Perda auditiva \u00e9 associada a decl\u00ednio cognitivo mais acelerado, mostra estudo de SP - Regi\u00e3o News\",\"isPartOf\":{\"@id\":\"https:\\\/\\\/regiaonews.net.br\\\/2022\\\/#website\"},\"primaryImageOfPage\":{\"@id\":\"https:\\\/\\\/regiaonews.net.br\\\/2022\\\/2025\\\/03\\\/06\\\/perda-auditiva-e-associada-a-declinio-cognitivo-mais-acelerado-mostra-estudo-de-sp\\\/#primaryimage\"},\"image\":{\"@id\":\"https:\\\/\\\/regiaonews.net.br\\\/2022\\\/2025\\\/03\\\/06\\\/perda-auditiva-e-associada-a-declinio-cognitivo-mais-acelerado-mostra-estudo-de-sp\\\/#primaryimage\"},\"thumbnailUrl\":\"https:\\\/\\\/regiaonews.net.br\\\/2022\\\/wp-content\\\/uploads\\\/2025\\\/03\\\/ouvido-orelha-ouvindo-1024x673-1.png\",\"datePublished\":\"2025-03-06T22:36:59+00:00\",\"breadcrumb\":{\"@id\":\"https:\\\/\\\/regiaonews.net.br\\\/2022\\\/2025\\\/03\\\/06\\\/perda-auditiva-e-associada-a-declinio-cognitivo-mais-acelerado-mostra-estudo-de-sp\\\/#breadcrumb\"},\"inLanguage\":\"pt-BR\",\"potentialAction\":[{\"@type\":\"ReadAction\",\"target\":[\"https:\\\/\\\/regiaonews.net.br\\\/2022\\\/2025\\\/03\\\/06\\\/perda-auditiva-e-associada-a-declinio-cognitivo-mais-acelerado-mostra-estudo-de-sp\\\/\"]}]},{\"@type\":\"ImageObject\",\"inLanguage\":\"pt-BR\",\"@id\":\"https:\\\/\\\/regiaonews.net.br\\\/2022\\\/2025\\\/03\\\/06\\\/perda-auditiva-e-associada-a-declinio-cognitivo-mais-acelerado-mostra-estudo-de-sp\\\/#primaryimage\",\"url\":\"https:\\\/\\\/regiaonews.net.br\\\/2022\\\/wp-content\\\/uploads\\\/2025\\\/03\\\/ouvido-orelha-ouvindo-1024x673-1.png\",\"contentUrl\":\"https:\\\/\\\/regiaonews.net.br\\\/2022\\\/wp-content\\\/uploads\\\/2025\\\/03\\\/ouvido-orelha-ouvindo-1024x673-1.png\",\"width\":1024,\"height\":673},{\"@type\":\"BreadcrumbList\",\"@id\":\"https:\\\/\\\/regiaonews.net.br\\\/2022\\\/2025\\\/03\\\/06\\\/perda-auditiva-e-associada-a-declinio-cognitivo-mais-acelerado-mostra-estudo-de-sp\\\/#breadcrumb\",\"itemListElement\":[{\"@type\":\"ListItem\",\"position\":1,\"name\":\"In\u00edcio\",\"item\":\"https:\\\/\\\/regiaonews.net.br\\\/2022\\\/\"},{\"@type\":\"ListItem\",\"position\":2,\"name\":\"Perda auditiva \u00e9 associada a decl\u00ednio cognitivo mais acelerado, mostra estudo de SP\"}]},{\"@type\":\"WebSite\",\"@id\":\"https:\\\/\\\/regiaonews.net.br\\\/2022\\\/#website\",\"url\":\"https:\\\/\\\/regiaonews.net.br\\\/2022\\\/\",\"name\":\"Regi\u00e3o News\",\"description\":\"Site de Not\u00edcias de Barretos e regi\u00e3o\",\"publisher\":{\"@id\":\"https:\\\/\\\/regiaonews.net.br\\\/2022\\\/#organization\"},\"potentialAction\":[{\"@type\":\"SearchAction\",\"target\":{\"@type\":\"EntryPoint\",\"urlTemplate\":\"https:\\\/\\\/regiaonews.net.br\\\/2022\\\/?s={search_term_string}\"},\"query-input\":{\"@type\":\"PropertyValueSpecification\",\"valueRequired\":true,\"valueName\":\"search_term_string\"}}],\"inLanguage\":\"pt-BR\"},{\"@type\":\"Organization\",\"@id\":\"https:\\\/\\\/regiaonews.net.br\\\/2022\\\/#organization\",\"name\":\"Regi\u00e3o News\",\"url\":\"https:\\\/\\\/regiaonews.net.br\\\/2022\\\/\",\"logo\":{\"@type\":\"ImageObject\",\"inLanguage\":\"pt-BR\",\"@id\":\"https:\\\/\\\/regiaonews.net.br\\\/2022\\\/#\\\/schema\\\/logo\\\/image\\\/\",\"url\":\"https:\\\/\\\/regiaonews.net.br\\\/2022\\\/wp-content\\\/uploads\\\/2026\\\/03\\\/regiao-13-anos-scaled.jpg\",\"contentUrl\":\"https:\\\/\\\/regiaonews.net.br\\\/2022\\\/wp-content\\\/uploads\\\/2026\\\/03\\\/regiao-13-anos-scaled.jpg\",\"width\":2560,\"height\":635,\"caption\":\"Regi\u00e3o News\"},\"image\":{\"@id\":\"https:\\\/\\\/regiaonews.net.br\\\/2022\\\/#\\\/schema\\\/logo\\\/image\\\/\"}},{\"@type\":\"Person\",\"@id\":\"https:\\\/\\\/regiaonews.net.br\\\/2022\\\/#\\\/schema\\\/person\\\/2d205a608a5aa97ac279d7a5e6d89ad8\",\"name\":\"Roberto\",\"image\":{\"@type\":\"ImageObject\",\"inLanguage\":\"pt-BR\",\"@id\":\"https:\\\/\\\/secure.gravatar.com\\\/avatar\\\/42749d8b712ff9d59ca93dc150494e5b55a44134482993f5baeb97e61b7ecc89?s=96&d=mm&r=g\",\"url\":\"https:\\\/\\\/secure.gravatar.com\\\/avatar\\\/42749d8b712ff9d59ca93dc150494e5b55a44134482993f5baeb97e61b7ecc89?s=96&d=mm&r=g\",\"contentUrl\":\"https:\\\/\\\/secure.gravatar.com\\\/avatar\\\/42749d8b712ff9d59ca93dc150494e5b55a44134482993f5baeb97e61b7ecc89?s=96&d=mm&r=g\",\"caption\":\"Roberto\"},\"url\":\"https:\\\/\\\/regiaonews.net.br\\\/2022\\\/author\\\/roberto\\\/\"}]}<\/script>\n<!-- \/ Yoast SEO plugin. -->","yoast_head_json":{"title":"Perda auditiva \u00e9 associada a decl\u00ednio cognitivo mais acelerado, mostra estudo de SP - Regi\u00e3o News","robots":{"index":"index","follow":"follow","max-snippet":"max-snippet:-1","max-image-preview":"max-image-preview:large","max-video-preview":"max-video-preview:-1"},"canonical":"https:\/\/regiaonews.net.br\/2022\/2025\/03\/06\/perda-auditiva-e-associada-a-declinio-cognitivo-mais-acelerado-mostra-estudo-de-sp\/","og_locale":"pt_BR","og_type":"article","og_title":"Perda auditiva \u00e9 associada a decl\u00ednio cognitivo mais acelerado, mostra estudo de SP - Regi\u00e3o News","og_description":"Escutar pior com o passar dos anos \u00e9 comum. A","og_url":"https:\/\/regiaonews.net.br\/2022\/2025\/03\/06\/perda-auditiva-e-associada-a-declinio-cognitivo-mais-acelerado-mostra-estudo-de-sp\/","og_site_name":"Regi\u00e3o News","article_published_time":"2025-03-06T22:36:59+00:00","og_image":[{"width":1024,"height":673,"url":"https:\/\/regiaonews.net.br\/2022\/wp-content\/uploads\/2025\/03\/ouvido-orelha-ouvindo-1024x673-1.png","type":"image\/png"}],"author":"Roberto","twitter_card":"summary_large_image","twitter_misc":{"Escrito por":"Roberto","Est. tempo de leitura":"6 minutos"},"schema":{"@context":"https:\/\/schema.org","@graph":[{"@type":"Article","@id":"https:\/\/regiaonews.net.br\/2022\/2025\/03\/06\/perda-auditiva-e-associada-a-declinio-cognitivo-mais-acelerado-mostra-estudo-de-sp\/#article","isPartOf":{"@id":"https:\/\/regiaonews.net.br\/2022\/2025\/03\/06\/perda-auditiva-e-associada-a-declinio-cognitivo-mais-acelerado-mostra-estudo-de-sp\/"},"author":{"name":"Roberto","@id":"https:\/\/regiaonews.net.br\/2022\/#\/schema\/person\/2d205a608a5aa97ac279d7a5e6d89ad8"},"headline":"Perda auditiva \u00e9 associada a decl\u00ednio cognitivo mais acelerado, mostra estudo de SP","datePublished":"2025-03-06T22:36:59+00:00","mainEntityOfPage":{"@id":"https:\/\/regiaonews.net.br\/2022\/2025\/03\/06\/perda-auditiva-e-associada-a-declinio-cognitivo-mais-acelerado-mostra-estudo-de-sp\/"},"wordCount":1095,"commentCount":0,"publisher":{"@id":"https:\/\/regiaonews.net.br\/2022\/#organization"},"image":{"@id":"https:\/\/regiaonews.net.br\/2022\/2025\/03\/06\/perda-auditiva-e-associada-a-declinio-cognitivo-mais-acelerado-mostra-estudo-de-sp\/#primaryimage"},"thumbnailUrl":"https:\/\/regiaonews.net.br\/2022\/wp-content\/uploads\/2025\/03\/ouvido-orelha-ouvindo-1024x673-1.png","articleSection":["Cidades","Estado de S\u00e3o Paulo"],"inLanguage":"pt-BR","potentialAction":[{"@type":"CommentAction","name":"Comment","target":["https:\/\/regiaonews.net.br\/2022\/2025\/03\/06\/perda-auditiva-e-associada-a-declinio-cognitivo-mais-acelerado-mostra-estudo-de-sp\/#respond"]}]},{"@type":"WebPage","@id":"https:\/\/regiaonews.net.br\/2022\/2025\/03\/06\/perda-auditiva-e-associada-a-declinio-cognitivo-mais-acelerado-mostra-estudo-de-sp\/","url":"https:\/\/regiaonews.net.br\/2022\/2025\/03\/06\/perda-auditiva-e-associada-a-declinio-cognitivo-mais-acelerado-mostra-estudo-de-sp\/","name":"Perda auditiva \u00e9 associada a decl\u00ednio cognitivo mais acelerado, mostra estudo de SP - Regi\u00e3o News","isPartOf":{"@id":"https:\/\/regiaonews.net.br\/2022\/#website"},"primaryImageOfPage":{"@id":"https:\/\/regiaonews.net.br\/2022\/2025\/03\/06\/perda-auditiva-e-associada-a-declinio-cognitivo-mais-acelerado-mostra-estudo-de-sp\/#primaryimage"},"image":{"@id":"https:\/\/regiaonews.net.br\/2022\/2025\/03\/06\/perda-auditiva-e-associada-a-declinio-cognitivo-mais-acelerado-mostra-estudo-de-sp\/#primaryimage"},"thumbnailUrl":"https:\/\/regiaonews.net.br\/2022\/wp-content\/uploads\/2025\/03\/ouvido-orelha-ouvindo-1024x673-1.png","datePublished":"2025-03-06T22:36:59+00:00","breadcrumb":{"@id":"https:\/\/regiaonews.net.br\/2022\/2025\/03\/06\/perda-auditiva-e-associada-a-declinio-cognitivo-mais-acelerado-mostra-estudo-de-sp\/#breadcrumb"},"inLanguage":"pt-BR","potentialAction":[{"@type":"ReadAction","target":["https:\/\/regiaonews.net.br\/2022\/2025\/03\/06\/perda-auditiva-e-associada-a-declinio-cognitivo-mais-acelerado-mostra-estudo-de-sp\/"]}]},{"@type":"ImageObject","inLanguage":"pt-BR","@id":"https:\/\/regiaonews.net.br\/2022\/2025\/03\/06\/perda-auditiva-e-associada-a-declinio-cognitivo-mais-acelerado-mostra-estudo-de-sp\/#primaryimage","url":"https:\/\/regiaonews.net.br\/2022\/wp-content\/uploads\/2025\/03\/ouvido-orelha-ouvindo-1024x673-1.png","contentUrl":"https:\/\/regiaonews.net.br\/2022\/wp-content\/uploads\/2025\/03\/ouvido-orelha-ouvindo-1024x673-1.png","width":1024,"height":673},{"@type":"BreadcrumbList","@id":"https:\/\/regiaonews.net.br\/2022\/2025\/03\/06\/perda-auditiva-e-associada-a-declinio-cognitivo-mais-acelerado-mostra-estudo-de-sp\/#breadcrumb","itemListElement":[{"@type":"ListItem","position":1,"name":"In\u00edcio","item":"https:\/\/regiaonews.net.br\/2022\/"},{"@type":"ListItem","position":2,"name":"Perda auditiva \u00e9 associada a decl\u00ednio cognitivo mais acelerado, mostra estudo de SP"}]},{"@type":"WebSite","@id":"https:\/\/regiaonews.net.br\/2022\/#website","url":"https:\/\/regiaonews.net.br\/2022\/","name":"Regi\u00e3o News","description":"Site de Not\u00edcias de Barretos e regi\u00e3o","publisher":{"@id":"https:\/\/regiaonews.net.br\/2022\/#organization"},"potentialAction":[{"@type":"SearchAction","target":{"@type":"EntryPoint","urlTemplate":"https:\/\/regiaonews.net.br\/2022\/?s={search_term_string}"},"query-input":{"@type":"PropertyValueSpecification","valueRequired":true,"valueName":"search_term_string"}}],"inLanguage":"pt-BR"},{"@type":"Organization","@id":"https:\/\/regiaonews.net.br\/2022\/#organization","name":"Regi\u00e3o News","url":"https:\/\/regiaonews.net.br\/2022\/","logo":{"@type":"ImageObject","inLanguage":"pt-BR","@id":"https:\/\/regiaonews.net.br\/2022\/#\/schema\/logo\/image\/","url":"https:\/\/regiaonews.net.br\/2022\/wp-content\/uploads\/2026\/03\/regiao-13-anos-scaled.jpg","contentUrl":"https:\/\/regiaonews.net.br\/2022\/wp-content\/uploads\/2026\/03\/regiao-13-anos-scaled.jpg","width":2560,"height":635,"caption":"Regi\u00e3o News"},"image":{"@id":"https:\/\/regiaonews.net.br\/2022\/#\/schema\/logo\/image\/"}},{"@type":"Person","@id":"https:\/\/regiaonews.net.br\/2022\/#\/schema\/person\/2d205a608a5aa97ac279d7a5e6d89ad8","name":"Roberto","image":{"@type":"ImageObject","inLanguage":"pt-BR","@id":"https:\/\/secure.gravatar.com\/avatar\/42749d8b712ff9d59ca93dc150494e5b55a44134482993f5baeb97e61b7ecc89?s=96&d=mm&r=g","url":"https:\/\/secure.gravatar.com\/avatar\/42749d8b712ff9d59ca93dc150494e5b55a44134482993f5baeb97e61b7ecc89?s=96&d=mm&r=g","contentUrl":"https:\/\/secure.gravatar.com\/avatar\/42749d8b712ff9d59ca93dc150494e5b55a44134482993f5baeb97e61b7ecc89?s=96&d=mm&r=g","caption":"Roberto"},"url":"https:\/\/regiaonews.net.br\/2022\/author\/roberto\/"}]}},"publishpress_future_action":{"enabled":false,"date":"2026-05-02 03:47:05","action":"change-status","newStatus":"draft","terms":[],"taxonomy":"category","extraData":[]},"publishpress_future_workflow_manual_trigger":{"enabledWorkflows":[]},"_links":{"self":[{"href":"https:\/\/regiaonews.net.br\/2022\/wp-json\/wp\/v2\/posts\/115321","targetHints":{"allow":["GET"]}}],"collection":[{"href":"https:\/\/regiaonews.net.br\/2022\/wp-json\/wp\/v2\/posts"}],"about":[{"href":"https:\/\/regiaonews.net.br\/2022\/wp-json\/wp\/v2\/types\/post"}],"author":[{"embeddable":true,"href":"https:\/\/regiaonews.net.br\/2022\/wp-json\/wp\/v2\/users\/2"}],"replies":[{"embeddable":true,"href":"https:\/\/regiaonews.net.br\/2022\/wp-json\/wp\/v2\/comments?post=115321"}],"version-history":[{"count":1,"href":"https:\/\/regiaonews.net.br\/2022\/wp-json\/wp\/v2\/posts\/115321\/revisions"}],"predecessor-version":[{"id":115324,"href":"https:\/\/regiaonews.net.br\/2022\/wp-json\/wp\/v2\/posts\/115321\/revisions\/115324"}],"wp:featuredmedia":[{"embeddable":true,"href":"https:\/\/regiaonews.net.br\/2022\/wp-json\/wp\/v2\/media\/115323"}],"wp:attachment":[{"href":"https:\/\/regiaonews.net.br\/2022\/wp-json\/wp\/v2\/media?parent=115321"}],"wp:term":[{"taxonomy":"category","embeddable":true,"href":"https:\/\/regiaonews.net.br\/2022\/wp-json\/wp\/v2\/categories?post=115321"},{"taxonomy":"post_tag","embeddable":true,"href":"https:\/\/regiaonews.net.br\/2022\/wp-json\/wp\/v2\/tags?post=115321"}],"curies":[{"name":"wp","href":"https:\/\/api.w.org\/{rel}","templated":true}]}}