{"id":115311,"date":"2025-03-06T17:10:42","date_gmt":"2025-03-06T20:10:42","guid":{"rendered":"https:\/\/regiaonews.net.br\/2022\/?p=115311"},"modified":"2025-03-06T17:10:42","modified_gmt":"2025-03-06T20:10:42","slug":"suspeito-de-tentativa-de-homicido-em-guaira-e-preso-apos-atuacao-das-policias","status":"publish","type":"post","link":"https:\/\/regiaonews.net.br\/2022\/2025\/03\/06\/suspeito-de-tentativa-de-homicido-em-guaira-e-preso-apos-atuacao-das-policias\/","title":{"rendered":"Suspeito de Tentativa de Hom\u00edcido em Gua\u00edra \u00e9 preso ap\u00f3s atua\u00e7\u00e3o das policias"},"content":{"rendered":"<p>A Pol\u00edcia Civil do Estado de S\u00e3o Paulo informa que na noite de quarta-feira (05\/03\/2025), a Pol\u00edcia Militar capturou o indiv\u00edduo investigado por tentativa de homic\u00eddio ocorrida no munic\u00edpio de Gua\u00edra no \u00faltimo dia 24 de fevereiro.<\/p>\n<p>A pris\u00e3o foi resultado de um trabalho conjunto entre a Pol\u00edcia Civil e a Pol\u00edcia Militar, ap\u00f3s intenso compartilhamento de informa\u00e7\u00f5es entre as institui\u00e7\u00f5es. Os mandados de pris\u00e3o tempor\u00e1ria e de busca e apreens\u00e3o foram expedidos pela Justi\u00e7a a partir de representa\u00e7\u00e3o feita pela Delegacia de Pol\u00edcia do Munic\u00edpio de Gua\u00edra.<\/p>\n<p>O crime aconteceu na madrugada do dia 24\/02\/2025, quando o investigado efetuou disparos de arma de fogo contra a v\u00edtima em uma resid\u00eancia no bairro Vila Nossa Senhora Aparecida, causando-lhe ferimentos no ombro direito, bra\u00e7o esquerdo e costas, inclusive com proj\u00e9til alojado no corpo.<\/p>\n<p>O autor j\u00e1 possui extensa ficha criminal, incluindo condena\u00e7\u00e3o anterior por tentativa de homic\u00eddio qualificado. Na data de hoje, os policiais civis tamb\u00e9m efetuaram buscas na casa do investigado. As investiga\u00e7\u00f5es prosseguem para se apurar todas as circunst\u00e2ncias da tentativa\u00a0de\u00a0homic\u00eddio.<\/p>\n","protected":false},"excerpt":{"rendered":"<p>A Pol\u00edcia Civil do Estado de S\u00e3o Paulo informa que<\/p>\n","protected":false},"author":2,"featured_media":87970,"comment_status":"open","ping_status":"open","sticky":false,"template":"","format":"standard","meta":{"footnotes":""},"categories":[8,23],"tags":[],"class_list":["post-115311","post","type-post","status-publish","format-standard","has-post-thumbnail","hentry","category-guaira","category-policia"],"yoast_head":"<!-- This site is optimized with the Yoast SEO plugin v27.4 - https:\/\/yoast.com\/product\/yoast-seo-wordpress\/ -->\n<title>Suspeito de Tentativa de Hom\u00edcido em Gua\u00edra \u00e9 preso ap\u00f3s atua\u00e7\u00e3o das policias - Regi\u00e3o News<\/title>\n<meta name=\"robots\" content=\"index, follow, max-snippet:-1, max-image-preview:large, max-video-preview:-1\" \/>\n<link rel=\"canonical\" href=\"https:\/\/regiaonews.net.br\/2022\/2025\/03\/06\/suspeito-de-tentativa-de-homicido-em-guaira-e-preso-apos-atuacao-das-policias\/\" \/>\n<meta property=\"og:locale\" content=\"pt_BR\" \/>\n<meta property=\"og:type\" content=\"article\" \/>\n<meta property=\"og:title\" content=\"Suspeito de Tentativa de Hom\u00edcido em Gua\u00edra \u00e9 preso ap\u00f3s atua\u00e7\u00e3o das policias - Regi\u00e3o News\" \/>\n<meta property=\"og:description\" content=\"A Pol\u00edcia Civil do Estado de S\u00e3o Paulo informa que\" \/>\n<meta property=\"og:url\" content=\"https:\/\/regiaonews.net.br\/2022\/2025\/03\/06\/suspeito-de-tentativa-de-homicido-em-guaira-e-preso-apos-atuacao-das-policias\/\" \/>\n<meta property=\"og:site_name\" content=\"Regi\u00e3o News\" \/>\n<meta property=\"article:published_time\" content=\"2025-03-06T20:10:42+00:00\" \/>\n<meta property=\"og:image\" content=\"https:\/\/regiaonews.net.br\/2022\/wp-content\/uploads\/2023\/05\/Policia-Civil-Guaira.jpeg\" \/>\n\t<meta property=\"og:image:width\" content=\"1600\" \/>\n\t<meta property=\"og:image:height\" content=\"1201\" \/>\n\t<meta property=\"og:image:type\" content=\"image\/jpeg\" \/>\n<meta name=\"author\" content=\"Roberto\" \/>\n<meta name=\"twitter:card\" content=\"summary_large_image\" \/>\n<meta name=\"twitter:label1\" content=\"Escrito por\" \/>\n\t<meta name=\"twitter:data1\" content=\"Roberto\" \/>\n\t<meta name=\"twitter:label2\" content=\"Est. tempo de leitura\" \/>\n\t<meta name=\"twitter:data2\" content=\"2 minutos\" \/>\n<script type=\"application\/ld+json\" class=\"yoast-schema-graph\">{\"@context\":\"https:\\\/\\\/schema.org\",\"@graph\":[{\"@type\":\"Article\",\"@id\":\"https:\\\/\\\/regiaonews.net.br\\\/2022\\\/2025\\\/03\\\/06\\\/suspeito-de-tentativa-de-homicido-em-guaira-e-preso-apos-atuacao-das-policias\\\/#article\",\"isPartOf\":{\"@id\":\"https:\\\/\\\/regiaonews.net.br\\\/2022\\\/2025\\\/03\\\/06\\\/suspeito-de-tentativa-de-homicido-em-guaira-e-preso-apos-atuacao-das-policias\\\/\"},\"author\":{\"name\":\"Roberto\",\"@id\":\"https:\\\/\\\/regiaonews.net.br\\\/2022\\\/#\\\/schema\\\/person\\\/2d205a608a5aa97ac279d7a5e6d89ad8\"},\"headline\":\"Suspeito de Tentativa de Hom\u00edcido em Gua\u00edra \u00e9 preso ap\u00f3s atua\u00e7\u00e3o das policias\",\"datePublished\":\"2025-03-06T20:10:42+00:00\",\"mainEntityOfPage\":{\"@id\":\"https:\\\/\\\/regiaonews.net.br\\\/2022\\\/2025\\\/03\\\/06\\\/suspeito-de-tentativa-de-homicido-em-guaira-e-preso-apos-atuacao-das-policias\\\/\"},\"wordCount\":218,\"commentCount\":0,\"publisher\":{\"@id\":\"https:\\\/\\\/regiaonews.net.br\\\/2022\\\/#organization\"},\"image\":{\"@id\":\"https:\\\/\\\/regiaonews.net.br\\\/2022\\\/2025\\\/03\\\/06\\\/suspeito-de-tentativa-de-homicido-em-guaira-e-preso-apos-atuacao-das-policias\\\/#primaryimage\"},\"thumbnailUrl\":\"https:\\\/\\\/regiaonews.net.br\\\/2022\\\/wp-content\\\/uploads\\\/2023\\\/05\\\/Policia-Civil-Guaira.jpeg\",\"articleSection\":[\"Gua\u00edra\",\"Policia\"],\"inLanguage\":\"pt-BR\",\"potentialAction\":[{\"@type\":\"CommentAction\",\"name\":\"Comment\",\"target\":[\"https:\\\/\\\/regiaonews.net.br\\\/2022\\\/2025\\\/03\\\/06\\\/suspeito-de-tentativa-de-homicido-em-guaira-e-preso-apos-atuacao-das-policias\\\/#respond\"]}]},{\"@type\":\"WebPage\",\"@id\":\"https:\\\/\\\/regiaonews.net.br\\\/2022\\\/2025\\\/03\\\/06\\\/suspeito-de-tentativa-de-homicido-em-guaira-e-preso-apos-atuacao-das-policias\\\/\",\"url\":\"https:\\\/\\\/regiaonews.net.br\\\/2022\\\/2025\\\/03\\\/06\\\/suspeito-de-tentativa-de-homicido-em-guaira-e-preso-apos-atuacao-das-policias\\\/\",\"name\":\"Suspeito de Tentativa de Hom\u00edcido em Gua\u00edra \u00e9 preso ap\u00f3s atua\u00e7\u00e3o das policias - Regi\u00e3o News\",\"isPartOf\":{\"@id\":\"https:\\\/\\\/regiaonews.net.br\\\/2022\\\/#website\"},\"primaryImageOfPage\":{\"@id\":\"https:\\\/\\\/regiaonews.net.br\\\/2022\\\/2025\\\/03\\\/06\\\/suspeito-de-tentativa-de-homicido-em-guaira-e-preso-apos-atuacao-das-policias\\\/#primaryimage\"},\"image\":{\"@id\":\"https:\\\/\\\/regiaonews.net.br\\\/2022\\\/2025\\\/03\\\/06\\\/suspeito-de-tentativa-de-homicido-em-guaira-e-preso-apos-atuacao-das-policias\\\/#primaryimage\"},\"thumbnailUrl\":\"https:\\\/\\\/regiaonews.net.br\\\/2022\\\/wp-content\\\/uploads\\\/2023\\\/05\\\/Policia-Civil-Guaira.jpeg\",\"datePublished\":\"2025-03-06T20:10:42+00:00\",\"breadcrumb\":{\"@id\":\"https:\\\/\\\/regiaonews.net.br\\\/2022\\\/2025\\\/03\\\/06\\\/suspeito-de-tentativa-de-homicido-em-guaira-e-preso-apos-atuacao-das-policias\\\/#breadcrumb\"},\"inLanguage\":\"pt-BR\",\"potentialAction\":[{\"@type\":\"ReadAction\",\"target\":[\"https:\\\/\\\/regiaonews.net.br\\\/2022\\\/2025\\\/03\\\/06\\\/suspeito-de-tentativa-de-homicido-em-guaira-e-preso-apos-atuacao-das-policias\\\/\"]}]},{\"@type\":\"ImageObject\",\"inLanguage\":\"pt-BR\",\"@id\":\"https:\\\/\\\/regiaonews.net.br\\\/2022\\\/2025\\\/03\\\/06\\\/suspeito-de-tentativa-de-homicido-em-guaira-e-preso-apos-atuacao-das-policias\\\/#primaryimage\",\"url\":\"https:\\\/\\\/regiaonews.net.br\\\/2022\\\/wp-content\\\/uploads\\\/2023\\\/05\\\/Policia-Civil-Guaira.jpeg\",\"contentUrl\":\"https:\\\/\\\/regiaonews.net.br\\\/2022\\\/wp-content\\\/uploads\\\/2023\\\/05\\\/Policia-Civil-Guaira.jpeg\",\"width\":1600,\"height\":1201},{\"@type\":\"BreadcrumbList\",\"@id\":\"https:\\\/\\\/regiaonews.net.br\\\/2022\\\/2025\\\/03\\\/06\\\/suspeito-de-tentativa-de-homicido-em-guaira-e-preso-apos-atuacao-das-policias\\\/#breadcrumb\",\"itemListElement\":[{\"@type\":\"ListItem\",\"position\":1,\"name\":\"In\u00edcio\",\"item\":\"https:\\\/\\\/regiaonews.net.br\\\/2022\\\/\"},{\"@type\":\"ListItem\",\"position\":2,\"name\":\"Suspeito de Tentativa de Hom\u00edcido em Gua\u00edra \u00e9 preso ap\u00f3s atua\u00e7\u00e3o das policias\"}]},{\"@type\":\"WebSite\",\"@id\":\"https:\\\/\\\/regiaonews.net.br\\\/2022\\\/#website\",\"url\":\"https:\\\/\\\/regiaonews.net.br\\\/2022\\\/\",\"name\":\"Regi\u00e3o News\",\"description\":\"Site de Not\u00edcias de Barretos e regi\u00e3o\",\"publisher\":{\"@id\":\"https:\\\/\\\/regiaonews.net.br\\\/2022\\\/#organization\"},\"potentialAction\":[{\"@type\":\"SearchAction\",\"target\":{\"@type\":\"EntryPoint\",\"urlTemplate\":\"https:\\\/\\\/regiaonews.net.br\\\/2022\\\/?s={search_term_string}\"},\"query-input\":{\"@type\":\"PropertyValueSpecification\",\"valueRequired\":true,\"valueName\":\"search_term_string\"}}],\"inLanguage\":\"pt-BR\"},{\"@type\":\"Organization\",\"@id\":\"https:\\\/\\\/regiaonews.net.br\\\/2022\\\/#organization\",\"name\":\"Regi\u00e3o News\",\"url\":\"https:\\\/\\\/regiaonews.net.br\\\/2022\\\/\",\"logo\":{\"@type\":\"ImageObject\",\"inLanguage\":\"pt-BR\",\"@id\":\"https:\\\/\\\/regiaonews.net.br\\\/2022\\\/#\\\/schema\\\/logo\\\/image\\\/\",\"url\":\"https:\\\/\\\/regiaonews.net.br\\\/2022\\\/wp-content\\\/uploads\\\/2026\\\/03\\\/regiao-13-anos-scaled.jpg\",\"contentUrl\":\"https:\\\/\\\/regiaonews.net.br\\\/2022\\\/wp-content\\\/uploads\\\/2026\\\/03\\\/regiao-13-anos-scaled.jpg\",\"width\":2560,\"height\":635,\"caption\":\"Regi\u00e3o News\"},\"image\":{\"@id\":\"https:\\\/\\\/regiaonews.net.br\\\/2022\\\/#\\\/schema\\\/logo\\\/image\\\/\"}},{\"@type\":\"Person\",\"@id\":\"https:\\\/\\\/regiaonews.net.br\\\/2022\\\/#\\\/schema\\\/person\\\/2d205a608a5aa97ac279d7a5e6d89ad8\",\"name\":\"Roberto\",\"image\":{\"@type\":\"ImageObject\",\"inLanguage\":\"pt-BR\",\"@id\":\"https:\\\/\\\/secure.gravatar.com\\\/avatar\\\/42749d8b712ff9d59ca93dc150494e5b55a44134482993f5baeb97e61b7ecc89?s=96&d=mm&r=g\",\"url\":\"https:\\\/\\\/secure.gravatar.com\\\/avatar\\\/42749d8b712ff9d59ca93dc150494e5b55a44134482993f5baeb97e61b7ecc89?s=96&d=mm&r=g\",\"contentUrl\":\"https:\\\/\\\/secure.gravatar.com\\\/avatar\\\/42749d8b712ff9d59ca93dc150494e5b55a44134482993f5baeb97e61b7ecc89?s=96&d=mm&r=g\",\"caption\":\"Roberto\"},\"url\":\"https:\\\/\\\/regiaonews.net.br\\\/2022\\\/author\\\/roberto\\\/\"}]}<\/script>\n<!-- \/ Yoast SEO plugin. -->","yoast_head_json":{"title":"Suspeito de Tentativa de Hom\u00edcido em Gua\u00edra \u00e9 preso ap\u00f3s atua\u00e7\u00e3o das policias - Regi\u00e3o News","robots":{"index":"index","follow":"follow","max-snippet":"max-snippet:-1","max-image-preview":"max-image-preview:large","max-video-preview":"max-video-preview:-1"},"canonical":"https:\/\/regiaonews.net.br\/2022\/2025\/03\/06\/suspeito-de-tentativa-de-homicido-em-guaira-e-preso-apos-atuacao-das-policias\/","og_locale":"pt_BR","og_type":"article","og_title":"Suspeito de Tentativa de Hom\u00edcido em Gua\u00edra \u00e9 preso ap\u00f3s atua\u00e7\u00e3o das policias - Regi\u00e3o News","og_description":"A Pol\u00edcia Civil do Estado de S\u00e3o Paulo informa que","og_url":"https:\/\/regiaonews.net.br\/2022\/2025\/03\/06\/suspeito-de-tentativa-de-homicido-em-guaira-e-preso-apos-atuacao-das-policias\/","og_site_name":"Regi\u00e3o News","article_published_time":"2025-03-06T20:10:42+00:00","og_image":[{"width":1600,"height":1201,"url":"https:\/\/regiaonews.net.br\/2022\/wp-content\/uploads\/2023\/05\/Policia-Civil-Guaira.jpeg","type":"image\/jpeg"}],"author":"Roberto","twitter_card":"summary_large_image","twitter_misc":{"Escrito por":"Roberto","Est. tempo de leitura":"2 minutos"},"schema":{"@context":"https:\/\/schema.org","@graph":[{"@type":"Article","@id":"https:\/\/regiaonews.net.br\/2022\/2025\/03\/06\/suspeito-de-tentativa-de-homicido-em-guaira-e-preso-apos-atuacao-das-policias\/#article","isPartOf":{"@id":"https:\/\/regiaonews.net.br\/2022\/2025\/03\/06\/suspeito-de-tentativa-de-homicido-em-guaira-e-preso-apos-atuacao-das-policias\/"},"author":{"name":"Roberto","@id":"https:\/\/regiaonews.net.br\/2022\/#\/schema\/person\/2d205a608a5aa97ac279d7a5e6d89ad8"},"headline":"Suspeito de Tentativa de Hom\u00edcido em Gua\u00edra \u00e9 preso ap\u00f3s atua\u00e7\u00e3o das policias","datePublished":"2025-03-06T20:10:42+00:00","mainEntityOfPage":{"@id":"https:\/\/regiaonews.net.br\/2022\/2025\/03\/06\/suspeito-de-tentativa-de-homicido-em-guaira-e-preso-apos-atuacao-das-policias\/"},"wordCount":218,"commentCount":0,"publisher":{"@id":"https:\/\/regiaonews.net.br\/2022\/#organization"},"image":{"@id":"https:\/\/regiaonews.net.br\/2022\/2025\/03\/06\/suspeito-de-tentativa-de-homicido-em-guaira-e-preso-apos-atuacao-das-policias\/#primaryimage"},"thumbnailUrl":"https:\/\/regiaonews.net.br\/2022\/wp-content\/uploads\/2023\/05\/Policia-Civil-Guaira.jpeg","articleSection":["Gua\u00edra","Policia"],"inLanguage":"pt-BR","potentialAction":[{"@type":"CommentAction","name":"Comment","target":["https:\/\/regiaonews.net.br\/2022\/2025\/03\/06\/suspeito-de-tentativa-de-homicido-em-guaira-e-preso-apos-atuacao-das-policias\/#respond"]}]},{"@type":"WebPage","@id":"https:\/\/regiaonews.net.br\/2022\/2025\/03\/06\/suspeito-de-tentativa-de-homicido-em-guaira-e-preso-apos-atuacao-das-policias\/","url":"https:\/\/regiaonews.net.br\/2022\/2025\/03\/06\/suspeito-de-tentativa-de-homicido-em-guaira-e-preso-apos-atuacao-das-policias\/","name":"Suspeito de Tentativa de Hom\u00edcido em Gua\u00edra \u00e9 preso ap\u00f3s atua\u00e7\u00e3o das policias - Regi\u00e3o News","isPartOf":{"@id":"https:\/\/regiaonews.net.br\/2022\/#website"},"primaryImageOfPage":{"@id":"https:\/\/regiaonews.net.br\/2022\/2025\/03\/06\/suspeito-de-tentativa-de-homicido-em-guaira-e-preso-apos-atuacao-das-policias\/#primaryimage"},"image":{"@id":"https:\/\/regiaonews.net.br\/2022\/2025\/03\/06\/suspeito-de-tentativa-de-homicido-em-guaira-e-preso-apos-atuacao-das-policias\/#primaryimage"},"thumbnailUrl":"https:\/\/regiaonews.net.br\/2022\/wp-content\/uploads\/2023\/05\/Policia-Civil-Guaira.jpeg","datePublished":"2025-03-06T20:10:42+00:00","breadcrumb":{"@id":"https:\/\/regiaonews.net.br\/2022\/2025\/03\/06\/suspeito-de-tentativa-de-homicido-em-guaira-e-preso-apos-atuacao-das-policias\/#breadcrumb"},"inLanguage":"pt-BR","potentialAction":[{"@type":"ReadAction","target":["https:\/\/regiaonews.net.br\/2022\/2025\/03\/06\/suspeito-de-tentativa-de-homicido-em-guaira-e-preso-apos-atuacao-das-policias\/"]}]},{"@type":"ImageObject","inLanguage":"pt-BR","@id":"https:\/\/regiaonews.net.br\/2022\/2025\/03\/06\/suspeito-de-tentativa-de-homicido-em-guaira-e-preso-apos-atuacao-das-policias\/#primaryimage","url":"https:\/\/regiaonews.net.br\/2022\/wp-content\/uploads\/2023\/05\/Policia-Civil-Guaira.jpeg","contentUrl":"https:\/\/regiaonews.net.br\/2022\/wp-content\/uploads\/2023\/05\/Policia-Civil-Guaira.jpeg","width":1600,"height":1201},{"@type":"BreadcrumbList","@id":"https:\/\/regiaonews.net.br\/2022\/2025\/03\/06\/suspeito-de-tentativa-de-homicido-em-guaira-e-preso-apos-atuacao-das-policias\/#breadcrumb","itemListElement":[{"@type":"ListItem","position":1,"name":"In\u00edcio","item":"https:\/\/regiaonews.net.br\/2022\/"},{"@type":"ListItem","position":2,"name":"Suspeito de Tentativa de Hom\u00edcido em Gua\u00edra \u00e9 preso ap\u00f3s atua\u00e7\u00e3o das policias"}]},{"@type":"WebSite","@id":"https:\/\/regiaonews.net.br\/2022\/#website","url":"https:\/\/regiaonews.net.br\/2022\/","name":"Regi\u00e3o News","description":"Site de Not\u00edcias de Barretos e regi\u00e3o","publisher":{"@id":"https:\/\/regiaonews.net.br\/2022\/#organization"},"potentialAction":[{"@type":"SearchAction","target":{"@type":"EntryPoint","urlTemplate":"https:\/\/regiaonews.net.br\/2022\/?s={search_term_string}"},"query-input":{"@type":"PropertyValueSpecification","valueRequired":true,"valueName":"search_term_string"}}],"inLanguage":"pt-BR"},{"@type":"Organization","@id":"https:\/\/regiaonews.net.br\/2022\/#organization","name":"Regi\u00e3o News","url":"https:\/\/regiaonews.net.br\/2022\/","logo":{"@type":"ImageObject","inLanguage":"pt-BR","@id":"https:\/\/regiaonews.net.br\/2022\/#\/schema\/logo\/image\/","url":"https:\/\/regiaonews.net.br\/2022\/wp-content\/uploads\/2026\/03\/regiao-13-anos-scaled.jpg","contentUrl":"https:\/\/regiaonews.net.br\/2022\/wp-content\/uploads\/2026\/03\/regiao-13-anos-scaled.jpg","width":2560,"height":635,"caption":"Regi\u00e3o News"},"image":{"@id":"https:\/\/regiaonews.net.br\/2022\/#\/schema\/logo\/image\/"}},{"@type":"Person","@id":"https:\/\/regiaonews.net.br\/2022\/#\/schema\/person\/2d205a608a5aa97ac279d7a5e6d89ad8","name":"Roberto","image":{"@type":"ImageObject","inLanguage":"pt-BR","@id":"https:\/\/secure.gravatar.com\/avatar\/42749d8b712ff9d59ca93dc150494e5b55a44134482993f5baeb97e61b7ecc89?s=96&d=mm&r=g","url":"https:\/\/secure.gravatar.com\/avatar\/42749d8b712ff9d59ca93dc150494e5b55a44134482993f5baeb97e61b7ecc89?s=96&d=mm&r=g","contentUrl":"https:\/\/secure.gravatar.com\/avatar\/42749d8b712ff9d59ca93dc150494e5b55a44134482993f5baeb97e61b7ecc89?s=96&d=mm&r=g","caption":"Roberto"},"url":"https:\/\/regiaonews.net.br\/2022\/author\/roberto\/"}]}},"publishpress_future_action":{"enabled":false,"date":"2026-05-02 02:45:03","action":"change-status","newStatus":"draft","terms":[],"taxonomy":"category","extraData":[]},"publishpress_future_workflow_manual_trigger":{"enabledWorkflows":[]},"_links":{"self":[{"href":"https:\/\/regiaonews.net.br\/2022\/wp-json\/wp\/v2\/posts\/115311","targetHints":{"allow":["GET"]}}],"collection":[{"href":"https:\/\/regiaonews.net.br\/2022\/wp-json\/wp\/v2\/posts"}],"about":[{"href":"https:\/\/regiaonews.net.br\/2022\/wp-json\/wp\/v2\/types\/post"}],"author":[{"embeddable":true,"href":"https:\/\/regiaonews.net.br\/2022\/wp-json\/wp\/v2\/users\/2"}],"replies":[{"embeddable":true,"href":"https:\/\/regiaonews.net.br\/2022\/wp-json\/wp\/v2\/comments?post=115311"}],"version-history":[{"count":1,"href":"https:\/\/regiaonews.net.br\/2022\/wp-json\/wp\/v2\/posts\/115311\/revisions"}],"predecessor-version":[{"id":115312,"href":"https:\/\/regiaonews.net.br\/2022\/wp-json\/wp\/v2\/posts\/115311\/revisions\/115312"}],"wp:featuredmedia":[{"embeddable":true,"href":"https:\/\/regiaonews.net.br\/2022\/wp-json\/wp\/v2\/media\/87970"}],"wp:attachment":[{"href":"https:\/\/regiaonews.net.br\/2022\/wp-json\/wp\/v2\/media?parent=115311"}],"wp:term":[{"taxonomy":"category","embeddable":true,"href":"https:\/\/regiaonews.net.br\/2022\/wp-json\/wp\/v2\/categories?post=115311"},{"taxonomy":"post_tag","embeddable":true,"href":"https:\/\/regiaonews.net.br\/2022\/wp-json\/wp\/v2\/tags?post=115311"}],"curies":[{"name":"wp","href":"https:\/\/api.w.org\/{rel}","templated":true}]}}