{"id":115237,"date":"2025-03-04T14:42:38","date_gmt":"2025-03-04T17:42:38","guid":{"rendered":"https:\/\/regiaonews.net.br\/2022\/?p=115237"},"modified":"2025-03-04T14:43:19","modified_gmt":"2025-03-04T17:43:19","slug":"a-agroecologia-pode-mitigar-o-impacto-climatico-nas-culturas","status":"publish","type":"post","link":"https:\/\/regiaonews.net.br\/2022\/2025\/03\/04\/a-agroecologia-pode-mitigar-o-impacto-climatico-nas-culturas\/","title":{"rendered":"A agroecologia pode mitigar o impacto clim\u00e1tico nas culturas"},"content":{"rendered":"<header id=\"header-site\" class=\"header-site full-width rel-position\">\n<div class=\"header-veiculo full-width\">\n<aside id=\"nav-menu-mobile\" class=\"nav-menu-mobile\">\n<div class=\"search-container full-width\"><\/div>\n<nav class=\"paginas-internas-menu\">Fonte &#8211; Ag\u00eancia Brasil\u00a0<\/nav>\n<\/aside>\n<\/div>\n<\/header>\n<p>&nbsp;<\/p>\n<div class=\"region region-content\">\n<div id=\"block-system-main\" class=\"block block-system\">\n<div class=\"content\">\n<div id=\"panel\" class=\"container-noticia rel-position\">\n<div id=\"node-1632104\" class=\"node node-conteudo clearfix\">\n<div class=\"capa-materia rel-position\">\n<figure><figcaption class=\"credito-foto abs-position fullwidth\">\u00a9 Marcelo Camargo\/Ag\u00eancia Brasil<\/figcaption><\/figure>\n<\/div>\n<div class=\"conteudo-noticia\">\n<p>O calor excessivo est\u00e1 afetando as planta\u00e7\u00f5es de soja, milho e arroz no sul do Brasil, assim como as planta\u00e7\u00f5es de caf\u00e9 e frutas no sudeste. A cada ano, as mudan\u00e7as clim\u00e1ticas afetam mais a produ\u00e7\u00e3o de alimentos.<img decoding=\"async\" src=\"https:\/\/agenciabrasil.ebc.com.br\/ebc.png?id=1632104&amp;o=node\" \/><img decoding=\"async\" src=\"https:\/\/agenciabrasil.ebc.com.br\/ebc.gif?id=1632104&amp;o=node\" \/><\/p>\n<p>Segundo o climatologista Francis Lacerda, pesquisador do Instituto Agron\u00f4mico de Pernambuco, estrat\u00e9gias agroecol\u00f3gicas podem amenizar esses efeitos e reduzir a amea\u00e7a de inseguran\u00e7a alimentar, pelo menos por enquanto. &#8220;Existem pr\u00e1ticas que ainda podem reduzir esses efeitos. Digo ainda, porque em breve n\u00e3o poder\u00e3o mais&#8221;, alerta.<\/p>\n<p>A primeira tarefa \u00e9 o reflorestamento. &#8220;Uma pr\u00e1tica comum em agroecologia \u00e9 o cultivo intercalar. Voc\u00ea planta uma \u00e1rvore frut\u00edfera ao lado de uma leguminosa, feij\u00e3o, milho, tudo junto&#8230; Essas plantas v\u00e3o interagir e se beneficiar umas das outras. Algumas v\u00e3o receber \u00e1gua profunda gra\u00e7as \u00e0s suas ra\u00edzes principais, enquanto outras n\u00e3o. Plantas que n\u00e3o toleram muita radia\u00e7\u00e3o crescem melhor ao lado de \u00e1rvores grandes que d\u00e3o sombra. Temos que reflorestar e adotar esse modelo de sistema agroflorestal&#8221;, diz o especialista.<\/p>\n<p>Ele acrescenta que a diversifica\u00e7\u00e3o de culturas melhora a fertilidade e a prote\u00e7\u00e3o do solo, al\u00e9m de reduzir o risco de pragas e doen\u00e7as, &#8220;ajudando a evitar o uso de pesticidas e garantindo vantagens ambientais e financeiras aos agricultores, como menores investimentos e culturas diversificadas, evitando riscos econ\u00f4micos devido a condi\u00e7\u00f5es clim\u00e1ticas extremas&#8221;.<\/p>\n<div class=\"dnd-widget-wrapper context-medio_4colunas type-image atom-align-right\">\n<div class=\"dnd-atom-rendered\"><img decoding=\"async\" title=\"IPA\/Divulga\u00e7\u00e3o\" src=\"https:\/\/imagens.ebc.com.br\/bWvqEpBLT7tsu-wxz-w1giqZLb4=\/365x0\/smart\/https:\/\/agenciabrasil.ebc.com.br\/sites\/default\/files\/thumbnails\/image\/2025\/02\/20\/francis_lacerda.jpg?itok=jpZ5LTf-\" alt=\"Bras\u00edlia (DF) 20\/02\/2025 - O climatologista do Instituto Agropecu\u00e1rio de Pernambuco Francis Lacerda. Foto: IPA\/Divulga\u00e7\u00e3o\" \/><\/div>\n<div class=\"dnd-caption-wrapper\">\n<div class=\"meta\">Climatologista Francis Lacerda, pesquisador do Instituto Agron\u00f4mico de Pernambuco &#8211;\u00a0<strong>IPA<\/strong><\/div>\n<\/div>\n<\/div>\n<p>Impacto sobre os agricultores<\/p>\n<p>O climatologista ressalta que a maior parte dos alimentos consumidos pelas fam\u00edlias brasileiras \u00e9 produzida por agricultores familiares, cada vez mais preocupados com as mudan\u00e7as clim\u00e1ticas. &#8220;Porque n\u00e3o podem mais usar pr\u00e1ticas tradicionais de plantar em um per\u00edodo e colher em outro. As ondas de calor aumentam a resist\u00eancia de alguns organismos do ecossistema, como insetos, fungos e bact\u00e9rias, o que acaba com a produ\u00e7\u00e3o&#8221;, alerta.<\/p>\n<p>Francis tamb\u00e9m defende pol\u00edticas p\u00fablicas que implementem tecnologias para que as comunidades possam captar e armazenar sua pr\u00f3pria \u00e1gua e gerar a energia que consomem, tornando-as menos vulner\u00e1veis \u200b\u200bao clima. \u201cPrecisamos dar autonomia a essas comunidades para que elas produzam seus pr\u00f3prios alimentos nessas condi\u00e7\u00f5es e tamb\u00e9m reflorestem suas propriedades: \u00e9 poss\u00edvel, \u00e9 econ\u00f4mico e os agricultores est\u00e3o interessados\u201d, enfatiza.<\/p>\n<p>Embora n\u00e3o seja feito em larga escala, a incid\u00eancia de algumas esp\u00e9cies de plantas end\u00eamicas dos biomas brasileiros est\u00e1 diminuindo, segundo o climatologista, &#8220;incluindo esp\u00e9cies adaptadas para prosperar em \u00e1reas secas e quentes&#8221;.<\/p>\n<\/div>\n<\/div>\n<\/div>\n<\/div>\n<\/div>\n<\/div>\n<p>&nbsp;<\/p>\n","protected":false},"excerpt":{"rendered":"<p>Fonte &#8211; Ag\u00eancia Brasil\u00a0 &nbsp; \u00a9 Marcelo Camargo\/Ag\u00eancia Brasil O<\/p>\n","protected":false},"author":2,"featured_media":115238,"comment_status":"open","ping_status":"open","sticky":false,"template":"","format":"standard","meta":{"footnotes":""},"categories":[24,25,111],"tags":[],"class_list":["post-115237","post","type-post","status-publish","format-standard","has-post-thumbnail","hentry","category-brasil","category-cidades","category-cotidiano"],"yoast_head":"<!-- This site is optimized with the Yoast SEO plugin v27.4 - https:\/\/yoast.com\/product\/yoast-seo-wordpress\/ -->\n<title>A agroecologia pode mitigar o impacto clim\u00e1tico nas culturas - Regi\u00e3o News<\/title>\n<meta name=\"robots\" content=\"index, follow, max-snippet:-1, max-image-preview:large, max-video-preview:-1\" \/>\n<link rel=\"canonical\" href=\"https:\/\/regiaonews.net.br\/2022\/2025\/03\/04\/a-agroecologia-pode-mitigar-o-impacto-climatico-nas-culturas\/\" \/>\n<meta property=\"og:locale\" content=\"pt_BR\" \/>\n<meta property=\"og:type\" content=\"article\" \/>\n<meta property=\"og:title\" content=\"A agroecologia pode mitigar o impacto clim\u00e1tico nas culturas - Regi\u00e3o News\" \/>\n<meta property=\"og:description\" content=\"Fonte &#8211; Ag\u00eancia Brasil\u00a0 &nbsp; \u00a9 Marcelo Camargo\/Ag\u00eancia Brasil O\" \/>\n<meta property=\"og:url\" content=\"https:\/\/regiaonews.net.br\/2022\/2025\/03\/04\/a-agroecologia-pode-mitigar-o-impacto-climatico-nas-culturas\/\" \/>\n<meta property=\"og:site_name\" content=\"Regi\u00e3o News\" \/>\n<meta property=\"article:published_time\" content=\"2025-03-04T17:42:38+00:00\" \/>\n<meta property=\"article:modified_time\" content=\"2025-03-04T17:43:19+00:00\" \/>\n<meta property=\"og:image\" content=\"https:\/\/regiaonews.net.br\/2022\/wp-content\/uploads\/2025\/03\/1020919-00119.05.2016-10.webp\" \/>\n\t<meta property=\"og:image:width\" content=\"1170\" \/>\n\t<meta property=\"og:image:height\" content=\"700\" \/>\n\t<meta property=\"og:image:type\" content=\"image\/webp\" \/>\n<meta name=\"author\" content=\"Roberto\" \/>\n<meta name=\"twitter:card\" content=\"summary_large_image\" \/>\n<meta name=\"twitter:label1\" content=\"Escrito por\" \/>\n\t<meta name=\"twitter:data1\" content=\"Roberto\" \/>\n\t<meta name=\"twitter:label2\" content=\"Est. tempo de leitura\" \/>\n\t<meta name=\"twitter:data2\" content=\"3 minutos\" \/>\n<script type=\"application\/ld+json\" class=\"yoast-schema-graph\">{\"@context\":\"https:\\\/\\\/schema.org\",\"@graph\":[{\"@type\":\"Article\",\"@id\":\"https:\\\/\\\/regiaonews.net.br\\\/2022\\\/2025\\\/03\\\/04\\\/a-agroecologia-pode-mitigar-o-impacto-climatico-nas-culturas\\\/#article\",\"isPartOf\":{\"@id\":\"https:\\\/\\\/regiaonews.net.br\\\/2022\\\/2025\\\/03\\\/04\\\/a-agroecologia-pode-mitigar-o-impacto-climatico-nas-culturas\\\/\"},\"author\":{\"name\":\"Roberto\",\"@id\":\"https:\\\/\\\/regiaonews.net.br\\\/2022\\\/#\\\/schema\\\/person\\\/2d205a608a5aa97ac279d7a5e6d89ad8\"},\"headline\":\"A agroecologia pode mitigar o impacto clim\u00e1tico nas culturas\",\"datePublished\":\"2025-03-04T17:42:38+00:00\",\"dateModified\":\"2025-03-04T17:43:19+00:00\",\"mainEntityOfPage\":{\"@id\":\"https:\\\/\\\/regiaonews.net.br\\\/2022\\\/2025\\\/03\\\/04\\\/a-agroecologia-pode-mitigar-o-impacto-climatico-nas-culturas\\\/\"},\"wordCount\":465,\"commentCount\":0,\"publisher\":{\"@id\":\"https:\\\/\\\/regiaonews.net.br\\\/2022\\\/#organization\"},\"image\":{\"@id\":\"https:\\\/\\\/regiaonews.net.br\\\/2022\\\/2025\\\/03\\\/04\\\/a-agroecologia-pode-mitigar-o-impacto-climatico-nas-culturas\\\/#primaryimage\"},\"thumbnailUrl\":\"https:\\\/\\\/regiaonews.net.br\\\/2022\\\/wp-content\\\/uploads\\\/2025\\\/03\\\/1020919-00119.05.2016-10.webp\",\"articleSection\":[\"Brasil\",\"Cidades\",\"Cotidiano\"],\"inLanguage\":\"pt-BR\",\"potentialAction\":[{\"@type\":\"CommentAction\",\"name\":\"Comment\",\"target\":[\"https:\\\/\\\/regiaonews.net.br\\\/2022\\\/2025\\\/03\\\/04\\\/a-agroecologia-pode-mitigar-o-impacto-climatico-nas-culturas\\\/#respond\"]}]},{\"@type\":\"WebPage\",\"@id\":\"https:\\\/\\\/regiaonews.net.br\\\/2022\\\/2025\\\/03\\\/04\\\/a-agroecologia-pode-mitigar-o-impacto-climatico-nas-culturas\\\/\",\"url\":\"https:\\\/\\\/regiaonews.net.br\\\/2022\\\/2025\\\/03\\\/04\\\/a-agroecologia-pode-mitigar-o-impacto-climatico-nas-culturas\\\/\",\"name\":\"A agroecologia pode mitigar o impacto clim\u00e1tico nas culturas - Regi\u00e3o News\",\"isPartOf\":{\"@id\":\"https:\\\/\\\/regiaonews.net.br\\\/2022\\\/#website\"},\"primaryImageOfPage\":{\"@id\":\"https:\\\/\\\/regiaonews.net.br\\\/2022\\\/2025\\\/03\\\/04\\\/a-agroecologia-pode-mitigar-o-impacto-climatico-nas-culturas\\\/#primaryimage\"},\"image\":{\"@id\":\"https:\\\/\\\/regiaonews.net.br\\\/2022\\\/2025\\\/03\\\/04\\\/a-agroecologia-pode-mitigar-o-impacto-climatico-nas-culturas\\\/#primaryimage\"},\"thumbnailUrl\":\"https:\\\/\\\/regiaonews.net.br\\\/2022\\\/wp-content\\\/uploads\\\/2025\\\/03\\\/1020919-00119.05.2016-10.webp\",\"datePublished\":\"2025-03-04T17:42:38+00:00\",\"dateModified\":\"2025-03-04T17:43:19+00:00\",\"breadcrumb\":{\"@id\":\"https:\\\/\\\/regiaonews.net.br\\\/2022\\\/2025\\\/03\\\/04\\\/a-agroecologia-pode-mitigar-o-impacto-climatico-nas-culturas\\\/#breadcrumb\"},\"inLanguage\":\"pt-BR\",\"potentialAction\":[{\"@type\":\"ReadAction\",\"target\":[\"https:\\\/\\\/regiaonews.net.br\\\/2022\\\/2025\\\/03\\\/04\\\/a-agroecologia-pode-mitigar-o-impacto-climatico-nas-culturas\\\/\"]}]},{\"@type\":\"ImageObject\",\"inLanguage\":\"pt-BR\",\"@id\":\"https:\\\/\\\/regiaonews.net.br\\\/2022\\\/2025\\\/03\\\/04\\\/a-agroecologia-pode-mitigar-o-impacto-climatico-nas-culturas\\\/#primaryimage\",\"url\":\"https:\\\/\\\/regiaonews.net.br\\\/2022\\\/wp-content\\\/uploads\\\/2025\\\/03\\\/1020919-00119.05.2016-10.webp\",\"contentUrl\":\"https:\\\/\\\/regiaonews.net.br\\\/2022\\\/wp-content\\\/uploads\\\/2025\\\/03\\\/1020919-00119.05.2016-10.webp\",\"width\":1170,\"height\":700},{\"@type\":\"BreadcrumbList\",\"@id\":\"https:\\\/\\\/regiaonews.net.br\\\/2022\\\/2025\\\/03\\\/04\\\/a-agroecologia-pode-mitigar-o-impacto-climatico-nas-culturas\\\/#breadcrumb\",\"itemListElement\":[{\"@type\":\"ListItem\",\"position\":1,\"name\":\"In\u00edcio\",\"item\":\"https:\\\/\\\/regiaonews.net.br\\\/2022\\\/\"},{\"@type\":\"ListItem\",\"position\":2,\"name\":\"A agroecologia pode mitigar o impacto clim\u00e1tico nas culturas\"}]},{\"@type\":\"WebSite\",\"@id\":\"https:\\\/\\\/regiaonews.net.br\\\/2022\\\/#website\",\"url\":\"https:\\\/\\\/regiaonews.net.br\\\/2022\\\/\",\"name\":\"Regi\u00e3o News\",\"description\":\"Site de Not\u00edcias de Barretos e regi\u00e3o\",\"publisher\":{\"@id\":\"https:\\\/\\\/regiaonews.net.br\\\/2022\\\/#organization\"},\"potentialAction\":[{\"@type\":\"SearchAction\",\"target\":{\"@type\":\"EntryPoint\",\"urlTemplate\":\"https:\\\/\\\/regiaonews.net.br\\\/2022\\\/?s={search_term_string}\"},\"query-input\":{\"@type\":\"PropertyValueSpecification\",\"valueRequired\":true,\"valueName\":\"search_term_string\"}}],\"inLanguage\":\"pt-BR\"},{\"@type\":\"Organization\",\"@id\":\"https:\\\/\\\/regiaonews.net.br\\\/2022\\\/#organization\",\"name\":\"Regi\u00e3o News\",\"url\":\"https:\\\/\\\/regiaonews.net.br\\\/2022\\\/\",\"logo\":{\"@type\":\"ImageObject\",\"inLanguage\":\"pt-BR\",\"@id\":\"https:\\\/\\\/regiaonews.net.br\\\/2022\\\/#\\\/schema\\\/logo\\\/image\\\/\",\"url\":\"https:\\\/\\\/regiaonews.net.br\\\/2022\\\/wp-content\\\/uploads\\\/2026\\\/03\\\/regiao-13-anos-scaled.jpg\",\"contentUrl\":\"https:\\\/\\\/regiaonews.net.br\\\/2022\\\/wp-content\\\/uploads\\\/2026\\\/03\\\/regiao-13-anos-scaled.jpg\",\"width\":2560,\"height\":635,\"caption\":\"Regi\u00e3o News\"},\"image\":{\"@id\":\"https:\\\/\\\/regiaonews.net.br\\\/2022\\\/#\\\/schema\\\/logo\\\/image\\\/\"}},{\"@type\":\"Person\",\"@id\":\"https:\\\/\\\/regiaonews.net.br\\\/2022\\\/#\\\/schema\\\/person\\\/2d205a608a5aa97ac279d7a5e6d89ad8\",\"name\":\"Roberto\",\"image\":{\"@type\":\"ImageObject\",\"inLanguage\":\"pt-BR\",\"@id\":\"https:\\\/\\\/secure.gravatar.com\\\/avatar\\\/42749d8b712ff9d59ca93dc150494e5b55a44134482993f5baeb97e61b7ecc89?s=96&d=mm&r=g\",\"url\":\"https:\\\/\\\/secure.gravatar.com\\\/avatar\\\/42749d8b712ff9d59ca93dc150494e5b55a44134482993f5baeb97e61b7ecc89?s=96&d=mm&r=g\",\"contentUrl\":\"https:\\\/\\\/secure.gravatar.com\\\/avatar\\\/42749d8b712ff9d59ca93dc150494e5b55a44134482993f5baeb97e61b7ecc89?s=96&d=mm&r=g\",\"caption\":\"Roberto\"},\"url\":\"https:\\\/\\\/regiaonews.net.br\\\/2022\\\/author\\\/roberto\\\/\"}]}<\/script>\n<!-- \/ Yoast SEO plugin. -->","yoast_head_json":{"title":"A agroecologia pode mitigar o impacto clim\u00e1tico nas culturas - Regi\u00e3o News","robots":{"index":"index","follow":"follow","max-snippet":"max-snippet:-1","max-image-preview":"max-image-preview:large","max-video-preview":"max-video-preview:-1"},"canonical":"https:\/\/regiaonews.net.br\/2022\/2025\/03\/04\/a-agroecologia-pode-mitigar-o-impacto-climatico-nas-culturas\/","og_locale":"pt_BR","og_type":"article","og_title":"A agroecologia pode mitigar o impacto clim\u00e1tico nas culturas - Regi\u00e3o News","og_description":"Fonte &#8211; Ag\u00eancia Brasil\u00a0 &nbsp; \u00a9 Marcelo Camargo\/Ag\u00eancia Brasil O","og_url":"https:\/\/regiaonews.net.br\/2022\/2025\/03\/04\/a-agroecologia-pode-mitigar-o-impacto-climatico-nas-culturas\/","og_site_name":"Regi\u00e3o News","article_published_time":"2025-03-04T17:42:38+00:00","article_modified_time":"2025-03-04T17:43:19+00:00","og_image":[{"width":1170,"height":700,"url":"https:\/\/regiaonews.net.br\/2022\/wp-content\/uploads\/2025\/03\/1020919-00119.05.2016-10.webp","type":"image\/webp"}],"author":"Roberto","twitter_card":"summary_large_image","twitter_misc":{"Escrito por":"Roberto","Est. tempo de leitura":"3 minutos"},"schema":{"@context":"https:\/\/schema.org","@graph":[{"@type":"Article","@id":"https:\/\/regiaonews.net.br\/2022\/2025\/03\/04\/a-agroecologia-pode-mitigar-o-impacto-climatico-nas-culturas\/#article","isPartOf":{"@id":"https:\/\/regiaonews.net.br\/2022\/2025\/03\/04\/a-agroecologia-pode-mitigar-o-impacto-climatico-nas-culturas\/"},"author":{"name":"Roberto","@id":"https:\/\/regiaonews.net.br\/2022\/#\/schema\/person\/2d205a608a5aa97ac279d7a5e6d89ad8"},"headline":"A agroecologia pode mitigar o impacto clim\u00e1tico nas culturas","datePublished":"2025-03-04T17:42:38+00:00","dateModified":"2025-03-04T17:43:19+00:00","mainEntityOfPage":{"@id":"https:\/\/regiaonews.net.br\/2022\/2025\/03\/04\/a-agroecologia-pode-mitigar-o-impacto-climatico-nas-culturas\/"},"wordCount":465,"commentCount":0,"publisher":{"@id":"https:\/\/regiaonews.net.br\/2022\/#organization"},"image":{"@id":"https:\/\/regiaonews.net.br\/2022\/2025\/03\/04\/a-agroecologia-pode-mitigar-o-impacto-climatico-nas-culturas\/#primaryimage"},"thumbnailUrl":"https:\/\/regiaonews.net.br\/2022\/wp-content\/uploads\/2025\/03\/1020919-00119.05.2016-10.webp","articleSection":["Brasil","Cidades","Cotidiano"],"inLanguage":"pt-BR","potentialAction":[{"@type":"CommentAction","name":"Comment","target":["https:\/\/regiaonews.net.br\/2022\/2025\/03\/04\/a-agroecologia-pode-mitigar-o-impacto-climatico-nas-culturas\/#respond"]}]},{"@type":"WebPage","@id":"https:\/\/regiaonews.net.br\/2022\/2025\/03\/04\/a-agroecologia-pode-mitigar-o-impacto-climatico-nas-culturas\/","url":"https:\/\/regiaonews.net.br\/2022\/2025\/03\/04\/a-agroecologia-pode-mitigar-o-impacto-climatico-nas-culturas\/","name":"A agroecologia pode mitigar o impacto clim\u00e1tico nas culturas - Regi\u00e3o News","isPartOf":{"@id":"https:\/\/regiaonews.net.br\/2022\/#website"},"primaryImageOfPage":{"@id":"https:\/\/regiaonews.net.br\/2022\/2025\/03\/04\/a-agroecologia-pode-mitigar-o-impacto-climatico-nas-culturas\/#primaryimage"},"image":{"@id":"https:\/\/regiaonews.net.br\/2022\/2025\/03\/04\/a-agroecologia-pode-mitigar-o-impacto-climatico-nas-culturas\/#primaryimage"},"thumbnailUrl":"https:\/\/regiaonews.net.br\/2022\/wp-content\/uploads\/2025\/03\/1020919-00119.05.2016-10.webp","datePublished":"2025-03-04T17:42:38+00:00","dateModified":"2025-03-04T17:43:19+00:00","breadcrumb":{"@id":"https:\/\/regiaonews.net.br\/2022\/2025\/03\/04\/a-agroecologia-pode-mitigar-o-impacto-climatico-nas-culturas\/#breadcrumb"},"inLanguage":"pt-BR","potentialAction":[{"@type":"ReadAction","target":["https:\/\/regiaonews.net.br\/2022\/2025\/03\/04\/a-agroecologia-pode-mitigar-o-impacto-climatico-nas-culturas\/"]}]},{"@type":"ImageObject","inLanguage":"pt-BR","@id":"https:\/\/regiaonews.net.br\/2022\/2025\/03\/04\/a-agroecologia-pode-mitigar-o-impacto-climatico-nas-culturas\/#primaryimage","url":"https:\/\/regiaonews.net.br\/2022\/wp-content\/uploads\/2025\/03\/1020919-00119.05.2016-10.webp","contentUrl":"https:\/\/regiaonews.net.br\/2022\/wp-content\/uploads\/2025\/03\/1020919-00119.05.2016-10.webp","width":1170,"height":700},{"@type":"BreadcrumbList","@id":"https:\/\/regiaonews.net.br\/2022\/2025\/03\/04\/a-agroecologia-pode-mitigar-o-impacto-climatico-nas-culturas\/#breadcrumb","itemListElement":[{"@type":"ListItem","position":1,"name":"In\u00edcio","item":"https:\/\/regiaonews.net.br\/2022\/"},{"@type":"ListItem","position":2,"name":"A agroecologia pode mitigar o impacto clim\u00e1tico nas culturas"}]},{"@type":"WebSite","@id":"https:\/\/regiaonews.net.br\/2022\/#website","url":"https:\/\/regiaonews.net.br\/2022\/","name":"Regi\u00e3o News","description":"Site de Not\u00edcias de Barretos e regi\u00e3o","publisher":{"@id":"https:\/\/regiaonews.net.br\/2022\/#organization"},"potentialAction":[{"@type":"SearchAction","target":{"@type":"EntryPoint","urlTemplate":"https:\/\/regiaonews.net.br\/2022\/?s={search_term_string}"},"query-input":{"@type":"PropertyValueSpecification","valueRequired":true,"valueName":"search_term_string"}}],"inLanguage":"pt-BR"},{"@type":"Organization","@id":"https:\/\/regiaonews.net.br\/2022\/#organization","name":"Regi\u00e3o News","url":"https:\/\/regiaonews.net.br\/2022\/","logo":{"@type":"ImageObject","inLanguage":"pt-BR","@id":"https:\/\/regiaonews.net.br\/2022\/#\/schema\/logo\/image\/","url":"https:\/\/regiaonews.net.br\/2022\/wp-content\/uploads\/2026\/03\/regiao-13-anos-scaled.jpg","contentUrl":"https:\/\/regiaonews.net.br\/2022\/wp-content\/uploads\/2026\/03\/regiao-13-anos-scaled.jpg","width":2560,"height":635,"caption":"Regi\u00e3o News"},"image":{"@id":"https:\/\/regiaonews.net.br\/2022\/#\/schema\/logo\/image\/"}},{"@type":"Person","@id":"https:\/\/regiaonews.net.br\/2022\/#\/schema\/person\/2d205a608a5aa97ac279d7a5e6d89ad8","name":"Roberto","image":{"@type":"ImageObject","inLanguage":"pt-BR","@id":"https:\/\/secure.gravatar.com\/avatar\/42749d8b712ff9d59ca93dc150494e5b55a44134482993f5baeb97e61b7ecc89?s=96&d=mm&r=g","url":"https:\/\/secure.gravatar.com\/avatar\/42749d8b712ff9d59ca93dc150494e5b55a44134482993f5baeb97e61b7ecc89?s=96&d=mm&r=g","contentUrl":"https:\/\/secure.gravatar.com\/avatar\/42749d8b712ff9d59ca93dc150494e5b55a44134482993f5baeb97e61b7ecc89?s=96&d=mm&r=g","caption":"Roberto"},"url":"https:\/\/regiaonews.net.br\/2022\/author\/roberto\/"}]}},"publishpress_future_action":{"enabled":false,"date":"2026-05-02 01:09:21","action":"change-status","newStatus":"draft","terms":[],"taxonomy":"category","extraData":[]},"publishpress_future_workflow_manual_trigger":{"enabledWorkflows":[]},"_links":{"self":[{"href":"https:\/\/regiaonews.net.br\/2022\/wp-json\/wp\/v2\/posts\/115237","targetHints":{"allow":["GET"]}}],"collection":[{"href":"https:\/\/regiaonews.net.br\/2022\/wp-json\/wp\/v2\/posts"}],"about":[{"href":"https:\/\/regiaonews.net.br\/2022\/wp-json\/wp\/v2\/types\/post"}],"author":[{"embeddable":true,"href":"https:\/\/regiaonews.net.br\/2022\/wp-json\/wp\/v2\/users\/2"}],"replies":[{"embeddable":true,"href":"https:\/\/regiaonews.net.br\/2022\/wp-json\/wp\/v2\/comments?post=115237"}],"version-history":[{"count":2,"href":"https:\/\/regiaonews.net.br\/2022\/wp-json\/wp\/v2\/posts\/115237\/revisions"}],"predecessor-version":[{"id":115240,"href":"https:\/\/regiaonews.net.br\/2022\/wp-json\/wp\/v2\/posts\/115237\/revisions\/115240"}],"wp:featuredmedia":[{"embeddable":true,"href":"https:\/\/regiaonews.net.br\/2022\/wp-json\/wp\/v2\/media\/115238"}],"wp:attachment":[{"href":"https:\/\/regiaonews.net.br\/2022\/wp-json\/wp\/v2\/media?parent=115237"}],"wp:term":[{"taxonomy":"category","embeddable":true,"href":"https:\/\/regiaonews.net.br\/2022\/wp-json\/wp\/v2\/categories?post=115237"},{"taxonomy":"post_tag","embeddable":true,"href":"https:\/\/regiaonews.net.br\/2022\/wp-json\/wp\/v2\/tags?post=115237"}],"curies":[{"name":"wp","href":"https:\/\/api.w.org\/{rel}","templated":true}]}}