{"id":115092,"date":"2025-02-28T14:06:43","date_gmt":"2025-02-28T17:06:43","guid":{"rendered":"https:\/\/regiaonews.net.br\/2022\/?p=115092"},"modified":"2025-02-28T14:06:43","modified_gmt":"2025-02-28T17:06:43","slug":"policia-civil-cumpre-mandado-de-prisao-contra-investigado-por-estupro-de-vulneravel","status":"publish","type":"post","link":"https:\/\/regiaonews.net.br\/2022\/2025\/02\/28\/policia-civil-cumpre-mandado-de-prisao-contra-investigado-por-estupro-de-vulneravel\/","title":{"rendered":"Pol\u00edcia Civil cumpre mandado de pris\u00e3o contra investigado por estupro de vulner\u00e1vel"},"content":{"rendered":"<p>Na tarde desta quinta-feira, 27 de fevereiro de 2025, a Poli\u0301cia Civil do Estado de Sa\u0303o Paulo, por meio da Delegacia de Poli\u0301cia de Colina, cumpriu mandado de prisa\u0303o preventiva em desfavor de indivi\u0301duo investigado pelo crime de estupro de vulnera\u0301vel (art. 217-A do Co\u0301digo Penal). O mandado foi expedido apo\u0301s ana\u0301lise dos fatos contidos no Boletim de Ocorre\u0302ncia registrado no dia 22 de fevereiro de 2025, na Delegacia Seccional de Barretos\/SP. Conforme apurado, o suspeito teria invadido a reside\u0302ncia da vi\u0301tima durante a madrugada, pulando o muro e acessando o quarto da crianc\u0327a pela janela. No local, ele teria tocado as partes i\u0301ntimas da vi\u0301tima e tentado beija\u0301-la a\u0300 forc\u0327a. A equipe policial cumpriu a ordem judicial nesta data, conduzindo o investigado a\u0300 unidade policial para as provide\u0302ncias cabi\u0301veis. Apo\u0301s os tra\u0302mites legais, ele permanecera\u0301 a\u0300 disposic\u0327a\u0303o da Justic\u0327a. A Poli\u0301cia Civil reforc\u0327a seu compromisso com a protec\u0327a\u0303o das vi\u0301timas e a repressa\u0303o a crimes desta natureza, garantindo que todas as medidas legais sejam adotadas para a responsabilizac\u0327a\u0303o\u00a0dos\u00a0envolvidos<\/p>\n","protected":false},"excerpt":{"rendered":"<p>Na tarde desta quinta-feira, 27 de fevereiro de 2025, a<\/p>\n","protected":false},"author":2,"featured_media":115093,"comment_status":"open","ping_status":"open","sticky":false,"template":"","format":"standard","meta":{"footnotes":""},"categories":[14,23],"tags":[],"class_list":["post-115092","post","type-post","status-publish","format-standard","has-post-thumbnail","hentry","category-barretos","category-policia"],"yoast_head":"<!-- This site is optimized with the Yoast SEO plugin v27.4 - https:\/\/yoast.com\/product\/yoast-seo-wordpress\/ -->\n<title>Pol\u00edcia Civil cumpre mandado de pris\u00e3o contra investigado por estupro de vulner\u00e1vel - Regi\u00e3o News<\/title>\n<meta name=\"robots\" content=\"index, follow, max-snippet:-1, max-image-preview:large, max-video-preview:-1\" \/>\n<link rel=\"canonical\" href=\"https:\/\/regiaonews.net.br\/2022\/2025\/02\/28\/policia-civil-cumpre-mandado-de-prisao-contra-investigado-por-estupro-de-vulneravel\/\" \/>\n<meta property=\"og:locale\" content=\"pt_BR\" \/>\n<meta property=\"og:type\" content=\"article\" \/>\n<meta property=\"og:title\" content=\"Pol\u00edcia Civil cumpre mandado de pris\u00e3o contra investigado por estupro de vulner\u00e1vel - Regi\u00e3o News\" \/>\n<meta property=\"og:description\" content=\"Na tarde desta quinta-feira, 27 de fevereiro de 2025, a\" \/>\n<meta property=\"og:url\" content=\"https:\/\/regiaonews.net.br\/2022\/2025\/02\/28\/policia-civil-cumpre-mandado-de-prisao-contra-investigado-por-estupro-de-vulneravel\/\" \/>\n<meta property=\"og:site_name\" content=\"Regi\u00e3o News\" \/>\n<meta property=\"article:published_time\" content=\"2025-02-28T17:06:43+00:00\" \/>\n<meta property=\"og:image\" content=\"https:\/\/regiaonews.net.br\/2022\/wp-content\/uploads\/2025\/02\/Imagem-do-WhatsApp-de-2025-02-28-as-09.35.53_b876165a.jpg\" \/>\n\t<meta property=\"og:image:width\" content=\"1200\" \/>\n\t<meta property=\"og:image:height\" content=\"1600\" \/>\n\t<meta property=\"og:image:type\" content=\"image\/jpeg\" \/>\n<meta name=\"author\" content=\"Roberto\" \/>\n<meta name=\"twitter:card\" content=\"summary_large_image\" \/>\n<meta name=\"twitter:label1\" content=\"Escrito por\" \/>\n\t<meta name=\"twitter:data1\" content=\"Roberto\" \/>\n\t<meta name=\"twitter:label2\" content=\"Est. tempo de leitura\" \/>\n\t<meta name=\"twitter:data2\" content=\"2 minutos\" \/>\n<script type=\"application\/ld+json\" class=\"yoast-schema-graph\">{\"@context\":\"https:\\\/\\\/schema.org\",\"@graph\":[{\"@type\":\"Article\",\"@id\":\"https:\\\/\\\/regiaonews.net.br\\\/2022\\\/2025\\\/02\\\/28\\\/policia-civil-cumpre-mandado-de-prisao-contra-investigado-por-estupro-de-vulneravel\\\/#article\",\"isPartOf\":{\"@id\":\"https:\\\/\\\/regiaonews.net.br\\\/2022\\\/2025\\\/02\\\/28\\\/policia-civil-cumpre-mandado-de-prisao-contra-investigado-por-estupro-de-vulneravel\\\/\"},\"author\":{\"name\":\"Roberto\",\"@id\":\"https:\\\/\\\/regiaonews.net.br\\\/2022\\\/#\\\/schema\\\/person\\\/2d205a608a5aa97ac279d7a5e6d89ad8\"},\"headline\":\"Pol\u00edcia Civil cumpre mandado de pris\u00e3o contra investigado por estupro de vulner\u00e1vel\",\"datePublished\":\"2025-02-28T17:06:43+00:00\",\"mainEntityOfPage\":{\"@id\":\"https:\\\/\\\/regiaonews.net.br\\\/2022\\\/2025\\\/02\\\/28\\\/policia-civil-cumpre-mandado-de-prisao-contra-investigado-por-estupro-de-vulneravel\\\/\"},\"wordCount\":215,\"commentCount\":0,\"publisher\":{\"@id\":\"https:\\\/\\\/regiaonews.net.br\\\/2022\\\/#organization\"},\"image\":{\"@id\":\"https:\\\/\\\/regiaonews.net.br\\\/2022\\\/2025\\\/02\\\/28\\\/policia-civil-cumpre-mandado-de-prisao-contra-investigado-por-estupro-de-vulneravel\\\/#primaryimage\"},\"thumbnailUrl\":\"https:\\\/\\\/regiaonews.net.br\\\/2022\\\/wp-content\\\/uploads\\\/2025\\\/02\\\/Imagem-do-WhatsApp-de-2025-02-28-as-09.35.53_b876165a.jpg\",\"articleSection\":[\"Barretos\",\"Policia\"],\"inLanguage\":\"pt-BR\",\"potentialAction\":[{\"@type\":\"CommentAction\",\"name\":\"Comment\",\"target\":[\"https:\\\/\\\/regiaonews.net.br\\\/2022\\\/2025\\\/02\\\/28\\\/policia-civil-cumpre-mandado-de-prisao-contra-investigado-por-estupro-de-vulneravel\\\/#respond\"]}]},{\"@type\":\"WebPage\",\"@id\":\"https:\\\/\\\/regiaonews.net.br\\\/2022\\\/2025\\\/02\\\/28\\\/policia-civil-cumpre-mandado-de-prisao-contra-investigado-por-estupro-de-vulneravel\\\/\",\"url\":\"https:\\\/\\\/regiaonews.net.br\\\/2022\\\/2025\\\/02\\\/28\\\/policia-civil-cumpre-mandado-de-prisao-contra-investigado-por-estupro-de-vulneravel\\\/\",\"name\":\"Pol\u00edcia Civil cumpre mandado de pris\u00e3o contra investigado por estupro de vulner\u00e1vel - Regi\u00e3o News\",\"isPartOf\":{\"@id\":\"https:\\\/\\\/regiaonews.net.br\\\/2022\\\/#website\"},\"primaryImageOfPage\":{\"@id\":\"https:\\\/\\\/regiaonews.net.br\\\/2022\\\/2025\\\/02\\\/28\\\/policia-civil-cumpre-mandado-de-prisao-contra-investigado-por-estupro-de-vulneravel\\\/#primaryimage\"},\"image\":{\"@id\":\"https:\\\/\\\/regiaonews.net.br\\\/2022\\\/2025\\\/02\\\/28\\\/policia-civil-cumpre-mandado-de-prisao-contra-investigado-por-estupro-de-vulneravel\\\/#primaryimage\"},\"thumbnailUrl\":\"https:\\\/\\\/regiaonews.net.br\\\/2022\\\/wp-content\\\/uploads\\\/2025\\\/02\\\/Imagem-do-WhatsApp-de-2025-02-28-as-09.35.53_b876165a.jpg\",\"datePublished\":\"2025-02-28T17:06:43+00:00\",\"breadcrumb\":{\"@id\":\"https:\\\/\\\/regiaonews.net.br\\\/2022\\\/2025\\\/02\\\/28\\\/policia-civil-cumpre-mandado-de-prisao-contra-investigado-por-estupro-de-vulneravel\\\/#breadcrumb\"},\"inLanguage\":\"pt-BR\",\"potentialAction\":[{\"@type\":\"ReadAction\",\"target\":[\"https:\\\/\\\/regiaonews.net.br\\\/2022\\\/2025\\\/02\\\/28\\\/policia-civil-cumpre-mandado-de-prisao-contra-investigado-por-estupro-de-vulneravel\\\/\"]}]},{\"@type\":\"ImageObject\",\"inLanguage\":\"pt-BR\",\"@id\":\"https:\\\/\\\/regiaonews.net.br\\\/2022\\\/2025\\\/02\\\/28\\\/policia-civil-cumpre-mandado-de-prisao-contra-investigado-por-estupro-de-vulneravel\\\/#primaryimage\",\"url\":\"https:\\\/\\\/regiaonews.net.br\\\/2022\\\/wp-content\\\/uploads\\\/2025\\\/02\\\/Imagem-do-WhatsApp-de-2025-02-28-as-09.35.53_b876165a.jpg\",\"contentUrl\":\"https:\\\/\\\/regiaonews.net.br\\\/2022\\\/wp-content\\\/uploads\\\/2025\\\/02\\\/Imagem-do-WhatsApp-de-2025-02-28-as-09.35.53_b876165a.jpg\",\"width\":1200,\"height\":1600},{\"@type\":\"BreadcrumbList\",\"@id\":\"https:\\\/\\\/regiaonews.net.br\\\/2022\\\/2025\\\/02\\\/28\\\/policia-civil-cumpre-mandado-de-prisao-contra-investigado-por-estupro-de-vulneravel\\\/#breadcrumb\",\"itemListElement\":[{\"@type\":\"ListItem\",\"position\":1,\"name\":\"In\u00edcio\",\"item\":\"https:\\\/\\\/regiaonews.net.br\\\/2022\\\/\"},{\"@type\":\"ListItem\",\"position\":2,\"name\":\"Pol\u00edcia Civil cumpre mandado de pris\u00e3o contra investigado por estupro de vulner\u00e1vel\"}]},{\"@type\":\"WebSite\",\"@id\":\"https:\\\/\\\/regiaonews.net.br\\\/2022\\\/#website\",\"url\":\"https:\\\/\\\/regiaonews.net.br\\\/2022\\\/\",\"name\":\"Regi\u00e3o News\",\"description\":\"Site de Not\u00edcias de Barretos e regi\u00e3o\",\"publisher\":{\"@id\":\"https:\\\/\\\/regiaonews.net.br\\\/2022\\\/#organization\"},\"potentialAction\":[{\"@type\":\"SearchAction\",\"target\":{\"@type\":\"EntryPoint\",\"urlTemplate\":\"https:\\\/\\\/regiaonews.net.br\\\/2022\\\/?s={search_term_string}\"},\"query-input\":{\"@type\":\"PropertyValueSpecification\",\"valueRequired\":true,\"valueName\":\"search_term_string\"}}],\"inLanguage\":\"pt-BR\"},{\"@type\":\"Organization\",\"@id\":\"https:\\\/\\\/regiaonews.net.br\\\/2022\\\/#organization\",\"name\":\"Regi\u00e3o News\",\"url\":\"https:\\\/\\\/regiaonews.net.br\\\/2022\\\/\",\"logo\":{\"@type\":\"ImageObject\",\"inLanguage\":\"pt-BR\",\"@id\":\"https:\\\/\\\/regiaonews.net.br\\\/2022\\\/#\\\/schema\\\/logo\\\/image\\\/\",\"url\":\"https:\\\/\\\/regiaonews.net.br\\\/2022\\\/wp-content\\\/uploads\\\/2026\\\/03\\\/regiao-13-anos-scaled.jpg\",\"contentUrl\":\"https:\\\/\\\/regiaonews.net.br\\\/2022\\\/wp-content\\\/uploads\\\/2026\\\/03\\\/regiao-13-anos-scaled.jpg\",\"width\":2560,\"height\":635,\"caption\":\"Regi\u00e3o News\"},\"image\":{\"@id\":\"https:\\\/\\\/regiaonews.net.br\\\/2022\\\/#\\\/schema\\\/logo\\\/image\\\/\"}},{\"@type\":\"Person\",\"@id\":\"https:\\\/\\\/regiaonews.net.br\\\/2022\\\/#\\\/schema\\\/person\\\/2d205a608a5aa97ac279d7a5e6d89ad8\",\"name\":\"Roberto\",\"image\":{\"@type\":\"ImageObject\",\"inLanguage\":\"pt-BR\",\"@id\":\"https:\\\/\\\/secure.gravatar.com\\\/avatar\\\/42749d8b712ff9d59ca93dc150494e5b55a44134482993f5baeb97e61b7ecc89?s=96&d=mm&r=g\",\"url\":\"https:\\\/\\\/secure.gravatar.com\\\/avatar\\\/42749d8b712ff9d59ca93dc150494e5b55a44134482993f5baeb97e61b7ecc89?s=96&d=mm&r=g\",\"contentUrl\":\"https:\\\/\\\/secure.gravatar.com\\\/avatar\\\/42749d8b712ff9d59ca93dc150494e5b55a44134482993f5baeb97e61b7ecc89?s=96&d=mm&r=g\",\"caption\":\"Roberto\"},\"url\":\"https:\\\/\\\/regiaonews.net.br\\\/2022\\\/author\\\/roberto\\\/\"}]}<\/script>\n<!-- \/ Yoast SEO plugin. -->","yoast_head_json":{"title":"Pol\u00edcia Civil cumpre mandado de pris\u00e3o contra investigado por estupro de vulner\u00e1vel - Regi\u00e3o News","robots":{"index":"index","follow":"follow","max-snippet":"max-snippet:-1","max-image-preview":"max-image-preview:large","max-video-preview":"max-video-preview:-1"},"canonical":"https:\/\/regiaonews.net.br\/2022\/2025\/02\/28\/policia-civil-cumpre-mandado-de-prisao-contra-investigado-por-estupro-de-vulneravel\/","og_locale":"pt_BR","og_type":"article","og_title":"Pol\u00edcia Civil cumpre mandado de pris\u00e3o contra investigado por estupro de vulner\u00e1vel - Regi\u00e3o News","og_description":"Na tarde desta quinta-feira, 27 de fevereiro de 2025, a","og_url":"https:\/\/regiaonews.net.br\/2022\/2025\/02\/28\/policia-civil-cumpre-mandado-de-prisao-contra-investigado-por-estupro-de-vulneravel\/","og_site_name":"Regi\u00e3o News","article_published_time":"2025-02-28T17:06:43+00:00","og_image":[{"width":1200,"height":1600,"url":"https:\/\/regiaonews.net.br\/2022\/wp-content\/uploads\/2025\/02\/Imagem-do-WhatsApp-de-2025-02-28-as-09.35.53_b876165a.jpg","type":"image\/jpeg"}],"author":"Roberto","twitter_card":"summary_large_image","twitter_misc":{"Escrito por":"Roberto","Est. tempo de leitura":"2 minutos"},"schema":{"@context":"https:\/\/schema.org","@graph":[{"@type":"Article","@id":"https:\/\/regiaonews.net.br\/2022\/2025\/02\/28\/policia-civil-cumpre-mandado-de-prisao-contra-investigado-por-estupro-de-vulneravel\/#article","isPartOf":{"@id":"https:\/\/regiaonews.net.br\/2022\/2025\/02\/28\/policia-civil-cumpre-mandado-de-prisao-contra-investigado-por-estupro-de-vulneravel\/"},"author":{"name":"Roberto","@id":"https:\/\/regiaonews.net.br\/2022\/#\/schema\/person\/2d205a608a5aa97ac279d7a5e6d89ad8"},"headline":"Pol\u00edcia Civil cumpre mandado de pris\u00e3o contra investigado por estupro de vulner\u00e1vel","datePublished":"2025-02-28T17:06:43+00:00","mainEntityOfPage":{"@id":"https:\/\/regiaonews.net.br\/2022\/2025\/02\/28\/policia-civil-cumpre-mandado-de-prisao-contra-investigado-por-estupro-de-vulneravel\/"},"wordCount":215,"commentCount":0,"publisher":{"@id":"https:\/\/regiaonews.net.br\/2022\/#organization"},"image":{"@id":"https:\/\/regiaonews.net.br\/2022\/2025\/02\/28\/policia-civil-cumpre-mandado-de-prisao-contra-investigado-por-estupro-de-vulneravel\/#primaryimage"},"thumbnailUrl":"https:\/\/regiaonews.net.br\/2022\/wp-content\/uploads\/2025\/02\/Imagem-do-WhatsApp-de-2025-02-28-as-09.35.53_b876165a.jpg","articleSection":["Barretos","Policia"],"inLanguage":"pt-BR","potentialAction":[{"@type":"CommentAction","name":"Comment","target":["https:\/\/regiaonews.net.br\/2022\/2025\/02\/28\/policia-civil-cumpre-mandado-de-prisao-contra-investigado-por-estupro-de-vulneravel\/#respond"]}]},{"@type":"WebPage","@id":"https:\/\/regiaonews.net.br\/2022\/2025\/02\/28\/policia-civil-cumpre-mandado-de-prisao-contra-investigado-por-estupro-de-vulneravel\/","url":"https:\/\/regiaonews.net.br\/2022\/2025\/02\/28\/policia-civil-cumpre-mandado-de-prisao-contra-investigado-por-estupro-de-vulneravel\/","name":"Pol\u00edcia Civil cumpre mandado de pris\u00e3o contra investigado por estupro de vulner\u00e1vel - Regi\u00e3o News","isPartOf":{"@id":"https:\/\/regiaonews.net.br\/2022\/#website"},"primaryImageOfPage":{"@id":"https:\/\/regiaonews.net.br\/2022\/2025\/02\/28\/policia-civil-cumpre-mandado-de-prisao-contra-investigado-por-estupro-de-vulneravel\/#primaryimage"},"image":{"@id":"https:\/\/regiaonews.net.br\/2022\/2025\/02\/28\/policia-civil-cumpre-mandado-de-prisao-contra-investigado-por-estupro-de-vulneravel\/#primaryimage"},"thumbnailUrl":"https:\/\/regiaonews.net.br\/2022\/wp-content\/uploads\/2025\/02\/Imagem-do-WhatsApp-de-2025-02-28-as-09.35.53_b876165a.jpg","datePublished":"2025-02-28T17:06:43+00:00","breadcrumb":{"@id":"https:\/\/regiaonews.net.br\/2022\/2025\/02\/28\/policia-civil-cumpre-mandado-de-prisao-contra-investigado-por-estupro-de-vulneravel\/#breadcrumb"},"inLanguage":"pt-BR","potentialAction":[{"@type":"ReadAction","target":["https:\/\/regiaonews.net.br\/2022\/2025\/02\/28\/policia-civil-cumpre-mandado-de-prisao-contra-investigado-por-estupro-de-vulneravel\/"]}]},{"@type":"ImageObject","inLanguage":"pt-BR","@id":"https:\/\/regiaonews.net.br\/2022\/2025\/02\/28\/policia-civil-cumpre-mandado-de-prisao-contra-investigado-por-estupro-de-vulneravel\/#primaryimage","url":"https:\/\/regiaonews.net.br\/2022\/wp-content\/uploads\/2025\/02\/Imagem-do-WhatsApp-de-2025-02-28-as-09.35.53_b876165a.jpg","contentUrl":"https:\/\/regiaonews.net.br\/2022\/wp-content\/uploads\/2025\/02\/Imagem-do-WhatsApp-de-2025-02-28-as-09.35.53_b876165a.jpg","width":1200,"height":1600},{"@type":"BreadcrumbList","@id":"https:\/\/regiaonews.net.br\/2022\/2025\/02\/28\/policia-civil-cumpre-mandado-de-prisao-contra-investigado-por-estupro-de-vulneravel\/#breadcrumb","itemListElement":[{"@type":"ListItem","position":1,"name":"In\u00edcio","item":"https:\/\/regiaonews.net.br\/2022\/"},{"@type":"ListItem","position":2,"name":"Pol\u00edcia Civil cumpre mandado de pris\u00e3o contra investigado por estupro de vulner\u00e1vel"}]},{"@type":"WebSite","@id":"https:\/\/regiaonews.net.br\/2022\/#website","url":"https:\/\/regiaonews.net.br\/2022\/","name":"Regi\u00e3o News","description":"Site de Not\u00edcias de Barretos e regi\u00e3o","publisher":{"@id":"https:\/\/regiaonews.net.br\/2022\/#organization"},"potentialAction":[{"@type":"SearchAction","target":{"@type":"EntryPoint","urlTemplate":"https:\/\/regiaonews.net.br\/2022\/?s={search_term_string}"},"query-input":{"@type":"PropertyValueSpecification","valueRequired":true,"valueName":"search_term_string"}}],"inLanguage":"pt-BR"},{"@type":"Organization","@id":"https:\/\/regiaonews.net.br\/2022\/#organization","name":"Regi\u00e3o News","url":"https:\/\/regiaonews.net.br\/2022\/","logo":{"@type":"ImageObject","inLanguage":"pt-BR","@id":"https:\/\/regiaonews.net.br\/2022\/#\/schema\/logo\/image\/","url":"https:\/\/regiaonews.net.br\/2022\/wp-content\/uploads\/2026\/03\/regiao-13-anos-scaled.jpg","contentUrl":"https:\/\/regiaonews.net.br\/2022\/wp-content\/uploads\/2026\/03\/regiao-13-anos-scaled.jpg","width":2560,"height":635,"caption":"Regi\u00e3o News"},"image":{"@id":"https:\/\/regiaonews.net.br\/2022\/#\/schema\/logo\/image\/"}},{"@type":"Person","@id":"https:\/\/regiaonews.net.br\/2022\/#\/schema\/person\/2d205a608a5aa97ac279d7a5e6d89ad8","name":"Roberto","image":{"@type":"ImageObject","inLanguage":"pt-BR","@id":"https:\/\/secure.gravatar.com\/avatar\/42749d8b712ff9d59ca93dc150494e5b55a44134482993f5baeb97e61b7ecc89?s=96&d=mm&r=g","url":"https:\/\/secure.gravatar.com\/avatar\/42749d8b712ff9d59ca93dc150494e5b55a44134482993f5baeb97e61b7ecc89?s=96&d=mm&r=g","contentUrl":"https:\/\/secure.gravatar.com\/avatar\/42749d8b712ff9d59ca93dc150494e5b55a44134482993f5baeb97e61b7ecc89?s=96&d=mm&r=g","caption":"Roberto"},"url":"https:\/\/regiaonews.net.br\/2022\/author\/roberto\/"}]}},"publishpress_future_action":{"enabled":false,"date":"2026-05-02 03:47:04","action":"change-status","newStatus":"draft","terms":[],"taxonomy":"category","extraData":[]},"publishpress_future_workflow_manual_trigger":{"enabledWorkflows":[]},"_links":{"self":[{"href":"https:\/\/regiaonews.net.br\/2022\/wp-json\/wp\/v2\/posts\/115092","targetHints":{"allow":["GET"]}}],"collection":[{"href":"https:\/\/regiaonews.net.br\/2022\/wp-json\/wp\/v2\/posts"}],"about":[{"href":"https:\/\/regiaonews.net.br\/2022\/wp-json\/wp\/v2\/types\/post"}],"author":[{"embeddable":true,"href":"https:\/\/regiaonews.net.br\/2022\/wp-json\/wp\/v2\/users\/2"}],"replies":[{"embeddable":true,"href":"https:\/\/regiaonews.net.br\/2022\/wp-json\/wp\/v2\/comments?post=115092"}],"version-history":[{"count":1,"href":"https:\/\/regiaonews.net.br\/2022\/wp-json\/wp\/v2\/posts\/115092\/revisions"}],"predecessor-version":[{"id":115094,"href":"https:\/\/regiaonews.net.br\/2022\/wp-json\/wp\/v2\/posts\/115092\/revisions\/115094"}],"wp:featuredmedia":[{"embeddable":true,"href":"https:\/\/regiaonews.net.br\/2022\/wp-json\/wp\/v2\/media\/115093"}],"wp:attachment":[{"href":"https:\/\/regiaonews.net.br\/2022\/wp-json\/wp\/v2\/media?parent=115092"}],"wp:term":[{"taxonomy":"category","embeddable":true,"href":"https:\/\/regiaonews.net.br\/2022\/wp-json\/wp\/v2\/categories?post=115092"},{"taxonomy":"post_tag","embeddable":true,"href":"https:\/\/regiaonews.net.br\/2022\/wp-json\/wp\/v2\/tags?post=115092"}],"curies":[{"name":"wp","href":"https:\/\/api.w.org\/{rel}","templated":true}]}}