{"id":115075,"date":"2025-02-27T18:47:34","date_gmt":"2025-02-27T21:47:34","guid":{"rendered":"https:\/\/regiaonews.net.br\/2022\/?p=115075"},"modified":"2025-02-27T18:47:34","modified_gmt":"2025-02-27T21:47:34","slug":"receita-municipal-esclarece-que-656-carnes-foram-emitidos-sem-cpf-vinculado","status":"publish","type":"post","link":"https:\/\/regiaonews.net.br\/2022\/2025\/02\/27\/receita-municipal-esclarece-que-656-carnes-foram-emitidos-sem-cpf-vinculado\/","title":{"rendered":"Receita Municipal esclarece que 656 carn\u00eas foram emitidos sem CPF vinculado"},"content":{"rendered":"<p>&nbsp;<\/p>\n<p>O Departamento de Receita da Prefeitura de Barretos esclareceu que dos 63.087 carn\u00eas emitidos para o pagamento do IPTU (Imposto Predial Territorial Urbano), 656 n\u00e3o possuem CPF vinculado. Em raz\u00e3o dessa irregularidade, esses carn\u00eas podem ser pagos exclusivamente no Banco Santander, enquanto os demais podem ser quitados em qualquer institui\u00e7\u00e3o banc\u00e1ria.<br \/>\nA Prefeitura orienta que os 656 contribuintes afetados compare\u00e7am ao setor de im\u00f3veis do Departamento de Receita para realizar a atualiza\u00e7\u00e3o cadastral. \u201cPara apresentar os dados, \u00e9 necess\u00e1rio apresentar um dos seguintes documentos: matr\u00edcula ou escritura p\u00fablica do im\u00f3vel, contrato com for\u00e7a jur\u00eddica, ou certid\u00e3o de \u00f3bito ou documento judicial relacionado, al\u00e9m de documentos pessoais, como CPF, RG ou CIN \u2013 Carteira de Identidade Nacional\u201d, informou a nota.<br \/>\nSANTA CASA<br \/>\nEm rela\u00e7\u00e3o \u00e0 contribui\u00e7\u00e3o volunt\u00e1ria para a Santa Casa, destaca-se que a doa\u00e7\u00e3o n\u00e3o aparece na segunda via do carn\u00ea em formato de guia. No entanto, os contribuintes interessados em realizar a doa\u00e7\u00e3o podem solicitar a guia diretamente na Prefeitura, pois o valor da contribui\u00e7\u00e3o est\u00e1 registrado no cadastro do IPTU.<\/p>\n","protected":false},"excerpt":{"rendered":"<p>&nbsp; O Departamento de Receita da Prefeitura de Barretos esclareceu<\/p>\n","protected":false},"author":2,"featured_media":114533,"comment_status":"open","ping_status":"open","sticky":false,"template":"","format":"standard","meta":{"footnotes":""},"categories":[14,3],"tags":[],"class_list":["post-115075","post","type-post","status-publish","format-standard","has-post-thumbnail","hentry","category-barretos","category-geral"],"yoast_head":"<!-- This site is optimized with the Yoast SEO plugin v27.4 - https:\/\/yoast.com\/product\/yoast-seo-wordpress\/ -->\n<title>Receita Municipal esclarece que 656 carn\u00eas foram emitidos sem CPF vinculado - Regi\u00e3o News<\/title>\n<meta name=\"robots\" content=\"index, follow, max-snippet:-1, max-image-preview:large, max-video-preview:-1\" \/>\n<link rel=\"canonical\" href=\"https:\/\/regiaonews.net.br\/2022\/2025\/02\/27\/receita-municipal-esclarece-que-656-carnes-foram-emitidos-sem-cpf-vinculado\/\" \/>\n<meta property=\"og:locale\" content=\"pt_BR\" \/>\n<meta property=\"og:type\" content=\"article\" \/>\n<meta property=\"og:title\" content=\"Receita Municipal esclarece que 656 carn\u00eas foram emitidos sem CPF vinculado - Regi\u00e3o News\" \/>\n<meta property=\"og:description\" content=\"&nbsp; O Departamento de Receita da Prefeitura de Barretos esclareceu\" \/>\n<meta property=\"og:url\" content=\"https:\/\/regiaonews.net.br\/2022\/2025\/02\/27\/receita-municipal-esclarece-que-656-carnes-foram-emitidos-sem-cpf-vinculado\/\" \/>\n<meta property=\"og:site_name\" content=\"Regi\u00e3o News\" \/>\n<meta property=\"article:published_time\" content=\"2025-02-27T21:47:34+00:00\" \/>\n<meta property=\"og:image\" content=\"https:\/\/regiaonews.net.br\/2022\/wp-content\/uploads\/2025\/02\/Prefeitura.jpg\" \/>\n\t<meta property=\"og:image:width\" content=\"1024\" \/>\n\t<meta property=\"og:image:height\" content=\"679\" \/>\n\t<meta property=\"og:image:type\" content=\"image\/jpeg\" \/>\n<meta name=\"author\" content=\"Roberto\" \/>\n<meta name=\"twitter:card\" content=\"summary_large_image\" \/>\n<meta name=\"twitter:label1\" content=\"Escrito por\" \/>\n\t<meta name=\"twitter:data1\" content=\"Roberto\" \/>\n\t<meta name=\"twitter:label2\" content=\"Est. tempo de leitura\" \/>\n\t<meta name=\"twitter:data2\" content=\"2 minutos\" \/>\n<script type=\"application\/ld+json\" class=\"yoast-schema-graph\">{\"@context\":\"https:\\\/\\\/schema.org\",\"@graph\":[{\"@type\":\"Article\",\"@id\":\"https:\\\/\\\/regiaonews.net.br\\\/2022\\\/2025\\\/02\\\/27\\\/receita-municipal-esclarece-que-656-carnes-foram-emitidos-sem-cpf-vinculado\\\/#article\",\"isPartOf\":{\"@id\":\"https:\\\/\\\/regiaonews.net.br\\\/2022\\\/2025\\\/02\\\/27\\\/receita-municipal-esclarece-que-656-carnes-foram-emitidos-sem-cpf-vinculado\\\/\"},\"author\":{\"name\":\"Roberto\",\"@id\":\"https:\\\/\\\/regiaonews.net.br\\\/2022\\\/#\\\/schema\\\/person\\\/2d205a608a5aa97ac279d7a5e6d89ad8\"},\"headline\":\"Receita Municipal esclarece que 656 carn\u00eas foram emitidos sem CPF vinculado\",\"datePublished\":\"2025-02-27T21:47:34+00:00\",\"mainEntityOfPage\":{\"@id\":\"https:\\\/\\\/regiaonews.net.br\\\/2022\\\/2025\\\/02\\\/27\\\/receita-municipal-esclarece-que-656-carnes-foram-emitidos-sem-cpf-vinculado\\\/\"},\"wordCount\":202,\"commentCount\":0,\"publisher\":{\"@id\":\"https:\\\/\\\/regiaonews.net.br\\\/2022\\\/#organization\"},\"image\":{\"@id\":\"https:\\\/\\\/regiaonews.net.br\\\/2022\\\/2025\\\/02\\\/27\\\/receita-municipal-esclarece-que-656-carnes-foram-emitidos-sem-cpf-vinculado\\\/#primaryimage\"},\"thumbnailUrl\":\"https:\\\/\\\/regiaonews.net.br\\\/2022\\\/wp-content\\\/uploads\\\/2025\\\/02\\\/Prefeitura.jpg\",\"articleSection\":[\"Barretos\",\"Geral\"],\"inLanguage\":\"pt-BR\",\"potentialAction\":[{\"@type\":\"CommentAction\",\"name\":\"Comment\",\"target\":[\"https:\\\/\\\/regiaonews.net.br\\\/2022\\\/2025\\\/02\\\/27\\\/receita-municipal-esclarece-que-656-carnes-foram-emitidos-sem-cpf-vinculado\\\/#respond\"]}]},{\"@type\":\"WebPage\",\"@id\":\"https:\\\/\\\/regiaonews.net.br\\\/2022\\\/2025\\\/02\\\/27\\\/receita-municipal-esclarece-que-656-carnes-foram-emitidos-sem-cpf-vinculado\\\/\",\"url\":\"https:\\\/\\\/regiaonews.net.br\\\/2022\\\/2025\\\/02\\\/27\\\/receita-municipal-esclarece-que-656-carnes-foram-emitidos-sem-cpf-vinculado\\\/\",\"name\":\"Receita Municipal esclarece que 656 carn\u00eas foram emitidos sem CPF vinculado - Regi\u00e3o News\",\"isPartOf\":{\"@id\":\"https:\\\/\\\/regiaonews.net.br\\\/2022\\\/#website\"},\"primaryImageOfPage\":{\"@id\":\"https:\\\/\\\/regiaonews.net.br\\\/2022\\\/2025\\\/02\\\/27\\\/receita-municipal-esclarece-que-656-carnes-foram-emitidos-sem-cpf-vinculado\\\/#primaryimage\"},\"image\":{\"@id\":\"https:\\\/\\\/regiaonews.net.br\\\/2022\\\/2025\\\/02\\\/27\\\/receita-municipal-esclarece-que-656-carnes-foram-emitidos-sem-cpf-vinculado\\\/#primaryimage\"},\"thumbnailUrl\":\"https:\\\/\\\/regiaonews.net.br\\\/2022\\\/wp-content\\\/uploads\\\/2025\\\/02\\\/Prefeitura.jpg\",\"datePublished\":\"2025-02-27T21:47:34+00:00\",\"breadcrumb\":{\"@id\":\"https:\\\/\\\/regiaonews.net.br\\\/2022\\\/2025\\\/02\\\/27\\\/receita-municipal-esclarece-que-656-carnes-foram-emitidos-sem-cpf-vinculado\\\/#breadcrumb\"},\"inLanguage\":\"pt-BR\",\"potentialAction\":[{\"@type\":\"ReadAction\",\"target\":[\"https:\\\/\\\/regiaonews.net.br\\\/2022\\\/2025\\\/02\\\/27\\\/receita-municipal-esclarece-que-656-carnes-foram-emitidos-sem-cpf-vinculado\\\/\"]}]},{\"@type\":\"ImageObject\",\"inLanguage\":\"pt-BR\",\"@id\":\"https:\\\/\\\/regiaonews.net.br\\\/2022\\\/2025\\\/02\\\/27\\\/receita-municipal-esclarece-que-656-carnes-foram-emitidos-sem-cpf-vinculado\\\/#primaryimage\",\"url\":\"https:\\\/\\\/regiaonews.net.br\\\/2022\\\/wp-content\\\/uploads\\\/2025\\\/02\\\/Prefeitura.jpg\",\"contentUrl\":\"https:\\\/\\\/regiaonews.net.br\\\/2022\\\/wp-content\\\/uploads\\\/2025\\\/02\\\/Prefeitura.jpg\",\"width\":1024,\"height\":679},{\"@type\":\"BreadcrumbList\",\"@id\":\"https:\\\/\\\/regiaonews.net.br\\\/2022\\\/2025\\\/02\\\/27\\\/receita-municipal-esclarece-que-656-carnes-foram-emitidos-sem-cpf-vinculado\\\/#breadcrumb\",\"itemListElement\":[{\"@type\":\"ListItem\",\"position\":1,\"name\":\"In\u00edcio\",\"item\":\"https:\\\/\\\/regiaonews.net.br\\\/2022\\\/\"},{\"@type\":\"ListItem\",\"position\":2,\"name\":\"Receita Municipal esclarece que 656 carn\u00eas foram emitidos sem CPF vinculado\"}]},{\"@type\":\"WebSite\",\"@id\":\"https:\\\/\\\/regiaonews.net.br\\\/2022\\\/#website\",\"url\":\"https:\\\/\\\/regiaonews.net.br\\\/2022\\\/\",\"name\":\"Regi\u00e3o News\",\"description\":\"Site de Not\u00edcias de Barretos e regi\u00e3o\",\"publisher\":{\"@id\":\"https:\\\/\\\/regiaonews.net.br\\\/2022\\\/#organization\"},\"potentialAction\":[{\"@type\":\"SearchAction\",\"target\":{\"@type\":\"EntryPoint\",\"urlTemplate\":\"https:\\\/\\\/regiaonews.net.br\\\/2022\\\/?s={search_term_string}\"},\"query-input\":{\"@type\":\"PropertyValueSpecification\",\"valueRequired\":true,\"valueName\":\"search_term_string\"}}],\"inLanguage\":\"pt-BR\"},{\"@type\":\"Organization\",\"@id\":\"https:\\\/\\\/regiaonews.net.br\\\/2022\\\/#organization\",\"name\":\"Regi\u00e3o News\",\"url\":\"https:\\\/\\\/regiaonews.net.br\\\/2022\\\/\",\"logo\":{\"@type\":\"ImageObject\",\"inLanguage\":\"pt-BR\",\"@id\":\"https:\\\/\\\/regiaonews.net.br\\\/2022\\\/#\\\/schema\\\/logo\\\/image\\\/\",\"url\":\"https:\\\/\\\/regiaonews.net.br\\\/2022\\\/wp-content\\\/uploads\\\/2026\\\/03\\\/regiao-13-anos-scaled.jpg\",\"contentUrl\":\"https:\\\/\\\/regiaonews.net.br\\\/2022\\\/wp-content\\\/uploads\\\/2026\\\/03\\\/regiao-13-anos-scaled.jpg\",\"width\":2560,\"height\":635,\"caption\":\"Regi\u00e3o News\"},\"image\":{\"@id\":\"https:\\\/\\\/regiaonews.net.br\\\/2022\\\/#\\\/schema\\\/logo\\\/image\\\/\"}},{\"@type\":\"Person\",\"@id\":\"https:\\\/\\\/regiaonews.net.br\\\/2022\\\/#\\\/schema\\\/person\\\/2d205a608a5aa97ac279d7a5e6d89ad8\",\"name\":\"Roberto\",\"image\":{\"@type\":\"ImageObject\",\"inLanguage\":\"pt-BR\",\"@id\":\"https:\\\/\\\/secure.gravatar.com\\\/avatar\\\/42749d8b712ff9d59ca93dc150494e5b55a44134482993f5baeb97e61b7ecc89?s=96&d=mm&r=g\",\"url\":\"https:\\\/\\\/secure.gravatar.com\\\/avatar\\\/42749d8b712ff9d59ca93dc150494e5b55a44134482993f5baeb97e61b7ecc89?s=96&d=mm&r=g\",\"contentUrl\":\"https:\\\/\\\/secure.gravatar.com\\\/avatar\\\/42749d8b712ff9d59ca93dc150494e5b55a44134482993f5baeb97e61b7ecc89?s=96&d=mm&r=g\",\"caption\":\"Roberto\"},\"url\":\"https:\\\/\\\/regiaonews.net.br\\\/2022\\\/author\\\/roberto\\\/\"}]}<\/script>\n<!-- \/ Yoast SEO plugin. -->","yoast_head_json":{"title":"Receita Municipal esclarece que 656 carn\u00eas foram emitidos sem CPF vinculado - Regi\u00e3o News","robots":{"index":"index","follow":"follow","max-snippet":"max-snippet:-1","max-image-preview":"max-image-preview:large","max-video-preview":"max-video-preview:-1"},"canonical":"https:\/\/regiaonews.net.br\/2022\/2025\/02\/27\/receita-municipal-esclarece-que-656-carnes-foram-emitidos-sem-cpf-vinculado\/","og_locale":"pt_BR","og_type":"article","og_title":"Receita Municipal esclarece que 656 carn\u00eas foram emitidos sem CPF vinculado - Regi\u00e3o News","og_description":"&nbsp; O Departamento de Receita da Prefeitura de Barretos esclareceu","og_url":"https:\/\/regiaonews.net.br\/2022\/2025\/02\/27\/receita-municipal-esclarece-que-656-carnes-foram-emitidos-sem-cpf-vinculado\/","og_site_name":"Regi\u00e3o News","article_published_time":"2025-02-27T21:47:34+00:00","og_image":[{"width":1024,"height":679,"url":"https:\/\/regiaonews.net.br\/2022\/wp-content\/uploads\/2025\/02\/Prefeitura.jpg","type":"image\/jpeg"}],"author":"Roberto","twitter_card":"summary_large_image","twitter_misc":{"Escrito por":"Roberto","Est. tempo de leitura":"2 minutos"},"schema":{"@context":"https:\/\/schema.org","@graph":[{"@type":"Article","@id":"https:\/\/regiaonews.net.br\/2022\/2025\/02\/27\/receita-municipal-esclarece-que-656-carnes-foram-emitidos-sem-cpf-vinculado\/#article","isPartOf":{"@id":"https:\/\/regiaonews.net.br\/2022\/2025\/02\/27\/receita-municipal-esclarece-que-656-carnes-foram-emitidos-sem-cpf-vinculado\/"},"author":{"name":"Roberto","@id":"https:\/\/regiaonews.net.br\/2022\/#\/schema\/person\/2d205a608a5aa97ac279d7a5e6d89ad8"},"headline":"Receita Municipal esclarece que 656 carn\u00eas foram emitidos sem CPF vinculado","datePublished":"2025-02-27T21:47:34+00:00","mainEntityOfPage":{"@id":"https:\/\/regiaonews.net.br\/2022\/2025\/02\/27\/receita-municipal-esclarece-que-656-carnes-foram-emitidos-sem-cpf-vinculado\/"},"wordCount":202,"commentCount":0,"publisher":{"@id":"https:\/\/regiaonews.net.br\/2022\/#organization"},"image":{"@id":"https:\/\/regiaonews.net.br\/2022\/2025\/02\/27\/receita-municipal-esclarece-que-656-carnes-foram-emitidos-sem-cpf-vinculado\/#primaryimage"},"thumbnailUrl":"https:\/\/regiaonews.net.br\/2022\/wp-content\/uploads\/2025\/02\/Prefeitura.jpg","articleSection":["Barretos","Geral"],"inLanguage":"pt-BR","potentialAction":[{"@type":"CommentAction","name":"Comment","target":["https:\/\/regiaonews.net.br\/2022\/2025\/02\/27\/receita-municipal-esclarece-que-656-carnes-foram-emitidos-sem-cpf-vinculado\/#respond"]}]},{"@type":"WebPage","@id":"https:\/\/regiaonews.net.br\/2022\/2025\/02\/27\/receita-municipal-esclarece-que-656-carnes-foram-emitidos-sem-cpf-vinculado\/","url":"https:\/\/regiaonews.net.br\/2022\/2025\/02\/27\/receita-municipal-esclarece-que-656-carnes-foram-emitidos-sem-cpf-vinculado\/","name":"Receita Municipal esclarece que 656 carn\u00eas foram emitidos sem CPF vinculado - Regi\u00e3o News","isPartOf":{"@id":"https:\/\/regiaonews.net.br\/2022\/#website"},"primaryImageOfPage":{"@id":"https:\/\/regiaonews.net.br\/2022\/2025\/02\/27\/receita-municipal-esclarece-que-656-carnes-foram-emitidos-sem-cpf-vinculado\/#primaryimage"},"image":{"@id":"https:\/\/regiaonews.net.br\/2022\/2025\/02\/27\/receita-municipal-esclarece-que-656-carnes-foram-emitidos-sem-cpf-vinculado\/#primaryimage"},"thumbnailUrl":"https:\/\/regiaonews.net.br\/2022\/wp-content\/uploads\/2025\/02\/Prefeitura.jpg","datePublished":"2025-02-27T21:47:34+00:00","breadcrumb":{"@id":"https:\/\/regiaonews.net.br\/2022\/2025\/02\/27\/receita-municipal-esclarece-que-656-carnes-foram-emitidos-sem-cpf-vinculado\/#breadcrumb"},"inLanguage":"pt-BR","potentialAction":[{"@type":"ReadAction","target":["https:\/\/regiaonews.net.br\/2022\/2025\/02\/27\/receita-municipal-esclarece-que-656-carnes-foram-emitidos-sem-cpf-vinculado\/"]}]},{"@type":"ImageObject","inLanguage":"pt-BR","@id":"https:\/\/regiaonews.net.br\/2022\/2025\/02\/27\/receita-municipal-esclarece-que-656-carnes-foram-emitidos-sem-cpf-vinculado\/#primaryimage","url":"https:\/\/regiaonews.net.br\/2022\/wp-content\/uploads\/2025\/02\/Prefeitura.jpg","contentUrl":"https:\/\/regiaonews.net.br\/2022\/wp-content\/uploads\/2025\/02\/Prefeitura.jpg","width":1024,"height":679},{"@type":"BreadcrumbList","@id":"https:\/\/regiaonews.net.br\/2022\/2025\/02\/27\/receita-municipal-esclarece-que-656-carnes-foram-emitidos-sem-cpf-vinculado\/#breadcrumb","itemListElement":[{"@type":"ListItem","position":1,"name":"In\u00edcio","item":"https:\/\/regiaonews.net.br\/2022\/"},{"@type":"ListItem","position":2,"name":"Receita Municipal esclarece que 656 carn\u00eas foram emitidos sem CPF vinculado"}]},{"@type":"WebSite","@id":"https:\/\/regiaonews.net.br\/2022\/#website","url":"https:\/\/regiaonews.net.br\/2022\/","name":"Regi\u00e3o News","description":"Site de Not\u00edcias de Barretos e regi\u00e3o","publisher":{"@id":"https:\/\/regiaonews.net.br\/2022\/#organization"},"potentialAction":[{"@type":"SearchAction","target":{"@type":"EntryPoint","urlTemplate":"https:\/\/regiaonews.net.br\/2022\/?s={search_term_string}"},"query-input":{"@type":"PropertyValueSpecification","valueRequired":true,"valueName":"search_term_string"}}],"inLanguage":"pt-BR"},{"@type":"Organization","@id":"https:\/\/regiaonews.net.br\/2022\/#organization","name":"Regi\u00e3o News","url":"https:\/\/regiaonews.net.br\/2022\/","logo":{"@type":"ImageObject","inLanguage":"pt-BR","@id":"https:\/\/regiaonews.net.br\/2022\/#\/schema\/logo\/image\/","url":"https:\/\/regiaonews.net.br\/2022\/wp-content\/uploads\/2026\/03\/regiao-13-anos-scaled.jpg","contentUrl":"https:\/\/regiaonews.net.br\/2022\/wp-content\/uploads\/2026\/03\/regiao-13-anos-scaled.jpg","width":2560,"height":635,"caption":"Regi\u00e3o News"},"image":{"@id":"https:\/\/regiaonews.net.br\/2022\/#\/schema\/logo\/image\/"}},{"@type":"Person","@id":"https:\/\/regiaonews.net.br\/2022\/#\/schema\/person\/2d205a608a5aa97ac279d7a5e6d89ad8","name":"Roberto","image":{"@type":"ImageObject","inLanguage":"pt-BR","@id":"https:\/\/secure.gravatar.com\/avatar\/42749d8b712ff9d59ca93dc150494e5b55a44134482993f5baeb97e61b7ecc89?s=96&d=mm&r=g","url":"https:\/\/secure.gravatar.com\/avatar\/42749d8b712ff9d59ca93dc150494e5b55a44134482993f5baeb97e61b7ecc89?s=96&d=mm&r=g","contentUrl":"https:\/\/secure.gravatar.com\/avatar\/42749d8b712ff9d59ca93dc150494e5b55a44134482993f5baeb97e61b7ecc89?s=96&d=mm&r=g","caption":"Roberto"},"url":"https:\/\/regiaonews.net.br\/2022\/author\/roberto\/"}]}},"publishpress_future_action":{"enabled":false,"date":"2026-05-03 05:52:13","action":"change-status","newStatus":"draft","terms":[],"taxonomy":"category","extraData":[]},"publishpress_future_workflow_manual_trigger":{"enabledWorkflows":[]},"_links":{"self":[{"href":"https:\/\/regiaonews.net.br\/2022\/wp-json\/wp\/v2\/posts\/115075","targetHints":{"allow":["GET"]}}],"collection":[{"href":"https:\/\/regiaonews.net.br\/2022\/wp-json\/wp\/v2\/posts"}],"about":[{"href":"https:\/\/regiaonews.net.br\/2022\/wp-json\/wp\/v2\/types\/post"}],"author":[{"embeddable":true,"href":"https:\/\/regiaonews.net.br\/2022\/wp-json\/wp\/v2\/users\/2"}],"replies":[{"embeddable":true,"href":"https:\/\/regiaonews.net.br\/2022\/wp-json\/wp\/v2\/comments?post=115075"}],"version-history":[{"count":1,"href":"https:\/\/regiaonews.net.br\/2022\/wp-json\/wp\/v2\/posts\/115075\/revisions"}],"predecessor-version":[{"id":115076,"href":"https:\/\/regiaonews.net.br\/2022\/wp-json\/wp\/v2\/posts\/115075\/revisions\/115076"}],"wp:featuredmedia":[{"embeddable":true,"href":"https:\/\/regiaonews.net.br\/2022\/wp-json\/wp\/v2\/media\/114533"}],"wp:attachment":[{"href":"https:\/\/regiaonews.net.br\/2022\/wp-json\/wp\/v2\/media?parent=115075"}],"wp:term":[{"taxonomy":"category","embeddable":true,"href":"https:\/\/regiaonews.net.br\/2022\/wp-json\/wp\/v2\/categories?post=115075"},{"taxonomy":"post_tag","embeddable":true,"href":"https:\/\/regiaonews.net.br\/2022\/wp-json\/wp\/v2\/tags?post=115075"}],"curies":[{"name":"wp","href":"https:\/\/api.w.org\/{rel}","templated":true}]}}