{"id":115071,"date":"2025-02-27T18:45:30","date_gmt":"2025-02-27T21:45:30","guid":{"rendered":"https:\/\/regiaonews.net.br\/2022\/?p=115071"},"modified":"2025-02-27T18:45:30","modified_gmt":"2025-02-27T21:45:30","slug":"prefeito-odair-silva-participa-de-encontro-empresarial-com-secretario-estadual-de-desenvolvimento-economico","status":"publish","type":"post","link":"https:\/\/regiaonews.net.br\/2022\/2025\/02\/27\/prefeito-odair-silva-participa-de-encontro-empresarial-com-secretario-estadual-de-desenvolvimento-economico\/","title":{"rendered":"Prefeito Odair Silva participa de encontro empresarial com Secret\u00e1rio Estadual de Desenvolvimento Econ\u00f4mico"},"content":{"rendered":"<p>Evento realizado no IRCAD Am\u00e9rica Latina reuniu lideran\u00e7as empresariais e representantes do poder p\u00fablico regional<\/p>\n<p>O prefeito da Est\u00e2ncia Tur\u00edstica de Barretos, Odair Silva, e o secret\u00e1rio de Desenvolvimento Econ\u00f4mico do Estado de S\u00e3o Paulo, Jorge Lima, participaram na tarde de quarta-feira, 26 de fevereiro, de um encontro empresarial para discutirem medidas de incentivo e fortalecimento da economia local, levando em conta as voca\u00e7\u00f5es da regi\u00e3o.<br \/>\nJorge Lima falou do potencial de Barretos na \u00e1rea tur\u00edstica e de sa\u00fade e confirmou que o desenvolvimento regional \u00e9 uma determina\u00e7\u00e3o do governador. \u201cEsta \u00e9 uma determina\u00e7\u00e3o do governador Tarc\u00edsio de Freitas. A nossa vis\u00e3o \u00e9 de manter as pessoas onde elas est\u00e3o. Desenvolver regionalmente, achar a voca\u00e7\u00e3o de cidade por cidade e incentivar esta voca\u00e7\u00e3o, para gerar emprego. Estamos criando dois polos de sa\u00fade muito fortes no Estado de S\u00e3o Paulo: um em Ribeir\u00e3o Preto e um aqui. Eu tenho esperan\u00e7a de que Barretos ser\u00e1 conhecida pelo rodeio, mas tamb\u00e9m pelo polo de sa\u00fade\u201d, comentou.<br \/>\nNa ocasi\u00e3o, Odair Silva destacou que o plano de desenvolvimento de Barretos, desde a sua campanha, \u00e9 tra\u00e7ado junto com o governo de S\u00e3o Paulo. \u201cBarretos passar\u00e1 a ser, sem d\u00favida alguma, o maior polo de sa\u00fade do Estado de S\u00e3o Paulo e, principalmente do Brasil, porque n\u00f3s estamos saindo na frente com as startups que j\u00e1 est\u00e3o funcionado, com o Harena Inova\u00e7\u00e3o aqui no IRCAD. E o secret\u00e1rio vem aqui para nos dizer que esta \u00e9 uma grande realidade. O processo de desenvolvimento de Barretos come\u00e7ou no dia 1\u00b0 de janeiro e n\u00e3o para mais\u201d, refor\u00e7ou.<br \/>\nPara o secret\u00e1rio municipal de Desenvolvimento Econ\u00f4mico &amp; Inova\u00e7\u00e3o, Thyago Abra\u00e3o, este apoio do governo do Estado ajudar\u00e1 a cidade a se desenvolver e crescer ainda mais. \u201cA vinda do secret\u00e1rio foi de extrema import\u00e2ncia porque reuniu dezenas de empres\u00e1rios barretenses e ele p\u00f4de falar sobre as nossas voca\u00e7\u00f5es e quais os caminhos para o desenvolvimento da nossa cidade. Foi muito proveitosa a visita dele\u201d, disse.<br \/>\nO evento, realizado no IRCAD Am\u00e9rica Latina, tamb\u00e9m reuniu lideran\u00e7as empresariais e representantes do poder p\u00fablico regional, como os prefeitos das cidades de Jaborandi, Silvio Vaz de Almeida, de Bebedouro, Lucas Seren, e de Pirangi, Vanderlei Robson de Oliveira.<\/p>\n","protected":false},"excerpt":{"rendered":"<p>Evento realizado no IRCAD Am\u00e9rica Latina reuniu lideran\u00e7as empresariais e<\/p>\n","protected":false},"author":2,"featured_media":115072,"comment_status":"open","ping_status":"open","sticky":false,"template":"","format":"standard","meta":{"footnotes":""},"categories":[14,3],"tags":[],"class_list":["post-115071","post","type-post","status-publish","format-standard","has-post-thumbnail","hentry","category-barretos","category-geral"],"yoast_head":"<!-- This site is optimized with the Yoast SEO plugin v27.4 - https:\/\/yoast.com\/product\/yoast-seo-wordpress\/ -->\n<title>Prefeito Odair Silva participa de encontro empresarial com Secret\u00e1rio Estadual de Desenvolvimento Econ\u00f4mico - Regi\u00e3o News<\/title>\n<meta name=\"robots\" content=\"index, follow, max-snippet:-1, max-image-preview:large, max-video-preview:-1\" \/>\n<link rel=\"canonical\" href=\"https:\/\/regiaonews.net.br\/2022\/2025\/02\/27\/prefeito-odair-silva-participa-de-encontro-empresarial-com-secretario-estadual-de-desenvolvimento-economico\/\" \/>\n<meta property=\"og:locale\" content=\"pt_BR\" \/>\n<meta property=\"og:type\" content=\"article\" \/>\n<meta property=\"og:title\" content=\"Prefeito Odair Silva participa de encontro empresarial com Secret\u00e1rio Estadual de Desenvolvimento Econ\u00f4mico - Regi\u00e3o News\" \/>\n<meta property=\"og:description\" content=\"Evento realizado no IRCAD Am\u00e9rica Latina reuniu lideran\u00e7as empresariais e\" \/>\n<meta property=\"og:url\" content=\"https:\/\/regiaonews.net.br\/2022\/2025\/02\/27\/prefeito-odair-silva-participa-de-encontro-empresarial-com-secretario-estadual-de-desenvolvimento-economico\/\" \/>\n<meta property=\"og:site_name\" content=\"Regi\u00e3o News\" \/>\n<meta property=\"article:published_time\" content=\"2025-02-27T21:45:30+00:00\" \/>\n<meta property=\"og:image\" content=\"https:\/\/regiaonews.net.br\/2022\/wp-content\/uploads\/2025\/02\/WhatsApp-Image-2025-02-27-at-15.26.44.jpeg\" \/>\n\t<meta property=\"og:image:width\" content=\"1600\" \/>\n\t<meta property=\"og:image:height\" content=\"1069\" \/>\n\t<meta property=\"og:image:type\" content=\"image\/jpeg\" \/>\n<meta name=\"author\" content=\"Roberto\" \/>\n<meta name=\"twitter:card\" content=\"summary_large_image\" \/>\n<meta name=\"twitter:label1\" content=\"Escrito por\" \/>\n\t<meta name=\"twitter:data1\" content=\"Roberto\" \/>\n\t<meta name=\"twitter:label2\" content=\"Est. tempo de leitura\" \/>\n\t<meta name=\"twitter:data2\" content=\"3 minutos\" \/>\n<script type=\"application\/ld+json\" class=\"yoast-schema-graph\">{\"@context\":\"https:\\\/\\\/schema.org\",\"@graph\":[{\"@type\":\"Article\",\"@id\":\"https:\\\/\\\/regiaonews.net.br\\\/2022\\\/2025\\\/02\\\/27\\\/prefeito-odair-silva-participa-de-encontro-empresarial-com-secretario-estadual-de-desenvolvimento-economico\\\/#article\",\"isPartOf\":{\"@id\":\"https:\\\/\\\/regiaonews.net.br\\\/2022\\\/2025\\\/02\\\/27\\\/prefeito-odair-silva-participa-de-encontro-empresarial-com-secretario-estadual-de-desenvolvimento-economico\\\/\"},\"author\":{\"name\":\"Roberto\",\"@id\":\"https:\\\/\\\/regiaonews.net.br\\\/2022\\\/#\\\/schema\\\/person\\\/2d205a608a5aa97ac279d7a5e6d89ad8\"},\"headline\":\"Prefeito Odair Silva participa de encontro empresarial com Secret\u00e1rio Estadual de Desenvolvimento Econ\u00f4mico\",\"datePublished\":\"2025-02-27T21:45:30+00:00\",\"mainEntityOfPage\":{\"@id\":\"https:\\\/\\\/regiaonews.net.br\\\/2022\\\/2025\\\/02\\\/27\\\/prefeito-odair-silva-participa-de-encontro-empresarial-com-secretario-estadual-de-desenvolvimento-economico\\\/\"},\"wordCount\":424,\"commentCount\":0,\"publisher\":{\"@id\":\"https:\\\/\\\/regiaonews.net.br\\\/2022\\\/#organization\"},\"image\":{\"@id\":\"https:\\\/\\\/regiaonews.net.br\\\/2022\\\/2025\\\/02\\\/27\\\/prefeito-odair-silva-participa-de-encontro-empresarial-com-secretario-estadual-de-desenvolvimento-economico\\\/#primaryimage\"},\"thumbnailUrl\":\"https:\\\/\\\/regiaonews.net.br\\\/2022\\\/wp-content\\\/uploads\\\/2025\\\/02\\\/WhatsApp-Image-2025-02-27-at-15.26.44.jpeg\",\"articleSection\":[\"Barretos\",\"Geral\"],\"inLanguage\":\"pt-BR\",\"potentialAction\":[{\"@type\":\"CommentAction\",\"name\":\"Comment\",\"target\":[\"https:\\\/\\\/regiaonews.net.br\\\/2022\\\/2025\\\/02\\\/27\\\/prefeito-odair-silva-participa-de-encontro-empresarial-com-secretario-estadual-de-desenvolvimento-economico\\\/#respond\"]}]},{\"@type\":\"WebPage\",\"@id\":\"https:\\\/\\\/regiaonews.net.br\\\/2022\\\/2025\\\/02\\\/27\\\/prefeito-odair-silva-participa-de-encontro-empresarial-com-secretario-estadual-de-desenvolvimento-economico\\\/\",\"url\":\"https:\\\/\\\/regiaonews.net.br\\\/2022\\\/2025\\\/02\\\/27\\\/prefeito-odair-silva-participa-de-encontro-empresarial-com-secretario-estadual-de-desenvolvimento-economico\\\/\",\"name\":\"Prefeito Odair Silva participa de encontro empresarial com Secret\u00e1rio Estadual de Desenvolvimento Econ\u00f4mico - Regi\u00e3o News\",\"isPartOf\":{\"@id\":\"https:\\\/\\\/regiaonews.net.br\\\/2022\\\/#website\"},\"primaryImageOfPage\":{\"@id\":\"https:\\\/\\\/regiaonews.net.br\\\/2022\\\/2025\\\/02\\\/27\\\/prefeito-odair-silva-participa-de-encontro-empresarial-com-secretario-estadual-de-desenvolvimento-economico\\\/#primaryimage\"},\"image\":{\"@id\":\"https:\\\/\\\/regiaonews.net.br\\\/2022\\\/2025\\\/02\\\/27\\\/prefeito-odair-silva-participa-de-encontro-empresarial-com-secretario-estadual-de-desenvolvimento-economico\\\/#primaryimage\"},\"thumbnailUrl\":\"https:\\\/\\\/regiaonews.net.br\\\/2022\\\/wp-content\\\/uploads\\\/2025\\\/02\\\/WhatsApp-Image-2025-02-27-at-15.26.44.jpeg\",\"datePublished\":\"2025-02-27T21:45:30+00:00\",\"breadcrumb\":{\"@id\":\"https:\\\/\\\/regiaonews.net.br\\\/2022\\\/2025\\\/02\\\/27\\\/prefeito-odair-silva-participa-de-encontro-empresarial-com-secretario-estadual-de-desenvolvimento-economico\\\/#breadcrumb\"},\"inLanguage\":\"pt-BR\",\"potentialAction\":[{\"@type\":\"ReadAction\",\"target\":[\"https:\\\/\\\/regiaonews.net.br\\\/2022\\\/2025\\\/02\\\/27\\\/prefeito-odair-silva-participa-de-encontro-empresarial-com-secretario-estadual-de-desenvolvimento-economico\\\/\"]}]},{\"@type\":\"ImageObject\",\"inLanguage\":\"pt-BR\",\"@id\":\"https:\\\/\\\/regiaonews.net.br\\\/2022\\\/2025\\\/02\\\/27\\\/prefeito-odair-silva-participa-de-encontro-empresarial-com-secretario-estadual-de-desenvolvimento-economico\\\/#primaryimage\",\"url\":\"https:\\\/\\\/regiaonews.net.br\\\/2022\\\/wp-content\\\/uploads\\\/2025\\\/02\\\/WhatsApp-Image-2025-02-27-at-15.26.44.jpeg\",\"contentUrl\":\"https:\\\/\\\/regiaonews.net.br\\\/2022\\\/wp-content\\\/uploads\\\/2025\\\/02\\\/WhatsApp-Image-2025-02-27-at-15.26.44.jpeg\",\"width\":1600,\"height\":1069},{\"@type\":\"BreadcrumbList\",\"@id\":\"https:\\\/\\\/regiaonews.net.br\\\/2022\\\/2025\\\/02\\\/27\\\/prefeito-odair-silva-participa-de-encontro-empresarial-com-secretario-estadual-de-desenvolvimento-economico\\\/#breadcrumb\",\"itemListElement\":[{\"@type\":\"ListItem\",\"position\":1,\"name\":\"In\u00edcio\",\"item\":\"https:\\\/\\\/regiaonews.net.br\\\/2022\\\/\"},{\"@type\":\"ListItem\",\"position\":2,\"name\":\"Prefeito Odair Silva participa de encontro empresarial com Secret\u00e1rio Estadual de Desenvolvimento Econ\u00f4mico\"}]},{\"@type\":\"WebSite\",\"@id\":\"https:\\\/\\\/regiaonews.net.br\\\/2022\\\/#website\",\"url\":\"https:\\\/\\\/regiaonews.net.br\\\/2022\\\/\",\"name\":\"Regi\u00e3o News\",\"description\":\"Site de Not\u00edcias de Barretos e regi\u00e3o\",\"publisher\":{\"@id\":\"https:\\\/\\\/regiaonews.net.br\\\/2022\\\/#organization\"},\"potentialAction\":[{\"@type\":\"SearchAction\",\"target\":{\"@type\":\"EntryPoint\",\"urlTemplate\":\"https:\\\/\\\/regiaonews.net.br\\\/2022\\\/?s={search_term_string}\"},\"query-input\":{\"@type\":\"PropertyValueSpecification\",\"valueRequired\":true,\"valueName\":\"search_term_string\"}}],\"inLanguage\":\"pt-BR\"},{\"@type\":\"Organization\",\"@id\":\"https:\\\/\\\/regiaonews.net.br\\\/2022\\\/#organization\",\"name\":\"Regi\u00e3o News\",\"url\":\"https:\\\/\\\/regiaonews.net.br\\\/2022\\\/\",\"logo\":{\"@type\":\"ImageObject\",\"inLanguage\":\"pt-BR\",\"@id\":\"https:\\\/\\\/regiaonews.net.br\\\/2022\\\/#\\\/schema\\\/logo\\\/image\\\/\",\"url\":\"https:\\\/\\\/regiaonews.net.br\\\/2022\\\/wp-content\\\/uploads\\\/2026\\\/03\\\/regiao-13-anos-scaled.jpg\",\"contentUrl\":\"https:\\\/\\\/regiaonews.net.br\\\/2022\\\/wp-content\\\/uploads\\\/2026\\\/03\\\/regiao-13-anos-scaled.jpg\",\"width\":2560,\"height\":635,\"caption\":\"Regi\u00e3o News\"},\"image\":{\"@id\":\"https:\\\/\\\/regiaonews.net.br\\\/2022\\\/#\\\/schema\\\/logo\\\/image\\\/\"}},{\"@type\":\"Person\",\"@id\":\"https:\\\/\\\/regiaonews.net.br\\\/2022\\\/#\\\/schema\\\/person\\\/2d205a608a5aa97ac279d7a5e6d89ad8\",\"name\":\"Roberto\",\"image\":{\"@type\":\"ImageObject\",\"inLanguage\":\"pt-BR\",\"@id\":\"https:\\\/\\\/secure.gravatar.com\\\/avatar\\\/42749d8b712ff9d59ca93dc150494e5b55a44134482993f5baeb97e61b7ecc89?s=96&d=mm&r=g\",\"url\":\"https:\\\/\\\/secure.gravatar.com\\\/avatar\\\/42749d8b712ff9d59ca93dc150494e5b55a44134482993f5baeb97e61b7ecc89?s=96&d=mm&r=g\",\"contentUrl\":\"https:\\\/\\\/secure.gravatar.com\\\/avatar\\\/42749d8b712ff9d59ca93dc150494e5b55a44134482993f5baeb97e61b7ecc89?s=96&d=mm&r=g\",\"caption\":\"Roberto\"},\"url\":\"https:\\\/\\\/regiaonews.net.br\\\/2022\\\/author\\\/roberto\\\/\"}]}<\/script>\n<!-- \/ Yoast SEO plugin. -->","yoast_head_json":{"title":"Prefeito Odair Silva participa de encontro empresarial com Secret\u00e1rio Estadual de Desenvolvimento Econ\u00f4mico - Regi\u00e3o News","robots":{"index":"index","follow":"follow","max-snippet":"max-snippet:-1","max-image-preview":"max-image-preview:large","max-video-preview":"max-video-preview:-1"},"canonical":"https:\/\/regiaonews.net.br\/2022\/2025\/02\/27\/prefeito-odair-silva-participa-de-encontro-empresarial-com-secretario-estadual-de-desenvolvimento-economico\/","og_locale":"pt_BR","og_type":"article","og_title":"Prefeito Odair Silva participa de encontro empresarial com Secret\u00e1rio Estadual de Desenvolvimento Econ\u00f4mico - Regi\u00e3o News","og_description":"Evento realizado no IRCAD Am\u00e9rica Latina reuniu lideran\u00e7as empresariais e","og_url":"https:\/\/regiaonews.net.br\/2022\/2025\/02\/27\/prefeito-odair-silva-participa-de-encontro-empresarial-com-secretario-estadual-de-desenvolvimento-economico\/","og_site_name":"Regi\u00e3o News","article_published_time":"2025-02-27T21:45:30+00:00","og_image":[{"width":1600,"height":1069,"url":"https:\/\/regiaonews.net.br\/2022\/wp-content\/uploads\/2025\/02\/WhatsApp-Image-2025-02-27-at-15.26.44.jpeg","type":"image\/jpeg"}],"author":"Roberto","twitter_card":"summary_large_image","twitter_misc":{"Escrito por":"Roberto","Est. tempo de leitura":"3 minutos"},"schema":{"@context":"https:\/\/schema.org","@graph":[{"@type":"Article","@id":"https:\/\/regiaonews.net.br\/2022\/2025\/02\/27\/prefeito-odair-silva-participa-de-encontro-empresarial-com-secretario-estadual-de-desenvolvimento-economico\/#article","isPartOf":{"@id":"https:\/\/regiaonews.net.br\/2022\/2025\/02\/27\/prefeito-odair-silva-participa-de-encontro-empresarial-com-secretario-estadual-de-desenvolvimento-economico\/"},"author":{"name":"Roberto","@id":"https:\/\/regiaonews.net.br\/2022\/#\/schema\/person\/2d205a608a5aa97ac279d7a5e6d89ad8"},"headline":"Prefeito Odair Silva participa de encontro empresarial com Secret\u00e1rio Estadual de Desenvolvimento Econ\u00f4mico","datePublished":"2025-02-27T21:45:30+00:00","mainEntityOfPage":{"@id":"https:\/\/regiaonews.net.br\/2022\/2025\/02\/27\/prefeito-odair-silva-participa-de-encontro-empresarial-com-secretario-estadual-de-desenvolvimento-economico\/"},"wordCount":424,"commentCount":0,"publisher":{"@id":"https:\/\/regiaonews.net.br\/2022\/#organization"},"image":{"@id":"https:\/\/regiaonews.net.br\/2022\/2025\/02\/27\/prefeito-odair-silva-participa-de-encontro-empresarial-com-secretario-estadual-de-desenvolvimento-economico\/#primaryimage"},"thumbnailUrl":"https:\/\/regiaonews.net.br\/2022\/wp-content\/uploads\/2025\/02\/WhatsApp-Image-2025-02-27-at-15.26.44.jpeg","articleSection":["Barretos","Geral"],"inLanguage":"pt-BR","potentialAction":[{"@type":"CommentAction","name":"Comment","target":["https:\/\/regiaonews.net.br\/2022\/2025\/02\/27\/prefeito-odair-silva-participa-de-encontro-empresarial-com-secretario-estadual-de-desenvolvimento-economico\/#respond"]}]},{"@type":"WebPage","@id":"https:\/\/regiaonews.net.br\/2022\/2025\/02\/27\/prefeito-odair-silva-participa-de-encontro-empresarial-com-secretario-estadual-de-desenvolvimento-economico\/","url":"https:\/\/regiaonews.net.br\/2022\/2025\/02\/27\/prefeito-odair-silva-participa-de-encontro-empresarial-com-secretario-estadual-de-desenvolvimento-economico\/","name":"Prefeito Odair Silva participa de encontro empresarial com Secret\u00e1rio Estadual de Desenvolvimento Econ\u00f4mico - Regi\u00e3o News","isPartOf":{"@id":"https:\/\/regiaonews.net.br\/2022\/#website"},"primaryImageOfPage":{"@id":"https:\/\/regiaonews.net.br\/2022\/2025\/02\/27\/prefeito-odair-silva-participa-de-encontro-empresarial-com-secretario-estadual-de-desenvolvimento-economico\/#primaryimage"},"image":{"@id":"https:\/\/regiaonews.net.br\/2022\/2025\/02\/27\/prefeito-odair-silva-participa-de-encontro-empresarial-com-secretario-estadual-de-desenvolvimento-economico\/#primaryimage"},"thumbnailUrl":"https:\/\/regiaonews.net.br\/2022\/wp-content\/uploads\/2025\/02\/WhatsApp-Image-2025-02-27-at-15.26.44.jpeg","datePublished":"2025-02-27T21:45:30+00:00","breadcrumb":{"@id":"https:\/\/regiaonews.net.br\/2022\/2025\/02\/27\/prefeito-odair-silva-participa-de-encontro-empresarial-com-secretario-estadual-de-desenvolvimento-economico\/#breadcrumb"},"inLanguage":"pt-BR","potentialAction":[{"@type":"ReadAction","target":["https:\/\/regiaonews.net.br\/2022\/2025\/02\/27\/prefeito-odair-silva-participa-de-encontro-empresarial-com-secretario-estadual-de-desenvolvimento-economico\/"]}]},{"@type":"ImageObject","inLanguage":"pt-BR","@id":"https:\/\/regiaonews.net.br\/2022\/2025\/02\/27\/prefeito-odair-silva-participa-de-encontro-empresarial-com-secretario-estadual-de-desenvolvimento-economico\/#primaryimage","url":"https:\/\/regiaonews.net.br\/2022\/wp-content\/uploads\/2025\/02\/WhatsApp-Image-2025-02-27-at-15.26.44.jpeg","contentUrl":"https:\/\/regiaonews.net.br\/2022\/wp-content\/uploads\/2025\/02\/WhatsApp-Image-2025-02-27-at-15.26.44.jpeg","width":1600,"height":1069},{"@type":"BreadcrumbList","@id":"https:\/\/regiaonews.net.br\/2022\/2025\/02\/27\/prefeito-odair-silva-participa-de-encontro-empresarial-com-secretario-estadual-de-desenvolvimento-economico\/#breadcrumb","itemListElement":[{"@type":"ListItem","position":1,"name":"In\u00edcio","item":"https:\/\/regiaonews.net.br\/2022\/"},{"@type":"ListItem","position":2,"name":"Prefeito Odair Silva participa de encontro empresarial com Secret\u00e1rio Estadual de Desenvolvimento Econ\u00f4mico"}]},{"@type":"WebSite","@id":"https:\/\/regiaonews.net.br\/2022\/#website","url":"https:\/\/regiaonews.net.br\/2022\/","name":"Regi\u00e3o News","description":"Site de Not\u00edcias de Barretos e regi\u00e3o","publisher":{"@id":"https:\/\/regiaonews.net.br\/2022\/#organization"},"potentialAction":[{"@type":"SearchAction","target":{"@type":"EntryPoint","urlTemplate":"https:\/\/regiaonews.net.br\/2022\/?s={search_term_string}"},"query-input":{"@type":"PropertyValueSpecification","valueRequired":true,"valueName":"search_term_string"}}],"inLanguage":"pt-BR"},{"@type":"Organization","@id":"https:\/\/regiaonews.net.br\/2022\/#organization","name":"Regi\u00e3o News","url":"https:\/\/regiaonews.net.br\/2022\/","logo":{"@type":"ImageObject","inLanguage":"pt-BR","@id":"https:\/\/regiaonews.net.br\/2022\/#\/schema\/logo\/image\/","url":"https:\/\/regiaonews.net.br\/2022\/wp-content\/uploads\/2026\/03\/regiao-13-anos-scaled.jpg","contentUrl":"https:\/\/regiaonews.net.br\/2022\/wp-content\/uploads\/2026\/03\/regiao-13-anos-scaled.jpg","width":2560,"height":635,"caption":"Regi\u00e3o News"},"image":{"@id":"https:\/\/regiaonews.net.br\/2022\/#\/schema\/logo\/image\/"}},{"@type":"Person","@id":"https:\/\/regiaonews.net.br\/2022\/#\/schema\/person\/2d205a608a5aa97ac279d7a5e6d89ad8","name":"Roberto","image":{"@type":"ImageObject","inLanguage":"pt-BR","@id":"https:\/\/secure.gravatar.com\/avatar\/42749d8b712ff9d59ca93dc150494e5b55a44134482993f5baeb97e61b7ecc89?s=96&d=mm&r=g","url":"https:\/\/secure.gravatar.com\/avatar\/42749d8b712ff9d59ca93dc150494e5b55a44134482993f5baeb97e61b7ecc89?s=96&d=mm&r=g","contentUrl":"https:\/\/secure.gravatar.com\/avatar\/42749d8b712ff9d59ca93dc150494e5b55a44134482993f5baeb97e61b7ecc89?s=96&d=mm&r=g","caption":"Roberto"},"url":"https:\/\/regiaonews.net.br\/2022\/author\/roberto\/"}]}},"publishpress_future_action":{"enabled":false,"date":"2026-05-03 02:53:27","action":"change-status","newStatus":"draft","terms":[],"taxonomy":"category","extraData":[]},"publishpress_future_workflow_manual_trigger":{"enabledWorkflows":[]},"_links":{"self":[{"href":"https:\/\/regiaonews.net.br\/2022\/wp-json\/wp\/v2\/posts\/115071","targetHints":{"allow":["GET"]}}],"collection":[{"href":"https:\/\/regiaonews.net.br\/2022\/wp-json\/wp\/v2\/posts"}],"about":[{"href":"https:\/\/regiaonews.net.br\/2022\/wp-json\/wp\/v2\/types\/post"}],"author":[{"embeddable":true,"href":"https:\/\/regiaonews.net.br\/2022\/wp-json\/wp\/v2\/users\/2"}],"replies":[{"embeddable":true,"href":"https:\/\/regiaonews.net.br\/2022\/wp-json\/wp\/v2\/comments?post=115071"}],"version-history":[{"count":1,"href":"https:\/\/regiaonews.net.br\/2022\/wp-json\/wp\/v2\/posts\/115071\/revisions"}],"predecessor-version":[{"id":115073,"href":"https:\/\/regiaonews.net.br\/2022\/wp-json\/wp\/v2\/posts\/115071\/revisions\/115073"}],"wp:featuredmedia":[{"embeddable":true,"href":"https:\/\/regiaonews.net.br\/2022\/wp-json\/wp\/v2\/media\/115072"}],"wp:attachment":[{"href":"https:\/\/regiaonews.net.br\/2022\/wp-json\/wp\/v2\/media?parent=115071"}],"wp:term":[{"taxonomy":"category","embeddable":true,"href":"https:\/\/regiaonews.net.br\/2022\/wp-json\/wp\/v2\/categories?post=115071"},{"taxonomy":"post_tag","embeddable":true,"href":"https:\/\/regiaonews.net.br\/2022\/wp-json\/wp\/v2\/tags?post=115071"}],"curies":[{"name":"wp","href":"https:\/\/api.w.org\/{rel}","templated":true}]}}