{"id":115026,"date":"2025-02-26T18:47:20","date_gmt":"2025-02-26T21:47:20","guid":{"rendered":"https:\/\/regiaonews.net.br\/2022\/?p=115026"},"modified":"2025-02-26T18:47:20","modified_gmt":"2025-02-26T21:47:20","slug":"iptu-2025-contribuintes-tem-ate-sexta-28-para-pagar-com-desconto-a-primeira-parcela-ou-cota-unica","status":"publish","type":"post","link":"https:\/\/regiaonews.net.br\/2022\/2025\/02\/26\/iptu-2025-contribuintes-tem-ate-sexta-28-para-pagar-com-desconto-a-primeira-parcela-ou-cota-unica\/","title":{"rendered":"IPTU 2025: Contribuintes t\u00eam at\u00e9 sexta, 28, para pagar com desconto a primeira parcela ou cota \u00fanica"},"content":{"rendered":"<p>&nbsp;<\/p>\n<p>O contribuinte obt\u00e9m os maiores descontos se pagar a cota \u00fanica ou se parcelar conforme o carn\u00ea. Entretanto, o pagamento tamb\u00e9m pode ser feito via cart\u00e3o de cr\u00e9dito; neste caso com acr\u00e9scimos de juros<\/p>\n<p>A Prefeitura da Est\u00e2ncia Tur\u00edstica de Barretos, por meio do Departamento de Receita, lembra aos contribuintes que o vencimento da cota \u00fanica ou da primeira parcela do Imposto Predial e Territorial Urbano (IPTU) de 2025 \u00e9 nesta sexta-feira, 28 de fevereiro.<br \/>\nA chefe do departamento, Jaqueline Pacheco Ladario, refor\u00e7a que contribuintes que eventualmente ainda n\u00e3o tenham recebido os carn\u00eas pelos Correios podem consultar os valores pelo site de Prefeitura. \u201cDesde o dia 2 de janeiro, \u00e9 poss\u00edvel consultar e emitir o boleto do IPTU 2025 pelo site da Prefeitura, por meio do portal \u2018Cidad\u00e3o On-line\u2019. Os contribuintes que possuem cadastro no D\u00e9bito Direto Autorizado (DDA), fun\u00e7\u00e3o que permite a visualiza\u00e7\u00e3o dos boletos emitidos para um CPF ou CNPJ, tamb\u00e9m podem visualiz\u00e1-lo\u201d, ressaltou.<\/p>\n<p>Formas de pagamento<br \/>\nO IPTU 2025 pode ser pago \u00e0 vista, em cota \u00fanica com desconto, ou em 11 parcelas. Jaqueline destaca que a legisla\u00e7\u00e3o do munic\u00edpio estabelece descontos que podem chegar at\u00e9 a 50%. Os descontos poss\u00edveis para cada contribuinte s\u00e3o descritos no carn\u00ea do IPTU.<br \/>\n\u201cO contribuinte obter\u00e1 o maior desconto se pagar a cota \u00fanica em dia, at\u00e9 est\u00e1 sexta, 28 de fevereiro. Se isso n\u00e3o for poss\u00edvel, tamb\u00e9m h\u00e1 vantagens, com desconto, para quem segue o parcelamento disponibilizado no carn\u00ea ou no site, em 11 vezes\u201d, refor\u00e7a.<br \/>\nEla lembra que, tamb\u00e9m como previsto na legisla\u00e7\u00e3o de Barretos, \u00e9 oferecida uma op\u00e7\u00e3o de parcelamento em cart\u00e3o de cr\u00e9dito. \u201cParcelar pelo cart\u00e3o de cr\u00e9dito tem juros, portanto, s\u00f3 \u00e9 vantajoso para pessoas que precisem da Certid\u00e3o Negativa de D\u00e9bito (CND) de imediato e n\u00e3o estejam com o valor total do IPTU devido em m\u00e3os para ser pago\u201d, afirma. Ela cita como exemplo pessoas que estejam precisando da CND por estarem com algum invent\u00e1rio de im\u00f3vel em andamento ou que tenham em vista participar de alguma licita\u00e7\u00e3o.<br \/>\nQuando um contribuinte faz a op\u00e7\u00e3o pelo parcelamento no cart\u00e3o de cr\u00e9dito, a empresa terceirizada habilitada a fazer essa opera\u00e7\u00e3o repassa o valor integral do IPTU para a Prefeitura logo que o contribuinte adere ao parcelamento no cart\u00e3o. Por sua vez, os lucros obtidos com juros ficam para a empresa.<br \/>\nHavendo necessidade, o contribuinte pode entrar em contato com a Secretaria Municipal de Finan\u00e7as, pelo WhatsApp (17) 3612-2024, ou presencialmente no Poupatempo ou Departamento de Receita (Pa\u00e7o Municipal).<\/p>\n<p>Carn\u00eas que est\u00e3o sem CPF<br \/>\nO departamento de Receita informa que, dos 63.087 carn\u00eas emitidos, 656 est\u00e3o sem um CPF vinculado. Em fun\u00e7\u00e3o disso, estes carn\u00eas somente podem ser pagos no Banco Santander, enquanto os demais podem ser pagos em todos os bancos.<br \/>\nA Prefeitura refor\u00e7a a orienta\u00e7\u00e3o para que esses 656 contribuintes compare\u00e7am no setor de im\u00f3veis do Departamento de Receita e fa\u00e7am a atualiza\u00e7\u00e3o cadastral. \u00c9 necess\u00e1rio levar matr\u00edcula ou escritura p\u00fablica do im\u00f3vel ou contrato com for\u00e7a jur\u00eddica, ou certid\u00e3o de \u00f3bito ou documento judicial relativo, al\u00e9m de documentos pessoais (CPF, RG ou CIN \u2013 Carteira de Identidade Nacional).<br \/>\nServi\u00e7o:<br \/>\n2\u00aa via do IPTU 2025<br \/>\nPortal Cidad\u00e3o On-line (https:\/\/cidadaoonline.barretos.sp.gov.br\/app\/pages\/pages-menu)<br \/>\nVencimento da cota \u00fanica ou primeira parcela: 28\/2<\/p>\n","protected":false},"excerpt":{"rendered":"<p>&nbsp; O contribuinte obt\u00e9m os maiores descontos se pagar a<\/p>\n","protected":false},"author":2,"featured_media":115027,"comment_status":"open","ping_status":"open","sticky":false,"template":"","format":"standard","meta":{"footnotes":""},"categories":[14,25],"tags":[],"class_list":["post-115026","post","type-post","status-publish","format-standard","has-post-thumbnail","hentry","category-barretos","category-cidades"],"yoast_head":"<!-- This site is optimized with the Yoast SEO plugin v27.4 - https:\/\/yoast.com\/product\/yoast-seo-wordpress\/ -->\n<title>IPTU 2025: Contribuintes t\u00eam at\u00e9 sexta, 28, para pagar com desconto a primeira parcela ou cota \u00fanica - Regi\u00e3o News<\/title>\n<meta name=\"robots\" content=\"index, follow, max-snippet:-1, max-image-preview:large, max-video-preview:-1\" \/>\n<link rel=\"canonical\" href=\"https:\/\/regiaonews.net.br\/2022\/2025\/02\/26\/iptu-2025-contribuintes-tem-ate-sexta-28-para-pagar-com-desconto-a-primeira-parcela-ou-cota-unica\/\" \/>\n<meta property=\"og:locale\" content=\"pt_BR\" \/>\n<meta property=\"og:type\" content=\"article\" \/>\n<meta property=\"og:title\" content=\"IPTU 2025: Contribuintes t\u00eam at\u00e9 sexta, 28, para pagar com desconto a primeira parcela ou cota \u00fanica - Regi\u00e3o News\" \/>\n<meta property=\"og:description\" content=\"&nbsp; O contribuinte obt\u00e9m os maiores descontos se pagar a\" \/>\n<meta property=\"og:url\" content=\"https:\/\/regiaonews.net.br\/2022\/2025\/02\/26\/iptu-2025-contribuintes-tem-ate-sexta-28-para-pagar-com-desconto-a-primeira-parcela-ou-cota-unica\/\" \/>\n<meta property=\"og:site_name\" content=\"Regi\u00e3o News\" \/>\n<meta property=\"article:published_time\" content=\"2025-02-26T21:47:20+00:00\" \/>\n<meta property=\"og:image\" content=\"https:\/\/regiaonews.net.br\/2022\/wp-content\/uploads\/2025\/02\/WhatsApp-Image-2025-02-26-at-15.53.09.jpeg\" \/>\n\t<meta property=\"og:image:width\" content=\"1600\" \/>\n\t<meta property=\"og:image:height\" content=\"900\" \/>\n\t<meta property=\"og:image:type\" content=\"image\/jpeg\" \/>\n<meta name=\"author\" content=\"Roberto\" \/>\n<meta name=\"twitter:card\" content=\"summary_large_image\" \/>\n<meta name=\"twitter:label1\" content=\"Escrito por\" \/>\n\t<meta name=\"twitter:data1\" content=\"Roberto\" \/>\n\t<meta name=\"twitter:label2\" content=\"Est. tempo de leitura\" \/>\n\t<meta name=\"twitter:data2\" content=\"4 minutos\" \/>\n<script type=\"application\/ld+json\" class=\"yoast-schema-graph\">{\"@context\":\"https:\\\/\\\/schema.org\",\"@graph\":[{\"@type\":\"Article\",\"@id\":\"https:\\\/\\\/regiaonews.net.br\\\/2022\\\/2025\\\/02\\\/26\\\/iptu-2025-contribuintes-tem-ate-sexta-28-para-pagar-com-desconto-a-primeira-parcela-ou-cota-unica\\\/#article\",\"isPartOf\":{\"@id\":\"https:\\\/\\\/regiaonews.net.br\\\/2022\\\/2025\\\/02\\\/26\\\/iptu-2025-contribuintes-tem-ate-sexta-28-para-pagar-com-desconto-a-primeira-parcela-ou-cota-unica\\\/\"},\"author\":{\"name\":\"Roberto\",\"@id\":\"https:\\\/\\\/regiaonews.net.br\\\/2022\\\/#\\\/schema\\\/person\\\/2d205a608a5aa97ac279d7a5e6d89ad8\"},\"headline\":\"IPTU 2025: Contribuintes t\u00eam at\u00e9 sexta, 28, para pagar com desconto a primeira parcela ou cota \u00fanica\",\"datePublished\":\"2025-02-26T21:47:20+00:00\",\"mainEntityOfPage\":{\"@id\":\"https:\\\/\\\/regiaonews.net.br\\\/2022\\\/2025\\\/02\\\/26\\\/iptu-2025-contribuintes-tem-ate-sexta-28-para-pagar-com-desconto-a-primeira-parcela-ou-cota-unica\\\/\"},\"wordCount\":602,\"commentCount\":0,\"publisher\":{\"@id\":\"https:\\\/\\\/regiaonews.net.br\\\/2022\\\/#organization\"},\"image\":{\"@id\":\"https:\\\/\\\/regiaonews.net.br\\\/2022\\\/2025\\\/02\\\/26\\\/iptu-2025-contribuintes-tem-ate-sexta-28-para-pagar-com-desconto-a-primeira-parcela-ou-cota-unica\\\/#primaryimage\"},\"thumbnailUrl\":\"https:\\\/\\\/regiaonews.net.br\\\/2022\\\/wp-content\\\/uploads\\\/2025\\\/02\\\/WhatsApp-Image-2025-02-26-at-15.53.09.jpeg\",\"articleSection\":[\"Barretos\",\"Cidades\"],\"inLanguage\":\"pt-BR\",\"potentialAction\":[{\"@type\":\"CommentAction\",\"name\":\"Comment\",\"target\":[\"https:\\\/\\\/regiaonews.net.br\\\/2022\\\/2025\\\/02\\\/26\\\/iptu-2025-contribuintes-tem-ate-sexta-28-para-pagar-com-desconto-a-primeira-parcela-ou-cota-unica\\\/#respond\"]}]},{\"@type\":\"WebPage\",\"@id\":\"https:\\\/\\\/regiaonews.net.br\\\/2022\\\/2025\\\/02\\\/26\\\/iptu-2025-contribuintes-tem-ate-sexta-28-para-pagar-com-desconto-a-primeira-parcela-ou-cota-unica\\\/\",\"url\":\"https:\\\/\\\/regiaonews.net.br\\\/2022\\\/2025\\\/02\\\/26\\\/iptu-2025-contribuintes-tem-ate-sexta-28-para-pagar-com-desconto-a-primeira-parcela-ou-cota-unica\\\/\",\"name\":\"IPTU 2025: Contribuintes t\u00eam at\u00e9 sexta, 28, para pagar com desconto a primeira parcela ou cota \u00fanica - Regi\u00e3o News\",\"isPartOf\":{\"@id\":\"https:\\\/\\\/regiaonews.net.br\\\/2022\\\/#website\"},\"primaryImageOfPage\":{\"@id\":\"https:\\\/\\\/regiaonews.net.br\\\/2022\\\/2025\\\/02\\\/26\\\/iptu-2025-contribuintes-tem-ate-sexta-28-para-pagar-com-desconto-a-primeira-parcela-ou-cota-unica\\\/#primaryimage\"},\"image\":{\"@id\":\"https:\\\/\\\/regiaonews.net.br\\\/2022\\\/2025\\\/02\\\/26\\\/iptu-2025-contribuintes-tem-ate-sexta-28-para-pagar-com-desconto-a-primeira-parcela-ou-cota-unica\\\/#primaryimage\"},\"thumbnailUrl\":\"https:\\\/\\\/regiaonews.net.br\\\/2022\\\/wp-content\\\/uploads\\\/2025\\\/02\\\/WhatsApp-Image-2025-02-26-at-15.53.09.jpeg\",\"datePublished\":\"2025-02-26T21:47:20+00:00\",\"breadcrumb\":{\"@id\":\"https:\\\/\\\/regiaonews.net.br\\\/2022\\\/2025\\\/02\\\/26\\\/iptu-2025-contribuintes-tem-ate-sexta-28-para-pagar-com-desconto-a-primeira-parcela-ou-cota-unica\\\/#breadcrumb\"},\"inLanguage\":\"pt-BR\",\"potentialAction\":[{\"@type\":\"ReadAction\",\"target\":[\"https:\\\/\\\/regiaonews.net.br\\\/2022\\\/2025\\\/02\\\/26\\\/iptu-2025-contribuintes-tem-ate-sexta-28-para-pagar-com-desconto-a-primeira-parcela-ou-cota-unica\\\/\"]}]},{\"@type\":\"ImageObject\",\"inLanguage\":\"pt-BR\",\"@id\":\"https:\\\/\\\/regiaonews.net.br\\\/2022\\\/2025\\\/02\\\/26\\\/iptu-2025-contribuintes-tem-ate-sexta-28-para-pagar-com-desconto-a-primeira-parcela-ou-cota-unica\\\/#primaryimage\",\"url\":\"https:\\\/\\\/regiaonews.net.br\\\/2022\\\/wp-content\\\/uploads\\\/2025\\\/02\\\/WhatsApp-Image-2025-02-26-at-15.53.09.jpeg\",\"contentUrl\":\"https:\\\/\\\/regiaonews.net.br\\\/2022\\\/wp-content\\\/uploads\\\/2025\\\/02\\\/WhatsApp-Image-2025-02-26-at-15.53.09.jpeg\",\"width\":1600,\"height\":900},{\"@type\":\"BreadcrumbList\",\"@id\":\"https:\\\/\\\/regiaonews.net.br\\\/2022\\\/2025\\\/02\\\/26\\\/iptu-2025-contribuintes-tem-ate-sexta-28-para-pagar-com-desconto-a-primeira-parcela-ou-cota-unica\\\/#breadcrumb\",\"itemListElement\":[{\"@type\":\"ListItem\",\"position\":1,\"name\":\"In\u00edcio\",\"item\":\"https:\\\/\\\/regiaonews.net.br\\\/2022\\\/\"},{\"@type\":\"ListItem\",\"position\":2,\"name\":\"IPTU 2025: Contribuintes t\u00eam at\u00e9 sexta, 28, para pagar com desconto a primeira parcela ou cota \u00fanica\"}]},{\"@type\":\"WebSite\",\"@id\":\"https:\\\/\\\/regiaonews.net.br\\\/2022\\\/#website\",\"url\":\"https:\\\/\\\/regiaonews.net.br\\\/2022\\\/\",\"name\":\"Regi\u00e3o News\",\"description\":\"Site de Not\u00edcias de Barretos e regi\u00e3o\",\"publisher\":{\"@id\":\"https:\\\/\\\/regiaonews.net.br\\\/2022\\\/#organization\"},\"potentialAction\":[{\"@type\":\"SearchAction\",\"target\":{\"@type\":\"EntryPoint\",\"urlTemplate\":\"https:\\\/\\\/regiaonews.net.br\\\/2022\\\/?s={search_term_string}\"},\"query-input\":{\"@type\":\"PropertyValueSpecification\",\"valueRequired\":true,\"valueName\":\"search_term_string\"}}],\"inLanguage\":\"pt-BR\"},{\"@type\":\"Organization\",\"@id\":\"https:\\\/\\\/regiaonews.net.br\\\/2022\\\/#organization\",\"name\":\"Regi\u00e3o News\",\"url\":\"https:\\\/\\\/regiaonews.net.br\\\/2022\\\/\",\"logo\":{\"@type\":\"ImageObject\",\"inLanguage\":\"pt-BR\",\"@id\":\"https:\\\/\\\/regiaonews.net.br\\\/2022\\\/#\\\/schema\\\/logo\\\/image\\\/\",\"url\":\"https:\\\/\\\/regiaonews.net.br\\\/2022\\\/wp-content\\\/uploads\\\/2026\\\/03\\\/regiao-13-anos-scaled.jpg\",\"contentUrl\":\"https:\\\/\\\/regiaonews.net.br\\\/2022\\\/wp-content\\\/uploads\\\/2026\\\/03\\\/regiao-13-anos-scaled.jpg\",\"width\":2560,\"height\":635,\"caption\":\"Regi\u00e3o News\"},\"image\":{\"@id\":\"https:\\\/\\\/regiaonews.net.br\\\/2022\\\/#\\\/schema\\\/logo\\\/image\\\/\"}},{\"@type\":\"Person\",\"@id\":\"https:\\\/\\\/regiaonews.net.br\\\/2022\\\/#\\\/schema\\\/person\\\/2d205a608a5aa97ac279d7a5e6d89ad8\",\"name\":\"Roberto\",\"image\":{\"@type\":\"ImageObject\",\"inLanguage\":\"pt-BR\",\"@id\":\"https:\\\/\\\/secure.gravatar.com\\\/avatar\\\/42749d8b712ff9d59ca93dc150494e5b55a44134482993f5baeb97e61b7ecc89?s=96&d=mm&r=g\",\"url\":\"https:\\\/\\\/secure.gravatar.com\\\/avatar\\\/42749d8b712ff9d59ca93dc150494e5b55a44134482993f5baeb97e61b7ecc89?s=96&d=mm&r=g\",\"contentUrl\":\"https:\\\/\\\/secure.gravatar.com\\\/avatar\\\/42749d8b712ff9d59ca93dc150494e5b55a44134482993f5baeb97e61b7ecc89?s=96&d=mm&r=g\",\"caption\":\"Roberto\"},\"url\":\"https:\\\/\\\/regiaonews.net.br\\\/2022\\\/author\\\/roberto\\\/\"}]}<\/script>\n<!-- \/ Yoast SEO plugin. -->","yoast_head_json":{"title":"IPTU 2025: Contribuintes t\u00eam at\u00e9 sexta, 28, para pagar com desconto a primeira parcela ou cota \u00fanica - Regi\u00e3o News","robots":{"index":"index","follow":"follow","max-snippet":"max-snippet:-1","max-image-preview":"max-image-preview:large","max-video-preview":"max-video-preview:-1"},"canonical":"https:\/\/regiaonews.net.br\/2022\/2025\/02\/26\/iptu-2025-contribuintes-tem-ate-sexta-28-para-pagar-com-desconto-a-primeira-parcela-ou-cota-unica\/","og_locale":"pt_BR","og_type":"article","og_title":"IPTU 2025: Contribuintes t\u00eam at\u00e9 sexta, 28, para pagar com desconto a primeira parcela ou cota \u00fanica - Regi\u00e3o News","og_description":"&nbsp; O contribuinte obt\u00e9m os maiores descontos se pagar a","og_url":"https:\/\/regiaonews.net.br\/2022\/2025\/02\/26\/iptu-2025-contribuintes-tem-ate-sexta-28-para-pagar-com-desconto-a-primeira-parcela-ou-cota-unica\/","og_site_name":"Regi\u00e3o News","article_published_time":"2025-02-26T21:47:20+00:00","og_image":[{"width":1600,"height":900,"url":"https:\/\/regiaonews.net.br\/2022\/wp-content\/uploads\/2025\/02\/WhatsApp-Image-2025-02-26-at-15.53.09.jpeg","type":"image\/jpeg"}],"author":"Roberto","twitter_card":"summary_large_image","twitter_misc":{"Escrito por":"Roberto","Est. tempo de leitura":"4 minutos"},"schema":{"@context":"https:\/\/schema.org","@graph":[{"@type":"Article","@id":"https:\/\/regiaonews.net.br\/2022\/2025\/02\/26\/iptu-2025-contribuintes-tem-ate-sexta-28-para-pagar-com-desconto-a-primeira-parcela-ou-cota-unica\/#article","isPartOf":{"@id":"https:\/\/regiaonews.net.br\/2022\/2025\/02\/26\/iptu-2025-contribuintes-tem-ate-sexta-28-para-pagar-com-desconto-a-primeira-parcela-ou-cota-unica\/"},"author":{"name":"Roberto","@id":"https:\/\/regiaonews.net.br\/2022\/#\/schema\/person\/2d205a608a5aa97ac279d7a5e6d89ad8"},"headline":"IPTU 2025: Contribuintes t\u00eam at\u00e9 sexta, 28, para pagar com desconto a primeira parcela ou cota \u00fanica","datePublished":"2025-02-26T21:47:20+00:00","mainEntityOfPage":{"@id":"https:\/\/regiaonews.net.br\/2022\/2025\/02\/26\/iptu-2025-contribuintes-tem-ate-sexta-28-para-pagar-com-desconto-a-primeira-parcela-ou-cota-unica\/"},"wordCount":602,"commentCount":0,"publisher":{"@id":"https:\/\/regiaonews.net.br\/2022\/#organization"},"image":{"@id":"https:\/\/regiaonews.net.br\/2022\/2025\/02\/26\/iptu-2025-contribuintes-tem-ate-sexta-28-para-pagar-com-desconto-a-primeira-parcela-ou-cota-unica\/#primaryimage"},"thumbnailUrl":"https:\/\/regiaonews.net.br\/2022\/wp-content\/uploads\/2025\/02\/WhatsApp-Image-2025-02-26-at-15.53.09.jpeg","articleSection":["Barretos","Cidades"],"inLanguage":"pt-BR","potentialAction":[{"@type":"CommentAction","name":"Comment","target":["https:\/\/regiaonews.net.br\/2022\/2025\/02\/26\/iptu-2025-contribuintes-tem-ate-sexta-28-para-pagar-com-desconto-a-primeira-parcela-ou-cota-unica\/#respond"]}]},{"@type":"WebPage","@id":"https:\/\/regiaonews.net.br\/2022\/2025\/02\/26\/iptu-2025-contribuintes-tem-ate-sexta-28-para-pagar-com-desconto-a-primeira-parcela-ou-cota-unica\/","url":"https:\/\/regiaonews.net.br\/2022\/2025\/02\/26\/iptu-2025-contribuintes-tem-ate-sexta-28-para-pagar-com-desconto-a-primeira-parcela-ou-cota-unica\/","name":"IPTU 2025: Contribuintes t\u00eam at\u00e9 sexta, 28, para pagar com desconto a primeira parcela ou cota \u00fanica - Regi\u00e3o News","isPartOf":{"@id":"https:\/\/regiaonews.net.br\/2022\/#website"},"primaryImageOfPage":{"@id":"https:\/\/regiaonews.net.br\/2022\/2025\/02\/26\/iptu-2025-contribuintes-tem-ate-sexta-28-para-pagar-com-desconto-a-primeira-parcela-ou-cota-unica\/#primaryimage"},"image":{"@id":"https:\/\/regiaonews.net.br\/2022\/2025\/02\/26\/iptu-2025-contribuintes-tem-ate-sexta-28-para-pagar-com-desconto-a-primeira-parcela-ou-cota-unica\/#primaryimage"},"thumbnailUrl":"https:\/\/regiaonews.net.br\/2022\/wp-content\/uploads\/2025\/02\/WhatsApp-Image-2025-02-26-at-15.53.09.jpeg","datePublished":"2025-02-26T21:47:20+00:00","breadcrumb":{"@id":"https:\/\/regiaonews.net.br\/2022\/2025\/02\/26\/iptu-2025-contribuintes-tem-ate-sexta-28-para-pagar-com-desconto-a-primeira-parcela-ou-cota-unica\/#breadcrumb"},"inLanguage":"pt-BR","potentialAction":[{"@type":"ReadAction","target":["https:\/\/regiaonews.net.br\/2022\/2025\/02\/26\/iptu-2025-contribuintes-tem-ate-sexta-28-para-pagar-com-desconto-a-primeira-parcela-ou-cota-unica\/"]}]},{"@type":"ImageObject","inLanguage":"pt-BR","@id":"https:\/\/regiaonews.net.br\/2022\/2025\/02\/26\/iptu-2025-contribuintes-tem-ate-sexta-28-para-pagar-com-desconto-a-primeira-parcela-ou-cota-unica\/#primaryimage","url":"https:\/\/regiaonews.net.br\/2022\/wp-content\/uploads\/2025\/02\/WhatsApp-Image-2025-02-26-at-15.53.09.jpeg","contentUrl":"https:\/\/regiaonews.net.br\/2022\/wp-content\/uploads\/2025\/02\/WhatsApp-Image-2025-02-26-at-15.53.09.jpeg","width":1600,"height":900},{"@type":"BreadcrumbList","@id":"https:\/\/regiaonews.net.br\/2022\/2025\/02\/26\/iptu-2025-contribuintes-tem-ate-sexta-28-para-pagar-com-desconto-a-primeira-parcela-ou-cota-unica\/#breadcrumb","itemListElement":[{"@type":"ListItem","position":1,"name":"In\u00edcio","item":"https:\/\/regiaonews.net.br\/2022\/"},{"@type":"ListItem","position":2,"name":"IPTU 2025: Contribuintes t\u00eam at\u00e9 sexta, 28, para pagar com desconto a primeira parcela ou cota \u00fanica"}]},{"@type":"WebSite","@id":"https:\/\/regiaonews.net.br\/2022\/#website","url":"https:\/\/regiaonews.net.br\/2022\/","name":"Regi\u00e3o News","description":"Site de Not\u00edcias de Barretos e regi\u00e3o","publisher":{"@id":"https:\/\/regiaonews.net.br\/2022\/#organization"},"potentialAction":[{"@type":"SearchAction","target":{"@type":"EntryPoint","urlTemplate":"https:\/\/regiaonews.net.br\/2022\/?s={search_term_string}"},"query-input":{"@type":"PropertyValueSpecification","valueRequired":true,"valueName":"search_term_string"}}],"inLanguage":"pt-BR"},{"@type":"Organization","@id":"https:\/\/regiaonews.net.br\/2022\/#organization","name":"Regi\u00e3o News","url":"https:\/\/regiaonews.net.br\/2022\/","logo":{"@type":"ImageObject","inLanguage":"pt-BR","@id":"https:\/\/regiaonews.net.br\/2022\/#\/schema\/logo\/image\/","url":"https:\/\/regiaonews.net.br\/2022\/wp-content\/uploads\/2026\/03\/regiao-13-anos-scaled.jpg","contentUrl":"https:\/\/regiaonews.net.br\/2022\/wp-content\/uploads\/2026\/03\/regiao-13-anos-scaled.jpg","width":2560,"height":635,"caption":"Regi\u00e3o News"},"image":{"@id":"https:\/\/regiaonews.net.br\/2022\/#\/schema\/logo\/image\/"}},{"@type":"Person","@id":"https:\/\/regiaonews.net.br\/2022\/#\/schema\/person\/2d205a608a5aa97ac279d7a5e6d89ad8","name":"Roberto","image":{"@type":"ImageObject","inLanguage":"pt-BR","@id":"https:\/\/secure.gravatar.com\/avatar\/42749d8b712ff9d59ca93dc150494e5b55a44134482993f5baeb97e61b7ecc89?s=96&d=mm&r=g","url":"https:\/\/secure.gravatar.com\/avatar\/42749d8b712ff9d59ca93dc150494e5b55a44134482993f5baeb97e61b7ecc89?s=96&d=mm&r=g","contentUrl":"https:\/\/secure.gravatar.com\/avatar\/42749d8b712ff9d59ca93dc150494e5b55a44134482993f5baeb97e61b7ecc89?s=96&d=mm&r=g","caption":"Roberto"},"url":"https:\/\/regiaonews.net.br\/2022\/author\/roberto\/"}]}},"publishpress_future_action":{"enabled":false,"date":"2026-05-02 01:11:02","action":"change-status","newStatus":"draft","terms":[],"taxonomy":"category","extraData":[]},"publishpress_future_workflow_manual_trigger":{"enabledWorkflows":[]},"_links":{"self":[{"href":"https:\/\/regiaonews.net.br\/2022\/wp-json\/wp\/v2\/posts\/115026","targetHints":{"allow":["GET"]}}],"collection":[{"href":"https:\/\/regiaonews.net.br\/2022\/wp-json\/wp\/v2\/posts"}],"about":[{"href":"https:\/\/regiaonews.net.br\/2022\/wp-json\/wp\/v2\/types\/post"}],"author":[{"embeddable":true,"href":"https:\/\/regiaonews.net.br\/2022\/wp-json\/wp\/v2\/users\/2"}],"replies":[{"embeddable":true,"href":"https:\/\/regiaonews.net.br\/2022\/wp-json\/wp\/v2\/comments?post=115026"}],"version-history":[{"count":1,"href":"https:\/\/regiaonews.net.br\/2022\/wp-json\/wp\/v2\/posts\/115026\/revisions"}],"predecessor-version":[{"id":115028,"href":"https:\/\/regiaonews.net.br\/2022\/wp-json\/wp\/v2\/posts\/115026\/revisions\/115028"}],"wp:featuredmedia":[{"embeddable":true,"href":"https:\/\/regiaonews.net.br\/2022\/wp-json\/wp\/v2\/media\/115027"}],"wp:attachment":[{"href":"https:\/\/regiaonews.net.br\/2022\/wp-json\/wp\/v2\/media?parent=115026"}],"wp:term":[{"taxonomy":"category","embeddable":true,"href":"https:\/\/regiaonews.net.br\/2022\/wp-json\/wp\/v2\/categories?post=115026"},{"taxonomy":"post_tag","embeddable":true,"href":"https:\/\/regiaonews.net.br\/2022\/wp-json\/wp\/v2\/tags?post=115026"}],"curies":[{"name":"wp","href":"https:\/\/api.w.org\/{rel}","templated":true}]}}